{"id":331878,"date":"2016-06-22T00:18:31","date_gmt":"2016-06-21T23:18:31","guid":{"rendered":"http:\/\/www.pressenza.com\/pt-pt\/?p=331878"},"modified":"2016-06-22T00:20:17","modified_gmt":"2016-06-21T23:20:17","slug":"bomba-juridica-das-ilhas-marshall-as-potencias-nucleares","status":"publish","type":"post","link":"https:\/\/www.pressenza.com\/pt-pt\/2016\/06\/bomba-juridica-das-ilhas-marshall-as-potencias-nucleares\/","title":{"rendered":"A bomba jur\u00eddica das Ilhas Marshall contra as pot\u00eancias nucleares"},"content":{"rendered":"<p>Desde 2014, a pequena Rep\u00fablica das Ilhas Marshall decidiu lan\u00e7ar-se em persegui\u00e7\u00e3o das pot\u00eancias nucleares, acusadas de n\u00e3o respeitarem suas obriga\u00e7\u00f5es jur\u00eddicas de desarmamento.<br \/>\nReside a\u00ed uma luta que poderia dar um forte incentivo \u00e0 batalha para elimina\u00e7\u00e3o dos arsenais nucleares: uma bomba jur\u00eddica&#8230;<\/p>\n<p>Quando a Rep\u00fablica das Ilhas Marshall decide partir em cruzada contra as armas nucleares, ela sabe do que est\u00e1 falando. Foi nesse arquip\u00e9lago situado bem no meio do oceano Pac\u00edfico que, em 1\u00ba de Julho de 1946, os Estados Unidos realizaram um teste nuclear menos de um ano ap\u00f3s os bombardeios at\u00f4micos das cidades japonesas de Hiroshima e Nagasaki (ocorridos, respectivamente, em 6 e 9 de Agosto de 1945). Foi o primeiro de uma larga s\u00e9rie: 66 outros testes o seguiriam, feitos no ar, em navios-barca\u00e7a ou subterr\u00e2neos, e nos lamentavelmente famosos at\u00f3is de Bikini e Enewetak. A enxurrada s\u00f3 terminou em 22 de Julho de 1958. A energia total que foi consumida nesse per\u00edodo \u00e9 equivalente a explos\u00e3o de 1,7 bombas de Hiroshima detonadas diariamente por 12 anos!<\/p>\n<p>Em 24 de Abril de 2014, as Ilhas Marshall decidiram reagir e depositar, por meio da palavra do ministro Tony de Brum, uma bomba \u2013 jur\u00eddica, nesse caso \u2013 perante a Corte Internacional de Justi\u00e7a, em Haia. Fundada pelas Na\u00e7\u00f5es Unidas em Junho de 1945, sendo a mais alta jurisdi\u00e7\u00e3o mundial, \u00e9 a \u00fanica com poder para intermediar disputas entre pa\u00edses. E a Rep\u00fablica das Ilhas Marshall, Estado min\u00fasculo de 181 quil\u00f4metros quadrados e menos de 60.000 habitantes, sem ex\u00e9rcito, vai ent\u00e3o representar o papel de Davi em face do gigante Golias, que s\u00e3o os Estados nucleares (Estados Unidos, R\u00fassia, Fran\u00e7a, Reino Unido, China, \u00cdndia, Paquist\u00e3o, Israel e, provavelmente, Coreia do Norte), que disp\u00f5em de for\u00e7as militares e diplom\u00e1ticas sem equivalente. Ela j\u00e1 recorreu a novos indiciamentos (recursos preliminares, at\u00e9 o momento). \u201cUma na\u00e7\u00e3o jamais deveria sofrer como n\u00f3s sofremos\u2019, declarou o ministro Tony de Brum referente a essa primeira apela\u00e7\u00e3o. \u00c9 com base nos horrores vividos que as Ilhas Marshall exercem sua legitimidade em iniciar este processo longo e incerto, visto que o mundo j\u00e1 acumulou 15.850 armas nucleares: \u201cN\u00f3s nos engajaremos a lutar para que mais nenhuma pessoa na Terra experiencie essas atrocidades\u201d.<\/p>\n<p>Para ler sobre a progress\u00e3o dos acontecimentos, recomendo-lhes que os acompanhem no <a href=\"https:\/\/www.monde-diplomatique.fr\/2016\/06\/COLLIN\/55801\">Le Monde Diplomatique<\/a>, que veio a publicar meu artigo sobre esse projeto t\u00e3o pouco conhecido na Fran\u00e7a.<\/p>\n<p>&nbsp;<\/p>\n<p>Traduzido por Jaqueline Villagra Costa<\/p>\n<p>Sobre o autor<\/p>\n<p>Jean-Marie Collin \u00e9 consultor em quest\u00f5es de defesa. Sua especialidade engloba a prolifera\u00e7\u00e3o e dissuas\u00e3o nuclear, tecnologias militares, transfer\u00eancia de armamentos e assuntos ambientais. Ele publicou in\u00fameros artigos para as Think tanks europ\u00e9ias e americanas. Ap\u00f3s ter escrito \u201cLa Bombe, l&#8217;Univers opaque du nucl\u00e9aire\u201d (Autrement, 2009) (\u201cA Bomba, o opaco Universo nuclear\u201d), publicou \u201cArr\u00eatez la Bombe!\u201d (Le Cherche Midi, 2013) (\u201cPare a Bomba!\u201d). Ele \u00e9 o diretor franc\u00eas da organiza\u00e7\u00e3o Parlamentares pela N\u00e3o-prolifera\u00e7\u00e3o Nuclear e Desarmamento (PNND). http:\/\/alternatives-economiques.fr\/blogs\/collin\/<\/p>\n","protected":false},"excerpt":{"rendered":"<p>Desde 2014, a pequena Rep\u00fablica das Ilhas Marshall decidiu lan\u00e7ar-se em persegui\u00e7\u00e3o das pot\u00eancias nucleares, acusadas de n\u00e3o respeitarem suas obriga\u00e7\u00f5es jur\u00eddicas de desarmamento. Reside a\u00ed uma luta que poderia dar um forte incentivo \u00e0 batalha para elimina\u00e7\u00e3o dos arsenais&hellip;<\/p>\n","protected":false},"author":1057,"featured_media":329547,"comment_status":"closed","ping_status":"closed","sticky":false,"template":"","format":"standard","meta":{"footnotes":""},"categories":[116,115,42],"tags":[4302,5255,10459,28182,7824],"class_list":["post-331878","post","type-post","status-publish","format-standard","has-post-thumbnail","hentry","category-direitos-humanos","category-ecologia-e-meio-ambiente","category-internacional-2","tag-armas-nucleares","tag-bomba-nuclear","tag-franca","tag-ilhas-marshall","tag-questao-nuclear"],"yoast_head":"<!-- This site is optimized with the Yoast SEO plugin v27.1.1 - https:\/\/yoast.com\/product\/yoast-seo-wordpress\/ -->\n<title>A bomba jur\u00eddica das Ilhas Marshall contra as pot\u00eancias nucleares<\/title>\n<meta name=\"description\" content=\"Desde 2014, a pequena Rep\u00fablica das Ilhas Marshall decidiu lan\u00e7ar-se em persegui\u00e7\u00e3o das pot\u00eancias nucleares, acusadas de n\u00e3o respeitarem suas obriga\u00e7\u00f5es\" \/>\n<meta name=\"robots\" content=\"index, follow, max-snippet:-1, max-image-preview:large, max-video-preview:-1\" \/>\n<link rel=\"canonical\" href=\"https:\/\/www.pressenza.com\/pt-pt\/2016\/06\/bomba-juridica-das-ilhas-marshall-as-potencias-nucleares\/\" \/>\n<meta property=\"og:locale\" content=\"pt_PT\" \/>\n<meta property=\"og:type\" content=\"article\" \/>\n<meta property=\"og:title\" content=\"A bomba jur\u00eddica das Ilhas Marshall contra as pot\u00eancias nucleares\" \/>\n<meta property=\"og:description\" content=\"Desde 2014, a pequena Rep\u00fablica das Ilhas Marshall decidiu lan\u00e7ar-se em persegui\u00e7\u00e3o das pot\u00eancias nucleares, acusadas de n\u00e3o respeitarem suas obriga\u00e7\u00f5es\" \/>\n<meta property=\"og:url\" content=\"https:\/\/www.pressenza.com\/pt-pt\/2016\/06\/bomba-juridica-das-ilhas-marshall-as-potencias-nucleares\/\" \/>\n<meta property=\"og:site_name\" content=\"Pressenza\" \/>\n<meta property=\"article:publisher\" content=\"https:\/\/www.facebook.com\/PressenzaItalia\" \/>\n<meta property=\"article:author\" content=\"https:\/\/www.facebook.com\/jeanmarie.collin.9\" \/>\n<meta property=\"article:published_time\" content=\"2016-06-21T23:18:31+00:00\" \/>\n<meta property=\"article:modified_time\" content=\"2016-06-21T23:20:17+00:00\" \/>\n<meta property=\"og:image\" content=\"https:\/\/www.pressenza.com\/wp-content\/uploads\/2016\/06\/La-bombe-juridique-des-\u00eeles-Marshall-contre-les-puissances-nucl\u00e9aires.jpg\" \/>\n\t<meta property=\"og:image:width\" content=\"723\" \/>\n\t<meta property=\"og:image:height\" content=\"500\" \/>\n\t<meta property=\"og:image:type\" content=\"image\/jpeg\" \/>\n<meta name=\"author\" content=\"Jean-Marie Collin\" \/>\n<meta name=\"twitter:card\" content=\"summary_large_image\" \/>\n<meta name=\"twitter:creator\" content=\"@jmc_nonukes\" \/>\n<meta name=\"twitter:site\" content=\"@PressenzaIPA\" \/>\n<meta name=\"twitter:label1\" content=\"Escrito por\" \/>\n\t<meta name=\"twitter:data1\" content=\"Jean-Marie Collin\" \/>\n\t<meta name=\"twitter:label2\" content=\"Tempo estimado de leitura\" \/>\n\t<meta name=\"twitter:data2\" content=\"3 minutos\" \/>\n<script type=\"application\/ld+json\" class=\"yoast-schema-graph\">{\"@context\":\"https:\/\/schema.org\",\"@graph\":[{\"@type\":\"Article\",\"@id\":\"https:\/\/www.pressenza.com\/pt-pt\/2016\/06\/bomba-juridica-das-ilhas-marshall-as-potencias-nucleares\/#article\",\"isPartOf\":{\"@id\":\"https:\/\/www.pressenza.com\/pt-pt\/2016\/06\/bomba-juridica-das-ilhas-marshall-as-potencias-nucleares\/\"},\"author\":{\"name\":\"Jean-Marie Collin\",\"@id\":\"https:\/\/www.pressenza.com\/pt-pt\/#\/schema\/person\/b7c4e56f3dc293ae1867fc9ed71adc42\"},\"headline\":\"A bomba jur\u00eddica das Ilhas Marshall contra as pot\u00eancias nucleares\",\"datePublished\":\"2016-06-21T23:18:31+00:00\",\"dateModified\":\"2016-06-21T23:20:17+00:00\",\"mainEntityOfPage\":{\"@id\":\"https:\/\/www.pressenza.com\/pt-pt\/2016\/06\/bomba-juridica-das-ilhas-marshall-as-potencias-nucleares\/\"},\"wordCount\":531,\"publisher\":{\"@id\":\"https:\/\/www.pressenza.com\/pt-pt\/#organization\"},\"image\":{\"@id\":\"https:\/\/www.pressenza.com\/pt-pt\/2016\/06\/bomba-juridica-das-ilhas-marshall-as-potencias-nucleares\/#primaryimage\"},\"thumbnailUrl\":\"https:\/\/www.pressenza.com\/wp-content\/uploads\/2016\/06\/La-bombe-juridique-des-\u00eeles-Marshall-contre-les-puissances-nucl\u00e9aires.jpg\",\"keywords\":[\"Armas nucleares\",\"bomba nuclear\",\"Fran\u00e7a\",\"ilhas marshall\",\"quest\u00e3o nuclear\"],\"articleSection\":[\"Direitos Humanos\",\"Ecologia e Meio Ambiente\",\"Internacional\"],\"inLanguage\":\"pt-PT\"},{\"@type\":\"WebPage\",\"@id\":\"https:\/\/www.pressenza.com\/pt-pt\/2016\/06\/bomba-juridica-das-ilhas-marshall-as-potencias-nucleares\/\",\"url\":\"https:\/\/www.pressenza.com\/pt-pt\/2016\/06\/bomba-juridica-das-ilhas-marshall-as-potencias-nucleares\/\",\"name\":\"A bomba jur\u00eddica das Ilhas Marshall contra as pot\u00eancias nucleares\",\"isPartOf\":{\"@id\":\"https:\/\/www.pressenza.com\/pt-pt\/#website\"},\"primaryImageOfPage\":{\"@id\":\"https:\/\/www.pressenza.com\/pt-pt\/2016\/06\/bomba-juridica-das-ilhas-marshall-as-potencias-nucleares\/#primaryimage\"},\"image\":{\"@id\":\"https:\/\/www.pressenza.com\/pt-pt\/2016\/06\/bomba-juridica-das-ilhas-marshall-as-potencias-nucleares\/#primaryimage\"},\"thumbnailUrl\":\"https:\/\/www.pressenza.com\/wp-content\/uploads\/2016\/06\/La-bombe-juridique-des-\u00eeles-Marshall-contre-les-puissances-nucl\u00e9aires.jpg\",\"datePublished\":\"2016-06-21T23:18:31+00:00\",\"dateModified\":\"2016-06-21T23:20:17+00:00\",\"description\":\"Desde 2014, a pequena Rep\u00fablica das Ilhas Marshall decidiu lan\u00e7ar-se em persegui\u00e7\u00e3o das pot\u00eancias nucleares, acusadas de n\u00e3o respeitarem suas obriga\u00e7\u00f5es\",\"breadcrumb\":{\"@id\":\"https:\/\/www.pressenza.com\/pt-pt\/2016\/06\/bomba-juridica-das-ilhas-marshall-as-potencias-nucleares\/#breadcrumb\"},\"inLanguage\":\"pt-PT\",\"potentialAction\":[{\"@type\":\"ReadAction\",\"target\":[\"https:\/\/www.pressenza.com\/pt-pt\/2016\/06\/bomba-juridica-das-ilhas-marshall-as-potencias-nucleares\/\"]}]},{\"@type\":\"ImageObject\",\"inLanguage\":\"pt-PT\",\"@id\":\"https:\/\/www.pressenza.com\/pt-pt\/2016\/06\/bomba-juridica-das-ilhas-marshall-as-potencias-nucleares\/#primaryimage\",\"url\":\"https:\/\/www.pressenza.com\/wp-content\/uploads\/2016\/06\/La-bombe-juridique-des-\u00eeles-Marshall-contre-les-puissances-nucl\u00e9aires.jpg\",\"contentUrl\":\"https:\/\/www.pressenza.com\/wp-content\/uploads\/2016\/06\/La-bombe-juridique-des-\u00eeles-Marshall-contre-les-puissances-nucl\u00e9aires.jpg\",\"width\":723,\"height\":500},{\"@type\":\"BreadcrumbList\",\"@id\":\"https:\/\/www.pressenza.com\/pt-pt\/2016\/06\/bomba-juridica-das-ilhas-marshall-as-potencias-nucleares\/#breadcrumb\",\"itemListElement\":[{\"@type\":\"ListItem\",\"position\":1,\"name\":\"Accueil\",\"item\":\"https:\/\/www.pressenza.com\/pt-pt\/\"},{\"@type\":\"ListItem\",\"position\":2,\"name\":\"A bomba jur\u00eddica das Ilhas Marshall contra as pot\u00eancias nucleares\"}]},{\"@type\":\"WebSite\",\"@id\":\"https:\/\/www.pressenza.com\/pt-pt\/#website\",\"url\":\"https:\/\/www.pressenza.com\/pt-pt\/\",\"name\":\"Pressenza\",\"description\":\"International Press Agency\",\"publisher\":{\"@id\":\"https:\/\/www.pressenza.com\/pt-pt\/#organization\"},\"potentialAction\":[{\"@type\":\"SearchAction\",\"target\":{\"@type\":\"EntryPoint\",\"urlTemplate\":\"https:\/\/www.pressenza.com\/pt-pt\/?s={search_term_string}\"},\"query-input\":{\"@type\":\"PropertyValueSpecification\",\"valueRequired\":true,\"valueName\":\"search_term_string\"}}],\"inLanguage\":\"pt-PT\"},{\"@type\":\"Organization\",\"@id\":\"https:\/\/www.pressenza.com\/pt-pt\/#organization\",\"name\":\"Pressenza\",\"url\":\"https:\/\/www.pressenza.com\/pt-pt\/\",\"logo\":{\"@type\":\"ImageObject\",\"inLanguage\":\"pt-PT\",\"@id\":\"https:\/\/www.pressenza.com\/pt-pt\/#\/schema\/logo\/image\/\",\"url\":\"https:\/\/www.pressenza.com\/wp-content\/uploads\/2022\/10\/pressenza_logo_200x200.jpg\",\"contentUrl\":\"https:\/\/www.pressenza.com\/wp-content\/uploads\/2022\/10\/pressenza_logo_200x200.jpg\",\"width\":200,\"height\":200,\"caption\":\"Pressenza\"},\"image\":{\"@id\":\"https:\/\/www.pressenza.com\/pt-pt\/#\/schema\/logo\/image\/\"},\"sameAs\":[\"https:\/\/www.facebook.com\/PressenzaItalia\",\"https:\/\/x.com\/PressenzaIPA\"]},{\"@type\":\"Person\",\"@id\":\"https:\/\/www.pressenza.com\/pt-pt\/#\/schema\/person\/b7c4e56f3dc293ae1867fc9ed71adc42\",\"name\":\"Jean-Marie Collin\",\"description\":\"Jean-Marie Collin travail\u200ble\u200b comme expert pour diff\u00e9rentes organisations fran\u00e7aises et internationales sur les questions de d\u00e9fense et de s\u00e9curit\u00e9 internationale, avec une expertise plus particuli\u00e8re, depuis quatorze ans, dans les domaines de la dissuasion nucl\u00e9aire, du d\u00e9sarmement, de la ma\u00eetrise des armements et de la non-prolif\u00e9ration nucl\u00e9aire et les enjeux environnementaux. Il est Vice-pr\u00e9sident de l\u2019organisation Initiatives pour le D\u00e9sarmement Nucl\u00e9aire (IDN), Directeur pour la France et pays Francophones du r\u00e9seau des Parlementaires pour la non-prolif\u00e9ration et le d\u00e9sarmement nucl\u00e9aire (PNND) ; Chercheur associ\u00e9 aupr\u00e8s du GRIP et membre de la Campagne internationale pour l\u2019Abolition des armes nucl\u00e9aires (ICAN France). Il a publi\u00e9 : \u00ab La Bombe, l\u2019Univers opaque du nucl\u00e9aire \u00bb (Autrement, 2009), \u00ab Arr\u00eatez la Bombe ! \u00bb (Le Cherche Midi 2013) et de nombreux articles pour la presse (Le Monde Diplomatique, Le Monde, Diploweb, \u2026) et des think-tanks. http:\/\/alternatives-economiques.fr\/blogs\/collin\/ http:\/\/www.idn-france.org\",\"sameAs\":[\"https:\/\/www.facebook.com\/jeanmarie.collin.9\",\"https:\/\/x.com\/jmc_nonukes\"],\"url\":\"https:\/\/www.pressenza.com\/pt-pt\/author\/jean-marie-collin\/\"}]}<\/script>\n<!-- \/ Yoast SEO plugin. -->","yoast_head_json":{"title":"A bomba jur\u00eddica das Ilhas Marshall contra as pot\u00eancias nucleares","description":"Desde 2014, a pequena Rep\u00fablica das Ilhas Marshall decidiu lan\u00e7ar-se em persegui\u00e7\u00e3o das pot\u00eancias nucleares, acusadas de n\u00e3o respeitarem suas obriga\u00e7\u00f5es","robots":{"index":"index","follow":"follow","max-snippet":"max-snippet:-1","max-image-preview":"max-image-preview:large","max-video-preview":"max-video-preview:-1"},"canonical":"https:\/\/www.pressenza.com\/pt-pt\/2016\/06\/bomba-juridica-das-ilhas-marshall-as-potencias-nucleares\/","og_locale":"pt_PT","og_type":"article","og_title":"A bomba jur\u00eddica das Ilhas Marshall contra as pot\u00eancias nucleares","og_description":"Desde 2014, a pequena Rep\u00fablica das Ilhas Marshall decidiu lan\u00e7ar-se em persegui\u00e7\u00e3o das pot\u00eancias nucleares, acusadas de n\u00e3o respeitarem suas obriga\u00e7\u00f5es","og_url":"https:\/\/www.pressenza.com\/pt-pt\/2016\/06\/bomba-juridica-das-ilhas-marshall-as-potencias-nucleares\/","og_site_name":"Pressenza","article_publisher":"https:\/\/www.facebook.com\/PressenzaItalia","article_author":"https:\/\/www.facebook.com\/jeanmarie.collin.9","article_published_time":"2016-06-21T23:18:31+00:00","article_modified_time":"2016-06-21T23:20:17+00:00","og_image":[{"width":723,"height":500,"url":"https:\/\/www.pressenza.com\/wp-content\/uploads\/2016\/06\/La-bombe-juridique-des-\u00eeles-Marshall-contre-les-puissances-nucl\u00e9aires.jpg","type":"image\/jpeg"}],"author":"Jean-Marie Collin","twitter_card":"summary_large_image","twitter_creator":"@jmc_nonukes","twitter_site":"@PressenzaIPA","twitter_misc":{"Escrito por":"Jean-Marie Collin","Tempo estimado de leitura":"3 minutos"},"schema":{"@context":"https:\/\/schema.org","@graph":[{"@type":"Article","@id":"https:\/\/www.pressenza.com\/pt-pt\/2016\/06\/bomba-juridica-das-ilhas-marshall-as-potencias-nucleares\/#article","isPartOf":{"@id":"https:\/\/www.pressenza.com\/pt-pt\/2016\/06\/bomba-juridica-das-ilhas-marshall-as-potencias-nucleares\/"},"author":{"name":"Jean-Marie Collin","@id":"https:\/\/www.pressenza.com\/pt-pt\/#\/schema\/person\/b7c4e56f3dc293ae1867fc9ed71adc42"},"headline":"A bomba jur\u00eddica das Ilhas Marshall contra as pot\u00eancias nucleares","datePublished":"2016-06-21T23:18:31+00:00","dateModified":"2016-06-21T23:20:17+00:00","mainEntityOfPage":{"@id":"https:\/\/www.pressenza.com\/pt-pt\/2016\/06\/bomba-juridica-das-ilhas-marshall-as-potencias-nucleares\/"},"wordCount":531,"publisher":{"@id":"https:\/\/www.pressenza.com\/pt-pt\/#organization"},"image":{"@id":"https:\/\/www.pressenza.com\/pt-pt\/2016\/06\/bomba-juridica-das-ilhas-marshall-as-potencias-nucleares\/#primaryimage"},"thumbnailUrl":"https:\/\/www.pressenza.com\/wp-content\/uploads\/2016\/06\/La-bombe-juridique-des-\u00eeles-Marshall-contre-les-puissances-nucl\u00e9aires.jpg","keywords":["Armas nucleares","bomba nuclear","Fran\u00e7a","ilhas marshall","quest\u00e3o nuclear"],"articleSection":["Direitos Humanos","Ecologia e Meio Ambiente","Internacional"],"inLanguage":"pt-PT"},{"@type":"WebPage","@id":"https:\/\/www.pressenza.com\/pt-pt\/2016\/06\/bomba-juridica-das-ilhas-marshall-as-potencias-nucleares\/","url":"https:\/\/www.pressenza.com\/pt-pt\/2016\/06\/bomba-juridica-das-ilhas-marshall-as-potencias-nucleares\/","name":"A bomba jur\u00eddica das Ilhas Marshall contra as pot\u00eancias nucleares","isPartOf":{"@id":"https:\/\/www.pressenza.com\/pt-pt\/#website"},"primaryImageOfPage":{"@id":"https:\/\/www.pressenza.com\/pt-pt\/2016\/06\/bomba-juridica-das-ilhas-marshall-as-potencias-nucleares\/#primaryimage"},"image":{"@id":"https:\/\/www.pressenza.com\/pt-pt\/2016\/06\/bomba-juridica-das-ilhas-marshall-as-potencias-nucleares\/#primaryimage"},"thumbnailUrl":"https:\/\/www.pressenza.com\/wp-content\/uploads\/2016\/06\/La-bombe-juridique-des-\u00eeles-Marshall-contre-les-puissances-nucl\u00e9aires.jpg","datePublished":"2016-06-21T23:18:31+00:00","dateModified":"2016-06-21T23:20:17+00:00","description":"Desde 2014, a pequena Rep\u00fablica das Ilhas Marshall decidiu lan\u00e7ar-se em persegui\u00e7\u00e3o das pot\u00eancias nucleares, acusadas de n\u00e3o respeitarem suas obriga\u00e7\u00f5es","breadcrumb":{"@id":"https:\/\/www.pressenza.com\/pt-pt\/2016\/06\/bomba-juridica-das-ilhas-marshall-as-potencias-nucleares\/#breadcrumb"},"inLanguage":"pt-PT","potentialAction":[{"@type":"ReadAction","target":["https:\/\/www.pressenza.com\/pt-pt\/2016\/06\/bomba-juridica-das-ilhas-marshall-as-potencias-nucleares\/"]}]},{"@type":"ImageObject","inLanguage":"pt-PT","@id":"https:\/\/www.pressenza.com\/pt-pt\/2016\/06\/bomba-juridica-das-ilhas-marshall-as-potencias-nucleares\/#primaryimage","url":"https:\/\/www.pressenza.com\/wp-content\/uploads\/2016\/06\/La-bombe-juridique-des-\u00eeles-Marshall-contre-les-puissances-nucl\u00e9aires.jpg","contentUrl":"https:\/\/www.pressenza.com\/wp-content\/uploads\/2016\/06\/La-bombe-juridique-des-\u00eeles-Marshall-contre-les-puissances-nucl\u00e9aires.jpg","width":723,"height":500},{"@type":"BreadcrumbList","@id":"https:\/\/www.pressenza.com\/pt-pt\/2016\/06\/bomba-juridica-das-ilhas-marshall-as-potencias-nucleares\/#breadcrumb","itemListElement":[{"@type":"ListItem","position":1,"name":"Accueil","item":"https:\/\/www.pressenza.com\/pt-pt\/"},{"@type":"ListItem","position":2,"name":"A bomba jur\u00eddica das Ilhas Marshall contra as pot\u00eancias nucleares"}]},{"@type":"WebSite","@id":"https:\/\/www.pressenza.com\/pt-pt\/#website","url":"https:\/\/www.pressenza.com\/pt-pt\/","name":"Pressenza","description":"International Press Agency","publisher":{"@id":"https:\/\/www.pressenza.com\/pt-pt\/#organization"},"potentialAction":[{"@type":"SearchAction","target":{"@type":"EntryPoint","urlTemplate":"https:\/\/www.pressenza.com\/pt-pt\/?s={search_term_string}"},"query-input":{"@type":"PropertyValueSpecification","valueRequired":true,"valueName":"search_term_string"}}],"inLanguage":"pt-PT"},{"@type":"Organization","@id":"https:\/\/www.pressenza.com\/pt-pt\/#organization","name":"Pressenza","url":"https:\/\/www.pressenza.com\/pt-pt\/","logo":{"@type":"ImageObject","inLanguage":"pt-PT","@id":"https:\/\/www.pressenza.com\/pt-pt\/#\/schema\/logo\/image\/","url":"https:\/\/www.pressenza.com\/wp-content\/uploads\/2022\/10\/pressenza_logo_200x200.jpg","contentUrl":"https:\/\/www.pressenza.com\/wp-content\/uploads\/2022\/10\/pressenza_logo_200x200.jpg","width":200,"height":200,"caption":"Pressenza"},"image":{"@id":"https:\/\/www.pressenza.com\/pt-pt\/#\/schema\/logo\/image\/"},"sameAs":["https:\/\/www.facebook.com\/PressenzaItalia","https:\/\/x.com\/PressenzaIPA"]},{"@type":"Person","@id":"https:\/\/www.pressenza.com\/pt-pt\/#\/schema\/person\/b7c4e56f3dc293ae1867fc9ed71adc42","name":"Jean-Marie Collin","description":"Jean-Marie Collin travail\u200ble\u200b comme expert pour diff\u00e9rentes organisations fran\u00e7aises et internationales sur les questions de d\u00e9fense et de s\u00e9curit\u00e9 internationale, avec une expertise plus particuli\u00e8re, depuis quatorze ans, dans les domaines de la dissuasion nucl\u00e9aire, du d\u00e9sarmement, de la ma\u00eetrise des armements et de la non-prolif\u00e9ration nucl\u00e9aire et les enjeux environnementaux. Il est Vice-pr\u00e9sident de l\u2019organisation Initiatives pour le D\u00e9sarmement Nucl\u00e9aire (IDN), Directeur pour la France et pays Francophones du r\u00e9seau des Parlementaires pour la non-prolif\u00e9ration et le d\u00e9sarmement nucl\u00e9aire (PNND) ; Chercheur associ\u00e9 aupr\u00e8s du GRIP et membre de la Campagne internationale pour l\u2019Abolition des armes nucl\u00e9aires (ICAN France). Il a publi\u00e9 : \u00ab La Bombe, l\u2019Univers opaque du nucl\u00e9aire \u00bb (Autrement, 2009), \u00ab Arr\u00eatez la Bombe ! \u00bb (Le Cherche Midi 2013) et de nombreux articles pour la presse (Le Monde Diplomatique, Le Monde, Diploweb, \u2026) et des think-tanks. http:\/\/alternatives-economiques.fr\/blogs\/collin\/ http:\/\/www.idn-france.org","sameAs":["https:\/\/www.facebook.com\/jeanmarie.collin.9","https:\/\/x.com\/jmc_nonukes"],"url":"https:\/\/www.pressenza.com\/pt-pt\/author\/jean-marie-collin\/"}]}},"place":"","original_article_url":"","_links":{"self":[{"href":"https:\/\/www.pressenza.com\/pt-pt\/wp-json\/wp\/v2\/posts\/331878","targetHints":{"allow":["GET"]}}],"collection":[{"href":"https:\/\/www.pressenza.com\/pt-pt\/wp-json\/wp\/v2\/posts"}],"about":[{"href":"https:\/\/www.pressenza.com\/pt-pt\/wp-json\/wp\/v2\/types\/post"}],"author":[{"embeddable":true,"href":"https:\/\/www.pressenza.com\/pt-pt\/wp-json\/wp\/v2\/users\/1057"}],"replies":[{"embeddable":true,"href":"https:\/\/www.pressenza.com\/pt-pt\/wp-json\/wp\/v2\/comments?post=331878"}],"version-history":[{"count":0,"href":"https:\/\/www.pressenza.com\/pt-pt\/wp-json\/wp\/v2\/posts\/331878\/revisions"}],"wp:featuredmedia":[{"embeddable":true,"href":"https:\/\/www.pressenza.com\/pt-pt\/wp-json\/wp\/v2\/media\/329547"}],"wp:attachment":[{"href":"https:\/\/www.pressenza.com\/pt-pt\/wp-json\/wp\/v2\/media?parent=331878"}],"wp:term":[{"taxonomy":"category","embeddable":true,"href":"https:\/\/www.pressenza.com\/pt-pt\/wp-json\/wp\/v2\/categories?post=331878"},{"taxonomy":"post_tag","embeddable":true,"href":"https:\/\/www.pressenza.com\/pt-pt\/wp-json\/wp\/v2\/tags?post=331878"}],"curies":[{"name":"wp","href":"https:\/\/api.w.org\/{rel}","templated":true}]}}