{"id":331384,"date":"2016-06-20T20:58:02","date_gmt":"2016-06-20T19:58:02","guid":{"rendered":"http:\/\/www.pressenza.com\/pt-pt\/?p=331384"},"modified":"2016-06-20T20:58:02","modified_gmt":"2016-06-20T19:58:02","slug":"milhares-protestam-contra-presenca-militar-dos-eua-em-okinawa","status":"publish","type":"post","link":"https:\/\/www.pressenza.com\/pt-pt\/2016\/06\/milhares-protestam-contra-presenca-militar-dos-eua-em-okinawa\/","title":{"rendered":"Milhares protestam contra presen\u00e7a militar dos EUA em Okinawa"},"content":{"rendered":"<p>Manifestantes exigem revis\u00e3o de acordo bilateral que prev\u00ea que prov\u00edncia japonesa hospede maior parte dos soldados americanos estacionados no pa\u00eds. Suposto estupro de jovem por ex-marinheiro gera onda de indigna\u00e7\u00e3o.<\/p>\n<p>Dezenas de milhares de pessoas protestaram na prov\u00edncia japonesa de Okinawa neste domingo (19\/06) contra a presen\u00e7a de bases militares dos Estados Unidos. Muitos dos manifestantes vestiam roupas pretas, em luto por uma moradora v\u00edtima de abuso sexual, supostamente cometido por um americano.<\/p>\n<p>Segundo os organizadores, 65 mil pessoas participaram do protesto, na capital da prov\u00edncia, Naha. Os manifestantes exigiram uma revis\u00e3o do acordo de seguran\u00e7a entre EUA e Jap\u00e3o, que prev\u00ea que Okinawa hospede a maior parte dos soldados americanos estacionados no Jap\u00e3o. Cartazes diziam &#8220;Marinheiros assassinos. Fora de Okinawa&#8221; e &#8220;Nossa raiva passou dos limites&#8221;.<\/p>\n<p>A morte da mulher v\u00edtima de abuso \u2013 Rina Shimabukuro, de 20 anos \u2013 que estava desaparecida h\u00e1 v\u00e1rias semanas quando seu corpo foi encontrado no m\u00eas passado, provocou indigna\u00e7\u00e3o em Okinawa, onde crimes ligados a soldados americanos s\u00e3o reportados periodicamente.<\/p>\n<p>O suposto agressor, um empreiteiro e ex-membro da Marinha americana, foi preso por suspeita de abandonar o corpo da mulher, mais ainda n\u00e3o foi formalmente acusado pela morte dela.<\/p>\n<p>&#8220;Enquanto houver bases militares dos Estados Unidos, esse tipo de incidente vai continuar acontecendo&#8221;, lamentou uma das manifestantes deste domingo, Chihiro Uchimura, de 71 anos.<\/p>\n<p>Governador arrependido<\/p>\n<p>Durante o protesto, o governador de Okinawa, Takeshi Onaga, disse que gostaria de pedir desculpas por n\u00e3o ter sido capaz de proteger a mulher, mesmo ap\u00f3s um caso semelhante ter ocorrido h\u00e1 duas d\u00e9cadas. Em 1995, uma menina japonesa foi estuprada por tr\u00eas soldados americanos, gerando uma onda de indigna\u00e7\u00e3o.<\/p>\n<p>&#8220;Hav\u00edamos prometido nunca repetir um incidente desse tipo&#8221;, disse. &#8220;N\u00e3o pude mudar o sistema pol\u00edtico para evitar isso. Esse \u00e9 meu maior arrependimento como pol\u00edtico e como governador de Okinawa.&#8221;<\/p>\n<p>Segundo os organizadores do protesto em Okinawa, manifesta\u00e7\u00f5es semelhantes foram realizadas pelo pa\u00eds. Em T\u00f3quio, cerca de 3 mil pessoa se reuniram diante do Parlamento com cartazes dizendo: &#8220;Sem bases, sem abusos em Okinawa&#8221; e &#8220;Marinheiros, voltem para casa&#8221;.<\/p>\n<p>Al\u00e9m da revis\u00e3o do acordo de seguran\u00e7a, os manifestantes tamb\u00e9m exigiram que Washington e T\u00f3quio cancelem os planos de transferir uma base da Marinha americana do centro de Okinawa para uma parte menos povoada, no norte. Onaga \u00e9 contra a realoca\u00e7\u00e3o, que deveria ter sido conclu\u00edda h\u00e1 anos, mas foi barrada pela oposi\u00e7\u00e3o local.<\/p>\n<p>No fim da Segunda Guerra, Okinawa foi palco de uma grande batalha entre os EUA e o Jap\u00e3o. Na sequ\u00eancia, os americanos ocuparam a prov\u00edncia por 27 anos. Ainda com bases na ilha, os EUA v\u00eam tentando minimizar as tens\u00f5es com a popula\u00e7\u00e3o local.<\/p>\n<p>Este artigo n\u00e3o est\u00e1 sob Licen\u00e7a Creative Commons e n\u00e3o pode ser reproduzido de nenhuma forma. O mesmo \u00e9 v\u00e1lido para a foto.<\/p>\n","protected":false},"excerpt":{"rendered":"<p>Manifestantes exigem revis\u00e3o de acordo bilateral que prev\u00ea que prov\u00edncia japonesa hospede maior parte dos soldados americanos estacionados no pa\u00eds. Suposto estupro de jovem por ex-marinheiro gera onda de indigna\u00e7\u00e3o. Dezenas de milhares de pessoas protestaram na prov\u00edncia japonesa de&hellip;<\/p>\n","protected":false},"author":993,"featured_media":331386,"comment_status":"closed","ping_status":"closed","sticky":false,"template":"","format":"standard","meta":{"footnotes":""},"categories":[102,42,1256,1257,111],"tags":[24748,28144,5639,17817,28145,28146,28147],"class_list":["post-331384","post","type-post","status-publish","format-standard","has-post-thumbnail","hentry","category-asia-pt-pt","category-internacional-2","category-nao-violencia","category-paz-desarmamento","category-politica-pt-pt","tag-abuso","tag-bases-militares-dos-estados-unidos","tag-manifestacoes","tag-okinawa","tag-rina-shimabukuro","tag-takeshi-onaga","tag-toquio"],"yoast_head":"<!-- This site is optimized with the Yoast SEO plugin v27.1.1 - https:\/\/yoast.com\/product\/yoast-seo-wordpress\/ -->\n<title>Milhares protestam contra presen\u00e7a militar dos EUA em Okinawa<\/title>\n<meta name=\"description\" content=\"Manifestantes exigem revis\u00e3o de acordo bilateral que prev\u00ea que prov\u00edncia japonesa hospede maior parte dos soldados americanos estacionados no pa\u00eds.\" \/>\n<meta name=\"robots\" content=\"index, follow, max-snippet:-1, max-image-preview:large, max-video-preview:-1\" \/>\n<link rel=\"canonical\" href=\"https:\/\/www.pressenza.com\/pt-pt\/2016\/06\/milhares-protestam-contra-presenca-militar-dos-eua-em-okinawa\/\" \/>\n<meta property=\"og:locale\" content=\"pt_PT\" \/>\n<meta property=\"og:type\" content=\"article\" \/>\n<meta property=\"og:title\" content=\"Milhares protestam contra presen\u00e7a militar dos EUA em Okinawa\" \/>\n<meta property=\"og:description\" content=\"Manifestantes exigem revis\u00e3o de acordo bilateral que prev\u00ea que prov\u00edncia japonesa hospede maior parte dos soldados americanos estacionados no pa\u00eds.\" \/>\n<meta property=\"og:url\" content=\"https:\/\/www.pressenza.com\/pt-pt\/2016\/06\/milhares-protestam-contra-presenca-militar-dos-eua-em-okinawa\/\" \/>\n<meta property=\"og:site_name\" content=\"Pressenza\" \/>\n<meta property=\"article:publisher\" content=\"https:\/\/www.facebook.com\/PressenzaItalia\" \/>\n<meta property=\"article:published_time\" content=\"2016-06-20T19:58:02+00:00\" \/>\n<meta property=\"og:image\" content=\"https:\/\/www.pressenza.com\/wp-content\/uploads\/2016\/06\/okinawa.jpg\" \/>\n\t<meta property=\"og:image:width\" content=\"700\" \/>\n\t<meta property=\"og:image:height\" content=\"394\" \/>\n\t<meta property=\"og:image:type\" content=\"image\/jpeg\" \/>\n<meta name=\"author\" content=\"Deutsche Welle\" \/>\n<meta name=\"twitter:card\" content=\"summary_large_image\" \/>\n<meta name=\"twitter:creator\" content=\"@PressenzaIPA\" \/>\n<meta name=\"twitter:site\" content=\"@PressenzaIPA\" \/>\n<meta name=\"twitter:label1\" content=\"Escrito por\" \/>\n\t<meta name=\"twitter:data1\" content=\"Deutsche Welle\" \/>\n\t<meta name=\"twitter:label2\" content=\"Tempo estimado de leitura\" \/>\n\t<meta name=\"twitter:data2\" content=\"3 minutos\" \/>\n<script type=\"application\/ld+json\" class=\"yoast-schema-graph\">{\"@context\":\"https:\/\/schema.org\",\"@graph\":[{\"@type\":\"Article\",\"@id\":\"https:\/\/www.pressenza.com\/pt-pt\/2016\/06\/milhares-protestam-contra-presenca-militar-dos-eua-em-okinawa\/#article\",\"isPartOf\":{\"@id\":\"https:\/\/www.pressenza.com\/pt-pt\/2016\/06\/milhares-protestam-contra-presenca-militar-dos-eua-em-okinawa\/\"},\"author\":{\"name\":\"Deutsche Welle\",\"@id\":\"https:\/\/www.pressenza.com\/pt-pt\/#\/schema\/person\/b7c775911f2c9a1b8c7225b94e2e9f37\"},\"headline\":\"Milhares protestam contra presen\u00e7a militar dos EUA em Okinawa\",\"datePublished\":\"2016-06-20T19:58:02+00:00\",\"mainEntityOfPage\":{\"@id\":\"https:\/\/www.pressenza.com\/pt-pt\/2016\/06\/milhares-protestam-contra-presenca-militar-dos-eua-em-okinawa\/\"},\"wordCount\":510,\"publisher\":{\"@id\":\"https:\/\/www.pressenza.com\/pt-pt\/#organization\"},\"image\":{\"@id\":\"https:\/\/www.pressenza.com\/pt-pt\/2016\/06\/milhares-protestam-contra-presenca-militar-dos-eua-em-okinawa\/#primaryimage\"},\"thumbnailUrl\":\"https:\/\/www.pressenza.com\/wp-content\/uploads\/2016\/06\/okinawa.jpg\",\"keywords\":[\"abuso\",\"bases militares dos Estados Unidos\",\"Manifesta\u00e7\u00f5es\",\"Okinawa\",\"Rina Shimabukuro\",\"Takeshi Onaga\",\"T\u00f3quio\"],\"articleSection\":[\"Asia\",\"Internacional\",\"N\u00e3o viol\u00eancia\",\"Paz e Desarmamento\",\"Pol\u00edtica\"],\"inLanguage\":\"pt-PT\"},{\"@type\":\"WebPage\",\"@id\":\"https:\/\/www.pressenza.com\/pt-pt\/2016\/06\/milhares-protestam-contra-presenca-militar-dos-eua-em-okinawa\/\",\"url\":\"https:\/\/www.pressenza.com\/pt-pt\/2016\/06\/milhares-protestam-contra-presenca-militar-dos-eua-em-okinawa\/\",\"name\":\"Milhares protestam contra presen\u00e7a militar dos EUA em Okinawa\",\"isPartOf\":{\"@id\":\"https:\/\/www.pressenza.com\/pt-pt\/#website\"},\"primaryImageOfPage\":{\"@id\":\"https:\/\/www.pressenza.com\/pt-pt\/2016\/06\/milhares-protestam-contra-presenca-militar-dos-eua-em-okinawa\/#primaryimage\"},\"image\":{\"@id\":\"https:\/\/www.pressenza.com\/pt-pt\/2016\/06\/milhares-protestam-contra-presenca-militar-dos-eua-em-okinawa\/#primaryimage\"},\"thumbnailUrl\":\"https:\/\/www.pressenza.com\/wp-content\/uploads\/2016\/06\/okinawa.jpg\",\"datePublished\":\"2016-06-20T19:58:02+00:00\",\"description\":\"Manifestantes exigem revis\u00e3o de acordo bilateral que prev\u00ea que prov\u00edncia japonesa hospede maior parte dos soldados americanos estacionados no pa\u00eds.\",\"breadcrumb\":{\"@id\":\"https:\/\/www.pressenza.com\/pt-pt\/2016\/06\/milhares-protestam-contra-presenca-militar-dos-eua-em-okinawa\/#breadcrumb\"},\"inLanguage\":\"pt-PT\",\"potentialAction\":[{\"@type\":\"ReadAction\",\"target\":[\"https:\/\/www.pressenza.com\/pt-pt\/2016\/06\/milhares-protestam-contra-presenca-militar-dos-eua-em-okinawa\/\"]}]},{\"@type\":\"ImageObject\",\"inLanguage\":\"pt-PT\",\"@id\":\"https:\/\/www.pressenza.com\/pt-pt\/2016\/06\/milhares-protestam-contra-presenca-militar-dos-eua-em-okinawa\/#primaryimage\",\"url\":\"https:\/\/www.pressenza.com\/wp-content\/uploads\/2016\/06\/okinawa.jpg\",\"contentUrl\":\"https:\/\/www.pressenza.com\/wp-content\/uploads\/2016\/06\/okinawa.jpg\",\"width\":700,\"height\":394},{\"@type\":\"BreadcrumbList\",\"@id\":\"https:\/\/www.pressenza.com\/pt-pt\/2016\/06\/milhares-protestam-contra-presenca-militar-dos-eua-em-okinawa\/#breadcrumb\",\"itemListElement\":[{\"@type\":\"ListItem\",\"position\":1,\"name\":\"Accueil\",\"item\":\"https:\/\/www.pressenza.com\/pt-pt\/\"},{\"@type\":\"ListItem\",\"position\":2,\"name\":\"Milhares protestam contra presen\u00e7a militar dos EUA em Okinawa\"}]},{\"@type\":\"WebSite\",\"@id\":\"https:\/\/www.pressenza.com\/pt-pt\/#website\",\"url\":\"https:\/\/www.pressenza.com\/pt-pt\/\",\"name\":\"Pressenza\",\"description\":\"International Press Agency\",\"publisher\":{\"@id\":\"https:\/\/www.pressenza.com\/pt-pt\/#organization\"},\"potentialAction\":[{\"@type\":\"SearchAction\",\"target\":{\"@type\":\"EntryPoint\",\"urlTemplate\":\"https:\/\/www.pressenza.com\/pt-pt\/?s={search_term_string}\"},\"query-input\":{\"@type\":\"PropertyValueSpecification\",\"valueRequired\":true,\"valueName\":\"search_term_string\"}}],\"inLanguage\":\"pt-PT\"},{\"@type\":\"Organization\",\"@id\":\"https:\/\/www.pressenza.com\/pt-pt\/#organization\",\"name\":\"Pressenza\",\"url\":\"https:\/\/www.pressenza.com\/pt-pt\/\",\"logo\":{\"@type\":\"ImageObject\",\"inLanguage\":\"pt-PT\",\"@id\":\"https:\/\/www.pressenza.com\/pt-pt\/#\/schema\/logo\/image\/\",\"url\":\"https:\/\/www.pressenza.com\/wp-content\/uploads\/2022\/10\/pressenza_logo_200x200.jpg\",\"contentUrl\":\"https:\/\/www.pressenza.com\/wp-content\/uploads\/2022\/10\/pressenza_logo_200x200.jpg\",\"width\":200,\"height\":200,\"caption\":\"Pressenza\"},\"image\":{\"@id\":\"https:\/\/www.pressenza.com\/pt-pt\/#\/schema\/logo\/image\/\"},\"sameAs\":[\"https:\/\/www.facebook.com\/PressenzaItalia\",\"https:\/\/x.com\/PressenzaIPA\"]},{\"@type\":\"Person\",\"@id\":\"https:\/\/www.pressenza.com\/pt-pt\/#\/schema\/person\/b7c775911f2c9a1b8c7225b94e2e9f37\",\"name\":\"Deutsche Welle\",\"description\":\"Articles and photographs by Deutsche Welle on Pressenza do not fall under the Creative Commons licence and are not reproducible in any way. www.dw.com\",\"sameAs\":[\"http:\/\/www.dw.com\"],\"url\":\"https:\/\/www.pressenza.com\/pt-pt\/author\/deutsche-welle\/\"}]}<\/script>\n<!-- \/ Yoast SEO plugin. -->","yoast_head_json":{"title":"Milhares protestam contra presen\u00e7a militar dos EUA em Okinawa","description":"Manifestantes exigem revis\u00e3o de acordo bilateral que prev\u00ea que prov\u00edncia japonesa hospede maior parte dos soldados americanos estacionados no pa\u00eds.","robots":{"index":"index","follow":"follow","max-snippet":"max-snippet:-1","max-image-preview":"max-image-preview:large","max-video-preview":"max-video-preview:-1"},"canonical":"https:\/\/www.pressenza.com\/pt-pt\/2016\/06\/milhares-protestam-contra-presenca-militar-dos-eua-em-okinawa\/","og_locale":"pt_PT","og_type":"article","og_title":"Milhares protestam contra presen\u00e7a militar dos EUA em Okinawa","og_description":"Manifestantes exigem revis\u00e3o de acordo bilateral que prev\u00ea que prov\u00edncia japonesa hospede maior parte dos soldados americanos estacionados no pa\u00eds.","og_url":"https:\/\/www.pressenza.com\/pt-pt\/2016\/06\/milhares-protestam-contra-presenca-militar-dos-eua-em-okinawa\/","og_site_name":"Pressenza","article_publisher":"https:\/\/www.facebook.com\/PressenzaItalia","article_published_time":"2016-06-20T19:58:02+00:00","og_image":[{"width":700,"height":394,"url":"https:\/\/www.pressenza.com\/wp-content\/uploads\/2016\/06\/okinawa.jpg","type":"image\/jpeg"}],"author":"Deutsche Welle","twitter_card":"summary_large_image","twitter_creator":"@PressenzaIPA","twitter_site":"@PressenzaIPA","twitter_misc":{"Escrito por":"Deutsche Welle","Tempo estimado de leitura":"3 minutos"},"schema":{"@context":"https:\/\/schema.org","@graph":[{"@type":"Article","@id":"https:\/\/www.pressenza.com\/pt-pt\/2016\/06\/milhares-protestam-contra-presenca-militar-dos-eua-em-okinawa\/#article","isPartOf":{"@id":"https:\/\/www.pressenza.com\/pt-pt\/2016\/06\/milhares-protestam-contra-presenca-militar-dos-eua-em-okinawa\/"},"author":{"name":"Deutsche Welle","@id":"https:\/\/www.pressenza.com\/pt-pt\/#\/schema\/person\/b7c775911f2c9a1b8c7225b94e2e9f37"},"headline":"Milhares protestam contra presen\u00e7a militar dos EUA em Okinawa","datePublished":"2016-06-20T19:58:02+00:00","mainEntityOfPage":{"@id":"https:\/\/www.pressenza.com\/pt-pt\/2016\/06\/milhares-protestam-contra-presenca-militar-dos-eua-em-okinawa\/"},"wordCount":510,"publisher":{"@id":"https:\/\/www.pressenza.com\/pt-pt\/#organization"},"image":{"@id":"https:\/\/www.pressenza.com\/pt-pt\/2016\/06\/milhares-protestam-contra-presenca-militar-dos-eua-em-okinawa\/#primaryimage"},"thumbnailUrl":"https:\/\/www.pressenza.com\/wp-content\/uploads\/2016\/06\/okinawa.jpg","keywords":["abuso","bases militares dos Estados Unidos","Manifesta\u00e7\u00f5es","Okinawa","Rina Shimabukuro","Takeshi Onaga","T\u00f3quio"],"articleSection":["Asia","Internacional","N\u00e3o viol\u00eancia","Paz e Desarmamento","Pol\u00edtica"],"inLanguage":"pt-PT"},{"@type":"WebPage","@id":"https:\/\/www.pressenza.com\/pt-pt\/2016\/06\/milhares-protestam-contra-presenca-militar-dos-eua-em-okinawa\/","url":"https:\/\/www.pressenza.com\/pt-pt\/2016\/06\/milhares-protestam-contra-presenca-militar-dos-eua-em-okinawa\/","name":"Milhares protestam contra presen\u00e7a militar dos EUA em Okinawa","isPartOf":{"@id":"https:\/\/www.pressenza.com\/pt-pt\/#website"},"primaryImageOfPage":{"@id":"https:\/\/www.pressenza.com\/pt-pt\/2016\/06\/milhares-protestam-contra-presenca-militar-dos-eua-em-okinawa\/#primaryimage"},"image":{"@id":"https:\/\/www.pressenza.com\/pt-pt\/2016\/06\/milhares-protestam-contra-presenca-militar-dos-eua-em-okinawa\/#primaryimage"},"thumbnailUrl":"https:\/\/www.pressenza.com\/wp-content\/uploads\/2016\/06\/okinawa.jpg","datePublished":"2016-06-20T19:58:02+00:00","description":"Manifestantes exigem revis\u00e3o de acordo bilateral que prev\u00ea que prov\u00edncia japonesa hospede maior parte dos soldados americanos estacionados no pa\u00eds.","breadcrumb":{"@id":"https:\/\/www.pressenza.com\/pt-pt\/2016\/06\/milhares-protestam-contra-presenca-militar-dos-eua-em-okinawa\/#breadcrumb"},"inLanguage":"pt-PT","potentialAction":[{"@type":"ReadAction","target":["https:\/\/www.pressenza.com\/pt-pt\/2016\/06\/milhares-protestam-contra-presenca-militar-dos-eua-em-okinawa\/"]}]},{"@type":"ImageObject","inLanguage":"pt-PT","@id":"https:\/\/www.pressenza.com\/pt-pt\/2016\/06\/milhares-protestam-contra-presenca-militar-dos-eua-em-okinawa\/#primaryimage","url":"https:\/\/www.pressenza.com\/wp-content\/uploads\/2016\/06\/okinawa.jpg","contentUrl":"https:\/\/www.pressenza.com\/wp-content\/uploads\/2016\/06\/okinawa.jpg","width":700,"height":394},{"@type":"BreadcrumbList","@id":"https:\/\/www.pressenza.com\/pt-pt\/2016\/06\/milhares-protestam-contra-presenca-militar-dos-eua-em-okinawa\/#breadcrumb","itemListElement":[{"@type":"ListItem","position":1,"name":"Accueil","item":"https:\/\/www.pressenza.com\/pt-pt\/"},{"@type":"ListItem","position":2,"name":"Milhares protestam contra presen\u00e7a militar dos EUA em Okinawa"}]},{"@type":"WebSite","@id":"https:\/\/www.pressenza.com\/pt-pt\/#website","url":"https:\/\/www.pressenza.com\/pt-pt\/","name":"Pressenza","description":"International Press Agency","publisher":{"@id":"https:\/\/www.pressenza.com\/pt-pt\/#organization"},"potentialAction":[{"@type":"SearchAction","target":{"@type":"EntryPoint","urlTemplate":"https:\/\/www.pressenza.com\/pt-pt\/?s={search_term_string}"},"query-input":{"@type":"PropertyValueSpecification","valueRequired":true,"valueName":"search_term_string"}}],"inLanguage":"pt-PT"},{"@type":"Organization","@id":"https:\/\/www.pressenza.com\/pt-pt\/#organization","name":"Pressenza","url":"https:\/\/www.pressenza.com\/pt-pt\/","logo":{"@type":"ImageObject","inLanguage":"pt-PT","@id":"https:\/\/www.pressenza.com\/pt-pt\/#\/schema\/logo\/image\/","url":"https:\/\/www.pressenza.com\/wp-content\/uploads\/2022\/10\/pressenza_logo_200x200.jpg","contentUrl":"https:\/\/www.pressenza.com\/wp-content\/uploads\/2022\/10\/pressenza_logo_200x200.jpg","width":200,"height":200,"caption":"Pressenza"},"image":{"@id":"https:\/\/www.pressenza.com\/pt-pt\/#\/schema\/logo\/image\/"},"sameAs":["https:\/\/www.facebook.com\/PressenzaItalia","https:\/\/x.com\/PressenzaIPA"]},{"@type":"Person","@id":"https:\/\/www.pressenza.com\/pt-pt\/#\/schema\/person\/b7c775911f2c9a1b8c7225b94e2e9f37","name":"Deutsche Welle","description":"Articles and photographs by Deutsche Welle on Pressenza do not fall under the Creative Commons licence and are not reproducible in any way. www.dw.com","sameAs":["http:\/\/www.dw.com"],"url":"https:\/\/www.pressenza.com\/pt-pt\/author\/deutsche-welle\/"}]}},"place":"","original_article_url":"http:\/\/m.dw.com\/pt\/milhares-protestam-contra-presen%C3%A7a-militar-dos-eua-em-okinawa\/a-19341273?maca=bra-RSS_por_Pressenza_news-10755-html","_links":{"self":[{"href":"https:\/\/www.pressenza.com\/pt-pt\/wp-json\/wp\/v2\/posts\/331384","targetHints":{"allow":["GET"]}}],"collection":[{"href":"https:\/\/www.pressenza.com\/pt-pt\/wp-json\/wp\/v2\/posts"}],"about":[{"href":"https:\/\/www.pressenza.com\/pt-pt\/wp-json\/wp\/v2\/types\/post"}],"author":[{"embeddable":true,"href":"https:\/\/www.pressenza.com\/pt-pt\/wp-json\/wp\/v2\/users\/993"}],"replies":[{"embeddable":true,"href":"https:\/\/www.pressenza.com\/pt-pt\/wp-json\/wp\/v2\/comments?post=331384"}],"version-history":[{"count":0,"href":"https:\/\/www.pressenza.com\/pt-pt\/wp-json\/wp\/v2\/posts\/331384\/revisions"}],"wp:featuredmedia":[{"embeddable":true,"href":"https:\/\/www.pressenza.com\/pt-pt\/wp-json\/wp\/v2\/media\/331386"}],"wp:attachment":[{"href":"https:\/\/www.pressenza.com\/pt-pt\/wp-json\/wp\/v2\/media?parent=331384"}],"wp:term":[{"taxonomy":"category","embeddable":true,"href":"https:\/\/www.pressenza.com\/pt-pt\/wp-json\/wp\/v2\/categories?post=331384"},{"taxonomy":"post_tag","embeddable":true,"href":"https:\/\/www.pressenza.com\/pt-pt\/wp-json\/wp\/v2\/tags?post=331384"}],"curies":[{"name":"wp","href":"https:\/\/api.w.org\/{rel}","templated":true}]}}