{"id":330377,"date":"2016-06-16T20:09:13","date_gmt":"2016-06-16T19:09:13","guid":{"rendered":"http:\/\/www.pressenza.com\/pt-pt\/?p=330377"},"modified":"2016-06-16T20:09:13","modified_gmt":"2016-06-16T19:09:13","slug":"sao-paulo-em-luto-e-solidariedade-os-lideres-lgbt-da-florida-advertem-contra-islamofobia","status":"publish","type":"post","link":"https:\/\/www.pressenza.com\/pt-pt\/2016\/06\/sao-paulo-em-luto-e-solidariedade-os-lideres-lgbt-da-florida-advertem-contra-islamofobia\/","title":{"rendered":"S\u00e3o Paulo: Em luto e solidariedade, os l\u00edderes LGBT da Fl\u00f3rida advertem contra a Islamofobia"},"content":{"rendered":"<p>Comunidades impactadas advertem contra o desencadeamento de mais viol\u00eancia pelo \u00f3dio racista anti-mu\u00e7ulmano.<\/p>\n<p>Por Sarah Lazare \/ AlterNet \u2013 Tradu\u00e7\u00e3o C\u00e9sar Locatelli<\/p>\n<p>O terr\u00edvel tiroteio em massa, de domingo de manh\u00e3, em uma discoteca Orlando, Florida est\u00e1 sendo recebido com luto, indigna\u00e7\u00e3o, desgosto e solidariedade internacional, bem como com palavras de cautela contra o desencadeamento de novos ciclos de viol\u00eancia pela incita\u00e7\u00e3o anti-mu\u00e7ulmana e xen\u00f3foba.<\/p>\n<p>Cerca de 50 pessoas foram mortas e 53 feridos, quando um homem abriu fogo no clube Pulse, no meio do m\u00eas do Orgulho Gay. O atirador, identificado como Omar Mateen, cidad\u00e3o dos EUA, foi morto pela pol\u00edcia. Os relat\u00f3rios indicam que Mateen mencionou ISIS, em uma chamada que fez ao n\u00famero de emerg\u00eancia 911, durante o ataque, mas a informa\u00e7\u00e3o ainda est\u00e1 sendo averiguada.<\/p>\n<p>Cindy Wiesner, uma homossexual (queer) descendente de latinos, residente em Miami e coordenadora nacional para Grassroots Global Justice Alliance, disse AlterNet, \u201cEstou t\u00e3o triste e irritada com as vidas perdidas sem sentido, feridos e uma comunidade que ser\u00e1 permanentemente marcada. Eu me preocupo com a incita\u00e7\u00e3o ao \u00f3dio e \u00e0 vingan\u00e7a que Trump e os seus ir\u00e3o produzir. Ser\u00e1 que ele vai agora, oportunisticamente, defender a vida dos latinos e das pessoas LGBT ou somos apenas efeitos colaterais?\u201d<\/p>\n<p>A Alian\u00e7a Mu\u00e7ulmana para a Diversidade Sexual e de G\u00eanero, que trabalha para apoiar e capacitar LGBTs mu\u00e7ulmanos, declarou em um comunicado divulgado no domingo, \u201cEssa trag\u00e9dia n\u00e3o pode ser simplesmente classificada como uma luta entre a comunidade LGBT e a comunidade mu\u00e7ulmana. Como LGBTs mu\u00e7ulmanos, sabemos que existem muitos de n\u00f3s que vivem nas intersec\u00e7\u00f5es das identidades LGBT e Islam. Em momentos como este, somos duplamente atingidos\u201d.<\/p>\n<p>\u201cN\u00f3s rejeitamos as tentativas de perpetuar o \u00f3dio contra nossas comunidades LGBT, bem como contra nossas comunidades mu\u00e7ulmanas\u201d, continua o comunicado. \u201cPedimos a todos os americanos para resistir \u00e0s for\u00e7as de divis\u00e3o e \u00f3dio, e para se manter contra a homofobia, tanto quanto contra a Islamofobia e o fanatismo anti-mu\u00e7ulmano\u201d.<\/p>\n<p>Em um v\u00e1cuo de informa\u00e7\u00e3o, os meios de comunica\u00e7\u00e3o e os pol\u00edticos est\u00e3o especulando sobre la\u00e7os de Mateen com organiza\u00e7\u00f5es terroristas, com Bill Nelson, senador pela Florida, insinuando que Mateen tinha liga\u00e7\u00f5es com ISIS, admitindo que tal informa\u00e7\u00e3o n\u00e3o est\u00e1 confirmada. O jornal USA Today tuitou uma not\u00edcia ultrajante em rela\u00e7\u00e3o aos pais de Mateen, que nasceram no Afeganist\u00e3o, afirmando: Omar Mateen \u201cera um cidad\u00e3o EUA, mas alguns de seus familiares n\u00e3o s\u00e3o.\u201d Tal resposta vem em meio a uma elei\u00e7\u00e3o marcada por incitamento anti-mu\u00e7ulmano, acompanhado por um aumento nos crimes de \u00f3dio Islamof\u00f3bico.<\/p>\n<p>O candidato republicano \u00e1 presid\u00eancia, Donald Trump \u2013 que prop\u00f4s a expuls\u00e3o de mu\u00e7ulmanos n\u00e3o-americanos, a morte dos familiares de membros da ISIS, a press\u00e3o para for\u00e7ar o M\u00e9xico para construir um muro e a deporta\u00e7\u00e3o de milh\u00f5es de imigrantes \u2013 esta usando, oportunisticamente, o massacre se gabar de que ele est\u00e1 \u201ccerto sobre terrorismo isl\u00e2mico radical\u201d.<\/p>\n<p>Enquanto isso, Hermelinda Cortes, da organiza\u00e7\u00e3o liberta\u00e7\u00e3o homossexual Southerners on New Ground, disse \u00e0 AlterNet que essa ret\u00f3rica racista e xen\u00f3foba ainda corr\u00f3i a seguran\u00e7a das pessoas LGBT, muitos dos quais est\u00e3o em situa\u00e7\u00e3o irregular, refugiados, mu\u00e7ulmanos e negros. Cortes enfatizou que o ataque em Orlando \u00e9 \u201cparte de um movimento maior e de uma rea\u00e7\u00e3o cultural contra a luta LGBT para serem livres\u201d, citando a lei radicalmente anti-LGBT da Carolina do Norte. \u201cEstamos encarando esse ataque nesse contexto e n\u00e3o o vemos como um incidente isolado.\u201d<\/p>\n<p>Como no caso em quest\u00e3o, enquanto h\u00e1 uma necessidade urgente de doa\u00e7\u00f5es de sangue, muitos homens homossexuais e bissexuais s\u00e3o impedidos de doar devido \u00e0s regras discriminat\u00f3rias da FDA (ag\u00eancia equivalente \u00e0 Anvisa).<\/p>\n<p>Muitos argumentam que esse doloroso momento requer solidariedade e uma resposta mais matizada.<\/p>\n<p>\u201cA homofobia, transfobia e patriarcado mata em uma base di\u00e1ria,\u201d Darakshan Raja, fundador do F\u00f3rum Pol\u00edtico Mu\u00e7ulmano Americano de Mulheres, disse AlterNet. \u201cTodos n\u00f3s temos que intensificar nosso apoio as comunidades LGBT e acabar com a viol\u00eancia\u201d.<\/p>\n<p>\u201cAo mesmo tempo, precisamos ter cuidado com a narrativa em torno do atirador,\u201d Raja continuou. \u201cIslamofobia n\u00e3o vai lutar contra a homofobia\/transfobia, especialmente quando estes sistemas est\u00e3o interligados.\u201d<\/p>\n<p>Ashley Green, organizadora, residente em Tampa Bay, da Dream Defenders, concorda. \u201cVer nossos irm\u00e3os e irm\u00e3s tornarem-se alvos por conta de quem amam \u00e9 triste e tr\u00e1gico,\u201d Green disse \u00e0 AlterNet. \u201cN\u00f3s precisamos rejeitar a homofobia e a Islamofobia. Uma forma de \u00f3dio n\u00e3o pode justificar o outro.\u201d<\/p>\n<p>A organiza\u00e7\u00e3o Equality Florida observou, em um comunicado divulgado domingo de manh\u00e3, que os \u201cclubes gays ocupam um lugar significativo na hist\u00f3ria LGBT. Eram muitas vezes o \u00fanico local de encontro seguro e esse ato terr\u00edvel atinge diretamente nosso sentimento de seguran\u00e7a. Junho \u00e9 o m\u00eas de comemora\u00e7\u00e3o em nossa comunidade, que nos levantamos contra a viol\u00eancia anti-LGBT no Stonewall Inn, a boate que se tornou o primeiro local LGBT, reconhecido como um monumento nacional\u201d.<\/p>\n<p>\u201cEstamos de cora\u00e7\u00e3o partido e com raiva\u201d, afirmou a organiza\u00e7\u00e3o, \u201cque a viol\u00eancia sem sentido destruiu vidas mais uma vez em nosso estado e em nosso pa\u00eds.\u201d<\/p>\n<p>Fonte: JORNALISTAS LIVRES &#8211;\u00a0M\u00eddia democr\u00e1tica, plural, em rede, pela diversidade e defesa implac\u00e1vel dos direitos humanos.<\/p>\n","protected":false},"excerpt":{"rendered":"<p>Comunidades impactadas advertem contra o desencadeamento de mais viol\u00eancia pelo \u00f3dio racista anti-mu\u00e7ulmano. Por Sarah Lazare \/ AlterNet \u2013 Tradu\u00e7\u00e3o C\u00e9sar Locatelli O terr\u00edvel tiroteio em massa, de domingo de manh\u00e3, em uma discoteca Orlando, Florida est\u00e1 sendo recebido com&hellip;<\/p>\n","protected":false},"author":44,"featured_media":330378,"comment_status":"closed","ping_status":"closed","sticky":false,"template":"","format":"standard","meta":{"footnotes":""},"categories":[104,116,1255,1256],"tags":[28048,13854,5158,28049,28047],"class_list":["post-330377","post","type-post","status-publish","format-standard","has-post-thumbnail","hentry","category-america-do-sul","category-direitos-humanos","category-diversidade","category-nao-violencia","tag-clube-pulse","tag-islamofobia","tag-lgbt-pt-pt","tag-omar-mateen","tag-orlando-florida"],"yoast_head":"<!-- This site is optimized with the Yoast SEO plugin v27.1.1 - https:\/\/yoast.com\/product\/yoast-seo-wordpress\/ -->\n<title>S\u00e3o Paulo: Em luto e solidariedade, os l\u00edderes LGBT da Fl\u00f3rida advertem contra a Islamofobia<\/title>\n<meta name=\"description\" content=\"Comunidades impactadas advertem contra o desencadeamento de mais viol\u00eancia pelo \u00f3dio racista anti-mu\u00e7ulmano. Por Sarah Lazare \/ AlterNet \u2013 Tradu\u00e7\u00e3o C\u00e9sar\" \/>\n<meta name=\"robots\" content=\"index, follow, max-snippet:-1, max-image-preview:large, max-video-preview:-1\" \/>\n<link rel=\"canonical\" href=\"https:\/\/www.pressenza.com\/pt-pt\/2016\/06\/sao-paulo-em-luto-e-solidariedade-os-lideres-lgbt-da-florida-advertem-contra-islamofobia\/\" \/>\n<meta property=\"og:locale\" content=\"pt_PT\" \/>\n<meta property=\"og:type\" content=\"article\" \/>\n<meta property=\"og:title\" content=\"S\u00e3o Paulo: Em luto e solidariedade, os l\u00edderes LGBT da Fl\u00f3rida advertem contra a Islamofobia\" \/>\n<meta property=\"og:description\" content=\"Comunidades impactadas advertem contra o desencadeamento de mais viol\u00eancia pelo \u00f3dio racista anti-mu\u00e7ulmano. Por Sarah Lazare \/ AlterNet \u2013 Tradu\u00e7\u00e3o C\u00e9sar\" \/>\n<meta property=\"og:url\" content=\"https:\/\/www.pressenza.com\/pt-pt\/2016\/06\/sao-paulo-em-luto-e-solidariedade-os-lideres-lgbt-da-florida-advertem-contra-islamofobia\/\" \/>\n<meta property=\"og:site_name\" content=\"Pressenza\" \/>\n<meta property=\"article:publisher\" content=\"https:\/\/www.facebook.com\/PressenzaItalia\" \/>\n<meta property=\"article:author\" content=\"https:\/\/www.facebook.com\/PressenzaPortugues\" \/>\n<meta property=\"article:published_time\" content=\"2016-06-16T19:09:13+00:00\" \/>\n<meta property=\"og:image\" content=\"https:\/\/www.pressenza.com\/wp-content\/uploads\/2016\/06\/vigilia-masp.jpeg\" \/>\n\t<meta property=\"og:image:width\" content=\"800\" \/>\n\t<meta property=\"og:image:height\" content=\"445\" \/>\n\t<meta property=\"og:image:type\" content=\"image\/jpeg\" \/>\n<meta name=\"author\" content=\"Reda\u00e7\u00e3o S\u00e3o Paulo\" \/>\n<meta name=\"twitter:card\" content=\"summary_large_image\" \/>\n<meta name=\"twitter:creator\" content=\"@pressenza_pt\" \/>\n<meta name=\"twitter:site\" content=\"@PressenzaIPA\" \/>\n<meta name=\"twitter:label1\" content=\"Escrito por\" \/>\n\t<meta name=\"twitter:data1\" content=\"Reda\u00e7\u00e3o S\u00e3o Paulo\" \/>\n\t<meta name=\"twitter:label2\" content=\"Tempo estimado de leitura\" \/>\n\t<meta name=\"twitter:data2\" content=\"5 minutos\" \/>\n<script type=\"application\/ld+json\" class=\"yoast-schema-graph\">{\"@context\":\"https:\/\/schema.org\",\"@graph\":[{\"@type\":\"Article\",\"@id\":\"https:\/\/www.pressenza.com\/pt-pt\/2016\/06\/sao-paulo-em-luto-e-solidariedade-os-lideres-lgbt-da-florida-advertem-contra-islamofobia\/#article\",\"isPartOf\":{\"@id\":\"https:\/\/www.pressenza.com\/pt-pt\/2016\/06\/sao-paulo-em-luto-e-solidariedade-os-lideres-lgbt-da-florida-advertem-contra-islamofobia\/\"},\"author\":{\"name\":\"Reda\u00e7\u00e3o S\u00e3o Paulo\",\"@id\":\"https:\/\/www.pressenza.com\/pt-pt\/#\/schema\/person\/d171826afb7693cfc394da95892bfd93\"},\"headline\":\"S\u00e3o Paulo: Em luto e solidariedade, os l\u00edderes LGBT da Fl\u00f3rida advertem contra a Islamofobia\",\"datePublished\":\"2016-06-16T19:09:13+00:00\",\"mainEntityOfPage\":{\"@id\":\"https:\/\/www.pressenza.com\/pt-pt\/2016\/06\/sao-paulo-em-luto-e-solidariedade-os-lideres-lgbt-da-florida-advertem-contra-islamofobia\/\"},\"wordCount\":954,\"publisher\":{\"@id\":\"https:\/\/www.pressenza.com\/pt-pt\/#organization\"},\"image\":{\"@id\":\"https:\/\/www.pressenza.com\/pt-pt\/2016\/06\/sao-paulo-em-luto-e-solidariedade-os-lideres-lgbt-da-florida-advertem-contra-islamofobia\/#primaryimage\"},\"thumbnailUrl\":\"https:\/\/www.pressenza.com\/wp-content\/uploads\/2016\/06\/vigilia-masp.jpeg\",\"keywords\":[\"clube Pulse\",\"islamofobia\",\"LGBT\",\"Omar Mateen\",\"Orlando - Florida\"],\"articleSection\":[\"\u00c1m\u00e9rica do Sul\",\"Direitos Humanos\",\"Diversidade\",\"N\u00e3o viol\u00eancia\"],\"inLanguage\":\"pt-PT\"},{\"@type\":\"WebPage\",\"@id\":\"https:\/\/www.pressenza.com\/pt-pt\/2016\/06\/sao-paulo-em-luto-e-solidariedade-os-lideres-lgbt-da-florida-advertem-contra-islamofobia\/\",\"url\":\"https:\/\/www.pressenza.com\/pt-pt\/2016\/06\/sao-paulo-em-luto-e-solidariedade-os-lideres-lgbt-da-florida-advertem-contra-islamofobia\/\",\"name\":\"S\u00e3o Paulo: Em luto e solidariedade, os l\u00edderes LGBT da Fl\u00f3rida advertem contra a Islamofobia\",\"isPartOf\":{\"@id\":\"https:\/\/www.pressenza.com\/pt-pt\/#website\"},\"primaryImageOfPage\":{\"@id\":\"https:\/\/www.pressenza.com\/pt-pt\/2016\/06\/sao-paulo-em-luto-e-solidariedade-os-lideres-lgbt-da-florida-advertem-contra-islamofobia\/#primaryimage\"},\"image\":{\"@id\":\"https:\/\/www.pressenza.com\/pt-pt\/2016\/06\/sao-paulo-em-luto-e-solidariedade-os-lideres-lgbt-da-florida-advertem-contra-islamofobia\/#primaryimage\"},\"thumbnailUrl\":\"https:\/\/www.pressenza.com\/wp-content\/uploads\/2016\/06\/vigilia-masp.jpeg\",\"datePublished\":\"2016-06-16T19:09:13+00:00\",\"description\":\"Comunidades impactadas advertem contra o desencadeamento de mais viol\u00eancia pelo \u00f3dio racista anti-mu\u00e7ulmano. Por Sarah Lazare \/ AlterNet \u2013 Tradu\u00e7\u00e3o C\u00e9sar\",\"breadcrumb\":{\"@id\":\"https:\/\/www.pressenza.com\/pt-pt\/2016\/06\/sao-paulo-em-luto-e-solidariedade-os-lideres-lgbt-da-florida-advertem-contra-islamofobia\/#breadcrumb\"},\"inLanguage\":\"pt-PT\",\"potentialAction\":[{\"@type\":\"ReadAction\",\"target\":[\"https:\/\/www.pressenza.com\/pt-pt\/2016\/06\/sao-paulo-em-luto-e-solidariedade-os-lideres-lgbt-da-florida-advertem-contra-islamofobia\/\"]}]},{\"@type\":\"ImageObject\",\"inLanguage\":\"pt-PT\",\"@id\":\"https:\/\/www.pressenza.com\/pt-pt\/2016\/06\/sao-paulo-em-luto-e-solidariedade-os-lideres-lgbt-da-florida-advertem-contra-islamofobia\/#primaryimage\",\"url\":\"https:\/\/www.pressenza.com\/wp-content\/uploads\/2016\/06\/vigilia-masp.jpeg\",\"contentUrl\":\"https:\/\/www.pressenza.com\/wp-content\/uploads\/2016\/06\/vigilia-masp.jpeg\",\"width\":800,\"height\":445,\"caption\":\"Vig\u00edlia pelos mortos no massacre de Orlando, Masp SP. Foto Henrique Cartaxo\"},{\"@type\":\"BreadcrumbList\",\"@id\":\"https:\/\/www.pressenza.com\/pt-pt\/2016\/06\/sao-paulo-em-luto-e-solidariedade-os-lideres-lgbt-da-florida-advertem-contra-islamofobia\/#breadcrumb\",\"itemListElement\":[{\"@type\":\"ListItem\",\"position\":1,\"name\":\"Accueil\",\"item\":\"https:\/\/www.pressenza.com\/pt-pt\/\"},{\"@type\":\"ListItem\",\"position\":2,\"name\":\"S\u00e3o Paulo: Em luto e solidariedade, os l\u00edderes LGBT da Fl\u00f3rida advertem contra a Islamofobia\"}]},{\"@type\":\"WebSite\",\"@id\":\"https:\/\/www.pressenza.com\/pt-pt\/#website\",\"url\":\"https:\/\/www.pressenza.com\/pt-pt\/\",\"name\":\"Pressenza\",\"description\":\"International Press Agency\",\"publisher\":{\"@id\":\"https:\/\/www.pressenza.com\/pt-pt\/#organization\"},\"potentialAction\":[{\"@type\":\"SearchAction\",\"target\":{\"@type\":\"EntryPoint\",\"urlTemplate\":\"https:\/\/www.pressenza.com\/pt-pt\/?s={search_term_string}\"},\"query-input\":{\"@type\":\"PropertyValueSpecification\",\"valueRequired\":true,\"valueName\":\"search_term_string\"}}],\"inLanguage\":\"pt-PT\"},{\"@type\":\"Organization\",\"@id\":\"https:\/\/www.pressenza.com\/pt-pt\/#organization\",\"name\":\"Pressenza\",\"url\":\"https:\/\/www.pressenza.com\/pt-pt\/\",\"logo\":{\"@type\":\"ImageObject\",\"inLanguage\":\"pt-PT\",\"@id\":\"https:\/\/www.pressenza.com\/pt-pt\/#\/schema\/logo\/image\/\",\"url\":\"https:\/\/www.pressenza.com\/wp-content\/uploads\/2022\/10\/pressenza_logo_200x200.jpg\",\"contentUrl\":\"https:\/\/www.pressenza.com\/wp-content\/uploads\/2022\/10\/pressenza_logo_200x200.jpg\",\"width\":200,\"height\":200,\"caption\":\"Pressenza\"},\"image\":{\"@id\":\"https:\/\/www.pressenza.com\/pt-pt\/#\/schema\/logo\/image\/\"},\"sameAs\":[\"https:\/\/www.facebook.com\/PressenzaItalia\",\"https:\/\/x.com\/PressenzaIPA\"]},{\"@type\":\"Person\",\"@id\":\"https:\/\/www.pressenza.com\/pt-pt\/#\/schema\/person\/d171826afb7693cfc394da95892bfd93\",\"name\":\"Reda\u00e7\u00e3o S\u00e3o Paulo\",\"description\":\"News from the Pressenza bureau in Sao Paulo, Brazil\",\"sameAs\":[\"https:\/\/www.facebook.com\/PressenzaPortugues\",\"https:\/\/x.com\/pressenza_pt\"],\"url\":\"https:\/\/www.pressenza.com\/pt-pt\/author\/redaccao-sao-paulo\/\"}]}<\/script>\n<!-- \/ Yoast SEO plugin. -->","yoast_head_json":{"title":"S\u00e3o Paulo: Em luto e solidariedade, os l\u00edderes LGBT da Fl\u00f3rida advertem contra a Islamofobia","description":"Comunidades impactadas advertem contra o desencadeamento de mais viol\u00eancia pelo \u00f3dio racista anti-mu\u00e7ulmano. Por Sarah Lazare \/ AlterNet \u2013 Tradu\u00e7\u00e3o C\u00e9sar","robots":{"index":"index","follow":"follow","max-snippet":"max-snippet:-1","max-image-preview":"max-image-preview:large","max-video-preview":"max-video-preview:-1"},"canonical":"https:\/\/www.pressenza.com\/pt-pt\/2016\/06\/sao-paulo-em-luto-e-solidariedade-os-lideres-lgbt-da-florida-advertem-contra-islamofobia\/","og_locale":"pt_PT","og_type":"article","og_title":"S\u00e3o Paulo: Em luto e solidariedade, os l\u00edderes LGBT da Fl\u00f3rida advertem contra a Islamofobia","og_description":"Comunidades impactadas advertem contra o desencadeamento de mais viol\u00eancia pelo \u00f3dio racista anti-mu\u00e7ulmano. Por Sarah Lazare \/ AlterNet \u2013 Tradu\u00e7\u00e3o C\u00e9sar","og_url":"https:\/\/www.pressenza.com\/pt-pt\/2016\/06\/sao-paulo-em-luto-e-solidariedade-os-lideres-lgbt-da-florida-advertem-contra-islamofobia\/","og_site_name":"Pressenza","article_publisher":"https:\/\/www.facebook.com\/PressenzaItalia","article_author":"https:\/\/www.facebook.com\/PressenzaPortugues","article_published_time":"2016-06-16T19:09:13+00:00","og_image":[{"width":800,"height":445,"url":"https:\/\/www.pressenza.com\/wp-content\/uploads\/2016\/06\/vigilia-masp.jpeg","type":"image\/jpeg"}],"author":"Reda\u00e7\u00e3o S\u00e3o Paulo","twitter_card":"summary_large_image","twitter_creator":"@pressenza_pt","twitter_site":"@PressenzaIPA","twitter_misc":{"Escrito por":"Reda\u00e7\u00e3o S\u00e3o Paulo","Tempo estimado de leitura":"5 minutos"},"schema":{"@context":"https:\/\/schema.org","@graph":[{"@type":"Article","@id":"https:\/\/www.pressenza.com\/pt-pt\/2016\/06\/sao-paulo-em-luto-e-solidariedade-os-lideres-lgbt-da-florida-advertem-contra-islamofobia\/#article","isPartOf":{"@id":"https:\/\/www.pressenza.com\/pt-pt\/2016\/06\/sao-paulo-em-luto-e-solidariedade-os-lideres-lgbt-da-florida-advertem-contra-islamofobia\/"},"author":{"name":"Reda\u00e7\u00e3o S\u00e3o Paulo","@id":"https:\/\/www.pressenza.com\/pt-pt\/#\/schema\/person\/d171826afb7693cfc394da95892bfd93"},"headline":"S\u00e3o Paulo: Em luto e solidariedade, os l\u00edderes LGBT da Fl\u00f3rida advertem contra a Islamofobia","datePublished":"2016-06-16T19:09:13+00:00","mainEntityOfPage":{"@id":"https:\/\/www.pressenza.com\/pt-pt\/2016\/06\/sao-paulo-em-luto-e-solidariedade-os-lideres-lgbt-da-florida-advertem-contra-islamofobia\/"},"wordCount":954,"publisher":{"@id":"https:\/\/www.pressenza.com\/pt-pt\/#organization"},"image":{"@id":"https:\/\/www.pressenza.com\/pt-pt\/2016\/06\/sao-paulo-em-luto-e-solidariedade-os-lideres-lgbt-da-florida-advertem-contra-islamofobia\/#primaryimage"},"thumbnailUrl":"https:\/\/www.pressenza.com\/wp-content\/uploads\/2016\/06\/vigilia-masp.jpeg","keywords":["clube Pulse","islamofobia","LGBT","Omar Mateen","Orlando - Florida"],"articleSection":["\u00c1m\u00e9rica do Sul","Direitos Humanos","Diversidade","N\u00e3o viol\u00eancia"],"inLanguage":"pt-PT"},{"@type":"WebPage","@id":"https:\/\/www.pressenza.com\/pt-pt\/2016\/06\/sao-paulo-em-luto-e-solidariedade-os-lideres-lgbt-da-florida-advertem-contra-islamofobia\/","url":"https:\/\/www.pressenza.com\/pt-pt\/2016\/06\/sao-paulo-em-luto-e-solidariedade-os-lideres-lgbt-da-florida-advertem-contra-islamofobia\/","name":"S\u00e3o Paulo: Em luto e solidariedade, os l\u00edderes LGBT da Fl\u00f3rida advertem contra a Islamofobia","isPartOf":{"@id":"https:\/\/www.pressenza.com\/pt-pt\/#website"},"primaryImageOfPage":{"@id":"https:\/\/www.pressenza.com\/pt-pt\/2016\/06\/sao-paulo-em-luto-e-solidariedade-os-lideres-lgbt-da-florida-advertem-contra-islamofobia\/#primaryimage"},"image":{"@id":"https:\/\/www.pressenza.com\/pt-pt\/2016\/06\/sao-paulo-em-luto-e-solidariedade-os-lideres-lgbt-da-florida-advertem-contra-islamofobia\/#primaryimage"},"thumbnailUrl":"https:\/\/www.pressenza.com\/wp-content\/uploads\/2016\/06\/vigilia-masp.jpeg","datePublished":"2016-06-16T19:09:13+00:00","description":"Comunidades impactadas advertem contra o desencadeamento de mais viol\u00eancia pelo \u00f3dio racista anti-mu\u00e7ulmano. Por Sarah Lazare \/ AlterNet \u2013 Tradu\u00e7\u00e3o C\u00e9sar","breadcrumb":{"@id":"https:\/\/www.pressenza.com\/pt-pt\/2016\/06\/sao-paulo-em-luto-e-solidariedade-os-lideres-lgbt-da-florida-advertem-contra-islamofobia\/#breadcrumb"},"inLanguage":"pt-PT","potentialAction":[{"@type":"ReadAction","target":["https:\/\/www.pressenza.com\/pt-pt\/2016\/06\/sao-paulo-em-luto-e-solidariedade-os-lideres-lgbt-da-florida-advertem-contra-islamofobia\/"]}]},{"@type":"ImageObject","inLanguage":"pt-PT","@id":"https:\/\/www.pressenza.com\/pt-pt\/2016\/06\/sao-paulo-em-luto-e-solidariedade-os-lideres-lgbt-da-florida-advertem-contra-islamofobia\/#primaryimage","url":"https:\/\/www.pressenza.com\/wp-content\/uploads\/2016\/06\/vigilia-masp.jpeg","contentUrl":"https:\/\/www.pressenza.com\/wp-content\/uploads\/2016\/06\/vigilia-masp.jpeg","width":800,"height":445,"caption":"Vig\u00edlia pelos mortos no massacre de Orlando, Masp SP. Foto Henrique Cartaxo"},{"@type":"BreadcrumbList","@id":"https:\/\/www.pressenza.com\/pt-pt\/2016\/06\/sao-paulo-em-luto-e-solidariedade-os-lideres-lgbt-da-florida-advertem-contra-islamofobia\/#breadcrumb","itemListElement":[{"@type":"ListItem","position":1,"name":"Accueil","item":"https:\/\/www.pressenza.com\/pt-pt\/"},{"@type":"ListItem","position":2,"name":"S\u00e3o Paulo: Em luto e solidariedade, os l\u00edderes LGBT da Fl\u00f3rida advertem contra a Islamofobia"}]},{"@type":"WebSite","@id":"https:\/\/www.pressenza.com\/pt-pt\/#website","url":"https:\/\/www.pressenza.com\/pt-pt\/","name":"Pressenza","description":"International Press Agency","publisher":{"@id":"https:\/\/www.pressenza.com\/pt-pt\/#organization"},"potentialAction":[{"@type":"SearchAction","target":{"@type":"EntryPoint","urlTemplate":"https:\/\/www.pressenza.com\/pt-pt\/?s={search_term_string}"},"query-input":{"@type":"PropertyValueSpecification","valueRequired":true,"valueName":"search_term_string"}}],"inLanguage":"pt-PT"},{"@type":"Organization","@id":"https:\/\/www.pressenza.com\/pt-pt\/#organization","name":"Pressenza","url":"https:\/\/www.pressenza.com\/pt-pt\/","logo":{"@type":"ImageObject","inLanguage":"pt-PT","@id":"https:\/\/www.pressenza.com\/pt-pt\/#\/schema\/logo\/image\/","url":"https:\/\/www.pressenza.com\/wp-content\/uploads\/2022\/10\/pressenza_logo_200x200.jpg","contentUrl":"https:\/\/www.pressenza.com\/wp-content\/uploads\/2022\/10\/pressenza_logo_200x200.jpg","width":200,"height":200,"caption":"Pressenza"},"image":{"@id":"https:\/\/www.pressenza.com\/pt-pt\/#\/schema\/logo\/image\/"},"sameAs":["https:\/\/www.facebook.com\/PressenzaItalia","https:\/\/x.com\/PressenzaIPA"]},{"@type":"Person","@id":"https:\/\/www.pressenza.com\/pt-pt\/#\/schema\/person\/d171826afb7693cfc394da95892bfd93","name":"Reda\u00e7\u00e3o S\u00e3o Paulo","description":"News from the Pressenza bureau in Sao Paulo, Brazil","sameAs":["https:\/\/www.facebook.com\/PressenzaPortugues","https:\/\/x.com\/pressenza_pt"],"url":"https:\/\/www.pressenza.com\/pt-pt\/author\/redaccao-sao-paulo\/"}]}},"place":"","original_article_url":"https:\/\/jornalistaslivres.org\/2016\/06\/em-luto-e-solidariedade-os-lideres-locais-lgbt-advertem-contra-islamofobia\/","_links":{"self":[{"href":"https:\/\/www.pressenza.com\/pt-pt\/wp-json\/wp\/v2\/posts\/330377","targetHints":{"allow":["GET"]}}],"collection":[{"href":"https:\/\/www.pressenza.com\/pt-pt\/wp-json\/wp\/v2\/posts"}],"about":[{"href":"https:\/\/www.pressenza.com\/pt-pt\/wp-json\/wp\/v2\/types\/post"}],"author":[{"embeddable":true,"href":"https:\/\/www.pressenza.com\/pt-pt\/wp-json\/wp\/v2\/users\/44"}],"replies":[{"embeddable":true,"href":"https:\/\/www.pressenza.com\/pt-pt\/wp-json\/wp\/v2\/comments?post=330377"}],"version-history":[{"count":0,"href":"https:\/\/www.pressenza.com\/pt-pt\/wp-json\/wp\/v2\/posts\/330377\/revisions"}],"wp:featuredmedia":[{"embeddable":true,"href":"https:\/\/www.pressenza.com\/pt-pt\/wp-json\/wp\/v2\/media\/330378"}],"wp:attachment":[{"href":"https:\/\/www.pressenza.com\/pt-pt\/wp-json\/wp\/v2\/media?parent=330377"}],"wp:term":[{"taxonomy":"category","embeddable":true,"href":"https:\/\/www.pressenza.com\/pt-pt\/wp-json\/wp\/v2\/categories?post=330377"},{"taxonomy":"post_tag","embeddable":true,"href":"https:\/\/www.pressenza.com\/pt-pt\/wp-json\/wp\/v2\/tags?post=330377"}],"curies":[{"name":"wp","href":"https:\/\/api.w.org\/{rel}","templated":true}]}}