{"id":319202,"date":"2016-05-18T20:45:07","date_gmt":"2016-05-18T19:45:07","guid":{"rendered":"http:\/\/www.pressenza.com\/pt-pt\/?p=319202"},"modified":"2016-05-19T19:38:51","modified_gmt":"2016-05-19T18:38:51","slug":"parque-infantil-jardim-imaginario-esta-quase-pronto","status":"publish","type":"post","link":"https:\/\/www.pressenza.com\/pt-pt\/2016\/05\/parque-infantil-jardim-imaginario-esta-quase-pronto\/","title":{"rendered":"Mun. de Porto\/ Portugal: Parque Infantil do Jardim Imagin\u00e1rio est\u00e1 quase pronto"},"content":{"rendered":"<p>Celebrar a for\u00e7a da comunidade<\/p>\n<p>O Jardim imagin\u00e1rio est\u00e1 cada vez mais pr\u00f3ximo de ser aquilo que a popula\u00e7\u00e3o da Areosa (Porto) desejou que ele fosse: mais do que um jardim p\u00fablico, um espa\u00e7o de reabilita\u00e7\u00e3o do esp\u00edrito comunit\u00e1rio. Mal o sol espreitou, num interregno das longas chuvas, o Grupo Humanistas pela n\u00e3o-viol\u00eancia promoveu novo conv\u00edvio num lugar onde a magia paira: \u00e9 grande a vontade de celebrar a cidadania com a inaugura\u00e7\u00e3o do parque infantil!<br \/>\n<img loading=\"lazy\" decoding=\"async\" src=\"http:\/\/www.pressenza.com\/wp-content\/uploads\/2016\/05\/15052016-_MG_9051-720x481.jpg\" alt=\"15052016-_MG_9051\" width=\"720\" height=\"481\" class=\"alignnone size-large wp-image-319212\" srcset=\"https:\/\/www.pressenza.com\/wp-content\/uploads\/2016\/05\/15052016-_MG_9051-720x481.jpg 720w, https:\/\/www.pressenza.com\/wp-content\/uploads\/2016\/05\/15052016-_MG_9051-300x200.jpg 300w, https:\/\/www.pressenza.com\/wp-content\/uploads\/2016\/05\/15052016-_MG_9051-768x513.jpg 768w, https:\/\/www.pressenza.com\/wp-content\/uploads\/2016\/05\/15052016-_MG_9051.jpg 963w\" sizes=\"auto, (max-width: 720px) 100vw, 720px\" \/><\/p>\n<p>O Parque Infantil do Jardim Imagin\u00e1rio est\u00e1 quase pronto. O pequeno espa\u00e7o verde, em terreno camar\u00e1rio, n\u00e3o escapou ao olhar atento e interventivo do Grupo Humanistas pela n\u00e3o-viol\u00eancia, que desde 2013 mobilizou a popula\u00e7\u00e3o da Areosa, Porto, no sentido de mostrar \u00e0 autarquia local um desejo colectivo: criar um jardim p\u00fablico dotado de ilumina\u00e7\u00e3o, sinaliza\u00e7\u00e3o e parque infantil. As \u00e1rvores (sobreiros e pinheiros, entre outros esp\u00e9cies arbustivas) e bonita erva j\u00e1 l\u00e1 moravam.<\/p>\n<p><img loading=\"lazy\" decoding=\"async\" src=\"http:\/\/www.pressenza.com\/wp-content\/uploads\/2016\/05\/15052016-_MG_8858-720x480.jpg\" alt=\"15052016-_MG_8858\" width=\"720\" height=\"480\" class=\"alignnone size-large wp-image-319219\" srcset=\"https:\/\/www.pressenza.com\/wp-content\/uploads\/2016\/05\/15052016-_MG_8858-720x480.jpg 720w, https:\/\/www.pressenza.com\/wp-content\/uploads\/2016\/05\/15052016-_MG_8858-300x200.jpg 300w, https:\/\/www.pressenza.com\/wp-content\/uploads\/2016\/05\/15052016-_MG_8858-768x512.jpg 768w, https:\/\/www.pressenza.com\/wp-content\/uploads\/2016\/05\/15052016-_MG_8858.jpg 898w\" sizes=\"auto, (max-width: 720px) 100vw, 720px\" \/><\/p>\n<p>E agora falta pouco. Por isso, aproveitando o sol de 15 de Maio, e apesar da chuva ter atrasado a conclus\u00e3o do parque infantil, os vizinhos sa\u00edram \u00e0 rua para dar forma a esse esp\u00edrito de comunidade.<\/p>\n<p><img loading=\"lazy\" decoding=\"async\" src=\"http:\/\/www.pressenza.com\/wp-content\/uploads\/2016\/05\/15052016-_MG_8848-720x474.jpg\" alt=\"15052016-_MG_8848\" width=\"720\" height=\"474\" class=\"alignnone size-large wp-image-319226\" srcset=\"https:\/\/www.pressenza.com\/wp-content\/uploads\/2016\/05\/15052016-_MG_8848-720x474.jpg 720w, https:\/\/www.pressenza.com\/wp-content\/uploads\/2016\/05\/15052016-_MG_8848-300x197.jpg 300w, https:\/\/www.pressenza.com\/wp-content\/uploads\/2016\/05\/15052016-_MG_8848-768x506.jpg 768w, https:\/\/www.pressenza.com\/wp-content\/uploads\/2016\/05\/15052016-_MG_8848.jpg 910w\" sizes=\"auto, (max-width: 720px) 100vw, 720px\" \/><\/p>\n<p>Inspirados pelo forte desejo de criar o Espa\u00e7o Humanista das Crian\u00e7as, o grupo promoveu uma Cerim\u00f3nia que \u201cconverte as crian\u00e7as em participantes de uma comunidade que se compromete a tom\u00e1-las a seu cargo no caso de circunst\u00e2ncias infelizes as deixarem desamparadas\u201d. \u201c\u00c9 atrav\u00e9s das crian\u00e7as que reconhecemos \u201ca mudan\u00e7a de situa\u00e7\u00e3o e de etapa no ser humano\u201d, por isso \u201cpedimos protec\u00e7\u00e3o para elas e as acolhemos como a novos filhos\u201d, ouviu-se num momento em que se respirou verdade e espiritualidade pela voz das oficiante e auxiliar. As crian\u00e7as ficaram muito atentas. <\/p>\n<p>Mas s\u00f3 nesse momento! De resto, o dia foi dedicado a subir ao pinheiro encantado, a jogar \u00e0 bola e a grandes correrias. Os adultos, como sempre, dividiram-se entre brincadeiras e conversas criativas.<\/p>\n<p><img loading=\"lazy\" decoding=\"async\" src=\"http:\/\/www.pressenza.com\/wp-content\/uploads\/2016\/05\/15052016-_MG_8824-720x480.jpg\" alt=\"15052016-_MG_8824\" width=\"720\" height=\"480\" class=\"alignnone size-large wp-image-319233\" srcset=\"https:\/\/www.pressenza.com\/wp-content\/uploads\/2016\/05\/15052016-_MG_8824-720x480.jpg 720w, https:\/\/www.pressenza.com\/wp-content\/uploads\/2016\/05\/15052016-_MG_8824-300x200.jpg 300w, https:\/\/www.pressenza.com\/wp-content\/uploads\/2016\/05\/15052016-_MG_8824-768x512.jpg 768w, https:\/\/www.pressenza.com\/wp-content\/uploads\/2016\/05\/15052016-_MG_8824.jpg 964w\" sizes=\"auto, (max-width: 720px) 100vw, 720px\" \/><\/p>\n<p>O esp\u00edrito comunit\u00e1rio estende-se \u00e0 Quinta de S\u00e3o Rom\u00e3o, reabilitada pelo Rancho Folcl\u00f3rico de Paranhos, que oferece agora um servi\u00e7o de bar, acolhedor e r\u00fastico, e uma esplanada solarenga. S\u00f3 nos resta citar Fernando Pessoa: \u201cDeus quer, o homem sonha, a obra nasce\u201d.<\/p>\n<p>O Jardim Imagin\u00e1rio nasceu de uma iniciativa do Grupo Humanistas pela N\u00e3o-Viol\u00eancia, que deu entrada de uma peti\u00e7\u00e3o na C\u00e2mara Municipal do Porto com mais de 800 assinaturas e promoveu v\u00e1rias dilig\u00eancias para que este fosse uma realidade.<\/p>\n<p>Fonte: Onda Humanista<\/p>\n","protected":false},"excerpt":{"rendered":"<p>Celebrar a for\u00e7a da comunidade O Jardim imagin\u00e1rio est\u00e1 cada vez mais pr\u00f3ximo de ser aquilo que a popula\u00e7\u00e3o da Areosa (Porto) desejou que ele fosse: mais do que um jardim p\u00fablico, um espa\u00e7o de reabilita\u00e7\u00e3o do esp\u00edrito comunit\u00e1rio. Mal&hellip;<\/p>\n","protected":false},"author":44,"featured_media":319240,"comment_status":"closed","ping_status":"closed","sticky":false,"template":"","format":"standard","meta":{"footnotes":""},"categories":[11390,1252,103,1254],"tags":[27222,27224,27221,27223],"class_list":["post-319202","post","type-post","status-publish","format-standard","has-post-thumbnail","hentry","category-conteudo-original","category-educacao","category-europa-pt-pt","category-humanismo-espiritualidade","tag-camara-municipal-do-porto","tag-grupo-humanistas-pela-nao-violencia","tag-jardim-imaginario","tag-rancho-folclorico-de-paranhos"],"yoast_head":"<!-- This site is optimized with the Yoast SEO plugin v27.1.1 - https:\/\/yoast.com\/product\/yoast-seo-wordpress\/ -->\n<title>Mun. de Porto\/ Portugal: Parque Infantil do Jardim Imagin\u00e1rio est\u00e1 quase pronto<\/title>\n<meta name=\"description\" content=\"Celebrar a for\u00e7a da comunidade O Jardim imagin\u00e1rio est\u00e1 cada vez mais pr\u00f3ximo de ser aquilo que a popula\u00e7\u00e3o da Areosa (Porto) desejou que ele fosse: mais\" \/>\n<meta name=\"robots\" content=\"index, follow, max-snippet:-1, max-image-preview:large, max-video-preview:-1\" \/>\n<link rel=\"canonical\" href=\"https:\/\/www.pressenza.com\/pt-pt\/2016\/05\/parque-infantil-jardim-imaginario-esta-quase-pronto\/\" \/>\n<meta property=\"og:locale\" content=\"pt_PT\" \/>\n<meta property=\"og:type\" content=\"article\" \/>\n<meta property=\"og:title\" content=\"Mun. de Porto\/ Portugal: Parque Infantil do Jardim Imagin\u00e1rio est\u00e1 quase pronto\" \/>\n<meta property=\"og:description\" content=\"Celebrar a for\u00e7a da comunidade O Jardim imagin\u00e1rio est\u00e1 cada vez mais pr\u00f3ximo de ser aquilo que a popula\u00e7\u00e3o da Areosa (Porto) desejou que ele fosse: mais\" \/>\n<meta property=\"og:url\" content=\"https:\/\/www.pressenza.com\/pt-pt\/2016\/05\/parque-infantil-jardim-imaginario-esta-quase-pronto\/\" \/>\n<meta property=\"og:site_name\" content=\"Pressenza\" \/>\n<meta property=\"article:publisher\" content=\"https:\/\/www.facebook.com\/PressenzaItalia\" \/>\n<meta property=\"article:author\" content=\"https:\/\/www.facebook.com\/PressenzaPortugues\" \/>\n<meta property=\"article:published_time\" content=\"2016-05-18T19:45:07+00:00\" \/>\n<meta property=\"article:modified_time\" content=\"2016-05-19T18:38:51+00:00\" \/>\n<meta property=\"og:image\" content=\"https:\/\/www.pressenza.com\/wp-content\/uploads\/2016\/05\/13052741_1684987215086730_695339789_o.jpg\" \/>\n\t<meta property=\"og:image:width\" content=\"2048\" \/>\n\t<meta property=\"og:image:height\" content=\"1152\" \/>\n\t<meta property=\"og:image:type\" content=\"image\/jpeg\" \/>\n<meta name=\"author\" content=\"Reda\u00e7\u00e3o S\u00e3o Paulo\" \/>\n<meta name=\"twitter:card\" content=\"summary_large_image\" \/>\n<meta name=\"twitter:creator\" content=\"@pressenza_pt\" \/>\n<meta name=\"twitter:site\" content=\"@PressenzaIPA\" \/>\n<meta name=\"twitter:label1\" content=\"Escrito por\" \/>\n\t<meta name=\"twitter:data1\" content=\"Reda\u00e7\u00e3o S\u00e3o Paulo\" \/>\n\t<meta name=\"twitter:label2\" content=\"Tempo estimado de leitura\" \/>\n\t<meta name=\"twitter:data2\" content=\"2 minutos\" \/>\n<script type=\"application\/ld+json\" class=\"yoast-schema-graph\">{\"@context\":\"https:\/\/schema.org\",\"@graph\":[{\"@type\":\"Article\",\"@id\":\"https:\/\/www.pressenza.com\/pt-pt\/2016\/05\/parque-infantil-jardim-imaginario-esta-quase-pronto\/#article\",\"isPartOf\":{\"@id\":\"https:\/\/www.pressenza.com\/pt-pt\/2016\/05\/parque-infantil-jardim-imaginario-esta-quase-pronto\/\"},\"author\":{\"name\":\"Reda\u00e7\u00e3o S\u00e3o Paulo\",\"@id\":\"https:\/\/www.pressenza.com\/pt-pt\/#\/schema\/person\/d171826afb7693cfc394da95892bfd93\"},\"headline\":\"Mun. de Porto\/ Portugal: Parque Infantil do Jardim Imagin\u00e1rio est\u00e1 quase pronto\",\"datePublished\":\"2016-05-18T19:45:07+00:00\",\"dateModified\":\"2016-05-19T18:38:51+00:00\",\"mainEntityOfPage\":{\"@id\":\"https:\/\/www.pressenza.com\/pt-pt\/2016\/05\/parque-infantil-jardim-imaginario-esta-quase-pronto\/\"},\"wordCount\":451,\"publisher\":{\"@id\":\"https:\/\/www.pressenza.com\/pt-pt\/#organization\"},\"image\":{\"@id\":\"https:\/\/www.pressenza.com\/pt-pt\/2016\/05\/parque-infantil-jardim-imaginario-esta-quase-pronto\/#primaryimage\"},\"thumbnailUrl\":\"https:\/\/www.pressenza.com\/wp-content\/uploads\/2016\/05\/13052741_1684987215086730_695339789_o.jpg\",\"keywords\":[\"C\u00e2mara Municipal do Porto\",\"Grupo Humanistas pela n\u00e3o-viol\u00eancia\",\"Jardim Imagin\u00e1rio\",\"Rancho Folcl\u00f3rico de Paranhos\"],\"articleSection\":[\"Conte\u00fado Original\",\"Educa\u00e7\u00e3o\",\"Europa\",\"Humanismo e Espiritualidade\"],\"inLanguage\":\"pt-PT\"},{\"@type\":\"WebPage\",\"@id\":\"https:\/\/www.pressenza.com\/pt-pt\/2016\/05\/parque-infantil-jardim-imaginario-esta-quase-pronto\/\",\"url\":\"https:\/\/www.pressenza.com\/pt-pt\/2016\/05\/parque-infantil-jardim-imaginario-esta-quase-pronto\/\",\"name\":\"Mun. de Porto\/ Portugal: Parque Infantil do Jardim Imagin\u00e1rio est\u00e1 quase pronto\",\"isPartOf\":{\"@id\":\"https:\/\/www.pressenza.com\/pt-pt\/#website\"},\"primaryImageOfPage\":{\"@id\":\"https:\/\/www.pressenza.com\/pt-pt\/2016\/05\/parque-infantil-jardim-imaginario-esta-quase-pronto\/#primaryimage\"},\"image\":{\"@id\":\"https:\/\/www.pressenza.com\/pt-pt\/2016\/05\/parque-infantil-jardim-imaginario-esta-quase-pronto\/#primaryimage\"},\"thumbnailUrl\":\"https:\/\/www.pressenza.com\/wp-content\/uploads\/2016\/05\/13052741_1684987215086730_695339789_o.jpg\",\"datePublished\":\"2016-05-18T19:45:07+00:00\",\"dateModified\":\"2016-05-19T18:38:51+00:00\",\"description\":\"Celebrar a for\u00e7a da comunidade O Jardim imagin\u00e1rio est\u00e1 cada vez mais pr\u00f3ximo de ser aquilo que a popula\u00e7\u00e3o da Areosa (Porto) desejou que ele fosse: mais\",\"breadcrumb\":{\"@id\":\"https:\/\/www.pressenza.com\/pt-pt\/2016\/05\/parque-infantil-jardim-imaginario-esta-quase-pronto\/#breadcrumb\"},\"inLanguage\":\"pt-PT\",\"potentialAction\":[{\"@type\":\"ReadAction\",\"target\":[\"https:\/\/www.pressenza.com\/pt-pt\/2016\/05\/parque-infantil-jardim-imaginario-esta-quase-pronto\/\"]}]},{\"@type\":\"ImageObject\",\"inLanguage\":\"pt-PT\",\"@id\":\"https:\/\/www.pressenza.com\/pt-pt\/2016\/05\/parque-infantil-jardim-imaginario-esta-quase-pronto\/#primaryimage\",\"url\":\"https:\/\/www.pressenza.com\/wp-content\/uploads\/2016\/05\/13052741_1684987215086730_695339789_o.jpg\",\"contentUrl\":\"https:\/\/www.pressenza.com\/wp-content\/uploads\/2016\/05\/13052741_1684987215086730_695339789_o.jpg\",\"width\":2048,\"height\":1152},{\"@type\":\"BreadcrumbList\",\"@id\":\"https:\/\/www.pressenza.com\/pt-pt\/2016\/05\/parque-infantil-jardim-imaginario-esta-quase-pronto\/#breadcrumb\",\"itemListElement\":[{\"@type\":\"ListItem\",\"position\":1,\"name\":\"Accueil\",\"item\":\"https:\/\/www.pressenza.com\/pt-pt\/\"},{\"@type\":\"ListItem\",\"position\":2,\"name\":\"Mun. de Porto\/ Portugal: Parque Infantil do Jardim Imagin\u00e1rio est\u00e1 quase pronto\"}]},{\"@type\":\"WebSite\",\"@id\":\"https:\/\/www.pressenza.com\/pt-pt\/#website\",\"url\":\"https:\/\/www.pressenza.com\/pt-pt\/\",\"name\":\"Pressenza\",\"description\":\"International Press Agency\",\"publisher\":{\"@id\":\"https:\/\/www.pressenza.com\/pt-pt\/#organization\"},\"potentialAction\":[{\"@type\":\"SearchAction\",\"target\":{\"@type\":\"EntryPoint\",\"urlTemplate\":\"https:\/\/www.pressenza.com\/pt-pt\/?s={search_term_string}\"},\"query-input\":{\"@type\":\"PropertyValueSpecification\",\"valueRequired\":true,\"valueName\":\"search_term_string\"}}],\"inLanguage\":\"pt-PT\"},{\"@type\":\"Organization\",\"@id\":\"https:\/\/www.pressenza.com\/pt-pt\/#organization\",\"name\":\"Pressenza\",\"url\":\"https:\/\/www.pressenza.com\/pt-pt\/\",\"logo\":{\"@type\":\"ImageObject\",\"inLanguage\":\"pt-PT\",\"@id\":\"https:\/\/www.pressenza.com\/pt-pt\/#\/schema\/logo\/image\/\",\"url\":\"https:\/\/www.pressenza.com\/wp-content\/uploads\/2022\/10\/pressenza_logo_200x200.jpg\",\"contentUrl\":\"https:\/\/www.pressenza.com\/wp-content\/uploads\/2022\/10\/pressenza_logo_200x200.jpg\",\"width\":200,\"height\":200,\"caption\":\"Pressenza\"},\"image\":{\"@id\":\"https:\/\/www.pressenza.com\/pt-pt\/#\/schema\/logo\/image\/\"},\"sameAs\":[\"https:\/\/www.facebook.com\/PressenzaItalia\",\"https:\/\/x.com\/PressenzaIPA\"]},{\"@type\":\"Person\",\"@id\":\"https:\/\/www.pressenza.com\/pt-pt\/#\/schema\/person\/d171826afb7693cfc394da95892bfd93\",\"name\":\"Reda\u00e7\u00e3o S\u00e3o Paulo\",\"description\":\"News from the Pressenza bureau in Sao Paulo, Brazil\",\"sameAs\":[\"https:\/\/www.facebook.com\/PressenzaPortugues\",\"https:\/\/x.com\/pressenza_pt\"],\"url\":\"https:\/\/www.pressenza.com\/pt-pt\/author\/redaccao-sao-paulo\/\"}]}<\/script>\n<!-- \/ Yoast SEO plugin. -->","yoast_head_json":{"title":"Mun. de Porto\/ Portugal: Parque Infantil do Jardim Imagin\u00e1rio est\u00e1 quase pronto","description":"Celebrar a for\u00e7a da comunidade O Jardim imagin\u00e1rio est\u00e1 cada vez mais pr\u00f3ximo de ser aquilo que a popula\u00e7\u00e3o da Areosa (Porto) desejou que ele fosse: mais","robots":{"index":"index","follow":"follow","max-snippet":"max-snippet:-1","max-image-preview":"max-image-preview:large","max-video-preview":"max-video-preview:-1"},"canonical":"https:\/\/www.pressenza.com\/pt-pt\/2016\/05\/parque-infantil-jardim-imaginario-esta-quase-pronto\/","og_locale":"pt_PT","og_type":"article","og_title":"Mun. de Porto\/ Portugal: Parque Infantil do Jardim Imagin\u00e1rio est\u00e1 quase pronto","og_description":"Celebrar a for\u00e7a da comunidade O Jardim imagin\u00e1rio est\u00e1 cada vez mais pr\u00f3ximo de ser aquilo que a popula\u00e7\u00e3o da Areosa (Porto) desejou que ele fosse: mais","og_url":"https:\/\/www.pressenza.com\/pt-pt\/2016\/05\/parque-infantil-jardim-imaginario-esta-quase-pronto\/","og_site_name":"Pressenza","article_publisher":"https:\/\/www.facebook.com\/PressenzaItalia","article_author":"https:\/\/www.facebook.com\/PressenzaPortugues","article_published_time":"2016-05-18T19:45:07+00:00","article_modified_time":"2016-05-19T18:38:51+00:00","og_image":[{"width":2048,"height":1152,"url":"https:\/\/www.pressenza.com\/wp-content\/uploads\/2016\/05\/13052741_1684987215086730_695339789_o.jpg","type":"image\/jpeg"}],"author":"Reda\u00e7\u00e3o S\u00e3o Paulo","twitter_card":"summary_large_image","twitter_creator":"@pressenza_pt","twitter_site":"@PressenzaIPA","twitter_misc":{"Escrito por":"Reda\u00e7\u00e3o S\u00e3o Paulo","Tempo estimado de leitura":"2 minutos"},"schema":{"@context":"https:\/\/schema.org","@graph":[{"@type":"Article","@id":"https:\/\/www.pressenza.com\/pt-pt\/2016\/05\/parque-infantil-jardim-imaginario-esta-quase-pronto\/#article","isPartOf":{"@id":"https:\/\/www.pressenza.com\/pt-pt\/2016\/05\/parque-infantil-jardim-imaginario-esta-quase-pronto\/"},"author":{"name":"Reda\u00e7\u00e3o S\u00e3o Paulo","@id":"https:\/\/www.pressenza.com\/pt-pt\/#\/schema\/person\/d171826afb7693cfc394da95892bfd93"},"headline":"Mun. de Porto\/ Portugal: Parque Infantil do Jardim Imagin\u00e1rio est\u00e1 quase pronto","datePublished":"2016-05-18T19:45:07+00:00","dateModified":"2016-05-19T18:38:51+00:00","mainEntityOfPage":{"@id":"https:\/\/www.pressenza.com\/pt-pt\/2016\/05\/parque-infantil-jardim-imaginario-esta-quase-pronto\/"},"wordCount":451,"publisher":{"@id":"https:\/\/www.pressenza.com\/pt-pt\/#organization"},"image":{"@id":"https:\/\/www.pressenza.com\/pt-pt\/2016\/05\/parque-infantil-jardim-imaginario-esta-quase-pronto\/#primaryimage"},"thumbnailUrl":"https:\/\/www.pressenza.com\/wp-content\/uploads\/2016\/05\/13052741_1684987215086730_695339789_o.jpg","keywords":["C\u00e2mara Municipal do Porto","Grupo Humanistas pela n\u00e3o-viol\u00eancia","Jardim Imagin\u00e1rio","Rancho Folcl\u00f3rico de Paranhos"],"articleSection":["Conte\u00fado Original","Educa\u00e7\u00e3o","Europa","Humanismo e Espiritualidade"],"inLanguage":"pt-PT"},{"@type":"WebPage","@id":"https:\/\/www.pressenza.com\/pt-pt\/2016\/05\/parque-infantil-jardim-imaginario-esta-quase-pronto\/","url":"https:\/\/www.pressenza.com\/pt-pt\/2016\/05\/parque-infantil-jardim-imaginario-esta-quase-pronto\/","name":"Mun. de Porto\/ Portugal: Parque Infantil do Jardim Imagin\u00e1rio est\u00e1 quase pronto","isPartOf":{"@id":"https:\/\/www.pressenza.com\/pt-pt\/#website"},"primaryImageOfPage":{"@id":"https:\/\/www.pressenza.com\/pt-pt\/2016\/05\/parque-infantil-jardim-imaginario-esta-quase-pronto\/#primaryimage"},"image":{"@id":"https:\/\/www.pressenza.com\/pt-pt\/2016\/05\/parque-infantil-jardim-imaginario-esta-quase-pronto\/#primaryimage"},"thumbnailUrl":"https:\/\/www.pressenza.com\/wp-content\/uploads\/2016\/05\/13052741_1684987215086730_695339789_o.jpg","datePublished":"2016-05-18T19:45:07+00:00","dateModified":"2016-05-19T18:38:51+00:00","description":"Celebrar a for\u00e7a da comunidade O Jardim imagin\u00e1rio est\u00e1 cada vez mais pr\u00f3ximo de ser aquilo que a popula\u00e7\u00e3o da Areosa (Porto) desejou que ele fosse: mais","breadcrumb":{"@id":"https:\/\/www.pressenza.com\/pt-pt\/2016\/05\/parque-infantil-jardim-imaginario-esta-quase-pronto\/#breadcrumb"},"inLanguage":"pt-PT","potentialAction":[{"@type":"ReadAction","target":["https:\/\/www.pressenza.com\/pt-pt\/2016\/05\/parque-infantil-jardim-imaginario-esta-quase-pronto\/"]}]},{"@type":"ImageObject","inLanguage":"pt-PT","@id":"https:\/\/www.pressenza.com\/pt-pt\/2016\/05\/parque-infantil-jardim-imaginario-esta-quase-pronto\/#primaryimage","url":"https:\/\/www.pressenza.com\/wp-content\/uploads\/2016\/05\/13052741_1684987215086730_695339789_o.jpg","contentUrl":"https:\/\/www.pressenza.com\/wp-content\/uploads\/2016\/05\/13052741_1684987215086730_695339789_o.jpg","width":2048,"height":1152},{"@type":"BreadcrumbList","@id":"https:\/\/www.pressenza.com\/pt-pt\/2016\/05\/parque-infantil-jardim-imaginario-esta-quase-pronto\/#breadcrumb","itemListElement":[{"@type":"ListItem","position":1,"name":"Accueil","item":"https:\/\/www.pressenza.com\/pt-pt\/"},{"@type":"ListItem","position":2,"name":"Mun. de Porto\/ Portugal: Parque Infantil do Jardim Imagin\u00e1rio est\u00e1 quase pronto"}]},{"@type":"WebSite","@id":"https:\/\/www.pressenza.com\/pt-pt\/#website","url":"https:\/\/www.pressenza.com\/pt-pt\/","name":"Pressenza","description":"International Press Agency","publisher":{"@id":"https:\/\/www.pressenza.com\/pt-pt\/#organization"},"potentialAction":[{"@type":"SearchAction","target":{"@type":"EntryPoint","urlTemplate":"https:\/\/www.pressenza.com\/pt-pt\/?s={search_term_string}"},"query-input":{"@type":"PropertyValueSpecification","valueRequired":true,"valueName":"search_term_string"}}],"inLanguage":"pt-PT"},{"@type":"Organization","@id":"https:\/\/www.pressenza.com\/pt-pt\/#organization","name":"Pressenza","url":"https:\/\/www.pressenza.com\/pt-pt\/","logo":{"@type":"ImageObject","inLanguage":"pt-PT","@id":"https:\/\/www.pressenza.com\/pt-pt\/#\/schema\/logo\/image\/","url":"https:\/\/www.pressenza.com\/wp-content\/uploads\/2022\/10\/pressenza_logo_200x200.jpg","contentUrl":"https:\/\/www.pressenza.com\/wp-content\/uploads\/2022\/10\/pressenza_logo_200x200.jpg","width":200,"height":200,"caption":"Pressenza"},"image":{"@id":"https:\/\/www.pressenza.com\/pt-pt\/#\/schema\/logo\/image\/"},"sameAs":["https:\/\/www.facebook.com\/PressenzaItalia","https:\/\/x.com\/PressenzaIPA"]},{"@type":"Person","@id":"https:\/\/www.pressenza.com\/pt-pt\/#\/schema\/person\/d171826afb7693cfc394da95892bfd93","name":"Reda\u00e7\u00e3o S\u00e3o Paulo","description":"News from the Pressenza bureau in Sao Paulo, Brazil","sameAs":["https:\/\/www.facebook.com\/PressenzaPortugues","https:\/\/x.com\/pressenza_pt"],"url":"https:\/\/www.pressenza.com\/pt-pt\/author\/redaccao-sao-paulo\/"}]}},"place":"","original_article_url":"","_links":{"self":[{"href":"https:\/\/www.pressenza.com\/pt-pt\/wp-json\/wp\/v2\/posts\/319202","targetHints":{"allow":["GET"]}}],"collection":[{"href":"https:\/\/www.pressenza.com\/pt-pt\/wp-json\/wp\/v2\/posts"}],"about":[{"href":"https:\/\/www.pressenza.com\/pt-pt\/wp-json\/wp\/v2\/types\/post"}],"author":[{"embeddable":true,"href":"https:\/\/www.pressenza.com\/pt-pt\/wp-json\/wp\/v2\/users\/44"}],"replies":[{"embeddable":true,"href":"https:\/\/www.pressenza.com\/pt-pt\/wp-json\/wp\/v2\/comments?post=319202"}],"version-history":[{"count":0,"href":"https:\/\/www.pressenza.com\/pt-pt\/wp-json\/wp\/v2\/posts\/319202\/revisions"}],"wp:featuredmedia":[{"embeddable":true,"href":"https:\/\/www.pressenza.com\/pt-pt\/wp-json\/wp\/v2\/media\/319240"}],"wp:attachment":[{"href":"https:\/\/www.pressenza.com\/pt-pt\/wp-json\/wp\/v2\/media?parent=319202"}],"wp:term":[{"taxonomy":"category","embeddable":true,"href":"https:\/\/www.pressenza.com\/pt-pt\/wp-json\/wp\/v2\/categories?post=319202"},{"taxonomy":"post_tag","embeddable":true,"href":"https:\/\/www.pressenza.com\/pt-pt\/wp-json\/wp\/v2\/tags?post=319202"}],"curies":[{"name":"wp","href":"https:\/\/api.w.org\/{rel}","templated":true}]}}