{"id":306537,"date":"2016-04-24T21:31:57","date_gmt":"2016-04-24T20:31:57","guid":{"rendered":"http:\/\/www.pressenza.com\/pt-pt\/?p=306537"},"modified":"2016-04-24T21:33:22","modified_gmt":"2016-04-24T20:33:22","slug":"apos-tres-dias-de-viagem-aviao-solar-chega-california","status":"publish","type":"post","link":"https:\/\/www.pressenza.com\/pt-pt\/2016\/04\/apos-tres-dias-de-viagem-aviao-solar-chega-california\/","title":{"rendered":"Ap\u00f3s tr\u00eas dias de viagem, avi\u00e3o solar chega \u00e0 Calif\u00f3rnia"},"content":{"rendered":"<p>Da Ag\u00eancia Lusa | em 24\/04\/2016<\/p>\n<p>O avi\u00e3o Solar Impulse 2 chegou hoje (24) \u00e0 Calif\u00f3rnia, nos Estados Unidos, depois de atravessar o Oceano Pac\u00edfico, etapa mais perigosa da volta ao mundo executada pela primeira aeronave movida exclusivamente com a energia do sol.<\/p>\n<p>A aeronave pousou na localidade de Mountain View, ao sul de S\u00e3o Francisco, \u00e0s 23h44 (hor\u00e1rio local), segundo informou a p\u00e1gina do projeto na internet.<\/p>\n<p>O Solar Impulse 2, pilotado por um dos seus criadores, o su\u00ed\u00e7o Bertrand Piccard, voou durante tr\u00eas dias e tr\u00eas noites, saindo do Hava\u00ed, e percorreu 4.528 quil\u00f4metros.<\/p>\n<p>Conclu\u00edda esta etapa, considerada a mais perigosa pela falta de pontos para pouso em caso de emerg\u00eancia, o avi\u00e3o solar completou o trajeto que cruzava o Pac\u00edfico e que foi iniciado em 2015 pelo outro criador do projeto, o tamb\u00e9m su\u00ed\u00e7o Andr\u00e9 Broschberg.<\/p>\n<p>No Hava\u00ed, de onde partiu na \u00faltima quinta-feira (21), a aeronave ficou parada durante quase 300 dias, para o reparo de avarias que ocorreram durante um voo que partiu do Jap\u00e3o.<\/p>\n<p>A expectativa agora \u00e9 que o avi\u00e3o solar prossiga at\u00e9 Nova Iorque, de onde seguir\u00e1 para a Europa, para o norte de \u00c1frica e, finalmente, para Abu Dhabi, nos Emirados \u00c1rabes, onde come\u00e7ou a viagem, em mar\u00e7o de 2015.<\/p>\n<p>O projeto visa demonstrar ao mundo as potencialidades das energias renov\u00e1veis.<\/p>\n","protected":false},"excerpt":{"rendered":"<p>Da Ag\u00eancia Lusa | em 24\/04\/2016 O avi\u00e3o Solar Impulse 2 chegou hoje (24) \u00e0 Calif\u00f3rnia, nos Estados Unidos, depois de atravessar o Oceano Pac\u00edfico, etapa mais perigosa da volta ao mundo executada pela primeira aeronave movida exclusivamente com a&hellip;<\/p>\n","protected":false},"author":860,"featured_media":306554,"comment_status":"closed","ping_status":"closed","sticky":false,"template":"","format":"standard","meta":{"footnotes":""},"categories":[105,499,42],"tags":[26383,26382,26380,26381],"class_list":["post-306537","post","type-post","status-publish","format-standard","has-post-thumbnail","hentry","category-america-do-norte","category-ciencia-tecnologia-pt","category-internacional-2","tag-aviao-solar","tag-bertrand-piccard","tag-energias-renovaveis","tag-solar-impulse-2"],"yoast_head":"<!-- This site is optimized with the Yoast SEO plugin v27.1.1 - https:\/\/yoast.com\/product\/yoast-seo-wordpress\/ -->\n<title>Ap\u00f3s tr\u00eas dias de viagem, avi\u00e3o solar chega \u00e0 Calif\u00f3rnia<\/title>\n<meta name=\"description\" content=\"Da Ag\u00eancia Lusa | em 24\/04\/2016 O avi\u00e3o Solar Impulse 2 chegou hoje (24) \u00e0 Calif\u00f3rnia, nos Estados Unidos, depois de atravessar o Oceano Pac\u00edfico, etapa\" \/>\n<meta name=\"robots\" content=\"index, follow, max-snippet:-1, max-image-preview:large, max-video-preview:-1\" \/>\n<link rel=\"canonical\" href=\"https:\/\/www.pressenza.com\/pt-pt\/2016\/04\/apos-tres-dias-de-viagem-aviao-solar-chega-california\/\" \/>\n<meta property=\"og:locale\" content=\"pt_PT\" \/>\n<meta property=\"og:type\" content=\"article\" \/>\n<meta property=\"og:title\" content=\"Ap\u00f3s tr\u00eas dias de viagem, avi\u00e3o solar chega \u00e0 Calif\u00f3rnia\" \/>\n<meta property=\"og:description\" content=\"Da Ag\u00eancia Lusa | em 24\/04\/2016 O avi\u00e3o Solar Impulse 2 chegou hoje (24) \u00e0 Calif\u00f3rnia, nos Estados Unidos, depois de atravessar o Oceano Pac\u00edfico, etapa\" \/>\n<meta property=\"og:url\" content=\"https:\/\/www.pressenza.com\/pt-pt\/2016\/04\/apos-tres-dias-de-viagem-aviao-solar-chega-california\/\" \/>\n<meta property=\"og:site_name\" content=\"Pressenza\" \/>\n<meta property=\"article:publisher\" content=\"https:\/\/www.facebook.com\/PressenzaItalia\" \/>\n<meta property=\"article:published_time\" content=\"2016-04-24T20:31:57+00:00\" \/>\n<meta property=\"article:modified_time\" content=\"2016-04-24T20:33:22+00:00\" \/>\n<meta property=\"og:image\" content=\"https:\/\/www.pressenza.com\/wp-content\/uploads\/2016\/04\/aviao-solar-2-1.png\" \/>\n\t<meta property=\"og:image:width\" content=\"745\" \/>\n\t<meta property=\"og:image:height\" content=\"428\" \/>\n\t<meta property=\"og:image:type\" content=\"image\/png\" \/>\n<meta name=\"author\" content=\"Agencia Brasil\" \/>\n<meta name=\"twitter:card\" content=\"summary_large_image\" \/>\n<meta name=\"twitter:creator\" content=\"@PressenzaIPA\" \/>\n<meta name=\"twitter:site\" content=\"@PressenzaIPA\" \/>\n<meta name=\"twitter:label1\" content=\"Escrito por\" \/>\n\t<meta name=\"twitter:data1\" content=\"Agencia Brasil\" \/>\n\t<meta name=\"twitter:label2\" content=\"Tempo estimado de leitura\" \/>\n\t<meta name=\"twitter:data2\" content=\"1 minuto\" \/>\n<script type=\"application\/ld+json\" class=\"yoast-schema-graph\">{\"@context\":\"https:\/\/schema.org\",\"@graph\":[{\"@type\":\"Article\",\"@id\":\"https:\/\/www.pressenza.com\/pt-pt\/2016\/04\/apos-tres-dias-de-viagem-aviao-solar-chega-california\/#article\",\"isPartOf\":{\"@id\":\"https:\/\/www.pressenza.com\/pt-pt\/2016\/04\/apos-tres-dias-de-viagem-aviao-solar-chega-california\/\"},\"author\":{\"name\":\"Agencia Brasil\",\"@id\":\"https:\/\/www.pressenza.com\/pt-pt\/#\/schema\/person\/e2e4e9b5b3a7554516d809f2394b3dd4\"},\"headline\":\"Ap\u00f3s tr\u00eas dias de viagem, avi\u00e3o solar chega \u00e0 Calif\u00f3rnia\",\"datePublished\":\"2016-04-24T20:31:57+00:00\",\"dateModified\":\"2016-04-24T20:33:22+00:00\",\"mainEntityOfPage\":{\"@id\":\"https:\/\/www.pressenza.com\/pt-pt\/2016\/04\/apos-tres-dias-de-viagem-aviao-solar-chega-california\/\"},\"wordCount\":243,\"publisher\":{\"@id\":\"https:\/\/www.pressenza.com\/pt-pt\/#organization\"},\"image\":{\"@id\":\"https:\/\/www.pressenza.com\/pt-pt\/2016\/04\/apos-tres-dias-de-viagem-aviao-solar-chega-california\/#primaryimage\"},\"thumbnailUrl\":\"https:\/\/www.pressenza.com\/wp-content\/uploads\/2016\/04\/aviao-solar-2-1.png\",\"keywords\":[\"avi\u00e3o solar\",\"Bertrand Piccard\",\"energias renov\u00e1veis\",\"Solar Impulse 2\"],\"articleSection\":[\"Am\u00e9rica do Norte\",\"Ci\u00eancia e Tecnologia\",\"Internacional\"],\"inLanguage\":\"pt-PT\"},{\"@type\":\"WebPage\",\"@id\":\"https:\/\/www.pressenza.com\/pt-pt\/2016\/04\/apos-tres-dias-de-viagem-aviao-solar-chega-california\/\",\"url\":\"https:\/\/www.pressenza.com\/pt-pt\/2016\/04\/apos-tres-dias-de-viagem-aviao-solar-chega-california\/\",\"name\":\"Ap\u00f3s tr\u00eas dias de viagem, avi\u00e3o solar chega \u00e0 Calif\u00f3rnia\",\"isPartOf\":{\"@id\":\"https:\/\/www.pressenza.com\/pt-pt\/#website\"},\"primaryImageOfPage\":{\"@id\":\"https:\/\/www.pressenza.com\/pt-pt\/2016\/04\/apos-tres-dias-de-viagem-aviao-solar-chega-california\/#primaryimage\"},\"image\":{\"@id\":\"https:\/\/www.pressenza.com\/pt-pt\/2016\/04\/apos-tres-dias-de-viagem-aviao-solar-chega-california\/#primaryimage\"},\"thumbnailUrl\":\"https:\/\/www.pressenza.com\/wp-content\/uploads\/2016\/04\/aviao-solar-2-1.png\",\"datePublished\":\"2016-04-24T20:31:57+00:00\",\"dateModified\":\"2016-04-24T20:33:22+00:00\",\"description\":\"Da Ag\u00eancia Lusa | em 24\/04\/2016 O avi\u00e3o Solar Impulse 2 chegou hoje (24) \u00e0 Calif\u00f3rnia, nos Estados Unidos, depois de atravessar o Oceano Pac\u00edfico, etapa\",\"breadcrumb\":{\"@id\":\"https:\/\/www.pressenza.com\/pt-pt\/2016\/04\/apos-tres-dias-de-viagem-aviao-solar-chega-california\/#breadcrumb\"},\"inLanguage\":\"pt-PT\",\"potentialAction\":[{\"@type\":\"ReadAction\",\"target\":[\"https:\/\/www.pressenza.com\/pt-pt\/2016\/04\/apos-tres-dias-de-viagem-aviao-solar-chega-california\/\"]}]},{\"@type\":\"ImageObject\",\"inLanguage\":\"pt-PT\",\"@id\":\"https:\/\/www.pressenza.com\/pt-pt\/2016\/04\/apos-tres-dias-de-viagem-aviao-solar-chega-california\/#primaryimage\",\"url\":\"https:\/\/www.pressenza.com\/wp-content\/uploads\/2016\/04\/aviao-solar-2-1.png\",\"contentUrl\":\"https:\/\/www.pressenza.com\/wp-content\/uploads\/2016\/04\/aviao-solar-2-1.png\",\"width\":745,\"height\":428,\"caption\":\"O Solar Impulse 2, pilotado por um dos seus criadores, o su\u00ed\u00e7o Bertrand Piccard, voou durante tr\u00eas dias e tr\u00eas noites, saindo do Hava\u00ed, e percorreu 4.528 quil\u00f4metrosFoto\/Ag\u00eancia Lusa\"},{\"@type\":\"BreadcrumbList\",\"@id\":\"https:\/\/www.pressenza.com\/pt-pt\/2016\/04\/apos-tres-dias-de-viagem-aviao-solar-chega-california\/#breadcrumb\",\"itemListElement\":[{\"@type\":\"ListItem\",\"position\":1,\"name\":\"Accueil\",\"item\":\"https:\/\/www.pressenza.com\/pt-pt\/\"},{\"@type\":\"ListItem\",\"position\":2,\"name\":\"Ap\u00f3s tr\u00eas dias de viagem, avi\u00e3o solar chega \u00e0 Calif\u00f3rnia\"}]},{\"@type\":\"WebSite\",\"@id\":\"https:\/\/www.pressenza.com\/pt-pt\/#website\",\"url\":\"https:\/\/www.pressenza.com\/pt-pt\/\",\"name\":\"Pressenza\",\"description\":\"International Press Agency\",\"publisher\":{\"@id\":\"https:\/\/www.pressenza.com\/pt-pt\/#organization\"},\"potentialAction\":[{\"@type\":\"SearchAction\",\"target\":{\"@type\":\"EntryPoint\",\"urlTemplate\":\"https:\/\/www.pressenza.com\/pt-pt\/?s={search_term_string}\"},\"query-input\":{\"@type\":\"PropertyValueSpecification\",\"valueRequired\":true,\"valueName\":\"search_term_string\"}}],\"inLanguage\":\"pt-PT\"},{\"@type\":\"Organization\",\"@id\":\"https:\/\/www.pressenza.com\/pt-pt\/#organization\",\"name\":\"Pressenza\",\"url\":\"https:\/\/www.pressenza.com\/pt-pt\/\",\"logo\":{\"@type\":\"ImageObject\",\"inLanguage\":\"pt-PT\",\"@id\":\"https:\/\/www.pressenza.com\/pt-pt\/#\/schema\/logo\/image\/\",\"url\":\"https:\/\/www.pressenza.com\/wp-content\/uploads\/2022\/10\/pressenza_logo_200x200.jpg\",\"contentUrl\":\"https:\/\/www.pressenza.com\/wp-content\/uploads\/2022\/10\/pressenza_logo_200x200.jpg\",\"width\":200,\"height\":200,\"caption\":\"Pressenza\"},\"image\":{\"@id\":\"https:\/\/www.pressenza.com\/pt-pt\/#\/schema\/logo\/image\/\"},\"sameAs\":[\"https:\/\/www.facebook.com\/PressenzaItalia\",\"https:\/\/x.com\/PressenzaIPA\"]},{\"@type\":\"Person\",\"@id\":\"https:\/\/www.pressenza.com\/pt-pt\/#\/schema\/person\/e2e4e9b5b3a7554516d809f2394b3dd4\",\"name\":\"Agencia Brasil\",\"url\":\"https:\/\/www.pressenza.com\/pt-pt\/author\/agencia-brasil\/\"}]}<\/script>\n<!-- \/ Yoast SEO plugin. -->","yoast_head_json":{"title":"Ap\u00f3s tr\u00eas dias de viagem, avi\u00e3o solar chega \u00e0 Calif\u00f3rnia","description":"Da Ag\u00eancia Lusa | em 24\/04\/2016 O avi\u00e3o Solar Impulse 2 chegou hoje (24) \u00e0 Calif\u00f3rnia, nos Estados Unidos, depois de atravessar o Oceano Pac\u00edfico, etapa","robots":{"index":"index","follow":"follow","max-snippet":"max-snippet:-1","max-image-preview":"max-image-preview:large","max-video-preview":"max-video-preview:-1"},"canonical":"https:\/\/www.pressenza.com\/pt-pt\/2016\/04\/apos-tres-dias-de-viagem-aviao-solar-chega-california\/","og_locale":"pt_PT","og_type":"article","og_title":"Ap\u00f3s tr\u00eas dias de viagem, avi\u00e3o solar chega \u00e0 Calif\u00f3rnia","og_description":"Da Ag\u00eancia Lusa | em 24\/04\/2016 O avi\u00e3o Solar Impulse 2 chegou hoje (24) \u00e0 Calif\u00f3rnia, nos Estados Unidos, depois de atravessar o Oceano Pac\u00edfico, etapa","og_url":"https:\/\/www.pressenza.com\/pt-pt\/2016\/04\/apos-tres-dias-de-viagem-aviao-solar-chega-california\/","og_site_name":"Pressenza","article_publisher":"https:\/\/www.facebook.com\/PressenzaItalia","article_published_time":"2016-04-24T20:31:57+00:00","article_modified_time":"2016-04-24T20:33:22+00:00","og_image":[{"width":745,"height":428,"url":"https:\/\/www.pressenza.com\/wp-content\/uploads\/2016\/04\/aviao-solar-2-1.png","type":"image\/png"}],"author":"Agencia Brasil","twitter_card":"summary_large_image","twitter_creator":"@PressenzaIPA","twitter_site":"@PressenzaIPA","twitter_misc":{"Escrito por":"Agencia Brasil","Tempo estimado de leitura":"1 minuto"},"schema":{"@context":"https:\/\/schema.org","@graph":[{"@type":"Article","@id":"https:\/\/www.pressenza.com\/pt-pt\/2016\/04\/apos-tres-dias-de-viagem-aviao-solar-chega-california\/#article","isPartOf":{"@id":"https:\/\/www.pressenza.com\/pt-pt\/2016\/04\/apos-tres-dias-de-viagem-aviao-solar-chega-california\/"},"author":{"name":"Agencia Brasil","@id":"https:\/\/www.pressenza.com\/pt-pt\/#\/schema\/person\/e2e4e9b5b3a7554516d809f2394b3dd4"},"headline":"Ap\u00f3s tr\u00eas dias de viagem, avi\u00e3o solar chega \u00e0 Calif\u00f3rnia","datePublished":"2016-04-24T20:31:57+00:00","dateModified":"2016-04-24T20:33:22+00:00","mainEntityOfPage":{"@id":"https:\/\/www.pressenza.com\/pt-pt\/2016\/04\/apos-tres-dias-de-viagem-aviao-solar-chega-california\/"},"wordCount":243,"publisher":{"@id":"https:\/\/www.pressenza.com\/pt-pt\/#organization"},"image":{"@id":"https:\/\/www.pressenza.com\/pt-pt\/2016\/04\/apos-tres-dias-de-viagem-aviao-solar-chega-california\/#primaryimage"},"thumbnailUrl":"https:\/\/www.pressenza.com\/wp-content\/uploads\/2016\/04\/aviao-solar-2-1.png","keywords":["avi\u00e3o solar","Bertrand Piccard","energias renov\u00e1veis","Solar Impulse 2"],"articleSection":["Am\u00e9rica do Norte","Ci\u00eancia e Tecnologia","Internacional"],"inLanguage":"pt-PT"},{"@type":"WebPage","@id":"https:\/\/www.pressenza.com\/pt-pt\/2016\/04\/apos-tres-dias-de-viagem-aviao-solar-chega-california\/","url":"https:\/\/www.pressenza.com\/pt-pt\/2016\/04\/apos-tres-dias-de-viagem-aviao-solar-chega-california\/","name":"Ap\u00f3s tr\u00eas dias de viagem, avi\u00e3o solar chega \u00e0 Calif\u00f3rnia","isPartOf":{"@id":"https:\/\/www.pressenza.com\/pt-pt\/#website"},"primaryImageOfPage":{"@id":"https:\/\/www.pressenza.com\/pt-pt\/2016\/04\/apos-tres-dias-de-viagem-aviao-solar-chega-california\/#primaryimage"},"image":{"@id":"https:\/\/www.pressenza.com\/pt-pt\/2016\/04\/apos-tres-dias-de-viagem-aviao-solar-chega-california\/#primaryimage"},"thumbnailUrl":"https:\/\/www.pressenza.com\/wp-content\/uploads\/2016\/04\/aviao-solar-2-1.png","datePublished":"2016-04-24T20:31:57+00:00","dateModified":"2016-04-24T20:33:22+00:00","description":"Da Ag\u00eancia Lusa | em 24\/04\/2016 O avi\u00e3o Solar Impulse 2 chegou hoje (24) \u00e0 Calif\u00f3rnia, nos Estados Unidos, depois de atravessar o Oceano Pac\u00edfico, etapa","breadcrumb":{"@id":"https:\/\/www.pressenza.com\/pt-pt\/2016\/04\/apos-tres-dias-de-viagem-aviao-solar-chega-california\/#breadcrumb"},"inLanguage":"pt-PT","potentialAction":[{"@type":"ReadAction","target":["https:\/\/www.pressenza.com\/pt-pt\/2016\/04\/apos-tres-dias-de-viagem-aviao-solar-chega-california\/"]}]},{"@type":"ImageObject","inLanguage":"pt-PT","@id":"https:\/\/www.pressenza.com\/pt-pt\/2016\/04\/apos-tres-dias-de-viagem-aviao-solar-chega-california\/#primaryimage","url":"https:\/\/www.pressenza.com\/wp-content\/uploads\/2016\/04\/aviao-solar-2-1.png","contentUrl":"https:\/\/www.pressenza.com\/wp-content\/uploads\/2016\/04\/aviao-solar-2-1.png","width":745,"height":428,"caption":"O Solar Impulse 2, pilotado por um dos seus criadores, o su\u00ed\u00e7o Bertrand Piccard, voou durante tr\u00eas dias e tr\u00eas noites, saindo do Hava\u00ed, e percorreu 4.528 quil\u00f4metrosFoto\/Ag\u00eancia Lusa"},{"@type":"BreadcrumbList","@id":"https:\/\/www.pressenza.com\/pt-pt\/2016\/04\/apos-tres-dias-de-viagem-aviao-solar-chega-california\/#breadcrumb","itemListElement":[{"@type":"ListItem","position":1,"name":"Accueil","item":"https:\/\/www.pressenza.com\/pt-pt\/"},{"@type":"ListItem","position":2,"name":"Ap\u00f3s tr\u00eas dias de viagem, avi\u00e3o solar chega \u00e0 Calif\u00f3rnia"}]},{"@type":"WebSite","@id":"https:\/\/www.pressenza.com\/pt-pt\/#website","url":"https:\/\/www.pressenza.com\/pt-pt\/","name":"Pressenza","description":"International Press Agency","publisher":{"@id":"https:\/\/www.pressenza.com\/pt-pt\/#organization"},"potentialAction":[{"@type":"SearchAction","target":{"@type":"EntryPoint","urlTemplate":"https:\/\/www.pressenza.com\/pt-pt\/?s={search_term_string}"},"query-input":{"@type":"PropertyValueSpecification","valueRequired":true,"valueName":"search_term_string"}}],"inLanguage":"pt-PT"},{"@type":"Organization","@id":"https:\/\/www.pressenza.com\/pt-pt\/#organization","name":"Pressenza","url":"https:\/\/www.pressenza.com\/pt-pt\/","logo":{"@type":"ImageObject","inLanguage":"pt-PT","@id":"https:\/\/www.pressenza.com\/pt-pt\/#\/schema\/logo\/image\/","url":"https:\/\/www.pressenza.com\/wp-content\/uploads\/2022\/10\/pressenza_logo_200x200.jpg","contentUrl":"https:\/\/www.pressenza.com\/wp-content\/uploads\/2022\/10\/pressenza_logo_200x200.jpg","width":200,"height":200,"caption":"Pressenza"},"image":{"@id":"https:\/\/www.pressenza.com\/pt-pt\/#\/schema\/logo\/image\/"},"sameAs":["https:\/\/www.facebook.com\/PressenzaItalia","https:\/\/x.com\/PressenzaIPA"]},{"@type":"Person","@id":"https:\/\/www.pressenza.com\/pt-pt\/#\/schema\/person\/e2e4e9b5b3a7554516d809f2394b3dd4","name":"Agencia Brasil","url":"https:\/\/www.pressenza.com\/pt-pt\/author\/agencia-brasil\/"}]}},"place":"","original_article_url":"http:\/\/m.agenciabrasil.ebc.com.br\/pesquisa-e-inovacao\/noticia\/2016-04\/apos-tres-dias-de-viagem-aviao-solar-chega-california","_links":{"self":[{"href":"https:\/\/www.pressenza.com\/pt-pt\/wp-json\/wp\/v2\/posts\/306537","targetHints":{"allow":["GET"]}}],"collection":[{"href":"https:\/\/www.pressenza.com\/pt-pt\/wp-json\/wp\/v2\/posts"}],"about":[{"href":"https:\/\/www.pressenza.com\/pt-pt\/wp-json\/wp\/v2\/types\/post"}],"author":[{"embeddable":true,"href":"https:\/\/www.pressenza.com\/pt-pt\/wp-json\/wp\/v2\/users\/860"}],"replies":[{"embeddable":true,"href":"https:\/\/www.pressenza.com\/pt-pt\/wp-json\/wp\/v2\/comments?post=306537"}],"version-history":[{"count":0,"href":"https:\/\/www.pressenza.com\/pt-pt\/wp-json\/wp\/v2\/posts\/306537\/revisions"}],"wp:featuredmedia":[{"embeddable":true,"href":"https:\/\/www.pressenza.com\/pt-pt\/wp-json\/wp\/v2\/media\/306554"}],"wp:attachment":[{"href":"https:\/\/www.pressenza.com\/pt-pt\/wp-json\/wp\/v2\/media?parent=306537"}],"wp:term":[{"taxonomy":"category","embeddable":true,"href":"https:\/\/www.pressenza.com\/pt-pt\/wp-json\/wp\/v2\/categories?post=306537"},{"taxonomy":"post_tag","embeddable":true,"href":"https:\/\/www.pressenza.com\/pt-pt\/wp-json\/wp\/v2\/tags?post=306537"}],"curies":[{"name":"wp","href":"https:\/\/api.w.org\/{rel}","templated":true}]}}