{"id":304310,"date":"2016-04-19T16:07:29","date_gmt":"2016-04-19T15:07:29","guid":{"rendered":"http:\/\/www.pressenza.com\/pt-pt\/?p=304310"},"modified":"2016-04-19T16:13:55","modified_gmt":"2016-04-19T15:13:55","slug":"sobre-narrativas-e-sentimentos-profundos-2","status":"publish","type":"post","link":"https:\/\/www.pressenza.com\/pt-pt\/2016\/04\/sobre-narrativas-e-sentimentos-profundos-2\/","title":{"rendered":"Sobre narrativas e sentimentos profundos"},"content":{"rendered":"<p>Sei que \u00e9 duro de admitir, mas este coment\u00e1rio abaixo do Fabiano Ribeiro \u00e9 o mais sensato que ouvi nos \u00faltimos dias.<\/p>\n<p><img loading=\"lazy\" decoding=\"async\" class=\"aligncenter wp-image-304340 size-large\" src=\"http:\/\/www.pressenza.com\/wp-content\/uploads\/2016\/04\/Captura-de-Tela-2016-04-19-a\u0300s-12.11.54-720x276.png\" alt=\"Pos do Fabiano Ribeiro\" width=\"720\" height=\"276\" srcset=\"https:\/\/www.pressenza.com\/wp-content\/uploads\/2016\/04\/Captura-de-Tela-2016-04-19-a\u0300s-12.11.54-720x276.png 720w, https:\/\/www.pressenza.com\/wp-content\/uploads\/2016\/04\/Captura-de-Tela-2016-04-19-a\u0300s-12.11.54-300x115.png 300w, https:\/\/www.pressenza.com\/wp-content\/uploads\/2016\/04\/Captura-de-Tela-2016-04-19-a\u0300s-12.11.54-768x295.png 768w, https:\/\/www.pressenza.com\/wp-content\/uploads\/2016\/04\/Captura-de-Tela-2016-04-19-a\u0300s-12.11.54.png 881w\" sizes=\"auto, (max-width: 720px) 100vw, 720px\" \/><\/p>\n<div class=\"text_exposed_show\">\n<p>N\u00e3o devemos apoiar fascistas, nem tampouco entrar na onda deles, reagindo com mais agress\u00f5es ou criando abismos. Precisamos justamente do oposto, ou seja, modificar nosso olhar sobre eles, aplicando humanidade na pele da monstruosidade. Precisamos gerar pontes para novos sentimentos.<\/p>\n<p>N\u00e3o se combate o \u00f3dio com mais \u00f3dio, nem a viol\u00eancia com mais agress\u00f5es. N\u00e3o \u00e9 eficaz e nem tem sentido agir dessa forma.<\/p>\n<p>Hoje alguns mais jovens utilizam a palavra &#8220;Narrativa&#8221;, os mais velhos falam em &#8220;Discurso&#8221; e tudo vai se reduzindo, porque n\u00e3o prestam aten\u00e7\u00e3o aos pr\u00f3prios sentimentos enquanto v\u00e3o criando suas vers\u00f5es da realidade.<\/p>\n<p>O fascismo surge e ressurge em momentos de crise e de instabilidade, pega justamente no sentimento de derrota de alguns setores que recrudescem no ressentimento. Tanto \u00f3dio vive em suas almas, que agora tem sede de sangue.<\/p>\n<p>Silo nos disse uma vez para que n\u00e3o coloc\u00e1ssemos nossas esperan\u00e7as em quem est\u00e1 ressentido, e isso \u00e9 certo. Mas tamb\u00e9m nos comentou que, muitas vezes, ao lutar contra injusti\u00e7as, nos tornamos injustos.<\/p>\n<p>Justamente porque somos pass\u00edveis de ser contagiados pelo medo ou pelo \u00f3dio daqueles que est\u00e3o ao nosso redor e com quem nos identificamos.<\/p>\n<p>Precisamos resistir a toda forma de viol\u00eancia e discrimina\u00e7\u00e3o em n\u00f3s e fora de n\u00f3s. Voc\u00ea precisa resistir a esses sentimentos dentro e fora de ti. Eu preciso resistir a essas atitudes em mim e fora de mim.<\/p>\n<p>Necessitamos cuidado para n\u00e3o sermos ing\u00eanuos, e ao mesmo tempo aten\u00e7\u00e3o para n\u00e3o sermos contagiados pela onda de medo e \u00f3dio crescentes. Por \u00faltimo, caso sejamos contagiados, \u00e9 preciso reverter este processo, gerando uma onda emocional em dire\u00e7\u00e3o contraria.<\/p>\n<p>Muitos proto-fascistas escondem uma grande inseguran\u00e7a por baixo de seus discursos intolerantes. As armas s\u00e3o reflexo do medo, diria Gandhi.<\/p>\n<p>Neste momento \u00e9 preciso ter coragem suficiente de combater a intoler\u00e2ncia com bondade e a intelig\u00eancia de contrapor o \u00f3dio com amor.<\/p>\n<p>A n\u00e3o-viol\u00eancia n\u00e3o existe se apenas amamos aqueles que nos amam. S\u00f3 h\u00e1 n\u00e3o-viol\u00eancia quando amamos aqueles que nos odeiam.<\/p>\n<p>Um covarde \u00e9 incapaz de demonstrar amor. Isso \u00e9 privil\u00e9gio dos corajosos.<\/p>\n<p>Por mais dura que seja uma pessoa, mais cedo ou tarde ela pode se fusionar no fogo do amor, se n\u00e3o derreter \u00e9 porque o fogo ainda n\u00e3o \u00e9 suficientemente forte.<\/p>\n<p>O amor profundo de uma s\u00f3 pessoa poderia chegar a neutralizar o \u00f3dio de milh\u00f5es de outros seres.<\/p>\n<p>As diferentes interpreta\u00e7\u00f5es e narrativas que surjam destes sentimentos profundos, podem variar, mas a energia com que vibram e se multiplicam ainda ser\u00e1 igual em si mesma.<\/p>\n<\/div>\n","protected":false},"excerpt":{"rendered":"<p>Sei que \u00e9 duro de admitir, mas este coment\u00e1rio abaixo do Fabiano Ribeiro \u00e9 o mais sensato que ouvi nos \u00faltimos dias. N\u00e3o devemos apoiar fascistas, nem tampouco entrar na onda deles, reagindo com mais agress\u00f5es ou criando abismos. Precisamos&hellip;<\/p>\n","protected":false},"author":1302,"featured_media":304320,"comment_status":"closed","ping_status":"closed","sticky":false,"template":"","format":"standard","meta":{"footnotes":""},"categories":[104,11390,116,1256,165,111],"tags":[2744,19163,5517],"class_list":["post-304310","post","type-post","status-publish","format-standard","has-post-thumbnail","hentry","category-america-do-sul","category-conteudo-original","category-direitos-humanos","category-nao-violencia","category-opiniao","category-politica-pt-pt","tag-brasil","tag-impeachment","tag-nao-violencia-2"],"yoast_head":"<!-- This site is optimized with the Yoast SEO plugin v27.1.1 - https:\/\/yoast.com\/product\/yoast-seo-wordpress\/ -->\n<title>Sobre narrativas e sentimentos profundos<\/title>\n<meta name=\"description\" content=\"Sei que \u00e9 duro de admitir, mas este coment\u00e1rio abaixo do Fabiano Ribeiro \u00e9 o mais sensato que ouvi nos \u00faltimos dias. N\u00e3o devemos apoiar fascistas, nem\" \/>\n<meta name=\"robots\" content=\"index, follow, max-snippet:-1, max-image-preview:large, max-video-preview:-1\" \/>\n<link rel=\"canonical\" href=\"https:\/\/www.pressenza.com\/pt-pt\/2016\/04\/sobre-narrativas-e-sentimentos-profundos-2\/\" \/>\n<meta property=\"og:locale\" content=\"pt_PT\" \/>\n<meta property=\"og:type\" content=\"article\" \/>\n<meta property=\"og:title\" content=\"Sobre narrativas e sentimentos profundos\" \/>\n<meta property=\"og:description\" content=\"Sei que \u00e9 duro de admitir, mas este coment\u00e1rio abaixo do Fabiano Ribeiro \u00e9 o mais sensato que ouvi nos \u00faltimos dias. N\u00e3o devemos apoiar fascistas, nem\" \/>\n<meta property=\"og:url\" content=\"https:\/\/www.pressenza.com\/pt-pt\/2016\/04\/sobre-narrativas-e-sentimentos-profundos-2\/\" \/>\n<meta property=\"og:site_name\" content=\"Pressenza\" \/>\n<meta property=\"article:publisher\" content=\"https:\/\/www.facebook.com\/PressenzaItalia\" \/>\n<meta property=\"article:published_time\" content=\"2016-04-19T15:07:29+00:00\" \/>\n<meta property=\"article:modified_time\" content=\"2016-04-19T15:13:55+00:00\" \/>\n<meta property=\"og:image\" content=\"https:\/\/www.pressenza.com\/wp-content\/uploads\/2016\/04\/amor.jpg\" \/>\n\t<meta property=\"og:image:width\" content=\"2048\" \/>\n\t<meta property=\"og:image:height\" content=\"1542\" \/>\n\t<meta property=\"og:image:type\" content=\"image\/jpeg\" \/>\n<meta name=\"author\" content=\"Gunther Aleksander\" \/>\n<meta name=\"twitter:card\" content=\"summary_large_image\" \/>\n<meta name=\"twitter:creator\" content=\"@PressenzaIPA\" \/>\n<meta name=\"twitter:site\" content=\"@PressenzaIPA\" \/>\n<meta name=\"twitter:label1\" content=\"Escrito por\" \/>\n\t<meta name=\"twitter:data1\" content=\"Gunther Aleksander\" \/>\n\t<meta name=\"twitter:label2\" content=\"Tempo estimado de leitura\" \/>\n\t<meta name=\"twitter:data2\" content=\"2 minutos\" \/>\n<script type=\"application\/ld+json\" class=\"yoast-schema-graph\">{\"@context\":\"https:\/\/schema.org\",\"@graph\":[{\"@type\":\"Article\",\"@id\":\"https:\/\/www.pressenza.com\/pt-pt\/2016\/04\/sobre-narrativas-e-sentimentos-profundos-2\/#article\",\"isPartOf\":{\"@id\":\"https:\/\/www.pressenza.com\/pt-pt\/2016\/04\/sobre-narrativas-e-sentimentos-profundos-2\/\"},\"author\":{\"name\":\"Gunther Aleksander\",\"@id\":\"https:\/\/www.pressenza.com\/pt-pt\/#\/schema\/person\/b40c83c31056708fb8c8fb34fe5c4551\"},\"headline\":\"Sobre narrativas e sentimentos profundos\",\"datePublished\":\"2016-04-19T15:07:29+00:00\",\"dateModified\":\"2016-04-19T15:13:55+00:00\",\"mainEntityOfPage\":{\"@id\":\"https:\/\/www.pressenza.com\/pt-pt\/2016\/04\/sobre-narrativas-e-sentimentos-profundos-2\/\"},\"wordCount\":476,\"publisher\":{\"@id\":\"https:\/\/www.pressenza.com\/pt-pt\/#organization\"},\"image\":{\"@id\":\"https:\/\/www.pressenza.com\/pt-pt\/2016\/04\/sobre-narrativas-e-sentimentos-profundos-2\/#primaryimage\"},\"thumbnailUrl\":\"https:\/\/www.pressenza.com\/wp-content\/uploads\/2016\/04\/amor.jpg\",\"keywords\":[\"Brasil\",\"Impeachment\",\"n\u00e3o violencia\"],\"articleSection\":[\"\u00c1m\u00e9rica do Sul\",\"Conte\u00fado Original\",\"Direitos Humanos\",\"N\u00e3o viol\u00eancia\",\"Opini\u00e3o\",\"Pol\u00edtica\"],\"inLanguage\":\"pt-PT\"},{\"@type\":\"WebPage\",\"@id\":\"https:\/\/www.pressenza.com\/pt-pt\/2016\/04\/sobre-narrativas-e-sentimentos-profundos-2\/\",\"url\":\"https:\/\/www.pressenza.com\/pt-pt\/2016\/04\/sobre-narrativas-e-sentimentos-profundos-2\/\",\"name\":\"Sobre narrativas e sentimentos profundos\",\"isPartOf\":{\"@id\":\"https:\/\/www.pressenza.com\/pt-pt\/#website\"},\"primaryImageOfPage\":{\"@id\":\"https:\/\/www.pressenza.com\/pt-pt\/2016\/04\/sobre-narrativas-e-sentimentos-profundos-2\/#primaryimage\"},\"image\":{\"@id\":\"https:\/\/www.pressenza.com\/pt-pt\/2016\/04\/sobre-narrativas-e-sentimentos-profundos-2\/#primaryimage\"},\"thumbnailUrl\":\"https:\/\/www.pressenza.com\/wp-content\/uploads\/2016\/04\/amor.jpg\",\"datePublished\":\"2016-04-19T15:07:29+00:00\",\"dateModified\":\"2016-04-19T15:13:55+00:00\",\"description\":\"Sei que \u00e9 duro de admitir, mas este coment\u00e1rio abaixo do Fabiano Ribeiro \u00e9 o mais sensato que ouvi nos \u00faltimos dias. N\u00e3o devemos apoiar fascistas, nem\",\"breadcrumb\":{\"@id\":\"https:\/\/www.pressenza.com\/pt-pt\/2016\/04\/sobre-narrativas-e-sentimentos-profundos-2\/#breadcrumb\"},\"inLanguage\":\"pt-PT\",\"potentialAction\":[{\"@type\":\"ReadAction\",\"target\":[\"https:\/\/www.pressenza.com\/pt-pt\/2016\/04\/sobre-narrativas-e-sentimentos-profundos-2\/\"]}]},{\"@type\":\"ImageObject\",\"inLanguage\":\"pt-PT\",\"@id\":\"https:\/\/www.pressenza.com\/pt-pt\/2016\/04\/sobre-narrativas-e-sentimentos-profundos-2\/#primaryimage\",\"url\":\"https:\/\/www.pressenza.com\/wp-content\/uploads\/2016\/04\/amor.jpg\",\"contentUrl\":\"https:\/\/www.pressenza.com\/wp-content\/uploads\/2016\/04\/amor.jpg\",\"width\":2048,\"height\":1542,\"caption\":\"Lambe-lambe em uma rua de S\u00e3o Paulo\"},{\"@type\":\"BreadcrumbList\",\"@id\":\"https:\/\/www.pressenza.com\/pt-pt\/2016\/04\/sobre-narrativas-e-sentimentos-profundos-2\/#breadcrumb\",\"itemListElement\":[{\"@type\":\"ListItem\",\"position\":1,\"name\":\"Accueil\",\"item\":\"https:\/\/www.pressenza.com\/pt-pt\/\"},{\"@type\":\"ListItem\",\"position\":2,\"name\":\"Sobre narrativas e sentimentos profundos\"}]},{\"@type\":\"WebSite\",\"@id\":\"https:\/\/www.pressenza.com\/pt-pt\/#website\",\"url\":\"https:\/\/www.pressenza.com\/pt-pt\/\",\"name\":\"Pressenza\",\"description\":\"International Press Agency\",\"publisher\":{\"@id\":\"https:\/\/www.pressenza.com\/pt-pt\/#organization\"},\"potentialAction\":[{\"@type\":\"SearchAction\",\"target\":{\"@type\":\"EntryPoint\",\"urlTemplate\":\"https:\/\/www.pressenza.com\/pt-pt\/?s={search_term_string}\"},\"query-input\":{\"@type\":\"PropertyValueSpecification\",\"valueRequired\":true,\"valueName\":\"search_term_string\"}}],\"inLanguage\":\"pt-PT\"},{\"@type\":\"Organization\",\"@id\":\"https:\/\/www.pressenza.com\/pt-pt\/#organization\",\"name\":\"Pressenza\",\"url\":\"https:\/\/www.pressenza.com\/pt-pt\/\",\"logo\":{\"@type\":\"ImageObject\",\"inLanguage\":\"pt-PT\",\"@id\":\"https:\/\/www.pressenza.com\/pt-pt\/#\/schema\/logo\/image\/\",\"url\":\"https:\/\/www.pressenza.com\/wp-content\/uploads\/2022\/10\/pressenza_logo_200x200.jpg\",\"contentUrl\":\"https:\/\/www.pressenza.com\/wp-content\/uploads\/2022\/10\/pressenza_logo_200x200.jpg\",\"width\":200,\"height\":200,\"caption\":\"Pressenza\"},\"image\":{\"@id\":\"https:\/\/www.pressenza.com\/pt-pt\/#\/schema\/logo\/image\/\"},\"sameAs\":[\"https:\/\/www.facebook.com\/PressenzaItalia\",\"https:\/\/x.com\/PressenzaIPA\"]},{\"@type\":\"Person\",\"@id\":\"https:\/\/www.pressenza.com\/pt-pt\/#\/schema\/person\/b40c83c31056708fb8c8fb34fe5c4551\",\"name\":\"Gunther Aleksander\",\"url\":\"https:\/\/www.pressenza.com\/pt-pt\/author\/gunther-aleksander\/\"}]}<\/script>\n<!-- \/ Yoast SEO plugin. -->","yoast_head_json":{"title":"Sobre narrativas e sentimentos profundos","description":"Sei que \u00e9 duro de admitir, mas este coment\u00e1rio abaixo do Fabiano Ribeiro \u00e9 o mais sensato que ouvi nos \u00faltimos dias. N\u00e3o devemos apoiar fascistas, nem","robots":{"index":"index","follow":"follow","max-snippet":"max-snippet:-1","max-image-preview":"max-image-preview:large","max-video-preview":"max-video-preview:-1"},"canonical":"https:\/\/www.pressenza.com\/pt-pt\/2016\/04\/sobre-narrativas-e-sentimentos-profundos-2\/","og_locale":"pt_PT","og_type":"article","og_title":"Sobre narrativas e sentimentos profundos","og_description":"Sei que \u00e9 duro de admitir, mas este coment\u00e1rio abaixo do Fabiano Ribeiro \u00e9 o mais sensato que ouvi nos \u00faltimos dias. N\u00e3o devemos apoiar fascistas, nem","og_url":"https:\/\/www.pressenza.com\/pt-pt\/2016\/04\/sobre-narrativas-e-sentimentos-profundos-2\/","og_site_name":"Pressenza","article_publisher":"https:\/\/www.facebook.com\/PressenzaItalia","article_published_time":"2016-04-19T15:07:29+00:00","article_modified_time":"2016-04-19T15:13:55+00:00","og_image":[{"width":2048,"height":1542,"url":"https:\/\/www.pressenza.com\/wp-content\/uploads\/2016\/04\/amor.jpg","type":"image\/jpeg"}],"author":"Gunther Aleksander","twitter_card":"summary_large_image","twitter_creator":"@PressenzaIPA","twitter_site":"@PressenzaIPA","twitter_misc":{"Escrito por":"Gunther Aleksander","Tempo estimado de leitura":"2 minutos"},"schema":{"@context":"https:\/\/schema.org","@graph":[{"@type":"Article","@id":"https:\/\/www.pressenza.com\/pt-pt\/2016\/04\/sobre-narrativas-e-sentimentos-profundos-2\/#article","isPartOf":{"@id":"https:\/\/www.pressenza.com\/pt-pt\/2016\/04\/sobre-narrativas-e-sentimentos-profundos-2\/"},"author":{"name":"Gunther Aleksander","@id":"https:\/\/www.pressenza.com\/pt-pt\/#\/schema\/person\/b40c83c31056708fb8c8fb34fe5c4551"},"headline":"Sobre narrativas e sentimentos profundos","datePublished":"2016-04-19T15:07:29+00:00","dateModified":"2016-04-19T15:13:55+00:00","mainEntityOfPage":{"@id":"https:\/\/www.pressenza.com\/pt-pt\/2016\/04\/sobre-narrativas-e-sentimentos-profundos-2\/"},"wordCount":476,"publisher":{"@id":"https:\/\/www.pressenza.com\/pt-pt\/#organization"},"image":{"@id":"https:\/\/www.pressenza.com\/pt-pt\/2016\/04\/sobre-narrativas-e-sentimentos-profundos-2\/#primaryimage"},"thumbnailUrl":"https:\/\/www.pressenza.com\/wp-content\/uploads\/2016\/04\/amor.jpg","keywords":["Brasil","Impeachment","n\u00e3o violencia"],"articleSection":["\u00c1m\u00e9rica do Sul","Conte\u00fado Original","Direitos Humanos","N\u00e3o viol\u00eancia","Opini\u00e3o","Pol\u00edtica"],"inLanguage":"pt-PT"},{"@type":"WebPage","@id":"https:\/\/www.pressenza.com\/pt-pt\/2016\/04\/sobre-narrativas-e-sentimentos-profundos-2\/","url":"https:\/\/www.pressenza.com\/pt-pt\/2016\/04\/sobre-narrativas-e-sentimentos-profundos-2\/","name":"Sobre narrativas e sentimentos profundos","isPartOf":{"@id":"https:\/\/www.pressenza.com\/pt-pt\/#website"},"primaryImageOfPage":{"@id":"https:\/\/www.pressenza.com\/pt-pt\/2016\/04\/sobre-narrativas-e-sentimentos-profundos-2\/#primaryimage"},"image":{"@id":"https:\/\/www.pressenza.com\/pt-pt\/2016\/04\/sobre-narrativas-e-sentimentos-profundos-2\/#primaryimage"},"thumbnailUrl":"https:\/\/www.pressenza.com\/wp-content\/uploads\/2016\/04\/amor.jpg","datePublished":"2016-04-19T15:07:29+00:00","dateModified":"2016-04-19T15:13:55+00:00","description":"Sei que \u00e9 duro de admitir, mas este coment\u00e1rio abaixo do Fabiano Ribeiro \u00e9 o mais sensato que ouvi nos \u00faltimos dias. N\u00e3o devemos apoiar fascistas, nem","breadcrumb":{"@id":"https:\/\/www.pressenza.com\/pt-pt\/2016\/04\/sobre-narrativas-e-sentimentos-profundos-2\/#breadcrumb"},"inLanguage":"pt-PT","potentialAction":[{"@type":"ReadAction","target":["https:\/\/www.pressenza.com\/pt-pt\/2016\/04\/sobre-narrativas-e-sentimentos-profundos-2\/"]}]},{"@type":"ImageObject","inLanguage":"pt-PT","@id":"https:\/\/www.pressenza.com\/pt-pt\/2016\/04\/sobre-narrativas-e-sentimentos-profundos-2\/#primaryimage","url":"https:\/\/www.pressenza.com\/wp-content\/uploads\/2016\/04\/amor.jpg","contentUrl":"https:\/\/www.pressenza.com\/wp-content\/uploads\/2016\/04\/amor.jpg","width":2048,"height":1542,"caption":"Lambe-lambe em uma rua de S\u00e3o Paulo"},{"@type":"BreadcrumbList","@id":"https:\/\/www.pressenza.com\/pt-pt\/2016\/04\/sobre-narrativas-e-sentimentos-profundos-2\/#breadcrumb","itemListElement":[{"@type":"ListItem","position":1,"name":"Accueil","item":"https:\/\/www.pressenza.com\/pt-pt\/"},{"@type":"ListItem","position":2,"name":"Sobre narrativas e sentimentos profundos"}]},{"@type":"WebSite","@id":"https:\/\/www.pressenza.com\/pt-pt\/#website","url":"https:\/\/www.pressenza.com\/pt-pt\/","name":"Pressenza","description":"International Press Agency","publisher":{"@id":"https:\/\/www.pressenza.com\/pt-pt\/#organization"},"potentialAction":[{"@type":"SearchAction","target":{"@type":"EntryPoint","urlTemplate":"https:\/\/www.pressenza.com\/pt-pt\/?s={search_term_string}"},"query-input":{"@type":"PropertyValueSpecification","valueRequired":true,"valueName":"search_term_string"}}],"inLanguage":"pt-PT"},{"@type":"Organization","@id":"https:\/\/www.pressenza.com\/pt-pt\/#organization","name":"Pressenza","url":"https:\/\/www.pressenza.com\/pt-pt\/","logo":{"@type":"ImageObject","inLanguage":"pt-PT","@id":"https:\/\/www.pressenza.com\/pt-pt\/#\/schema\/logo\/image\/","url":"https:\/\/www.pressenza.com\/wp-content\/uploads\/2022\/10\/pressenza_logo_200x200.jpg","contentUrl":"https:\/\/www.pressenza.com\/wp-content\/uploads\/2022\/10\/pressenza_logo_200x200.jpg","width":200,"height":200,"caption":"Pressenza"},"image":{"@id":"https:\/\/www.pressenza.com\/pt-pt\/#\/schema\/logo\/image\/"},"sameAs":["https:\/\/www.facebook.com\/PressenzaItalia","https:\/\/x.com\/PressenzaIPA"]},{"@type":"Person","@id":"https:\/\/www.pressenza.com\/pt-pt\/#\/schema\/person\/b40c83c31056708fb8c8fb34fe5c4551","name":"Gunther Aleksander","url":"https:\/\/www.pressenza.com\/pt-pt\/author\/gunther-aleksander\/"}]}},"place":"","original_article_url":"","_links":{"self":[{"href":"https:\/\/www.pressenza.com\/pt-pt\/wp-json\/wp\/v2\/posts\/304310","targetHints":{"allow":["GET"]}}],"collection":[{"href":"https:\/\/www.pressenza.com\/pt-pt\/wp-json\/wp\/v2\/posts"}],"about":[{"href":"https:\/\/www.pressenza.com\/pt-pt\/wp-json\/wp\/v2\/types\/post"}],"author":[{"embeddable":true,"href":"https:\/\/www.pressenza.com\/pt-pt\/wp-json\/wp\/v2\/users\/1302"}],"replies":[{"embeddable":true,"href":"https:\/\/www.pressenza.com\/pt-pt\/wp-json\/wp\/v2\/comments?post=304310"}],"version-history":[{"count":0,"href":"https:\/\/www.pressenza.com\/pt-pt\/wp-json\/wp\/v2\/posts\/304310\/revisions"}],"wp:featuredmedia":[{"embeddable":true,"href":"https:\/\/www.pressenza.com\/pt-pt\/wp-json\/wp\/v2\/media\/304320"}],"wp:attachment":[{"href":"https:\/\/www.pressenza.com\/pt-pt\/wp-json\/wp\/v2\/media?parent=304310"}],"wp:term":[{"taxonomy":"category","embeddable":true,"href":"https:\/\/www.pressenza.com\/pt-pt\/wp-json\/wp\/v2\/categories?post=304310"},{"taxonomy":"post_tag","embeddable":true,"href":"https:\/\/www.pressenza.com\/pt-pt\/wp-json\/wp\/v2\/tags?post=304310"}],"curies":[{"name":"wp","href":"https:\/\/api.w.org\/{rel}","templated":true}]}}