{"id":303995,"date":"2016-04-18T23:28:56","date_gmt":"2016-04-18T22:28:56","guid":{"rendered":"http:\/\/www.pressenza.com\/pt-pt\/?p=303995"},"modified":"2016-04-19T18:58:53","modified_gmt":"2016-04-19T17:58:53","slug":"fotos-do-ato-dos-funkeiros-golpe-copacabana","status":"publish","type":"post","link":"https:\/\/www.pressenza.com\/pt-pt\/2016\/04\/fotos-do-ato-dos-funkeiros-golpe-copacabana\/","title":{"rendered":"Fotos do Ato dos funkeiros contra o Golpe em Copacabana"},"content":{"rendered":"<p>Na praia de Copacabana milhares de jovens desceram os morros para fazer um grande Ato em defesa da Democracia, no domingo, 17\/04. Ao som do pancad\u00e3o (funk carioca) os funkeiros se revesaram no palco para dar seu recado. <\/p>\n<p>\u00c9 a galera mais marginalizada, moradora das favelas cariocas, que pode sofrer ainda mais num eventual governo Michel Temer. Que j\u00e1 anunciou que vai reduzir direitos liberando a terceiriza\u00e7\u00e3o em todos os n\u00edveis. <\/p>\n<p>Nada melhor do que se juntarem, do seu jeito, com sua levada, para verem como v\u00e3o defender e ampliar as conquistas dos \u00faltimos anos.<\/p>\n<p>Veja as fotos de Valdir Silveira (clique para ampliar)<\/p>\n<p><a href=\"http:\/\/www.pressenza.com\/wp-content\/uploads\/2016\/04\/01.jpg\" rel=\"attachment wp-att-304011\"><img loading=\"lazy\" decoding=\"async\" src=\"http:\/\/www.pressenza.com\/wp-content\/uploads\/2016\/04\/01-720x371.jpg\" alt=\"01\" width=\"720\" height=\"371\" class=\"aligncenter size-large wp-image-304011\" srcset=\"https:\/\/www.pressenza.com\/wp-content\/uploads\/2016\/04\/01-720x371.jpg 720w, https:\/\/www.pressenza.com\/wp-content\/uploads\/2016\/04\/01-300x155.jpg 300w, https:\/\/www.pressenza.com\/wp-content\/uploads\/2016\/04\/01-768x396.jpg 768w, https:\/\/www.pressenza.com\/wp-content\/uploads\/2016\/04\/01.jpg 1024w\" sizes=\"auto, (max-width: 720px) 100vw, 720px\" \/><\/a><\/p>\n<p><a href=\"http:\/\/www.pressenza.com\/wp-content\/uploads\/2016\/04\/02-1.jpg\" rel=\"attachment wp-att-304018\"><img loading=\"lazy\" decoding=\"async\" src=\"http:\/\/www.pressenza.com\/wp-content\/uploads\/2016\/04\/02-1-720x162.jpg\" alt=\"02\" width=\"720\" height=\"162\" class=\"aligncenter size-large wp-image-304018\" srcset=\"https:\/\/www.pressenza.com\/wp-content\/uploads\/2016\/04\/02-1-720x162.jpg 720w, https:\/\/www.pressenza.com\/wp-content\/uploads\/2016\/04\/02-1-300x68.jpg 300w, https:\/\/www.pressenza.com\/wp-content\/uploads\/2016\/04\/02-1-768x173.jpg 768w, https:\/\/www.pressenza.com\/wp-content\/uploads\/2016\/04\/02-1.jpg 1200w\" sizes=\"auto, (max-width: 720px) 100vw, 720px\" \/><\/a><\/p>\n<p><a href=\"http:\/\/www.pressenza.com\/wp-content\/uploads\/2016\/04\/03.jpg\" rel=\"attachment wp-att-304025\"><img loading=\"lazy\" decoding=\"async\" src=\"http:\/\/www.pressenza.com\/wp-content\/uploads\/2016\/04\/03-720x162.jpg\" alt=\"03\" width=\"720\" height=\"162\" class=\"aligncenter size-large wp-image-304025\" srcset=\"https:\/\/www.pressenza.com\/wp-content\/uploads\/2016\/04\/03-720x162.jpg 720w, https:\/\/www.pressenza.com\/wp-content\/uploads\/2016\/04\/03-300x68.jpg 300w, https:\/\/www.pressenza.com\/wp-content\/uploads\/2016\/04\/03-768x173.jpg 768w, https:\/\/www.pressenza.com\/wp-content\/uploads\/2016\/04\/03.jpg 1200w\" sizes=\"auto, (max-width: 720px) 100vw, 720px\" \/><\/a><\/p>\n<p><a href=\"http:\/\/www.pressenza.com\/wp-content\/uploads\/2016\/04\/04.jpg\" rel=\"attachment wp-att-304032\"><img loading=\"lazy\" decoding=\"async\" src=\"http:\/\/www.pressenza.com\/wp-content\/uploads\/2016\/04\/04-720x165.jpg\" alt=\"04\" width=\"720\" height=\"165\" class=\"aligncenter size-large wp-image-304032\" srcset=\"https:\/\/www.pressenza.com\/wp-content\/uploads\/2016\/04\/04-720x165.jpg 720w, https:\/\/www.pressenza.com\/wp-content\/uploads\/2016\/04\/04-300x69.jpg 300w, https:\/\/www.pressenza.com\/wp-content\/uploads\/2016\/04\/04-768x176.jpg 768w, https:\/\/www.pressenza.com\/wp-content\/uploads\/2016\/04\/04.jpg 1024w\" sizes=\"auto, (max-width: 720px) 100vw, 720px\" \/><\/a><\/p>\n<p><a href=\"http:\/\/www.pressenza.com\/wp-content\/uploads\/2016\/04\/05-1.jpg\" rel=\"attachment wp-att-304039\"><img loading=\"lazy\" decoding=\"async\" src=\"http:\/\/www.pressenza.com\/wp-content\/uploads\/2016\/04\/05-1.jpg\" alt=\"05\" width=\"600\" height=\"384\" class=\"aligncenter size-full wp-image-304039\" srcset=\"https:\/\/www.pressenza.com\/wp-content\/uploads\/2016\/04\/05-1.jpg 600w, https:\/\/www.pressenza.com\/wp-content\/uploads\/2016\/04\/05-1-300x192.jpg 300w\" sizes=\"auto, (max-width: 600px) 100vw, 600px\" \/><\/a><\/p>\n<p><a href=\"http:\/\/www.pressenza.com\/wp-content\/uploads\/2016\/04\/00.jpg\" rel=\"attachment wp-att-304053\"><img loading=\"lazy\" decoding=\"async\" src=\"http:\/\/www.pressenza.com\/wp-content\/uploads\/2016\/04\/00-720x475.jpg\" alt=\"00\" width=\"720\" height=\"475\" class=\"aligncenter size-large wp-image-304053\" srcset=\"https:\/\/www.pressenza.com\/wp-content\/uploads\/2016\/04\/00-720x475.jpg 720w, https:\/\/www.pressenza.com\/wp-content\/uploads\/2016\/04\/00-300x198.jpg 300w, https:\/\/www.pressenza.com\/wp-content\/uploads\/2016\/04\/00-768x507.jpg 768w, https:\/\/www.pressenza.com\/wp-content\/uploads\/2016\/04\/00.jpg 800w\" sizes=\"auto, (max-width: 720px) 100vw, 720px\" \/><\/a><\/p>\n<p><a href=\"http:\/\/www.pressenza.com\/wp-content\/uploads\/2016\/04\/06.jpg\" rel=\"attachment wp-att-304046\"><img loading=\"lazy\" decoding=\"async\" src=\"http:\/\/www.pressenza.com\/wp-content\/uploads\/2016\/04\/06-720x321.jpg\" alt=\"06\" width=\"720\" height=\"321\" class=\"aligncenter size-large wp-image-304046\" srcset=\"https:\/\/www.pressenza.com\/wp-content\/uploads\/2016\/04\/06-720x321.jpg 720w, https:\/\/www.pressenza.com\/wp-content\/uploads\/2016\/04\/06-300x134.jpg 300w, https:\/\/www.pressenza.com\/wp-content\/uploads\/2016\/04\/06-768x343.jpg 768w, https:\/\/www.pressenza.com\/wp-content\/uploads\/2016\/04\/06.jpg 800w\" sizes=\"auto, (max-width: 720px) 100vw, 720px\" \/><\/a><\/p>\n","protected":false},"excerpt":{"rendered":"<p>Na praia de Copacabana milhares de jovens desceram os morros para fazer um grande Ato em defesa da Democracia, no domingo, 17\/04. Ao som do pancad\u00e3o (funk carioca) os funkeiros se revesaram no palco para dar seu recado. \u00c9 a&hellip;<\/p>\n","protected":false},"author":44,"featured_media":304004,"comment_status":"closed","ping_status":"closed","sticky":false,"template":"","format":"standard","meta":{"footnotes":""},"categories":[104,11390,1255,5756,111],"tags":[2744,1331,19163,2975,25130],"class_list":["post-303995","post","type-post","status-publish","format-standard","has-post-thumbnail","hentry","category-america-do-sul","category-conteudo-original","category-diversidade","category-foto-reportagem","category-politica-pt-pt","tag-brasil","tag-dilma-rousseff","tag-impeachment","tag-lula-da-silva","tag-naovaitergolpe"],"yoast_head":"<!-- This site is optimized with the Yoast SEO plugin v27.1.1 - https:\/\/yoast.com\/product\/yoast-seo-wordpress\/ -->\n<title>Fotos do Ato dos funkeiros contra o Golpe em Copacabana<\/title>\n<meta name=\"description\" content=\"Na praia de Copacabana milhares de jovens desceram os morros para fazer um grande Ato em defesa da Democracia, no domingo, 17\/04. Ao som do pancad\u00e3o (funk\" \/>\n<meta name=\"robots\" content=\"index, follow, max-snippet:-1, max-image-preview:large, max-video-preview:-1\" \/>\n<link rel=\"canonical\" href=\"https:\/\/www.pressenza.com\/pt-pt\/2016\/04\/fotos-do-ato-dos-funkeiros-golpe-copacabana\/\" \/>\n<meta property=\"og:locale\" content=\"pt_PT\" \/>\n<meta property=\"og:type\" content=\"article\" \/>\n<meta property=\"og:title\" content=\"Fotos do Ato dos funkeiros contra o Golpe em Copacabana\" \/>\n<meta property=\"og:description\" content=\"Na praia de Copacabana milhares de jovens desceram os morros para fazer um grande Ato em defesa da Democracia, no domingo, 17\/04. Ao som do pancad\u00e3o (funk\" \/>\n<meta property=\"og:url\" content=\"https:\/\/www.pressenza.com\/pt-pt\/2016\/04\/fotos-do-ato-dos-funkeiros-golpe-copacabana\/\" \/>\n<meta property=\"og:site_name\" content=\"Pressenza\" \/>\n<meta property=\"article:publisher\" content=\"https:\/\/www.facebook.com\/PressenzaItalia\" \/>\n<meta property=\"article:author\" content=\"https:\/\/www.facebook.com\/PressenzaPortugues\" \/>\n<meta property=\"article:published_time\" content=\"2016-04-18T22:28:56+00:00\" \/>\n<meta property=\"article:modified_time\" content=\"2016-04-19T17:58:53+00:00\" \/>\n<meta property=\"og:image\" content=\"https:\/\/www.pressenza.com\/wp-content\/uploads\/2016\/04\/07.jpg\" \/>\n\t<meta property=\"og:image:width\" content=\"1152\" \/>\n\t<meta property=\"og:image:height\" content=\"259\" \/>\n\t<meta property=\"og:image:type\" content=\"image\/jpeg\" \/>\n<meta name=\"author\" content=\"Reda\u00e7\u00e3o S\u00e3o Paulo\" \/>\n<meta name=\"twitter:card\" content=\"summary_large_image\" \/>\n<meta name=\"twitter:creator\" content=\"@pressenza_pt\" \/>\n<meta name=\"twitter:site\" content=\"@PressenzaIPA\" \/>\n<meta name=\"twitter:label1\" content=\"Escrito por\" \/>\n\t<meta name=\"twitter:data1\" content=\"Reda\u00e7\u00e3o S\u00e3o Paulo\" \/>\n\t<meta name=\"twitter:label2\" content=\"Tempo estimado de leitura\" \/>\n\t<meta name=\"twitter:data2\" content=\"1 minuto\" \/>\n<script type=\"application\/ld+json\" class=\"yoast-schema-graph\">{\"@context\":\"https:\/\/schema.org\",\"@graph\":[{\"@type\":\"Article\",\"@id\":\"https:\/\/www.pressenza.com\/pt-pt\/2016\/04\/fotos-do-ato-dos-funkeiros-golpe-copacabana\/#article\",\"isPartOf\":{\"@id\":\"https:\/\/www.pressenza.com\/pt-pt\/2016\/04\/fotos-do-ato-dos-funkeiros-golpe-copacabana\/\"},\"author\":{\"name\":\"Reda\u00e7\u00e3o S\u00e3o Paulo\",\"@id\":\"https:\/\/www.pressenza.com\/pt-pt\/#\/schema\/person\/d171826afb7693cfc394da95892bfd93\"},\"headline\":\"Fotos do Ato dos funkeiros contra o Golpe em Copacabana\",\"datePublished\":\"2016-04-18T22:28:56+00:00\",\"dateModified\":\"2016-04-19T17:58:53+00:00\",\"mainEntityOfPage\":{\"@id\":\"https:\/\/www.pressenza.com\/pt-pt\/2016\/04\/fotos-do-ato-dos-funkeiros-golpe-copacabana\/\"},\"wordCount\":116,\"publisher\":{\"@id\":\"https:\/\/www.pressenza.com\/pt-pt\/#organization\"},\"image\":{\"@id\":\"https:\/\/www.pressenza.com\/pt-pt\/2016\/04\/fotos-do-ato-dos-funkeiros-golpe-copacabana\/#primaryimage\"},\"thumbnailUrl\":\"https:\/\/www.pressenza.com\/wp-content\/uploads\/2016\/04\/07.jpg\",\"keywords\":[\"Brasil\",\"Dilma Rousseff\",\"Impeachment\",\"Lula Da Silva\",\"NaoVaiTerGOlpe\"],\"articleSection\":[\"\u00c1m\u00e9rica do Sul\",\"Conte\u00fado Original\",\"Diversidade\",\"Foto reportagem\",\"Pol\u00edtica\"],\"inLanguage\":\"pt-PT\"},{\"@type\":\"WebPage\",\"@id\":\"https:\/\/www.pressenza.com\/pt-pt\/2016\/04\/fotos-do-ato-dos-funkeiros-golpe-copacabana\/\",\"url\":\"https:\/\/www.pressenza.com\/pt-pt\/2016\/04\/fotos-do-ato-dos-funkeiros-golpe-copacabana\/\",\"name\":\"Fotos do Ato dos funkeiros contra o Golpe em Copacabana\",\"isPartOf\":{\"@id\":\"https:\/\/www.pressenza.com\/pt-pt\/#website\"},\"primaryImageOfPage\":{\"@id\":\"https:\/\/www.pressenza.com\/pt-pt\/2016\/04\/fotos-do-ato-dos-funkeiros-golpe-copacabana\/#primaryimage\"},\"image\":{\"@id\":\"https:\/\/www.pressenza.com\/pt-pt\/2016\/04\/fotos-do-ato-dos-funkeiros-golpe-copacabana\/#primaryimage\"},\"thumbnailUrl\":\"https:\/\/www.pressenza.com\/wp-content\/uploads\/2016\/04\/07.jpg\",\"datePublished\":\"2016-04-18T22:28:56+00:00\",\"dateModified\":\"2016-04-19T17:58:53+00:00\",\"description\":\"Na praia de Copacabana milhares de jovens desceram os morros para fazer um grande Ato em defesa da Democracia, no domingo, 17\/04. Ao som do pancad\u00e3o (funk\",\"breadcrumb\":{\"@id\":\"https:\/\/www.pressenza.com\/pt-pt\/2016\/04\/fotos-do-ato-dos-funkeiros-golpe-copacabana\/#breadcrumb\"},\"inLanguage\":\"pt-PT\",\"potentialAction\":[{\"@type\":\"ReadAction\",\"target\":[\"https:\/\/www.pressenza.com\/pt-pt\/2016\/04\/fotos-do-ato-dos-funkeiros-golpe-copacabana\/\"]}]},{\"@type\":\"ImageObject\",\"inLanguage\":\"pt-PT\",\"@id\":\"https:\/\/www.pressenza.com\/pt-pt\/2016\/04\/fotos-do-ato-dos-funkeiros-golpe-copacabana\/#primaryimage\",\"url\":\"https:\/\/www.pressenza.com\/wp-content\/uploads\/2016\/04\/07.jpg\",\"contentUrl\":\"https:\/\/www.pressenza.com\/wp-content\/uploads\/2016\/04\/07.jpg\",\"width\":1152,\"height\":259},{\"@type\":\"BreadcrumbList\",\"@id\":\"https:\/\/www.pressenza.com\/pt-pt\/2016\/04\/fotos-do-ato-dos-funkeiros-golpe-copacabana\/#breadcrumb\",\"itemListElement\":[{\"@type\":\"ListItem\",\"position\":1,\"name\":\"Accueil\",\"item\":\"https:\/\/www.pressenza.com\/pt-pt\/\"},{\"@type\":\"ListItem\",\"position\":2,\"name\":\"Fotos do Ato dos funkeiros contra o Golpe em Copacabana\"}]},{\"@type\":\"WebSite\",\"@id\":\"https:\/\/www.pressenza.com\/pt-pt\/#website\",\"url\":\"https:\/\/www.pressenza.com\/pt-pt\/\",\"name\":\"Pressenza\",\"description\":\"International Press Agency\",\"publisher\":{\"@id\":\"https:\/\/www.pressenza.com\/pt-pt\/#organization\"},\"potentialAction\":[{\"@type\":\"SearchAction\",\"target\":{\"@type\":\"EntryPoint\",\"urlTemplate\":\"https:\/\/www.pressenza.com\/pt-pt\/?s={search_term_string}\"},\"query-input\":{\"@type\":\"PropertyValueSpecification\",\"valueRequired\":true,\"valueName\":\"search_term_string\"}}],\"inLanguage\":\"pt-PT\"},{\"@type\":\"Organization\",\"@id\":\"https:\/\/www.pressenza.com\/pt-pt\/#organization\",\"name\":\"Pressenza\",\"url\":\"https:\/\/www.pressenza.com\/pt-pt\/\",\"logo\":{\"@type\":\"ImageObject\",\"inLanguage\":\"pt-PT\",\"@id\":\"https:\/\/www.pressenza.com\/pt-pt\/#\/schema\/logo\/image\/\",\"url\":\"https:\/\/www.pressenza.com\/wp-content\/uploads\/2022\/10\/pressenza_logo_200x200.jpg\",\"contentUrl\":\"https:\/\/www.pressenza.com\/wp-content\/uploads\/2022\/10\/pressenza_logo_200x200.jpg\",\"width\":200,\"height\":200,\"caption\":\"Pressenza\"},\"image\":{\"@id\":\"https:\/\/www.pressenza.com\/pt-pt\/#\/schema\/logo\/image\/\"},\"sameAs\":[\"https:\/\/www.facebook.com\/PressenzaItalia\",\"https:\/\/x.com\/PressenzaIPA\"]},{\"@type\":\"Person\",\"@id\":\"https:\/\/www.pressenza.com\/pt-pt\/#\/schema\/person\/d171826afb7693cfc394da95892bfd93\",\"name\":\"Reda\u00e7\u00e3o S\u00e3o Paulo\",\"description\":\"News from the Pressenza bureau in Sao Paulo, Brazil\",\"sameAs\":[\"https:\/\/www.facebook.com\/PressenzaPortugues\",\"https:\/\/x.com\/pressenza_pt\"],\"url\":\"https:\/\/www.pressenza.com\/pt-pt\/author\/redaccao-sao-paulo\/\"}]}<\/script>\n<!-- \/ Yoast SEO plugin. -->","yoast_head_json":{"title":"Fotos do Ato dos funkeiros contra o Golpe em Copacabana","description":"Na praia de Copacabana milhares de jovens desceram os morros para fazer um grande Ato em defesa da Democracia, no domingo, 17\/04. Ao som do pancad\u00e3o (funk","robots":{"index":"index","follow":"follow","max-snippet":"max-snippet:-1","max-image-preview":"max-image-preview:large","max-video-preview":"max-video-preview:-1"},"canonical":"https:\/\/www.pressenza.com\/pt-pt\/2016\/04\/fotos-do-ato-dos-funkeiros-golpe-copacabana\/","og_locale":"pt_PT","og_type":"article","og_title":"Fotos do Ato dos funkeiros contra o Golpe em Copacabana","og_description":"Na praia de Copacabana milhares de jovens desceram os morros para fazer um grande Ato em defesa da Democracia, no domingo, 17\/04. Ao som do pancad\u00e3o (funk","og_url":"https:\/\/www.pressenza.com\/pt-pt\/2016\/04\/fotos-do-ato-dos-funkeiros-golpe-copacabana\/","og_site_name":"Pressenza","article_publisher":"https:\/\/www.facebook.com\/PressenzaItalia","article_author":"https:\/\/www.facebook.com\/PressenzaPortugues","article_published_time":"2016-04-18T22:28:56+00:00","article_modified_time":"2016-04-19T17:58:53+00:00","og_image":[{"width":1152,"height":259,"url":"https:\/\/www.pressenza.com\/wp-content\/uploads\/2016\/04\/07.jpg","type":"image\/jpeg"}],"author":"Reda\u00e7\u00e3o S\u00e3o Paulo","twitter_card":"summary_large_image","twitter_creator":"@pressenza_pt","twitter_site":"@PressenzaIPA","twitter_misc":{"Escrito por":"Reda\u00e7\u00e3o S\u00e3o Paulo","Tempo estimado de leitura":"1 minuto"},"schema":{"@context":"https:\/\/schema.org","@graph":[{"@type":"Article","@id":"https:\/\/www.pressenza.com\/pt-pt\/2016\/04\/fotos-do-ato-dos-funkeiros-golpe-copacabana\/#article","isPartOf":{"@id":"https:\/\/www.pressenza.com\/pt-pt\/2016\/04\/fotos-do-ato-dos-funkeiros-golpe-copacabana\/"},"author":{"name":"Reda\u00e7\u00e3o S\u00e3o Paulo","@id":"https:\/\/www.pressenza.com\/pt-pt\/#\/schema\/person\/d171826afb7693cfc394da95892bfd93"},"headline":"Fotos do Ato dos funkeiros contra o Golpe em Copacabana","datePublished":"2016-04-18T22:28:56+00:00","dateModified":"2016-04-19T17:58:53+00:00","mainEntityOfPage":{"@id":"https:\/\/www.pressenza.com\/pt-pt\/2016\/04\/fotos-do-ato-dos-funkeiros-golpe-copacabana\/"},"wordCount":116,"publisher":{"@id":"https:\/\/www.pressenza.com\/pt-pt\/#organization"},"image":{"@id":"https:\/\/www.pressenza.com\/pt-pt\/2016\/04\/fotos-do-ato-dos-funkeiros-golpe-copacabana\/#primaryimage"},"thumbnailUrl":"https:\/\/www.pressenza.com\/wp-content\/uploads\/2016\/04\/07.jpg","keywords":["Brasil","Dilma Rousseff","Impeachment","Lula Da Silva","NaoVaiTerGOlpe"],"articleSection":["\u00c1m\u00e9rica do Sul","Conte\u00fado Original","Diversidade","Foto reportagem","Pol\u00edtica"],"inLanguage":"pt-PT"},{"@type":"WebPage","@id":"https:\/\/www.pressenza.com\/pt-pt\/2016\/04\/fotos-do-ato-dos-funkeiros-golpe-copacabana\/","url":"https:\/\/www.pressenza.com\/pt-pt\/2016\/04\/fotos-do-ato-dos-funkeiros-golpe-copacabana\/","name":"Fotos do Ato dos funkeiros contra o Golpe em Copacabana","isPartOf":{"@id":"https:\/\/www.pressenza.com\/pt-pt\/#website"},"primaryImageOfPage":{"@id":"https:\/\/www.pressenza.com\/pt-pt\/2016\/04\/fotos-do-ato-dos-funkeiros-golpe-copacabana\/#primaryimage"},"image":{"@id":"https:\/\/www.pressenza.com\/pt-pt\/2016\/04\/fotos-do-ato-dos-funkeiros-golpe-copacabana\/#primaryimage"},"thumbnailUrl":"https:\/\/www.pressenza.com\/wp-content\/uploads\/2016\/04\/07.jpg","datePublished":"2016-04-18T22:28:56+00:00","dateModified":"2016-04-19T17:58:53+00:00","description":"Na praia de Copacabana milhares de jovens desceram os morros para fazer um grande Ato em defesa da Democracia, no domingo, 17\/04. Ao som do pancad\u00e3o (funk","breadcrumb":{"@id":"https:\/\/www.pressenza.com\/pt-pt\/2016\/04\/fotos-do-ato-dos-funkeiros-golpe-copacabana\/#breadcrumb"},"inLanguage":"pt-PT","potentialAction":[{"@type":"ReadAction","target":["https:\/\/www.pressenza.com\/pt-pt\/2016\/04\/fotos-do-ato-dos-funkeiros-golpe-copacabana\/"]}]},{"@type":"ImageObject","inLanguage":"pt-PT","@id":"https:\/\/www.pressenza.com\/pt-pt\/2016\/04\/fotos-do-ato-dos-funkeiros-golpe-copacabana\/#primaryimage","url":"https:\/\/www.pressenza.com\/wp-content\/uploads\/2016\/04\/07.jpg","contentUrl":"https:\/\/www.pressenza.com\/wp-content\/uploads\/2016\/04\/07.jpg","width":1152,"height":259},{"@type":"BreadcrumbList","@id":"https:\/\/www.pressenza.com\/pt-pt\/2016\/04\/fotos-do-ato-dos-funkeiros-golpe-copacabana\/#breadcrumb","itemListElement":[{"@type":"ListItem","position":1,"name":"Accueil","item":"https:\/\/www.pressenza.com\/pt-pt\/"},{"@type":"ListItem","position":2,"name":"Fotos do Ato dos funkeiros contra o Golpe em Copacabana"}]},{"@type":"WebSite","@id":"https:\/\/www.pressenza.com\/pt-pt\/#website","url":"https:\/\/www.pressenza.com\/pt-pt\/","name":"Pressenza","description":"International Press Agency","publisher":{"@id":"https:\/\/www.pressenza.com\/pt-pt\/#organization"},"potentialAction":[{"@type":"SearchAction","target":{"@type":"EntryPoint","urlTemplate":"https:\/\/www.pressenza.com\/pt-pt\/?s={search_term_string}"},"query-input":{"@type":"PropertyValueSpecification","valueRequired":true,"valueName":"search_term_string"}}],"inLanguage":"pt-PT"},{"@type":"Organization","@id":"https:\/\/www.pressenza.com\/pt-pt\/#organization","name":"Pressenza","url":"https:\/\/www.pressenza.com\/pt-pt\/","logo":{"@type":"ImageObject","inLanguage":"pt-PT","@id":"https:\/\/www.pressenza.com\/pt-pt\/#\/schema\/logo\/image\/","url":"https:\/\/www.pressenza.com\/wp-content\/uploads\/2022\/10\/pressenza_logo_200x200.jpg","contentUrl":"https:\/\/www.pressenza.com\/wp-content\/uploads\/2022\/10\/pressenza_logo_200x200.jpg","width":200,"height":200,"caption":"Pressenza"},"image":{"@id":"https:\/\/www.pressenza.com\/pt-pt\/#\/schema\/logo\/image\/"},"sameAs":["https:\/\/www.facebook.com\/PressenzaItalia","https:\/\/x.com\/PressenzaIPA"]},{"@type":"Person","@id":"https:\/\/www.pressenza.com\/pt-pt\/#\/schema\/person\/d171826afb7693cfc394da95892bfd93","name":"Reda\u00e7\u00e3o S\u00e3o Paulo","description":"News from the Pressenza bureau in Sao Paulo, Brazil","sameAs":["https:\/\/www.facebook.com\/PressenzaPortugues","https:\/\/x.com\/pressenza_pt"],"url":"https:\/\/www.pressenza.com\/pt-pt\/author\/redaccao-sao-paulo\/"}]}},"place":"","original_article_url":"","_links":{"self":[{"href":"https:\/\/www.pressenza.com\/pt-pt\/wp-json\/wp\/v2\/posts\/303995","targetHints":{"allow":["GET"]}}],"collection":[{"href":"https:\/\/www.pressenza.com\/pt-pt\/wp-json\/wp\/v2\/posts"}],"about":[{"href":"https:\/\/www.pressenza.com\/pt-pt\/wp-json\/wp\/v2\/types\/post"}],"author":[{"embeddable":true,"href":"https:\/\/www.pressenza.com\/pt-pt\/wp-json\/wp\/v2\/users\/44"}],"replies":[{"embeddable":true,"href":"https:\/\/www.pressenza.com\/pt-pt\/wp-json\/wp\/v2\/comments?post=303995"}],"version-history":[{"count":0,"href":"https:\/\/www.pressenza.com\/pt-pt\/wp-json\/wp\/v2\/posts\/303995\/revisions"}],"wp:featuredmedia":[{"embeddable":true,"href":"https:\/\/www.pressenza.com\/pt-pt\/wp-json\/wp\/v2\/media\/304004"}],"wp:attachment":[{"href":"https:\/\/www.pressenza.com\/pt-pt\/wp-json\/wp\/v2\/media?parent=303995"}],"wp:term":[{"taxonomy":"category","embeddable":true,"href":"https:\/\/www.pressenza.com\/pt-pt\/wp-json\/wp\/v2\/categories?post=303995"},{"taxonomy":"post_tag","embeddable":true,"href":"https:\/\/www.pressenza.com\/pt-pt\/wp-json\/wp\/v2\/tags?post=303995"}],"curies":[{"name":"wp","href":"https:\/\/api.w.org\/{rel}","templated":true}]}}