{"id":303427,"date":"2016-04-17T15:46:17","date_gmt":"2016-04-17T14:46:17","guid":{"rendered":"http:\/\/www.pressenza.com\/pt-pt\/?p=303427"},"modified":"2016-04-19T18:58:35","modified_gmt":"2016-04-19T17:58:35","slug":"resultado-da-votacao-esta-em-aberto-rua-decide","status":"publish","type":"post","link":"https:\/\/www.pressenza.com\/pt-pt\/2016\/04\/resultado-da-votacao-esta-em-aberto-rua-decide\/","title":{"rendered":"O resultado da vota\u00e7\u00e3o est\u00e1 em aberto. A rua decide!"},"content":{"rendered":"<p><em><strong>An\u00e1lise por Thais Moya para os Jornalistas Livres<\/strong><\/em><\/p>\n<p>Estudo exclusivo de da soci\u00f3loga Thais Moya para os Jornalistas Livres. Ela \u00e9 p\u00f3s-doutorada pela Unicamp e ficou conhecida por seu estudo e cruzamentos que desnudaram a Planilha da Odebrecht, revelando que a direita e Eduardo Cunha eram os grandes protagonistas do esquema da empreiteira. O estudo de Thais aponta: h\u00e1 337 deputados favor\u00e1veis ao golpe, 145 contr\u00e1rios e de fato apenas 5 indecisos (ela estima 26 ausentes). A\u00a0 intui\u00e7\u00e3o de Thais: 340 golpistas e 146 democratas. Se for isso mesmo, o golpe n\u00e3o passa. Leia o estudo.<\/p>\n<p>Neste domingo, a C\u00e2mara dos deputados decidir\u00e1 pela abertura ou n\u00e3o do processo de impeachment. Para que o processo seja aberto \u00e9 necess\u00e1rio que dois ter\u00e7os dos deputados votem favoravelmente, o que corresponde a 342 votos. Essa quantidade de votos \u00e9 necess\u00e1ria independentemente da quantidade de votos contr\u00e1rios e tamb\u00e9m das absten\u00e7\u00f5es e aus\u00eancias no dia. Ou seja, ou conseguem 342 votos, ou n\u00e3o aprovam a continuidade do processo de impeachment de Dilma.<\/p>\n<p>O senador Roberto Requi\u00e3o, PMDB\/PR, anunciou, na manh\u00e3 de ontem, s\u00e1bado (16), que deputados estavam deixando Bras\u00edlia com intuito de n\u00e3o participarem da vota\u00e7\u00e3o.<\/p>\n<p><img loading=\"lazy\" decoding=\"async\" class=\"alignnone size-full wp-image-303411\" src=\"http:\/\/www.pressenza.com\/wp-content\/uploads\/2016\/04\/requiao.jpg\" alt=\"requiao\" width=\"602\" height=\"355\" srcset=\"https:\/\/www.pressenza.com\/wp-content\/uploads\/2016\/04\/requiao.jpg 602w, https:\/\/www.pressenza.com\/wp-content\/uploads\/2016\/04\/requiao-300x177.jpg 300w\" sizes=\"auto, (max-width: 602px) 100vw, 602px\" \/><\/p>\n<p>At\u00e9 22h de s\u00e1bado, 488 deputados registraram presen\u00e7a na sess\u00e3o que come\u00e7ou as 18h58, o que demonstra que 25 deputados n\u00e3o est\u00e3o na C\u00e2mara a poucas horas da vota\u00e7\u00e3o. Destes 25, mais de 80% n\u00e3o registraram presen\u00e7a nas tr\u00eas sess\u00f5es anteriores do mesmo dia.<\/p>\n<p>Em 1992, na vota\u00e7\u00e3o do impeachment de Collor, houve 23 aus\u00eancias e absten\u00e7\u00f5es, ou seja, em torno de 5% da Casa. N\u00e3o seria surpreendente se a mesma parcela se ausentasse nesse domingo.<\/p>\n<p>Dos 25 deputados que n\u00e3o registraram presen\u00e7a, onze se manifestaram favor\u00e1veis ao impeachment, dez contr\u00e1rios ao processo e quatro se dizem indecisos. Arrolados nos partidos PEN, PMDB, PP, PR, PROS, PSB, PT, PTB, PT do B, PTN, PV e SD.<\/p>\n<p>Se essas proje\u00e7\u00f5es de aus\u00eancias se concretizarem na vota\u00e7\u00e3o, os dois lados poder\u00e3o perder em torno de dez votos j\u00e1 contabilizados, o que colocaria o grupo favor\u00e1vel ao impeachment numa margem ligeiramente inferior aos 342 de votos necess\u00e1rios.<\/p>\n<p>Esta margem aumenta se cruzarmos os dados dos mapeamentos realizados por movimentos favor\u00e1veis e contr\u00e1rios ao impeachment (Vemprarua.net e mapadademocracia.org.br), pois a rela\u00e7\u00e3o de indecisos n\u00e3o s\u00e3o compat\u00edveis, o que revela um cen\u00e1rio ainda mais imprevis\u00edvel para vota\u00e7\u00e3o.<\/p>\n<p>O \u201cmapa da democracia\u201d, realizado por movimentos contr\u00e1rios ao impeachment, contabiliza 20 nomes entre os indecisos, j\u00e1 o \u201cmapa do impeachment\u201d, do movimento golpista, contabiliza 27 deputados indecisos. Al\u00e9m dos n\u00fameros n\u00e3o baterem, os nomes dos indecisos variam muito em cada mapa. Apenas 8 deputados est\u00e3o nas duas listas, ou seja, h\u00e1 uma varia\u00e7\u00e3o de mais 15 nomes entre contr\u00e1rios e favor\u00e1veis.<\/p>\n<p>Indecisos nos dois mapas:\u00a0An\u00edbal Gomes (PMDB\/CE), Brunny (PR\/MG), Hissa Abrah\u00e3o (PDT\/AM), Jos\u00e9 Priante (PMDB\/PA), Jos\u00e9 Reinaldo (PSB\/MA), Marcio Alvino (PR\/SP), Paes Landim (PTB\/PI), Tiririca (PR\/SP).<\/p>\n<p>Quando se faz a confer\u00eancia dos nomes incompat\u00edveis, se percebe que h\u00e1 17 nomes que o \u201cmapa do impeachment\u201d coloca como indecisos, por\u00e9m, no \u201cmapa da democracia\u201d aparecem como contr\u00e1rios. No lado inverso, havia 8 nomes como indecisos no \u201cmapa da democracia\u201d que aparecem como contr\u00e1rios no \u201cmapa do impeachment\u201d. Fora isso, h\u00e1 4 nomes que o \u201cmapa do impeachment\u201d coloca como contr\u00e1rios que o \u201cmapa da democracia\u201d considera como indecisos.<\/p>\n<p><img loading=\"lazy\" decoding=\"async\" class=\"alignnone size-large wp-image-303418\" src=\"http:\/\/www.pressenza.com\/wp-content\/uploads\/2016\/04\/mapa-votacao-analise-720x914.jpg\" alt=\"mapa-votacao-analise\" width=\"720\" height=\"914\" srcset=\"https:\/\/www.pressenza.com\/wp-content\/uploads\/2016\/04\/mapa-votacao-analise-720x914.jpg 720w, https:\/\/www.pressenza.com\/wp-content\/uploads\/2016\/04\/mapa-votacao-analise-236x300.jpg 236w, https:\/\/www.pressenza.com\/wp-content\/uploads\/2016\/04\/mapa-votacao-analise-768x975.jpg 768w, https:\/\/www.pressenza.com\/wp-content\/uploads\/2016\/04\/mapa-votacao-analise.jpg 772w\" sizes=\"auto, (max-width: 720px) 100vw, 720px\" \/><\/p>\n<p>Portanto, entre 40 indecisos presentes nas duas rela\u00e7\u00f5es, 21 s\u00e3o potencialmente contr\u00e1rios ao impeachment. Dos 19 restantes, 9 s\u00e3o potencialmente favor\u00e1veis, restando 10 totalmente imprevis\u00edveis.<\/p>\n<p>Usando a proje\u00e7\u00e3o dos mapas ter\u00edamos um placar de 155 contr\u00e1rios, 10 indecisos e 348 favor\u00e1veis.<\/p>\n<p>Subtraindo as poss\u00edveis aus\u00eancias, seria um placar aproximado de 145 deputados contra o impeachment e 337 golpista, restando em torno de 5 indecisos que podem fazer toda diferen\u00e7a (para o total de 513 faltam 26, que devem ausentar-se mantida a propor\u00e7\u00e3o de 1992).<\/p>\n<p>A press\u00e3o popular ser\u00e1 decisiva. Todos contra o golpe!<\/p>\n","protected":false},"excerpt":{"rendered":"<p>An\u00e1lise por Thais Moya para os Jornalistas Livres Estudo exclusivo de da soci\u00f3loga Thais Moya para os Jornalistas Livres. Ela \u00e9 p\u00f3s-doutorada pela Unicamp e ficou conhecida por seu estudo e cruzamentos que desnudaram a Planilha da Odebrecht, revelando que&hellip;<\/p>\n","protected":false},"author":1254,"featured_media":303409,"comment_status":"closed","ping_status":"closed","sticky":false,"template":"","format":"standard","meta":{"footnotes":""},"categories":[104,165,111],"tags":[2744,696,1331,21269,6713,19163,25130],"class_list":["post-303427","post","type-post","status-publish","format-standard","has-post-thumbnail","hentry","category-america-do-sul","category-opiniao","category-politica-pt-pt","tag-brasil","tag-democracia","tag-dilma-rousseff","tag-eduardo-cunha","tag-golpe","tag-impeachment","tag-naovaitergolpe"],"yoast_head":"<!-- This site is optimized with the Yoast SEO plugin v27.1.1 - https:\/\/yoast.com\/product\/yoast-seo-wordpress\/ -->\n<title>O resultado da vota\u00e7\u00e3o est\u00e1 em aberto. A rua decide!<\/title>\n<meta name=\"description\" content=\"An\u00e1lise por Thais Moya para os Jornalistas Livres Estudo exclusivo de da soci\u00f3loga Thais Moya para os Jornalistas Livres. Ela \u00e9 p\u00f3s-doutorada pela Unicamp\" \/>\n<meta name=\"robots\" content=\"index, follow, max-snippet:-1, max-image-preview:large, max-video-preview:-1\" \/>\n<link rel=\"canonical\" href=\"https:\/\/www.pressenza.com\/pt-pt\/2016\/04\/resultado-da-votacao-esta-em-aberto-rua-decide\/\" \/>\n<meta property=\"og:locale\" content=\"pt_PT\" \/>\n<meta property=\"og:type\" content=\"article\" \/>\n<meta property=\"og:title\" content=\"O resultado da vota\u00e7\u00e3o est\u00e1 em aberto. A rua decide!\" \/>\n<meta property=\"og:description\" content=\"An\u00e1lise por Thais Moya para os Jornalistas Livres Estudo exclusivo de da soci\u00f3loga Thais Moya para os Jornalistas Livres. Ela \u00e9 p\u00f3s-doutorada pela Unicamp\" \/>\n<meta property=\"og:url\" content=\"https:\/\/www.pressenza.com\/pt-pt\/2016\/04\/resultado-da-votacao-esta-em-aberto-rua-decide\/\" \/>\n<meta property=\"og:site_name\" content=\"Pressenza\" \/>\n<meta property=\"article:publisher\" content=\"https:\/\/www.facebook.com\/PressenzaItalia\" \/>\n<meta property=\"article:author\" content=\"https:\/\/www.facebook.com\/pressenza\" \/>\n<meta property=\"article:published_time\" content=\"2016-04-17T14:46:17+00:00\" \/>\n<meta property=\"article:modified_time\" content=\"2016-04-19T17:58:35+00:00\" \/>\n<meta property=\"og:image\" content=\"https:\/\/www.pressenza.com\/wp-content\/uploads\/2016\/04\/thais-moya.jpg\" \/>\n\t<meta property=\"og:image:width\" content=\"1250\" \/>\n\t<meta property=\"og:image:height\" content=\"596\" \/>\n\t<meta property=\"og:image:type\" content=\"image\/jpeg\" \/>\n<meta name=\"author\" content=\"Redacci\u00f3n Mar del Plata\" \/>\n<meta name=\"twitter:card\" content=\"summary_large_image\" \/>\n<meta name=\"twitter:creator\" content=\"@Pressenza\" \/>\n<meta name=\"twitter:site\" content=\"@PressenzaIPA\" \/>\n<meta name=\"twitter:label1\" content=\"Escrito por\" \/>\n\t<meta name=\"twitter:data1\" content=\"Redacci\u00f3n Mar del Plata\" \/>\n\t<meta name=\"twitter:label2\" content=\"Tempo estimado de leitura\" \/>\n\t<meta name=\"twitter:data2\" content=\"3 minutos\" \/>\n<script type=\"application\/ld+json\" class=\"yoast-schema-graph\">{\"@context\":\"https:\/\/schema.org\",\"@graph\":[{\"@type\":\"Article\",\"@id\":\"https:\/\/www.pressenza.com\/pt-pt\/2016\/04\/resultado-da-votacao-esta-em-aberto-rua-decide\/#article\",\"isPartOf\":{\"@id\":\"https:\/\/www.pressenza.com\/pt-pt\/2016\/04\/resultado-da-votacao-esta-em-aberto-rua-decide\/\"},\"author\":{\"name\":\"Redacci\u00f3n Mar del Plata\",\"@id\":\"https:\/\/www.pressenza.com\/pt-pt\/#\/schema\/person\/738658b5125ecea661a8a0b96dba8b69\"},\"headline\":\"O resultado da vota\u00e7\u00e3o est\u00e1 em aberto. A rua decide!\",\"datePublished\":\"2016-04-17T14:46:17+00:00\",\"dateModified\":\"2016-04-19T17:58:35+00:00\",\"mainEntityOfPage\":{\"@id\":\"https:\/\/www.pressenza.com\/pt-pt\/2016\/04\/resultado-da-votacao-esta-em-aberto-rua-decide\/\"},\"wordCount\":706,\"publisher\":{\"@id\":\"https:\/\/www.pressenza.com\/pt-pt\/#organization\"},\"image\":{\"@id\":\"https:\/\/www.pressenza.com\/pt-pt\/2016\/04\/resultado-da-votacao-esta-em-aberto-rua-decide\/#primaryimage\"},\"thumbnailUrl\":\"https:\/\/www.pressenza.com\/wp-content\/uploads\/2016\/04\/thais-moya.jpg\",\"keywords\":[\"Brasil\",\"Democracia\",\"Dilma Rousseff\",\"Eduardo Cunha\",\"golpe\",\"Impeachment\",\"NaoVaiTerGOlpe\"],\"articleSection\":[\"\u00c1m\u00e9rica do Sul\",\"Opini\u00e3o\",\"Pol\u00edtica\"],\"inLanguage\":\"pt-PT\"},{\"@type\":\"WebPage\",\"@id\":\"https:\/\/www.pressenza.com\/pt-pt\/2016\/04\/resultado-da-votacao-esta-em-aberto-rua-decide\/\",\"url\":\"https:\/\/www.pressenza.com\/pt-pt\/2016\/04\/resultado-da-votacao-esta-em-aberto-rua-decide\/\",\"name\":\"O resultado da vota\u00e7\u00e3o est\u00e1 em aberto. A rua decide!\",\"isPartOf\":{\"@id\":\"https:\/\/www.pressenza.com\/pt-pt\/#website\"},\"primaryImageOfPage\":{\"@id\":\"https:\/\/www.pressenza.com\/pt-pt\/2016\/04\/resultado-da-votacao-esta-em-aberto-rua-decide\/#primaryimage\"},\"image\":{\"@id\":\"https:\/\/www.pressenza.com\/pt-pt\/2016\/04\/resultado-da-votacao-esta-em-aberto-rua-decide\/#primaryimage\"},\"thumbnailUrl\":\"https:\/\/www.pressenza.com\/wp-content\/uploads\/2016\/04\/thais-moya.jpg\",\"datePublished\":\"2016-04-17T14:46:17+00:00\",\"dateModified\":\"2016-04-19T17:58:35+00:00\",\"description\":\"An\u00e1lise por Thais Moya para os Jornalistas Livres Estudo exclusivo de da soci\u00f3loga Thais Moya para os Jornalistas Livres. Ela \u00e9 p\u00f3s-doutorada pela Unicamp\",\"breadcrumb\":{\"@id\":\"https:\/\/www.pressenza.com\/pt-pt\/2016\/04\/resultado-da-votacao-esta-em-aberto-rua-decide\/#breadcrumb\"},\"inLanguage\":\"pt-PT\",\"potentialAction\":[{\"@type\":\"ReadAction\",\"target\":[\"https:\/\/www.pressenza.com\/pt-pt\/2016\/04\/resultado-da-votacao-esta-em-aberto-rua-decide\/\"]}]},{\"@type\":\"ImageObject\",\"inLanguage\":\"pt-PT\",\"@id\":\"https:\/\/www.pressenza.com\/pt-pt\/2016\/04\/resultado-da-votacao-esta-em-aberto-rua-decide\/#primaryimage\",\"url\":\"https:\/\/www.pressenza.com\/wp-content\/uploads\/2016\/04\/thais-moya.jpg\",\"contentUrl\":\"https:\/\/www.pressenza.com\/wp-content\/uploads\/2016\/04\/thais-moya.jpg\",\"width\":1250,\"height\":596},{\"@type\":\"BreadcrumbList\",\"@id\":\"https:\/\/www.pressenza.com\/pt-pt\/2016\/04\/resultado-da-votacao-esta-em-aberto-rua-decide\/#breadcrumb\",\"itemListElement\":[{\"@type\":\"ListItem\",\"position\":1,\"name\":\"Accueil\",\"item\":\"https:\/\/www.pressenza.com\/pt-pt\/\"},{\"@type\":\"ListItem\",\"position\":2,\"name\":\"O resultado da vota\u00e7\u00e3o est\u00e1 em aberto. A rua decide!\"}]},{\"@type\":\"WebSite\",\"@id\":\"https:\/\/www.pressenza.com\/pt-pt\/#website\",\"url\":\"https:\/\/www.pressenza.com\/pt-pt\/\",\"name\":\"Pressenza\",\"description\":\"International Press Agency\",\"publisher\":{\"@id\":\"https:\/\/www.pressenza.com\/pt-pt\/#organization\"},\"potentialAction\":[{\"@type\":\"SearchAction\",\"target\":{\"@type\":\"EntryPoint\",\"urlTemplate\":\"https:\/\/www.pressenza.com\/pt-pt\/?s={search_term_string}\"},\"query-input\":{\"@type\":\"PropertyValueSpecification\",\"valueRequired\":true,\"valueName\":\"search_term_string\"}}],\"inLanguage\":\"pt-PT\"},{\"@type\":\"Organization\",\"@id\":\"https:\/\/www.pressenza.com\/pt-pt\/#organization\",\"name\":\"Pressenza\",\"url\":\"https:\/\/www.pressenza.com\/pt-pt\/\",\"logo\":{\"@type\":\"ImageObject\",\"inLanguage\":\"pt-PT\",\"@id\":\"https:\/\/www.pressenza.com\/pt-pt\/#\/schema\/logo\/image\/\",\"url\":\"https:\/\/www.pressenza.com\/wp-content\/uploads\/2022\/10\/pressenza_logo_200x200.jpg\",\"contentUrl\":\"https:\/\/www.pressenza.com\/wp-content\/uploads\/2022\/10\/pressenza_logo_200x200.jpg\",\"width\":200,\"height\":200,\"caption\":\"Pressenza\"},\"image\":{\"@id\":\"https:\/\/www.pressenza.com\/pt-pt\/#\/schema\/logo\/image\/\"},\"sameAs\":[\"https:\/\/www.facebook.com\/PressenzaItalia\",\"https:\/\/x.com\/PressenzaIPA\"]},{\"@type\":\"Person\",\"@id\":\"https:\/\/www.pressenza.com\/pt-pt\/#\/schema\/person\/738658b5125ecea661a8a0b96dba8b69\",\"name\":\"Redacci\u00f3n Mar del Plata\",\"description\":\"News published by the Pressenza bureau in Mar Del Plata, Argentina\",\"sameAs\":[\"https:\/\/www.facebook.com\/pressenza\",\"https:\/\/x.com\/Pressenza\"],\"url\":\"https:\/\/www.pressenza.com\/pt-pt\/author\/redaccion-mar-del-plata\/\"}]}<\/script>\n<!-- \/ Yoast SEO plugin. -->","yoast_head_json":{"title":"O resultado da vota\u00e7\u00e3o est\u00e1 em aberto. A rua decide!","description":"An\u00e1lise por Thais Moya para os Jornalistas Livres Estudo exclusivo de da soci\u00f3loga Thais Moya para os Jornalistas Livres. Ela \u00e9 p\u00f3s-doutorada pela Unicamp","robots":{"index":"index","follow":"follow","max-snippet":"max-snippet:-1","max-image-preview":"max-image-preview:large","max-video-preview":"max-video-preview:-1"},"canonical":"https:\/\/www.pressenza.com\/pt-pt\/2016\/04\/resultado-da-votacao-esta-em-aberto-rua-decide\/","og_locale":"pt_PT","og_type":"article","og_title":"O resultado da vota\u00e7\u00e3o est\u00e1 em aberto. A rua decide!","og_description":"An\u00e1lise por Thais Moya para os Jornalistas Livres Estudo exclusivo de da soci\u00f3loga Thais Moya para os Jornalistas Livres. Ela \u00e9 p\u00f3s-doutorada pela Unicamp","og_url":"https:\/\/www.pressenza.com\/pt-pt\/2016\/04\/resultado-da-votacao-esta-em-aberto-rua-decide\/","og_site_name":"Pressenza","article_publisher":"https:\/\/www.facebook.com\/PressenzaItalia","article_author":"https:\/\/www.facebook.com\/pressenza","article_published_time":"2016-04-17T14:46:17+00:00","article_modified_time":"2016-04-19T17:58:35+00:00","og_image":[{"width":1250,"height":596,"url":"https:\/\/www.pressenza.com\/wp-content\/uploads\/2016\/04\/thais-moya.jpg","type":"image\/jpeg"}],"author":"Redacci\u00f3n Mar del Plata","twitter_card":"summary_large_image","twitter_creator":"@Pressenza","twitter_site":"@PressenzaIPA","twitter_misc":{"Escrito por":"Redacci\u00f3n Mar del Plata","Tempo estimado de leitura":"3 minutos"},"schema":{"@context":"https:\/\/schema.org","@graph":[{"@type":"Article","@id":"https:\/\/www.pressenza.com\/pt-pt\/2016\/04\/resultado-da-votacao-esta-em-aberto-rua-decide\/#article","isPartOf":{"@id":"https:\/\/www.pressenza.com\/pt-pt\/2016\/04\/resultado-da-votacao-esta-em-aberto-rua-decide\/"},"author":{"name":"Redacci\u00f3n Mar del Plata","@id":"https:\/\/www.pressenza.com\/pt-pt\/#\/schema\/person\/738658b5125ecea661a8a0b96dba8b69"},"headline":"O resultado da vota\u00e7\u00e3o est\u00e1 em aberto. A rua decide!","datePublished":"2016-04-17T14:46:17+00:00","dateModified":"2016-04-19T17:58:35+00:00","mainEntityOfPage":{"@id":"https:\/\/www.pressenza.com\/pt-pt\/2016\/04\/resultado-da-votacao-esta-em-aberto-rua-decide\/"},"wordCount":706,"publisher":{"@id":"https:\/\/www.pressenza.com\/pt-pt\/#organization"},"image":{"@id":"https:\/\/www.pressenza.com\/pt-pt\/2016\/04\/resultado-da-votacao-esta-em-aberto-rua-decide\/#primaryimage"},"thumbnailUrl":"https:\/\/www.pressenza.com\/wp-content\/uploads\/2016\/04\/thais-moya.jpg","keywords":["Brasil","Democracia","Dilma Rousseff","Eduardo Cunha","golpe","Impeachment","NaoVaiTerGOlpe"],"articleSection":["\u00c1m\u00e9rica do Sul","Opini\u00e3o","Pol\u00edtica"],"inLanguage":"pt-PT"},{"@type":"WebPage","@id":"https:\/\/www.pressenza.com\/pt-pt\/2016\/04\/resultado-da-votacao-esta-em-aberto-rua-decide\/","url":"https:\/\/www.pressenza.com\/pt-pt\/2016\/04\/resultado-da-votacao-esta-em-aberto-rua-decide\/","name":"O resultado da vota\u00e7\u00e3o est\u00e1 em aberto. A rua decide!","isPartOf":{"@id":"https:\/\/www.pressenza.com\/pt-pt\/#website"},"primaryImageOfPage":{"@id":"https:\/\/www.pressenza.com\/pt-pt\/2016\/04\/resultado-da-votacao-esta-em-aberto-rua-decide\/#primaryimage"},"image":{"@id":"https:\/\/www.pressenza.com\/pt-pt\/2016\/04\/resultado-da-votacao-esta-em-aberto-rua-decide\/#primaryimage"},"thumbnailUrl":"https:\/\/www.pressenza.com\/wp-content\/uploads\/2016\/04\/thais-moya.jpg","datePublished":"2016-04-17T14:46:17+00:00","dateModified":"2016-04-19T17:58:35+00:00","description":"An\u00e1lise por Thais Moya para os Jornalistas Livres Estudo exclusivo de da soci\u00f3loga Thais Moya para os Jornalistas Livres. Ela \u00e9 p\u00f3s-doutorada pela Unicamp","breadcrumb":{"@id":"https:\/\/www.pressenza.com\/pt-pt\/2016\/04\/resultado-da-votacao-esta-em-aberto-rua-decide\/#breadcrumb"},"inLanguage":"pt-PT","potentialAction":[{"@type":"ReadAction","target":["https:\/\/www.pressenza.com\/pt-pt\/2016\/04\/resultado-da-votacao-esta-em-aberto-rua-decide\/"]}]},{"@type":"ImageObject","inLanguage":"pt-PT","@id":"https:\/\/www.pressenza.com\/pt-pt\/2016\/04\/resultado-da-votacao-esta-em-aberto-rua-decide\/#primaryimage","url":"https:\/\/www.pressenza.com\/wp-content\/uploads\/2016\/04\/thais-moya.jpg","contentUrl":"https:\/\/www.pressenza.com\/wp-content\/uploads\/2016\/04\/thais-moya.jpg","width":1250,"height":596},{"@type":"BreadcrumbList","@id":"https:\/\/www.pressenza.com\/pt-pt\/2016\/04\/resultado-da-votacao-esta-em-aberto-rua-decide\/#breadcrumb","itemListElement":[{"@type":"ListItem","position":1,"name":"Accueil","item":"https:\/\/www.pressenza.com\/pt-pt\/"},{"@type":"ListItem","position":2,"name":"O resultado da vota\u00e7\u00e3o est\u00e1 em aberto. A rua decide!"}]},{"@type":"WebSite","@id":"https:\/\/www.pressenza.com\/pt-pt\/#website","url":"https:\/\/www.pressenza.com\/pt-pt\/","name":"Pressenza","description":"International Press Agency","publisher":{"@id":"https:\/\/www.pressenza.com\/pt-pt\/#organization"},"potentialAction":[{"@type":"SearchAction","target":{"@type":"EntryPoint","urlTemplate":"https:\/\/www.pressenza.com\/pt-pt\/?s={search_term_string}"},"query-input":{"@type":"PropertyValueSpecification","valueRequired":true,"valueName":"search_term_string"}}],"inLanguage":"pt-PT"},{"@type":"Organization","@id":"https:\/\/www.pressenza.com\/pt-pt\/#organization","name":"Pressenza","url":"https:\/\/www.pressenza.com\/pt-pt\/","logo":{"@type":"ImageObject","inLanguage":"pt-PT","@id":"https:\/\/www.pressenza.com\/pt-pt\/#\/schema\/logo\/image\/","url":"https:\/\/www.pressenza.com\/wp-content\/uploads\/2022\/10\/pressenza_logo_200x200.jpg","contentUrl":"https:\/\/www.pressenza.com\/wp-content\/uploads\/2022\/10\/pressenza_logo_200x200.jpg","width":200,"height":200,"caption":"Pressenza"},"image":{"@id":"https:\/\/www.pressenza.com\/pt-pt\/#\/schema\/logo\/image\/"},"sameAs":["https:\/\/www.facebook.com\/PressenzaItalia","https:\/\/x.com\/PressenzaIPA"]},{"@type":"Person","@id":"https:\/\/www.pressenza.com\/pt-pt\/#\/schema\/person\/738658b5125ecea661a8a0b96dba8b69","name":"Redacci\u00f3n Mar del Plata","description":"News published by the Pressenza bureau in Mar Del Plata, Argentina","sameAs":["https:\/\/www.facebook.com\/pressenza","https:\/\/x.com\/Pressenza"],"url":"https:\/\/www.pressenza.com\/pt-pt\/author\/redaccion-mar-del-plata\/"}]}},"place":"S\u00e3o Paulo, Brasil","original_article_url":"http:\/\/jornalistaslivres.org\/2016\/04\/o-resultado-da-votacao-esta-em-aberto-rua-decide\/","_links":{"self":[{"href":"https:\/\/www.pressenza.com\/pt-pt\/wp-json\/wp\/v2\/posts\/303427","targetHints":{"allow":["GET"]}}],"collection":[{"href":"https:\/\/www.pressenza.com\/pt-pt\/wp-json\/wp\/v2\/posts"}],"about":[{"href":"https:\/\/www.pressenza.com\/pt-pt\/wp-json\/wp\/v2\/types\/post"}],"author":[{"embeddable":true,"href":"https:\/\/www.pressenza.com\/pt-pt\/wp-json\/wp\/v2\/users\/1254"}],"replies":[{"embeddable":true,"href":"https:\/\/www.pressenza.com\/pt-pt\/wp-json\/wp\/v2\/comments?post=303427"}],"version-history":[{"count":0,"href":"https:\/\/www.pressenza.com\/pt-pt\/wp-json\/wp\/v2\/posts\/303427\/revisions"}],"wp:featuredmedia":[{"embeddable":true,"href":"https:\/\/www.pressenza.com\/pt-pt\/wp-json\/wp\/v2\/media\/303409"}],"wp:attachment":[{"href":"https:\/\/www.pressenza.com\/pt-pt\/wp-json\/wp\/v2\/media?parent=303427"}],"wp:term":[{"taxonomy":"category","embeddable":true,"href":"https:\/\/www.pressenza.com\/pt-pt\/wp-json\/wp\/v2\/categories?post=303427"},{"taxonomy":"post_tag","embeddable":true,"href":"https:\/\/www.pressenza.com\/pt-pt\/wp-json\/wp\/v2\/tags?post=303427"}],"curies":[{"name":"wp","href":"https:\/\/api.w.org\/{rel}","templated":true}]}}