{"id":302738,"date":"2016-04-15T18:31:13","date_gmt":"2016-04-15T17:31:13","guid":{"rendered":"http:\/\/www.pressenza.com\/pt-pt\/?p=302738"},"modified":"2016-04-15T18:31:13","modified_gmt":"2016-04-15T17:31:13","slug":"onu-escolhe-proximo-secretario-geral-em-processo-inedito","status":"publish","type":"post","link":"https:\/\/www.pressenza.com\/pt-pt\/2016\/04\/onu-escolhe-proximo-secretario-geral-em-processo-inedito\/","title":{"rendered":"ONU escolhe pr\u00f3ximo secret\u00e1rio-geral em processo in\u00e9dito"},"content":{"rendered":"<p>Em audi\u00eancia p\u00fablica sem precedentes, candidatos \u00e0 sucess\u00e3o de Ban Ki-moon enfrentam perguntas da Assembleia Geral, em procedimento similar a entrevista de emprego. Decis\u00e3o final, por\u00e9m, ainda \u00e9 de membros permanentes.<\/p>\n<p>Os candidatos \u00e0 sucess\u00e3o de Ban Ki-moon como secret\u00e1rio-geral da ONU come\u00e7aram a enfrentar um interrogat\u00f3rio dos membros da Assembleia Geral, nos moldes de uma entrevista de emprego comum. A audi\u00eancia p\u00fablica \u00e9 sem precedentes, j\u00e1 que as Na\u00e7\u00f5es Unidas normalmente adotavam um processo estritamente reservado de elei\u00e7\u00e3o.<\/p>\n<p>O ministro das Rela\u00e7\u00f5es Exteriores de Montenegro, Igor Luksic, foi o primeiro dos oito candidatos a ser questionado pela Assembleia Geral, na ter\u00e7a-feira (12\/04).<\/p>\n<p>Os postulantes \u00e0 vaga de Ban Ki-moon, que deixar\u00e1 o cargo em 31 de dezembro, respondem a perguntas sobre como eles lidariam com alguns dos maiores desafios do mundo, como as altera\u00e7\u00f5es clim\u00e1ticas e os esfor\u00e7os para alcan\u00e7ar a paz, mas tamb\u00e9m como resolveriam problemas dentro da pr\u00f3pria ONU, tais como o abuso sexual de soldados da organiza\u00e7\u00e3o.<\/p>\n<p>As audi\u00eancias, que tamb\u00e9m foram transmitidas ao vivo pelo site da ONU, romperam com o costumeiro sigilo em torno da elei\u00e7\u00e3o de um chefe da entidade. Ao longo da hist\u00f3ria de sete d\u00e9cadas das Na\u00e7\u00f5es Unidas, o processo tem sido largamente mantido a portas fechadas, com a escolha firmemente nas m\u00e3os do Conselho de Seguran\u00e7a e de seus cinco membros permanentes: EUA, Reino Unido, R\u00fassia, Fran\u00e7a e China.<\/p>\n<p><strong>Press\u00e3o sobre membros permanentes<\/strong><\/p>\n<p>No ano passado, no entanto, a ONU decidiu modificar o status quo e pediu que os candidatos enviassem uma candidatura formal, com apresenta\u00e7\u00e3o de curr\u00edculos e presen\u00e7a em audi\u00eancias.<\/p>\n<p>De acordo com a Carta das Na\u00e7\u00f5es Unidas, a decis\u00e3o final de nomear o sucessor de Ban Ki-moon \u00e9 do Conselho de Seguran\u00e7a. Mas a abertura no processo seletivo poderia aumentar a press\u00e3o sobre grandes pot\u00eancias para escolher um candidato com um apelo mais amplo.<\/p>\n<p>&#8220;Este \u00e9 um exerc\u00edcio com potencial de mudar o jogo&#8221;, disse o presidente da Assembleia Geral, Mogen Lykketoft. &#8220;Se h\u00e1 uma massa cr\u00edtica de pa\u00edses que apoiam um candidato \u00fanico, n\u00e3o acho que veremos o Conselho de Seguran\u00e7a apresentando um nome bastante diferente.&#8221;<\/p>\n<p><strong>Vez da Europa Oriental?<\/strong><\/p>\n<p>O cargo de secret\u00e1rio-geral da ONU, tradicionalmente, sofre uma rota\u00e7\u00e3o entre as regi\u00f5es do mundo. \u00c1sia, \u00c1frica, Am\u00e9rica Latina e Europa j\u00e1 tiveram representantes ocupando o posto m\u00e1ximo. A R\u00fassia argumentou que o pr\u00f3ximo chefe da ONU deve vir da Europa Oriental, \u00fanica regi\u00e3o que ainda n\u00e3o foi representada. Tamb\u00e9m nunca houve uma secret\u00e1ria-geral.<\/p>\n<p>Dos oito candidatos, quatro s\u00e3o mulheres e quatro s\u00e3o homens \u2013 seis da Europa Oriental, um da Europa Ocidental e um da regi\u00e3o \u00c1sia-Pac\u00edfico. S\u00e3o eles:<\/p>\n<p>Irina Bokova (Bulg\u00e1ria): ex-ministra do Exterior da Bulg\u00e1ria e atual diretora-geral da Unesco.<\/p>\n<p>Natalia Gherman (Mold\u00e1via): primeira-ministra da Mold\u00e1via.<\/p>\n<p>Helen Clark (Nova Zel\u00e2ndia): ex-premi\u00ea da Nova Zel\u00e2ndia e atual chefe do Programa das Na\u00e7\u00f5es Unidas para o Desenvolvimento.<\/p>\n<p>Vesna Pusic (Cro\u00e1cia): ex-ministra das Rela\u00e7\u00f5es Exteriores da Cro\u00e1cia.<\/p>\n<p>Igor Luksic (Montenegro): ministro do Exterior de Montenegro.<\/p>\n<p>Danilo T\u00fcrk (Eslov\u00eania): ex-presidente da Eslov\u00eania.<\/p>\n<p>Srgja Kerim (Maced\u00f4nia): ex-presidente da Assembleia Geral da ONU.<\/p>\n<p>Ant\u00f3nio Guterres (Portugal): ex-premi\u00ea de Portugal e exerceu o cargo de Alto Comiss\u00e1rio das Na\u00e7\u00f5es Unidas para os Refugiados.<\/p>\n<p>Este artigo n\u00e3o est\u00e1 sob Licen\u00e7a Creative Commons e n\u00e3o pode ser reproduzido de nenhuma forma. O mesmo \u00e9 v\u00e1lido para a foto.<\/p>\n","protected":false},"excerpt":{"rendered":"<p>Em audi\u00eancia p\u00fablica sem precedentes, candidatos \u00e0 sucess\u00e3o de Ban Ki-moon enfrentam perguntas da Assembleia Geral, em procedimento similar a entrevista de emprego. Decis\u00e3o final, por\u00e9m, ainda \u00e9 de membros permanentes. Os candidatos \u00e0 sucess\u00e3o de Ban Ki-moon como secret\u00e1rio-geral&hellip;<\/p>\n","protected":false},"author":993,"featured_media":302747,"comment_status":"closed","ping_status":"closed","sticky":false,"template":"","format":"standard","meta":{"footnotes":""},"categories":[105,115,42,1257],"tags":[26059,26058,26057,2623,975],"class_list":["post-302738","post","type-post","status-publish","format-standard","has-post-thumbnail","hentry","category-america-do-norte","category-ecologia-e-meio-ambiente","category-internacional-2","category-paz-desarmamento","tag-alteracoes-climaticas","tag-conselho-de-seguranca","tag-europa-oriental","tag-onu-pt-pt","tag-paz-pt-pt"],"yoast_head":"<!-- This site is optimized with the Yoast SEO plugin v27.1.1 - https:\/\/yoast.com\/product\/yoast-seo-wordpress\/ -->\n<title>ONU escolhe pr\u00f3ximo secret\u00e1rio-geral em processo in\u00e9dito<\/title>\n<meta name=\"description\" content=\"Em audi\u00eancia p\u00fablica sem precedentes, candidatos \u00e0 sucess\u00e3o de Ban Ki-moon enfrentam perguntas da Assembleia Geral, em procedimento similar a entrevista\" \/>\n<meta name=\"robots\" content=\"index, follow, max-snippet:-1, max-image-preview:large, max-video-preview:-1\" \/>\n<link rel=\"canonical\" href=\"https:\/\/www.pressenza.com\/pt-pt\/2016\/04\/onu-escolhe-proximo-secretario-geral-em-processo-inedito\/\" \/>\n<meta property=\"og:locale\" content=\"pt_PT\" \/>\n<meta property=\"og:type\" content=\"article\" \/>\n<meta property=\"og:title\" content=\"ONU escolhe pr\u00f3ximo secret\u00e1rio-geral em processo in\u00e9dito\" \/>\n<meta property=\"og:description\" content=\"Em audi\u00eancia p\u00fablica sem precedentes, candidatos \u00e0 sucess\u00e3o de Ban Ki-moon enfrentam perguntas da Assembleia Geral, em procedimento similar a entrevista\" \/>\n<meta property=\"og:url\" content=\"https:\/\/www.pressenza.com\/pt-pt\/2016\/04\/onu-escolhe-proximo-secretario-geral-em-processo-inedito\/\" \/>\n<meta property=\"og:site_name\" content=\"Pressenza\" \/>\n<meta property=\"article:publisher\" content=\"https:\/\/www.facebook.com\/PressenzaItalia\" \/>\n<meta property=\"article:published_time\" content=\"2016-04-15T17:31:13+00:00\" \/>\n<meta property=\"og:image\" content=\"https:\/\/www.pressenza.com\/wp-content\/uploads\/2016\/04\/onu-2.jpg\" \/>\n\t<meta property=\"og:image:width\" content=\"700\" \/>\n\t<meta property=\"og:image:height\" content=\"394\" \/>\n\t<meta property=\"og:image:type\" content=\"image\/jpeg\" \/>\n<meta name=\"author\" content=\"Deutsche Welle\" \/>\n<meta name=\"twitter:card\" content=\"summary_large_image\" \/>\n<meta name=\"twitter:creator\" content=\"@PressenzaIPA\" \/>\n<meta name=\"twitter:site\" content=\"@PressenzaIPA\" \/>\n<meta name=\"twitter:label1\" content=\"Escrito por\" \/>\n\t<meta name=\"twitter:data1\" content=\"Deutsche Welle\" \/>\n\t<meta name=\"twitter:label2\" content=\"Tempo estimado de leitura\" \/>\n\t<meta name=\"twitter:data2\" content=\"3 minutos\" \/>\n<script type=\"application\/ld+json\" class=\"yoast-schema-graph\">{\"@context\":\"https:\/\/schema.org\",\"@graph\":[{\"@type\":\"Article\",\"@id\":\"https:\/\/www.pressenza.com\/pt-pt\/2016\/04\/onu-escolhe-proximo-secretario-geral-em-processo-inedito\/#article\",\"isPartOf\":{\"@id\":\"https:\/\/www.pressenza.com\/pt-pt\/2016\/04\/onu-escolhe-proximo-secretario-geral-em-processo-inedito\/\"},\"author\":{\"name\":\"Deutsche Welle\",\"@id\":\"https:\/\/www.pressenza.com\/pt-pt\/#\/schema\/person\/b7c775911f2c9a1b8c7225b94e2e9f37\"},\"headline\":\"ONU escolhe pr\u00f3ximo secret\u00e1rio-geral em processo in\u00e9dito\",\"datePublished\":\"2016-04-15T17:31:13+00:00\",\"mainEntityOfPage\":{\"@id\":\"https:\/\/www.pressenza.com\/pt-pt\/2016\/04\/onu-escolhe-proximo-secretario-geral-em-processo-inedito\/\"},\"wordCount\":629,\"publisher\":{\"@id\":\"https:\/\/www.pressenza.com\/pt-pt\/#organization\"},\"image\":{\"@id\":\"https:\/\/www.pressenza.com\/pt-pt\/2016\/04\/onu-escolhe-proximo-secretario-geral-em-processo-inedito\/#primaryimage\"},\"thumbnailUrl\":\"https:\/\/www.pressenza.com\/wp-content\/uploads\/2016\/04\/onu-2.jpg\",\"keywords\":[\"altera\u00e7\u00f5es clim\u00e1ticas\",\"Conselho de Seguran\u00e7a\",\"Europa Oriental\",\"ONU\",\"Paz\"],\"articleSection\":[\"Am\u00e9rica do Norte\",\"Ecologia e Meio Ambiente\",\"Internacional\",\"Paz e Desarmamento\"],\"inLanguage\":\"pt-PT\"},{\"@type\":\"WebPage\",\"@id\":\"https:\/\/www.pressenza.com\/pt-pt\/2016\/04\/onu-escolhe-proximo-secretario-geral-em-processo-inedito\/\",\"url\":\"https:\/\/www.pressenza.com\/pt-pt\/2016\/04\/onu-escolhe-proximo-secretario-geral-em-processo-inedito\/\",\"name\":\"ONU escolhe pr\u00f3ximo secret\u00e1rio-geral em processo in\u00e9dito\",\"isPartOf\":{\"@id\":\"https:\/\/www.pressenza.com\/pt-pt\/#website\"},\"primaryImageOfPage\":{\"@id\":\"https:\/\/www.pressenza.com\/pt-pt\/2016\/04\/onu-escolhe-proximo-secretario-geral-em-processo-inedito\/#primaryimage\"},\"image\":{\"@id\":\"https:\/\/www.pressenza.com\/pt-pt\/2016\/04\/onu-escolhe-proximo-secretario-geral-em-processo-inedito\/#primaryimage\"},\"thumbnailUrl\":\"https:\/\/www.pressenza.com\/wp-content\/uploads\/2016\/04\/onu-2.jpg\",\"datePublished\":\"2016-04-15T17:31:13+00:00\",\"description\":\"Em audi\u00eancia p\u00fablica sem precedentes, candidatos \u00e0 sucess\u00e3o de Ban Ki-moon enfrentam perguntas da Assembleia Geral, em procedimento similar a entrevista\",\"breadcrumb\":{\"@id\":\"https:\/\/www.pressenza.com\/pt-pt\/2016\/04\/onu-escolhe-proximo-secretario-geral-em-processo-inedito\/#breadcrumb\"},\"inLanguage\":\"pt-PT\",\"potentialAction\":[{\"@type\":\"ReadAction\",\"target\":[\"https:\/\/www.pressenza.com\/pt-pt\/2016\/04\/onu-escolhe-proximo-secretario-geral-em-processo-inedito\/\"]}]},{\"@type\":\"ImageObject\",\"inLanguage\":\"pt-PT\",\"@id\":\"https:\/\/www.pressenza.com\/pt-pt\/2016\/04\/onu-escolhe-proximo-secretario-geral-em-processo-inedito\/#primaryimage\",\"url\":\"https:\/\/www.pressenza.com\/wp-content\/uploads\/2016\/04\/onu-2.jpg\",\"contentUrl\":\"https:\/\/www.pressenza.com\/wp-content\/uploads\/2016\/04\/onu-2.jpg\",\"width\":700,\"height\":394},{\"@type\":\"BreadcrumbList\",\"@id\":\"https:\/\/www.pressenza.com\/pt-pt\/2016\/04\/onu-escolhe-proximo-secretario-geral-em-processo-inedito\/#breadcrumb\",\"itemListElement\":[{\"@type\":\"ListItem\",\"position\":1,\"name\":\"Accueil\",\"item\":\"https:\/\/www.pressenza.com\/pt-pt\/\"},{\"@type\":\"ListItem\",\"position\":2,\"name\":\"ONU escolhe pr\u00f3ximo secret\u00e1rio-geral em processo in\u00e9dito\"}]},{\"@type\":\"WebSite\",\"@id\":\"https:\/\/www.pressenza.com\/pt-pt\/#website\",\"url\":\"https:\/\/www.pressenza.com\/pt-pt\/\",\"name\":\"Pressenza\",\"description\":\"International Press Agency\",\"publisher\":{\"@id\":\"https:\/\/www.pressenza.com\/pt-pt\/#organization\"},\"potentialAction\":[{\"@type\":\"SearchAction\",\"target\":{\"@type\":\"EntryPoint\",\"urlTemplate\":\"https:\/\/www.pressenza.com\/pt-pt\/?s={search_term_string}\"},\"query-input\":{\"@type\":\"PropertyValueSpecification\",\"valueRequired\":true,\"valueName\":\"search_term_string\"}}],\"inLanguage\":\"pt-PT\"},{\"@type\":\"Organization\",\"@id\":\"https:\/\/www.pressenza.com\/pt-pt\/#organization\",\"name\":\"Pressenza\",\"url\":\"https:\/\/www.pressenza.com\/pt-pt\/\",\"logo\":{\"@type\":\"ImageObject\",\"inLanguage\":\"pt-PT\",\"@id\":\"https:\/\/www.pressenza.com\/pt-pt\/#\/schema\/logo\/image\/\",\"url\":\"https:\/\/www.pressenza.com\/wp-content\/uploads\/2022\/10\/pressenza_logo_200x200.jpg\",\"contentUrl\":\"https:\/\/www.pressenza.com\/wp-content\/uploads\/2022\/10\/pressenza_logo_200x200.jpg\",\"width\":200,\"height\":200,\"caption\":\"Pressenza\"},\"image\":{\"@id\":\"https:\/\/www.pressenza.com\/pt-pt\/#\/schema\/logo\/image\/\"},\"sameAs\":[\"https:\/\/www.facebook.com\/PressenzaItalia\",\"https:\/\/x.com\/PressenzaIPA\"]},{\"@type\":\"Person\",\"@id\":\"https:\/\/www.pressenza.com\/pt-pt\/#\/schema\/person\/b7c775911f2c9a1b8c7225b94e2e9f37\",\"name\":\"Deutsche Welle\",\"description\":\"Articles and photographs by Deutsche Welle on Pressenza do not fall under the Creative Commons licence and are not reproducible in any way. www.dw.com\",\"sameAs\":[\"http:\/\/www.dw.com\"],\"url\":\"https:\/\/www.pressenza.com\/pt-pt\/author\/deutsche-welle\/\"}]}<\/script>\n<!-- \/ Yoast SEO plugin. -->","yoast_head_json":{"title":"ONU escolhe pr\u00f3ximo secret\u00e1rio-geral em processo in\u00e9dito","description":"Em audi\u00eancia p\u00fablica sem precedentes, candidatos \u00e0 sucess\u00e3o de Ban Ki-moon enfrentam perguntas da Assembleia Geral, em procedimento similar a entrevista","robots":{"index":"index","follow":"follow","max-snippet":"max-snippet:-1","max-image-preview":"max-image-preview:large","max-video-preview":"max-video-preview:-1"},"canonical":"https:\/\/www.pressenza.com\/pt-pt\/2016\/04\/onu-escolhe-proximo-secretario-geral-em-processo-inedito\/","og_locale":"pt_PT","og_type":"article","og_title":"ONU escolhe pr\u00f3ximo secret\u00e1rio-geral em processo in\u00e9dito","og_description":"Em audi\u00eancia p\u00fablica sem precedentes, candidatos \u00e0 sucess\u00e3o de Ban Ki-moon enfrentam perguntas da Assembleia Geral, em procedimento similar a entrevista","og_url":"https:\/\/www.pressenza.com\/pt-pt\/2016\/04\/onu-escolhe-proximo-secretario-geral-em-processo-inedito\/","og_site_name":"Pressenza","article_publisher":"https:\/\/www.facebook.com\/PressenzaItalia","article_published_time":"2016-04-15T17:31:13+00:00","og_image":[{"width":700,"height":394,"url":"https:\/\/www.pressenza.com\/wp-content\/uploads\/2016\/04\/onu-2.jpg","type":"image\/jpeg"}],"author":"Deutsche Welle","twitter_card":"summary_large_image","twitter_creator":"@PressenzaIPA","twitter_site":"@PressenzaIPA","twitter_misc":{"Escrito por":"Deutsche Welle","Tempo estimado de leitura":"3 minutos"},"schema":{"@context":"https:\/\/schema.org","@graph":[{"@type":"Article","@id":"https:\/\/www.pressenza.com\/pt-pt\/2016\/04\/onu-escolhe-proximo-secretario-geral-em-processo-inedito\/#article","isPartOf":{"@id":"https:\/\/www.pressenza.com\/pt-pt\/2016\/04\/onu-escolhe-proximo-secretario-geral-em-processo-inedito\/"},"author":{"name":"Deutsche Welle","@id":"https:\/\/www.pressenza.com\/pt-pt\/#\/schema\/person\/b7c775911f2c9a1b8c7225b94e2e9f37"},"headline":"ONU escolhe pr\u00f3ximo secret\u00e1rio-geral em processo in\u00e9dito","datePublished":"2016-04-15T17:31:13+00:00","mainEntityOfPage":{"@id":"https:\/\/www.pressenza.com\/pt-pt\/2016\/04\/onu-escolhe-proximo-secretario-geral-em-processo-inedito\/"},"wordCount":629,"publisher":{"@id":"https:\/\/www.pressenza.com\/pt-pt\/#organization"},"image":{"@id":"https:\/\/www.pressenza.com\/pt-pt\/2016\/04\/onu-escolhe-proximo-secretario-geral-em-processo-inedito\/#primaryimage"},"thumbnailUrl":"https:\/\/www.pressenza.com\/wp-content\/uploads\/2016\/04\/onu-2.jpg","keywords":["altera\u00e7\u00f5es clim\u00e1ticas","Conselho de Seguran\u00e7a","Europa Oriental","ONU","Paz"],"articleSection":["Am\u00e9rica do Norte","Ecologia e Meio Ambiente","Internacional","Paz e Desarmamento"],"inLanguage":"pt-PT"},{"@type":"WebPage","@id":"https:\/\/www.pressenza.com\/pt-pt\/2016\/04\/onu-escolhe-proximo-secretario-geral-em-processo-inedito\/","url":"https:\/\/www.pressenza.com\/pt-pt\/2016\/04\/onu-escolhe-proximo-secretario-geral-em-processo-inedito\/","name":"ONU escolhe pr\u00f3ximo secret\u00e1rio-geral em processo in\u00e9dito","isPartOf":{"@id":"https:\/\/www.pressenza.com\/pt-pt\/#website"},"primaryImageOfPage":{"@id":"https:\/\/www.pressenza.com\/pt-pt\/2016\/04\/onu-escolhe-proximo-secretario-geral-em-processo-inedito\/#primaryimage"},"image":{"@id":"https:\/\/www.pressenza.com\/pt-pt\/2016\/04\/onu-escolhe-proximo-secretario-geral-em-processo-inedito\/#primaryimage"},"thumbnailUrl":"https:\/\/www.pressenza.com\/wp-content\/uploads\/2016\/04\/onu-2.jpg","datePublished":"2016-04-15T17:31:13+00:00","description":"Em audi\u00eancia p\u00fablica sem precedentes, candidatos \u00e0 sucess\u00e3o de Ban Ki-moon enfrentam perguntas da Assembleia Geral, em procedimento similar a entrevista","breadcrumb":{"@id":"https:\/\/www.pressenza.com\/pt-pt\/2016\/04\/onu-escolhe-proximo-secretario-geral-em-processo-inedito\/#breadcrumb"},"inLanguage":"pt-PT","potentialAction":[{"@type":"ReadAction","target":["https:\/\/www.pressenza.com\/pt-pt\/2016\/04\/onu-escolhe-proximo-secretario-geral-em-processo-inedito\/"]}]},{"@type":"ImageObject","inLanguage":"pt-PT","@id":"https:\/\/www.pressenza.com\/pt-pt\/2016\/04\/onu-escolhe-proximo-secretario-geral-em-processo-inedito\/#primaryimage","url":"https:\/\/www.pressenza.com\/wp-content\/uploads\/2016\/04\/onu-2.jpg","contentUrl":"https:\/\/www.pressenza.com\/wp-content\/uploads\/2016\/04\/onu-2.jpg","width":700,"height":394},{"@type":"BreadcrumbList","@id":"https:\/\/www.pressenza.com\/pt-pt\/2016\/04\/onu-escolhe-proximo-secretario-geral-em-processo-inedito\/#breadcrumb","itemListElement":[{"@type":"ListItem","position":1,"name":"Accueil","item":"https:\/\/www.pressenza.com\/pt-pt\/"},{"@type":"ListItem","position":2,"name":"ONU escolhe pr\u00f3ximo secret\u00e1rio-geral em processo in\u00e9dito"}]},{"@type":"WebSite","@id":"https:\/\/www.pressenza.com\/pt-pt\/#website","url":"https:\/\/www.pressenza.com\/pt-pt\/","name":"Pressenza","description":"International Press Agency","publisher":{"@id":"https:\/\/www.pressenza.com\/pt-pt\/#organization"},"potentialAction":[{"@type":"SearchAction","target":{"@type":"EntryPoint","urlTemplate":"https:\/\/www.pressenza.com\/pt-pt\/?s={search_term_string}"},"query-input":{"@type":"PropertyValueSpecification","valueRequired":true,"valueName":"search_term_string"}}],"inLanguage":"pt-PT"},{"@type":"Organization","@id":"https:\/\/www.pressenza.com\/pt-pt\/#organization","name":"Pressenza","url":"https:\/\/www.pressenza.com\/pt-pt\/","logo":{"@type":"ImageObject","inLanguage":"pt-PT","@id":"https:\/\/www.pressenza.com\/pt-pt\/#\/schema\/logo\/image\/","url":"https:\/\/www.pressenza.com\/wp-content\/uploads\/2022\/10\/pressenza_logo_200x200.jpg","contentUrl":"https:\/\/www.pressenza.com\/wp-content\/uploads\/2022\/10\/pressenza_logo_200x200.jpg","width":200,"height":200,"caption":"Pressenza"},"image":{"@id":"https:\/\/www.pressenza.com\/pt-pt\/#\/schema\/logo\/image\/"},"sameAs":["https:\/\/www.facebook.com\/PressenzaItalia","https:\/\/x.com\/PressenzaIPA"]},{"@type":"Person","@id":"https:\/\/www.pressenza.com\/pt-pt\/#\/schema\/person\/b7c775911f2c9a1b8c7225b94e2e9f37","name":"Deutsche Welle","description":"Articles and photographs by Deutsche Welle on Pressenza do not fall under the Creative Commons licence and are not reproducible in any way. www.dw.com","sameAs":["http:\/\/www.dw.com"],"url":"https:\/\/www.pressenza.com\/pt-pt\/author\/deutsche-welle\/"}]}},"place":"","original_article_url":"http:\/\/m.dw.com\/pt\/onu-escolhe-pr%C3%B3ximo-secret%C3%A1rio-geral-em-processo-in%C3%A9dito\/a-19183241?maca=bra-RSS_por_Pressenza_news-10755-html","_links":{"self":[{"href":"https:\/\/www.pressenza.com\/pt-pt\/wp-json\/wp\/v2\/posts\/302738","targetHints":{"allow":["GET"]}}],"collection":[{"href":"https:\/\/www.pressenza.com\/pt-pt\/wp-json\/wp\/v2\/posts"}],"about":[{"href":"https:\/\/www.pressenza.com\/pt-pt\/wp-json\/wp\/v2\/types\/post"}],"author":[{"embeddable":true,"href":"https:\/\/www.pressenza.com\/pt-pt\/wp-json\/wp\/v2\/users\/993"}],"replies":[{"embeddable":true,"href":"https:\/\/www.pressenza.com\/pt-pt\/wp-json\/wp\/v2\/comments?post=302738"}],"version-history":[{"count":0,"href":"https:\/\/www.pressenza.com\/pt-pt\/wp-json\/wp\/v2\/posts\/302738\/revisions"}],"wp:featuredmedia":[{"embeddable":true,"href":"https:\/\/www.pressenza.com\/pt-pt\/wp-json\/wp\/v2\/media\/302747"}],"wp:attachment":[{"href":"https:\/\/www.pressenza.com\/pt-pt\/wp-json\/wp\/v2\/media?parent=302738"}],"wp:term":[{"taxonomy":"category","embeddable":true,"href":"https:\/\/www.pressenza.com\/pt-pt\/wp-json\/wp\/v2\/categories?post=302738"},{"taxonomy":"post_tag","embeddable":true,"href":"https:\/\/www.pressenza.com\/pt-pt\/wp-json\/wp\/v2\/tags?post=302738"}],"curies":[{"name":"wp","href":"https:\/\/api.w.org\/{rel}","templated":true}]}}