{"id":301938,"date":"2016-04-08T20:16:59","date_gmt":"2016-04-08T19:16:59","guid":{"rendered":"http:\/\/www.pressenza.com\/pt-pt\/?p=301938"},"modified":"2016-04-13T20:17:30","modified_gmt":"2016-04-13T19:17:30","slug":"peru-marcha-keiko-fujimori-2","status":"publish","type":"post","link":"https:\/\/www.pressenza.com\/pt-pt\/2016\/04\/peru-marcha-keiko-fujimori-2\/","title":{"rendered":"Peru marcha contra Keiko Fujimori"},"content":{"rendered":"<p>Nesta \u00faltima semana pr\u00e9via as elei\u00e7\u00f5es no Peru, manifesta\u00e7\u00f5es contra candidata Keiko Fujimori sacudiram todo o pa\u00eds. Keiko \u00e9 filha do ex-presidente peruano, Alberto Fujimori. Em 5 de Abril aconteceu um autogolpe, Alberto Fujimori levou o ex\u00e9rcito para as ruas, enviou aos meios de comunica\u00e7\u00e3o e fechou o Congresso e Poder Judici\u00e1rio.<\/p>\n<p><iframe loading=\"lazy\" style=\"border: none; overflow: hidden;\" src=\"https:\/\/www.facebook.com\/plugins\/video.php?href=https%3A%2F%2Fwww.facebook.com%2Fprograma4v%2Fvideos%2F1529287404045124%2F&amp;show_text=0&amp;width=560\" width=\"560\" height=\"315\" frameborder=\"0\" scrolling=\"no\"><\/iframe><\/p>\n","protected":false},"excerpt":{"rendered":"<p>Nesta \u00faltima semana pr\u00e9via as elei\u00e7\u00f5es no Peru, manifesta\u00e7\u00f5es contra candidata Keiko Fujimori sacudiram todo o pa\u00eds. Keiko \u00e9 filha do ex-presidente peruano, Alberto Fujimori. Em 5 de Abril aconteceu um autogolpe, Alberto Fujimori levou o ex\u00e9rcito para as ruas,&hellip;<\/p>\n","protected":false},"author":44,"featured_media":0,"comment_status":"closed","ping_status":"closed","sticky":false,"template":"","format":"standard","meta":{"footnotes":""},"categories":[104,42,22288],"tags":[25947,25945,25948,25946,25943,25944,1560],"class_list":["post-301938","post","type-post","status-publish","format-standard","hentry","category-america-do-sul","category-internacional-2","category-video-pt","tag-dictadura-nunca-mas","tag-eleicoes-no-peru","tag-estereliziaciones-forzadas","tag-keiko-nova","tag-kenko-nunca-mas","tag-no-a-keiko","tag-peru"],"yoast_head":"<!-- This site is optimized with the Yoast SEO plugin v27.1.1 - https:\/\/yoast.com\/product\/yoast-seo-wordpress\/ -->\n<title>Peru marcha contra Keiko Fujimori<\/title>\n<meta name=\"description\" content=\"Nesta \u00faltima semana pr\u00e9via as elei\u00e7\u00f5es no Peru, manifesta\u00e7\u00f5es contra candidata Keiko Fujimori sacudiram todo o pa\u00eds. Keiko \u00e9 filha do ex-presidente\" \/>\n<meta name=\"robots\" content=\"index, follow, max-snippet:-1, max-image-preview:large, max-video-preview:-1\" \/>\n<link rel=\"canonical\" href=\"https:\/\/www.pressenza.com\/pt-pt\/2016\/04\/peru-marcha-keiko-fujimori-2\/\" \/>\n<meta property=\"og:locale\" content=\"pt_PT\" \/>\n<meta property=\"og:type\" content=\"article\" \/>\n<meta property=\"og:title\" content=\"Peru marcha contra Keiko Fujimori\" \/>\n<meta property=\"og:description\" content=\"Nesta \u00faltima semana pr\u00e9via as elei\u00e7\u00f5es no Peru, manifesta\u00e7\u00f5es contra candidata Keiko Fujimori sacudiram todo o pa\u00eds. Keiko \u00e9 filha do ex-presidente\" \/>\n<meta property=\"og:url\" content=\"https:\/\/www.pressenza.com\/pt-pt\/2016\/04\/peru-marcha-keiko-fujimori-2\/\" \/>\n<meta property=\"og:site_name\" content=\"Pressenza\" \/>\n<meta property=\"article:publisher\" content=\"https:\/\/www.facebook.com\/PressenzaItalia\" \/>\n<meta property=\"article:author\" content=\"https:\/\/www.facebook.com\/PressenzaPortugues\" \/>\n<meta property=\"article:published_time\" content=\"2016-04-08T19:16:59+00:00\" \/>\n<meta property=\"article:modified_time\" content=\"2016-04-13T19:17:30+00:00\" \/>\n<meta name=\"author\" content=\"Reda\u00e7\u00e3o S\u00e3o Paulo\" \/>\n<meta name=\"twitter:card\" content=\"summary_large_image\" \/>\n<meta name=\"twitter:creator\" content=\"@pressenza_pt\" \/>\n<meta name=\"twitter:site\" content=\"@PressenzaIPA\" \/>\n<meta name=\"twitter:label1\" content=\"Escrito por\" \/>\n\t<meta name=\"twitter:data1\" content=\"Reda\u00e7\u00e3o S\u00e3o Paulo\" \/>\n<script type=\"application\/ld+json\" class=\"yoast-schema-graph\">{\"@context\":\"https:\/\/schema.org\",\"@graph\":[{\"@type\":\"Article\",\"@id\":\"https:\/\/www.pressenza.com\/pt-pt\/2016\/04\/peru-marcha-keiko-fujimori-2\/#article\",\"isPartOf\":{\"@id\":\"https:\/\/www.pressenza.com\/pt-pt\/2016\/04\/peru-marcha-keiko-fujimori-2\/\"},\"author\":{\"name\":\"Reda\u00e7\u00e3o S\u00e3o Paulo\",\"@id\":\"https:\/\/www.pressenza.com\/pt-pt\/#\/schema\/person\/d171826afb7693cfc394da95892bfd93\"},\"headline\":\"Peru marcha contra Keiko Fujimori\",\"datePublished\":\"2016-04-08T19:16:59+00:00\",\"dateModified\":\"2016-04-13T19:17:30+00:00\",\"mainEntityOfPage\":{\"@id\":\"https:\/\/www.pressenza.com\/pt-pt\/2016\/04\/peru-marcha-keiko-fujimori-2\/\"},\"wordCount\":62,\"publisher\":{\"@id\":\"https:\/\/www.pressenza.com\/pt-pt\/#organization\"},\"keywords\":[\"Dictadura Nunca m\u00e1s\",\"elei\u00e7\u00f5es no Peru\",\"estereliziaciones forzadas\",\"Keiko Nova\",\"Kenko nunca mas\",\"no a keiko\",\"Per\u00fa\"],\"articleSection\":[\"\u00c1m\u00e9rica do Sul\",\"Internacional\",\"Video\"],\"inLanguage\":\"pt-PT\"},{\"@type\":\"WebPage\",\"@id\":\"https:\/\/www.pressenza.com\/pt-pt\/2016\/04\/peru-marcha-keiko-fujimori-2\/\",\"url\":\"https:\/\/www.pressenza.com\/pt-pt\/2016\/04\/peru-marcha-keiko-fujimori-2\/\",\"name\":\"Peru marcha contra Keiko Fujimori\",\"isPartOf\":{\"@id\":\"https:\/\/www.pressenza.com\/pt-pt\/#website\"},\"datePublished\":\"2016-04-08T19:16:59+00:00\",\"dateModified\":\"2016-04-13T19:17:30+00:00\",\"description\":\"Nesta \u00faltima semana pr\u00e9via as elei\u00e7\u00f5es no Peru, manifesta\u00e7\u00f5es contra candidata Keiko Fujimori sacudiram todo o pa\u00eds. Keiko \u00e9 filha do ex-presidente\",\"breadcrumb\":{\"@id\":\"https:\/\/www.pressenza.com\/pt-pt\/2016\/04\/peru-marcha-keiko-fujimori-2\/#breadcrumb\"},\"inLanguage\":\"pt-PT\",\"potentialAction\":[{\"@type\":\"ReadAction\",\"target\":[\"https:\/\/www.pressenza.com\/pt-pt\/2016\/04\/peru-marcha-keiko-fujimori-2\/\"]}]},{\"@type\":\"BreadcrumbList\",\"@id\":\"https:\/\/www.pressenza.com\/pt-pt\/2016\/04\/peru-marcha-keiko-fujimori-2\/#breadcrumb\",\"itemListElement\":[{\"@type\":\"ListItem\",\"position\":1,\"name\":\"Accueil\",\"item\":\"https:\/\/www.pressenza.com\/pt-pt\/\"},{\"@type\":\"ListItem\",\"position\":2,\"name\":\"Peru marcha contra Keiko Fujimori\"}]},{\"@type\":\"WebSite\",\"@id\":\"https:\/\/www.pressenza.com\/pt-pt\/#website\",\"url\":\"https:\/\/www.pressenza.com\/pt-pt\/\",\"name\":\"Pressenza\",\"description\":\"International Press Agency\",\"publisher\":{\"@id\":\"https:\/\/www.pressenza.com\/pt-pt\/#organization\"},\"potentialAction\":[{\"@type\":\"SearchAction\",\"target\":{\"@type\":\"EntryPoint\",\"urlTemplate\":\"https:\/\/www.pressenza.com\/pt-pt\/?s={search_term_string}\"},\"query-input\":{\"@type\":\"PropertyValueSpecification\",\"valueRequired\":true,\"valueName\":\"search_term_string\"}}],\"inLanguage\":\"pt-PT\"},{\"@type\":\"Organization\",\"@id\":\"https:\/\/www.pressenza.com\/pt-pt\/#organization\",\"name\":\"Pressenza\",\"url\":\"https:\/\/www.pressenza.com\/pt-pt\/\",\"logo\":{\"@type\":\"ImageObject\",\"inLanguage\":\"pt-PT\",\"@id\":\"https:\/\/www.pressenza.com\/pt-pt\/#\/schema\/logo\/image\/\",\"url\":\"https:\/\/www.pressenza.com\/wp-content\/uploads\/2022\/10\/pressenza_logo_200x200.jpg\",\"contentUrl\":\"https:\/\/www.pressenza.com\/wp-content\/uploads\/2022\/10\/pressenza_logo_200x200.jpg\",\"width\":200,\"height\":200,\"caption\":\"Pressenza\"},\"image\":{\"@id\":\"https:\/\/www.pressenza.com\/pt-pt\/#\/schema\/logo\/image\/\"},\"sameAs\":[\"https:\/\/www.facebook.com\/PressenzaItalia\",\"https:\/\/x.com\/PressenzaIPA\"]},{\"@type\":\"Person\",\"@id\":\"https:\/\/www.pressenza.com\/pt-pt\/#\/schema\/person\/d171826afb7693cfc394da95892bfd93\",\"name\":\"Reda\u00e7\u00e3o S\u00e3o Paulo\",\"description\":\"News from the Pressenza bureau in Sao Paulo, Brazil\",\"sameAs\":[\"https:\/\/www.facebook.com\/PressenzaPortugues\",\"https:\/\/x.com\/pressenza_pt\"],\"url\":\"https:\/\/www.pressenza.com\/pt-pt\/author\/redaccao-sao-paulo\/\"}]}<\/script>\n<!-- \/ Yoast SEO plugin. -->","yoast_head_json":{"title":"Peru marcha contra Keiko Fujimori","description":"Nesta \u00faltima semana pr\u00e9via as elei\u00e7\u00f5es no Peru, manifesta\u00e7\u00f5es contra candidata Keiko Fujimori sacudiram todo o pa\u00eds. Keiko \u00e9 filha do ex-presidente","robots":{"index":"index","follow":"follow","max-snippet":"max-snippet:-1","max-image-preview":"max-image-preview:large","max-video-preview":"max-video-preview:-1"},"canonical":"https:\/\/www.pressenza.com\/pt-pt\/2016\/04\/peru-marcha-keiko-fujimori-2\/","og_locale":"pt_PT","og_type":"article","og_title":"Peru marcha contra Keiko Fujimori","og_description":"Nesta \u00faltima semana pr\u00e9via as elei\u00e7\u00f5es no Peru, manifesta\u00e7\u00f5es contra candidata Keiko Fujimori sacudiram todo o pa\u00eds. Keiko \u00e9 filha do ex-presidente","og_url":"https:\/\/www.pressenza.com\/pt-pt\/2016\/04\/peru-marcha-keiko-fujimori-2\/","og_site_name":"Pressenza","article_publisher":"https:\/\/www.facebook.com\/PressenzaItalia","article_author":"https:\/\/www.facebook.com\/PressenzaPortugues","article_published_time":"2016-04-08T19:16:59+00:00","article_modified_time":"2016-04-13T19:17:30+00:00","author":"Reda\u00e7\u00e3o S\u00e3o Paulo","twitter_card":"summary_large_image","twitter_creator":"@pressenza_pt","twitter_site":"@PressenzaIPA","twitter_misc":{"Escrito por":"Reda\u00e7\u00e3o S\u00e3o Paulo"},"schema":{"@context":"https:\/\/schema.org","@graph":[{"@type":"Article","@id":"https:\/\/www.pressenza.com\/pt-pt\/2016\/04\/peru-marcha-keiko-fujimori-2\/#article","isPartOf":{"@id":"https:\/\/www.pressenza.com\/pt-pt\/2016\/04\/peru-marcha-keiko-fujimori-2\/"},"author":{"name":"Reda\u00e7\u00e3o S\u00e3o Paulo","@id":"https:\/\/www.pressenza.com\/pt-pt\/#\/schema\/person\/d171826afb7693cfc394da95892bfd93"},"headline":"Peru marcha contra Keiko Fujimori","datePublished":"2016-04-08T19:16:59+00:00","dateModified":"2016-04-13T19:17:30+00:00","mainEntityOfPage":{"@id":"https:\/\/www.pressenza.com\/pt-pt\/2016\/04\/peru-marcha-keiko-fujimori-2\/"},"wordCount":62,"publisher":{"@id":"https:\/\/www.pressenza.com\/pt-pt\/#organization"},"keywords":["Dictadura Nunca m\u00e1s","elei\u00e7\u00f5es no Peru","estereliziaciones forzadas","Keiko Nova","Kenko nunca mas","no a keiko","Per\u00fa"],"articleSection":["\u00c1m\u00e9rica do Sul","Internacional","Video"],"inLanguage":"pt-PT"},{"@type":"WebPage","@id":"https:\/\/www.pressenza.com\/pt-pt\/2016\/04\/peru-marcha-keiko-fujimori-2\/","url":"https:\/\/www.pressenza.com\/pt-pt\/2016\/04\/peru-marcha-keiko-fujimori-2\/","name":"Peru marcha contra Keiko Fujimori","isPartOf":{"@id":"https:\/\/www.pressenza.com\/pt-pt\/#website"},"datePublished":"2016-04-08T19:16:59+00:00","dateModified":"2016-04-13T19:17:30+00:00","description":"Nesta \u00faltima semana pr\u00e9via as elei\u00e7\u00f5es no Peru, manifesta\u00e7\u00f5es contra candidata Keiko Fujimori sacudiram todo o pa\u00eds. Keiko \u00e9 filha do ex-presidente","breadcrumb":{"@id":"https:\/\/www.pressenza.com\/pt-pt\/2016\/04\/peru-marcha-keiko-fujimori-2\/#breadcrumb"},"inLanguage":"pt-PT","potentialAction":[{"@type":"ReadAction","target":["https:\/\/www.pressenza.com\/pt-pt\/2016\/04\/peru-marcha-keiko-fujimori-2\/"]}]},{"@type":"BreadcrumbList","@id":"https:\/\/www.pressenza.com\/pt-pt\/2016\/04\/peru-marcha-keiko-fujimori-2\/#breadcrumb","itemListElement":[{"@type":"ListItem","position":1,"name":"Accueil","item":"https:\/\/www.pressenza.com\/pt-pt\/"},{"@type":"ListItem","position":2,"name":"Peru marcha contra Keiko Fujimori"}]},{"@type":"WebSite","@id":"https:\/\/www.pressenza.com\/pt-pt\/#website","url":"https:\/\/www.pressenza.com\/pt-pt\/","name":"Pressenza","description":"International Press Agency","publisher":{"@id":"https:\/\/www.pressenza.com\/pt-pt\/#organization"},"potentialAction":[{"@type":"SearchAction","target":{"@type":"EntryPoint","urlTemplate":"https:\/\/www.pressenza.com\/pt-pt\/?s={search_term_string}"},"query-input":{"@type":"PropertyValueSpecification","valueRequired":true,"valueName":"search_term_string"}}],"inLanguage":"pt-PT"},{"@type":"Organization","@id":"https:\/\/www.pressenza.com\/pt-pt\/#organization","name":"Pressenza","url":"https:\/\/www.pressenza.com\/pt-pt\/","logo":{"@type":"ImageObject","inLanguage":"pt-PT","@id":"https:\/\/www.pressenza.com\/pt-pt\/#\/schema\/logo\/image\/","url":"https:\/\/www.pressenza.com\/wp-content\/uploads\/2022\/10\/pressenza_logo_200x200.jpg","contentUrl":"https:\/\/www.pressenza.com\/wp-content\/uploads\/2022\/10\/pressenza_logo_200x200.jpg","width":200,"height":200,"caption":"Pressenza"},"image":{"@id":"https:\/\/www.pressenza.com\/pt-pt\/#\/schema\/logo\/image\/"},"sameAs":["https:\/\/www.facebook.com\/PressenzaItalia","https:\/\/x.com\/PressenzaIPA"]},{"@type":"Person","@id":"https:\/\/www.pressenza.com\/pt-pt\/#\/schema\/person\/d171826afb7693cfc394da95892bfd93","name":"Reda\u00e7\u00e3o S\u00e3o Paulo","description":"News from the Pressenza bureau in Sao Paulo, Brazil","sameAs":["https:\/\/www.facebook.com\/PressenzaPortugues","https:\/\/x.com\/pressenza_pt"],"url":"https:\/\/www.pressenza.com\/pt-pt\/author\/redaccao-sao-paulo\/"}]}},"place":"","original_article_url":"","_links":{"self":[{"href":"https:\/\/www.pressenza.com\/pt-pt\/wp-json\/wp\/v2\/posts\/301938","targetHints":{"allow":["GET"]}}],"collection":[{"href":"https:\/\/www.pressenza.com\/pt-pt\/wp-json\/wp\/v2\/posts"}],"about":[{"href":"https:\/\/www.pressenza.com\/pt-pt\/wp-json\/wp\/v2\/types\/post"}],"author":[{"embeddable":true,"href":"https:\/\/www.pressenza.com\/pt-pt\/wp-json\/wp\/v2\/users\/44"}],"replies":[{"embeddable":true,"href":"https:\/\/www.pressenza.com\/pt-pt\/wp-json\/wp\/v2\/comments?post=301938"}],"version-history":[{"count":0,"href":"https:\/\/www.pressenza.com\/pt-pt\/wp-json\/wp\/v2\/posts\/301938\/revisions"}],"wp:attachment":[{"href":"https:\/\/www.pressenza.com\/pt-pt\/wp-json\/wp\/v2\/media?parent=301938"}],"wp:term":[{"taxonomy":"category","embeddable":true,"href":"https:\/\/www.pressenza.com\/pt-pt\/wp-json\/wp\/v2\/categories?post=301938"},{"taxonomy":"post_tag","embeddable":true,"href":"https:\/\/www.pressenza.com\/pt-pt\/wp-json\/wp\/v2\/tags?post=301938"}],"curies":[{"name":"wp","href":"https:\/\/api.w.org\/{rel}","templated":true}]}}