{"id":301519,"date":"2016-04-12T14:55:53","date_gmt":"2016-04-12T13:55:53","guid":{"rendered":"http:\/\/www.pressenza.com\/pt-pt\/?p=301519"},"modified":"2016-04-12T14:55:53","modified_gmt":"2016-04-12T13:55:53","slug":"sirios-devem-ter-chance-de-tomar-redeas-da-propria-vida","status":"publish","type":"post","link":"https:\/\/www.pressenza.com\/pt-pt\/2016\/04\/sirios-devem-ter-chance-de-tomar-redeas-da-propria-vida\/","title":{"rendered":"S\u00edrios devem ter chance de tomar r\u00e9deas da pr\u00f3pria vida"},"content":{"rendered":"<p>Para Igor Konashenkov, porta-voz das for\u00e7as russas na S\u00edria, estrangeiros devem apoiar, e n\u00e3o atrapalhar o processo pol\u00edtico no pa\u00eds. Em entrevista, ele destaca o papel de militares russos e a coopera\u00e7\u00e3o com os EUA.<\/p>\n<p>Militares russos v\u00eam desempenhando um papel decisivo nos recentes \u00eaxitos das tropas do presidente s\u00edrio, Bashar al-Assad. A reconquista de Palmira das m\u00e3os do &#8220;Estado Isl\u00e2mico&#8221; (EI), no final de mar\u00e7o deste ano, \u00e9 um exemplo.<\/p>\n<p>&#8220;Assad valorizou muito a ajuda que a For\u00e7a A\u00e9rea russa tem fornecido e sublinhou que sucessos como a retomada de Palmira teriam sido imposs\u00edveis sem o apoio russo&#8221;, disse o porta-voz do Kremlin, Dmitry Peskov, na ocasi\u00e3o.<\/p>\n<p>Em entrevista \u00e0 Deutsche Welle, o major-general Igor Konashenkov, porta-voz das for\u00e7as de combate russas na S\u00edria, fala sobre as opera\u00e7\u00f5es no pa\u00eds. Apesar de o presidente Vladimir Putin ter ordenado, em meados de mar\u00e7o, o in\u00edcio da retirada de suas for\u00e7as militares da S\u00edria, Konashenko diz que avi\u00f5es e militares russos permanecem no pa\u00eds.<\/p>\n<p>Para ele, al\u00e9m de participarem dos preparativos de opera\u00e7\u00f5es e transferir conhecimentos militares, cabe aos militares russos apoiar o processo pol\u00edtico na S\u00edria, do qual a realiza\u00e7\u00e3o de elei\u00e7\u00f5es \u00e9 o primeiro passo.<\/p>\n<p>Deutsche Welle: H\u00e1 algumas semanas jatos militares russos ainda cortavam o c\u00e9u sobre a S\u00edria. Agora tudo ficou mais calmo. Mas militares russos ainda est\u00e3o presentes. O que eles fazem no pa\u00eds?<\/p>\n<p>Igor Konashenkov: Conselheiros militares russos participam dos preparativos de opera\u00e7\u00f5es militares, como a liberta\u00e7\u00e3o de Palmira, Al-Qaratein e outras grandes localidades das m\u00e3os do &#8220;Estado Isl\u00e2mico&#8221; (EI). Eles transferem a peritos s\u00edrios o conhecimento t\u00e9cnico necess\u00e1rio para operar armas que os fornecermos como parte de nossa coopera\u00e7\u00e3o. \u00c9 claro que tamb\u00e9m participamos da elabora\u00e7\u00e3o dessas opera\u00e7\u00f5es.<\/p>\n<p>Os avi\u00f5es russos desapareceram do c\u00e9u s\u00edrio de maneira t\u00e3o repentina quanto nele surgiram. A S\u00edria, por\u00e9m, continua repleta de terroristas. A R\u00fassia n\u00e3o cumpriu, portanto, sua pr\u00f3pria miss\u00e3o de livrar o pa\u00eds de extremistas?<\/p>\n<p>N\u00e3o, vejo isso como completamente equivocado. Os avi\u00f5es russos continuam na base a\u00e9rea de Hmeimim. E temos tantos avi\u00f5es de quanto precisamos. S\u00e3o aeronaves modernas e helic\u00f3pteros, que ainda realizam miss\u00f5es de combate. O alvo deles s\u00e3o grupos terroristas. Mas nossos peritos tamb\u00e9m desempenham uma miss\u00e3o humanit\u00e1ria, por exemplo, ao livrarem a antiga cidade de Palmira de minas. Para que, assim, possamos todos admirar novamente o que a humanidade criou h\u00e1 mil\u00eanios.<\/p>\n<p>Como \u00e9 a coopera\u00e7\u00e3o com outros pa\u00edses, como os Estados Unidos?<\/p>\n<p>Muito ativa, no contexto dos acordos no processo de reconcilia\u00e7\u00e3o das partes em conflito e da suspens\u00e3o das hostilidades. Estabelecemos um ponto de observa\u00e7\u00e3o na nossa base de Hmeinmim, aqui na S\u00edria. Os americanos t\u00eam um centro semelhante em Aman. Estamos em contato diariamente. Informamos nossos colegas dos EUA sobre todos os casos de viola\u00e7\u00e3o de cessar-fogos, e eles \u2013 \u00e9 preciso reconhecer \u2013 compartilham conosco todas as informa\u00e7\u00f5es que obt\u00eam atrav\u00e9s de seus canais.<\/p>\n<p>No momento, a situa\u00e7\u00e3o \u00e9 problem\u00e1tica somente em Aleppo. Segundo nosso levantamento, h\u00e1 mais de mil combatentes fortemente armados concentrados na cidade, sobretudo do grupo Jabhat al-Nusra. Eles t\u00eam armas pesadas, muitos ve\u00edculos blindados, tanques.<\/p>\n<p>No dia 13 de abril, ser\u00e3o realizadas elei\u00e7\u00f5es parlamentares na S\u00edria \u2013 num momento extremamente desfavor\u00e1vel. N\u00e3o h\u00e1 campanha eleitoral nem paz no pa\u00eds. Como o senhor acha que ser\u00e3o estas elei\u00e7\u00f5es?<\/p>\n<p>\u00c9 dif\u00edcil dizer se a S\u00edria est\u00e1 preparada para elei\u00e7\u00f5es ou n\u00e3o. Tudo \u00e9 relativo. Sim, do ponto de vista europeu o pa\u00eds n\u00e3o est\u00e1 preparado. Mas \u00e9 preciso come\u00e7ar em algum momento. Com alguma coisa. E essa coisa precisa ser o processo pol\u00edtico. Eu viajo muito pela S\u00edria e vejo como se trata de um pa\u00eds \u00fanico. E diverso \u2013 em termos de mentalidade, estilo de vida das pessoas, de religi\u00e3o. Mas todas essas pessoas viveram juntas por milhares de anos. Acho que \u00e9 preciso dar a elas, assim como a todos os outros, a chance de tomar as r\u00e9deas da pr\u00f3pria vida. N\u00e3o dever\u00edamos atrapalh\u00e1-las nisso, mas sim apoi\u00e1-las.<\/p>\n<p>Este artigo n\u00e3o est\u00e1 sob Licen\u00e7a Creative Commons e n\u00e3o pode ser reproduzido de nenhuma forma. O mesmo \u00e9 v\u00e1lido para a foto.<\/p>\n","protected":false},"excerpt":{"rendered":"<p>Para Igor Konashenkov, porta-voz das for\u00e7as russas na S\u00edria, estrangeiros devem apoiar, e n\u00e3o atrapalhar o processo pol\u00edtico no pa\u00eds. Em entrevista, ele destaca o papel de militares russos e a coopera\u00e7\u00e3o com os EUA. Militares russos v\u00eam desempenhando um&hellip;<\/p>\n","protected":false},"author":993,"featured_media":301520,"comment_status":"closed","ping_status":"closed","sticky":false,"template":"","format":"standard","meta":{"footnotes":""},"categories":[102,1256,1257,111],"tags":[12415,25912,25913,25914,5191],"class_list":["post-301519","post","type-post","status-publish","format-standard","has-post-thumbnail","hentry","category-asia-pt-pt","category-nao-violencia","category-paz-desarmamento","category-politica-pt-pt","tag-estado-islamico","tag-igor-konaschenkow","tag-operacoes-militares","tag-reconquista-de-palmira","tag-siria-pt-pt"],"yoast_head":"<!-- This site is optimized with the Yoast SEO plugin v27.1.1 - https:\/\/yoast.com\/product\/yoast-seo-wordpress\/ -->\n<title>S\u00edrios devem ter chance de tomar r\u00e9deas da pr\u00f3pria vida<\/title>\n<meta name=\"description\" content=\"Para Igor Konashenkov, porta-voz das for\u00e7as russas na S\u00edria, estrangeiros devem apoiar, e n\u00e3o atrapalhar o processo pol\u00edtico no pa\u00eds. Em entrevista, ele\" \/>\n<meta name=\"robots\" content=\"index, follow, max-snippet:-1, max-image-preview:large, max-video-preview:-1\" \/>\n<link rel=\"canonical\" href=\"https:\/\/www.pressenza.com\/pt-pt\/2016\/04\/sirios-devem-ter-chance-de-tomar-redeas-da-propria-vida\/\" \/>\n<meta property=\"og:locale\" content=\"pt_PT\" \/>\n<meta property=\"og:type\" content=\"article\" \/>\n<meta property=\"og:title\" content=\"S\u00edrios devem ter chance de tomar r\u00e9deas da pr\u00f3pria vida\" \/>\n<meta property=\"og:description\" content=\"Para Igor Konashenkov, porta-voz das for\u00e7as russas na S\u00edria, estrangeiros devem apoiar, e n\u00e3o atrapalhar o processo pol\u00edtico no pa\u00eds. Em entrevista, ele\" \/>\n<meta property=\"og:url\" content=\"https:\/\/www.pressenza.com\/pt-pt\/2016\/04\/sirios-devem-ter-chance-de-tomar-redeas-da-propria-vida\/\" \/>\n<meta property=\"og:site_name\" content=\"Pressenza\" \/>\n<meta property=\"article:publisher\" content=\"https:\/\/www.facebook.com\/PressenzaItalia\" \/>\n<meta property=\"article:published_time\" content=\"2016-04-12T13:55:53+00:00\" \/>\n<meta property=\"og:image\" content=\"https:\/\/www.pressenza.com\/wp-content\/uploads\/2016\/04\/igor.jpg\" \/>\n\t<meta property=\"og:image:width\" content=\"700\" \/>\n\t<meta property=\"og:image:height\" content=\"394\" \/>\n\t<meta property=\"og:image:type\" content=\"image\/jpeg\" \/>\n<meta name=\"author\" content=\"Deutsche Welle\" \/>\n<meta name=\"twitter:card\" content=\"summary_large_image\" \/>\n<meta name=\"twitter:creator\" content=\"@PressenzaIPA\" \/>\n<meta name=\"twitter:site\" content=\"@PressenzaIPA\" \/>\n<meta name=\"twitter:label1\" content=\"Escrito por\" \/>\n\t<meta name=\"twitter:data1\" content=\"Deutsche Welle\" \/>\n\t<meta name=\"twitter:label2\" content=\"Tempo estimado de leitura\" \/>\n\t<meta name=\"twitter:data2\" content=\"4 minutos\" \/>\n<script type=\"application\/ld+json\" class=\"yoast-schema-graph\">{\"@context\":\"https:\/\/schema.org\",\"@graph\":[{\"@type\":\"Article\",\"@id\":\"https:\/\/www.pressenza.com\/pt-pt\/2016\/04\/sirios-devem-ter-chance-de-tomar-redeas-da-propria-vida\/#article\",\"isPartOf\":{\"@id\":\"https:\/\/www.pressenza.com\/pt-pt\/2016\/04\/sirios-devem-ter-chance-de-tomar-redeas-da-propria-vida\/\"},\"author\":{\"name\":\"Deutsche Welle\",\"@id\":\"https:\/\/www.pressenza.com\/pt-pt\/#\/schema\/person\/b7c775911f2c9a1b8c7225b94e2e9f37\"},\"headline\":\"S\u00edrios devem ter chance de tomar r\u00e9deas da pr\u00f3pria vida\",\"datePublished\":\"2016-04-12T13:55:53+00:00\",\"mainEntityOfPage\":{\"@id\":\"https:\/\/www.pressenza.com\/pt-pt\/2016\/04\/sirios-devem-ter-chance-de-tomar-redeas-da-propria-vida\/\"},\"wordCount\":787,\"publisher\":{\"@id\":\"https:\/\/www.pressenza.com\/pt-pt\/#organization\"},\"image\":{\"@id\":\"https:\/\/www.pressenza.com\/pt-pt\/2016\/04\/sirios-devem-ter-chance-de-tomar-redeas-da-propria-vida\/#primaryimage\"},\"thumbnailUrl\":\"https:\/\/www.pressenza.com\/wp-content\/uploads\/2016\/04\/igor.jpg\",\"keywords\":[\"Estado Isl\u00e1mico\",\"Igor Konaschenkow\",\"opera\u00e7\u00f5es militares\",\"reconquista de Palmira\",\"Siria\"],\"articleSection\":[\"Asia\",\"N\u00e3o viol\u00eancia\",\"Paz e Desarmamento\",\"Pol\u00edtica\"],\"inLanguage\":\"pt-PT\"},{\"@type\":\"WebPage\",\"@id\":\"https:\/\/www.pressenza.com\/pt-pt\/2016\/04\/sirios-devem-ter-chance-de-tomar-redeas-da-propria-vida\/\",\"url\":\"https:\/\/www.pressenza.com\/pt-pt\/2016\/04\/sirios-devem-ter-chance-de-tomar-redeas-da-propria-vida\/\",\"name\":\"S\u00edrios devem ter chance de tomar r\u00e9deas da pr\u00f3pria vida\",\"isPartOf\":{\"@id\":\"https:\/\/www.pressenza.com\/pt-pt\/#website\"},\"primaryImageOfPage\":{\"@id\":\"https:\/\/www.pressenza.com\/pt-pt\/2016\/04\/sirios-devem-ter-chance-de-tomar-redeas-da-propria-vida\/#primaryimage\"},\"image\":{\"@id\":\"https:\/\/www.pressenza.com\/pt-pt\/2016\/04\/sirios-devem-ter-chance-de-tomar-redeas-da-propria-vida\/#primaryimage\"},\"thumbnailUrl\":\"https:\/\/www.pressenza.com\/wp-content\/uploads\/2016\/04\/igor.jpg\",\"datePublished\":\"2016-04-12T13:55:53+00:00\",\"description\":\"Para Igor Konashenkov, porta-voz das for\u00e7as russas na S\u00edria, estrangeiros devem apoiar, e n\u00e3o atrapalhar o processo pol\u00edtico no pa\u00eds. Em entrevista, ele\",\"breadcrumb\":{\"@id\":\"https:\/\/www.pressenza.com\/pt-pt\/2016\/04\/sirios-devem-ter-chance-de-tomar-redeas-da-propria-vida\/#breadcrumb\"},\"inLanguage\":\"pt-PT\",\"potentialAction\":[{\"@type\":\"ReadAction\",\"target\":[\"https:\/\/www.pressenza.com\/pt-pt\/2016\/04\/sirios-devem-ter-chance-de-tomar-redeas-da-propria-vida\/\"]}]},{\"@type\":\"ImageObject\",\"inLanguage\":\"pt-PT\",\"@id\":\"https:\/\/www.pressenza.com\/pt-pt\/2016\/04\/sirios-devem-ter-chance-de-tomar-redeas-da-propria-vida\/#primaryimage\",\"url\":\"https:\/\/www.pressenza.com\/wp-content\/uploads\/2016\/04\/igor.jpg\",\"contentUrl\":\"https:\/\/www.pressenza.com\/wp-content\/uploads\/2016\/04\/igor.jpg\",\"width\":700,\"height\":394,\"caption\":\"Igor Konaschenkow: \\\"Temos tantos avi\u00f5es de quanto precisamos na S\u00edria\\\"\"},{\"@type\":\"BreadcrumbList\",\"@id\":\"https:\/\/www.pressenza.com\/pt-pt\/2016\/04\/sirios-devem-ter-chance-de-tomar-redeas-da-propria-vida\/#breadcrumb\",\"itemListElement\":[{\"@type\":\"ListItem\",\"position\":1,\"name\":\"Accueil\",\"item\":\"https:\/\/www.pressenza.com\/pt-pt\/\"},{\"@type\":\"ListItem\",\"position\":2,\"name\":\"S\u00edrios devem ter chance de tomar r\u00e9deas da pr\u00f3pria vida\"}]},{\"@type\":\"WebSite\",\"@id\":\"https:\/\/www.pressenza.com\/pt-pt\/#website\",\"url\":\"https:\/\/www.pressenza.com\/pt-pt\/\",\"name\":\"Pressenza\",\"description\":\"International Press Agency\",\"publisher\":{\"@id\":\"https:\/\/www.pressenza.com\/pt-pt\/#organization\"},\"potentialAction\":[{\"@type\":\"SearchAction\",\"target\":{\"@type\":\"EntryPoint\",\"urlTemplate\":\"https:\/\/www.pressenza.com\/pt-pt\/?s={search_term_string}\"},\"query-input\":{\"@type\":\"PropertyValueSpecification\",\"valueRequired\":true,\"valueName\":\"search_term_string\"}}],\"inLanguage\":\"pt-PT\"},{\"@type\":\"Organization\",\"@id\":\"https:\/\/www.pressenza.com\/pt-pt\/#organization\",\"name\":\"Pressenza\",\"url\":\"https:\/\/www.pressenza.com\/pt-pt\/\",\"logo\":{\"@type\":\"ImageObject\",\"inLanguage\":\"pt-PT\",\"@id\":\"https:\/\/www.pressenza.com\/pt-pt\/#\/schema\/logo\/image\/\",\"url\":\"https:\/\/www.pressenza.com\/wp-content\/uploads\/2022\/10\/pressenza_logo_200x200.jpg\",\"contentUrl\":\"https:\/\/www.pressenza.com\/wp-content\/uploads\/2022\/10\/pressenza_logo_200x200.jpg\",\"width\":200,\"height\":200,\"caption\":\"Pressenza\"},\"image\":{\"@id\":\"https:\/\/www.pressenza.com\/pt-pt\/#\/schema\/logo\/image\/\"},\"sameAs\":[\"https:\/\/www.facebook.com\/PressenzaItalia\",\"https:\/\/x.com\/PressenzaIPA\"]},{\"@type\":\"Person\",\"@id\":\"https:\/\/www.pressenza.com\/pt-pt\/#\/schema\/person\/b7c775911f2c9a1b8c7225b94e2e9f37\",\"name\":\"Deutsche Welle\",\"description\":\"Articles and photographs by Deutsche Welle on Pressenza do not fall under the Creative Commons licence and are not reproducible in any way. www.dw.com\",\"sameAs\":[\"http:\/\/www.dw.com\"],\"url\":\"https:\/\/www.pressenza.com\/pt-pt\/author\/deutsche-welle\/\"}]}<\/script>\n<!-- \/ Yoast SEO plugin. -->","yoast_head_json":{"title":"S\u00edrios devem ter chance de tomar r\u00e9deas da pr\u00f3pria vida","description":"Para Igor Konashenkov, porta-voz das for\u00e7as russas na S\u00edria, estrangeiros devem apoiar, e n\u00e3o atrapalhar o processo pol\u00edtico no pa\u00eds. Em entrevista, ele","robots":{"index":"index","follow":"follow","max-snippet":"max-snippet:-1","max-image-preview":"max-image-preview:large","max-video-preview":"max-video-preview:-1"},"canonical":"https:\/\/www.pressenza.com\/pt-pt\/2016\/04\/sirios-devem-ter-chance-de-tomar-redeas-da-propria-vida\/","og_locale":"pt_PT","og_type":"article","og_title":"S\u00edrios devem ter chance de tomar r\u00e9deas da pr\u00f3pria vida","og_description":"Para Igor Konashenkov, porta-voz das for\u00e7as russas na S\u00edria, estrangeiros devem apoiar, e n\u00e3o atrapalhar o processo pol\u00edtico no pa\u00eds. Em entrevista, ele","og_url":"https:\/\/www.pressenza.com\/pt-pt\/2016\/04\/sirios-devem-ter-chance-de-tomar-redeas-da-propria-vida\/","og_site_name":"Pressenza","article_publisher":"https:\/\/www.facebook.com\/PressenzaItalia","article_published_time":"2016-04-12T13:55:53+00:00","og_image":[{"width":700,"height":394,"url":"https:\/\/www.pressenza.com\/wp-content\/uploads\/2016\/04\/igor.jpg","type":"image\/jpeg"}],"author":"Deutsche Welle","twitter_card":"summary_large_image","twitter_creator":"@PressenzaIPA","twitter_site":"@PressenzaIPA","twitter_misc":{"Escrito por":"Deutsche Welle","Tempo estimado de leitura":"4 minutos"},"schema":{"@context":"https:\/\/schema.org","@graph":[{"@type":"Article","@id":"https:\/\/www.pressenza.com\/pt-pt\/2016\/04\/sirios-devem-ter-chance-de-tomar-redeas-da-propria-vida\/#article","isPartOf":{"@id":"https:\/\/www.pressenza.com\/pt-pt\/2016\/04\/sirios-devem-ter-chance-de-tomar-redeas-da-propria-vida\/"},"author":{"name":"Deutsche Welle","@id":"https:\/\/www.pressenza.com\/pt-pt\/#\/schema\/person\/b7c775911f2c9a1b8c7225b94e2e9f37"},"headline":"S\u00edrios devem ter chance de tomar r\u00e9deas da pr\u00f3pria vida","datePublished":"2016-04-12T13:55:53+00:00","mainEntityOfPage":{"@id":"https:\/\/www.pressenza.com\/pt-pt\/2016\/04\/sirios-devem-ter-chance-de-tomar-redeas-da-propria-vida\/"},"wordCount":787,"publisher":{"@id":"https:\/\/www.pressenza.com\/pt-pt\/#organization"},"image":{"@id":"https:\/\/www.pressenza.com\/pt-pt\/2016\/04\/sirios-devem-ter-chance-de-tomar-redeas-da-propria-vida\/#primaryimage"},"thumbnailUrl":"https:\/\/www.pressenza.com\/wp-content\/uploads\/2016\/04\/igor.jpg","keywords":["Estado Isl\u00e1mico","Igor Konaschenkow","opera\u00e7\u00f5es militares","reconquista de Palmira","Siria"],"articleSection":["Asia","N\u00e3o viol\u00eancia","Paz e Desarmamento","Pol\u00edtica"],"inLanguage":"pt-PT"},{"@type":"WebPage","@id":"https:\/\/www.pressenza.com\/pt-pt\/2016\/04\/sirios-devem-ter-chance-de-tomar-redeas-da-propria-vida\/","url":"https:\/\/www.pressenza.com\/pt-pt\/2016\/04\/sirios-devem-ter-chance-de-tomar-redeas-da-propria-vida\/","name":"S\u00edrios devem ter chance de tomar r\u00e9deas da pr\u00f3pria vida","isPartOf":{"@id":"https:\/\/www.pressenza.com\/pt-pt\/#website"},"primaryImageOfPage":{"@id":"https:\/\/www.pressenza.com\/pt-pt\/2016\/04\/sirios-devem-ter-chance-de-tomar-redeas-da-propria-vida\/#primaryimage"},"image":{"@id":"https:\/\/www.pressenza.com\/pt-pt\/2016\/04\/sirios-devem-ter-chance-de-tomar-redeas-da-propria-vida\/#primaryimage"},"thumbnailUrl":"https:\/\/www.pressenza.com\/wp-content\/uploads\/2016\/04\/igor.jpg","datePublished":"2016-04-12T13:55:53+00:00","description":"Para Igor Konashenkov, porta-voz das for\u00e7as russas na S\u00edria, estrangeiros devem apoiar, e n\u00e3o atrapalhar o processo pol\u00edtico no pa\u00eds. Em entrevista, ele","breadcrumb":{"@id":"https:\/\/www.pressenza.com\/pt-pt\/2016\/04\/sirios-devem-ter-chance-de-tomar-redeas-da-propria-vida\/#breadcrumb"},"inLanguage":"pt-PT","potentialAction":[{"@type":"ReadAction","target":["https:\/\/www.pressenza.com\/pt-pt\/2016\/04\/sirios-devem-ter-chance-de-tomar-redeas-da-propria-vida\/"]}]},{"@type":"ImageObject","inLanguage":"pt-PT","@id":"https:\/\/www.pressenza.com\/pt-pt\/2016\/04\/sirios-devem-ter-chance-de-tomar-redeas-da-propria-vida\/#primaryimage","url":"https:\/\/www.pressenza.com\/wp-content\/uploads\/2016\/04\/igor.jpg","contentUrl":"https:\/\/www.pressenza.com\/wp-content\/uploads\/2016\/04\/igor.jpg","width":700,"height":394,"caption":"Igor Konaschenkow: \"Temos tantos avi\u00f5es de quanto precisamos na S\u00edria\""},{"@type":"BreadcrumbList","@id":"https:\/\/www.pressenza.com\/pt-pt\/2016\/04\/sirios-devem-ter-chance-de-tomar-redeas-da-propria-vida\/#breadcrumb","itemListElement":[{"@type":"ListItem","position":1,"name":"Accueil","item":"https:\/\/www.pressenza.com\/pt-pt\/"},{"@type":"ListItem","position":2,"name":"S\u00edrios devem ter chance de tomar r\u00e9deas da pr\u00f3pria vida"}]},{"@type":"WebSite","@id":"https:\/\/www.pressenza.com\/pt-pt\/#website","url":"https:\/\/www.pressenza.com\/pt-pt\/","name":"Pressenza","description":"International Press Agency","publisher":{"@id":"https:\/\/www.pressenza.com\/pt-pt\/#organization"},"potentialAction":[{"@type":"SearchAction","target":{"@type":"EntryPoint","urlTemplate":"https:\/\/www.pressenza.com\/pt-pt\/?s={search_term_string}"},"query-input":{"@type":"PropertyValueSpecification","valueRequired":true,"valueName":"search_term_string"}}],"inLanguage":"pt-PT"},{"@type":"Organization","@id":"https:\/\/www.pressenza.com\/pt-pt\/#organization","name":"Pressenza","url":"https:\/\/www.pressenza.com\/pt-pt\/","logo":{"@type":"ImageObject","inLanguage":"pt-PT","@id":"https:\/\/www.pressenza.com\/pt-pt\/#\/schema\/logo\/image\/","url":"https:\/\/www.pressenza.com\/wp-content\/uploads\/2022\/10\/pressenza_logo_200x200.jpg","contentUrl":"https:\/\/www.pressenza.com\/wp-content\/uploads\/2022\/10\/pressenza_logo_200x200.jpg","width":200,"height":200,"caption":"Pressenza"},"image":{"@id":"https:\/\/www.pressenza.com\/pt-pt\/#\/schema\/logo\/image\/"},"sameAs":["https:\/\/www.facebook.com\/PressenzaItalia","https:\/\/x.com\/PressenzaIPA"]},{"@type":"Person","@id":"https:\/\/www.pressenza.com\/pt-pt\/#\/schema\/person\/b7c775911f2c9a1b8c7225b94e2e9f37","name":"Deutsche Welle","description":"Articles and photographs by Deutsche Welle on Pressenza do not fall under the Creative Commons licence and are not reproducible in any way. www.dw.com","sameAs":["http:\/\/www.dw.com"],"url":"https:\/\/www.pressenza.com\/pt-pt\/author\/deutsche-welle\/"}]}},"place":"","original_article_url":"http:\/\/m.dw.com\/pt\/s%C3%ADrios-devem-ter-chance-de-tomar-r%C3%A9deas-da-pr%C3%B3pria-vida\/a-19178801?maca=bra-RSS_por_Pressenza_news-10755-html","_links":{"self":[{"href":"https:\/\/www.pressenza.com\/pt-pt\/wp-json\/wp\/v2\/posts\/301519","targetHints":{"allow":["GET"]}}],"collection":[{"href":"https:\/\/www.pressenza.com\/pt-pt\/wp-json\/wp\/v2\/posts"}],"about":[{"href":"https:\/\/www.pressenza.com\/pt-pt\/wp-json\/wp\/v2\/types\/post"}],"author":[{"embeddable":true,"href":"https:\/\/www.pressenza.com\/pt-pt\/wp-json\/wp\/v2\/users\/993"}],"replies":[{"embeddable":true,"href":"https:\/\/www.pressenza.com\/pt-pt\/wp-json\/wp\/v2\/comments?post=301519"}],"version-history":[{"count":0,"href":"https:\/\/www.pressenza.com\/pt-pt\/wp-json\/wp\/v2\/posts\/301519\/revisions"}],"wp:featuredmedia":[{"embeddable":true,"href":"https:\/\/www.pressenza.com\/pt-pt\/wp-json\/wp\/v2\/media\/301520"}],"wp:attachment":[{"href":"https:\/\/www.pressenza.com\/pt-pt\/wp-json\/wp\/v2\/media?parent=301519"}],"wp:term":[{"taxonomy":"category","embeddable":true,"href":"https:\/\/www.pressenza.com\/pt-pt\/wp-json\/wp\/v2\/categories?post=301519"},{"taxonomy":"post_tag","embeddable":true,"href":"https:\/\/www.pressenza.com\/pt-pt\/wp-json\/wp\/v2\/tags?post=301519"}],"curies":[{"name":"wp","href":"https:\/\/api.w.org\/{rel}","templated":true}]}}