{"id":299723,"date":"2016-04-10T07:55:34","date_gmt":"2016-04-10T06:55:34","guid":{"rendered":"http:\/\/www.pressenza.com\/pt-pt\/?p=299723"},"modified":"2016-04-13T21:38:58","modified_gmt":"2016-04-13T20:38:58","slug":"medo-odio-nas-manifestacoes","status":"publish","type":"post","link":"https:\/\/www.pressenza.com\/pt-pt\/2016\/04\/medo-odio-nas-manifestacoes\/","title":{"rendered":"Rubrofobia: medo e \u00f3dio nas manifesta\u00e7\u00f5es"},"content":{"rendered":"<p>Durante as \u00faltimas manifesta\u00e7\u00f5es ocorreram v\u00e1rios casos de rubrofobia, onde pessoas vestidas de vermelho foram agredidas,<\/p>\n<p>Os sentimentos s\u00e3o altamente contagiosos e, no momento, precisamos resistir ao \u00f3dio e ao medo. N\u00e3o importa em que bando os acontecimentos tenham te colocado. N\u00e3o existe caminho para a paz, a paz \u00e9 o caminho.<\/p>\n<p><iframe loading=\"lazy\" style=\"border: none; overflow: hidden;\" src=\"https:\/\/www.facebook.com\/plugins\/video.php?href=https%3A%2F%2Fwww.facebook.com%2Fprograma4v%2Fvideos%2F1520679261572605%2F&amp;show_text=0&amp;width=560\" width=\"560\" height=\"315\" frameborder=\"0\" scrolling=\"no\"><\/iframe><\/p>\n","protected":false},"excerpt":{"rendered":"<p>Durante as \u00faltimas manifesta\u00e7\u00f5es ocorreram v\u00e1rios casos de rubrofobia, onde pessoas vestidas de vermelho foram agredidas, Os sentimentos s\u00e3o altamente contagiosos e, no momento, precisamos resistir ao \u00f3dio e ao medo. N\u00e3o importa em que bando os acontecimentos tenham te&hellip;<\/p>\n","protected":false},"author":44,"featured_media":0,"comment_status":"closed","ping_status":"closed","sticky":false,"template":"","format":"standard","meta":{"footnotes":""},"categories":[104,116,1255,22288],"tags":[25738,25737,25736,5639,9177,25735,25739],"class_list":["post-299723","post","type-post","status-publish","format-standard","hentry","category-america-do-sul","category-direitos-humanos","category-diversidade","category-video-pt","tag-2016-nao-e-64","tag-de-olho-no-golpe","tag-juristas-pela-democracia","tag-manifestacoes","tag-midia-golpista","tag-rubrofobia","tag-vamos-resistir"],"yoast_head":"<!-- This site is optimized with the Yoast SEO plugin v27.1.1 - https:\/\/yoast.com\/product\/yoast-seo-wordpress\/ -->\n<title>Medo e \u00f3dio nas manifesta\u00e7\u00f5es<\/title>\n<meta name=\"description\" content=\"Durante as \u00faltimas manifesta\u00e7\u00f5es ocorreram v\u00e1rios casos de rubrofobia, onde pessoas vestidas de vermelho foram agredidas, Os sentimentos s\u00e3o altamente\" \/>\n<meta name=\"robots\" content=\"index, follow, max-snippet:-1, max-image-preview:large, max-video-preview:-1\" \/>\n<link rel=\"canonical\" href=\"https:\/\/www.pressenza.com\/pt-pt\/2016\/04\/medo-odio-nas-manifestacoes\/\" \/>\n<meta property=\"og:locale\" content=\"pt_PT\" \/>\n<meta property=\"og:type\" content=\"article\" \/>\n<meta property=\"og:title\" content=\"Medo e \u00f3dio nas manifesta\u00e7\u00f5es\" \/>\n<meta property=\"og:description\" content=\"Durante as \u00faltimas manifesta\u00e7\u00f5es ocorreram v\u00e1rios casos de rubrofobia, onde pessoas vestidas de vermelho foram agredidas, Os sentimentos s\u00e3o altamente\" \/>\n<meta property=\"og:url\" content=\"https:\/\/www.pressenza.com\/pt-pt\/2016\/04\/medo-odio-nas-manifestacoes\/\" \/>\n<meta property=\"og:site_name\" content=\"Pressenza\" \/>\n<meta property=\"article:publisher\" content=\"https:\/\/www.facebook.com\/PressenzaItalia\" \/>\n<meta property=\"article:author\" content=\"https:\/\/www.facebook.com\/PressenzaPortugues\" \/>\n<meta property=\"article:published_time\" content=\"2016-04-10T06:55:34+00:00\" \/>\n<meta property=\"article:modified_time\" content=\"2016-04-13T20:38:58+00:00\" \/>\n<meta name=\"author\" content=\"Reda\u00e7\u00e3o S\u00e3o Paulo\" \/>\n<meta name=\"twitter:card\" content=\"summary_large_image\" \/>\n<meta name=\"twitter:creator\" content=\"@pressenza_pt\" \/>\n<meta name=\"twitter:site\" content=\"@PressenzaIPA\" \/>\n<meta name=\"twitter:label1\" content=\"Escrito por\" \/>\n\t<meta name=\"twitter:data1\" content=\"Reda\u00e7\u00e3o S\u00e3o Paulo\" \/>\n<script type=\"application\/ld+json\" class=\"yoast-schema-graph\">{\"@context\":\"https:\/\/schema.org\",\"@graph\":[{\"@type\":\"Article\",\"@id\":\"https:\/\/www.pressenza.com\/pt-pt\/2016\/04\/medo-odio-nas-manifestacoes\/#article\",\"isPartOf\":{\"@id\":\"https:\/\/www.pressenza.com\/pt-pt\/2016\/04\/medo-odio-nas-manifestacoes\/\"},\"author\":{\"name\":\"Reda\u00e7\u00e3o S\u00e3o Paulo\",\"@id\":\"https:\/\/www.pressenza.com\/pt-pt\/#\/schema\/person\/d171826afb7693cfc394da95892bfd93\"},\"headline\":\"Rubrofobia: medo e \u00f3dio nas manifesta\u00e7\u00f5es\",\"datePublished\":\"2016-04-10T06:55:34+00:00\",\"dateModified\":\"2016-04-13T20:38:58+00:00\",\"mainEntityOfPage\":{\"@id\":\"https:\/\/www.pressenza.com\/pt-pt\/2016\/04\/medo-odio-nas-manifestacoes\/\"},\"wordCount\":63,\"publisher\":{\"@id\":\"https:\/\/www.pressenza.com\/pt-pt\/#organization\"},\"keywords\":[\"2016 n\u00e3o \u00e9 64\",\"de olho no golpe\",\"juristas pela democracia\",\"Manifesta\u00e7\u00f5es\",\"midia golpista\",\"rubrofobia\",\"vamos resistir\"],\"articleSection\":[\"\u00c1m\u00e9rica do Sul\",\"Direitos Humanos\",\"Diversidade\",\"Video\"],\"inLanguage\":\"pt-PT\"},{\"@type\":\"WebPage\",\"@id\":\"https:\/\/www.pressenza.com\/pt-pt\/2016\/04\/medo-odio-nas-manifestacoes\/\",\"url\":\"https:\/\/www.pressenza.com\/pt-pt\/2016\/04\/medo-odio-nas-manifestacoes\/\",\"name\":\"Medo e \u00f3dio nas manifesta\u00e7\u00f5es\",\"isPartOf\":{\"@id\":\"https:\/\/www.pressenza.com\/pt-pt\/#website\"},\"datePublished\":\"2016-04-10T06:55:34+00:00\",\"dateModified\":\"2016-04-13T20:38:58+00:00\",\"description\":\"Durante as \u00faltimas manifesta\u00e7\u00f5es ocorreram v\u00e1rios casos de rubrofobia, onde pessoas vestidas de vermelho foram agredidas, Os sentimentos s\u00e3o altamente\",\"breadcrumb\":{\"@id\":\"https:\/\/www.pressenza.com\/pt-pt\/2016\/04\/medo-odio-nas-manifestacoes\/#breadcrumb\"},\"inLanguage\":\"pt-PT\",\"potentialAction\":[{\"@type\":\"ReadAction\",\"target\":[\"https:\/\/www.pressenza.com\/pt-pt\/2016\/04\/medo-odio-nas-manifestacoes\/\"]}]},{\"@type\":\"BreadcrumbList\",\"@id\":\"https:\/\/www.pressenza.com\/pt-pt\/2016\/04\/medo-odio-nas-manifestacoes\/#breadcrumb\",\"itemListElement\":[{\"@type\":\"ListItem\",\"position\":1,\"name\":\"Accueil\",\"item\":\"https:\/\/www.pressenza.com\/pt-pt\/\"},{\"@type\":\"ListItem\",\"position\":2,\"name\":\"Rubrofobia: medo e \u00f3dio nas manifesta\u00e7\u00f5es\"}]},{\"@type\":\"WebSite\",\"@id\":\"https:\/\/www.pressenza.com\/pt-pt\/#website\",\"url\":\"https:\/\/www.pressenza.com\/pt-pt\/\",\"name\":\"Pressenza\",\"description\":\"International Press Agency\",\"publisher\":{\"@id\":\"https:\/\/www.pressenza.com\/pt-pt\/#organization\"},\"potentialAction\":[{\"@type\":\"SearchAction\",\"target\":{\"@type\":\"EntryPoint\",\"urlTemplate\":\"https:\/\/www.pressenza.com\/pt-pt\/?s={search_term_string}\"},\"query-input\":{\"@type\":\"PropertyValueSpecification\",\"valueRequired\":true,\"valueName\":\"search_term_string\"}}],\"inLanguage\":\"pt-PT\"},{\"@type\":\"Organization\",\"@id\":\"https:\/\/www.pressenza.com\/pt-pt\/#organization\",\"name\":\"Pressenza\",\"url\":\"https:\/\/www.pressenza.com\/pt-pt\/\",\"logo\":{\"@type\":\"ImageObject\",\"inLanguage\":\"pt-PT\",\"@id\":\"https:\/\/www.pressenza.com\/pt-pt\/#\/schema\/logo\/image\/\",\"url\":\"https:\/\/www.pressenza.com\/wp-content\/uploads\/2022\/10\/pressenza_logo_200x200.jpg\",\"contentUrl\":\"https:\/\/www.pressenza.com\/wp-content\/uploads\/2022\/10\/pressenza_logo_200x200.jpg\",\"width\":200,\"height\":200,\"caption\":\"Pressenza\"},\"image\":{\"@id\":\"https:\/\/www.pressenza.com\/pt-pt\/#\/schema\/logo\/image\/\"},\"sameAs\":[\"https:\/\/www.facebook.com\/PressenzaItalia\",\"https:\/\/x.com\/PressenzaIPA\"]},{\"@type\":\"Person\",\"@id\":\"https:\/\/www.pressenza.com\/pt-pt\/#\/schema\/person\/d171826afb7693cfc394da95892bfd93\",\"name\":\"Reda\u00e7\u00e3o S\u00e3o Paulo\",\"description\":\"News from the Pressenza bureau in Sao Paulo, Brazil\",\"sameAs\":[\"https:\/\/www.facebook.com\/PressenzaPortugues\",\"https:\/\/x.com\/pressenza_pt\"],\"url\":\"https:\/\/www.pressenza.com\/pt-pt\/author\/redaccao-sao-paulo\/\"}]}<\/script>\n<!-- \/ Yoast SEO plugin. -->","yoast_head_json":{"title":"Medo e \u00f3dio nas manifesta\u00e7\u00f5es","description":"Durante as \u00faltimas manifesta\u00e7\u00f5es ocorreram v\u00e1rios casos de rubrofobia, onde pessoas vestidas de vermelho foram agredidas, Os sentimentos s\u00e3o altamente","robots":{"index":"index","follow":"follow","max-snippet":"max-snippet:-1","max-image-preview":"max-image-preview:large","max-video-preview":"max-video-preview:-1"},"canonical":"https:\/\/www.pressenza.com\/pt-pt\/2016\/04\/medo-odio-nas-manifestacoes\/","og_locale":"pt_PT","og_type":"article","og_title":"Medo e \u00f3dio nas manifesta\u00e7\u00f5es","og_description":"Durante as \u00faltimas manifesta\u00e7\u00f5es ocorreram v\u00e1rios casos de rubrofobia, onde pessoas vestidas de vermelho foram agredidas, Os sentimentos s\u00e3o altamente","og_url":"https:\/\/www.pressenza.com\/pt-pt\/2016\/04\/medo-odio-nas-manifestacoes\/","og_site_name":"Pressenza","article_publisher":"https:\/\/www.facebook.com\/PressenzaItalia","article_author":"https:\/\/www.facebook.com\/PressenzaPortugues","article_published_time":"2016-04-10T06:55:34+00:00","article_modified_time":"2016-04-13T20:38:58+00:00","author":"Reda\u00e7\u00e3o S\u00e3o Paulo","twitter_card":"summary_large_image","twitter_creator":"@pressenza_pt","twitter_site":"@PressenzaIPA","twitter_misc":{"Escrito por":"Reda\u00e7\u00e3o S\u00e3o Paulo"},"schema":{"@context":"https:\/\/schema.org","@graph":[{"@type":"Article","@id":"https:\/\/www.pressenza.com\/pt-pt\/2016\/04\/medo-odio-nas-manifestacoes\/#article","isPartOf":{"@id":"https:\/\/www.pressenza.com\/pt-pt\/2016\/04\/medo-odio-nas-manifestacoes\/"},"author":{"name":"Reda\u00e7\u00e3o S\u00e3o Paulo","@id":"https:\/\/www.pressenza.com\/pt-pt\/#\/schema\/person\/d171826afb7693cfc394da95892bfd93"},"headline":"Rubrofobia: medo e \u00f3dio nas manifesta\u00e7\u00f5es","datePublished":"2016-04-10T06:55:34+00:00","dateModified":"2016-04-13T20:38:58+00:00","mainEntityOfPage":{"@id":"https:\/\/www.pressenza.com\/pt-pt\/2016\/04\/medo-odio-nas-manifestacoes\/"},"wordCount":63,"publisher":{"@id":"https:\/\/www.pressenza.com\/pt-pt\/#organization"},"keywords":["2016 n\u00e3o \u00e9 64","de olho no golpe","juristas pela democracia","Manifesta\u00e7\u00f5es","midia golpista","rubrofobia","vamos resistir"],"articleSection":["\u00c1m\u00e9rica do Sul","Direitos Humanos","Diversidade","Video"],"inLanguage":"pt-PT"},{"@type":"WebPage","@id":"https:\/\/www.pressenza.com\/pt-pt\/2016\/04\/medo-odio-nas-manifestacoes\/","url":"https:\/\/www.pressenza.com\/pt-pt\/2016\/04\/medo-odio-nas-manifestacoes\/","name":"Medo e \u00f3dio nas manifesta\u00e7\u00f5es","isPartOf":{"@id":"https:\/\/www.pressenza.com\/pt-pt\/#website"},"datePublished":"2016-04-10T06:55:34+00:00","dateModified":"2016-04-13T20:38:58+00:00","description":"Durante as \u00faltimas manifesta\u00e7\u00f5es ocorreram v\u00e1rios casos de rubrofobia, onde pessoas vestidas de vermelho foram agredidas, Os sentimentos s\u00e3o altamente","breadcrumb":{"@id":"https:\/\/www.pressenza.com\/pt-pt\/2016\/04\/medo-odio-nas-manifestacoes\/#breadcrumb"},"inLanguage":"pt-PT","potentialAction":[{"@type":"ReadAction","target":["https:\/\/www.pressenza.com\/pt-pt\/2016\/04\/medo-odio-nas-manifestacoes\/"]}]},{"@type":"BreadcrumbList","@id":"https:\/\/www.pressenza.com\/pt-pt\/2016\/04\/medo-odio-nas-manifestacoes\/#breadcrumb","itemListElement":[{"@type":"ListItem","position":1,"name":"Accueil","item":"https:\/\/www.pressenza.com\/pt-pt\/"},{"@type":"ListItem","position":2,"name":"Rubrofobia: medo e \u00f3dio nas manifesta\u00e7\u00f5es"}]},{"@type":"WebSite","@id":"https:\/\/www.pressenza.com\/pt-pt\/#website","url":"https:\/\/www.pressenza.com\/pt-pt\/","name":"Pressenza","description":"International Press Agency","publisher":{"@id":"https:\/\/www.pressenza.com\/pt-pt\/#organization"},"potentialAction":[{"@type":"SearchAction","target":{"@type":"EntryPoint","urlTemplate":"https:\/\/www.pressenza.com\/pt-pt\/?s={search_term_string}"},"query-input":{"@type":"PropertyValueSpecification","valueRequired":true,"valueName":"search_term_string"}}],"inLanguage":"pt-PT"},{"@type":"Organization","@id":"https:\/\/www.pressenza.com\/pt-pt\/#organization","name":"Pressenza","url":"https:\/\/www.pressenza.com\/pt-pt\/","logo":{"@type":"ImageObject","inLanguage":"pt-PT","@id":"https:\/\/www.pressenza.com\/pt-pt\/#\/schema\/logo\/image\/","url":"https:\/\/www.pressenza.com\/wp-content\/uploads\/2022\/10\/pressenza_logo_200x200.jpg","contentUrl":"https:\/\/www.pressenza.com\/wp-content\/uploads\/2022\/10\/pressenza_logo_200x200.jpg","width":200,"height":200,"caption":"Pressenza"},"image":{"@id":"https:\/\/www.pressenza.com\/pt-pt\/#\/schema\/logo\/image\/"},"sameAs":["https:\/\/www.facebook.com\/PressenzaItalia","https:\/\/x.com\/PressenzaIPA"]},{"@type":"Person","@id":"https:\/\/www.pressenza.com\/pt-pt\/#\/schema\/person\/d171826afb7693cfc394da95892bfd93","name":"Reda\u00e7\u00e3o S\u00e3o Paulo","description":"News from the Pressenza bureau in Sao Paulo, Brazil","sameAs":["https:\/\/www.facebook.com\/PressenzaPortugues","https:\/\/x.com\/pressenza_pt"],"url":"https:\/\/www.pressenza.com\/pt-pt\/author\/redaccao-sao-paulo\/"}]}},"place":"","original_article_url":"","_links":{"self":[{"href":"https:\/\/www.pressenza.com\/pt-pt\/wp-json\/wp\/v2\/posts\/299723","targetHints":{"allow":["GET"]}}],"collection":[{"href":"https:\/\/www.pressenza.com\/pt-pt\/wp-json\/wp\/v2\/posts"}],"about":[{"href":"https:\/\/www.pressenza.com\/pt-pt\/wp-json\/wp\/v2\/types\/post"}],"author":[{"embeddable":true,"href":"https:\/\/www.pressenza.com\/pt-pt\/wp-json\/wp\/v2\/users\/44"}],"replies":[{"embeddable":true,"href":"https:\/\/www.pressenza.com\/pt-pt\/wp-json\/wp\/v2\/comments?post=299723"}],"version-history":[{"count":0,"href":"https:\/\/www.pressenza.com\/pt-pt\/wp-json\/wp\/v2\/posts\/299723\/revisions"}],"wp:attachment":[{"href":"https:\/\/www.pressenza.com\/pt-pt\/wp-json\/wp\/v2\/media?parent=299723"}],"wp:term":[{"taxonomy":"category","embeddable":true,"href":"https:\/\/www.pressenza.com\/pt-pt\/wp-json\/wp\/v2\/categories?post=299723"},{"taxonomy":"post_tag","embeddable":true,"href":"https:\/\/www.pressenza.com\/pt-pt\/wp-json\/wp\/v2\/tags?post=299723"}],"curies":[{"name":"wp","href":"https:\/\/api.w.org\/{rel}","templated":true}]}}