{"id":297396,"date":"2016-04-03T14:15:48","date_gmt":"2016-04-03T13:15:48","guid":{"rendered":"http:\/\/www.pressenza.com\/pt-pt\/?p=297396"},"modified":"2016-04-19T18:55:47","modified_gmt":"2016-04-19T17:55:47","slug":"maior-enimigo-do-brasil-e-grande-imprensa","status":"publish","type":"post","link":"https:\/\/www.pressenza.com\/pt-pt\/2016\/04\/maior-enimigo-do-brasil-e-grande-imprensa\/","title":{"rendered":"&#8220;O maior enimigo do Brasil \u00e9 a grande imprensa&#8221;"},"content":{"rendered":"<p><em>Para o jurista Bandeira de Mello, o pa\u00eds vive uma fase onde o Estado de Direito submergiu com a ajuda da m\u00eddia.<\/em><\/p>\n<p><em>por <strong>Ana Magalh\u00e3es, S\u00e9rgio Kraselis<\/strong>.<\/em><\/p>\n<p>O jurista Celso Ant\u00f4nio Bandeira de Mello, 79 anos, est\u00e1 horrorizado com a situa\u00e7\u00e3o pol\u00edtica do pa\u00eds, mas, otimista declarado, acredita que a legalidade ser\u00e1 retomada. Um dos avalistas do habeas corpus impetrado junto ao STF (Supremo Tribunal Federal) contra a decis\u00e3o do ministro Gilmar Mendes \u2212 que impediu a posse do ex-presidente Luiz In\u00e1cio Lula da Silva como ministro da Casa Civil e que devolveu ao juiz S\u00e9rgio Moro a compet\u00eancia para investig\u00e1-lo \u2212, Bandeira de Mello considera ilegais os grampos e sua divulga\u00e7\u00e3o.<\/p>\n<p>\u201cEsses grampos foram uma viol\u00eancia contra autoridades p\u00fablicas, contra a presidente e contra o ex-presidente Lula. Um ex-presidente merece sempre todo o respeito, n\u00e3o interessa quem seja\u201d, afirma o jurista, que acredita que, quando passar toda essa torrente, Moro ser\u00e1 punido.<\/p>\n<p>De pensamento r\u00e1pido e olhos argutos, Bandeira de Mello recebeu a Calle2 na segunda (21) em uma sala do escrit\u00f3rio que mant\u00e9m em um elegante edif\u00edcio na avenida Paulista com a alameda Casa Branca. A entrevista, prevista para durar 20 minutos, se estendeu por quase duas horas. S\u00f3 foi interrompida por um telefonema do vice-presidente Michel Temer, seu amigo de longa data, e que antes de abra\u00e7ar a carreira pol\u00edtica foi um dos seus s\u00f3cios no escrit\u00f3rio de advocacia.<\/p>\n<p>Advogado h\u00e1 quase 50 anos, o jurista, que tamb\u00e9m \u00e9 professor, n\u00e3o esconde seu bom tr\u00e2nsito no mundo jur\u00eddico. Conhece muitos dos ministros do Supremo (\u201cmuitos deles chamo de voc\u00ea\u201d), foi professor do ex-ministro da Justi\u00e7a Jos\u00e9 Eduardo Cardozo e foi convidado por Dilma para participar de uma reuni\u00e3o com renomados juristas para discutir a manuten\u00e7\u00e3o da legalidade neste momento controverso (\u201cn\u00e3o poderei ir\u201d).<\/p>\n<p>Para Bandeira de Mello, quem quer derrubar a presidente Dilma \u00e9 a m\u00eddia, que ele chama de PIG (Partido da Imprensa Golpista). \u201cEssa gente \u00e9 muito perigosa. Eu diria que s\u00e3o os maiores inimigos do Brasil\u201d.<\/p>\n<p>Al\u00e9m de Bandeira de Mello, o habeas corpus tem as assinaturas dos juristas Fabio Konder Comparato, Pedro Serrano, Rafael\u00a0Valim, Juarez Cirino dos Santos e Weida Zancaner e dos advogados Cristiano Zanin\u00a0Martins, Valeska Teixeira Zanin Martins e Roberto Teixeira, defensores de\u00a0Lula.<\/p>\n<div id=\"attachment_297405\" class=\"wp-caption alignnone\"><img loading=\"lazy\" decoding=\"async\" aria-describedby=\"caption-attachment-297405\" class=\"size-large wp-image-297405\" src=\"http:\/\/www.pressenza.com\/wp-content\/uploads\/2016\/04\/Bandeira-de-Mello-720x540.jpg\" alt=\"Celso Ant\u00f4nio Bandeira de Mello. Foto Calle2\" width=\"720\" height=\"540\" srcset=\"https:\/\/www.pressenza.com\/wp-content\/uploads\/2016\/04\/Bandeira-de-Mello-720x540.jpg 720w, https:\/\/www.pressenza.com\/wp-content\/uploads\/2016\/04\/Bandeira-de-Mello-300x225.jpg 300w, https:\/\/www.pressenza.com\/wp-content\/uploads\/2016\/04\/Bandeira-de-Mello-768x576.jpg 768w, https:\/\/www.pressenza.com\/wp-content\/uploads\/2016\/04\/Bandeira-de-Mello.jpg 800w\" sizes=\"auto, (max-width: 720px) 100vw, 720px\" \/><p id=\"caption-attachment-297405\" class=\"wp-caption-text\">Celso Ant\u00f4nio Bandeira de Mello. Foto Calle2<\/p><\/div>\n<p><strong>Na sua avalia\u00e7\u00e3o, os grampos realizados na \u00faltima quarta-feira s\u00e3o ilegais? E sua divulga\u00e7\u00e3o?<\/strong><\/p>\n<p>Claro, s\u00e3o manifestamente ilegais. Grampo \u00e9 algo que juridicamente n\u00e3o \u00e9 tolerado \u2212 s\u00f3 existe para circunst\u00e2ncias muito espec\u00edficas e com autoriza\u00e7\u00e3o judicial. No caso, esses grampos foram uma viol\u00eancia contra autoridades p\u00fablicas, contra a presidente da Rep\u00fablica e mesmo contra o ex-presidente. Ex-presidentes merecem sempre todo o respeito, n\u00e3o interessa quem seja. Para falar tudo em portugu\u00eas bem claro: quem quer derrubar a Dilma \u00e9 a m\u00eddia. \u00c9 a grande imprensa.<\/p>\n<p><strong>Mas n\u00e3o seria esse um desejo da oligarquia ferida pela Lava Jato?<\/strong><\/p>\n<p>Tamb\u00e9m, mas ela n\u00e3o consegue nada sem a imprensa, sem o chamado PIG (Partido da Imprensa Golpista). Essa gente \u00e9 muito perigosa. Diria que s\u00e3o os maiores inimigos do Brasil. N\u00e3o \u00e9 a primeira vez que digo isso e repito: o maior inimigo do Brasil \u00e9 a grande imprensa. N\u00e3o estou exagerando. H\u00e1 certas coisas que todo mundo sabe, mas que voc\u00ea n\u00e3o pode falar, e se falar voc\u00ea corre s\u00e9rios riscos. O Lula, na semana passada, foi intemperante, falou uma s\u00e9rie de coisas e est\u00e1 sofrendo as consequ\u00eancias disso. Ele n\u00e3o esperava ser grampeado, mas disse coisas que n\u00e3o se diz. Ele criticou o Supremo, mas n\u00e3o podemos criticar o Supremo. \u00c9 evidente que no Supremo existem grandes nomes e pessoas muito admir\u00e1veis, como os ministros Teori Zavascki, Marco Aur\u00e9lio Mello e Ricardo Lewandowski, que s\u00e3o homens \u00edntegros.<\/p>\n<p><strong>O juiz S\u00e9rgio Moro pode ser responsabilizado e processado por conta desses grampos?<\/strong><\/p>\n<p>Ele virou um justiceiro. O normal seria que dois homens sofressem consequ\u00eancias pelos desmandos no exerc\u00edcio da jurisdi\u00e7\u00e3o. Um deles \u00e9 o juiz S\u00e9rgio Moro.<\/p>\n<p><em>Moro n\u00e3o \u00e9 juiz. Um homem partid\u00e1rio nunca \u00e9 juiz. Todo juiz \u00e9 um homem equilibrado, um homem equ\u00e2nime, e ele evidentemente n\u00e3o \u00e9.<\/em><\/p>\n<p>\u200eO outro indiv\u00edduo que tamb\u00e9m estaria merecendo muitas censuras \u00e9 aquele ministro do STF que \u00e9 do Mato Grosso, o Gilmar Mendes. A respeito dele, um ex-presidente do Supremo disse: \u201cEu n\u00e3o tenho medo da sua gangue de Mato Grosso\u201d. Um homem que n\u00e3o tem a serenidade que a magistratura requer. Ele n\u00e3o prima pela equanimidade.<\/p>\n<p><strong>Um jurista escreveu\u00a0que Moro pode tamb\u00e9m ser enquadrado por crime por incitar a popula\u00e7\u00e3o \u00e0 subvers\u00e3o da ordem pol\u00edtica e social. O senhor concorda?<\/strong><\/p>\n<p>A\u00ed \u00e9 mais dif\u00edcil, mas ele \u00e9 um homem merecedor de censura, n\u00e3o tenho a menor d\u00favida. Ele n\u00e3o respeita os limites da magistratura. Ele \u00e9 muito parecido com os justiceiros que vemos na televis\u00e3o. \u00c9 isso que ele pretende ser.<\/p>\n<p><strong>Essas pris\u00f5es preventivas s\u00e3o, na sua avalia\u00e7\u00e3o, uma afronta ao Estado de Direito?<\/strong><\/p>\n<p>Sim, n\u00e3o tenho a menor d\u00favida, porque a tal dela\u00e7\u00e3o premiada \u00e9 uma coisa que tem muito pouco a ver com a cultura brasileira. Eu sempre digo que, desde crian\u00e7a, escutamos \u201cmeu filho, n\u00e3o fa\u00e7a besteira, mas se fizer, n\u00e3o v\u00e1 delatar ningu\u00e9m, porque voc\u00ea n\u00e3o pode ser dedo-duro\u201d. O dedo-durismo \u00e9 uma tradi\u00e7\u00e3o norte-americana. Os Estados Unidos inventaram a tal dela\u00e7\u00e3o premiada mas, no Brasil, \u00e9 muito dif\u00edcil voc\u00ea imaginar que algu\u00e9m n\u00e3o vai delatar estando sob amea\u00e7a de uma pris\u00e3o sem limites, sem prazo. Enquanto n\u00e3o delatar, fica preso. Claro que o sujeito acaba delatando. \u00c9 uma tristeza, mas infelizmente o Brasil se tornou um pa\u00eds onde esse tipo de tortura se tornou comum, por obra de um juiz \u2212 o que \u00e9 pior. Eu acho que o nome de juiz n\u00e3o cai bem para esse homem. Ele exerce essa fun\u00e7\u00e3o, mas ele n\u00e3o tem a alma de juiz.<\/p>\n<p><strong><em><a href=\"http:\/\/calle2.com\/o-maior-inimigo-do-brasil-e-a-grande-imprensa\/\" target=\"_blank\">Leia entrevista\u00a0completa na Calle2<\/a><\/em><\/strong><\/p>\n","protected":false},"excerpt":{"rendered":"<p>Para o jurista Bandeira de Mello, o pa\u00eds vive uma fase onde o Estado de Direito submergiu com a ajuda da m\u00eddia. por Ana Magalh\u00e3es, S\u00e9rgio Kraselis. O jurista Celso Ant\u00f4nio Bandeira de Mello, 79 anos, est\u00e1 horrorizado com a&hellip;<\/p>\n","protected":false},"author":1287,"featured_media":297398,"comment_status":"closed","ping_status":"closed","sticky":false,"template":"","format":"standard","meta":{"footnotes":""},"categories":[104,159,165,111],"tags":[25512,2744,1331,25511,6713,25510,7877,2975,9492,25045,5625,9106],"class_list":["post-297396","post","type-post","status-publish","format-standard","has-post-thumbnail","hentry","category-america-do-sul","category-entrevista-pt-pt","category-opiniao","category-politica-pt-pt","tag-bandeira-de-mello","tag-brasil","tag-dilma-rousseff","tag-estado-de-direito","tag-golpe","tag-grande-imprensa","tag-justica","tag-lula-da-silva","tag-midia","tag-moro","tag-stf","tag-supremo-tribunal-federal"],"yoast_head":"<!-- This site is optimized with the Yoast SEO plugin v27.1.1 - https:\/\/yoast.com\/product\/yoast-seo-wordpress\/ -->\n<title>&quot;O maior enimigo do Brasil \u00e9 a grande imprensa&quot;<\/title>\n<meta name=\"description\" content=\"Para o jurista Bandeira de Mello, o pa\u00eds vive uma fase onde o Estado de Direito submergiu com a ajuda da m\u00eddia. por Ana Magalh\u00e3es, S\u00e9rgio Kraselis. O\" \/>\n<meta name=\"robots\" content=\"index, follow, max-snippet:-1, max-image-preview:large, max-video-preview:-1\" \/>\n<link rel=\"canonical\" href=\"https:\/\/www.pressenza.com\/pt-pt\/2016\/04\/maior-enimigo-do-brasil-e-grande-imprensa\/\" \/>\n<meta property=\"og:locale\" content=\"pt_PT\" \/>\n<meta property=\"og:type\" content=\"article\" \/>\n<meta property=\"og:title\" content=\"&quot;O maior enimigo do Brasil \u00e9 a grande imprensa&quot;\" \/>\n<meta property=\"og:description\" content=\"Para o jurista Bandeira de Mello, o pa\u00eds vive uma fase onde o Estado de Direito submergiu com a ajuda da m\u00eddia. por Ana Magalh\u00e3es, S\u00e9rgio Kraselis. O\" \/>\n<meta property=\"og:url\" content=\"https:\/\/www.pressenza.com\/pt-pt\/2016\/04\/maior-enimigo-do-brasil-e-grande-imprensa\/\" \/>\n<meta property=\"og:site_name\" content=\"Pressenza\" \/>\n<meta property=\"article:publisher\" content=\"https:\/\/www.facebook.com\/PressenzaItalia\" \/>\n<meta property=\"article:author\" content=\"https:\/\/www.facebook.com\/revistacalle2\/\" \/>\n<meta property=\"article:published_time\" content=\"2016-04-03T13:15:48+00:00\" \/>\n<meta property=\"article:modified_time\" content=\"2016-04-19T17:55:47+00:00\" \/>\n<meta property=\"og:image\" content=\"https:\/\/www.pressenza.com\/wp-content\/uploads\/2016\/04\/grande-imprensa-1000x480.jpg\" \/>\n\t<meta property=\"og:image:width\" content=\"800\" \/>\n\t<meta property=\"og:image:height\" content=\"300\" \/>\n\t<meta property=\"og:image:type\" content=\"image\/jpeg\" \/>\n<meta name=\"author\" content=\"Calle2\" \/>\n<meta name=\"twitter:card\" content=\"summary_large_image\" \/>\n<meta name=\"twitter:creator\" content=\"@revistacalle2\" \/>\n<meta name=\"twitter:site\" content=\"@PressenzaIPA\" \/>\n<meta name=\"twitter:label1\" content=\"Escrito por\" \/>\n\t<meta name=\"twitter:data1\" content=\"Calle2\" \/>\n\t<meta name=\"twitter:label2\" content=\"Tempo estimado de leitura\" \/>\n\t<meta name=\"twitter:data2\" content=\"5 minutos\" \/>\n<script type=\"application\/ld+json\" class=\"yoast-schema-graph\">{\"@context\":\"https:\/\/schema.org\",\"@graph\":[{\"@type\":\"Article\",\"@id\":\"https:\/\/www.pressenza.com\/pt-pt\/2016\/04\/maior-enimigo-do-brasil-e-grande-imprensa\/#article\",\"isPartOf\":{\"@id\":\"https:\/\/www.pressenza.com\/pt-pt\/2016\/04\/maior-enimigo-do-brasil-e-grande-imprensa\/\"},\"author\":{\"name\":\"Calle2\",\"@id\":\"https:\/\/www.pressenza.com\/pt-pt\/#\/schema\/person\/71837cc1cdde1818948a8e62658850a5\"},\"headline\":\"&#8220;O maior enimigo do Brasil \u00e9 a grande imprensa&#8221;\",\"datePublished\":\"2016-04-03T13:15:48+00:00\",\"dateModified\":\"2016-04-19T17:55:47+00:00\",\"mainEntityOfPage\":{\"@id\":\"https:\/\/www.pressenza.com\/pt-pt\/2016\/04\/maior-enimigo-do-brasil-e-grande-imprensa\/\"},\"wordCount\":1065,\"publisher\":{\"@id\":\"https:\/\/www.pressenza.com\/pt-pt\/#organization\"},\"image\":{\"@id\":\"https:\/\/www.pressenza.com\/pt-pt\/2016\/04\/maior-enimigo-do-brasil-e-grande-imprensa\/#primaryimage\"},\"thumbnailUrl\":\"https:\/\/www.pressenza.com\/wp-content\/uploads\/2016\/04\/grande-imprensa-1000x480.jpg\",\"keywords\":[\"Bandeira de Mello\",\"Brasil\",\"Dilma Rousseff\",\"estado de direito\",\"golpe\",\"grande imprensa\",\"justi\u00e7a\",\"Lula Da Silva\",\"midia\",\"MORO\",\"STF\",\"Supremo Tribunal Federal\"],\"articleSection\":[\"\u00c1m\u00e9rica do Sul\",\"Entrevista\",\"Opini\u00e3o\",\"Pol\u00edtica\"],\"inLanguage\":\"pt-PT\"},{\"@type\":\"WebPage\",\"@id\":\"https:\/\/www.pressenza.com\/pt-pt\/2016\/04\/maior-enimigo-do-brasil-e-grande-imprensa\/\",\"url\":\"https:\/\/www.pressenza.com\/pt-pt\/2016\/04\/maior-enimigo-do-brasil-e-grande-imprensa\/\",\"name\":\"\\\"O maior enimigo do Brasil \u00e9 a grande imprensa\\\"\",\"isPartOf\":{\"@id\":\"https:\/\/www.pressenza.com\/pt-pt\/#website\"},\"primaryImageOfPage\":{\"@id\":\"https:\/\/www.pressenza.com\/pt-pt\/2016\/04\/maior-enimigo-do-brasil-e-grande-imprensa\/#primaryimage\"},\"image\":{\"@id\":\"https:\/\/www.pressenza.com\/pt-pt\/2016\/04\/maior-enimigo-do-brasil-e-grande-imprensa\/#primaryimage\"},\"thumbnailUrl\":\"https:\/\/www.pressenza.com\/wp-content\/uploads\/2016\/04\/grande-imprensa-1000x480.jpg\",\"datePublished\":\"2016-04-03T13:15:48+00:00\",\"dateModified\":\"2016-04-19T17:55:47+00:00\",\"description\":\"Para o jurista Bandeira de Mello, o pa\u00eds vive uma fase onde o Estado de Direito submergiu com a ajuda da m\u00eddia. por Ana Magalh\u00e3es, S\u00e9rgio Kraselis. O\",\"breadcrumb\":{\"@id\":\"https:\/\/www.pressenza.com\/pt-pt\/2016\/04\/maior-enimigo-do-brasil-e-grande-imprensa\/#breadcrumb\"},\"inLanguage\":\"pt-PT\",\"potentialAction\":[{\"@type\":\"ReadAction\",\"target\":[\"https:\/\/www.pressenza.com\/pt-pt\/2016\/04\/maior-enimigo-do-brasil-e-grande-imprensa\/\"]}]},{\"@type\":\"ImageObject\",\"inLanguage\":\"pt-PT\",\"@id\":\"https:\/\/www.pressenza.com\/pt-pt\/2016\/04\/maior-enimigo-do-brasil-e-grande-imprensa\/#primaryimage\",\"url\":\"https:\/\/www.pressenza.com\/wp-content\/uploads\/2016\/04\/grande-imprensa-1000x480.jpg\",\"contentUrl\":\"https:\/\/www.pressenza.com\/wp-content\/uploads\/2016\/04\/grande-imprensa-1000x480.jpg\",\"width\":800,\"height\":300},{\"@type\":\"BreadcrumbList\",\"@id\":\"https:\/\/www.pressenza.com\/pt-pt\/2016\/04\/maior-enimigo-do-brasil-e-grande-imprensa\/#breadcrumb\",\"itemListElement\":[{\"@type\":\"ListItem\",\"position\":1,\"name\":\"Accueil\",\"item\":\"https:\/\/www.pressenza.com\/pt-pt\/\"},{\"@type\":\"ListItem\",\"position\":2,\"name\":\"&#8220;O maior enimigo do Brasil \u00e9 a grande imprensa&#8221;\"}]},{\"@type\":\"WebSite\",\"@id\":\"https:\/\/www.pressenza.com\/pt-pt\/#website\",\"url\":\"https:\/\/www.pressenza.com\/pt-pt\/\",\"name\":\"Pressenza\",\"description\":\"International Press Agency\",\"publisher\":{\"@id\":\"https:\/\/www.pressenza.com\/pt-pt\/#organization\"},\"potentialAction\":[{\"@type\":\"SearchAction\",\"target\":{\"@type\":\"EntryPoint\",\"urlTemplate\":\"https:\/\/www.pressenza.com\/pt-pt\/?s={search_term_string}\"},\"query-input\":{\"@type\":\"PropertyValueSpecification\",\"valueRequired\":true,\"valueName\":\"search_term_string\"}}],\"inLanguage\":\"pt-PT\"},{\"@type\":\"Organization\",\"@id\":\"https:\/\/www.pressenza.com\/pt-pt\/#organization\",\"name\":\"Pressenza\",\"url\":\"https:\/\/www.pressenza.com\/pt-pt\/\",\"logo\":{\"@type\":\"ImageObject\",\"inLanguage\":\"pt-PT\",\"@id\":\"https:\/\/www.pressenza.com\/pt-pt\/#\/schema\/logo\/image\/\",\"url\":\"https:\/\/www.pressenza.com\/wp-content\/uploads\/2022\/10\/pressenza_logo_200x200.jpg\",\"contentUrl\":\"https:\/\/www.pressenza.com\/wp-content\/uploads\/2022\/10\/pressenza_logo_200x200.jpg\",\"width\":200,\"height\":200,\"caption\":\"Pressenza\"},\"image\":{\"@id\":\"https:\/\/www.pressenza.com\/pt-pt\/#\/schema\/logo\/image\/\"},\"sameAs\":[\"https:\/\/www.facebook.com\/PressenzaItalia\",\"https:\/\/x.com\/PressenzaIPA\"]},{\"@type\":\"Person\",\"@id\":\"https:\/\/www.pressenza.com\/pt-pt\/#\/schema\/person\/71837cc1cdde1818948a8e62658850a5\",\"name\":\"Calle2\",\"sameAs\":[\"https:\/\/www.facebook.com\/revistacalle2\/\",\"https:\/\/x.com\/revistacalle2\"],\"url\":\"https:\/\/www.pressenza.com\/pt-pt\/author\/calle2\/\"}]}<\/script>\n<!-- \/ Yoast SEO plugin. -->","yoast_head_json":{"title":"\"O maior enimigo do Brasil \u00e9 a grande imprensa\"","description":"Para o jurista Bandeira de Mello, o pa\u00eds vive uma fase onde o Estado de Direito submergiu com a ajuda da m\u00eddia. por Ana Magalh\u00e3es, S\u00e9rgio Kraselis. O","robots":{"index":"index","follow":"follow","max-snippet":"max-snippet:-1","max-image-preview":"max-image-preview:large","max-video-preview":"max-video-preview:-1"},"canonical":"https:\/\/www.pressenza.com\/pt-pt\/2016\/04\/maior-enimigo-do-brasil-e-grande-imprensa\/","og_locale":"pt_PT","og_type":"article","og_title":"\"O maior enimigo do Brasil \u00e9 a grande imprensa\"","og_description":"Para o jurista Bandeira de Mello, o pa\u00eds vive uma fase onde o Estado de Direito submergiu com a ajuda da m\u00eddia. por Ana Magalh\u00e3es, S\u00e9rgio Kraselis. O","og_url":"https:\/\/www.pressenza.com\/pt-pt\/2016\/04\/maior-enimigo-do-brasil-e-grande-imprensa\/","og_site_name":"Pressenza","article_publisher":"https:\/\/www.facebook.com\/PressenzaItalia","article_author":"https:\/\/www.facebook.com\/revistacalle2\/","article_published_time":"2016-04-03T13:15:48+00:00","article_modified_time":"2016-04-19T17:55:47+00:00","og_image":[{"width":800,"height":300,"url":"https:\/\/www.pressenza.com\/wp-content\/uploads\/2016\/04\/grande-imprensa-1000x480.jpg","type":"image\/jpeg"}],"author":"Calle2","twitter_card":"summary_large_image","twitter_creator":"@revistacalle2","twitter_site":"@PressenzaIPA","twitter_misc":{"Escrito por":"Calle2","Tempo estimado de leitura":"5 minutos"},"schema":{"@context":"https:\/\/schema.org","@graph":[{"@type":"Article","@id":"https:\/\/www.pressenza.com\/pt-pt\/2016\/04\/maior-enimigo-do-brasil-e-grande-imprensa\/#article","isPartOf":{"@id":"https:\/\/www.pressenza.com\/pt-pt\/2016\/04\/maior-enimigo-do-brasil-e-grande-imprensa\/"},"author":{"name":"Calle2","@id":"https:\/\/www.pressenza.com\/pt-pt\/#\/schema\/person\/71837cc1cdde1818948a8e62658850a5"},"headline":"&#8220;O maior enimigo do Brasil \u00e9 a grande imprensa&#8221;","datePublished":"2016-04-03T13:15:48+00:00","dateModified":"2016-04-19T17:55:47+00:00","mainEntityOfPage":{"@id":"https:\/\/www.pressenza.com\/pt-pt\/2016\/04\/maior-enimigo-do-brasil-e-grande-imprensa\/"},"wordCount":1065,"publisher":{"@id":"https:\/\/www.pressenza.com\/pt-pt\/#organization"},"image":{"@id":"https:\/\/www.pressenza.com\/pt-pt\/2016\/04\/maior-enimigo-do-brasil-e-grande-imprensa\/#primaryimage"},"thumbnailUrl":"https:\/\/www.pressenza.com\/wp-content\/uploads\/2016\/04\/grande-imprensa-1000x480.jpg","keywords":["Bandeira de Mello","Brasil","Dilma Rousseff","estado de direito","golpe","grande imprensa","justi\u00e7a","Lula Da Silva","midia","MORO","STF","Supremo Tribunal Federal"],"articleSection":["\u00c1m\u00e9rica do Sul","Entrevista","Opini\u00e3o","Pol\u00edtica"],"inLanguage":"pt-PT"},{"@type":"WebPage","@id":"https:\/\/www.pressenza.com\/pt-pt\/2016\/04\/maior-enimigo-do-brasil-e-grande-imprensa\/","url":"https:\/\/www.pressenza.com\/pt-pt\/2016\/04\/maior-enimigo-do-brasil-e-grande-imprensa\/","name":"\"O maior enimigo do Brasil \u00e9 a grande imprensa\"","isPartOf":{"@id":"https:\/\/www.pressenza.com\/pt-pt\/#website"},"primaryImageOfPage":{"@id":"https:\/\/www.pressenza.com\/pt-pt\/2016\/04\/maior-enimigo-do-brasil-e-grande-imprensa\/#primaryimage"},"image":{"@id":"https:\/\/www.pressenza.com\/pt-pt\/2016\/04\/maior-enimigo-do-brasil-e-grande-imprensa\/#primaryimage"},"thumbnailUrl":"https:\/\/www.pressenza.com\/wp-content\/uploads\/2016\/04\/grande-imprensa-1000x480.jpg","datePublished":"2016-04-03T13:15:48+00:00","dateModified":"2016-04-19T17:55:47+00:00","description":"Para o jurista Bandeira de Mello, o pa\u00eds vive uma fase onde o Estado de Direito submergiu com a ajuda da m\u00eddia. por Ana Magalh\u00e3es, S\u00e9rgio Kraselis. O","breadcrumb":{"@id":"https:\/\/www.pressenza.com\/pt-pt\/2016\/04\/maior-enimigo-do-brasil-e-grande-imprensa\/#breadcrumb"},"inLanguage":"pt-PT","potentialAction":[{"@type":"ReadAction","target":["https:\/\/www.pressenza.com\/pt-pt\/2016\/04\/maior-enimigo-do-brasil-e-grande-imprensa\/"]}]},{"@type":"ImageObject","inLanguage":"pt-PT","@id":"https:\/\/www.pressenza.com\/pt-pt\/2016\/04\/maior-enimigo-do-brasil-e-grande-imprensa\/#primaryimage","url":"https:\/\/www.pressenza.com\/wp-content\/uploads\/2016\/04\/grande-imprensa-1000x480.jpg","contentUrl":"https:\/\/www.pressenza.com\/wp-content\/uploads\/2016\/04\/grande-imprensa-1000x480.jpg","width":800,"height":300},{"@type":"BreadcrumbList","@id":"https:\/\/www.pressenza.com\/pt-pt\/2016\/04\/maior-enimigo-do-brasil-e-grande-imprensa\/#breadcrumb","itemListElement":[{"@type":"ListItem","position":1,"name":"Accueil","item":"https:\/\/www.pressenza.com\/pt-pt\/"},{"@type":"ListItem","position":2,"name":"&#8220;O maior enimigo do Brasil \u00e9 a grande imprensa&#8221;"}]},{"@type":"WebSite","@id":"https:\/\/www.pressenza.com\/pt-pt\/#website","url":"https:\/\/www.pressenza.com\/pt-pt\/","name":"Pressenza","description":"International Press Agency","publisher":{"@id":"https:\/\/www.pressenza.com\/pt-pt\/#organization"},"potentialAction":[{"@type":"SearchAction","target":{"@type":"EntryPoint","urlTemplate":"https:\/\/www.pressenza.com\/pt-pt\/?s={search_term_string}"},"query-input":{"@type":"PropertyValueSpecification","valueRequired":true,"valueName":"search_term_string"}}],"inLanguage":"pt-PT"},{"@type":"Organization","@id":"https:\/\/www.pressenza.com\/pt-pt\/#organization","name":"Pressenza","url":"https:\/\/www.pressenza.com\/pt-pt\/","logo":{"@type":"ImageObject","inLanguage":"pt-PT","@id":"https:\/\/www.pressenza.com\/pt-pt\/#\/schema\/logo\/image\/","url":"https:\/\/www.pressenza.com\/wp-content\/uploads\/2022\/10\/pressenza_logo_200x200.jpg","contentUrl":"https:\/\/www.pressenza.com\/wp-content\/uploads\/2022\/10\/pressenza_logo_200x200.jpg","width":200,"height":200,"caption":"Pressenza"},"image":{"@id":"https:\/\/www.pressenza.com\/pt-pt\/#\/schema\/logo\/image\/"},"sameAs":["https:\/\/www.facebook.com\/PressenzaItalia","https:\/\/x.com\/PressenzaIPA"]},{"@type":"Person","@id":"https:\/\/www.pressenza.com\/pt-pt\/#\/schema\/person\/71837cc1cdde1818948a8e62658850a5","name":"Calle2","sameAs":["https:\/\/www.facebook.com\/revistacalle2\/","https:\/\/x.com\/revistacalle2"],"url":"https:\/\/www.pressenza.com\/pt-pt\/author\/calle2\/"}]}},"place":"S\u00e3o Paulo, Brasil","original_article_url":"http:\/\/calle2.com\/o-maior-inimigo-do-brasil-e-a-grande-imprensa\/","_links":{"self":[{"href":"https:\/\/www.pressenza.com\/pt-pt\/wp-json\/wp\/v2\/posts\/297396","targetHints":{"allow":["GET"]}}],"collection":[{"href":"https:\/\/www.pressenza.com\/pt-pt\/wp-json\/wp\/v2\/posts"}],"about":[{"href":"https:\/\/www.pressenza.com\/pt-pt\/wp-json\/wp\/v2\/types\/post"}],"author":[{"embeddable":true,"href":"https:\/\/www.pressenza.com\/pt-pt\/wp-json\/wp\/v2\/users\/1287"}],"replies":[{"embeddable":true,"href":"https:\/\/www.pressenza.com\/pt-pt\/wp-json\/wp\/v2\/comments?post=297396"}],"version-history":[{"count":0,"href":"https:\/\/www.pressenza.com\/pt-pt\/wp-json\/wp\/v2\/posts\/297396\/revisions"}],"wp:featuredmedia":[{"embeddable":true,"href":"https:\/\/www.pressenza.com\/pt-pt\/wp-json\/wp\/v2\/media\/297398"}],"wp:attachment":[{"href":"https:\/\/www.pressenza.com\/pt-pt\/wp-json\/wp\/v2\/media?parent=297396"}],"wp:term":[{"taxonomy":"category","embeddable":true,"href":"https:\/\/www.pressenza.com\/pt-pt\/wp-json\/wp\/v2\/categories?post=297396"},{"taxonomy":"post_tag","embeddable":true,"href":"https:\/\/www.pressenza.com\/pt-pt\/wp-json\/wp\/v2\/tags?post=297396"}],"curies":[{"name":"wp","href":"https:\/\/api.w.org\/{rel}","templated":true}]}}