{"id":297292,"date":"2016-04-02T10:52:00","date_gmt":"2016-04-02T09:52:00","guid":{"rendered":"http:\/\/www.pressenza.com\/pt-pt\/?p=297292"},"modified":"2016-04-02T20:07:37","modified_gmt":"2016-04-02T19:07:37","slug":"dialogos-com-governo-colombiano-comecarao-em-dois-meses-eln","status":"publish","type":"post","link":"https:\/\/www.pressenza.com\/pt-pt\/2016\/04\/dialogos-com-governo-colombiano-comecarao-em-dois-meses-eln\/","title":{"rendered":"Di\u00e1logos com Governo colombiano come\u00e7ar\u00e3o em dois meses: ELN"},"content":{"rendered":"<p>Bogot\u00e1, 1 abr (Prensa Latina) O chefe da delega\u00e7\u00e3o do ELN nos di\u00e1logos com o Governo colombiano, Antonio Garc\u00eda, assegurou que dentro de dois meses come\u00e7ar\u00e3o no Equador as discuss\u00f5es sobre o primeiro ponto da agenda pactuada, resenhou hoje o di\u00e1rio El Tiempo.<\/p>\n<p>Vamos conversar amanh\u00e3 e passado com o Executivo sobre alguns temas operacionais, nesses encontros pensamos definir com precis\u00e3o a data exata da reuni\u00e3o em Quito, primeiro anfitri\u00e3o de tais di\u00e1logos (para terminar o conflito mediante uma sa\u00edda acordada), acrescentou o porta-voz do Ex\u00e9rcito de Liberta\u00e7\u00e3o Nacional (ELN).<\/p>\n<p>Ao se referir \u00e0 decis\u00e3o de realizar tamb\u00e9m em outros pa\u00edses da regi\u00e3o (Chile, Cuba, Brasil e Venezuela), Garc\u00eda comentou que ainda que pare\u00e7a mais complexo, ser\u00e1 mais pr\u00e1tico politicamente, pois o respaldo internacional ser\u00e1 maior.<\/p>\n<p>N\u00e3o h\u00e1 uma s\u00f3 voz no movimento que n\u00e3o esteja de acordo com o que estamos fazendo, enfatizou o chefe guerrilheiro depois de ratificar o compromisso do ELN com a busca da paz.<\/p>\n<p>Na \u00faltima quarta-feira, de Caracas, representantes governamentais e desse grupo rebelde, segundo em import\u00e2ncia na na\u00e7\u00e3o, anunciaram um acordo para iniciar di\u00e1logos p\u00fablicos ap\u00f3s uma fase explorat\u00f3ria e confidencial.<\/p>\n<p>Adicionalmente, divulgaram a agenda das futuras reuni\u00f5es, que estar\u00e3o centradas na participa\u00e7\u00e3o da popula\u00e7\u00e3o na constru\u00e7\u00e3o de um cen\u00e1rio de distens\u00e3o e em transforma\u00e7\u00f5es democr\u00e1ticas e socioecon\u00f4micas.<\/p>\n<p>Tamb\u00e9m incluem como tema central a satisfa\u00e7\u00e3o dos direitos das v\u00edtimas deixadas pelo longo conflito, prolongado durante mais de meio s\u00e9culo, e aspectos pr\u00f3prios do fim da guerra: cessar-fogo bilateral, desmobiliza\u00e7\u00e3o e garantias de seguran\u00e7a para os integrantes do referido grupo na etapa p\u00f3s b\u00e9lica, entre outros.<\/p>\n<p>H\u00e1 tr\u00eas meses fizemos um pleno em nossas fileiras e todo mundo esteve de acordo com esta agenda que estamos discutindo, manifestou Garc\u00eda em declara\u00e7\u00f5es ao jornal de circula\u00e7\u00e3o nacional.<\/p>\n<p>O Governo esclareceu que assim como o processo desenvolvido em Cuba com as tamb\u00e9m insurgentes FARC-EP, os debates com o ELN come\u00e7ar\u00e3o em meio a confrontos militares.<\/p>\n<p>No entanto, os dirigentes dessa \u00faltima organiza\u00e7\u00e3o s\u00e3o partid\u00e1rios de alcan\u00e7ar um cessar de hostilidades de ambos lados a fim de propiciar o clima adequado para os di\u00e1logos.<\/p>\n<p>De acordo com cifras oficiais, o conflito ocasionou a morte de 300 mil pessoas, mais de seis milh\u00f5es permanecem deslocadas de seus lugares de origem e 45 mil est\u00e3o desaparecidas.<\/p>\n<p>As reuni\u00f5es com as For\u00e7as Armadas Revolucion\u00e1rias da Col\u00f4mbia-Ex\u00e9rcito do Povo (FARC-EP) j\u00e1 duram tr\u00eas anos e avan\u00e7am para o que pode ser sua etapa final, n\u00e3o isentas de controversas an\u00e1lises.<\/p>\n","protected":false},"excerpt":{"rendered":"<p>Bogot\u00e1, 1 abr (Prensa Latina) O chefe da delega\u00e7\u00e3o do ELN nos di\u00e1logos com o Governo colombiano, Antonio Garc\u00eda, assegurou que dentro de dois meses come\u00e7ar\u00e3o no Equador as discuss\u00f5es sobre o primeiro ponto da agenda pactuada, resenhou hoje o&hellip;<\/p>\n","protected":false},"author":90,"featured_media":297293,"comment_status":"closed","ping_status":"closed","sticky":false,"template":"","format":"standard","meta":{"footnotes":""},"categories":[104,42,1256,1257,111],"tags":[25502,10985,7219,25503,25504,21447],"class_list":["post-297292","post","type-post","status-publish","format-standard","has-post-thumbnail","hentry","category-america-do-sul","category-internacional-2","category-nao-violencia","category-paz-desarmamento","category-politica-pt-pt","tag-antonio-garcia","tag-eln","tag-equador","tag-exercito-do-povo-ep","tag-forcas-armadas-revolucionarias-da-colombia-farc","tag-governo-colombiano"],"yoast_head":"<!-- This site is optimized with the Yoast SEO plugin v27.1.1 - https:\/\/yoast.com\/product\/yoast-seo-wordpress\/ -->\n<title>Di\u00e1logos com Governo colombiano come\u00e7ar\u00e3o em dois meses: ELN<\/title>\n<meta name=\"description\" content=\"Bogot\u00e1, 1 abr (Prensa Latina) O chefe da delega\u00e7\u00e3o do ELN nos di\u00e1logos com o Governo colombiano, Antonio Garc\u00eda, assegurou que dentro de dois meses\" \/>\n<meta name=\"robots\" content=\"index, follow, max-snippet:-1, max-image-preview:large, max-video-preview:-1\" \/>\n<link rel=\"canonical\" href=\"https:\/\/www.pressenza.com\/pt-pt\/2016\/04\/dialogos-com-governo-colombiano-comecarao-em-dois-meses-eln\/\" \/>\n<meta property=\"og:locale\" content=\"pt_PT\" \/>\n<meta property=\"og:type\" content=\"article\" \/>\n<meta property=\"og:title\" content=\"Di\u00e1logos com Governo colombiano come\u00e7ar\u00e3o em dois meses: ELN\" \/>\n<meta property=\"og:description\" content=\"Bogot\u00e1, 1 abr (Prensa Latina) O chefe da delega\u00e7\u00e3o do ELN nos di\u00e1logos com o Governo colombiano, Antonio Garc\u00eda, assegurou que dentro de dois meses\" \/>\n<meta property=\"og:url\" content=\"https:\/\/www.pressenza.com\/pt-pt\/2016\/04\/dialogos-com-governo-colombiano-comecarao-em-dois-meses-eln\/\" \/>\n<meta property=\"og:site_name\" content=\"Pressenza\" \/>\n<meta property=\"article:publisher\" content=\"https:\/\/www.facebook.com\/PressenzaItalia\" \/>\n<meta property=\"article:author\" content=\"https:\/\/www.facebook.com\/AgenciaPrensaLatina\" \/>\n<meta property=\"article:published_time\" content=\"2016-04-02T09:52:00+00:00\" \/>\n<meta property=\"article:modified_time\" content=\"2016-04-02T19:07:37+00:00\" \/>\n<meta property=\"og:image\" content=\"https:\/\/www.pressenza.com\/wp-content\/uploads\/2016\/04\/antoniogarcia.jpg\" \/>\n\t<meta property=\"og:image:width\" content=\"800\" \/>\n\t<meta property=\"og:image:height\" content=\"501\" \/>\n\t<meta property=\"og:image:type\" content=\"image\/jpeg\" \/>\n<meta name=\"author\" content=\"Prensa Latina\" \/>\n<meta name=\"twitter:card\" content=\"summary_large_image\" \/>\n<meta name=\"twitter:creator\" content=\"@prensalatina_cu\" \/>\n<meta name=\"twitter:site\" content=\"@PressenzaIPA\" \/>\n<meta name=\"twitter:label1\" content=\"Escrito por\" \/>\n\t<meta name=\"twitter:data1\" content=\"Prensa Latina\" \/>\n\t<meta name=\"twitter:label2\" content=\"Tempo estimado de leitura\" \/>\n\t<meta name=\"twitter:data2\" content=\"2 minutos\" \/>\n<script type=\"application\/ld+json\" class=\"yoast-schema-graph\">{\"@context\":\"https:\/\/schema.org\",\"@graph\":[{\"@type\":\"Article\",\"@id\":\"https:\/\/www.pressenza.com\/pt-pt\/2016\/04\/dialogos-com-governo-colombiano-comecarao-em-dois-meses-eln\/#article\",\"isPartOf\":{\"@id\":\"https:\/\/www.pressenza.com\/pt-pt\/2016\/04\/dialogos-com-governo-colombiano-comecarao-em-dois-meses-eln\/\"},\"author\":{\"name\":\"Prensa Latina\",\"@id\":\"https:\/\/www.pressenza.com\/pt-pt\/#\/schema\/person\/e35c78ffa242d98f4f49ccb18c8631de\"},\"headline\":\"Di\u00e1logos com Governo colombiano come\u00e7ar\u00e3o em dois meses: ELN\",\"datePublished\":\"2016-04-02T09:52:00+00:00\",\"dateModified\":\"2016-04-02T19:07:37+00:00\",\"mainEntityOfPage\":{\"@id\":\"https:\/\/www.pressenza.com\/pt-pt\/2016\/04\/dialogos-com-governo-colombiano-comecarao-em-dois-meses-eln\/\"},\"wordCount\":487,\"publisher\":{\"@id\":\"https:\/\/www.pressenza.com\/pt-pt\/#organization\"},\"image\":{\"@id\":\"https:\/\/www.pressenza.com\/pt-pt\/2016\/04\/dialogos-com-governo-colombiano-comecarao-em-dois-meses-eln\/#primaryimage\"},\"thumbnailUrl\":\"https:\/\/www.pressenza.com\/wp-content\/uploads\/2016\/04\/antoniogarcia.jpg\",\"keywords\":[\"Antonio Garc\u00eda\",\"ELN\",\"Equador\",\"Ex\u00e9rcito do Povo (EP)\",\"For\u00e7as Armadas Revolucion\u00e1rias da Col\u00f4mbia (FARC)\",\"governo colombiano\"],\"articleSection\":[\"\u00c1m\u00e9rica do Sul\",\"Internacional\",\"N\u00e3o viol\u00eancia\",\"Paz e Desarmamento\",\"Pol\u00edtica\"],\"inLanguage\":\"pt-PT\"},{\"@type\":\"WebPage\",\"@id\":\"https:\/\/www.pressenza.com\/pt-pt\/2016\/04\/dialogos-com-governo-colombiano-comecarao-em-dois-meses-eln\/\",\"url\":\"https:\/\/www.pressenza.com\/pt-pt\/2016\/04\/dialogos-com-governo-colombiano-comecarao-em-dois-meses-eln\/\",\"name\":\"Di\u00e1logos com Governo colombiano come\u00e7ar\u00e3o em dois meses: ELN\",\"isPartOf\":{\"@id\":\"https:\/\/www.pressenza.com\/pt-pt\/#website\"},\"primaryImageOfPage\":{\"@id\":\"https:\/\/www.pressenza.com\/pt-pt\/2016\/04\/dialogos-com-governo-colombiano-comecarao-em-dois-meses-eln\/#primaryimage\"},\"image\":{\"@id\":\"https:\/\/www.pressenza.com\/pt-pt\/2016\/04\/dialogos-com-governo-colombiano-comecarao-em-dois-meses-eln\/#primaryimage\"},\"thumbnailUrl\":\"https:\/\/www.pressenza.com\/wp-content\/uploads\/2016\/04\/antoniogarcia.jpg\",\"datePublished\":\"2016-04-02T09:52:00+00:00\",\"dateModified\":\"2016-04-02T19:07:37+00:00\",\"description\":\"Bogot\u00e1, 1 abr (Prensa Latina) O chefe da delega\u00e7\u00e3o do ELN nos di\u00e1logos com o Governo colombiano, Antonio Garc\u00eda, assegurou que dentro de dois meses\",\"breadcrumb\":{\"@id\":\"https:\/\/www.pressenza.com\/pt-pt\/2016\/04\/dialogos-com-governo-colombiano-comecarao-em-dois-meses-eln\/#breadcrumb\"},\"inLanguage\":\"pt-PT\",\"potentialAction\":[{\"@type\":\"ReadAction\",\"target\":[\"https:\/\/www.pressenza.com\/pt-pt\/2016\/04\/dialogos-com-governo-colombiano-comecarao-em-dois-meses-eln\/\"]}]},{\"@type\":\"ImageObject\",\"inLanguage\":\"pt-PT\",\"@id\":\"https:\/\/www.pressenza.com\/pt-pt\/2016\/04\/dialogos-com-governo-colombiano-comecarao-em-dois-meses-eln\/#primaryimage\",\"url\":\"https:\/\/www.pressenza.com\/wp-content\/uploads\/2016\/04\/antoniogarcia.jpg\",\"contentUrl\":\"https:\/\/www.pressenza.com\/wp-content\/uploads\/2016\/04\/antoniogarcia.jpg\",\"width\":800,\"height\":501},{\"@type\":\"BreadcrumbList\",\"@id\":\"https:\/\/www.pressenza.com\/pt-pt\/2016\/04\/dialogos-com-governo-colombiano-comecarao-em-dois-meses-eln\/#breadcrumb\",\"itemListElement\":[{\"@type\":\"ListItem\",\"position\":1,\"name\":\"Accueil\",\"item\":\"https:\/\/www.pressenza.com\/pt-pt\/\"},{\"@type\":\"ListItem\",\"position\":2,\"name\":\"Di\u00e1logos com Governo colombiano come\u00e7ar\u00e3o em dois meses: ELN\"}]},{\"@type\":\"WebSite\",\"@id\":\"https:\/\/www.pressenza.com\/pt-pt\/#website\",\"url\":\"https:\/\/www.pressenza.com\/pt-pt\/\",\"name\":\"Pressenza\",\"description\":\"International Press Agency\",\"publisher\":{\"@id\":\"https:\/\/www.pressenza.com\/pt-pt\/#organization\"},\"potentialAction\":[{\"@type\":\"SearchAction\",\"target\":{\"@type\":\"EntryPoint\",\"urlTemplate\":\"https:\/\/www.pressenza.com\/pt-pt\/?s={search_term_string}\"},\"query-input\":{\"@type\":\"PropertyValueSpecification\",\"valueRequired\":true,\"valueName\":\"search_term_string\"}}],\"inLanguage\":\"pt-PT\"},{\"@type\":\"Organization\",\"@id\":\"https:\/\/www.pressenza.com\/pt-pt\/#organization\",\"name\":\"Pressenza\",\"url\":\"https:\/\/www.pressenza.com\/pt-pt\/\",\"logo\":{\"@type\":\"ImageObject\",\"inLanguage\":\"pt-PT\",\"@id\":\"https:\/\/www.pressenza.com\/pt-pt\/#\/schema\/logo\/image\/\",\"url\":\"https:\/\/www.pressenza.com\/wp-content\/uploads\/2022\/10\/pressenza_logo_200x200.jpg\",\"contentUrl\":\"https:\/\/www.pressenza.com\/wp-content\/uploads\/2022\/10\/pressenza_logo_200x200.jpg\",\"width\":200,\"height\":200,\"caption\":\"Pressenza\"},\"image\":{\"@id\":\"https:\/\/www.pressenza.com\/pt-pt\/#\/schema\/logo\/image\/\"},\"sameAs\":[\"https:\/\/www.facebook.com\/PressenzaItalia\",\"https:\/\/x.com\/PressenzaIPA\"]},{\"@type\":\"Person\",\"@id\":\"https:\/\/www.pressenza.com\/pt-pt\/#\/schema\/person\/e35c78ffa242d98f4f49ccb18c8631de\",\"name\":\"Prensa Latina\",\"description\":\"www.prensa-latina.cu\",\"sameAs\":[\"https:\/\/www.facebook.com\/AgenciaPrensaLatina\",\"https:\/\/x.com\/prensalatina_cu\"],\"url\":\"https:\/\/www.pressenza.com\/pt-pt\/author\/prensa-latina\/\"}]}<\/script>\n<!-- \/ Yoast SEO plugin. -->","yoast_head_json":{"title":"Di\u00e1logos com Governo colombiano come\u00e7ar\u00e3o em dois meses: ELN","description":"Bogot\u00e1, 1 abr (Prensa Latina) O chefe da delega\u00e7\u00e3o do ELN nos di\u00e1logos com o Governo colombiano, Antonio Garc\u00eda, assegurou que dentro de dois meses","robots":{"index":"index","follow":"follow","max-snippet":"max-snippet:-1","max-image-preview":"max-image-preview:large","max-video-preview":"max-video-preview:-1"},"canonical":"https:\/\/www.pressenza.com\/pt-pt\/2016\/04\/dialogos-com-governo-colombiano-comecarao-em-dois-meses-eln\/","og_locale":"pt_PT","og_type":"article","og_title":"Di\u00e1logos com Governo colombiano come\u00e7ar\u00e3o em dois meses: ELN","og_description":"Bogot\u00e1, 1 abr (Prensa Latina) O chefe da delega\u00e7\u00e3o do ELN nos di\u00e1logos com o Governo colombiano, Antonio Garc\u00eda, assegurou que dentro de dois meses","og_url":"https:\/\/www.pressenza.com\/pt-pt\/2016\/04\/dialogos-com-governo-colombiano-comecarao-em-dois-meses-eln\/","og_site_name":"Pressenza","article_publisher":"https:\/\/www.facebook.com\/PressenzaItalia","article_author":"https:\/\/www.facebook.com\/AgenciaPrensaLatina","article_published_time":"2016-04-02T09:52:00+00:00","article_modified_time":"2016-04-02T19:07:37+00:00","og_image":[{"width":800,"height":501,"url":"https:\/\/www.pressenza.com\/wp-content\/uploads\/2016\/04\/antoniogarcia.jpg","type":"image\/jpeg"}],"author":"Prensa Latina","twitter_card":"summary_large_image","twitter_creator":"@prensalatina_cu","twitter_site":"@PressenzaIPA","twitter_misc":{"Escrito por":"Prensa Latina","Tempo estimado de leitura":"2 minutos"},"schema":{"@context":"https:\/\/schema.org","@graph":[{"@type":"Article","@id":"https:\/\/www.pressenza.com\/pt-pt\/2016\/04\/dialogos-com-governo-colombiano-comecarao-em-dois-meses-eln\/#article","isPartOf":{"@id":"https:\/\/www.pressenza.com\/pt-pt\/2016\/04\/dialogos-com-governo-colombiano-comecarao-em-dois-meses-eln\/"},"author":{"name":"Prensa Latina","@id":"https:\/\/www.pressenza.com\/pt-pt\/#\/schema\/person\/e35c78ffa242d98f4f49ccb18c8631de"},"headline":"Di\u00e1logos com Governo colombiano come\u00e7ar\u00e3o em dois meses: ELN","datePublished":"2016-04-02T09:52:00+00:00","dateModified":"2016-04-02T19:07:37+00:00","mainEntityOfPage":{"@id":"https:\/\/www.pressenza.com\/pt-pt\/2016\/04\/dialogos-com-governo-colombiano-comecarao-em-dois-meses-eln\/"},"wordCount":487,"publisher":{"@id":"https:\/\/www.pressenza.com\/pt-pt\/#organization"},"image":{"@id":"https:\/\/www.pressenza.com\/pt-pt\/2016\/04\/dialogos-com-governo-colombiano-comecarao-em-dois-meses-eln\/#primaryimage"},"thumbnailUrl":"https:\/\/www.pressenza.com\/wp-content\/uploads\/2016\/04\/antoniogarcia.jpg","keywords":["Antonio Garc\u00eda","ELN","Equador","Ex\u00e9rcito do Povo (EP)","For\u00e7as Armadas Revolucion\u00e1rias da Col\u00f4mbia (FARC)","governo colombiano"],"articleSection":["\u00c1m\u00e9rica do Sul","Internacional","N\u00e3o viol\u00eancia","Paz e Desarmamento","Pol\u00edtica"],"inLanguage":"pt-PT"},{"@type":"WebPage","@id":"https:\/\/www.pressenza.com\/pt-pt\/2016\/04\/dialogos-com-governo-colombiano-comecarao-em-dois-meses-eln\/","url":"https:\/\/www.pressenza.com\/pt-pt\/2016\/04\/dialogos-com-governo-colombiano-comecarao-em-dois-meses-eln\/","name":"Di\u00e1logos com Governo colombiano come\u00e7ar\u00e3o em dois meses: ELN","isPartOf":{"@id":"https:\/\/www.pressenza.com\/pt-pt\/#website"},"primaryImageOfPage":{"@id":"https:\/\/www.pressenza.com\/pt-pt\/2016\/04\/dialogos-com-governo-colombiano-comecarao-em-dois-meses-eln\/#primaryimage"},"image":{"@id":"https:\/\/www.pressenza.com\/pt-pt\/2016\/04\/dialogos-com-governo-colombiano-comecarao-em-dois-meses-eln\/#primaryimage"},"thumbnailUrl":"https:\/\/www.pressenza.com\/wp-content\/uploads\/2016\/04\/antoniogarcia.jpg","datePublished":"2016-04-02T09:52:00+00:00","dateModified":"2016-04-02T19:07:37+00:00","description":"Bogot\u00e1, 1 abr (Prensa Latina) O chefe da delega\u00e7\u00e3o do ELN nos di\u00e1logos com o Governo colombiano, Antonio Garc\u00eda, assegurou que dentro de dois meses","breadcrumb":{"@id":"https:\/\/www.pressenza.com\/pt-pt\/2016\/04\/dialogos-com-governo-colombiano-comecarao-em-dois-meses-eln\/#breadcrumb"},"inLanguage":"pt-PT","potentialAction":[{"@type":"ReadAction","target":["https:\/\/www.pressenza.com\/pt-pt\/2016\/04\/dialogos-com-governo-colombiano-comecarao-em-dois-meses-eln\/"]}]},{"@type":"ImageObject","inLanguage":"pt-PT","@id":"https:\/\/www.pressenza.com\/pt-pt\/2016\/04\/dialogos-com-governo-colombiano-comecarao-em-dois-meses-eln\/#primaryimage","url":"https:\/\/www.pressenza.com\/wp-content\/uploads\/2016\/04\/antoniogarcia.jpg","contentUrl":"https:\/\/www.pressenza.com\/wp-content\/uploads\/2016\/04\/antoniogarcia.jpg","width":800,"height":501},{"@type":"BreadcrumbList","@id":"https:\/\/www.pressenza.com\/pt-pt\/2016\/04\/dialogos-com-governo-colombiano-comecarao-em-dois-meses-eln\/#breadcrumb","itemListElement":[{"@type":"ListItem","position":1,"name":"Accueil","item":"https:\/\/www.pressenza.com\/pt-pt\/"},{"@type":"ListItem","position":2,"name":"Di\u00e1logos com Governo colombiano come\u00e7ar\u00e3o em dois meses: ELN"}]},{"@type":"WebSite","@id":"https:\/\/www.pressenza.com\/pt-pt\/#website","url":"https:\/\/www.pressenza.com\/pt-pt\/","name":"Pressenza","description":"International Press Agency","publisher":{"@id":"https:\/\/www.pressenza.com\/pt-pt\/#organization"},"potentialAction":[{"@type":"SearchAction","target":{"@type":"EntryPoint","urlTemplate":"https:\/\/www.pressenza.com\/pt-pt\/?s={search_term_string}"},"query-input":{"@type":"PropertyValueSpecification","valueRequired":true,"valueName":"search_term_string"}}],"inLanguage":"pt-PT"},{"@type":"Organization","@id":"https:\/\/www.pressenza.com\/pt-pt\/#organization","name":"Pressenza","url":"https:\/\/www.pressenza.com\/pt-pt\/","logo":{"@type":"ImageObject","inLanguage":"pt-PT","@id":"https:\/\/www.pressenza.com\/pt-pt\/#\/schema\/logo\/image\/","url":"https:\/\/www.pressenza.com\/wp-content\/uploads\/2022\/10\/pressenza_logo_200x200.jpg","contentUrl":"https:\/\/www.pressenza.com\/wp-content\/uploads\/2022\/10\/pressenza_logo_200x200.jpg","width":200,"height":200,"caption":"Pressenza"},"image":{"@id":"https:\/\/www.pressenza.com\/pt-pt\/#\/schema\/logo\/image\/"},"sameAs":["https:\/\/www.facebook.com\/PressenzaItalia","https:\/\/x.com\/PressenzaIPA"]},{"@type":"Person","@id":"https:\/\/www.pressenza.com\/pt-pt\/#\/schema\/person\/e35c78ffa242d98f4f49ccb18c8631de","name":"Prensa Latina","description":"www.prensa-latina.cu","sameAs":["https:\/\/www.facebook.com\/AgenciaPrensaLatina","https:\/\/x.com\/prensalatina_cu"],"url":"https:\/\/www.pressenza.com\/pt-pt\/author\/prensa-latina\/"}]}},"place":"","original_article_url":"http:\/\/www.prensalatina.com.br\/index.php?option=com_content&task=view&id=4750311&Itemid=1","_links":{"self":[{"href":"https:\/\/www.pressenza.com\/pt-pt\/wp-json\/wp\/v2\/posts\/297292","targetHints":{"allow":["GET"]}}],"collection":[{"href":"https:\/\/www.pressenza.com\/pt-pt\/wp-json\/wp\/v2\/posts"}],"about":[{"href":"https:\/\/www.pressenza.com\/pt-pt\/wp-json\/wp\/v2\/types\/post"}],"author":[{"embeddable":true,"href":"https:\/\/www.pressenza.com\/pt-pt\/wp-json\/wp\/v2\/users\/90"}],"replies":[{"embeddable":true,"href":"https:\/\/www.pressenza.com\/pt-pt\/wp-json\/wp\/v2\/comments?post=297292"}],"version-history":[{"count":0,"href":"https:\/\/www.pressenza.com\/pt-pt\/wp-json\/wp\/v2\/posts\/297292\/revisions"}],"wp:featuredmedia":[{"embeddable":true,"href":"https:\/\/www.pressenza.com\/pt-pt\/wp-json\/wp\/v2\/media\/297293"}],"wp:attachment":[{"href":"https:\/\/www.pressenza.com\/pt-pt\/wp-json\/wp\/v2\/media?parent=297292"}],"wp:term":[{"taxonomy":"category","embeddable":true,"href":"https:\/\/www.pressenza.com\/pt-pt\/wp-json\/wp\/v2\/categories?post=297292"},{"taxonomy":"post_tag","embeddable":true,"href":"https:\/\/www.pressenza.com\/pt-pt\/wp-json\/wp\/v2\/tags?post=297292"}],"curies":[{"name":"wp","href":"https:\/\/api.w.org\/{rel}","templated":true}]}}