{"id":29218,"date":"2012-12-20T01:12:59","date_gmt":"2012-12-20T01:12:59","guid":{"rendered":"http:\/\/www.pressenza.com\/?p=29218"},"modified":"2012-12-28T19:52:30","modified_gmt":"2012-12-28T19:52:30","slug":"apesar-de-melhora-medicos-optam-por-manter-mandela-internado","status":"publish","type":"post","link":"https:\/\/www.pressenza.com\/pt-pt\/2012\/12\/apesar-de-melhora-medicos-optam-por-manter-mandela-internado\/","title":{"rendered":"Apesar de melhora, m\u00e9dicos optam por manter Mandela internado"},"content":{"rendered":"<p>Os m\u00e9dicos do ex-presidente sul-africano Nelson Mandela n\u00e3o est\u00e3o com pressa em permitir que deixe o hospital onde se encontra internado desde 8 de dezembro, indicou o presidente Jacob Zuma num comunicado.<\/p>\n<p>&#8220;Os m\u00e9dicos est\u00e3o satisfeitos com os seus progressos, em rela\u00e7\u00e3o a sua idade. Dizem que n\u00e3o h\u00e1 crise, mas acrescentam que n\u00e3o est\u00e3o com presssa em envi\u00e1-lo para casa, at\u00e9 que fiquem satisfeitos em ver progressos suficientes&#8221;, declarou o chefe de Estado.<\/p>\n<p>Nelson Mandela est\u00e1 a recuperar de uma opera\u00e7\u00e3o por c\u00e1lculos biliares realizada no s\u00e1bado passado, oito dias depois do her\u00f3i da luta contra o apartheid ter sido hospitalizado por uma infec\u00e7\u00e3o pulmonar.<\/p>\n<p>Esta \u00e9 a interna\u00e7\u00e3o mais prolongada de Nelson Mandela &#8211; que recebeu o Pr\u00eamio Nobel da Paz em 1993 &#8211; num hospital desde janeiro de de 2011, quando o ex-presidente sofreu outra infec\u00e7\u00e3o pulmonar, provavelmente ligada \u00e0s sequelas de uma tuberculose contra\u00edda durante os 18 anos que passou na pris\u00e3o de Robben-Island.<\/p>\n<p>Mandela deixou a presid\u00eancia sul-africana ap\u00f3s um mandato e em 2004 anunciou a sua retirada da vida p\u00fablica. A sua \u00faltima apari\u00e7\u00e3o p\u00fablica ocorreu em 2010, acompanhada pela sua esposa, a mo\u00e7ambicana Gra\u00e7a Machel, no Campeonato Mundial de Futebol.<\/p>\n","protected":false},"excerpt":{"rendered":"<p>Os m\u00e9dicos do ex-presidente sul-africano Nelson Mandela n\u00e3o est\u00e3o com pressa em permitir que deixe o hospital onde se encontra internado desde 8 de dezembro, indicou o presidente Jacob Zuma num comunicado. &#8220;Os m\u00e9dicos est\u00e3o satisfeitos com os seus progressos,&hellip;<\/p>\n","protected":false},"author":839,"featured_media":29321,"comment_status":"closed","ping_status":"open","sticky":false,"template":"","format":"standard","meta":{"footnotes":""},"categories":[37,42,1257],"tags":[],"class_list":["post-29218","post","type-post","status-publish","format-standard","has-post-thumbnail","hentry","category-africa-pt","category-internacional-2","category-paz-desarmamento"],"yoast_head":"<!-- This site is optimized with the Yoast SEO plugin v27.1.1 - https:\/\/yoast.com\/product\/yoast-seo-wordpress\/ -->\n<title>Apesar de melhora, m\u00e9dicos optam por manter Mandela internado<\/title>\n<meta name=\"description\" content=\"Os m\u00e9dicos do ex-presidente sul-africano Nelson Mandela n\u00e3o est\u00e3o com pressa em permitir que deixe o hospital onde se encontra internado desde 8 de\" \/>\n<meta name=\"robots\" content=\"index, follow, max-snippet:-1, max-image-preview:large, max-video-preview:-1\" \/>\n<link rel=\"canonical\" href=\"https:\/\/www.pressenza.com\/pt-pt\/2012\/12\/apesar-de-melhora-medicos-optam-por-manter-mandela-internado\/\" \/>\n<meta property=\"og:locale\" content=\"pt_PT\" \/>\n<meta property=\"og:type\" content=\"article\" \/>\n<meta property=\"og:title\" content=\"Apesar de melhora, m\u00e9dicos optam por manter Mandela internado\" \/>\n<meta property=\"og:description\" content=\"Os m\u00e9dicos do ex-presidente sul-africano Nelson Mandela n\u00e3o est\u00e3o com pressa em permitir que deixe o hospital onde se encontra internado desde 8 de\" \/>\n<meta property=\"og:url\" content=\"https:\/\/www.pressenza.com\/pt-pt\/2012\/12\/apesar-de-melhora-medicos-optam-por-manter-mandela-internado\/\" \/>\n<meta property=\"og:site_name\" content=\"Pressenza\" \/>\n<meta property=\"article:publisher\" content=\"https:\/\/www.facebook.com\/PressenzaItalia\" \/>\n<meta property=\"article:published_time\" content=\"2012-12-20T01:12:59+00:00\" \/>\n<meta property=\"article:modified_time\" content=\"2012-12-28T19:52:30+00:00\" \/>\n<meta property=\"og:image\" content=\"https:\/\/www.pressenza.com\/wp-content\/uploads\/2012\/12\/mandela.jpg\" \/>\n\t<meta property=\"og:image:width\" content=\"340\" \/>\n\t<meta property=\"og:image:height\" content=\"373\" \/>\n\t<meta property=\"og:image:type\" content=\"image\/jpeg\" \/>\n<meta name=\"author\" content=\"Radio Mo\u00e7ambique\" \/>\n<meta name=\"twitter:card\" content=\"summary_large_image\" \/>\n<meta name=\"twitter:creator\" content=\"@PressenzaIPA\" \/>\n<meta name=\"twitter:site\" content=\"@PressenzaIPA\" \/>\n<meta name=\"twitter:label1\" content=\"Escrito por\" \/>\n\t<meta name=\"twitter:data1\" content=\"Radio Mo\u00e7ambique\" \/>\n\t<meta name=\"twitter:label2\" content=\"Tempo estimado de leitura\" \/>\n\t<meta name=\"twitter:data2\" content=\"1 minuto\" \/>\n<script type=\"application\/ld+json\" class=\"yoast-schema-graph\">{\"@context\":\"https:\/\/schema.org\",\"@graph\":[{\"@type\":\"Article\",\"@id\":\"https:\/\/www.pressenza.com\/pt-pt\/2012\/12\/apesar-de-melhora-medicos-optam-por-manter-mandela-internado\/#article\",\"isPartOf\":{\"@id\":\"https:\/\/www.pressenza.com\/pt-pt\/2012\/12\/apesar-de-melhora-medicos-optam-por-manter-mandela-internado\/\"},\"author\":{\"name\":\"Radio Mo\u00e7ambique\",\"@id\":\"https:\/\/www.pressenza.com\/pt-pt\/#\/schema\/person\/621b040c6493b3c28792a340f46a3c79\"},\"headline\":\"Apesar de melhora, m\u00e9dicos optam por manter Mandela internado\",\"datePublished\":\"2012-12-20T01:12:59+00:00\",\"dateModified\":\"2012-12-28T19:52:30+00:00\",\"mainEntityOfPage\":{\"@id\":\"https:\/\/www.pressenza.com\/pt-pt\/2012\/12\/apesar-de-melhora-medicos-optam-por-manter-mandela-internado\/\"},\"wordCount\":227,\"publisher\":{\"@id\":\"https:\/\/www.pressenza.com\/pt-pt\/#organization\"},\"image\":{\"@id\":\"https:\/\/www.pressenza.com\/pt-pt\/2012\/12\/apesar-de-melhora-medicos-optam-por-manter-mandela-internado\/#primaryimage\"},\"thumbnailUrl\":\"https:\/\/www.pressenza.com\/wp-content\/uploads\/2012\/12\/mandela.jpg\",\"articleSection\":[\"Africa\",\"Internacional\",\"Paz e Desarmamento\"],\"inLanguage\":\"pt-PT\"},{\"@type\":\"WebPage\",\"@id\":\"https:\/\/www.pressenza.com\/pt-pt\/2012\/12\/apesar-de-melhora-medicos-optam-por-manter-mandela-internado\/\",\"url\":\"https:\/\/www.pressenza.com\/pt-pt\/2012\/12\/apesar-de-melhora-medicos-optam-por-manter-mandela-internado\/\",\"name\":\"Apesar de melhora, m\u00e9dicos optam por manter Mandela internado\",\"isPartOf\":{\"@id\":\"https:\/\/www.pressenza.com\/pt-pt\/#website\"},\"primaryImageOfPage\":{\"@id\":\"https:\/\/www.pressenza.com\/pt-pt\/2012\/12\/apesar-de-melhora-medicos-optam-por-manter-mandela-internado\/#primaryimage\"},\"image\":{\"@id\":\"https:\/\/www.pressenza.com\/pt-pt\/2012\/12\/apesar-de-melhora-medicos-optam-por-manter-mandela-internado\/#primaryimage\"},\"thumbnailUrl\":\"https:\/\/www.pressenza.com\/wp-content\/uploads\/2012\/12\/mandela.jpg\",\"datePublished\":\"2012-12-20T01:12:59+00:00\",\"dateModified\":\"2012-12-28T19:52:30+00:00\",\"description\":\"Os m\u00e9dicos do ex-presidente sul-africano Nelson Mandela n\u00e3o est\u00e3o com pressa em permitir que deixe o hospital onde se encontra internado desde 8 de\",\"breadcrumb\":{\"@id\":\"https:\/\/www.pressenza.com\/pt-pt\/2012\/12\/apesar-de-melhora-medicos-optam-por-manter-mandela-internado\/#breadcrumb\"},\"inLanguage\":\"pt-PT\",\"potentialAction\":[{\"@type\":\"ReadAction\",\"target\":[\"https:\/\/www.pressenza.com\/pt-pt\/2012\/12\/apesar-de-melhora-medicos-optam-por-manter-mandela-internado\/\"]}]},{\"@type\":\"ImageObject\",\"inLanguage\":\"pt-PT\",\"@id\":\"https:\/\/www.pressenza.com\/pt-pt\/2012\/12\/apesar-de-melhora-medicos-optam-por-manter-mandela-internado\/#primaryimage\",\"url\":\"https:\/\/www.pressenza.com\/wp-content\/uploads\/2012\/12\/mandela.jpg\",\"contentUrl\":\"https:\/\/www.pressenza.com\/wp-content\/uploads\/2012\/12\/mandela.jpg\",\"width\":\"340\",\"height\":\"373\"},{\"@type\":\"BreadcrumbList\",\"@id\":\"https:\/\/www.pressenza.com\/pt-pt\/2012\/12\/apesar-de-melhora-medicos-optam-por-manter-mandela-internado\/#breadcrumb\",\"itemListElement\":[{\"@type\":\"ListItem\",\"position\":1,\"name\":\"Accueil\",\"item\":\"https:\/\/www.pressenza.com\/pt-pt\/\"},{\"@type\":\"ListItem\",\"position\":2,\"name\":\"Apesar de melhora, m\u00e9dicos optam por manter Mandela internado\"}]},{\"@type\":\"WebSite\",\"@id\":\"https:\/\/www.pressenza.com\/pt-pt\/#website\",\"url\":\"https:\/\/www.pressenza.com\/pt-pt\/\",\"name\":\"Pressenza\",\"description\":\"International Press Agency\",\"publisher\":{\"@id\":\"https:\/\/www.pressenza.com\/pt-pt\/#organization\"},\"potentialAction\":[{\"@type\":\"SearchAction\",\"target\":{\"@type\":\"EntryPoint\",\"urlTemplate\":\"https:\/\/www.pressenza.com\/pt-pt\/?s={search_term_string}\"},\"query-input\":{\"@type\":\"PropertyValueSpecification\",\"valueRequired\":true,\"valueName\":\"search_term_string\"}}],\"inLanguage\":\"pt-PT\"},{\"@type\":\"Organization\",\"@id\":\"https:\/\/www.pressenza.com\/pt-pt\/#organization\",\"name\":\"Pressenza\",\"url\":\"https:\/\/www.pressenza.com\/pt-pt\/\",\"logo\":{\"@type\":\"ImageObject\",\"inLanguage\":\"pt-PT\",\"@id\":\"https:\/\/www.pressenza.com\/pt-pt\/#\/schema\/logo\/image\/\",\"url\":\"https:\/\/www.pressenza.com\/wp-content\/uploads\/2022\/10\/pressenza_logo_200x200.jpg\",\"contentUrl\":\"https:\/\/www.pressenza.com\/wp-content\/uploads\/2022\/10\/pressenza_logo_200x200.jpg\",\"width\":200,\"height\":200,\"caption\":\"Pressenza\"},\"image\":{\"@id\":\"https:\/\/www.pressenza.com\/pt-pt\/#\/schema\/logo\/image\/\"},\"sameAs\":[\"https:\/\/www.facebook.com\/PressenzaItalia\",\"https:\/\/x.com\/PressenzaIPA\"]},{\"@type\":\"Person\",\"@id\":\"https:\/\/www.pressenza.com\/pt-pt\/#\/schema\/person\/621b040c6493b3c28792a340f46a3c79\",\"name\":\"Radio Mo\u00e7ambique\",\"url\":\"https:\/\/www.pressenza.com\/pt-pt\/author\/radio-mocambique\/\"}]}<\/script>\n<!-- \/ Yoast SEO plugin. -->","yoast_head_json":{"title":"Apesar de melhora, m\u00e9dicos optam por manter Mandela internado","description":"Os m\u00e9dicos do ex-presidente sul-africano Nelson Mandela n\u00e3o est\u00e3o com pressa em permitir que deixe o hospital onde se encontra internado desde 8 de","robots":{"index":"index","follow":"follow","max-snippet":"max-snippet:-1","max-image-preview":"max-image-preview:large","max-video-preview":"max-video-preview:-1"},"canonical":"https:\/\/www.pressenza.com\/pt-pt\/2012\/12\/apesar-de-melhora-medicos-optam-por-manter-mandela-internado\/","og_locale":"pt_PT","og_type":"article","og_title":"Apesar de melhora, m\u00e9dicos optam por manter Mandela internado","og_description":"Os m\u00e9dicos do ex-presidente sul-africano Nelson Mandela n\u00e3o est\u00e3o com pressa em permitir que deixe o hospital onde se encontra internado desde 8 de","og_url":"https:\/\/www.pressenza.com\/pt-pt\/2012\/12\/apesar-de-melhora-medicos-optam-por-manter-mandela-internado\/","og_site_name":"Pressenza","article_publisher":"https:\/\/www.facebook.com\/PressenzaItalia","article_published_time":"2012-12-20T01:12:59+00:00","article_modified_time":"2012-12-28T19:52:30+00:00","og_image":[{"width":340,"height":373,"url":"https:\/\/www.pressenza.com\/wp-content\/uploads\/2012\/12\/mandela.jpg","type":"image\/jpeg"}],"author":"Radio Mo\u00e7ambique","twitter_card":"summary_large_image","twitter_creator":"@PressenzaIPA","twitter_site":"@PressenzaIPA","twitter_misc":{"Escrito por":"Radio Mo\u00e7ambique","Tempo estimado de leitura":"1 minuto"},"schema":{"@context":"https:\/\/schema.org","@graph":[{"@type":"Article","@id":"https:\/\/www.pressenza.com\/pt-pt\/2012\/12\/apesar-de-melhora-medicos-optam-por-manter-mandela-internado\/#article","isPartOf":{"@id":"https:\/\/www.pressenza.com\/pt-pt\/2012\/12\/apesar-de-melhora-medicos-optam-por-manter-mandela-internado\/"},"author":{"name":"Radio Mo\u00e7ambique","@id":"https:\/\/www.pressenza.com\/pt-pt\/#\/schema\/person\/621b040c6493b3c28792a340f46a3c79"},"headline":"Apesar de melhora, m\u00e9dicos optam por manter Mandela internado","datePublished":"2012-12-20T01:12:59+00:00","dateModified":"2012-12-28T19:52:30+00:00","mainEntityOfPage":{"@id":"https:\/\/www.pressenza.com\/pt-pt\/2012\/12\/apesar-de-melhora-medicos-optam-por-manter-mandela-internado\/"},"wordCount":227,"publisher":{"@id":"https:\/\/www.pressenza.com\/pt-pt\/#organization"},"image":{"@id":"https:\/\/www.pressenza.com\/pt-pt\/2012\/12\/apesar-de-melhora-medicos-optam-por-manter-mandela-internado\/#primaryimage"},"thumbnailUrl":"https:\/\/www.pressenza.com\/wp-content\/uploads\/2012\/12\/mandela.jpg","articleSection":["Africa","Internacional","Paz e Desarmamento"],"inLanguage":"pt-PT"},{"@type":"WebPage","@id":"https:\/\/www.pressenza.com\/pt-pt\/2012\/12\/apesar-de-melhora-medicos-optam-por-manter-mandela-internado\/","url":"https:\/\/www.pressenza.com\/pt-pt\/2012\/12\/apesar-de-melhora-medicos-optam-por-manter-mandela-internado\/","name":"Apesar de melhora, m\u00e9dicos optam por manter Mandela internado","isPartOf":{"@id":"https:\/\/www.pressenza.com\/pt-pt\/#website"},"primaryImageOfPage":{"@id":"https:\/\/www.pressenza.com\/pt-pt\/2012\/12\/apesar-de-melhora-medicos-optam-por-manter-mandela-internado\/#primaryimage"},"image":{"@id":"https:\/\/www.pressenza.com\/pt-pt\/2012\/12\/apesar-de-melhora-medicos-optam-por-manter-mandela-internado\/#primaryimage"},"thumbnailUrl":"https:\/\/www.pressenza.com\/wp-content\/uploads\/2012\/12\/mandela.jpg","datePublished":"2012-12-20T01:12:59+00:00","dateModified":"2012-12-28T19:52:30+00:00","description":"Os m\u00e9dicos do ex-presidente sul-africano Nelson Mandela n\u00e3o est\u00e3o com pressa em permitir que deixe o hospital onde se encontra internado desde 8 de","breadcrumb":{"@id":"https:\/\/www.pressenza.com\/pt-pt\/2012\/12\/apesar-de-melhora-medicos-optam-por-manter-mandela-internado\/#breadcrumb"},"inLanguage":"pt-PT","potentialAction":[{"@type":"ReadAction","target":["https:\/\/www.pressenza.com\/pt-pt\/2012\/12\/apesar-de-melhora-medicos-optam-por-manter-mandela-internado\/"]}]},{"@type":"ImageObject","inLanguage":"pt-PT","@id":"https:\/\/www.pressenza.com\/pt-pt\/2012\/12\/apesar-de-melhora-medicos-optam-por-manter-mandela-internado\/#primaryimage","url":"https:\/\/www.pressenza.com\/wp-content\/uploads\/2012\/12\/mandela.jpg","contentUrl":"https:\/\/www.pressenza.com\/wp-content\/uploads\/2012\/12\/mandela.jpg","width":"340","height":"373"},{"@type":"BreadcrumbList","@id":"https:\/\/www.pressenza.com\/pt-pt\/2012\/12\/apesar-de-melhora-medicos-optam-por-manter-mandela-internado\/#breadcrumb","itemListElement":[{"@type":"ListItem","position":1,"name":"Accueil","item":"https:\/\/www.pressenza.com\/pt-pt\/"},{"@type":"ListItem","position":2,"name":"Apesar de melhora, m\u00e9dicos optam por manter Mandela internado"}]},{"@type":"WebSite","@id":"https:\/\/www.pressenza.com\/pt-pt\/#website","url":"https:\/\/www.pressenza.com\/pt-pt\/","name":"Pressenza","description":"International Press Agency","publisher":{"@id":"https:\/\/www.pressenza.com\/pt-pt\/#organization"},"potentialAction":[{"@type":"SearchAction","target":{"@type":"EntryPoint","urlTemplate":"https:\/\/www.pressenza.com\/pt-pt\/?s={search_term_string}"},"query-input":{"@type":"PropertyValueSpecification","valueRequired":true,"valueName":"search_term_string"}}],"inLanguage":"pt-PT"},{"@type":"Organization","@id":"https:\/\/www.pressenza.com\/pt-pt\/#organization","name":"Pressenza","url":"https:\/\/www.pressenza.com\/pt-pt\/","logo":{"@type":"ImageObject","inLanguage":"pt-PT","@id":"https:\/\/www.pressenza.com\/pt-pt\/#\/schema\/logo\/image\/","url":"https:\/\/www.pressenza.com\/wp-content\/uploads\/2022\/10\/pressenza_logo_200x200.jpg","contentUrl":"https:\/\/www.pressenza.com\/wp-content\/uploads\/2022\/10\/pressenza_logo_200x200.jpg","width":200,"height":200,"caption":"Pressenza"},"image":{"@id":"https:\/\/www.pressenza.com\/pt-pt\/#\/schema\/logo\/image\/"},"sameAs":["https:\/\/www.facebook.com\/PressenzaItalia","https:\/\/x.com\/PressenzaIPA"]},{"@type":"Person","@id":"https:\/\/www.pressenza.com\/pt-pt\/#\/schema\/person\/621b040c6493b3c28792a340f46a3c79","name":"Radio Mo\u00e7ambique","url":"https:\/\/www.pressenza.com\/pt-pt\/author\/radio-mocambique\/"}]}},"place":"","original_article_url":"","_links":{"self":[{"href":"https:\/\/www.pressenza.com\/pt-pt\/wp-json\/wp\/v2\/posts\/29218","targetHints":{"allow":["GET"]}}],"collection":[{"href":"https:\/\/www.pressenza.com\/pt-pt\/wp-json\/wp\/v2\/posts"}],"about":[{"href":"https:\/\/www.pressenza.com\/pt-pt\/wp-json\/wp\/v2\/types\/post"}],"author":[{"embeddable":true,"href":"https:\/\/www.pressenza.com\/pt-pt\/wp-json\/wp\/v2\/users\/839"}],"replies":[{"embeddable":true,"href":"https:\/\/www.pressenza.com\/pt-pt\/wp-json\/wp\/v2\/comments?post=29218"}],"version-history":[{"count":0,"href":"https:\/\/www.pressenza.com\/pt-pt\/wp-json\/wp\/v2\/posts\/29218\/revisions"}],"wp:featuredmedia":[{"embeddable":true,"href":"https:\/\/www.pressenza.com\/pt-pt\/wp-json\/wp\/v2\/media\/29321"}],"wp:attachment":[{"href":"https:\/\/www.pressenza.com\/pt-pt\/wp-json\/wp\/v2\/media?parent=29218"}],"wp:term":[{"taxonomy":"category","embeddable":true,"href":"https:\/\/www.pressenza.com\/pt-pt\/wp-json\/wp\/v2\/categories?post=29218"},{"taxonomy":"post_tag","embeddable":true,"href":"https:\/\/www.pressenza.com\/pt-pt\/wp-json\/wp\/v2\/tags?post=29218"}],"curies":[{"name":"wp","href":"https:\/\/api.w.org\/{rel}","templated":true}]}}