{"id":280793,"date":"2016-02-22T19:13:43","date_gmt":"2016-02-22T19:13:43","guid":{"rendered":"http:\/\/www.pressenza.com\/pt-pt\/?p=280793"},"modified":"2016-02-22T19:13:43","modified_gmt":"2016-02-22T19:13:43","slug":"obama-anuncia-viagem-a-cuba-em-marco","status":"publish","type":"post","link":"https:\/\/www.pressenza.com\/pt-pt\/2016\/02\/obama-anuncia-viagem-a-cuba-em-marco\/","title":{"rendered":"Obama anuncia viagem a Cuba em mar\u00e7o"},"content":{"rendered":"<p>Presidente americano promete abordar quest\u00f5es sens\u00edveis, como os direitos humanos, diretamente com Ra\u00fal Castro. Ser\u00e1 a primeira viagem oficial de um l\u00edder dos EUA a Havana em quase 90 anos.<\/p>\n<p>18.02.2016<\/p>\n<p>O presidente dos Estados Unidos, Barack Obama, confirmou nesta quinta-feira (18\/02) que viajar\u00e1 a Cuba nos pr\u00f3ximos dias 21 e 22 de mar\u00e7o e que se reunir\u00e1 com o presidente cubano, Ra\u00fal Castro. Ser\u00e1 a primeira visita de um chefe de Estado americano \u00e0 ilha caribenha em quase nove d\u00e9cadas.<\/p>\n<p>O \u00faltimo presidente americano a visitar Havana foi Calvin Coolidge, em 1928. Quando ocupou o cargo, Harry Truman visitou a Ba\u00eda de Guant\u00e1namo, controlada pelos EUA, em 1948.<\/p>\n<p>&#8220;H\u00e1 14 meses, eu anunciei que come\u00e7ar\u00edamos a normalizar as rela\u00e7\u00f5es com Cuba \u2013 e n\u00f3s j\u00e1 realizamos progresso significativo&#8221;, escreveu Obama no Twitter. &#8220;No pr\u00f3ximo m\u00eas, eu viajarei a Cuba para avan\u00e7ar no nosso progresso e esfor\u00e7o, que podem melhorar a vida do povo cubano.&#8221;<\/p>\n<p>Em outra publica\u00e7\u00e3o em sua conta pessoal na m\u00eddia social, Obama enfatizou que, apesar do processo de normaliza\u00e7\u00e3o das rela\u00e7\u00f5es bilaterais, ainda existem &#8220;diferen\u00e7as&#8221; com o governo cubano. Ele disse que prev\u00ea abord\u00e1-las &#8220;diretamente&#8221; em sua visita \u00e0 ilha.<\/p>\n<p>&#8220;N\u00f3s ainda temos diferen\u00e7as com o governo cubano, as quais eu abordarei diretamente. A Am\u00e9rica sempre defender\u00e1 os direitos humanos no mundo&#8221;, continuou o presidente. &#8220;Nossa bandeira tremula na embaixada em Havana novamente. Mais americanos est\u00e3o viajando a Cuba do que nos \u00faltimos 50 anos.&#8221;<\/p>\n<p>Obama v\u00ea o fim de cinco d\u00e9cadas de medidas isolacionistas impostas pelos EUA a Cuba como um dos grandes \u00eaxitos de sua pol\u00edtica externa. Os dois pa\u00edses reataram as rela\u00e7\u00f5es diplom\u00e1ticas em julho passado, ap\u00f3s uma aproxima\u00e7\u00e3o entre Obama e Castro, iniciada em dezembro do ano anterior.<\/p>\n<p>Apesar da reaproxima\u00e7\u00e3o, o embargo comercial imposto pelos EUA durante a Guerra Fria ainda pesa sobre a ilha, com poucas perspectivas de que seja removido pelo Congresso americano, dominado pelo Partido Republicano.<\/p>\n<p>O governo dos EUA, por\u00e9m, realizou mudan\u00e7as regulat\u00f3rias para permitir o com\u00e9rcio e viagens entre os dois pa\u00edses. Na \u00faltima ter\u00e7a-feira, os dois pa\u00edses assinaram um acordo autorizando voos comerciais di\u00e1rios para Cuba por parte de empresas a\u00e9reas americanas. Atualmente, 1,8 milh\u00e3o de cidad\u00e3os de Cuba, que tem 11 milh\u00f5es de habitantes, vivem nos EUA.<\/p>\n<p>O presidente americano viajar\u00e1 acompanhado da primeira-dama Michelle Obama. Depois, nos dias 23 e 24 de mar\u00e7o, o casal visitar\u00e1 a Argentina.<\/p>\n<p>Este artigo n\u00e3o est\u00e1 sob Licen\u00e7a Creative Commons e n\u00e3o pode ser reproduzido de nenhuma forma. O mesmo \u00e9 v\u00e1lido para a foto.<\/p>\n","protected":false},"excerpt":{"rendered":"<p>Presidente americano promete abordar quest\u00f5es sens\u00edveis, como os direitos humanos, diretamente com Ra\u00fal Castro. Ser\u00e1 a primeira viagem oficial de um l\u00edder dos EUA a Havana em quase 90 anos. 18.02.2016 O presidente dos Estados Unidos, Barack Obama, confirmou nesta&hellip;<\/p>\n","protected":false},"author":993,"featured_media":280794,"comment_status":"closed","ping_status":"open","sticky":false,"template":"","format":"standard","meta":{"footnotes":""},"categories":[105,113,116,118,42],"tags":[1372,23593,6765,5192,24313],"class_list":["post-280793","post","type-post","status-publish","format-standard","has-post-thumbnail","hentry","category-america-do-norte","category-noticias-do-exterior","category-direitos-humanos","category-economia-pt-pt","category-internacional-2","tag-barack-obama-pt-pt","tag-castro","tag-cuba-pt-pt","tag-eua-pt-pt","tag-relacoes-bilaterais"],"yoast_head":"<!-- This site is optimized with the Yoast SEO plugin v27.1.1 - https:\/\/yoast.com\/product\/yoast-seo-wordpress\/ -->\n<title>Obama anuncia viagem a Cuba em mar\u00e7o<\/title>\n<meta name=\"description\" content=\"Presidente americano promete abordar quest\u00f5es sens\u00edveis, como os direitos humanos, diretamente com Ra\u00fal Castro. Ser\u00e1 a primeira viagem oficial de um l\u00edder\" \/>\n<meta name=\"robots\" content=\"index, follow, max-snippet:-1, max-image-preview:large, max-video-preview:-1\" \/>\n<link rel=\"canonical\" href=\"https:\/\/www.pressenza.com\/pt-pt\/2016\/02\/obama-anuncia-viagem-a-cuba-em-marco\/\" \/>\n<meta property=\"og:locale\" content=\"pt_PT\" \/>\n<meta property=\"og:type\" content=\"article\" \/>\n<meta property=\"og:title\" content=\"Obama anuncia viagem a Cuba em mar\u00e7o\" \/>\n<meta property=\"og:description\" content=\"Presidente americano promete abordar quest\u00f5es sens\u00edveis, como os direitos humanos, diretamente com Ra\u00fal Castro. Ser\u00e1 a primeira viagem oficial de um l\u00edder\" \/>\n<meta property=\"og:url\" content=\"https:\/\/www.pressenza.com\/pt-pt\/2016\/02\/obama-anuncia-viagem-a-cuba-em-marco\/\" \/>\n<meta property=\"og:site_name\" content=\"Pressenza\" \/>\n<meta property=\"article:publisher\" content=\"https:\/\/www.facebook.com\/PressenzaItalia\" \/>\n<meta property=\"article:published_time\" content=\"2016-02-22T19:13:43+00:00\" \/>\n<meta property=\"og:image\" content=\"https:\/\/www.pressenza.com\/wp-content\/uploads\/2016\/02\/obama-castro.jpg\" \/>\n\t<meta property=\"og:image:width\" content=\"700\" \/>\n\t<meta property=\"og:image:height\" content=\"394\" \/>\n\t<meta property=\"og:image:type\" content=\"image\/jpeg\" \/>\n<meta name=\"author\" content=\"Deutsche Welle\" \/>\n<meta name=\"twitter:card\" content=\"summary_large_image\" \/>\n<meta name=\"twitter:creator\" content=\"@PressenzaIPA\" \/>\n<meta name=\"twitter:site\" content=\"@PressenzaIPA\" \/>\n<meta name=\"twitter:label1\" content=\"Escrito por\" \/>\n\t<meta name=\"twitter:data1\" content=\"Deutsche Welle\" \/>\n\t<meta name=\"twitter:label2\" content=\"Tempo estimado de leitura\" \/>\n\t<meta name=\"twitter:data2\" content=\"2 minutos\" \/>\n<script type=\"application\/ld+json\" class=\"yoast-schema-graph\">{\"@context\":\"https:\/\/schema.org\",\"@graph\":[{\"@type\":\"Article\",\"@id\":\"https:\/\/www.pressenza.com\/pt-pt\/2016\/02\/obama-anuncia-viagem-a-cuba-em-marco\/#article\",\"isPartOf\":{\"@id\":\"https:\/\/www.pressenza.com\/pt-pt\/2016\/02\/obama-anuncia-viagem-a-cuba-em-marco\/\"},\"author\":{\"name\":\"Deutsche Welle\",\"@id\":\"https:\/\/www.pressenza.com\/pt-pt\/#\/schema\/person\/b7c775911f2c9a1b8c7225b94e2e9f37\"},\"headline\":\"Obama anuncia viagem a Cuba em mar\u00e7o\",\"datePublished\":\"2016-02-22T19:13:43+00:00\",\"mainEntityOfPage\":{\"@id\":\"https:\/\/www.pressenza.com\/pt-pt\/2016\/02\/obama-anuncia-viagem-a-cuba-em-marco\/\"},\"wordCount\":462,\"publisher\":{\"@id\":\"https:\/\/www.pressenza.com\/pt-pt\/#organization\"},\"image\":{\"@id\":\"https:\/\/www.pressenza.com\/pt-pt\/2016\/02\/obama-anuncia-viagem-a-cuba-em-marco\/#primaryimage\"},\"thumbnailUrl\":\"https:\/\/www.pressenza.com\/wp-content\/uploads\/2016\/02\/obama-castro.jpg\",\"keywords\":[\"Barack Obama\",\"Castro\",\"Cuba\",\"eua\",\"rela\u00e7\u00f5es bilaterais\"],\"articleSection\":[\"Am\u00e9rica do Norte\",\"Assuntos internacionais\",\"Direitos Humanos\",\"Economia\",\"Internacional\"],\"inLanguage\":\"pt-PT\"},{\"@type\":\"WebPage\",\"@id\":\"https:\/\/www.pressenza.com\/pt-pt\/2016\/02\/obama-anuncia-viagem-a-cuba-em-marco\/\",\"url\":\"https:\/\/www.pressenza.com\/pt-pt\/2016\/02\/obama-anuncia-viagem-a-cuba-em-marco\/\",\"name\":\"Obama anuncia viagem a Cuba em mar\u00e7o\",\"isPartOf\":{\"@id\":\"https:\/\/www.pressenza.com\/pt-pt\/#website\"},\"primaryImageOfPage\":{\"@id\":\"https:\/\/www.pressenza.com\/pt-pt\/2016\/02\/obama-anuncia-viagem-a-cuba-em-marco\/#primaryimage\"},\"image\":{\"@id\":\"https:\/\/www.pressenza.com\/pt-pt\/2016\/02\/obama-anuncia-viagem-a-cuba-em-marco\/#primaryimage\"},\"thumbnailUrl\":\"https:\/\/www.pressenza.com\/wp-content\/uploads\/2016\/02\/obama-castro.jpg\",\"datePublished\":\"2016-02-22T19:13:43+00:00\",\"description\":\"Presidente americano promete abordar quest\u00f5es sens\u00edveis, como os direitos humanos, diretamente com Ra\u00fal Castro. Ser\u00e1 a primeira viagem oficial de um l\u00edder\",\"breadcrumb\":{\"@id\":\"https:\/\/www.pressenza.com\/pt-pt\/2016\/02\/obama-anuncia-viagem-a-cuba-em-marco\/#breadcrumb\"},\"inLanguage\":\"pt-PT\",\"potentialAction\":[{\"@type\":\"ReadAction\",\"target\":[\"https:\/\/www.pressenza.com\/pt-pt\/2016\/02\/obama-anuncia-viagem-a-cuba-em-marco\/\"]}]},{\"@type\":\"ImageObject\",\"inLanguage\":\"pt-PT\",\"@id\":\"https:\/\/www.pressenza.com\/pt-pt\/2016\/02\/obama-anuncia-viagem-a-cuba-em-marco\/#primaryimage\",\"url\":\"https:\/\/www.pressenza.com\/wp-content\/uploads\/2016\/02\/obama-castro.jpg\",\"contentUrl\":\"https:\/\/www.pressenza.com\/wp-content\/uploads\/2016\/02\/obama-castro.jpg\",\"width\":700,\"height\":394},{\"@type\":\"BreadcrumbList\",\"@id\":\"https:\/\/www.pressenza.com\/pt-pt\/2016\/02\/obama-anuncia-viagem-a-cuba-em-marco\/#breadcrumb\",\"itemListElement\":[{\"@type\":\"ListItem\",\"position\":1,\"name\":\"Accueil\",\"item\":\"https:\/\/www.pressenza.com\/pt-pt\/\"},{\"@type\":\"ListItem\",\"position\":2,\"name\":\"Obama anuncia viagem a Cuba em mar\u00e7o\"}]},{\"@type\":\"WebSite\",\"@id\":\"https:\/\/www.pressenza.com\/pt-pt\/#website\",\"url\":\"https:\/\/www.pressenza.com\/pt-pt\/\",\"name\":\"Pressenza\",\"description\":\"International Press Agency\",\"publisher\":{\"@id\":\"https:\/\/www.pressenza.com\/pt-pt\/#organization\"},\"potentialAction\":[{\"@type\":\"SearchAction\",\"target\":{\"@type\":\"EntryPoint\",\"urlTemplate\":\"https:\/\/www.pressenza.com\/pt-pt\/?s={search_term_string}\"},\"query-input\":{\"@type\":\"PropertyValueSpecification\",\"valueRequired\":true,\"valueName\":\"search_term_string\"}}],\"inLanguage\":\"pt-PT\"},{\"@type\":\"Organization\",\"@id\":\"https:\/\/www.pressenza.com\/pt-pt\/#organization\",\"name\":\"Pressenza\",\"url\":\"https:\/\/www.pressenza.com\/pt-pt\/\",\"logo\":{\"@type\":\"ImageObject\",\"inLanguage\":\"pt-PT\",\"@id\":\"https:\/\/www.pressenza.com\/pt-pt\/#\/schema\/logo\/image\/\",\"url\":\"https:\/\/www.pressenza.com\/wp-content\/uploads\/2022\/10\/pressenza_logo_200x200.jpg\",\"contentUrl\":\"https:\/\/www.pressenza.com\/wp-content\/uploads\/2022\/10\/pressenza_logo_200x200.jpg\",\"width\":200,\"height\":200,\"caption\":\"Pressenza\"},\"image\":{\"@id\":\"https:\/\/www.pressenza.com\/pt-pt\/#\/schema\/logo\/image\/\"},\"sameAs\":[\"https:\/\/www.facebook.com\/PressenzaItalia\",\"https:\/\/x.com\/PressenzaIPA\"]},{\"@type\":\"Person\",\"@id\":\"https:\/\/www.pressenza.com\/pt-pt\/#\/schema\/person\/b7c775911f2c9a1b8c7225b94e2e9f37\",\"name\":\"Deutsche Welle\",\"description\":\"Articles and photographs by Deutsche Welle on Pressenza do not fall under the Creative Commons licence and are not reproducible in any way. www.dw.com\",\"sameAs\":[\"http:\/\/www.dw.com\"],\"url\":\"https:\/\/www.pressenza.com\/pt-pt\/author\/deutsche-welle\/\"}]}<\/script>\n<!-- \/ Yoast SEO plugin. -->","yoast_head_json":{"title":"Obama anuncia viagem a Cuba em mar\u00e7o","description":"Presidente americano promete abordar quest\u00f5es sens\u00edveis, como os direitos humanos, diretamente com Ra\u00fal Castro. Ser\u00e1 a primeira viagem oficial de um l\u00edder","robots":{"index":"index","follow":"follow","max-snippet":"max-snippet:-1","max-image-preview":"max-image-preview:large","max-video-preview":"max-video-preview:-1"},"canonical":"https:\/\/www.pressenza.com\/pt-pt\/2016\/02\/obama-anuncia-viagem-a-cuba-em-marco\/","og_locale":"pt_PT","og_type":"article","og_title":"Obama anuncia viagem a Cuba em mar\u00e7o","og_description":"Presidente americano promete abordar quest\u00f5es sens\u00edveis, como os direitos humanos, diretamente com Ra\u00fal Castro. Ser\u00e1 a primeira viagem oficial de um l\u00edder","og_url":"https:\/\/www.pressenza.com\/pt-pt\/2016\/02\/obama-anuncia-viagem-a-cuba-em-marco\/","og_site_name":"Pressenza","article_publisher":"https:\/\/www.facebook.com\/PressenzaItalia","article_published_time":"2016-02-22T19:13:43+00:00","og_image":[{"width":700,"height":394,"url":"https:\/\/www.pressenza.com\/wp-content\/uploads\/2016\/02\/obama-castro.jpg","type":"image\/jpeg"}],"author":"Deutsche Welle","twitter_card":"summary_large_image","twitter_creator":"@PressenzaIPA","twitter_site":"@PressenzaIPA","twitter_misc":{"Escrito por":"Deutsche Welle","Tempo estimado de leitura":"2 minutos"},"schema":{"@context":"https:\/\/schema.org","@graph":[{"@type":"Article","@id":"https:\/\/www.pressenza.com\/pt-pt\/2016\/02\/obama-anuncia-viagem-a-cuba-em-marco\/#article","isPartOf":{"@id":"https:\/\/www.pressenza.com\/pt-pt\/2016\/02\/obama-anuncia-viagem-a-cuba-em-marco\/"},"author":{"name":"Deutsche Welle","@id":"https:\/\/www.pressenza.com\/pt-pt\/#\/schema\/person\/b7c775911f2c9a1b8c7225b94e2e9f37"},"headline":"Obama anuncia viagem a Cuba em mar\u00e7o","datePublished":"2016-02-22T19:13:43+00:00","mainEntityOfPage":{"@id":"https:\/\/www.pressenza.com\/pt-pt\/2016\/02\/obama-anuncia-viagem-a-cuba-em-marco\/"},"wordCount":462,"publisher":{"@id":"https:\/\/www.pressenza.com\/pt-pt\/#organization"},"image":{"@id":"https:\/\/www.pressenza.com\/pt-pt\/2016\/02\/obama-anuncia-viagem-a-cuba-em-marco\/#primaryimage"},"thumbnailUrl":"https:\/\/www.pressenza.com\/wp-content\/uploads\/2016\/02\/obama-castro.jpg","keywords":["Barack Obama","Castro","Cuba","eua","rela\u00e7\u00f5es bilaterais"],"articleSection":["Am\u00e9rica do Norte","Assuntos internacionais","Direitos Humanos","Economia","Internacional"],"inLanguage":"pt-PT"},{"@type":"WebPage","@id":"https:\/\/www.pressenza.com\/pt-pt\/2016\/02\/obama-anuncia-viagem-a-cuba-em-marco\/","url":"https:\/\/www.pressenza.com\/pt-pt\/2016\/02\/obama-anuncia-viagem-a-cuba-em-marco\/","name":"Obama anuncia viagem a Cuba em mar\u00e7o","isPartOf":{"@id":"https:\/\/www.pressenza.com\/pt-pt\/#website"},"primaryImageOfPage":{"@id":"https:\/\/www.pressenza.com\/pt-pt\/2016\/02\/obama-anuncia-viagem-a-cuba-em-marco\/#primaryimage"},"image":{"@id":"https:\/\/www.pressenza.com\/pt-pt\/2016\/02\/obama-anuncia-viagem-a-cuba-em-marco\/#primaryimage"},"thumbnailUrl":"https:\/\/www.pressenza.com\/wp-content\/uploads\/2016\/02\/obama-castro.jpg","datePublished":"2016-02-22T19:13:43+00:00","description":"Presidente americano promete abordar quest\u00f5es sens\u00edveis, como os direitos humanos, diretamente com Ra\u00fal Castro. Ser\u00e1 a primeira viagem oficial de um l\u00edder","breadcrumb":{"@id":"https:\/\/www.pressenza.com\/pt-pt\/2016\/02\/obama-anuncia-viagem-a-cuba-em-marco\/#breadcrumb"},"inLanguage":"pt-PT","potentialAction":[{"@type":"ReadAction","target":["https:\/\/www.pressenza.com\/pt-pt\/2016\/02\/obama-anuncia-viagem-a-cuba-em-marco\/"]}]},{"@type":"ImageObject","inLanguage":"pt-PT","@id":"https:\/\/www.pressenza.com\/pt-pt\/2016\/02\/obama-anuncia-viagem-a-cuba-em-marco\/#primaryimage","url":"https:\/\/www.pressenza.com\/wp-content\/uploads\/2016\/02\/obama-castro.jpg","contentUrl":"https:\/\/www.pressenza.com\/wp-content\/uploads\/2016\/02\/obama-castro.jpg","width":700,"height":394},{"@type":"BreadcrumbList","@id":"https:\/\/www.pressenza.com\/pt-pt\/2016\/02\/obama-anuncia-viagem-a-cuba-em-marco\/#breadcrumb","itemListElement":[{"@type":"ListItem","position":1,"name":"Accueil","item":"https:\/\/www.pressenza.com\/pt-pt\/"},{"@type":"ListItem","position":2,"name":"Obama anuncia viagem a Cuba em mar\u00e7o"}]},{"@type":"WebSite","@id":"https:\/\/www.pressenza.com\/pt-pt\/#website","url":"https:\/\/www.pressenza.com\/pt-pt\/","name":"Pressenza","description":"International Press Agency","publisher":{"@id":"https:\/\/www.pressenza.com\/pt-pt\/#organization"},"potentialAction":[{"@type":"SearchAction","target":{"@type":"EntryPoint","urlTemplate":"https:\/\/www.pressenza.com\/pt-pt\/?s={search_term_string}"},"query-input":{"@type":"PropertyValueSpecification","valueRequired":true,"valueName":"search_term_string"}}],"inLanguage":"pt-PT"},{"@type":"Organization","@id":"https:\/\/www.pressenza.com\/pt-pt\/#organization","name":"Pressenza","url":"https:\/\/www.pressenza.com\/pt-pt\/","logo":{"@type":"ImageObject","inLanguage":"pt-PT","@id":"https:\/\/www.pressenza.com\/pt-pt\/#\/schema\/logo\/image\/","url":"https:\/\/www.pressenza.com\/wp-content\/uploads\/2022\/10\/pressenza_logo_200x200.jpg","contentUrl":"https:\/\/www.pressenza.com\/wp-content\/uploads\/2022\/10\/pressenza_logo_200x200.jpg","width":200,"height":200,"caption":"Pressenza"},"image":{"@id":"https:\/\/www.pressenza.com\/pt-pt\/#\/schema\/logo\/image\/"},"sameAs":["https:\/\/www.facebook.com\/PressenzaItalia","https:\/\/x.com\/PressenzaIPA"]},{"@type":"Person","@id":"https:\/\/www.pressenza.com\/pt-pt\/#\/schema\/person\/b7c775911f2c9a1b8c7225b94e2e9f37","name":"Deutsche Welle","description":"Articles and photographs by Deutsche Welle on Pressenza do not fall under the Creative Commons licence and are not reproducible in any way. www.dw.com","sameAs":["http:\/\/www.dw.com"],"url":"https:\/\/www.pressenza.com\/pt-pt\/author\/deutsche-welle\/"}]}},"place":"","original_article_url":"http:\/\/m.dw.com\/pt\/obama-anuncia-viagem-a-cuba-em-mar%C3%A7o\/a-19055481?maca=bra-RSS_por_Pressenza_news-10755-html","_links":{"self":[{"href":"https:\/\/www.pressenza.com\/pt-pt\/wp-json\/wp\/v2\/posts\/280793","targetHints":{"allow":["GET"]}}],"collection":[{"href":"https:\/\/www.pressenza.com\/pt-pt\/wp-json\/wp\/v2\/posts"}],"about":[{"href":"https:\/\/www.pressenza.com\/pt-pt\/wp-json\/wp\/v2\/types\/post"}],"author":[{"embeddable":true,"href":"https:\/\/www.pressenza.com\/pt-pt\/wp-json\/wp\/v2\/users\/993"}],"replies":[{"embeddable":true,"href":"https:\/\/www.pressenza.com\/pt-pt\/wp-json\/wp\/v2\/comments?post=280793"}],"version-history":[{"count":0,"href":"https:\/\/www.pressenza.com\/pt-pt\/wp-json\/wp\/v2\/posts\/280793\/revisions"}],"wp:featuredmedia":[{"embeddable":true,"href":"https:\/\/www.pressenza.com\/pt-pt\/wp-json\/wp\/v2\/media\/280794"}],"wp:attachment":[{"href":"https:\/\/www.pressenza.com\/pt-pt\/wp-json\/wp\/v2\/media?parent=280793"}],"wp:term":[{"taxonomy":"category","embeddable":true,"href":"https:\/\/www.pressenza.com\/pt-pt\/wp-json\/wp\/v2\/categories?post=280793"},{"taxonomy":"post_tag","embeddable":true,"href":"https:\/\/www.pressenza.com\/pt-pt\/wp-json\/wp\/v2\/tags?post=280793"}],"curies":[{"name":"wp","href":"https:\/\/api.w.org\/{rel}","templated":true}]}}