{"id":277585,"date":"2016-02-13T00:55:22","date_gmt":"2016-02-13T00:55:22","guid":{"rendered":"http:\/\/www.pressenza.com\/pt-pt\/?p=277585"},"modified":"2016-02-13T01:39:22","modified_gmt":"2016-02-13T01:39:22","slug":"imigrantes-as-vozes-silenciadas","status":"publish","type":"post","link":"https:\/\/www.pressenza.com\/pt-pt\/2016\/02\/imigrantes-as-vozes-silenciadas\/","title":{"rendered":"Imigrantes, as vozes silenciadas"},"content":{"rendered":"<p>Como mulher, imigrante e ativista n\u00e3o s\u00e3o poucas as situa\u00e7\u00f5es nas quais me sinto desvalorizada e invis\u00edvel.<\/p>\n<p>S\u00f3 para ilustrar\u00a0vou relatar uma situa\u00e7\u00e3o recente, nossa Equipe de Base foi convidada para participar de una mesa de fechamento, no dia dos Direitos Humanos, de um curso sobre migra\u00e7\u00f5es. A organiza\u00e7\u00e3o encaminhou os requisitos: <\/p>\n<p>&#8211; Enviar, por email, a Proposta de Trabalho, preenchida e assinada, verificando os campos em vermelho e completando o documento anexo.<br \/>\n&#8211; Enviar, por email, a Declara\u00e7\u00e3o de Tributos Mobili\u00e1rios, preenchida e assinada;<br \/>\n&#8211; Enviar, por email, c\u00f3pia dos seguintes documentos:<br \/>\n1.Comprova\u00e7\u00e3o da sua titula\u00e7\u00e3o, seja diploma, certificado ou ata de defesa de tese;<br \/>\n2.C\u00e9dula de identidade;<br \/>\n3.CPF.<br \/>\n&#8211; Curriculum Lattes ou Vitae<br \/>\n&#8211; Comprovante de resid\u00eancia recente (um dos \u00faltimos tr\u00eas meses)\/PIS\/PASEP<br \/>\n&#8211; N\u00ba Inscri\u00e7\u00e3o no Instituto Nacional de Seguro Social (INSS).<br \/>\n&#8211; N\u00famero\u00a0de inscri\u00e7\u00e3o do Trabalhador (NIT)<br \/>\n&#8211; N\u00ba\u00a0Banco\/Agencia\/n\u00famero de conta corrente<\/p>\n<p>No nosso caso n\u00e3o temos como comprovar o item 1. (motivo pelo qual n\u00e3o participamos, n\u00e3o cumpr\u00edamos os requisitos), e acredito que poucos imigrantes ativistas cumprem todos esses requisitos. Claro que a participa\u00e7\u00e3o seria remunerada e por esse motivo solicitaram tudo isso, para comprovar pagamento.<\/p>\n<p>Ter\u00edamos participado sem pagamento (tudo o que fazemos \u00e9 de forma gratuita), por\u00e9m n\u00e3o se deu essa op\u00e7\u00e3o, mas, seria justo?<\/p>\n<p>Quest\u00e3o N\u00b01:<br \/>\nPorque se s\u00e3o eventos, cursos, que tem um discurso de inclus\u00e3o, valoriza\u00e7\u00e3o, etc. para\u00a0 os imigrantes, tem requisitos t\u00e3o burocr\u00e1ticos? Pasmem, \u00e9 dif\u00edcil na pr\u00e1tica ter uma conta corrente se voc\u00ea \u00e9 imigrante.<br \/>\nComprovante de resid\u00eancia \u00e9 outro item\u00a0complicado porque os imigrantes muitas vezes n\u00e3o re\u00fanem todas as condi\u00e7\u00f5es para alugar por conta pr\u00f3pria, ent\u00e3o alugam entre v\u00e1rios ou encontram outras formas (sei que \u00e9 aceito como comprovante um\u00a0 escrito que diga onde voc\u00ea mora, por\u00e9m nem imigrantes residentes faz muitos anos conhecem essa op\u00e7\u00e3o)<\/p>\n<p>PIS\/Pasep\u00a0 outro item dif\u00edcil.<br \/>\nOs imigrantes estamos em situa\u00e7\u00e3o vulner\u00e1vel, precisamente porque existe muita burocracia para regularizar nossa situa\u00e7\u00e3o e \u00e9 por isso que n\u00e3o conseguimos nos inserir como cidad\u00e3os (nem sequer temos direitos pol\u00edticos).<\/p>\n<p>Quest\u00e3o N\u00b02:<br \/>\nNada contra acad\u00eamicos, por\u00e9m esse olhar de s\u00f3 valorizar o acad\u00eamico e desvalorizar o conhecimento emp\u00edrico dos imigrantes ativistas, ou ativistas em geral, me chama muito a aten\u00e7\u00e3o. Porque n\u00e3o pode se dar o seu devido valor a esse conhecimento fruto da experi\u00eancia? H\u00e1 muitas pessoas que s\u00e3o convidadas a falar sobre os imigrantes porque fizeram algum trabalho sobres n\u00f3s e parecesse que\u00a0 sua fala tem mais valor que a fala dos pr\u00f3prios imigrantes. S\u00f3 lembrando que\u00a0 muitos desses trabalhos acad\u00eamicos s\u00e3o fruto\u00a0 de acompanhar esse trabalho dos ativistas ou fazer question\u00e1rios que resumem o trabalho de base de anos dos mesmos.<br \/>\nAcredito que seria muito mais rico para as mesas de debate se pesquisadores e imigrantes colocassem juntos suas opini\u00f5es, complementando-se.<\/p>\n<p>Quest\u00e3o N\u00b03:<br \/>\nPorque vemos t\u00e3o pouco espa\u00e7o para os imigrantes se expressar, e quando nos \u00e9 dado algum espa\u00e7o por via de regra temos 3 min para falar porque o \u201ctempo esta acabando\u201d e \u201ctodos tem que falar\u201d?<\/p>\n<p>Quest\u00e3o N\u00b04:<br \/>\nNossa trajet\u00f3ria, todo o que fazemos como ativistas de forma gratuita, n\u00e3o nos da elementos suficientes para ser valorizados e poder colocar o que pensamos nas mesas de debate? Incomoda tanto assim o que expressamos? Reclamamos muito? N\u00e3o gostam de encontrar posicionamentos divergentes a suas afirma\u00e7\u00f5es?<\/p>\n<p>S\u00edntese<\/p>\n<p>Recebemos e-mails com pedidos de desculpas por parte da organiza\u00e7\u00e3o pela situa\u00e7\u00e3o de constrangimento, porque foi isso o que aconteceu, constrangimento. Nos foram dados v\u00e1rios motivos para o acontecido que podem ser v\u00e1lidos. Mas n\u00e3o podemos mais deixar passar coisas como essas como fatos isolados, porque n\u00e3o s\u00e3o.<\/p>\n<p>Acontecem uma e outra vez e agora decidimos que vamos a falar publicamente para visibilizar o que temos guardado na garganta e que n\u00e3o podemos falar porque incomoda, fatos como quando fomos violentadas verbalmente por membros do conselho gestor da UBS do Canind\u00ea de tal forma que chorei\u00a0 de raiva por ver outras mulheres brasileiras n\u00e3o fazerem nada porque elas eram tamb\u00e9m vitimas de essa mesma viol\u00eancia e n\u00e3o sabiam como agir; chorei de raiva de ver meus filhos que estavam comigo, expostos a esse maltrato e ainda tive que ver aos \u201csenhores\u201d (foram 2 idosos, o que n\u00e3o justifica seu comportamento) ficar felizes por verme chorar e sair vitoriosos.<\/p>\n<p>Ou como quando minha companheira da Warmis chorou tamb\u00e9m por ser discriminada e agredida verbalmente por outra mulher brasileira em um espa\u00e7o de forma\u00e7\u00e3o de g\u00eanero na sua sub-prefeitura, e ainda depois dita mulher saio falando aos quatro ventos que ela que foi discriminada e maltratada denunciando a professora do curso por defender a minha companheira do maltrato.<\/p>\n<p>Dev\u00edamos ter registrado boletim de ocorr\u00eancia nos dois casos, mas tamb\u00e9m n\u00e3o est\u00e1vamos preparadas para isso, ningu\u00e9m esta preparado para lidar com a viol\u00eancia; preferimos pensar que foi algo isolado que aconteceu e n\u00e3o fazer nada, s\u00f3 esquecer. <\/p>\n<p>Por\u00e9m como ativistas n\u00e3o podemos esquecer que temos que falar e colocar o que esta acontecendo para mudar a situa\u00e7\u00e3o.<br \/>\n\u00a0<br \/>\nPor Jobana Moya (imigrante boliviana, humanista e ativista)<\/p>\n","protected":false},"excerpt":{"rendered":"<p>Como mulher, imigrante e ativista n\u00e3o s\u00e3o poucas as situa\u00e7\u00f5es nas quais me sinto desvalorizada e invis\u00edvel. S\u00f3 para ilustrar\u00a0vou relatar uma situa\u00e7\u00e3o recente, nossa Equipe de Base foi convidada para participar de una mesa de fechamento, no dia dos&hellip;<\/p>\n","protected":false},"author":1283,"featured_media":277594,"comment_status":"closed","ping_status":"open","sticky":false,"template":"","format":"standard","meta":{"footnotes":""},"categories":[104,11390,1255,1254,1256,165],"tags":[2744,11343,5919,5053,11344],"class_list":["post-277585","post","type-post","status-publish","format-standard","has-post-thumbnail","hentry","category-america-do-sul","category-conteudo-original","category-diversidade","category-humanismo-espiritualidade","category-nao-violencia","category-opiniao","tag-brasil","tag-convergencia-das-culturas","tag-movimento-humanista","tag-sao-paulo","tag-warmis"],"yoast_head":"<!-- This site is optimized with the Yoast SEO plugin v27.1.1 - https:\/\/yoast.com\/product\/yoast-seo-wordpress\/ -->\n<title>Imigrantes, as vozes silenciadas<\/title>\n<meta name=\"description\" content=\"Como mulher, imigrante e ativista n\u00e3o s\u00e3o poucas as situa\u00e7\u00f5es nas quais me sinto desvalorizada e invis\u00edvel. S\u00f3 para ilustrar\u00a0vou relatar uma situa\u00e7\u00e3o\" \/>\n<meta name=\"robots\" content=\"index, follow, max-snippet:-1, max-image-preview:large, max-video-preview:-1\" \/>\n<link rel=\"canonical\" href=\"https:\/\/www.pressenza.com\/pt-pt\/2016\/02\/imigrantes-as-vozes-silenciadas\/\" \/>\n<meta property=\"og:locale\" content=\"pt_PT\" \/>\n<meta property=\"og:type\" content=\"article\" \/>\n<meta property=\"og:title\" content=\"Imigrantes, as vozes silenciadas\" \/>\n<meta property=\"og:description\" content=\"Como mulher, imigrante e ativista n\u00e3o s\u00e3o poucas as situa\u00e7\u00f5es nas quais me sinto desvalorizada e invis\u00edvel. S\u00f3 para ilustrar\u00a0vou relatar uma situa\u00e7\u00e3o\" \/>\n<meta property=\"og:url\" content=\"https:\/\/www.pressenza.com\/pt-pt\/2016\/02\/imigrantes-as-vozes-silenciadas\/\" \/>\n<meta property=\"og:site_name\" content=\"Pressenza\" \/>\n<meta property=\"article:publisher\" content=\"https:\/\/www.facebook.com\/PressenzaItalia\" \/>\n<meta property=\"article:author\" content=\"https:\/\/www.facebook.com\/EquipeDeBaseWarmisConvergenciaDasCulturas\/\" \/>\n<meta property=\"article:published_time\" content=\"2016-02-13T00:55:22+00:00\" \/>\n<meta property=\"article:modified_time\" content=\"2016-02-13T01:39:22+00:00\" \/>\n<meta property=\"og:image\" content=\"https:\/\/www.pressenza.com\/wp-content\/uploads\/2016\/02\/helenaweb.jpg\" \/>\n\t<meta property=\"og:image:width\" content=\"700\" \/>\n\t<meta property=\"og:image:height\" content=\"495\" \/>\n\t<meta property=\"og:image:type\" content=\"image\/jpeg\" \/>\n<meta name=\"author\" content=\"Equipe de Base Warmis-Converg\u00eancia das Culturas\" \/>\n<meta name=\"twitter:card\" content=\"summary_large_image\" \/>\n<meta name=\"twitter:creator\" content=\"@basewarmis\" \/>\n<meta name=\"twitter:site\" content=\"@PressenzaIPA\" \/>\n<meta name=\"twitter:label1\" content=\"Escrito por\" \/>\n\t<meta name=\"twitter:data1\" content=\"Equipe de Base Warmis-Converg\u00eancia das Culturas\" \/>\n\t<meta name=\"twitter:label2\" content=\"Tempo estimado de leitura\" \/>\n\t<meta name=\"twitter:data2\" content=\"5 minutos\" \/>\n<script type=\"application\/ld+json\" class=\"yoast-schema-graph\">{\"@context\":\"https:\/\/schema.org\",\"@graph\":[{\"@type\":\"Article\",\"@id\":\"https:\/\/www.pressenza.com\/pt-pt\/2016\/02\/imigrantes-as-vozes-silenciadas\/#article\",\"isPartOf\":{\"@id\":\"https:\/\/www.pressenza.com\/pt-pt\/2016\/02\/imigrantes-as-vozes-silenciadas\/\"},\"author\":{\"name\":\"Equipe de Base Warmis-Converg\u00eancia das Culturas\",\"@id\":\"https:\/\/www.pressenza.com\/pt-pt\/#\/schema\/person\/e08eda5bae47cda13b1567e96216cf51\"},\"headline\":\"Imigrantes, as vozes silenciadas\",\"datePublished\":\"2016-02-13T00:55:22+00:00\",\"dateModified\":\"2016-02-13T01:39:22+00:00\",\"mainEntityOfPage\":{\"@id\":\"https:\/\/www.pressenza.com\/pt-pt\/2016\/02\/imigrantes-as-vozes-silenciadas\/\"},\"wordCount\":935,\"publisher\":{\"@id\":\"https:\/\/www.pressenza.com\/pt-pt\/#organization\"},\"image\":{\"@id\":\"https:\/\/www.pressenza.com\/pt-pt\/2016\/02\/imigrantes-as-vozes-silenciadas\/#primaryimage\"},\"thumbnailUrl\":\"https:\/\/www.pressenza.com\/wp-content\/uploads\/2016\/02\/helenaweb.jpg\",\"keywords\":[\"Brasil\",\"convergencia das culturas\",\"movimento humanista\",\"S\u00e3o Paulo\",\"warmis\"],\"articleSection\":[\"\u00c1m\u00e9rica do Sul\",\"Conte\u00fado Original\",\"Diversidade\",\"Humanismo e Espiritualidade\",\"N\u00e3o viol\u00eancia\",\"Opini\u00e3o\"],\"inLanguage\":\"pt-PT\"},{\"@type\":\"WebPage\",\"@id\":\"https:\/\/www.pressenza.com\/pt-pt\/2016\/02\/imigrantes-as-vozes-silenciadas\/\",\"url\":\"https:\/\/www.pressenza.com\/pt-pt\/2016\/02\/imigrantes-as-vozes-silenciadas\/\",\"name\":\"Imigrantes, as vozes silenciadas\",\"isPartOf\":{\"@id\":\"https:\/\/www.pressenza.com\/pt-pt\/#website\"},\"primaryImageOfPage\":{\"@id\":\"https:\/\/www.pressenza.com\/pt-pt\/2016\/02\/imigrantes-as-vozes-silenciadas\/#primaryimage\"},\"image\":{\"@id\":\"https:\/\/www.pressenza.com\/pt-pt\/2016\/02\/imigrantes-as-vozes-silenciadas\/#primaryimage\"},\"thumbnailUrl\":\"https:\/\/www.pressenza.com\/wp-content\/uploads\/2016\/02\/helenaweb.jpg\",\"datePublished\":\"2016-02-13T00:55:22+00:00\",\"dateModified\":\"2016-02-13T01:39:22+00:00\",\"description\":\"Como mulher, imigrante e ativista n\u00e3o s\u00e3o poucas as situa\u00e7\u00f5es nas quais me sinto desvalorizada e invis\u00edvel. S\u00f3 para ilustrar\u00a0vou relatar uma situa\u00e7\u00e3o\",\"breadcrumb\":{\"@id\":\"https:\/\/www.pressenza.com\/pt-pt\/2016\/02\/imigrantes-as-vozes-silenciadas\/#breadcrumb\"},\"inLanguage\":\"pt-PT\",\"potentialAction\":[{\"@type\":\"ReadAction\",\"target\":[\"https:\/\/www.pressenza.com\/pt-pt\/2016\/02\/imigrantes-as-vozes-silenciadas\/\"]}]},{\"@type\":\"ImageObject\",\"inLanguage\":\"pt-PT\",\"@id\":\"https:\/\/www.pressenza.com\/pt-pt\/2016\/02\/imigrantes-as-vozes-silenciadas\/#primaryimage\",\"url\":\"https:\/\/www.pressenza.com\/wp-content\/uploads\/2016\/02\/helenaweb.jpg\",\"contentUrl\":\"https:\/\/www.pressenza.com\/wp-content\/uploads\/2016\/02\/helenaweb.jpg\",\"width\":700,\"height\":495},{\"@type\":\"BreadcrumbList\",\"@id\":\"https:\/\/www.pressenza.com\/pt-pt\/2016\/02\/imigrantes-as-vozes-silenciadas\/#breadcrumb\",\"itemListElement\":[{\"@type\":\"ListItem\",\"position\":1,\"name\":\"Accueil\",\"item\":\"https:\/\/www.pressenza.com\/pt-pt\/\"},{\"@type\":\"ListItem\",\"position\":2,\"name\":\"Imigrantes, as vozes silenciadas\"}]},{\"@type\":\"WebSite\",\"@id\":\"https:\/\/www.pressenza.com\/pt-pt\/#website\",\"url\":\"https:\/\/www.pressenza.com\/pt-pt\/\",\"name\":\"Pressenza\",\"description\":\"International Press Agency\",\"publisher\":{\"@id\":\"https:\/\/www.pressenza.com\/pt-pt\/#organization\"},\"potentialAction\":[{\"@type\":\"SearchAction\",\"target\":{\"@type\":\"EntryPoint\",\"urlTemplate\":\"https:\/\/www.pressenza.com\/pt-pt\/?s={search_term_string}\"},\"query-input\":{\"@type\":\"PropertyValueSpecification\",\"valueRequired\":true,\"valueName\":\"search_term_string\"}}],\"inLanguage\":\"pt-PT\"},{\"@type\":\"Organization\",\"@id\":\"https:\/\/www.pressenza.com\/pt-pt\/#organization\",\"name\":\"Pressenza\",\"url\":\"https:\/\/www.pressenza.com\/pt-pt\/\",\"logo\":{\"@type\":\"ImageObject\",\"inLanguage\":\"pt-PT\",\"@id\":\"https:\/\/www.pressenza.com\/pt-pt\/#\/schema\/logo\/image\/\",\"url\":\"https:\/\/www.pressenza.com\/wp-content\/uploads\/2022\/10\/pressenza_logo_200x200.jpg\",\"contentUrl\":\"https:\/\/www.pressenza.com\/wp-content\/uploads\/2022\/10\/pressenza_logo_200x200.jpg\",\"width\":200,\"height\":200,\"caption\":\"Pressenza\"},\"image\":{\"@id\":\"https:\/\/www.pressenza.com\/pt-pt\/#\/schema\/logo\/image\/\"},\"sameAs\":[\"https:\/\/www.facebook.com\/PressenzaItalia\",\"https:\/\/x.com\/PressenzaIPA\"]},{\"@type\":\"Person\",\"@id\":\"https:\/\/www.pressenza.com\/pt-pt\/#\/schema\/person\/e08eda5bae47cda13b1567e96216cf51\",\"name\":\"Equipe de Base Warmis-Converg\u00eancia das Culturas\",\"description\":\"Somos mulheres imigrantes volunt\u00e1rias, que queremos transformar nossa realidade e melhorar as condi\u00e7\u00f5es nas quais vivemos, desenvolvendo e promovendo atividades em nossas comunidades.\",\"sameAs\":[\"http:\/\/www.warmis.org\",\"https:\/\/www.facebook.com\/EquipeDeBaseWarmisConvergenciaDasCulturas\/\",\"https:\/\/x.com\/basewarmis\"],\"url\":\"https:\/\/www.pressenza.com\/pt-pt\/author\/warmis\/\"}]}<\/script>\n<!-- \/ Yoast SEO plugin. -->","yoast_head_json":{"title":"Imigrantes, as vozes silenciadas","description":"Como mulher, imigrante e ativista n\u00e3o s\u00e3o poucas as situa\u00e7\u00f5es nas quais me sinto desvalorizada e invis\u00edvel. S\u00f3 para ilustrar\u00a0vou relatar uma situa\u00e7\u00e3o","robots":{"index":"index","follow":"follow","max-snippet":"max-snippet:-1","max-image-preview":"max-image-preview:large","max-video-preview":"max-video-preview:-1"},"canonical":"https:\/\/www.pressenza.com\/pt-pt\/2016\/02\/imigrantes-as-vozes-silenciadas\/","og_locale":"pt_PT","og_type":"article","og_title":"Imigrantes, as vozes silenciadas","og_description":"Como mulher, imigrante e ativista n\u00e3o s\u00e3o poucas as situa\u00e7\u00f5es nas quais me sinto desvalorizada e invis\u00edvel. S\u00f3 para ilustrar\u00a0vou relatar uma situa\u00e7\u00e3o","og_url":"https:\/\/www.pressenza.com\/pt-pt\/2016\/02\/imigrantes-as-vozes-silenciadas\/","og_site_name":"Pressenza","article_publisher":"https:\/\/www.facebook.com\/PressenzaItalia","article_author":"https:\/\/www.facebook.com\/EquipeDeBaseWarmisConvergenciaDasCulturas\/","article_published_time":"2016-02-13T00:55:22+00:00","article_modified_time":"2016-02-13T01:39:22+00:00","og_image":[{"width":700,"height":495,"url":"https:\/\/www.pressenza.com\/wp-content\/uploads\/2016\/02\/helenaweb.jpg","type":"image\/jpeg"}],"author":"Equipe de Base Warmis-Converg\u00eancia das Culturas","twitter_card":"summary_large_image","twitter_creator":"@basewarmis","twitter_site":"@PressenzaIPA","twitter_misc":{"Escrito por":"Equipe de Base Warmis-Converg\u00eancia das Culturas","Tempo estimado de leitura":"5 minutos"},"schema":{"@context":"https:\/\/schema.org","@graph":[{"@type":"Article","@id":"https:\/\/www.pressenza.com\/pt-pt\/2016\/02\/imigrantes-as-vozes-silenciadas\/#article","isPartOf":{"@id":"https:\/\/www.pressenza.com\/pt-pt\/2016\/02\/imigrantes-as-vozes-silenciadas\/"},"author":{"name":"Equipe de Base Warmis-Converg\u00eancia das Culturas","@id":"https:\/\/www.pressenza.com\/pt-pt\/#\/schema\/person\/e08eda5bae47cda13b1567e96216cf51"},"headline":"Imigrantes, as vozes silenciadas","datePublished":"2016-02-13T00:55:22+00:00","dateModified":"2016-02-13T01:39:22+00:00","mainEntityOfPage":{"@id":"https:\/\/www.pressenza.com\/pt-pt\/2016\/02\/imigrantes-as-vozes-silenciadas\/"},"wordCount":935,"publisher":{"@id":"https:\/\/www.pressenza.com\/pt-pt\/#organization"},"image":{"@id":"https:\/\/www.pressenza.com\/pt-pt\/2016\/02\/imigrantes-as-vozes-silenciadas\/#primaryimage"},"thumbnailUrl":"https:\/\/www.pressenza.com\/wp-content\/uploads\/2016\/02\/helenaweb.jpg","keywords":["Brasil","convergencia das culturas","movimento humanista","S\u00e3o Paulo","warmis"],"articleSection":["\u00c1m\u00e9rica do Sul","Conte\u00fado Original","Diversidade","Humanismo e Espiritualidade","N\u00e3o viol\u00eancia","Opini\u00e3o"],"inLanguage":"pt-PT"},{"@type":"WebPage","@id":"https:\/\/www.pressenza.com\/pt-pt\/2016\/02\/imigrantes-as-vozes-silenciadas\/","url":"https:\/\/www.pressenza.com\/pt-pt\/2016\/02\/imigrantes-as-vozes-silenciadas\/","name":"Imigrantes, as vozes silenciadas","isPartOf":{"@id":"https:\/\/www.pressenza.com\/pt-pt\/#website"},"primaryImageOfPage":{"@id":"https:\/\/www.pressenza.com\/pt-pt\/2016\/02\/imigrantes-as-vozes-silenciadas\/#primaryimage"},"image":{"@id":"https:\/\/www.pressenza.com\/pt-pt\/2016\/02\/imigrantes-as-vozes-silenciadas\/#primaryimage"},"thumbnailUrl":"https:\/\/www.pressenza.com\/wp-content\/uploads\/2016\/02\/helenaweb.jpg","datePublished":"2016-02-13T00:55:22+00:00","dateModified":"2016-02-13T01:39:22+00:00","description":"Como mulher, imigrante e ativista n\u00e3o s\u00e3o poucas as situa\u00e7\u00f5es nas quais me sinto desvalorizada e invis\u00edvel. S\u00f3 para ilustrar\u00a0vou relatar uma situa\u00e7\u00e3o","breadcrumb":{"@id":"https:\/\/www.pressenza.com\/pt-pt\/2016\/02\/imigrantes-as-vozes-silenciadas\/#breadcrumb"},"inLanguage":"pt-PT","potentialAction":[{"@type":"ReadAction","target":["https:\/\/www.pressenza.com\/pt-pt\/2016\/02\/imigrantes-as-vozes-silenciadas\/"]}]},{"@type":"ImageObject","inLanguage":"pt-PT","@id":"https:\/\/www.pressenza.com\/pt-pt\/2016\/02\/imigrantes-as-vozes-silenciadas\/#primaryimage","url":"https:\/\/www.pressenza.com\/wp-content\/uploads\/2016\/02\/helenaweb.jpg","contentUrl":"https:\/\/www.pressenza.com\/wp-content\/uploads\/2016\/02\/helenaweb.jpg","width":700,"height":495},{"@type":"BreadcrumbList","@id":"https:\/\/www.pressenza.com\/pt-pt\/2016\/02\/imigrantes-as-vozes-silenciadas\/#breadcrumb","itemListElement":[{"@type":"ListItem","position":1,"name":"Accueil","item":"https:\/\/www.pressenza.com\/pt-pt\/"},{"@type":"ListItem","position":2,"name":"Imigrantes, as vozes silenciadas"}]},{"@type":"WebSite","@id":"https:\/\/www.pressenza.com\/pt-pt\/#website","url":"https:\/\/www.pressenza.com\/pt-pt\/","name":"Pressenza","description":"International Press Agency","publisher":{"@id":"https:\/\/www.pressenza.com\/pt-pt\/#organization"},"potentialAction":[{"@type":"SearchAction","target":{"@type":"EntryPoint","urlTemplate":"https:\/\/www.pressenza.com\/pt-pt\/?s={search_term_string}"},"query-input":{"@type":"PropertyValueSpecification","valueRequired":true,"valueName":"search_term_string"}}],"inLanguage":"pt-PT"},{"@type":"Organization","@id":"https:\/\/www.pressenza.com\/pt-pt\/#organization","name":"Pressenza","url":"https:\/\/www.pressenza.com\/pt-pt\/","logo":{"@type":"ImageObject","inLanguage":"pt-PT","@id":"https:\/\/www.pressenza.com\/pt-pt\/#\/schema\/logo\/image\/","url":"https:\/\/www.pressenza.com\/wp-content\/uploads\/2022\/10\/pressenza_logo_200x200.jpg","contentUrl":"https:\/\/www.pressenza.com\/wp-content\/uploads\/2022\/10\/pressenza_logo_200x200.jpg","width":200,"height":200,"caption":"Pressenza"},"image":{"@id":"https:\/\/www.pressenza.com\/pt-pt\/#\/schema\/logo\/image\/"},"sameAs":["https:\/\/www.facebook.com\/PressenzaItalia","https:\/\/x.com\/PressenzaIPA"]},{"@type":"Person","@id":"https:\/\/www.pressenza.com\/pt-pt\/#\/schema\/person\/e08eda5bae47cda13b1567e96216cf51","name":"Equipe de Base Warmis-Converg\u00eancia das Culturas","description":"Somos mulheres imigrantes volunt\u00e1rias, que queremos transformar nossa realidade e melhorar as condi\u00e7\u00f5es nas quais vivemos, desenvolvendo e promovendo atividades em nossas comunidades.","sameAs":["http:\/\/www.warmis.org","https:\/\/www.facebook.com\/EquipeDeBaseWarmisConvergenciaDasCulturas\/","https:\/\/x.com\/basewarmis"],"url":"https:\/\/www.pressenza.com\/pt-pt\/author\/warmis\/"}]}},"place":"","original_article_url":"","_links":{"self":[{"href":"https:\/\/www.pressenza.com\/pt-pt\/wp-json\/wp\/v2\/posts\/277585","targetHints":{"allow":["GET"]}}],"collection":[{"href":"https:\/\/www.pressenza.com\/pt-pt\/wp-json\/wp\/v2\/posts"}],"about":[{"href":"https:\/\/www.pressenza.com\/pt-pt\/wp-json\/wp\/v2\/types\/post"}],"author":[{"embeddable":true,"href":"https:\/\/www.pressenza.com\/pt-pt\/wp-json\/wp\/v2\/users\/1283"}],"replies":[{"embeddable":true,"href":"https:\/\/www.pressenza.com\/pt-pt\/wp-json\/wp\/v2\/comments?post=277585"}],"version-history":[{"count":0,"href":"https:\/\/www.pressenza.com\/pt-pt\/wp-json\/wp\/v2\/posts\/277585\/revisions"}],"wp:featuredmedia":[{"embeddable":true,"href":"https:\/\/www.pressenza.com\/pt-pt\/wp-json\/wp\/v2\/media\/277594"}],"wp:attachment":[{"href":"https:\/\/www.pressenza.com\/pt-pt\/wp-json\/wp\/v2\/media?parent=277585"}],"wp:term":[{"taxonomy":"category","embeddable":true,"href":"https:\/\/www.pressenza.com\/pt-pt\/wp-json\/wp\/v2\/categories?post=277585"},{"taxonomy":"post_tag","embeddable":true,"href":"https:\/\/www.pressenza.com\/pt-pt\/wp-json\/wp\/v2\/tags?post=277585"}],"curies":[{"name":"wp","href":"https:\/\/api.w.org\/{rel}","templated":true}]}}