{"id":2696855,"date":"2026-04-30T20:11:47","date_gmt":"2026-04-30T19:11:47","guid":{"rendered":"https:\/\/www.pressenza.com\/?p=2696855"},"modified":"2026-04-30T20:11:47","modified_gmt":"2026-04-30T19:11:47","slug":"aung-san-suu-kyi-a-mulher-mais-temida-pelos-generais-esta-novamente-em-liberdade","status":"publish","type":"post","link":"https:\/\/www.pressenza.com\/pt-pt\/2026\/04\/aung-san-suu-kyi-a-mulher-mais-temida-pelos-generais-esta-novamente-em-liberdade\/","title":{"rendered":"Aung San Suu Kyi: a mulher mais temida pelos generais est\u00e1 novamente em liberdade"},"content":{"rendered":"<p>Aung San Suu Kyi, a l\u00edder birmanesa ganhadora do Pr\u00eamio Nobel da Paz, possui algo que os generais nunca tiveram: ela \u00e9 legitimada pelo mandato que o povo lhe conferiu para governar o pa\u00eds. Os generais, por outro lado, nunca foram eleitos e, aos olhos do povo, n\u00e3o t\u00eam qualquer autoridade reconhecida.<\/p>\n<p>Em seu primeiro discurso pol\u00edtico, em 26 de agosto de 1988, uma mulher de quarenta e tr\u00eas anos sem experi\u00eancia pol\u00edtica, que at\u00e9 poucas semanas antes vivia em Cambridge com o marido e dois filhos, lan\u00e7ada na batalha pelos l\u00edderes da revolta que lhe pediram, em virtude de sua linhagem como filha do her\u00f3i nacional da independ\u00eancia birmanesa, que assumisse a lideran\u00e7a da revolu\u00e7\u00e3o, teve a ousadia de definir a insurrei\u00e7\u00e3o popular em curso desde agosto de 1988 como a \u201csegunda luta pela independ\u00eancia\u201d e, a partir daquele momento, entrou na pol\u00edtica. Sua mensagem pol\u00edtica, desde ent\u00e3o, tem sido a de desafiar diligentemente toda autoridade e ordem injusta. Ela encorajava as pessoas a se engajarem em uma resist\u00eancia pol\u00edtica n\u00e3o violenta.<\/p>\n<p>Seu objetivo pol\u00edtico sempre foi claro e abertamente declarado: derrubar o regime ditatorial e estabelecer uma ordem democr\u00e1tica para garantir direitos iguais e dignidade em um Estado confederado. Justamente gra\u00e7as \u00e0 insurrei\u00e7\u00e3o geral de agosto de 1988, a consci\u00eancia dos ideais democr\u00e1ticos entre os birmaneses aumentou significativamente desde ent\u00e3o. Por essa raz\u00e3o, os generais a colocaram em pris\u00e3o domiciliar j\u00e1 em 20 de julho de 1989. Desde ent\u00e3o, passaram-se mais de trinta e cinco anos, e Aung San Suu Kyi passou vinte deles em pris\u00e3o domiciliar, se n\u00e3o propriamente na pris\u00e3o, como nos \u00faltimos cinco.<\/p>\n<p>Mas hoje finalmente chegou a not\u00edcia que todos esper\u00e1vamos: esta noite ela foi libertada e levada para \u201cuma casa\u201d, certamente em pris\u00e3o domiciliar. Esperamos ter not\u00edcias dela em breve.<\/p>\n","protected":false},"excerpt":{"rendered":"<p>Aung San Suu Kyi, a l\u00edder birmanesa ganhadora do Pr\u00eamio Nobel da Paz, possui algo que os generais nunca tiveram: ela \u00e9 legitimada pelo mandato que o povo lhe conferiu para governar o pa\u00eds. Os generais, por outro lado, nunca&hellip;<\/p>\n","protected":false},"author":1795,"featured_media":994010,"comment_status":"closed","ping_status":"closed","sticky":false,"template":"","format":"standard","meta":{"footnotes":""},"categories":[11390,107669,111],"tags":[],"class_list":["post-2696855","post","type-post","status-publish","format-standard","has-post-thumbnail","hentry","category-conteudo-original","category-noticia-pt-pt","category-politica-pt-pt"],"yoast_head":"<!-- This site is optimized with the Yoast SEO plugin v27.1.1 - https:\/\/yoast.com\/product\/yoast-seo-wordpress\/ -->\n<title>Aung San Suu Kyi: a mulher mais temida pelos generais est\u00e1 novamente em liberdade<\/title>\n<meta name=\"description\" content=\"Aung San Suu Kyi, a l\u00edder birmanesa ganhadora do Pr\u00eamio Nobel da Paz, possui algo que os generais nunca tiveram: ela \u00e9 legitimada pelo mandato que o povo\" \/>\n<meta name=\"robots\" content=\"index, follow, max-snippet:-1, max-image-preview:large, max-video-preview:-1\" \/>\n<link rel=\"canonical\" href=\"https:\/\/www.pressenza.com\/pt-pt\/2026\/04\/aung-san-suu-kyi-a-mulher-mais-temida-pelos-generais-esta-novamente-em-liberdade\/\" \/>\n<meta property=\"og:locale\" content=\"pt_PT\" \/>\n<meta property=\"og:type\" content=\"article\" \/>\n<meta property=\"og:title\" content=\"Aung San Suu Kyi: a mulher mais temida pelos generais est\u00e1 novamente em liberdade\" \/>\n<meta property=\"og:description\" content=\"Aung San Suu Kyi, a l\u00edder birmanesa ganhadora do Pr\u00eamio Nobel da Paz, possui algo que os generais nunca tiveram: ela \u00e9 legitimada pelo mandato que o povo\" \/>\n<meta property=\"og:url\" content=\"https:\/\/www.pressenza.com\/pt-pt\/2026\/04\/aung-san-suu-kyi-a-mulher-mais-temida-pelos-generais-esta-novamente-em-liberdade\/\" \/>\n<meta property=\"og:site_name\" content=\"Pressenza\" \/>\n<meta property=\"article:publisher\" content=\"https:\/\/www.facebook.com\/PressenzaItalia\" \/>\n<meta property=\"article:published_time\" content=\"2026-04-30T19:11:47+00:00\" \/>\n<meta property=\"og:image\" content=\"https:\/\/www.pressenza.com\/wp-content\/uploads\/2019\/12\/Aung_San_Suu_Kyi_31_ott_13_021.jpg\" \/>\n\t<meta property=\"og:image:width\" content=\"1024\" \/>\n\t<meta property=\"og:image:height\" content=\"680\" \/>\n\t<meta property=\"og:image:type\" content=\"image\/jpeg\" \/>\n<meta name=\"author\" content=\"Fiorella Carollo\" \/>\n<meta name=\"twitter:card\" content=\"summary_large_image\" \/>\n<meta name=\"twitter:creator\" content=\"@PressenzaIPA\" \/>\n<meta name=\"twitter:site\" content=\"@PressenzaIPA\" \/>\n<meta name=\"twitter:label1\" content=\"Escrito por\" \/>\n\t<meta name=\"twitter:data1\" content=\"Fiorella Carollo\" \/>\n\t<meta name=\"twitter:label2\" content=\"Tempo estimado de leitura\" \/>\n\t<meta name=\"twitter:data2\" content=\"2 minutos\" \/>\n<script type=\"application\/ld+json\" class=\"yoast-schema-graph\">{\"@context\":\"https:\/\/schema.org\",\"@graph\":[{\"@type\":\"Article\",\"@id\":\"https:\/\/www.pressenza.com\/pt-pt\/2026\/04\/aung-san-suu-kyi-a-mulher-mais-temida-pelos-generais-esta-novamente-em-liberdade\/#article\",\"isPartOf\":{\"@id\":\"https:\/\/www.pressenza.com\/pt-pt\/2026\/04\/aung-san-suu-kyi-a-mulher-mais-temida-pelos-generais-esta-novamente-em-liberdade\/\"},\"author\":{\"name\":\"Fiorella Carollo\",\"@id\":\"https:\/\/www.pressenza.com\/pt-pt\/#\/schema\/person\/84ebf19dce4d902a223619c900b9d714\"},\"headline\":\"Aung San Suu Kyi: a mulher mais temida pelos generais est\u00e1 novamente em liberdade\",\"datePublished\":\"2026-04-30T19:11:47+00:00\",\"mainEntityOfPage\":{\"@id\":\"https:\/\/www.pressenza.com\/pt-pt\/2026\/04\/aung-san-suu-kyi-a-mulher-mais-temida-pelos-generais-esta-novamente-em-liberdade\/\"},\"wordCount\":343,\"publisher\":{\"@id\":\"https:\/\/www.pressenza.com\/pt-pt\/#organization\"},\"image\":{\"@id\":\"https:\/\/www.pressenza.com\/pt-pt\/2026\/04\/aung-san-suu-kyi-a-mulher-mais-temida-pelos-generais-esta-novamente-em-liberdade\/#primaryimage\"},\"thumbnailUrl\":\"https:\/\/www.pressenza.com\/wp-content\/uploads\/2019\/12\/Aung_San_Suu_Kyi_31_ott_13_021.jpg\",\"articleSection\":[\"Conte\u00fado Original\",\"Not\u00edcia\",\"Pol\u00edtica\"],\"inLanguage\":\"pt-PT\"},{\"@type\":\"WebPage\",\"@id\":\"https:\/\/www.pressenza.com\/pt-pt\/2026\/04\/aung-san-suu-kyi-a-mulher-mais-temida-pelos-generais-esta-novamente-em-liberdade\/\",\"url\":\"https:\/\/www.pressenza.com\/pt-pt\/2026\/04\/aung-san-suu-kyi-a-mulher-mais-temida-pelos-generais-esta-novamente-em-liberdade\/\",\"name\":\"Aung San Suu Kyi: a mulher mais temida pelos generais est\u00e1 novamente em liberdade\",\"isPartOf\":{\"@id\":\"https:\/\/www.pressenza.com\/pt-pt\/#website\"},\"primaryImageOfPage\":{\"@id\":\"https:\/\/www.pressenza.com\/pt-pt\/2026\/04\/aung-san-suu-kyi-a-mulher-mais-temida-pelos-generais-esta-novamente-em-liberdade\/#primaryimage\"},\"image\":{\"@id\":\"https:\/\/www.pressenza.com\/pt-pt\/2026\/04\/aung-san-suu-kyi-a-mulher-mais-temida-pelos-generais-esta-novamente-em-liberdade\/#primaryimage\"},\"thumbnailUrl\":\"https:\/\/www.pressenza.com\/wp-content\/uploads\/2019\/12\/Aung_San_Suu_Kyi_31_ott_13_021.jpg\",\"datePublished\":\"2026-04-30T19:11:47+00:00\",\"description\":\"Aung San Suu Kyi, a l\u00edder birmanesa ganhadora do Pr\u00eamio Nobel da Paz, possui algo que os generais nunca tiveram: ela \u00e9 legitimada pelo mandato que o povo\",\"breadcrumb\":{\"@id\":\"https:\/\/www.pressenza.com\/pt-pt\/2026\/04\/aung-san-suu-kyi-a-mulher-mais-temida-pelos-generais-esta-novamente-em-liberdade\/#breadcrumb\"},\"inLanguage\":\"pt-PT\",\"potentialAction\":[{\"@type\":\"ReadAction\",\"target\":[\"https:\/\/www.pressenza.com\/pt-pt\/2026\/04\/aung-san-suu-kyi-a-mulher-mais-temida-pelos-generais-esta-novamente-em-liberdade\/\"]}]},{\"@type\":\"ImageObject\",\"inLanguage\":\"pt-PT\",\"@id\":\"https:\/\/www.pressenza.com\/pt-pt\/2026\/04\/aung-san-suu-kyi-a-mulher-mais-temida-pelos-generais-esta-novamente-em-liberdade\/#primaryimage\",\"url\":\"https:\/\/www.pressenza.com\/wp-content\/uploads\/2019\/12\/Aung_San_Suu_Kyi_31_ott_13_021.jpg\",\"contentUrl\":\"https:\/\/www.pressenza.com\/wp-content\/uploads\/2019\/12\/Aung_San_Suu_Kyi_31_ott_13_021.jpg\",\"width\":1024,\"height\":680},{\"@type\":\"BreadcrumbList\",\"@id\":\"https:\/\/www.pressenza.com\/pt-pt\/2026\/04\/aung-san-suu-kyi-a-mulher-mais-temida-pelos-generais-esta-novamente-em-liberdade\/#breadcrumb\",\"itemListElement\":[{\"@type\":\"ListItem\",\"position\":1,\"name\":\"Accueil\",\"item\":\"https:\/\/www.pressenza.com\/pt-pt\/\"},{\"@type\":\"ListItem\",\"position\":2,\"name\":\"Aung San Suu Kyi: a mulher mais temida pelos generais est\u00e1 novamente em liberdade\"}]},{\"@type\":\"WebSite\",\"@id\":\"https:\/\/www.pressenza.com\/pt-pt\/#website\",\"url\":\"https:\/\/www.pressenza.com\/pt-pt\/\",\"name\":\"Pressenza\",\"description\":\"International Press Agency\",\"publisher\":{\"@id\":\"https:\/\/www.pressenza.com\/pt-pt\/#organization\"},\"potentialAction\":[{\"@type\":\"SearchAction\",\"target\":{\"@type\":\"EntryPoint\",\"urlTemplate\":\"https:\/\/www.pressenza.com\/pt-pt\/?s={search_term_string}\"},\"query-input\":{\"@type\":\"PropertyValueSpecification\",\"valueRequired\":true,\"valueName\":\"search_term_string\"}}],\"inLanguage\":\"pt-PT\"},{\"@type\":\"Organization\",\"@id\":\"https:\/\/www.pressenza.com\/pt-pt\/#organization\",\"name\":\"Pressenza\",\"url\":\"https:\/\/www.pressenza.com\/pt-pt\/\",\"logo\":{\"@type\":\"ImageObject\",\"inLanguage\":\"pt-PT\",\"@id\":\"https:\/\/www.pressenza.com\/pt-pt\/#\/schema\/logo\/image\/\",\"url\":\"https:\/\/www.pressenza.com\/wp-content\/uploads\/2022\/10\/pressenza_logo_200x200.jpg\",\"contentUrl\":\"https:\/\/www.pressenza.com\/wp-content\/uploads\/2022\/10\/pressenza_logo_200x200.jpg\",\"width\":200,\"height\":200,\"caption\":\"Pressenza\"},\"image\":{\"@id\":\"https:\/\/www.pressenza.com\/pt-pt\/#\/schema\/logo\/image\/\"},\"sameAs\":[\"https:\/\/www.facebook.com\/PressenzaItalia\",\"https:\/\/x.com\/PressenzaIPA\"]},{\"@type\":\"Person\",\"@id\":\"https:\/\/www.pressenza.com\/pt-pt\/#\/schema\/person\/84ebf19dce4d902a223619c900b9d714\",\"name\":\"Fiorella Carollo\",\"description\":\"Orientalista, nello specifico nipponista, con una formazione in antropologia, studiosa del pensiero femminista e di cinema delle donne. Ha vissuto a Venezia, Londra, Tokyo, Melbourne, Bali e Roma. Nel 2009 pubblica con il contributo del comune di Venezia la raccolta di recensioni \u201cNuove eroine al cinema. Venti anni di cinema declinato al femminile\u201d. Nel biennio 2014-15 due campagne di crowdfunding finanziano il progetto \u201cI Reportage di Donna Reporter: diamo voce e visibilit\u00e0 alle donne che in Asia stanno cambiando il mondo\u201d. Questi reportage, le interviste e gli articoli scritti per The Bali Times hanno fornito il materiale per un libro di prossima pubblicazione. Il 2019 ha visto l\u2019emergere prepotente della questione climatica a cui dedica il libro \u201cExtinction Rebellion e la rivoluzione climatica\u201d 2020 Multimage. Nel marzo del 2022 grazie ad una campagna di crowdfunding \u00e8 stato pubblicato il libro \u201cDonne tra protesta e attivismo. Ambiente, economia, societ\u00e0\u201d sempre per la casa editrice Multimage di Firenze.\",\"url\":\"https:\/\/www.pressenza.com\/pt-pt\/author\/fiorella-carollo\/\"}]}<\/script>\n<!-- \/ Yoast SEO plugin. -->","yoast_head_json":{"title":"Aung San Suu Kyi: a mulher mais temida pelos generais est\u00e1 novamente em liberdade","description":"Aung San Suu Kyi, a l\u00edder birmanesa ganhadora do Pr\u00eamio Nobel da Paz, possui algo que os generais nunca tiveram: ela \u00e9 legitimada pelo mandato que o povo","robots":{"index":"index","follow":"follow","max-snippet":"max-snippet:-1","max-image-preview":"max-image-preview:large","max-video-preview":"max-video-preview:-1"},"canonical":"https:\/\/www.pressenza.com\/pt-pt\/2026\/04\/aung-san-suu-kyi-a-mulher-mais-temida-pelos-generais-esta-novamente-em-liberdade\/","og_locale":"pt_PT","og_type":"article","og_title":"Aung San Suu Kyi: a mulher mais temida pelos generais est\u00e1 novamente em liberdade","og_description":"Aung San Suu Kyi, a l\u00edder birmanesa ganhadora do Pr\u00eamio Nobel da Paz, possui algo que os generais nunca tiveram: ela \u00e9 legitimada pelo mandato que o povo","og_url":"https:\/\/www.pressenza.com\/pt-pt\/2026\/04\/aung-san-suu-kyi-a-mulher-mais-temida-pelos-generais-esta-novamente-em-liberdade\/","og_site_name":"Pressenza","article_publisher":"https:\/\/www.facebook.com\/PressenzaItalia","article_published_time":"2026-04-30T19:11:47+00:00","og_image":[{"width":1024,"height":680,"url":"https:\/\/www.pressenza.com\/wp-content\/uploads\/2019\/12\/Aung_San_Suu_Kyi_31_ott_13_021.jpg","type":"image\/jpeg"}],"author":"Fiorella Carollo","twitter_card":"summary_large_image","twitter_creator":"@PressenzaIPA","twitter_site":"@PressenzaIPA","twitter_misc":{"Escrito por":"Fiorella Carollo","Tempo estimado de leitura":"2 minutos"},"schema":{"@context":"https:\/\/schema.org","@graph":[{"@type":"Article","@id":"https:\/\/www.pressenza.com\/pt-pt\/2026\/04\/aung-san-suu-kyi-a-mulher-mais-temida-pelos-generais-esta-novamente-em-liberdade\/#article","isPartOf":{"@id":"https:\/\/www.pressenza.com\/pt-pt\/2026\/04\/aung-san-suu-kyi-a-mulher-mais-temida-pelos-generais-esta-novamente-em-liberdade\/"},"author":{"name":"Fiorella Carollo","@id":"https:\/\/www.pressenza.com\/pt-pt\/#\/schema\/person\/84ebf19dce4d902a223619c900b9d714"},"headline":"Aung San Suu Kyi: a mulher mais temida pelos generais est\u00e1 novamente em liberdade","datePublished":"2026-04-30T19:11:47+00:00","mainEntityOfPage":{"@id":"https:\/\/www.pressenza.com\/pt-pt\/2026\/04\/aung-san-suu-kyi-a-mulher-mais-temida-pelos-generais-esta-novamente-em-liberdade\/"},"wordCount":343,"publisher":{"@id":"https:\/\/www.pressenza.com\/pt-pt\/#organization"},"image":{"@id":"https:\/\/www.pressenza.com\/pt-pt\/2026\/04\/aung-san-suu-kyi-a-mulher-mais-temida-pelos-generais-esta-novamente-em-liberdade\/#primaryimage"},"thumbnailUrl":"https:\/\/www.pressenza.com\/wp-content\/uploads\/2019\/12\/Aung_San_Suu_Kyi_31_ott_13_021.jpg","articleSection":["Conte\u00fado Original","Not\u00edcia","Pol\u00edtica"],"inLanguage":"pt-PT"},{"@type":"WebPage","@id":"https:\/\/www.pressenza.com\/pt-pt\/2026\/04\/aung-san-suu-kyi-a-mulher-mais-temida-pelos-generais-esta-novamente-em-liberdade\/","url":"https:\/\/www.pressenza.com\/pt-pt\/2026\/04\/aung-san-suu-kyi-a-mulher-mais-temida-pelos-generais-esta-novamente-em-liberdade\/","name":"Aung San Suu Kyi: a mulher mais temida pelos generais est\u00e1 novamente em liberdade","isPartOf":{"@id":"https:\/\/www.pressenza.com\/pt-pt\/#website"},"primaryImageOfPage":{"@id":"https:\/\/www.pressenza.com\/pt-pt\/2026\/04\/aung-san-suu-kyi-a-mulher-mais-temida-pelos-generais-esta-novamente-em-liberdade\/#primaryimage"},"image":{"@id":"https:\/\/www.pressenza.com\/pt-pt\/2026\/04\/aung-san-suu-kyi-a-mulher-mais-temida-pelos-generais-esta-novamente-em-liberdade\/#primaryimage"},"thumbnailUrl":"https:\/\/www.pressenza.com\/wp-content\/uploads\/2019\/12\/Aung_San_Suu_Kyi_31_ott_13_021.jpg","datePublished":"2026-04-30T19:11:47+00:00","description":"Aung San Suu Kyi, a l\u00edder birmanesa ganhadora do Pr\u00eamio Nobel da Paz, possui algo que os generais nunca tiveram: ela \u00e9 legitimada pelo mandato que o povo","breadcrumb":{"@id":"https:\/\/www.pressenza.com\/pt-pt\/2026\/04\/aung-san-suu-kyi-a-mulher-mais-temida-pelos-generais-esta-novamente-em-liberdade\/#breadcrumb"},"inLanguage":"pt-PT","potentialAction":[{"@type":"ReadAction","target":["https:\/\/www.pressenza.com\/pt-pt\/2026\/04\/aung-san-suu-kyi-a-mulher-mais-temida-pelos-generais-esta-novamente-em-liberdade\/"]}]},{"@type":"ImageObject","inLanguage":"pt-PT","@id":"https:\/\/www.pressenza.com\/pt-pt\/2026\/04\/aung-san-suu-kyi-a-mulher-mais-temida-pelos-generais-esta-novamente-em-liberdade\/#primaryimage","url":"https:\/\/www.pressenza.com\/wp-content\/uploads\/2019\/12\/Aung_San_Suu_Kyi_31_ott_13_021.jpg","contentUrl":"https:\/\/www.pressenza.com\/wp-content\/uploads\/2019\/12\/Aung_San_Suu_Kyi_31_ott_13_021.jpg","width":1024,"height":680},{"@type":"BreadcrumbList","@id":"https:\/\/www.pressenza.com\/pt-pt\/2026\/04\/aung-san-suu-kyi-a-mulher-mais-temida-pelos-generais-esta-novamente-em-liberdade\/#breadcrumb","itemListElement":[{"@type":"ListItem","position":1,"name":"Accueil","item":"https:\/\/www.pressenza.com\/pt-pt\/"},{"@type":"ListItem","position":2,"name":"Aung San Suu Kyi: a mulher mais temida pelos generais est\u00e1 novamente em liberdade"}]},{"@type":"WebSite","@id":"https:\/\/www.pressenza.com\/pt-pt\/#website","url":"https:\/\/www.pressenza.com\/pt-pt\/","name":"Pressenza","description":"International Press Agency","publisher":{"@id":"https:\/\/www.pressenza.com\/pt-pt\/#organization"},"potentialAction":[{"@type":"SearchAction","target":{"@type":"EntryPoint","urlTemplate":"https:\/\/www.pressenza.com\/pt-pt\/?s={search_term_string}"},"query-input":{"@type":"PropertyValueSpecification","valueRequired":true,"valueName":"search_term_string"}}],"inLanguage":"pt-PT"},{"@type":"Organization","@id":"https:\/\/www.pressenza.com\/pt-pt\/#organization","name":"Pressenza","url":"https:\/\/www.pressenza.com\/pt-pt\/","logo":{"@type":"ImageObject","inLanguage":"pt-PT","@id":"https:\/\/www.pressenza.com\/pt-pt\/#\/schema\/logo\/image\/","url":"https:\/\/www.pressenza.com\/wp-content\/uploads\/2022\/10\/pressenza_logo_200x200.jpg","contentUrl":"https:\/\/www.pressenza.com\/wp-content\/uploads\/2022\/10\/pressenza_logo_200x200.jpg","width":200,"height":200,"caption":"Pressenza"},"image":{"@id":"https:\/\/www.pressenza.com\/pt-pt\/#\/schema\/logo\/image\/"},"sameAs":["https:\/\/www.facebook.com\/PressenzaItalia","https:\/\/x.com\/PressenzaIPA"]},{"@type":"Person","@id":"https:\/\/www.pressenza.com\/pt-pt\/#\/schema\/person\/84ebf19dce4d902a223619c900b9d714","name":"Fiorella Carollo","description":"Orientalista, nello specifico nipponista, con una formazione in antropologia, studiosa del pensiero femminista e di cinema delle donne. Ha vissuto a Venezia, Londra, Tokyo, Melbourne, Bali e Roma. Nel 2009 pubblica con il contributo del comune di Venezia la raccolta di recensioni \u201cNuove eroine al cinema. Venti anni di cinema declinato al femminile\u201d. Nel biennio 2014-15 due campagne di crowdfunding finanziano il progetto \u201cI Reportage di Donna Reporter: diamo voce e visibilit\u00e0 alle donne che in Asia stanno cambiando il mondo\u201d. Questi reportage, le interviste e gli articoli scritti per The Bali Times hanno fornito il materiale per un libro di prossima pubblicazione. Il 2019 ha visto l\u2019emergere prepotente della questione climatica a cui dedica il libro \u201cExtinction Rebellion e la rivoluzione climatica\u201d 2020 Multimage. Nel marzo del 2022 grazie ad una campagna di crowdfunding \u00e8 stato pubblicato il libro \u201cDonne tra protesta e attivismo. Ambiente, economia, societ\u00e0\u201d sempre per la casa editrice Multimage di Firenze.","url":"https:\/\/www.pressenza.com\/pt-pt\/author\/fiorella-carollo\/"}]}},"place":"","original_article_url":"","_links":{"self":[{"href":"https:\/\/www.pressenza.com\/pt-pt\/wp-json\/wp\/v2\/posts\/2696855","targetHints":{"allow":["GET"]}}],"collection":[{"href":"https:\/\/www.pressenza.com\/pt-pt\/wp-json\/wp\/v2\/posts"}],"about":[{"href":"https:\/\/www.pressenza.com\/pt-pt\/wp-json\/wp\/v2\/types\/post"}],"author":[{"embeddable":true,"href":"https:\/\/www.pressenza.com\/pt-pt\/wp-json\/wp\/v2\/users\/1795"}],"replies":[{"embeddable":true,"href":"https:\/\/www.pressenza.com\/pt-pt\/wp-json\/wp\/v2\/comments?post=2696855"}],"version-history":[{"count":1,"href":"https:\/\/www.pressenza.com\/pt-pt\/wp-json\/wp\/v2\/posts\/2696855\/revisions"}],"predecessor-version":[{"id":2696856,"href":"https:\/\/www.pressenza.com\/pt-pt\/wp-json\/wp\/v2\/posts\/2696855\/revisions\/2696856"}],"wp:featuredmedia":[{"embeddable":true,"href":"https:\/\/www.pressenza.com\/pt-pt\/wp-json\/wp\/v2\/media\/994010"}],"wp:attachment":[{"href":"https:\/\/www.pressenza.com\/pt-pt\/wp-json\/wp\/v2\/media?parent=2696855"}],"wp:term":[{"taxonomy":"category","embeddable":true,"href":"https:\/\/www.pressenza.com\/pt-pt\/wp-json\/wp\/v2\/categories?post=2696855"},{"taxonomy":"post_tag","embeddable":true,"href":"https:\/\/www.pressenza.com\/pt-pt\/wp-json\/wp\/v2\/tags?post=2696855"}],"curies":[{"name":"wp","href":"https:\/\/api.w.org\/{rel}","templated":true}]}}