{"id":2690081,"date":"2026-04-04T19:06:37","date_gmt":"2026-04-04T18:06:37","guid":{"rendered":"https:\/\/www.pressenza.com\/?p=2690081"},"modified":"2026-04-04T19:06:37","modified_gmt":"2026-04-04T18:06:37","slug":"beit-jala-juntos-contra-a-pena-de-morte","status":"publish","type":"post","link":"https:\/\/www.pressenza.com\/pt-pt\/2026\/04\/beit-jala-juntos-contra-a-pena-de-morte\/","title":{"rendered":"Beit Jala: juntos contra a pena de morte"},"content":{"rendered":"<p>Reunimo-nos ontem, palestinos e israelenses juntos, em Beit Jala para expressar nossa indigna\u00e7\u00e3o com a recente aprova\u00e7\u00e3o da lei da \u201cPena de Morte para Terroristas\u201d \u2014 um novo instrumento de opress\u00e3o e apartheid contra os palestinos.<\/p>\n<p>Durante uma coletiva de imprensa antes da manifesta\u00e7\u00e3o, nosso coordenador palestino, Jamil, disse a um grupo de jornalistas internacionais que \u201ccontinuaremos a protestar em todas as \u00e1reas da Cisjord\u00e2nia at\u00e9 que essa lei injusta seja revogada\u201d.<\/p>\n<p>O protesto foi rapidamente reprimido pela pol\u00edcia e pelas for\u00e7as armadas israelenses, que declararam a \u00e1rea como \u201czona militar fechada\u201d e amea\u00e7aram prender os ativistas caso n\u00e3o se dispersassem.<\/p>\n<p>N\u00e3o ficaremos calados quando viola\u00e7\u00f5es t\u00e3o graves do direito \u00e0 vida e ao devido processo legal se tornarem a norma.<\/p>\n<p>Fotos por Combatentes pela Paz<\/p>\n<div class=\"post-gallery\">\n\t\t\t<figure class=\"post-gallery-item\">\n\t\t\t\t<img decoding=\"async\" src=\"https:\/\/www.pressenza.com\/wp-content\/uploads\/2026\/04\/beit-yala-demostration-against-death-penalty-Combatants-for-Peace-01-820x547.jpg\" loading=\"lazy\">\n\t\t\t\t<figcaption>\n\t\t\t\t\t\n\t\t\t\t<\/figcaption>\n\t\t\t<\/figure>\n\t\t\t<figure class=\"post-gallery-item\">\n\t\t\t\t<img decoding=\"async\" src=\"https:\/\/www.pressenza.com\/wp-content\/uploads\/2026\/04\/beit-yala-demostration-against-death-penalty-Combatants-for-Peace-02-820x547.jpg\" loading=\"lazy\">\n\t\t\t\t<figcaption>\n\t\t\t\t\t\n\t\t\t\t<\/figcaption>\n\t\t\t<\/figure>\n\t\t\t<figure class=\"post-gallery-item\">\n\t\t\t\t<img decoding=\"async\" src=\"https:\/\/www.pressenza.com\/wp-content\/uploads\/2026\/04\/beit-yala-demostration-against-death-penalty-Combatants-for-Peace-03-820x547.jpg\" loading=\"lazy\">\n\t\t\t\t<figcaption>\n\t\t\t\t\t\n\t\t\t\t<\/figcaption>\n\t\t\t<\/figure>\n\t\t\t<figure class=\"post-gallery-item\">\n\t\t\t\t<img decoding=\"async\" src=\"https:\/\/www.pressenza.com\/wp-content\/uploads\/2026\/04\/beit-yala-demostration-against-death-penalty-Combatants-for-Peace-04-820x547.jpg\" loading=\"lazy\">\n\t\t\t\t<figcaption>\n\t\t\t\t\t\n\t\t\t\t<\/figcaption>\n\t\t\t<\/figure>\n\t\t\t<figure class=\"post-gallery-item\">\n\t\t\t\t<img decoding=\"async\" src=\"https:\/\/www.pressenza.com\/wp-content\/uploads\/2026\/04\/beit-yala-demostration-against-death-penalty-Combatants-for-Peace-05-820x547.jpg\" loading=\"lazy\">\n\t\t\t\t<figcaption>\n\t\t\t\t\t\n\t\t\t\t<\/figcaption>\n\t\t\t<\/figure>\n\t\t\t<figure class=\"post-gallery-item\">\n\t\t\t\t<img decoding=\"async\" src=\"https:\/\/www.pressenza.com\/wp-content\/uploads\/2026\/04\/beit-yala-demostration-against-death-penalty-Combatants-for-Peace-06-820x547.jpg\" loading=\"lazy\">\n\t\t\t\t<figcaption>\n\t\t\t\t\t\n\t\t\t\t<\/figcaption>\n\t\t\t<\/figure>\n\t\t\t<figure class=\"post-gallery-item\">\n\t\t\t\t<img decoding=\"async\" src=\"https:\/\/www.pressenza.com\/wp-content\/uploads\/2026\/04\/beit-yala-demostration-against-death-penalty-Combatants-for-Peace-07-820x547.jpg\" loading=\"lazy\">\n\t\t\t\t<figcaption>\n\t\t\t\t\t\n\t\t\t\t<\/figcaption>\n\t\t\t<\/figure><\/div>\n","protected":false},"excerpt":{"rendered":"<p>Reunimo-nos ontem, palestinos e israelenses juntos, em Beit Jala para expressar nossa indigna\u00e7\u00e3o com a recente aprova\u00e7\u00e3o da lei da \u201cPena de Morte para Terroristas\u201d \u2014 um novo instrumento de opress\u00e3o e apartheid contra os palestinos. Durante uma coletiva de&hellip;<\/p>\n","protected":false},"author":2478,"featured_media":2690083,"comment_status":"closed","ping_status":"closed","sticky":false,"template":"","format":"standard","meta":{"footnotes":""},"categories":[11390,116,5756,42,153,108],"tags":[2625,19169],"class_list":["post-2690081","post","type-post","status-publish","format-standard","has-post-thumbnail","hentry","category-conteudo-original","category-direitos-humanos","category-foto-reportagem","category-internacional-2","category-nota-de-imprensa","category-oriente-medio","tag-israel-pt-pt","tag-pena-de-morte"],"yoast_head":"<!-- This site is optimized with the Yoast SEO plugin v27.1.1 - https:\/\/yoast.com\/product\/yoast-seo-wordpress\/ -->\n<title>Beit Jala: juntos contra a pena de morte<\/title>\n<meta name=\"description\" content=\"Reunimo-nos ontem, palestinos e israelenses juntos, em Beit Jala para expressar nossa indigna\u00e7\u00e3o com a recente aprova\u00e7\u00e3o da lei da \u201cPena de Morte para\" \/>\n<meta name=\"robots\" content=\"index, follow, max-snippet:-1, max-image-preview:large, max-video-preview:-1\" \/>\n<link rel=\"canonical\" href=\"https:\/\/www.pressenza.com\/pt-pt\/2026\/04\/beit-jala-juntos-contra-a-pena-de-morte\/\" \/>\n<meta property=\"og:locale\" content=\"pt_PT\" \/>\n<meta property=\"og:type\" content=\"article\" \/>\n<meta property=\"og:title\" content=\"Beit Jala: juntos contra a pena de morte\" \/>\n<meta property=\"og:description\" content=\"Reunimo-nos ontem, palestinos e israelenses juntos, em Beit Jala para expressar nossa indigna\u00e7\u00e3o com a recente aprova\u00e7\u00e3o da lei da \u201cPena de Morte para\" \/>\n<meta property=\"og:url\" content=\"https:\/\/www.pressenza.com\/pt-pt\/2026\/04\/beit-jala-juntos-contra-a-pena-de-morte\/\" \/>\n<meta property=\"og:site_name\" content=\"Pressenza\" \/>\n<meta property=\"article:publisher\" content=\"https:\/\/www.facebook.com\/PressenzaItalia\" \/>\n<meta property=\"article:published_time\" content=\"2026-04-04T18:06:37+00:00\" \/>\n<meta property=\"og:image\" content=\"https:\/\/www.pressenza.com\/wp-content\/uploads\/2026\/04\/beit-yala-demostration-against-death-penalty-Combatants-for-Peace-03.jpg\" \/>\n\t<meta property=\"og:image:width\" content=\"850\" \/>\n\t<meta property=\"og:image:height\" content=\"567\" \/>\n\t<meta property=\"og:image:type\" content=\"image\/jpeg\" \/>\n<meta name=\"author\" content=\"Combatants for Peace\" \/>\n<meta name=\"twitter:card\" content=\"summary_large_image\" \/>\n<meta name=\"twitter:creator\" content=\"@PressenzaIPA\" \/>\n<meta name=\"twitter:site\" content=\"@PressenzaIPA\" \/>\n<meta name=\"twitter:label1\" content=\"Escrito por\" \/>\n\t<meta name=\"twitter:data1\" content=\"Combatants for Peace\" \/>\n\t<meta name=\"twitter:label2\" content=\"Tempo estimado de leitura\" \/>\n\t<meta name=\"twitter:data2\" content=\"1 minuto\" \/>\n<script type=\"application\/ld+json\" class=\"yoast-schema-graph\">{\"@context\":\"https:\/\/schema.org\",\"@graph\":[{\"@type\":\"Article\",\"@id\":\"https:\/\/www.pressenza.com\/pt-pt\/2026\/04\/beit-jala-juntos-contra-a-pena-de-morte\/#article\",\"isPartOf\":{\"@id\":\"https:\/\/www.pressenza.com\/pt-pt\/2026\/04\/beit-jala-juntos-contra-a-pena-de-morte\/\"},\"author\":{\"name\":\"Combatants for Peace\",\"@id\":\"https:\/\/www.pressenza.com\/pt-pt\/#\/schema\/person\/a6d616419ef7af2ee1c0134f91f04ba5\"},\"headline\":\"Beit Jala: juntos contra a pena de morte\",\"datePublished\":\"2026-04-04T18:06:37+00:00\",\"mainEntityOfPage\":{\"@id\":\"https:\/\/www.pressenza.com\/pt-pt\/2026\/04\/beit-jala-juntos-contra-a-pena-de-morte\/\"},\"wordCount\":146,\"publisher\":{\"@id\":\"https:\/\/www.pressenza.com\/pt-pt\/#organization\"},\"image\":{\"@id\":\"https:\/\/www.pressenza.com\/pt-pt\/2026\/04\/beit-jala-juntos-contra-a-pena-de-morte\/#primaryimage\"},\"thumbnailUrl\":\"https:\/\/www.pressenza.com\/wp-content\/uploads\/2026\/04\/beit-yala-demostration-against-death-penalty-Combatants-for-Peace-03.jpg\",\"keywords\":[\"Israel\",\"pena de morte\"],\"articleSection\":[\"Conte\u00fado Original\",\"Direitos Humanos\",\"Foto reportagem\",\"Internacional\",\"Nota de imprensa\",\"Oriente M\u00e9dio\"],\"inLanguage\":\"pt-PT\"},{\"@type\":\"WebPage\",\"@id\":\"https:\/\/www.pressenza.com\/pt-pt\/2026\/04\/beit-jala-juntos-contra-a-pena-de-morte\/\",\"url\":\"https:\/\/www.pressenza.com\/pt-pt\/2026\/04\/beit-jala-juntos-contra-a-pena-de-morte\/\",\"name\":\"Beit Jala: juntos contra a pena de morte\",\"isPartOf\":{\"@id\":\"https:\/\/www.pressenza.com\/pt-pt\/#website\"},\"primaryImageOfPage\":{\"@id\":\"https:\/\/www.pressenza.com\/pt-pt\/2026\/04\/beit-jala-juntos-contra-a-pena-de-morte\/#primaryimage\"},\"image\":{\"@id\":\"https:\/\/www.pressenza.com\/pt-pt\/2026\/04\/beit-jala-juntos-contra-a-pena-de-morte\/#primaryimage\"},\"thumbnailUrl\":\"https:\/\/www.pressenza.com\/wp-content\/uploads\/2026\/04\/beit-yala-demostration-against-death-penalty-Combatants-for-Peace-03.jpg\",\"datePublished\":\"2026-04-04T18:06:37+00:00\",\"description\":\"Reunimo-nos ontem, palestinos e israelenses juntos, em Beit Jala para expressar nossa indigna\u00e7\u00e3o com a recente aprova\u00e7\u00e3o da lei da \u201cPena de Morte para\",\"breadcrumb\":{\"@id\":\"https:\/\/www.pressenza.com\/pt-pt\/2026\/04\/beit-jala-juntos-contra-a-pena-de-morte\/#breadcrumb\"},\"inLanguage\":\"pt-PT\",\"potentialAction\":[{\"@type\":\"ReadAction\",\"target\":[\"https:\/\/www.pressenza.com\/pt-pt\/2026\/04\/beit-jala-juntos-contra-a-pena-de-morte\/\"]}]},{\"@type\":\"ImageObject\",\"inLanguage\":\"pt-PT\",\"@id\":\"https:\/\/www.pressenza.com\/pt-pt\/2026\/04\/beit-jala-juntos-contra-a-pena-de-morte\/#primaryimage\",\"url\":\"https:\/\/www.pressenza.com\/wp-content\/uploads\/2026\/04\/beit-yala-demostration-against-death-penalty-Combatants-for-Peace-03.jpg\",\"contentUrl\":\"https:\/\/www.pressenza.com\/wp-content\/uploads\/2026\/04\/beit-yala-demostration-against-death-penalty-Combatants-for-Peace-03.jpg\",\"width\":850,\"height\":567,\"caption\":\"Gestern haben sich Pal\u00e4stinenser und Israelis gemeinsam in Beit Jala versammelt, um gegen die k\u00fcrzlich erfolgte Verabschiedung eines Gesetzes zur \u201eTodesstrafe f\u00fcr Terroristen\u201c zu protestieren. Die Teilnehmenden kritisieren das Gesetz als Instrument der Unterdr\u00fcckung und als Ausdruck struktureller Ungleichbehandlung gegen\u00fcber der pal\u00e4stinensischen Bev\u00f6lkerung. W\u00e4hrend einer Pressekonferenz vor der Demonstration erkl\u00e4rte der pal\u00e4stinensische Koordinator Jamil gegen\u00fcber internationalen Journalistinnen und Journalisten: \u201eWir werden in allen Gebieten des Westjordanlands weiter protestieren, bis dieses ungerechte Gesetz aufgehoben wird.\u201c Der Protest wurde rasch von der israelischen Polizei und dem Milit\u00e4r eingeschr\u00e4nkt. Beide erkl\u00e4rten das Gebiet zur \u201egeschlossenen Milit\u00e4rzone\u201c und drohten den Anwesenden mit Festnahmen, sollten sie sich nicht entfernen. Die beteiligten Aktivistinnen und Aktivisten betonten, dass sie weiterhin \u00f6ffentlich Stellung beziehen werden: Sie wollen nicht schweigen, wenn schwerwiegende Verletzungen des Rechts auf Leben und auf ein faires Verfahren zur Normalit\u00e4t zu werden drohen. Fotos: Combatants for Peace\"},{\"@type\":\"BreadcrumbList\",\"@id\":\"https:\/\/www.pressenza.com\/pt-pt\/2026\/04\/beit-jala-juntos-contra-a-pena-de-morte\/#breadcrumb\",\"itemListElement\":[{\"@type\":\"ListItem\",\"position\":1,\"name\":\"Accueil\",\"item\":\"https:\/\/www.pressenza.com\/pt-pt\/\"},{\"@type\":\"ListItem\",\"position\":2,\"name\":\"Beit Jala: juntos contra a pena de morte\"}]},{\"@type\":\"WebSite\",\"@id\":\"https:\/\/www.pressenza.com\/pt-pt\/#website\",\"url\":\"https:\/\/www.pressenza.com\/pt-pt\/\",\"name\":\"Pressenza\",\"description\":\"International Press Agency\",\"publisher\":{\"@id\":\"https:\/\/www.pressenza.com\/pt-pt\/#organization\"},\"potentialAction\":[{\"@type\":\"SearchAction\",\"target\":{\"@type\":\"EntryPoint\",\"urlTemplate\":\"https:\/\/www.pressenza.com\/pt-pt\/?s={search_term_string}\"},\"query-input\":{\"@type\":\"PropertyValueSpecification\",\"valueRequired\":true,\"valueName\":\"search_term_string\"}}],\"inLanguage\":\"pt-PT\"},{\"@type\":\"Organization\",\"@id\":\"https:\/\/www.pressenza.com\/pt-pt\/#organization\",\"name\":\"Pressenza\",\"url\":\"https:\/\/www.pressenza.com\/pt-pt\/\",\"logo\":{\"@type\":\"ImageObject\",\"inLanguage\":\"pt-PT\",\"@id\":\"https:\/\/www.pressenza.com\/pt-pt\/#\/schema\/logo\/image\/\",\"url\":\"https:\/\/www.pressenza.com\/wp-content\/uploads\/2022\/10\/pressenza_logo_200x200.jpg\",\"contentUrl\":\"https:\/\/www.pressenza.com\/wp-content\/uploads\/2022\/10\/pressenza_logo_200x200.jpg\",\"width\":200,\"height\":200,\"caption\":\"Pressenza\"},\"image\":{\"@id\":\"https:\/\/www.pressenza.com\/pt-pt\/#\/schema\/logo\/image\/\"},\"sameAs\":[\"https:\/\/www.facebook.com\/PressenzaItalia\",\"https:\/\/x.com\/PressenzaIPA\"]},{\"@type\":\"Person\",\"@id\":\"https:\/\/www.pressenza.com\/pt-pt\/#\/schema\/person\/a6d616419ef7af2ee1c0134f91f04ba5\",\"name\":\"Combatants for Peace\",\"description\":\"Combatants for Peace is a grassroots movement of Israelis and Palestinians, working together to end the occupation and bring peace, equality, and freedom to our homeland. https:\/\/www.cfpeace.org\/\",\"sameAs\":[\"https:\/\/www.cfpeace.org\/\"],\"url\":\"https:\/\/www.pressenza.com\/pt-pt\/author\/combatants-for-peace\/\"}]}<\/script>\n<!-- \/ Yoast SEO plugin. -->","yoast_head_json":{"title":"Beit Jala: juntos contra a pena de morte","description":"Reunimo-nos ontem, palestinos e israelenses juntos, em Beit Jala para expressar nossa indigna\u00e7\u00e3o com a recente aprova\u00e7\u00e3o da lei da \u201cPena de Morte para","robots":{"index":"index","follow":"follow","max-snippet":"max-snippet:-1","max-image-preview":"max-image-preview:large","max-video-preview":"max-video-preview:-1"},"canonical":"https:\/\/www.pressenza.com\/pt-pt\/2026\/04\/beit-jala-juntos-contra-a-pena-de-morte\/","og_locale":"pt_PT","og_type":"article","og_title":"Beit Jala: juntos contra a pena de morte","og_description":"Reunimo-nos ontem, palestinos e israelenses juntos, em Beit Jala para expressar nossa indigna\u00e7\u00e3o com a recente aprova\u00e7\u00e3o da lei da \u201cPena de Morte para","og_url":"https:\/\/www.pressenza.com\/pt-pt\/2026\/04\/beit-jala-juntos-contra-a-pena-de-morte\/","og_site_name":"Pressenza","article_publisher":"https:\/\/www.facebook.com\/PressenzaItalia","article_published_time":"2026-04-04T18:06:37+00:00","og_image":[{"width":850,"height":567,"url":"https:\/\/www.pressenza.com\/wp-content\/uploads\/2026\/04\/beit-yala-demostration-against-death-penalty-Combatants-for-Peace-03.jpg","type":"image\/jpeg"}],"author":"Combatants for Peace","twitter_card":"summary_large_image","twitter_creator":"@PressenzaIPA","twitter_site":"@PressenzaIPA","twitter_misc":{"Escrito por":"Combatants for Peace","Tempo estimado de leitura":"1 minuto"},"schema":{"@context":"https:\/\/schema.org","@graph":[{"@type":"Article","@id":"https:\/\/www.pressenza.com\/pt-pt\/2026\/04\/beit-jala-juntos-contra-a-pena-de-morte\/#article","isPartOf":{"@id":"https:\/\/www.pressenza.com\/pt-pt\/2026\/04\/beit-jala-juntos-contra-a-pena-de-morte\/"},"author":{"name":"Combatants for Peace","@id":"https:\/\/www.pressenza.com\/pt-pt\/#\/schema\/person\/a6d616419ef7af2ee1c0134f91f04ba5"},"headline":"Beit Jala: juntos contra a pena de morte","datePublished":"2026-04-04T18:06:37+00:00","mainEntityOfPage":{"@id":"https:\/\/www.pressenza.com\/pt-pt\/2026\/04\/beit-jala-juntos-contra-a-pena-de-morte\/"},"wordCount":146,"publisher":{"@id":"https:\/\/www.pressenza.com\/pt-pt\/#organization"},"image":{"@id":"https:\/\/www.pressenza.com\/pt-pt\/2026\/04\/beit-jala-juntos-contra-a-pena-de-morte\/#primaryimage"},"thumbnailUrl":"https:\/\/www.pressenza.com\/wp-content\/uploads\/2026\/04\/beit-yala-demostration-against-death-penalty-Combatants-for-Peace-03.jpg","keywords":["Israel","pena de morte"],"articleSection":["Conte\u00fado Original","Direitos Humanos","Foto reportagem","Internacional","Nota de imprensa","Oriente M\u00e9dio"],"inLanguage":"pt-PT"},{"@type":"WebPage","@id":"https:\/\/www.pressenza.com\/pt-pt\/2026\/04\/beit-jala-juntos-contra-a-pena-de-morte\/","url":"https:\/\/www.pressenza.com\/pt-pt\/2026\/04\/beit-jala-juntos-contra-a-pena-de-morte\/","name":"Beit Jala: juntos contra a pena de morte","isPartOf":{"@id":"https:\/\/www.pressenza.com\/pt-pt\/#website"},"primaryImageOfPage":{"@id":"https:\/\/www.pressenza.com\/pt-pt\/2026\/04\/beit-jala-juntos-contra-a-pena-de-morte\/#primaryimage"},"image":{"@id":"https:\/\/www.pressenza.com\/pt-pt\/2026\/04\/beit-jala-juntos-contra-a-pena-de-morte\/#primaryimage"},"thumbnailUrl":"https:\/\/www.pressenza.com\/wp-content\/uploads\/2026\/04\/beit-yala-demostration-against-death-penalty-Combatants-for-Peace-03.jpg","datePublished":"2026-04-04T18:06:37+00:00","description":"Reunimo-nos ontem, palestinos e israelenses juntos, em Beit Jala para expressar nossa indigna\u00e7\u00e3o com a recente aprova\u00e7\u00e3o da lei da \u201cPena de Morte para","breadcrumb":{"@id":"https:\/\/www.pressenza.com\/pt-pt\/2026\/04\/beit-jala-juntos-contra-a-pena-de-morte\/#breadcrumb"},"inLanguage":"pt-PT","potentialAction":[{"@type":"ReadAction","target":["https:\/\/www.pressenza.com\/pt-pt\/2026\/04\/beit-jala-juntos-contra-a-pena-de-morte\/"]}]},{"@type":"ImageObject","inLanguage":"pt-PT","@id":"https:\/\/www.pressenza.com\/pt-pt\/2026\/04\/beit-jala-juntos-contra-a-pena-de-morte\/#primaryimage","url":"https:\/\/www.pressenza.com\/wp-content\/uploads\/2026\/04\/beit-yala-demostration-against-death-penalty-Combatants-for-Peace-03.jpg","contentUrl":"https:\/\/www.pressenza.com\/wp-content\/uploads\/2026\/04\/beit-yala-demostration-against-death-penalty-Combatants-for-Peace-03.jpg","width":850,"height":567,"caption":"Gestern haben sich Pal\u00e4stinenser und Israelis gemeinsam in Beit Jala versammelt, um gegen die k\u00fcrzlich erfolgte Verabschiedung eines Gesetzes zur \u201eTodesstrafe f\u00fcr Terroristen\u201c zu protestieren. Die Teilnehmenden kritisieren das Gesetz als Instrument der Unterdr\u00fcckung und als Ausdruck struktureller Ungleichbehandlung gegen\u00fcber der pal\u00e4stinensischen Bev\u00f6lkerung. W\u00e4hrend einer Pressekonferenz vor der Demonstration erkl\u00e4rte der pal\u00e4stinensische Koordinator Jamil gegen\u00fcber internationalen Journalistinnen und Journalisten: \u201eWir werden in allen Gebieten des Westjordanlands weiter protestieren, bis dieses ungerechte Gesetz aufgehoben wird.\u201c Der Protest wurde rasch von der israelischen Polizei und dem Milit\u00e4r eingeschr\u00e4nkt. Beide erkl\u00e4rten das Gebiet zur \u201egeschlossenen Milit\u00e4rzone\u201c und drohten den Anwesenden mit Festnahmen, sollten sie sich nicht entfernen. Die beteiligten Aktivistinnen und Aktivisten betonten, dass sie weiterhin \u00f6ffentlich Stellung beziehen werden: Sie wollen nicht schweigen, wenn schwerwiegende Verletzungen des Rechts auf Leben und auf ein faires Verfahren zur Normalit\u00e4t zu werden drohen. Fotos: Combatants for Peace"},{"@type":"BreadcrumbList","@id":"https:\/\/www.pressenza.com\/pt-pt\/2026\/04\/beit-jala-juntos-contra-a-pena-de-morte\/#breadcrumb","itemListElement":[{"@type":"ListItem","position":1,"name":"Accueil","item":"https:\/\/www.pressenza.com\/pt-pt\/"},{"@type":"ListItem","position":2,"name":"Beit Jala: juntos contra a pena de morte"}]},{"@type":"WebSite","@id":"https:\/\/www.pressenza.com\/pt-pt\/#website","url":"https:\/\/www.pressenza.com\/pt-pt\/","name":"Pressenza","description":"International Press Agency","publisher":{"@id":"https:\/\/www.pressenza.com\/pt-pt\/#organization"},"potentialAction":[{"@type":"SearchAction","target":{"@type":"EntryPoint","urlTemplate":"https:\/\/www.pressenza.com\/pt-pt\/?s={search_term_string}"},"query-input":{"@type":"PropertyValueSpecification","valueRequired":true,"valueName":"search_term_string"}}],"inLanguage":"pt-PT"},{"@type":"Organization","@id":"https:\/\/www.pressenza.com\/pt-pt\/#organization","name":"Pressenza","url":"https:\/\/www.pressenza.com\/pt-pt\/","logo":{"@type":"ImageObject","inLanguage":"pt-PT","@id":"https:\/\/www.pressenza.com\/pt-pt\/#\/schema\/logo\/image\/","url":"https:\/\/www.pressenza.com\/wp-content\/uploads\/2022\/10\/pressenza_logo_200x200.jpg","contentUrl":"https:\/\/www.pressenza.com\/wp-content\/uploads\/2022\/10\/pressenza_logo_200x200.jpg","width":200,"height":200,"caption":"Pressenza"},"image":{"@id":"https:\/\/www.pressenza.com\/pt-pt\/#\/schema\/logo\/image\/"},"sameAs":["https:\/\/www.facebook.com\/PressenzaItalia","https:\/\/x.com\/PressenzaIPA"]},{"@type":"Person","@id":"https:\/\/www.pressenza.com\/pt-pt\/#\/schema\/person\/a6d616419ef7af2ee1c0134f91f04ba5","name":"Combatants for Peace","description":"Combatants for Peace is a grassroots movement of Israelis and Palestinians, working together to end the occupation and bring peace, equality, and freedom to our homeland. https:\/\/www.cfpeace.org\/","sameAs":["https:\/\/www.cfpeace.org\/"],"url":"https:\/\/www.pressenza.com\/pt-pt\/author\/combatants-for-peace\/"}]}},"place":"","original_article_url":"","_links":{"self":[{"href":"https:\/\/www.pressenza.com\/pt-pt\/wp-json\/wp\/v2\/posts\/2690081","targetHints":{"allow":["GET"]}}],"collection":[{"href":"https:\/\/www.pressenza.com\/pt-pt\/wp-json\/wp\/v2\/posts"}],"about":[{"href":"https:\/\/www.pressenza.com\/pt-pt\/wp-json\/wp\/v2\/types\/post"}],"author":[{"embeddable":true,"href":"https:\/\/www.pressenza.com\/pt-pt\/wp-json\/wp\/v2\/users\/2478"}],"replies":[{"embeddable":true,"href":"https:\/\/www.pressenza.com\/pt-pt\/wp-json\/wp\/v2\/comments?post=2690081"}],"version-history":[{"count":3,"href":"https:\/\/www.pressenza.com\/pt-pt\/wp-json\/wp\/v2\/posts\/2690081\/revisions"}],"predecessor-version":[{"id":2690236,"href":"https:\/\/www.pressenza.com\/pt-pt\/wp-json\/wp\/v2\/posts\/2690081\/revisions\/2690236"}],"wp:featuredmedia":[{"embeddable":true,"href":"https:\/\/www.pressenza.com\/pt-pt\/wp-json\/wp\/v2\/media\/2690083"}],"wp:attachment":[{"href":"https:\/\/www.pressenza.com\/pt-pt\/wp-json\/wp\/v2\/media?parent=2690081"}],"wp:term":[{"taxonomy":"category","embeddable":true,"href":"https:\/\/www.pressenza.com\/pt-pt\/wp-json\/wp\/v2\/categories?post=2690081"},{"taxonomy":"post_tag","embeddable":true,"href":"https:\/\/www.pressenza.com\/pt-pt\/wp-json\/wp\/v2\/tags?post=2690081"}],"curies":[{"name":"wp","href":"https:\/\/api.w.org\/{rel}","templated":true}]}}