{"id":267505,"date":"2016-01-16T12:20:42","date_gmt":"2016-01-16T12:20:42","guid":{"rendered":"http:\/\/www.pressenza.com\/pt-pt\/?p=267505"},"modified":"2016-01-16T12:20:42","modified_gmt":"2016-01-16T12:20:42","slug":"oms-anuncia-fim-da-epidemia-de-ebola-na-africa-ocidental","status":"publish","type":"post","link":"https:\/\/www.pressenza.com\/pt-pt\/2016\/01\/oms-anuncia-fim-da-epidemia-de-ebola-na-africa-ocidental\/","title":{"rendered":"OMS anuncia fim da epidemia de ebola na \u00c1frica Ocidental"},"content":{"rendered":"<p>Em dois anos, doen\u00e7a matou mais de 11.300 pessoas, a maioria delas na Guin\u00e9, Lib\u00e9ria e Serra Leoa. Especialistas alertam que risco persiste porque v\u00edrus permanece no corpo de sobreviventes.<\/p>\n<p>A Organiza\u00e7\u00e3o Mundial da Sa\u00fade (OMS) anunciou nesta quinta-feira (14\/01) o fim da epidemia de ebola na \u00c1frica Ocidental, com a Lib\u00e9ria sendo o \u00faltimo pa\u00eds declarado livre da doen\u00e7a.<\/p>\n<p>&#8220;Hoje, a OMS declara o fim da epidemia de ebola na Lib\u00e9ria e afirma que todas as cadeias de transmiss\u00e3o conhecidas na \u00c1frica Ocidental foram interrompidas&#8221;, afirmou a institui\u00e7\u00e3o em Genebra.<\/p>\n<p>Iniciada em dezembro de 2013 na Guin\u00e9, a epidemia propagou-se depois para os vizinhos Lib\u00e9ria e Serra Leoa, tr\u00eas pa\u00edses que concentraram 99% dos casos, bem como para a Nig\u00e9ria e o Mali.<\/p>\n<p>Em dois anos, o v\u00edrus da doen\u00e7a, identificado pela primeira vez h\u00e1 quatro d\u00e9cadas, chegou, importado, \u00e0 Espanha e aos Estados Unidos, tendo afetado 28.637 pessoas e matado 11.315 delas.<\/p>\n<p>O balan\u00e7o, que a OMS admite estar ainda subavaliado, \u00e9 superior a todas as epidemias de ebola acumuladas desde a identifica\u00e7\u00e3o do v\u00edrus na \u00c1frica Central, em 1976.<\/p>\n<p>Ap\u00f3s Serra Leoa, em 7 de novembro de 2015, e Guin\u00e9, em 29 de dezembro, a Lib\u00e9ria chegou nesta quinta-feira ao 42\u00ba dia \u2013 o que equivale a duas vezes mais do que o per\u00edodo m\u00e1ximo de incuba\u00e7\u00e3o \u2013 depois de um segundo teste negativo no \u00faltimo paciente.<\/p>\n<p>No entanto, o risco persiste porque o v\u00edrus permanece em l\u00edquidos corporais de sobreviventes, principalmente no esperma, onde pode subsistir por at\u00e9 12 meses. Segundo a OMS, h\u00e1 1.200 sobreviventes na Guin\u00e9, 5 mil em Serra Leoa e 4 mil na Lib\u00e9ria.<\/p>\n<p>Na quarta-feira, o secret\u00e1rio-geral da ONU, Ban Ki-Moon, admitiu a possibilidade de o v\u00edrus poder reaparecer nos pr\u00f3ximos anos, mesmo que a sua amplitude e frequ\u00eancia devam diminuir com o tempo.<\/p>\n<p>&#8220;Devemos permanecer mobilizados&#8221;, alertou Peter Graaff, diretor da OMS para a epidemia do ebola.<\/p>\n<p>Este artigo n\u00e3o est\u00e1 sob Licen\u00e7a Creative Commons e n\u00e3o pode ser reproduzido de nenhuma forma. O mesmo \u00e9 v\u00e1lido para a foto.<\/p>\n","protected":false},"excerpt":{"rendered":"<p>Em dois anos, doen\u00e7a matou mais de 11.300 pessoas, a maioria delas na Guin\u00e9, Lib\u00e9ria e Serra Leoa. Especialistas alertam que risco persiste porque v\u00edrus permanece no corpo de sobreviventes. A Organiza\u00e7\u00e3o Mundial da Sa\u00fade (OMS) anunciou nesta quinta-feira (14\/01)&hellip;<\/p>\n","protected":false},"author":993,"featured_media":267508,"comment_status":"closed","ping_status":"open","sticky":false,"template":"","format":"standard","meta":{"footnotes":""},"categories":[37,42,1253],"tags":[9076,314,11868,2623,23241],"class_list":["post-267505","post","type-post","status-publish","format-standard","has-post-thumbnail","hentry","category-africa-pt","category-internacional-2","category-saude","tag-africa-ocidental","tag-ban-ki-moon","tag-ebola-pt-pt","tag-onu-pt-pt","tag-organizacao-mundial-da-saude"],"yoast_head":"<!-- This site is optimized with the Yoast SEO plugin v27.1.1 - https:\/\/yoast.com\/product\/yoast-seo-wordpress\/ -->\n<title>OMS anuncia fim da epidemia de ebola na \u00c1frica Ocidental<\/title>\n<meta name=\"description\" content=\"Em dois anos, doen\u00e7a matou mais de 11.300 pessoas, a maioria delas na Guin\u00e9, Lib\u00e9ria e Serra Leoa. Especialistas alertam que risco persiste porque v\u00edrus\" \/>\n<meta name=\"robots\" content=\"index, follow, max-snippet:-1, max-image-preview:large, max-video-preview:-1\" \/>\n<link rel=\"canonical\" href=\"https:\/\/www.pressenza.com\/pt-pt\/2016\/01\/oms-anuncia-fim-da-epidemia-de-ebola-na-africa-ocidental\/\" \/>\n<meta property=\"og:locale\" content=\"pt_PT\" \/>\n<meta property=\"og:type\" content=\"article\" \/>\n<meta property=\"og:title\" content=\"OMS anuncia fim da epidemia de ebola na \u00c1frica Ocidental\" \/>\n<meta property=\"og:description\" content=\"Em dois anos, doen\u00e7a matou mais de 11.300 pessoas, a maioria delas na Guin\u00e9, Lib\u00e9ria e Serra Leoa. Especialistas alertam que risco persiste porque v\u00edrus\" \/>\n<meta property=\"og:url\" content=\"https:\/\/www.pressenza.com\/pt-pt\/2016\/01\/oms-anuncia-fim-da-epidemia-de-ebola-na-africa-ocidental\/\" \/>\n<meta property=\"og:site_name\" content=\"Pressenza\" \/>\n<meta property=\"article:publisher\" content=\"https:\/\/www.facebook.com\/PressenzaItalia\" \/>\n<meta property=\"article:published_time\" content=\"2016-01-16T12:20:42+00:00\" \/>\n<meta property=\"og:image\" content=\"https:\/\/www.pressenza.com\/wp-content\/uploads\/2016\/01\/fim-ebola.jpg\" \/>\n\t<meta property=\"og:image:width\" content=\"700\" \/>\n\t<meta property=\"og:image:height\" content=\"394\" \/>\n\t<meta property=\"og:image:type\" content=\"image\/jpeg\" \/>\n<meta name=\"author\" content=\"Deutsche Welle\" \/>\n<meta name=\"twitter:card\" content=\"summary_large_image\" \/>\n<meta name=\"twitter:creator\" content=\"@PressenzaIPA\" \/>\n<meta name=\"twitter:site\" content=\"@PressenzaIPA\" \/>\n<meta name=\"twitter:label1\" content=\"Escrito por\" \/>\n\t<meta name=\"twitter:data1\" content=\"Deutsche Welle\" \/>\n\t<meta name=\"twitter:label2\" content=\"Tempo estimado de leitura\" \/>\n\t<meta name=\"twitter:data2\" content=\"2 minutos\" \/>\n<script type=\"application\/ld+json\" class=\"yoast-schema-graph\">{\"@context\":\"https:\/\/schema.org\",\"@graph\":[{\"@type\":\"Article\",\"@id\":\"https:\/\/www.pressenza.com\/pt-pt\/2016\/01\/oms-anuncia-fim-da-epidemia-de-ebola-na-africa-ocidental\/#article\",\"isPartOf\":{\"@id\":\"https:\/\/www.pressenza.com\/pt-pt\/2016\/01\/oms-anuncia-fim-da-epidemia-de-ebola-na-africa-ocidental\/\"},\"author\":{\"name\":\"Deutsche Welle\",\"@id\":\"https:\/\/www.pressenza.com\/pt-pt\/#\/schema\/person\/b7c775911f2c9a1b8c7225b94e2e9f37\"},\"headline\":\"OMS anuncia fim da epidemia de ebola na \u00c1frica Ocidental\",\"datePublished\":\"2016-01-16T12:20:42+00:00\",\"mainEntityOfPage\":{\"@id\":\"https:\/\/www.pressenza.com\/pt-pt\/2016\/01\/oms-anuncia-fim-da-epidemia-de-ebola-na-africa-ocidental\/\"},\"wordCount\":367,\"publisher\":{\"@id\":\"https:\/\/www.pressenza.com\/pt-pt\/#organization\"},\"image\":{\"@id\":\"https:\/\/www.pressenza.com\/pt-pt\/2016\/01\/oms-anuncia-fim-da-epidemia-de-ebola-na-africa-ocidental\/#primaryimage\"},\"thumbnailUrl\":\"https:\/\/www.pressenza.com\/wp-content\/uploads\/2016\/01\/fim-ebola.jpg\",\"keywords\":[\"\u00c1frica Ocidental\",\"Ban Ki Moon\",\"ebola\",\"ONU\",\"Organiza\u00e7\u00e3o Mundial da Sa\u00fade\"],\"articleSection\":[\"Africa\",\"Internacional\",\"Sa\u00fade\"],\"inLanguage\":\"pt-PT\"},{\"@type\":\"WebPage\",\"@id\":\"https:\/\/www.pressenza.com\/pt-pt\/2016\/01\/oms-anuncia-fim-da-epidemia-de-ebola-na-africa-ocidental\/\",\"url\":\"https:\/\/www.pressenza.com\/pt-pt\/2016\/01\/oms-anuncia-fim-da-epidemia-de-ebola-na-africa-ocidental\/\",\"name\":\"OMS anuncia fim da epidemia de ebola na \u00c1frica Ocidental\",\"isPartOf\":{\"@id\":\"https:\/\/www.pressenza.com\/pt-pt\/#website\"},\"primaryImageOfPage\":{\"@id\":\"https:\/\/www.pressenza.com\/pt-pt\/2016\/01\/oms-anuncia-fim-da-epidemia-de-ebola-na-africa-ocidental\/#primaryimage\"},\"image\":{\"@id\":\"https:\/\/www.pressenza.com\/pt-pt\/2016\/01\/oms-anuncia-fim-da-epidemia-de-ebola-na-africa-ocidental\/#primaryimage\"},\"thumbnailUrl\":\"https:\/\/www.pressenza.com\/wp-content\/uploads\/2016\/01\/fim-ebola.jpg\",\"datePublished\":\"2016-01-16T12:20:42+00:00\",\"description\":\"Em dois anos, doen\u00e7a matou mais de 11.300 pessoas, a maioria delas na Guin\u00e9, Lib\u00e9ria e Serra Leoa. Especialistas alertam que risco persiste porque v\u00edrus\",\"breadcrumb\":{\"@id\":\"https:\/\/www.pressenza.com\/pt-pt\/2016\/01\/oms-anuncia-fim-da-epidemia-de-ebola-na-africa-ocidental\/#breadcrumb\"},\"inLanguage\":\"pt-PT\",\"potentialAction\":[{\"@type\":\"ReadAction\",\"target\":[\"https:\/\/www.pressenza.com\/pt-pt\/2016\/01\/oms-anuncia-fim-da-epidemia-de-ebola-na-africa-ocidental\/\"]}]},{\"@type\":\"ImageObject\",\"inLanguage\":\"pt-PT\",\"@id\":\"https:\/\/www.pressenza.com\/pt-pt\/2016\/01\/oms-anuncia-fim-da-epidemia-de-ebola-na-africa-ocidental\/#primaryimage\",\"url\":\"https:\/\/www.pressenza.com\/wp-content\/uploads\/2016\/01\/fim-ebola.jpg\",\"contentUrl\":\"https:\/\/www.pressenza.com\/wp-content\/uploads\/2016\/01\/fim-ebola.jpg\",\"width\":700,\"height\":394},{\"@type\":\"BreadcrumbList\",\"@id\":\"https:\/\/www.pressenza.com\/pt-pt\/2016\/01\/oms-anuncia-fim-da-epidemia-de-ebola-na-africa-ocidental\/#breadcrumb\",\"itemListElement\":[{\"@type\":\"ListItem\",\"position\":1,\"name\":\"Accueil\",\"item\":\"https:\/\/www.pressenza.com\/pt-pt\/\"},{\"@type\":\"ListItem\",\"position\":2,\"name\":\"OMS anuncia fim da epidemia de ebola na \u00c1frica Ocidental\"}]},{\"@type\":\"WebSite\",\"@id\":\"https:\/\/www.pressenza.com\/pt-pt\/#website\",\"url\":\"https:\/\/www.pressenza.com\/pt-pt\/\",\"name\":\"Pressenza\",\"description\":\"International Press Agency\",\"publisher\":{\"@id\":\"https:\/\/www.pressenza.com\/pt-pt\/#organization\"},\"potentialAction\":[{\"@type\":\"SearchAction\",\"target\":{\"@type\":\"EntryPoint\",\"urlTemplate\":\"https:\/\/www.pressenza.com\/pt-pt\/?s={search_term_string}\"},\"query-input\":{\"@type\":\"PropertyValueSpecification\",\"valueRequired\":true,\"valueName\":\"search_term_string\"}}],\"inLanguage\":\"pt-PT\"},{\"@type\":\"Organization\",\"@id\":\"https:\/\/www.pressenza.com\/pt-pt\/#organization\",\"name\":\"Pressenza\",\"url\":\"https:\/\/www.pressenza.com\/pt-pt\/\",\"logo\":{\"@type\":\"ImageObject\",\"inLanguage\":\"pt-PT\",\"@id\":\"https:\/\/www.pressenza.com\/pt-pt\/#\/schema\/logo\/image\/\",\"url\":\"https:\/\/www.pressenza.com\/wp-content\/uploads\/2022\/10\/pressenza_logo_200x200.jpg\",\"contentUrl\":\"https:\/\/www.pressenza.com\/wp-content\/uploads\/2022\/10\/pressenza_logo_200x200.jpg\",\"width\":200,\"height\":200,\"caption\":\"Pressenza\"},\"image\":{\"@id\":\"https:\/\/www.pressenza.com\/pt-pt\/#\/schema\/logo\/image\/\"},\"sameAs\":[\"https:\/\/www.facebook.com\/PressenzaItalia\",\"https:\/\/x.com\/PressenzaIPA\"]},{\"@type\":\"Person\",\"@id\":\"https:\/\/www.pressenza.com\/pt-pt\/#\/schema\/person\/b7c775911f2c9a1b8c7225b94e2e9f37\",\"name\":\"Deutsche Welle\",\"description\":\"Articles and photographs by Deutsche Welle on Pressenza do not fall under the Creative Commons licence and are not reproducible in any way. www.dw.com\",\"sameAs\":[\"http:\/\/www.dw.com\"],\"url\":\"https:\/\/www.pressenza.com\/pt-pt\/author\/deutsche-welle\/\"}]}<\/script>\n<!-- \/ Yoast SEO plugin. -->","yoast_head_json":{"title":"OMS anuncia fim da epidemia de ebola na \u00c1frica Ocidental","description":"Em dois anos, doen\u00e7a matou mais de 11.300 pessoas, a maioria delas na Guin\u00e9, Lib\u00e9ria e Serra Leoa. Especialistas alertam que risco persiste porque v\u00edrus","robots":{"index":"index","follow":"follow","max-snippet":"max-snippet:-1","max-image-preview":"max-image-preview:large","max-video-preview":"max-video-preview:-1"},"canonical":"https:\/\/www.pressenza.com\/pt-pt\/2016\/01\/oms-anuncia-fim-da-epidemia-de-ebola-na-africa-ocidental\/","og_locale":"pt_PT","og_type":"article","og_title":"OMS anuncia fim da epidemia de ebola na \u00c1frica Ocidental","og_description":"Em dois anos, doen\u00e7a matou mais de 11.300 pessoas, a maioria delas na Guin\u00e9, Lib\u00e9ria e Serra Leoa. Especialistas alertam que risco persiste porque v\u00edrus","og_url":"https:\/\/www.pressenza.com\/pt-pt\/2016\/01\/oms-anuncia-fim-da-epidemia-de-ebola-na-africa-ocidental\/","og_site_name":"Pressenza","article_publisher":"https:\/\/www.facebook.com\/PressenzaItalia","article_published_time":"2016-01-16T12:20:42+00:00","og_image":[{"width":700,"height":394,"url":"https:\/\/www.pressenza.com\/wp-content\/uploads\/2016\/01\/fim-ebola.jpg","type":"image\/jpeg"}],"author":"Deutsche Welle","twitter_card":"summary_large_image","twitter_creator":"@PressenzaIPA","twitter_site":"@PressenzaIPA","twitter_misc":{"Escrito por":"Deutsche Welle","Tempo estimado de leitura":"2 minutos"},"schema":{"@context":"https:\/\/schema.org","@graph":[{"@type":"Article","@id":"https:\/\/www.pressenza.com\/pt-pt\/2016\/01\/oms-anuncia-fim-da-epidemia-de-ebola-na-africa-ocidental\/#article","isPartOf":{"@id":"https:\/\/www.pressenza.com\/pt-pt\/2016\/01\/oms-anuncia-fim-da-epidemia-de-ebola-na-africa-ocidental\/"},"author":{"name":"Deutsche Welle","@id":"https:\/\/www.pressenza.com\/pt-pt\/#\/schema\/person\/b7c775911f2c9a1b8c7225b94e2e9f37"},"headline":"OMS anuncia fim da epidemia de ebola na \u00c1frica Ocidental","datePublished":"2016-01-16T12:20:42+00:00","mainEntityOfPage":{"@id":"https:\/\/www.pressenza.com\/pt-pt\/2016\/01\/oms-anuncia-fim-da-epidemia-de-ebola-na-africa-ocidental\/"},"wordCount":367,"publisher":{"@id":"https:\/\/www.pressenza.com\/pt-pt\/#organization"},"image":{"@id":"https:\/\/www.pressenza.com\/pt-pt\/2016\/01\/oms-anuncia-fim-da-epidemia-de-ebola-na-africa-ocidental\/#primaryimage"},"thumbnailUrl":"https:\/\/www.pressenza.com\/wp-content\/uploads\/2016\/01\/fim-ebola.jpg","keywords":["\u00c1frica Ocidental","Ban Ki Moon","ebola","ONU","Organiza\u00e7\u00e3o Mundial da Sa\u00fade"],"articleSection":["Africa","Internacional","Sa\u00fade"],"inLanguage":"pt-PT"},{"@type":"WebPage","@id":"https:\/\/www.pressenza.com\/pt-pt\/2016\/01\/oms-anuncia-fim-da-epidemia-de-ebola-na-africa-ocidental\/","url":"https:\/\/www.pressenza.com\/pt-pt\/2016\/01\/oms-anuncia-fim-da-epidemia-de-ebola-na-africa-ocidental\/","name":"OMS anuncia fim da epidemia de ebola na \u00c1frica Ocidental","isPartOf":{"@id":"https:\/\/www.pressenza.com\/pt-pt\/#website"},"primaryImageOfPage":{"@id":"https:\/\/www.pressenza.com\/pt-pt\/2016\/01\/oms-anuncia-fim-da-epidemia-de-ebola-na-africa-ocidental\/#primaryimage"},"image":{"@id":"https:\/\/www.pressenza.com\/pt-pt\/2016\/01\/oms-anuncia-fim-da-epidemia-de-ebola-na-africa-ocidental\/#primaryimage"},"thumbnailUrl":"https:\/\/www.pressenza.com\/wp-content\/uploads\/2016\/01\/fim-ebola.jpg","datePublished":"2016-01-16T12:20:42+00:00","description":"Em dois anos, doen\u00e7a matou mais de 11.300 pessoas, a maioria delas na Guin\u00e9, Lib\u00e9ria e Serra Leoa. Especialistas alertam que risco persiste porque v\u00edrus","breadcrumb":{"@id":"https:\/\/www.pressenza.com\/pt-pt\/2016\/01\/oms-anuncia-fim-da-epidemia-de-ebola-na-africa-ocidental\/#breadcrumb"},"inLanguage":"pt-PT","potentialAction":[{"@type":"ReadAction","target":["https:\/\/www.pressenza.com\/pt-pt\/2016\/01\/oms-anuncia-fim-da-epidemia-de-ebola-na-africa-ocidental\/"]}]},{"@type":"ImageObject","inLanguage":"pt-PT","@id":"https:\/\/www.pressenza.com\/pt-pt\/2016\/01\/oms-anuncia-fim-da-epidemia-de-ebola-na-africa-ocidental\/#primaryimage","url":"https:\/\/www.pressenza.com\/wp-content\/uploads\/2016\/01\/fim-ebola.jpg","contentUrl":"https:\/\/www.pressenza.com\/wp-content\/uploads\/2016\/01\/fim-ebola.jpg","width":700,"height":394},{"@type":"BreadcrumbList","@id":"https:\/\/www.pressenza.com\/pt-pt\/2016\/01\/oms-anuncia-fim-da-epidemia-de-ebola-na-africa-ocidental\/#breadcrumb","itemListElement":[{"@type":"ListItem","position":1,"name":"Accueil","item":"https:\/\/www.pressenza.com\/pt-pt\/"},{"@type":"ListItem","position":2,"name":"OMS anuncia fim da epidemia de ebola na \u00c1frica Ocidental"}]},{"@type":"WebSite","@id":"https:\/\/www.pressenza.com\/pt-pt\/#website","url":"https:\/\/www.pressenza.com\/pt-pt\/","name":"Pressenza","description":"International Press Agency","publisher":{"@id":"https:\/\/www.pressenza.com\/pt-pt\/#organization"},"potentialAction":[{"@type":"SearchAction","target":{"@type":"EntryPoint","urlTemplate":"https:\/\/www.pressenza.com\/pt-pt\/?s={search_term_string}"},"query-input":{"@type":"PropertyValueSpecification","valueRequired":true,"valueName":"search_term_string"}}],"inLanguage":"pt-PT"},{"@type":"Organization","@id":"https:\/\/www.pressenza.com\/pt-pt\/#organization","name":"Pressenza","url":"https:\/\/www.pressenza.com\/pt-pt\/","logo":{"@type":"ImageObject","inLanguage":"pt-PT","@id":"https:\/\/www.pressenza.com\/pt-pt\/#\/schema\/logo\/image\/","url":"https:\/\/www.pressenza.com\/wp-content\/uploads\/2022\/10\/pressenza_logo_200x200.jpg","contentUrl":"https:\/\/www.pressenza.com\/wp-content\/uploads\/2022\/10\/pressenza_logo_200x200.jpg","width":200,"height":200,"caption":"Pressenza"},"image":{"@id":"https:\/\/www.pressenza.com\/pt-pt\/#\/schema\/logo\/image\/"},"sameAs":["https:\/\/www.facebook.com\/PressenzaItalia","https:\/\/x.com\/PressenzaIPA"]},{"@type":"Person","@id":"https:\/\/www.pressenza.com\/pt-pt\/#\/schema\/person\/b7c775911f2c9a1b8c7225b94e2e9f37","name":"Deutsche Welle","description":"Articles and photographs by Deutsche Welle on Pressenza do not fall under the Creative Commons licence and are not reproducible in any way. www.dw.com","sameAs":["http:\/\/www.dw.com"],"url":"https:\/\/www.pressenza.com\/pt-pt\/author\/deutsche-welle\/"}]}},"place":"","original_article_url":"http:\/\/m.dw.com\/pt\/oms-anuncia-fim-da-epidemia-de-ebola-na-%C3%A1frica-ocidental\/a-18977925","_links":{"self":[{"href":"https:\/\/www.pressenza.com\/pt-pt\/wp-json\/wp\/v2\/posts\/267505","targetHints":{"allow":["GET"]}}],"collection":[{"href":"https:\/\/www.pressenza.com\/pt-pt\/wp-json\/wp\/v2\/posts"}],"about":[{"href":"https:\/\/www.pressenza.com\/pt-pt\/wp-json\/wp\/v2\/types\/post"}],"author":[{"embeddable":true,"href":"https:\/\/www.pressenza.com\/pt-pt\/wp-json\/wp\/v2\/users\/993"}],"replies":[{"embeddable":true,"href":"https:\/\/www.pressenza.com\/pt-pt\/wp-json\/wp\/v2\/comments?post=267505"}],"version-history":[{"count":0,"href":"https:\/\/www.pressenza.com\/pt-pt\/wp-json\/wp\/v2\/posts\/267505\/revisions"}],"wp:featuredmedia":[{"embeddable":true,"href":"https:\/\/www.pressenza.com\/pt-pt\/wp-json\/wp\/v2\/media\/267508"}],"wp:attachment":[{"href":"https:\/\/www.pressenza.com\/pt-pt\/wp-json\/wp\/v2\/media?parent=267505"}],"wp:term":[{"taxonomy":"category","embeddable":true,"href":"https:\/\/www.pressenza.com\/pt-pt\/wp-json\/wp\/v2\/categories?post=267505"},{"taxonomy":"post_tag","embeddable":true,"href":"https:\/\/www.pressenza.com\/pt-pt\/wp-json\/wp\/v2\/tags?post=267505"}],"curies":[{"name":"wp","href":"https:\/\/api.w.org\/{rel}","templated":true}]}}