{"id":2669154,"date":"2026-01-19T21:26:35","date_gmt":"2026-01-19T21:26:35","guid":{"rendered":"https:\/\/www.pressenza.com\/?p=2669154"},"modified":"2026-01-19T21:26:35","modified_gmt":"2026-01-19T21:26:35","slug":"gomeia-galpao-criativo-inicia-2026-com-teatro-e-danca-na-baixada-fluminense","status":"publish","type":"post","link":"https:\/\/www.pressenza.com\/pt-pt\/2026\/01\/gomeia-galpao-criativo-inicia-2026-com-teatro-e-danca-na-baixada-fluminense\/","title":{"rendered":"Gomeia Galp\u00e3o Criativo inicia 2026 com teatro e dan\u00e7a na Baixada Fluminense"},"content":{"rendered":"<h5><span style=\"color: #999999;\">TEATRO<\/span><\/h5>\n<h5><em><strong>Por Camila Manh\u00e3es<\/strong><\/em><\/h5>\n<h1 dir=\"ltr\" style=\"text-align: center;\">Ponto de cultura na Baixada Fluminense tem programa\u00e7\u00e3o gratuita em Janeiro<\/h1>\n<p dir=\"ltr\">Rio de Janeiro\u00a0\u2013 Gomeia Galp\u00e3o Criativo prepara programa\u00e7\u00e3o especial para o m\u00eas de janeiro. No dia\u00a016 de janeiro, \u00e0s 19h, a\u00a0Cia Cerne, de S\u00e3o Jo\u00e3o de Meriti,\u00a0apresenta \u201cTr\u00eas Irm\u00e3os\u201d, vencedor do Pr\u00eamio Shell de Teatro 2024 na categoria Dramaturgia. Inspirado no romance\u00a0Seara Vermelha, de Jorge Amado, a trama narra a saga de uma fam\u00edlia expulsa de suas terras rumo a S\u00e3o Paulo, enfrentando fome, doen\u00e7as e perdas. A montagem atualiza os personagens, abordando temas como migra\u00e7\u00e3o, viol\u00eancia pol\u00edtica e fundamentalismo religioso, e reafirma a pesquisa da companhia sobre figuras importantes ligadas a S\u00e3o Jo\u00e3o de Meriti, como o escritor, que viveu no local, por volta dos anos 40.<\/p>\n<p dir=\"ltr\">J\u00e1 no dia\u00a022 de janeiro, \u00e0s 20h, os artistas\u00a0Davi Pontes e Wallace Ferreira\u00a0apresentam &#8220;Repert\u00f3rio\u00a0N.3\u201d, com produ\u00e7\u00e3o da\u00a0Quaf\u00e1 Produ\u00e7\u00f5es. \u00c9 o terceiro cap\u00edtulo de uma trilogia coreogr\u00e1fica iniciada em 2018. Sob uma perspectiva p\u00f3s-colonial, a obra mostra como a dan\u00e7a pode ser usada como forma de\u00a0autodefesa e resist\u00eancia, reunindo\u00a0corpos\u00a0que desafiam normas sociais e pol\u00edticas e criam imagens que rompem com a linearidade do tempo e despertam mem\u00f3rias coletivas.<\/p>\n<p dir=\"ltr\">Reconhecido internacionalmente, o espet\u00e1culo j\u00e1 circulou por festivais e institui\u00e7\u00f5es como My Wild Flag (Estocolmo), Les Urbaines e Arsenic (Su\u00ed\u00e7a), S\u00e2lmon Festival (Barcelona), Zodiak Center (Helsinque), Buddies in Bad Times Theatre (Toronto), al\u00e9m da Bienal de S\u00e3o Paulo, Festival Panorama no Museu de Arte do Rio e MITsp.<\/p>\n<p dir=\"ltr\">\u201cO Gomeia se consolida como um espa\u00e7o que reativa mem\u00f3rias a partir do territ\u00f3rio, articulando arte, corpo e pol\u00edtica. Receber esses espet\u00e1culos refor\u00e7a nosso compromisso com a Baixada Fluminense como lugar de produ\u00e7\u00e3o cultural cr\u00edtica, onde a hist\u00f3ria \u00e9 trabalhada no presente e a cria\u00e7\u00e3o art\u00edstica atua como pr\u00e1tica de reflex\u00e3o e transforma\u00e7\u00e3o\u201d, afirma Clara de Deus, coordenadora do Gomeia.<\/p>\n<h2 dir=\"ltr\">Sobre o Gomeia Galp\u00e3o Criativo<\/h2>\n<p dir=\"ltr\">Fundado em 2015, o\u00a0Gomeia Galp\u00e3o Criativo\u00a0tornou-se refer\u00eancia cultural na Baixada Fluminense, reunindo coletivos e produtores locais em projetos de artes visuais, artes c\u00eanicas, literatura, cinema e tecnologia. O espa\u00e7o promove oficinas, cineclubes e solu\u00e7\u00f5es digitais, e participou ativamente da execu\u00e7\u00e3o das Leis Aldir Blanc e Paulo Gustavo.<\/p>\n<p dir=\"ltr\">Atualmente, o espa\u00e7o enfrenta um momento delicado com o im\u00f3vel colocado \u00e0 venda e busca visibilidade para garantir a continuidade de suas a\u00e7\u00f5es formativas e art\u00edsticas.<\/p>\n<p dir=\"ltr\"><strong><span dir=\"auto\">SERVI\u00c7O<\/span><\/strong><\/p>\n<p dir=\"ltr\"><strong>Tr\u00eas Irm\u00e3os<\/strong><\/p>\n<p dir=\"ltr\">Data: sexta-feira, 16 de janeiro, \u00e0s 19h<\/p>\n<p dir=\"ltr\">Dura\u00e7\u00e3o: 70 minutos<\/p>\n<p dir=\"ltr\">Classifica\u00e7\u00e3o indicativa: 12 anos<\/p>\n<p dir=\"ltr\">Endere\u00e7o: Gomeia Galp\u00e3o Criativo &#8211; Rua Dr. Lauro Neiva, 32, Centro de Duque de Caxias.<\/p>\n<p dir=\"ltr\"><span dir=\"auto\">Livre<\/span><\/p>\n<p dir=\"ltr\"><strong>Ficha T\u00e9cnica<\/strong><\/p>\n<p dir=\"ltr\">Texto e Dire\u00e7\u00e3o: Vinicius Bai\u00e3o<\/p>\n<p dir=\"ltr\">Elenco: Elizandra Souza, Gabriela Estolano, Higor Nery, Leandro Fazolla, Madson Vilela e Rohan Baruck<\/p>\n<p dir=\"ltr\">Figurino: C\u00e1tia Vianna<\/p>\n<p dir=\"ltr\">Ilumina\u00e7\u00e3o: Ana Luzia de Simoni<\/p>\n<p dir=\"ltr\">Prepara\u00e7\u00e3o Vocal: Rohan Baruck<\/p>\n<p dir=\"ltr\">Prepara\u00e7\u00e3o Corporal e Dire\u00e7\u00e3o de Movimento: Gabriela Luiz<\/p>\n<p dir=\"ltr\">Dire\u00e7\u00e3o Musical e Trilha Sonora: Ananda K<\/p>\n<p dir=\"ltr\">Dire\u00e7\u00e3o de Produ\u00e7\u00e3o: Stephany Lopez, Leandro Fazolla e Vinicius Bai\u00e3o<\/p>\n<p dir=\"ltr\">Realiza\u00e7\u00e3o: Instituto Cultural Cerne e Cia Cerne<\/p>\n<p dir=\"ltr\"><strong><span dir=\"auto\">Repert\u00f3rio N3<\/span><\/strong><\/p>\n<p dir=\"ltr\">Data: quinta-feira, 22 de janeiro, \u00e0s 20 h<\/p>\n<p dir=\"ltr\">Dura\u00e7\u00e3o: 45 min<\/p>\n<p dir=\"ltr\">Classifica\u00e7\u00e3o indicativa: 18 anos<\/p>\n<p dir=\"ltr\">Acessibilidade: audiodescri\u00e7\u00e3o e int\u00e9rprete de LIBRAS<\/p>\n<p dir=\"ltr\">Gratuito com retirada de senha 1h antes do espet\u00e1culo<\/p>\n<p dir=\"ltr\">Ender\u00e7o: Gomeia Galp\u00e3o Criativo &#8211; Rua Dr. Lauro Neiva, 32, Centro de Duque de Caxias.<\/p>\n<p dir=\"ltr\"><strong><span dir=\"auto\">Ficha T\u00e9cnica<\/span><\/strong><\/p>\n<p dir=\"ltr\">Coreografia e performance: Davi Pontes e Wallace Ferreira<\/p>\n<p dir=\"ltr\">Produ\u00e7\u00e3o executiva: Netto<\/p>\n<p dir=\"ltr\">Coordena\u00e7\u00e3o de produ\u00e7\u00e3o: Rafael Fernandes \u2013 Quaf\u00e1 Produ\u00e7\u00f5es<\/p>\n","protected":false},"excerpt":{"rendered":"<p>TEATRO Por Camila Manh\u00e3es Ponto de cultura na Baixada Fluminense tem programa\u00e7\u00e3o gratuita em Janeiro Rio de Janeiro\u00a0\u2013 Gomeia Galp\u00e3o Criativo prepara programa\u00e7\u00e3o especial para o m\u00eas de janeiro. No dia\u00a016 de janeiro, \u00e0s 19h, a\u00a0Cia Cerne, de S\u00e3o Jo\u00e3o&hellip;<\/p>\n","protected":false},"author":1685,"featured_media":2669156,"comment_status":"closed","ping_status":"closed","sticky":false,"template":"","format":"standard","meta":{"footnotes":""},"categories":[104,11390,112,153],"tags":[75312],"class_list":["post-2669154","post","type-post","status-publish","format-standard","has-post-thumbnail","hentry","category-america-do-sul","category-conteudo-original","category-cultura-pt-pt","category-nota-de-imprensa","tag-teatro-pt-pt"],"yoast_head":"<!-- This site is optimized with the Yoast SEO plugin v27.1.1 - https:\/\/yoast.com\/product\/yoast-seo-wordpress\/ -->\n<title>Gomeia Galp\u00e3o Criativo inicia 2026 com teatro e dan\u00e7a na Baixada Fluminense<\/title>\n<meta name=\"description\" content=\"TEATRO Por Camila Manh\u00e3es Ponto de cultura na Baixada Fluminense tem programa\u00e7\u00e3o gratuita em Janeiro Rio de Janeiro\u00a0\u2013 Gomeia Galp\u00e3o Criativo prepara\" \/>\n<meta name=\"robots\" content=\"index, follow, max-snippet:-1, max-image-preview:large, max-video-preview:-1\" \/>\n<link rel=\"canonical\" href=\"https:\/\/www.pressenza.com\/pt-pt\/2026\/01\/gomeia-galpao-criativo-inicia-2026-com-teatro-e-danca-na-baixada-fluminense\/\" \/>\n<meta property=\"og:locale\" content=\"pt_PT\" \/>\n<meta property=\"og:type\" content=\"article\" \/>\n<meta property=\"og:title\" content=\"Gomeia Galp\u00e3o Criativo inicia 2026 com teatro e dan\u00e7a na Baixada Fluminense\" \/>\n<meta property=\"og:description\" content=\"TEATRO Por Camila Manh\u00e3es Ponto de cultura na Baixada Fluminense tem programa\u00e7\u00e3o gratuita em Janeiro Rio de Janeiro\u00a0\u2013 Gomeia Galp\u00e3o Criativo prepara\" \/>\n<meta property=\"og:url\" content=\"https:\/\/www.pressenza.com\/pt-pt\/2026\/01\/gomeia-galpao-criativo-inicia-2026-com-teatro-e-danca-na-baixada-fluminense\/\" \/>\n<meta property=\"og:site_name\" content=\"Pressenza\" \/>\n<meta property=\"article:publisher\" content=\"https:\/\/www.facebook.com\/PressenzaItalia\" \/>\n<meta property=\"article:published_time\" content=\"2026-01-19T21:26:35+00:00\" \/>\n<meta property=\"og:image\" content=\"https:\/\/www.pressenza.com\/wp-content\/uploads\/2026\/01\/fotos-site-pressenza-5.jpg\" \/>\n\t<meta property=\"og:image:width\" content=\"750\" \/>\n\t<meta property=\"og:image:height\" content=\"420\" \/>\n\t<meta property=\"og:image:type\" content=\"image\/jpeg\" \/>\n<meta name=\"author\" content=\"Reda\u00e7\u00e3o Rio de Janeiro\" \/>\n<meta name=\"twitter:card\" content=\"summary_large_image\" \/>\n<meta name=\"twitter:creator\" content=\"@PressenzaIPA\" \/>\n<meta name=\"twitter:site\" content=\"@PressenzaIPA\" \/>\n<meta name=\"twitter:label1\" content=\"Escrito por\" \/>\n\t<meta name=\"twitter:data1\" content=\"Reda\u00e7\u00e3o Rio de Janeiro\" \/>\n\t<meta name=\"twitter:label2\" content=\"Tempo estimado de leitura\" \/>\n\t<meta name=\"twitter:data2\" content=\"4 minutos\" \/>\n<script type=\"application\/ld+json\" class=\"yoast-schema-graph\">{\"@context\":\"https:\/\/schema.org\",\"@graph\":[{\"@type\":\"Article\",\"@id\":\"https:\/\/www.pressenza.com\/pt-pt\/2026\/01\/gomeia-galpao-criativo-inicia-2026-com-teatro-e-danca-na-baixada-fluminense\/#article\",\"isPartOf\":{\"@id\":\"https:\/\/www.pressenza.com\/pt-pt\/2026\/01\/gomeia-galpao-criativo-inicia-2026-com-teatro-e-danca-na-baixada-fluminense\/\"},\"author\":{\"name\":\"Reda\u00e7\u00e3o Rio de Janeiro\",\"@id\":\"https:\/\/www.pressenza.com\/pt-pt\/#\/schema\/person\/6925e927f8ff3a0cdb838320c5d12259\"},\"headline\":\"Gomeia Galp\u00e3o Criativo inicia 2026 com teatro e dan\u00e7a na Baixada Fluminense\",\"datePublished\":\"2026-01-19T21:26:35+00:00\",\"mainEntityOfPage\":{\"@id\":\"https:\/\/www.pressenza.com\/pt-pt\/2026\/01\/gomeia-galpao-criativo-inicia-2026-com-teatro-e-danca-na-baixada-fluminense\/\"},\"wordCount\":642,\"publisher\":{\"@id\":\"https:\/\/www.pressenza.com\/pt-pt\/#organization\"},\"image\":{\"@id\":\"https:\/\/www.pressenza.com\/pt-pt\/2026\/01\/gomeia-galpao-criativo-inicia-2026-com-teatro-e-danca-na-baixada-fluminense\/#primaryimage\"},\"thumbnailUrl\":\"https:\/\/www.pressenza.com\/wp-content\/uploads\/2026\/01\/fotos-site-pressenza-5.jpg\",\"keywords\":[\"teatro\"],\"articleSection\":[\"\u00c1m\u00e9rica do Sul\",\"Conte\u00fado Original\",\"Cultura e M\u00eddia\",\"Nota de imprensa\"],\"inLanguage\":\"pt-PT\"},{\"@type\":\"WebPage\",\"@id\":\"https:\/\/www.pressenza.com\/pt-pt\/2026\/01\/gomeia-galpao-criativo-inicia-2026-com-teatro-e-danca-na-baixada-fluminense\/\",\"url\":\"https:\/\/www.pressenza.com\/pt-pt\/2026\/01\/gomeia-galpao-criativo-inicia-2026-com-teatro-e-danca-na-baixada-fluminense\/\",\"name\":\"Gomeia Galp\u00e3o Criativo inicia 2026 com teatro e dan\u00e7a na Baixada Fluminense\",\"isPartOf\":{\"@id\":\"https:\/\/www.pressenza.com\/pt-pt\/#website\"},\"primaryImageOfPage\":{\"@id\":\"https:\/\/www.pressenza.com\/pt-pt\/2026\/01\/gomeia-galpao-criativo-inicia-2026-com-teatro-e-danca-na-baixada-fluminense\/#primaryimage\"},\"image\":{\"@id\":\"https:\/\/www.pressenza.com\/pt-pt\/2026\/01\/gomeia-galpao-criativo-inicia-2026-com-teatro-e-danca-na-baixada-fluminense\/#primaryimage\"},\"thumbnailUrl\":\"https:\/\/www.pressenza.com\/wp-content\/uploads\/2026\/01\/fotos-site-pressenza-5.jpg\",\"datePublished\":\"2026-01-19T21:26:35+00:00\",\"description\":\"TEATRO Por Camila Manh\u00e3es Ponto de cultura na Baixada Fluminense tem programa\u00e7\u00e3o gratuita em Janeiro Rio de Janeiro\u00a0\u2013 Gomeia Galp\u00e3o Criativo prepara\",\"breadcrumb\":{\"@id\":\"https:\/\/www.pressenza.com\/pt-pt\/2026\/01\/gomeia-galpao-criativo-inicia-2026-com-teatro-e-danca-na-baixada-fluminense\/#breadcrumb\"},\"inLanguage\":\"pt-PT\",\"potentialAction\":[{\"@type\":\"ReadAction\",\"target\":[\"https:\/\/www.pressenza.com\/pt-pt\/2026\/01\/gomeia-galpao-criativo-inicia-2026-com-teatro-e-danca-na-baixada-fluminense\/\"]}]},{\"@type\":\"ImageObject\",\"inLanguage\":\"pt-PT\",\"@id\":\"https:\/\/www.pressenza.com\/pt-pt\/2026\/01\/gomeia-galpao-criativo-inicia-2026-com-teatro-e-danca-na-baixada-fluminense\/#primaryimage\",\"url\":\"https:\/\/www.pressenza.com\/wp-content\/uploads\/2026\/01\/fotos-site-pressenza-5.jpg\",\"contentUrl\":\"https:\/\/www.pressenza.com\/wp-content\/uploads\/2026\/01\/fotos-site-pressenza-5.jpg\",\"width\":750,\"height\":420},{\"@type\":\"BreadcrumbList\",\"@id\":\"https:\/\/www.pressenza.com\/pt-pt\/2026\/01\/gomeia-galpao-criativo-inicia-2026-com-teatro-e-danca-na-baixada-fluminense\/#breadcrumb\",\"itemListElement\":[{\"@type\":\"ListItem\",\"position\":1,\"name\":\"Accueil\",\"item\":\"https:\/\/www.pressenza.com\/pt-pt\/\"},{\"@type\":\"ListItem\",\"position\":2,\"name\":\"Gomeia Galp\u00e3o Criativo inicia 2026 com teatro e dan\u00e7a na Baixada Fluminense\"}]},{\"@type\":\"WebSite\",\"@id\":\"https:\/\/www.pressenza.com\/pt-pt\/#website\",\"url\":\"https:\/\/www.pressenza.com\/pt-pt\/\",\"name\":\"Pressenza\",\"description\":\"International Press Agency\",\"publisher\":{\"@id\":\"https:\/\/www.pressenza.com\/pt-pt\/#organization\"},\"potentialAction\":[{\"@type\":\"SearchAction\",\"target\":{\"@type\":\"EntryPoint\",\"urlTemplate\":\"https:\/\/www.pressenza.com\/pt-pt\/?s={search_term_string}\"},\"query-input\":{\"@type\":\"PropertyValueSpecification\",\"valueRequired\":true,\"valueName\":\"search_term_string\"}}],\"inLanguage\":\"pt-PT\"},{\"@type\":\"Organization\",\"@id\":\"https:\/\/www.pressenza.com\/pt-pt\/#organization\",\"name\":\"Pressenza\",\"url\":\"https:\/\/www.pressenza.com\/pt-pt\/\",\"logo\":{\"@type\":\"ImageObject\",\"inLanguage\":\"pt-PT\",\"@id\":\"https:\/\/www.pressenza.com\/pt-pt\/#\/schema\/logo\/image\/\",\"url\":\"https:\/\/www.pressenza.com\/wp-content\/uploads\/2022\/10\/pressenza_logo_200x200.jpg\",\"contentUrl\":\"https:\/\/www.pressenza.com\/wp-content\/uploads\/2022\/10\/pressenza_logo_200x200.jpg\",\"width\":200,\"height\":200,\"caption\":\"Pressenza\"},\"image\":{\"@id\":\"https:\/\/www.pressenza.com\/pt-pt\/#\/schema\/logo\/image\/\"},\"sameAs\":[\"https:\/\/www.facebook.com\/PressenzaItalia\",\"https:\/\/x.com\/PressenzaIPA\"]},{\"@type\":\"Person\",\"@id\":\"https:\/\/www.pressenza.com\/pt-pt\/#\/schema\/person\/6925e927f8ff3a0cdb838320c5d12259\",\"name\":\"Reda\u00e7\u00e3o Rio de Janeiro\",\"description\":\"News published by the Pressenza bureau in Rio de Janeiro, Brazil\",\"url\":\"https:\/\/www.pressenza.com\/pt-pt\/author\/redacao-rio-de-janeiro\/\"}]}<\/script>\n<!-- \/ Yoast SEO plugin. -->","yoast_head_json":{"title":"Gomeia Galp\u00e3o Criativo inicia 2026 com teatro e dan\u00e7a na Baixada Fluminense","description":"TEATRO Por Camila Manh\u00e3es Ponto de cultura na Baixada Fluminense tem programa\u00e7\u00e3o gratuita em Janeiro Rio de Janeiro\u00a0\u2013 Gomeia Galp\u00e3o Criativo prepara","robots":{"index":"index","follow":"follow","max-snippet":"max-snippet:-1","max-image-preview":"max-image-preview:large","max-video-preview":"max-video-preview:-1"},"canonical":"https:\/\/www.pressenza.com\/pt-pt\/2026\/01\/gomeia-galpao-criativo-inicia-2026-com-teatro-e-danca-na-baixada-fluminense\/","og_locale":"pt_PT","og_type":"article","og_title":"Gomeia Galp\u00e3o Criativo inicia 2026 com teatro e dan\u00e7a na Baixada Fluminense","og_description":"TEATRO Por Camila Manh\u00e3es Ponto de cultura na Baixada Fluminense tem programa\u00e7\u00e3o gratuita em Janeiro Rio de Janeiro\u00a0\u2013 Gomeia Galp\u00e3o Criativo prepara","og_url":"https:\/\/www.pressenza.com\/pt-pt\/2026\/01\/gomeia-galpao-criativo-inicia-2026-com-teatro-e-danca-na-baixada-fluminense\/","og_site_name":"Pressenza","article_publisher":"https:\/\/www.facebook.com\/PressenzaItalia","article_published_time":"2026-01-19T21:26:35+00:00","og_image":[{"width":750,"height":420,"url":"https:\/\/www.pressenza.com\/wp-content\/uploads\/2026\/01\/fotos-site-pressenza-5.jpg","type":"image\/jpeg"}],"author":"Reda\u00e7\u00e3o Rio de Janeiro","twitter_card":"summary_large_image","twitter_creator":"@PressenzaIPA","twitter_site":"@PressenzaIPA","twitter_misc":{"Escrito por":"Reda\u00e7\u00e3o Rio de Janeiro","Tempo estimado de leitura":"4 minutos"},"schema":{"@context":"https:\/\/schema.org","@graph":[{"@type":"Article","@id":"https:\/\/www.pressenza.com\/pt-pt\/2026\/01\/gomeia-galpao-criativo-inicia-2026-com-teatro-e-danca-na-baixada-fluminense\/#article","isPartOf":{"@id":"https:\/\/www.pressenza.com\/pt-pt\/2026\/01\/gomeia-galpao-criativo-inicia-2026-com-teatro-e-danca-na-baixada-fluminense\/"},"author":{"name":"Reda\u00e7\u00e3o Rio de Janeiro","@id":"https:\/\/www.pressenza.com\/pt-pt\/#\/schema\/person\/6925e927f8ff3a0cdb838320c5d12259"},"headline":"Gomeia Galp\u00e3o Criativo inicia 2026 com teatro e dan\u00e7a na Baixada Fluminense","datePublished":"2026-01-19T21:26:35+00:00","mainEntityOfPage":{"@id":"https:\/\/www.pressenza.com\/pt-pt\/2026\/01\/gomeia-galpao-criativo-inicia-2026-com-teatro-e-danca-na-baixada-fluminense\/"},"wordCount":642,"publisher":{"@id":"https:\/\/www.pressenza.com\/pt-pt\/#organization"},"image":{"@id":"https:\/\/www.pressenza.com\/pt-pt\/2026\/01\/gomeia-galpao-criativo-inicia-2026-com-teatro-e-danca-na-baixada-fluminense\/#primaryimage"},"thumbnailUrl":"https:\/\/www.pressenza.com\/wp-content\/uploads\/2026\/01\/fotos-site-pressenza-5.jpg","keywords":["teatro"],"articleSection":["\u00c1m\u00e9rica do Sul","Conte\u00fado Original","Cultura e M\u00eddia","Nota de imprensa"],"inLanguage":"pt-PT"},{"@type":"WebPage","@id":"https:\/\/www.pressenza.com\/pt-pt\/2026\/01\/gomeia-galpao-criativo-inicia-2026-com-teatro-e-danca-na-baixada-fluminense\/","url":"https:\/\/www.pressenza.com\/pt-pt\/2026\/01\/gomeia-galpao-criativo-inicia-2026-com-teatro-e-danca-na-baixada-fluminense\/","name":"Gomeia Galp\u00e3o Criativo inicia 2026 com teatro e dan\u00e7a na Baixada Fluminense","isPartOf":{"@id":"https:\/\/www.pressenza.com\/pt-pt\/#website"},"primaryImageOfPage":{"@id":"https:\/\/www.pressenza.com\/pt-pt\/2026\/01\/gomeia-galpao-criativo-inicia-2026-com-teatro-e-danca-na-baixada-fluminense\/#primaryimage"},"image":{"@id":"https:\/\/www.pressenza.com\/pt-pt\/2026\/01\/gomeia-galpao-criativo-inicia-2026-com-teatro-e-danca-na-baixada-fluminense\/#primaryimage"},"thumbnailUrl":"https:\/\/www.pressenza.com\/wp-content\/uploads\/2026\/01\/fotos-site-pressenza-5.jpg","datePublished":"2026-01-19T21:26:35+00:00","description":"TEATRO Por Camila Manh\u00e3es Ponto de cultura na Baixada Fluminense tem programa\u00e7\u00e3o gratuita em Janeiro Rio de Janeiro\u00a0\u2013 Gomeia Galp\u00e3o Criativo prepara","breadcrumb":{"@id":"https:\/\/www.pressenza.com\/pt-pt\/2026\/01\/gomeia-galpao-criativo-inicia-2026-com-teatro-e-danca-na-baixada-fluminense\/#breadcrumb"},"inLanguage":"pt-PT","potentialAction":[{"@type":"ReadAction","target":["https:\/\/www.pressenza.com\/pt-pt\/2026\/01\/gomeia-galpao-criativo-inicia-2026-com-teatro-e-danca-na-baixada-fluminense\/"]}]},{"@type":"ImageObject","inLanguage":"pt-PT","@id":"https:\/\/www.pressenza.com\/pt-pt\/2026\/01\/gomeia-galpao-criativo-inicia-2026-com-teatro-e-danca-na-baixada-fluminense\/#primaryimage","url":"https:\/\/www.pressenza.com\/wp-content\/uploads\/2026\/01\/fotos-site-pressenza-5.jpg","contentUrl":"https:\/\/www.pressenza.com\/wp-content\/uploads\/2026\/01\/fotos-site-pressenza-5.jpg","width":750,"height":420},{"@type":"BreadcrumbList","@id":"https:\/\/www.pressenza.com\/pt-pt\/2026\/01\/gomeia-galpao-criativo-inicia-2026-com-teatro-e-danca-na-baixada-fluminense\/#breadcrumb","itemListElement":[{"@type":"ListItem","position":1,"name":"Accueil","item":"https:\/\/www.pressenza.com\/pt-pt\/"},{"@type":"ListItem","position":2,"name":"Gomeia Galp\u00e3o Criativo inicia 2026 com teatro e dan\u00e7a na Baixada Fluminense"}]},{"@type":"WebSite","@id":"https:\/\/www.pressenza.com\/pt-pt\/#website","url":"https:\/\/www.pressenza.com\/pt-pt\/","name":"Pressenza","description":"International Press Agency","publisher":{"@id":"https:\/\/www.pressenza.com\/pt-pt\/#organization"},"potentialAction":[{"@type":"SearchAction","target":{"@type":"EntryPoint","urlTemplate":"https:\/\/www.pressenza.com\/pt-pt\/?s={search_term_string}"},"query-input":{"@type":"PropertyValueSpecification","valueRequired":true,"valueName":"search_term_string"}}],"inLanguage":"pt-PT"},{"@type":"Organization","@id":"https:\/\/www.pressenza.com\/pt-pt\/#organization","name":"Pressenza","url":"https:\/\/www.pressenza.com\/pt-pt\/","logo":{"@type":"ImageObject","inLanguage":"pt-PT","@id":"https:\/\/www.pressenza.com\/pt-pt\/#\/schema\/logo\/image\/","url":"https:\/\/www.pressenza.com\/wp-content\/uploads\/2022\/10\/pressenza_logo_200x200.jpg","contentUrl":"https:\/\/www.pressenza.com\/wp-content\/uploads\/2022\/10\/pressenza_logo_200x200.jpg","width":200,"height":200,"caption":"Pressenza"},"image":{"@id":"https:\/\/www.pressenza.com\/pt-pt\/#\/schema\/logo\/image\/"},"sameAs":["https:\/\/www.facebook.com\/PressenzaItalia","https:\/\/x.com\/PressenzaIPA"]},{"@type":"Person","@id":"https:\/\/www.pressenza.com\/pt-pt\/#\/schema\/person\/6925e927f8ff3a0cdb838320c5d12259","name":"Reda\u00e7\u00e3o Rio de Janeiro","description":"News published by the Pressenza bureau in Rio de Janeiro, Brazil","url":"https:\/\/www.pressenza.com\/pt-pt\/author\/redacao-rio-de-janeiro\/"}]}},"place":"","original_article_url":"","_links":{"self":[{"href":"https:\/\/www.pressenza.com\/pt-pt\/wp-json\/wp\/v2\/posts\/2669154","targetHints":{"allow":["GET"]}}],"collection":[{"href":"https:\/\/www.pressenza.com\/pt-pt\/wp-json\/wp\/v2\/posts"}],"about":[{"href":"https:\/\/www.pressenza.com\/pt-pt\/wp-json\/wp\/v2\/types\/post"}],"author":[{"embeddable":true,"href":"https:\/\/www.pressenza.com\/pt-pt\/wp-json\/wp\/v2\/users\/1685"}],"replies":[{"embeddable":true,"href":"https:\/\/www.pressenza.com\/pt-pt\/wp-json\/wp\/v2\/comments?post=2669154"}],"version-history":[{"count":1,"href":"https:\/\/www.pressenza.com\/pt-pt\/wp-json\/wp\/v2\/posts\/2669154\/revisions"}],"predecessor-version":[{"id":2669160,"href":"https:\/\/www.pressenza.com\/pt-pt\/wp-json\/wp\/v2\/posts\/2669154\/revisions\/2669160"}],"wp:featuredmedia":[{"embeddable":true,"href":"https:\/\/www.pressenza.com\/pt-pt\/wp-json\/wp\/v2\/media\/2669156"}],"wp:attachment":[{"href":"https:\/\/www.pressenza.com\/pt-pt\/wp-json\/wp\/v2\/media?parent=2669154"}],"wp:term":[{"taxonomy":"category","embeddable":true,"href":"https:\/\/www.pressenza.com\/pt-pt\/wp-json\/wp\/v2\/categories?post=2669154"},{"taxonomy":"post_tag","embeddable":true,"href":"https:\/\/www.pressenza.com\/pt-pt\/wp-json\/wp\/v2\/tags?post=2669154"}],"curies":[{"name":"wp","href":"https:\/\/api.w.org\/{rel}","templated":true}]}}