{"id":2662028,"date":"2025-12-17T10:54:17","date_gmt":"2025-12-17T10:54:17","guid":{"rendered":"https:\/\/www.pressenza.com\/?p=2662028"},"modified":"2025-12-17T10:55:24","modified_gmt":"2025-12-17T10:55:24","slug":"o-potencial-belico-das-usinas-nucleares","status":"publish","type":"post","link":"https:\/\/www.pressenza.com\/pt-pt\/2025\/12\/o-potencial-belico-das-usinas-nucleares\/","title":{"rendered":"O potencial b\u00e9lico das usinas nucleares"},"content":{"rendered":"<p align=\"right\"><span style=\"font-family: Times New Roman, serif;\"><span style=\"font-size: medium;\"><span style=\"font-family: Calibri, serif;\"><span style=\"font-size: small;\">Heitor Scalambrini Costa*<\/span><\/span><\/span><\/span><\/p>\n<p align=\"right\"><span style=\"font-family: Times New Roman, serif;\"><span style=\"font-size: medium;\"><span style=\"font-family: Calibri, serif;\"><span style=\"font-size: small;\">Professor associado aposentado da Universidade Federal de Pernambuco<\/span><\/span><\/span><\/span><\/p>\n<p align=\"right\">\n<p align=\"right\"><span style=\"font-family: Times New Roman, serif;\"><span style=\"font-size: medium;\"><span style=\"font-family: Calibri, serif;\"><span style=\"font-size: small;\">&#8220;Se os reatores fossem seguros, as ind\u00fastrias nucleares n\u00e3o exigiriam prote\u00e7\u00e3o de responsabilidade<\/span><\/span><\/span><\/span><\/p>\n<p align=\"right\"><span style=\"font-family: Times New Roman, serif;\"><span style=\"font-size: medium;\"><span style=\"font-family: Calibri, serif;\"><span style=\"font-size: small;\">contra acidentes garantidos pelo governo, como condi\u00e7\u00e3o para gerar eletricidade.&#8221; <\/span><\/span><\/span><\/span><\/p>\n<p align=\"right\"><span style=\"font-family: Times New Roman, serif;\"><span style=\"font-size: medium;\"><b><span style=\"font-family: Calibri, serif;\"><span style=\"font-size: small;\">Kristin Shrader-Frechette<\/span><\/span><\/b><span style=\"font-family: Calibri, serif;\"><span style=\"font-size: small;\"> (fil\u00f3sofa da ci\u00eancia, professora e ativista ambiental)<\/span><\/span><\/span><\/span><\/p>\n<p align=\"right\">\n<p align=\"right\"><span style=\"font-family: Times New Roman, serif;\"><span style=\"font-size: medium;\"><span style=\"font-family: Calibri, serif;\"><span style=\"font-size: small;\">&#8220;A energia nuclear \u00e9 um <\/span><\/span><span style=\"font-family: Calibri, serif;\"><span style=\"font-size: small;\">combust\u00edvel ruim, um combust\u00edvel sujo, um combust\u00edvel perigoso\u201d<\/span><\/span><\/span><\/span><\/p>\n<p align=\"right\"><span style=\"font-family: Times New Roman, serif;\"><span style=\"font-size: medium;\"><b><span style=\"font-family: Calibri, serif;\"><span style=\"font-size: small;\">Paul Keating<\/span><\/span><\/b><span style=\"font-family: Calibri, serif;\"><span style=\"font-size: small;\"> (ex-primeiro-ministro da Austr\u00e1lia).<\/span><\/span><\/span><\/span><\/p>\n<p>&nbsp;<\/p>\n<p align=\"justify\"><span style=\"font-family: Calibri, serif;\">A hist\u00f3ria da energia nuclear est\u00e1 intrinsecamente ligada ao seu potencial b\u00e9lico, e aos interesses militares e armamentistas de um pa\u00eds. \u00a0As principais pesquisas e o desenvolvimento inicial da tecnologia nuclear foram impulsionados pelo objetivo de criar armas poderosas e destrutivas. Como consequ\u00eancia os Estados Unidos lan\u00e7aram duas bombas at\u00f4micas no Jap\u00e3o no final da 2\u00aa Guerra Mundial, a &#8220;Little Boy&#8221; (de ur\u00e2nio) em Hiroshima, em 6 de agosto de 1945, e &#8220;Fat Man&#8221; (de plut\u00f4nio) em Nagasaki, em 9 de agosto de 1945, causando mortes em larga escala, destrui\u00e7\u00e3o e inaugurando a Era Nuclear.\u00a0<\/span><\/p>\n<p align=\"justify\"><span style=\"font-family: Calibri, serif;\">Ap\u00f3s a guerra, a tecnologia nuclear continuou a ser desenvolvida principalmente para fins militares durante a Guerra Fria, com o objetivo de criar armas cada vez mais devastadoras. Milhares de testes nucleares foram realizados pelas duas grandes pot\u00eancias que surgiram no p\u00f3s-guerra, Estados Unidos e Uni\u00e3o Sovi\u00e9tica.\u00a0<\/span><\/p>\n<p align=\"justify\"><span style=\"font-family: Calibri, serif;\">S\u00f3 a partir da d\u00e9cada de 1950, com iniciativas como o programa &#8220;\u00c1tomos para a Paz&#8221; e o in\u00edcio da opera\u00e7\u00e3o da primeira usina nuclear civil em Obninsk, na Uni\u00e3o Sovi\u00e9tica (1954), \u00e9 que a aplica\u00e7\u00e3o civil para gera\u00e7\u00e3o de eletricidade come\u00e7ou a se desenvolver e a expandir.\u00a0<\/span><\/p>\n<p align=\"justify\"><span style=\"font-family: Calibri, serif;\">O Tratado de N\u00e3o-Prolifera\u00e7\u00e3o de Armas Nucleares (TNP), assinado por quase todos os pa\u00edses em julho de 1968, visava impedir a dissemina\u00e7\u00e3o de armas nucleares e promover a coopera\u00e7\u00e3o tecnol\u00f3gica entre pa\u00edses, contribuiu para uma evolu\u00e7\u00e3o do chamado uso pac\u00edfico da energia nuclear. As principais aplica\u00e7\u00f5es foram para a produ\u00e7\u00e3o da eletricidade, medicina nuclear, agricultura e ind\u00fastria.<\/span><\/p>\n<p align=\"justify\"><span style=\"font-family: Calibri, serif;\">Mesmo com o TNP alguns pa\u00edses burlaram o tratado e desenvolveram a bomba at\u00f4mica. Mais recentemente, para \u201cdriblar\u201d este acordo, a Ar\u00e1bia Saudita (assinou o TNP) e o Paquist\u00e3o (n\u00e3o assinou o TNP) assinaram um pacto de defesa m\u00fatua. Embora as autoridades paquistanesas neguem oficialmente um &#8220;guarda-chuva nuclear&#8221; expl\u00edcito, a parceria levanta especula\u00e7\u00f5es sobre a possibilidade de coopera\u00e7\u00e3o ou a &#8220;terceiriza\u00e7\u00e3o&#8221; da dissuas\u00e3o nuclear. Um exemplo do que pode acontecer diante das crescentes tens\u00f5es geopol\u00edticas no mundo atual. <\/span><\/p>\n<p align=\"justify\"><span style=\"font-family: Calibri, serif;\">Os riscos da energia nuclear incluem a <\/span><span style=\"font-family: Calibri, serif;\"><u>contamina\u00e7\u00e3o por res\u00edduos radioativos<\/u><\/span><span style=\"font-family: Calibri, serif;\">, que duram mil\u00eanios, e a possibilidade de <\/span><span style=\"font-family: Calibri, serif;\"><u>acidentes catastr\u00f3ficos<\/u><\/span><span style=\"font-family: Calibri, serif;\">, que liberam radia\u00e7\u00e3o, contaminando solo, ar e \u00e1gua, exigindo evacua\u00e7\u00f5es de grandes contingentes populacionais, causando doen\u00e7as graves (c\u00e2ncer, leucemia). Os impactos sociais, com o descarte inadequado de lixo nuclear, constituem um perigo constante para o meio ambiente e a sa\u00fade humana\/animal. Acidentes importantes ocorreram em usinas nucleoel\u00e9tricas, o de Chernobyl (Ucr\u00e2nia-1986), o de Fukushima (Jap\u00e3o-2011), e o maior acidente radiol\u00f3gico do mundo em Goi\u00e2nia (Brasil-1987), mostraram os perigos desastrosos da libera\u00e7\u00e3o de subst\u00e2ncias radioativas.\u00a0 <\/span><\/p>\n<p align=\"justify\"><span style=\"font-family: Calibri, serif;\">A seguran\u00e7a e o descarte adequado de res\u00edduos continuam sendo quest\u00f5es centrais no debate sobre a energia nuclear.\u00a0Res\u00edduos de alta radioatividade continuam a irradiar por milhares de anos, constituindo um grave legado para as gera\u00e7\u00f5es futuras, j\u00e1 que n\u00e3o existe uma solu\u00e7\u00e3o definitiva e duradoura para o armazenamento de tais subst\u00e2ncias. Tamb\u00e9m tem sido demonstrado que em uma guerra como da Ucr\u00e2nia x R\u00fassia, \u00e0s usinas nucleares se tornam alvos priorit\u00e1rios e preferenciais de bombardeios. Foi o caso da usina de Zaporizhzhia bombardeada pelos russos. Tamb\u00e9m foi atacada a usina de Chernobyl, que depois do acidente foi constru\u00edda uma cobertura de a\u00e7o em torno do reator acidentado para confinar e impedir que as emiss\u00f5es de materiais radioativos fossem liberadas para o meio ambiente. Agora ambas est\u00e3o na imin\u00eancia de liberar radioatividade para o meio ambiente.<\/span><\/p>\n<p align=\"justify\"><span style=\"font-family: Calibri, serif;\">No Brasil, em particular, a hist\u00f3ria do nuclear n\u00e3o foi diferente. Come\u00e7ou em 1956 com a cria\u00e7\u00e3o da Comiss\u00e3o Nacional de Energia Nuclear (CNEN) e um estudo para uma usina em Angra dos Reis. O programa evoluiu, com a compra de um reator da Westinghouse\/EUA na d\u00e9cada de 1970, e Angra 1 que come\u00e7ou a operar em 1985. Posteriormente, em plena ditadura militar, o Acordo Brasil\/Alemanha possibilitou o in\u00edcio da opera\u00e7\u00e3o de Angra 2, em 2001. Atualmente, o pa\u00eds possui duas usinas em funcionamento, que j\u00e1 ultrapassaram suas vidas \u00fateis, e uma terceira, Angra 3, que est\u00e1 paralisada.<\/span><\/p>\n<p align=\"justify\"><span style=\"font-family: Calibri, serif;\">V\u00e1rios acontecimentos ocorreram que devem ser lembrados com rela\u00e7\u00e3o ao programa nuclear brasileiro. Epis\u00f3dios lament\u00e1veis, controversos que atestam a falta de credibilidade do setor nuclear brasileiro (<\/span><span style=\"color: #0000ff;\"><u><a href=\"https:\/\/www.congressoemfoco.com.br\/artigo\/108097\/programa-nuclear-brasileiro--pau-que-nasce-torto-morre-torto\"><span style=\"font-family: Calibri, serif;\">https:\/\/www.congressoemfoco.com.br\/artigo\/108097\/programa-nuclear-brasileiro&#8211;pau-que-nasce-torto-morre-torto<\/span><\/a><\/u><\/span><span style=\"font-family: Calibri, serif;\">). Mais recentemente o desgaste da empresa Eletronuclear, respons\u00e1vel pelas usinas, ficou mais evidenciado, diante de uma crise financeira sem precedentes, oriunda de m\u00e1 gest\u00e3o. Com um rombo em suas contas no final de outubro de 2025, a empresa (grande sumidouro do dinheiro p\u00fablico), solicitou um aporte de R$ 1,4 bilh\u00e3o ao tesouro federal para cobrir suas contas, diante da imin\u00eancia de um colapso financeiro. A informa\u00e7\u00e3o a respeito foi amplamente divulgada.<\/span><\/p>\n<p align=\"justify\"><span style=\"font-family: Calibri, serif;\">Esses e outros epis\u00f3dios aprofundaram o crescente descr\u00e9dito sobre o desempenho da ind\u00fastria nuclear, e de seus gestores, privilegiados com supersal\u00e1rios. O desgaste da Eletronuclear sobressaiu, diante da crise financeira e gest\u00e3o temer\u00e1ria, com uma pol\u00edtica de demiss\u00f5es em massa, que acabou levando \u00e0 greve trabalhadores das usinas e da parte administrativa.<\/span><\/p>\n<p align=\"justify\"><span style=\"font-family: Calibri, serif;\">Nada indica que usinas nucleares sejam necess\u00e1rias ao pa\u00eds. As fontes renov\u00e1veis constituem a espinha dorsal da matriz el\u00e9trica, e podem garantir a seguran\u00e7a energ\u00e9tica em um contexto em que a diversidade de fontes energ\u00e9ticas renov\u00e1veis participam da matriz e se complementam entre si, levando em conta a intermit\u00eancia da energia solar e e\u00f3lica. Para um grupo cada vez maior da sociedade brasileira a energia nuclear \u00e9 vista como uma alternativa de alto risco, cara e perigosa, em um pa\u00eds com extraordin\u00e1rio potencial de fontes renov\u00e1veis.<\/span><\/p>\n<p align=\"justify\"><span style=\"font-family: Calibri, serif;\">Neste momento discute a conclus\u00e3o ou n\u00e3o da usina de Angra 3. Projetada h\u00e1 mais de 40 anos pelo acordo nuclear Brasil-Alemanha, teve in\u00fameros problemas de ordem t\u00e9cnica-econ\u00f4mica e permanece obsoleta e inacabada. A decis\u00e3o da continuidade ou n\u00e3o, dessa aventura, ser\u00e1 do Conselho Nacional de Pol\u00edtica Energ\u00e9tica (CNPE), que conta com estudos de viabilidade realizados pelo BNDES para sua decis\u00e3o. Tais estudos s\u00e3o mantidos em inexplic\u00e1vel sigilo, caracterizando a <\/span><span style=\"font-family: Calibri, serif;\">falta de transpar\u00eancia e acesso \u00e0 informa\u00e7\u00e3o<\/span><span style=\"font-family: Calibri, serif;\"> do setor.<\/span><\/p>\n<p align=\"justify\"><span style=\"font-family: Calibri, serif;\">A decis\u00e3o sobre Angra 3 refletir\u00e1 sobre a expans\u00e3o de usinas nucleares no pa\u00eds, visto que no planejamento do Plano Nacional de Energia 2050, prev\u00ea a constru\u00e7\u00e3o de mais 10.000 MW nucleares. A nucleariza\u00e7\u00e3o do pa\u00eds ter\u00e1 como reflexo imediato o aumento das tarifas para o consumidor, j\u00e1 que todos pagar\u00e3o a conta. O custo da energia nucleoel\u00e9trica chega a ser 4 vezes maior do que a de fontes renov\u00e1veis (solar e e\u00f3lica). <\/span><\/p>\n<p align=\"justify\"><span style=\"font-family: Calibri, serif;\">Tamb\u00e9m esta decis\u00e3o incidir\u00e1 sobre o que fazer com Angra 1 e Angra 2, que precisam de dinheiro constante, seja via aportes p\u00fablicos, d\u00edvidas, ou receitas da pr\u00f3pria opera\u00e7\u00e3o para cobrir custos operacionais, manuten\u00e7\u00e3o, combust\u00edvel e investimentos, enfrentando desafios financeiros que levaram a pedidos constantes de socorro ao tesouro nacional. Os custos t\u00eam superado em muito o que a Eletronuclear arrecada com a venda da energia gerada. <\/span><\/p>\n<p align=\"justify\"><span style=\"font-family: Calibri, serif;\">At\u00e9 o momento um \u201cpingo de ju\u00edzo\u201d, de bom senso e racionalidade tem prevalecido no Minist\u00e9rio da Fazenda que resiste a aportes p\u00fablicos em uma empresa estatal que gera um neg\u00f3cio que nada contribui para o\u00a0desenvolvimento nacional, e nem \u00e9 necess\u00e1ria para a seguran\u00e7a energ\u00e9tica do pa\u00eds. Todavia os lobistas infiltrados no governo federal e no congresso nacional n\u00e3o desistem.<\/span><\/p>\n<p align=\"justify\"><span style=\"font-family: Calibri, serif;\">Assim diante de fatos concretos \u00e9 fundamental abandonar a constru\u00e7\u00e3o de novas usinas, descomissionar as j\u00e1 existentes e deixar o ur\u00e2nio debaixo da terra. Decis\u00e3o que s\u00f3 valorizaria o pa\u00eds para os brasileiros, e nossa posi\u00e7\u00e3o no tabuleiro internacional das na\u00e7\u00f5es pac\u00edficas que rejeitam a destrui\u00e7\u00e3o, a morte, e prezam pela vida no planeta Terra. <\/span><\/p>\n<p align=\"justify\">\u00a0<span style=\"font-family: Calibri, serif;\">___________<\/span><\/p>\n<p align=\"justify\"><span style=\"font-family: Calibri, serif;\"><span style=\"font-size: small;\"><i>F\u00edsico, graduado na Universidade Estadual de Campinas-UNICAMP, com mestrado em Ci\u00eancias e Tecnologia Nuclear na UFPE, e doutorado na Universidade de Marselha\/Comissariado de Energia At\u00f4mica-Fran\u00e7a. \u00c9 integrante da Articula\u00e7\u00e3o Antinuclear Brasileira.<\/i><\/span><\/span><\/p>\n<p align=\"justify\">\n","protected":false},"excerpt":{"rendered":"<p>Heitor Scalambrini Costa* Professor associado aposentado da Universidade Federal de Pernambuco &#8220;Se os reatores fossem seguros, as ind\u00fastrias nucleares n\u00e3o exigiriam prote\u00e7\u00e3o de responsabilidade contra acidentes garantidos pelo governo, como condi\u00e7\u00e3o para gerar eletricidade.&#8221; Kristin Shrader-Frechette (fil\u00f3sofa da ci\u00eancia, professora&hellip;<\/p>\n","protected":false},"author":825,"featured_media":2662029,"comment_status":"closed","ping_status":"closed","sticky":false,"template":"","format":"standard","meta":{"footnotes":""},"categories":[499,115,118,165,1257,111],"tags":[7467,5760,5255,138894,91460,40590],"class_list":["post-2662028","post","type-post","status-publish","format-standard","has-post-thumbnail","hentry","category-ciencia-tecnologia-pt","category-ecologia-e-meio-ambiente","category-economia-pt-pt","category-opiniao","category-paz-desarmamento","category-politica-pt-pt","tag-acidente-nuclear","tag-agencia-nacional-de-seguranca-nuclear","tag-bomba-nuclear","tag-centrais-nucleares","tag-desarmamento-nuclear","tag-desarmamento-nuclear-mundial-e-total"],"yoast_head":"<!-- This site is optimized with the Yoast SEO plugin v27.1.1 - https:\/\/yoast.com\/product\/yoast-seo-wordpress\/ -->\n<title>O potencial b\u00e9lico das usinas nucleares<\/title>\n<meta name=\"description\" content=\"Heitor Scalambrini Costa* Professor associado aposentado da Universidade Federal de Pernambuco &quot;Se os reatores fossem seguros, as ind\u00fastrias nucleares n\u00e3o\" \/>\n<meta name=\"robots\" content=\"index, follow, max-snippet:-1, max-image-preview:large, max-video-preview:-1\" \/>\n<link rel=\"canonical\" href=\"https:\/\/www.pressenza.com\/pt-pt\/2025\/12\/o-potencial-belico-das-usinas-nucleares\/\" \/>\n<meta property=\"og:locale\" content=\"pt_PT\" \/>\n<meta property=\"og:type\" content=\"article\" \/>\n<meta property=\"og:title\" content=\"O potencial b\u00e9lico das usinas nucleares\" \/>\n<meta property=\"og:description\" content=\"Heitor Scalambrini Costa* Professor associado aposentado da Universidade Federal de Pernambuco &quot;Se os reatores fossem seguros, as ind\u00fastrias nucleares n\u00e3o\" \/>\n<meta property=\"og:url\" content=\"https:\/\/www.pressenza.com\/pt-pt\/2025\/12\/o-potencial-belico-das-usinas-nucleares\/\" \/>\n<meta property=\"og:site_name\" content=\"Pressenza\" \/>\n<meta property=\"article:publisher\" content=\"https:\/\/www.facebook.com\/PressenzaItalia\" \/>\n<meta property=\"article:published_time\" content=\"2025-12-17T10:54:17+00:00\" \/>\n<meta property=\"article:modified_time\" content=\"2025-12-17T10:55:24+00:00\" \/>\n<meta property=\"og:image\" content=\"https:\/\/www.pressenza.com\/wp-content\/uploads\/2025\/12\/grok-image-incluir-elementos-belicos-e5f30a52-82f7-4ff5-a297-dcfd2b5f8164-0-image-edit-0_1.jpg\" \/>\n\t<meta property=\"og:image:width\" content=\"1168\" \/>\n\t<meta property=\"og:image:height\" content=\"784\" \/>\n\t<meta property=\"og:image:type\" content=\"image\/jpeg\" \/>\n<meta name=\"author\" content=\"Heitor Scalambrini Costa\" \/>\n<meta name=\"twitter:card\" content=\"summary_large_image\" \/>\n<meta name=\"twitter:creator\" content=\"@PressenzaIPA\" \/>\n<meta name=\"twitter:site\" content=\"@PressenzaIPA\" \/>\n<meta name=\"twitter:label1\" content=\"Escrito por\" \/>\n\t<meta name=\"twitter:data1\" content=\"Heitor  Scalambrini Costa \" \/>\n\t<meta name=\"twitter:label2\" content=\"Tempo estimado de leitura\" \/>\n\t<meta name=\"twitter:data2\" content=\"8 minutos\" \/>\n<script type=\"application\/ld+json\" class=\"yoast-schema-graph\">{\"@context\":\"https:\/\/schema.org\",\"@graph\":[{\"@type\":\"Article\",\"@id\":\"https:\/\/www.pressenza.com\/pt-pt\/2025\/12\/o-potencial-belico-das-usinas-nucleares\/#article\",\"isPartOf\":{\"@id\":\"https:\/\/www.pressenza.com\/pt-pt\/2025\/12\/o-potencial-belico-das-usinas-nucleares\/\"},\"author\":{\"name\":\"Heitor Scalambrini Costa\",\"@id\":\"https:\/\/www.pressenza.com\/pt-pt\/#\/schema\/person\/60a931d94e28001c7a340f9cd85e82f8\"},\"headline\":\"O potencial b\u00e9lico das usinas nucleares\",\"datePublished\":\"2025-12-17T10:54:17+00:00\",\"dateModified\":\"2025-12-17T10:55:24+00:00\",\"mainEntityOfPage\":{\"@id\":\"https:\/\/www.pressenza.com\/pt-pt\/2025\/12\/o-potencial-belico-das-usinas-nucleares\/\"},\"wordCount\":1489,\"publisher\":{\"@id\":\"https:\/\/www.pressenza.com\/pt-pt\/#organization\"},\"image\":{\"@id\":\"https:\/\/www.pressenza.com\/pt-pt\/2025\/12\/o-potencial-belico-das-usinas-nucleares\/#primaryimage\"},\"thumbnailUrl\":\"https:\/\/www.pressenza.com\/wp-content\/uploads\/2025\/12\/grok-image-incluir-elementos-belicos-e5f30a52-82f7-4ff5-a297-dcfd2b5f8164-0-image-edit-0_1.jpg\",\"keywords\":[\"acidente nuclear\",\"Ag\u00eancia Nacional de Seguran\u00e7a Nuclear\",\"bomba nuclear\",\"centrais nucleares\",\"Desarmamento Nuclear\",\"desarmamento nuclear mundial e total\"],\"articleSection\":[\"Ci\u00eancia e Tecnologia\",\"Ecologia e Meio Ambiente\",\"Economia\",\"Opini\u00e3o\",\"Paz e Desarmamento\",\"Pol\u00edtica\"],\"inLanguage\":\"pt-PT\"},{\"@type\":\"WebPage\",\"@id\":\"https:\/\/www.pressenza.com\/pt-pt\/2025\/12\/o-potencial-belico-das-usinas-nucleares\/\",\"url\":\"https:\/\/www.pressenza.com\/pt-pt\/2025\/12\/o-potencial-belico-das-usinas-nucleares\/\",\"name\":\"O potencial b\u00e9lico das usinas nucleares\",\"isPartOf\":{\"@id\":\"https:\/\/www.pressenza.com\/pt-pt\/#website\"},\"primaryImageOfPage\":{\"@id\":\"https:\/\/www.pressenza.com\/pt-pt\/2025\/12\/o-potencial-belico-das-usinas-nucleares\/#primaryimage\"},\"image\":{\"@id\":\"https:\/\/www.pressenza.com\/pt-pt\/2025\/12\/o-potencial-belico-das-usinas-nucleares\/#primaryimage\"},\"thumbnailUrl\":\"https:\/\/www.pressenza.com\/wp-content\/uploads\/2025\/12\/grok-image-incluir-elementos-belicos-e5f30a52-82f7-4ff5-a297-dcfd2b5f8164-0-image-edit-0_1.jpg\",\"datePublished\":\"2025-12-17T10:54:17+00:00\",\"dateModified\":\"2025-12-17T10:55:24+00:00\",\"description\":\"Heitor Scalambrini Costa* Professor associado aposentado da Universidade Federal de Pernambuco \\\"Se os reatores fossem seguros, as ind\u00fastrias nucleares n\u00e3o\",\"breadcrumb\":{\"@id\":\"https:\/\/www.pressenza.com\/pt-pt\/2025\/12\/o-potencial-belico-das-usinas-nucleares\/#breadcrumb\"},\"inLanguage\":\"pt-PT\",\"potentialAction\":[{\"@type\":\"ReadAction\",\"target\":[\"https:\/\/www.pressenza.com\/pt-pt\/2025\/12\/o-potencial-belico-das-usinas-nucleares\/\"]}]},{\"@type\":\"ImageObject\",\"inLanguage\":\"pt-PT\",\"@id\":\"https:\/\/www.pressenza.com\/pt-pt\/2025\/12\/o-potencial-belico-das-usinas-nucleares\/#primaryimage\",\"url\":\"https:\/\/www.pressenza.com\/wp-content\/uploads\/2025\/12\/grok-image-incluir-elementos-belicos-e5f30a52-82f7-4ff5-a297-dcfd2b5f8164-0-image-edit-0_1.jpg\",\"contentUrl\":\"https:\/\/www.pressenza.com\/wp-content\/uploads\/2025\/12\/grok-image-incluir-elementos-belicos-e5f30a52-82f7-4ff5-a297-dcfd2b5f8164-0-image-edit-0_1.jpg\",\"width\":1168,\"height\":784},{\"@type\":\"BreadcrumbList\",\"@id\":\"https:\/\/www.pressenza.com\/pt-pt\/2025\/12\/o-potencial-belico-das-usinas-nucleares\/#breadcrumb\",\"itemListElement\":[{\"@type\":\"ListItem\",\"position\":1,\"name\":\"Accueil\",\"item\":\"https:\/\/www.pressenza.com\/pt-pt\/\"},{\"@type\":\"ListItem\",\"position\":2,\"name\":\"O potencial b\u00e9lico das usinas nucleares\"}]},{\"@type\":\"WebSite\",\"@id\":\"https:\/\/www.pressenza.com\/pt-pt\/#website\",\"url\":\"https:\/\/www.pressenza.com\/pt-pt\/\",\"name\":\"Pressenza\",\"description\":\"International Press Agency\",\"publisher\":{\"@id\":\"https:\/\/www.pressenza.com\/pt-pt\/#organization\"},\"potentialAction\":[{\"@type\":\"SearchAction\",\"target\":{\"@type\":\"EntryPoint\",\"urlTemplate\":\"https:\/\/www.pressenza.com\/pt-pt\/?s={search_term_string}\"},\"query-input\":{\"@type\":\"PropertyValueSpecification\",\"valueRequired\":true,\"valueName\":\"search_term_string\"}}],\"inLanguage\":\"pt-PT\"},{\"@type\":\"Organization\",\"@id\":\"https:\/\/www.pressenza.com\/pt-pt\/#organization\",\"name\":\"Pressenza\",\"url\":\"https:\/\/www.pressenza.com\/pt-pt\/\",\"logo\":{\"@type\":\"ImageObject\",\"inLanguage\":\"pt-PT\",\"@id\":\"https:\/\/www.pressenza.com\/pt-pt\/#\/schema\/logo\/image\/\",\"url\":\"https:\/\/www.pressenza.com\/wp-content\/uploads\/2022\/10\/pressenza_logo_200x200.jpg\",\"contentUrl\":\"https:\/\/www.pressenza.com\/wp-content\/uploads\/2022\/10\/pressenza_logo_200x200.jpg\",\"width\":200,\"height\":200,\"caption\":\"Pressenza\"},\"image\":{\"@id\":\"https:\/\/www.pressenza.com\/pt-pt\/#\/schema\/logo\/image\/\"},\"sameAs\":[\"https:\/\/www.facebook.com\/PressenzaItalia\",\"https:\/\/x.com\/PressenzaIPA\"]},{\"@type\":\"Person\",\"@id\":\"https:\/\/www.pressenza.com\/pt-pt\/#\/schema\/person\/60a931d94e28001c7a340f9cd85e82f8\",\"name\":\"Heitor Scalambrini Costa\",\"url\":\"https:\/\/www.pressenza.com\/pt-pt\/author\/heitor-scalambrini-costa\/\"}]}<\/script>\n<!-- \/ Yoast SEO plugin. -->","yoast_head_json":{"title":"O potencial b\u00e9lico das usinas nucleares","description":"Heitor Scalambrini Costa* Professor associado aposentado da Universidade Federal de Pernambuco \"Se os reatores fossem seguros, as ind\u00fastrias nucleares n\u00e3o","robots":{"index":"index","follow":"follow","max-snippet":"max-snippet:-1","max-image-preview":"max-image-preview:large","max-video-preview":"max-video-preview:-1"},"canonical":"https:\/\/www.pressenza.com\/pt-pt\/2025\/12\/o-potencial-belico-das-usinas-nucleares\/","og_locale":"pt_PT","og_type":"article","og_title":"O potencial b\u00e9lico das usinas nucleares","og_description":"Heitor Scalambrini Costa* Professor associado aposentado da Universidade Federal de Pernambuco \"Se os reatores fossem seguros, as ind\u00fastrias nucleares n\u00e3o","og_url":"https:\/\/www.pressenza.com\/pt-pt\/2025\/12\/o-potencial-belico-das-usinas-nucleares\/","og_site_name":"Pressenza","article_publisher":"https:\/\/www.facebook.com\/PressenzaItalia","article_published_time":"2025-12-17T10:54:17+00:00","article_modified_time":"2025-12-17T10:55:24+00:00","og_image":[{"width":1168,"height":784,"url":"https:\/\/www.pressenza.com\/wp-content\/uploads\/2025\/12\/grok-image-incluir-elementos-belicos-e5f30a52-82f7-4ff5-a297-dcfd2b5f8164-0-image-edit-0_1.jpg","type":"image\/jpeg"}],"author":"Heitor Scalambrini Costa","twitter_card":"summary_large_image","twitter_creator":"@PressenzaIPA","twitter_site":"@PressenzaIPA","twitter_misc":{"Escrito por":"Heitor  Scalambrini Costa ","Tempo estimado de leitura":"8 minutos"},"schema":{"@context":"https:\/\/schema.org","@graph":[{"@type":"Article","@id":"https:\/\/www.pressenza.com\/pt-pt\/2025\/12\/o-potencial-belico-das-usinas-nucleares\/#article","isPartOf":{"@id":"https:\/\/www.pressenza.com\/pt-pt\/2025\/12\/o-potencial-belico-das-usinas-nucleares\/"},"author":{"name":"Heitor Scalambrini Costa","@id":"https:\/\/www.pressenza.com\/pt-pt\/#\/schema\/person\/60a931d94e28001c7a340f9cd85e82f8"},"headline":"O potencial b\u00e9lico das usinas nucleares","datePublished":"2025-12-17T10:54:17+00:00","dateModified":"2025-12-17T10:55:24+00:00","mainEntityOfPage":{"@id":"https:\/\/www.pressenza.com\/pt-pt\/2025\/12\/o-potencial-belico-das-usinas-nucleares\/"},"wordCount":1489,"publisher":{"@id":"https:\/\/www.pressenza.com\/pt-pt\/#organization"},"image":{"@id":"https:\/\/www.pressenza.com\/pt-pt\/2025\/12\/o-potencial-belico-das-usinas-nucleares\/#primaryimage"},"thumbnailUrl":"https:\/\/www.pressenza.com\/wp-content\/uploads\/2025\/12\/grok-image-incluir-elementos-belicos-e5f30a52-82f7-4ff5-a297-dcfd2b5f8164-0-image-edit-0_1.jpg","keywords":["acidente nuclear","Ag\u00eancia Nacional de Seguran\u00e7a Nuclear","bomba nuclear","centrais nucleares","Desarmamento Nuclear","desarmamento nuclear mundial e total"],"articleSection":["Ci\u00eancia e Tecnologia","Ecologia e Meio Ambiente","Economia","Opini\u00e3o","Paz e Desarmamento","Pol\u00edtica"],"inLanguage":"pt-PT"},{"@type":"WebPage","@id":"https:\/\/www.pressenza.com\/pt-pt\/2025\/12\/o-potencial-belico-das-usinas-nucleares\/","url":"https:\/\/www.pressenza.com\/pt-pt\/2025\/12\/o-potencial-belico-das-usinas-nucleares\/","name":"O potencial b\u00e9lico das usinas nucleares","isPartOf":{"@id":"https:\/\/www.pressenza.com\/pt-pt\/#website"},"primaryImageOfPage":{"@id":"https:\/\/www.pressenza.com\/pt-pt\/2025\/12\/o-potencial-belico-das-usinas-nucleares\/#primaryimage"},"image":{"@id":"https:\/\/www.pressenza.com\/pt-pt\/2025\/12\/o-potencial-belico-das-usinas-nucleares\/#primaryimage"},"thumbnailUrl":"https:\/\/www.pressenza.com\/wp-content\/uploads\/2025\/12\/grok-image-incluir-elementos-belicos-e5f30a52-82f7-4ff5-a297-dcfd2b5f8164-0-image-edit-0_1.jpg","datePublished":"2025-12-17T10:54:17+00:00","dateModified":"2025-12-17T10:55:24+00:00","description":"Heitor Scalambrini Costa* Professor associado aposentado da Universidade Federal de Pernambuco \"Se os reatores fossem seguros, as ind\u00fastrias nucleares n\u00e3o","breadcrumb":{"@id":"https:\/\/www.pressenza.com\/pt-pt\/2025\/12\/o-potencial-belico-das-usinas-nucleares\/#breadcrumb"},"inLanguage":"pt-PT","potentialAction":[{"@type":"ReadAction","target":["https:\/\/www.pressenza.com\/pt-pt\/2025\/12\/o-potencial-belico-das-usinas-nucleares\/"]}]},{"@type":"ImageObject","inLanguage":"pt-PT","@id":"https:\/\/www.pressenza.com\/pt-pt\/2025\/12\/o-potencial-belico-das-usinas-nucleares\/#primaryimage","url":"https:\/\/www.pressenza.com\/wp-content\/uploads\/2025\/12\/grok-image-incluir-elementos-belicos-e5f30a52-82f7-4ff5-a297-dcfd2b5f8164-0-image-edit-0_1.jpg","contentUrl":"https:\/\/www.pressenza.com\/wp-content\/uploads\/2025\/12\/grok-image-incluir-elementos-belicos-e5f30a52-82f7-4ff5-a297-dcfd2b5f8164-0-image-edit-0_1.jpg","width":1168,"height":784},{"@type":"BreadcrumbList","@id":"https:\/\/www.pressenza.com\/pt-pt\/2025\/12\/o-potencial-belico-das-usinas-nucleares\/#breadcrumb","itemListElement":[{"@type":"ListItem","position":1,"name":"Accueil","item":"https:\/\/www.pressenza.com\/pt-pt\/"},{"@type":"ListItem","position":2,"name":"O potencial b\u00e9lico das usinas nucleares"}]},{"@type":"WebSite","@id":"https:\/\/www.pressenza.com\/pt-pt\/#website","url":"https:\/\/www.pressenza.com\/pt-pt\/","name":"Pressenza","description":"International Press Agency","publisher":{"@id":"https:\/\/www.pressenza.com\/pt-pt\/#organization"},"potentialAction":[{"@type":"SearchAction","target":{"@type":"EntryPoint","urlTemplate":"https:\/\/www.pressenza.com\/pt-pt\/?s={search_term_string}"},"query-input":{"@type":"PropertyValueSpecification","valueRequired":true,"valueName":"search_term_string"}}],"inLanguage":"pt-PT"},{"@type":"Organization","@id":"https:\/\/www.pressenza.com\/pt-pt\/#organization","name":"Pressenza","url":"https:\/\/www.pressenza.com\/pt-pt\/","logo":{"@type":"ImageObject","inLanguage":"pt-PT","@id":"https:\/\/www.pressenza.com\/pt-pt\/#\/schema\/logo\/image\/","url":"https:\/\/www.pressenza.com\/wp-content\/uploads\/2022\/10\/pressenza_logo_200x200.jpg","contentUrl":"https:\/\/www.pressenza.com\/wp-content\/uploads\/2022\/10\/pressenza_logo_200x200.jpg","width":200,"height":200,"caption":"Pressenza"},"image":{"@id":"https:\/\/www.pressenza.com\/pt-pt\/#\/schema\/logo\/image\/"},"sameAs":["https:\/\/www.facebook.com\/PressenzaItalia","https:\/\/x.com\/PressenzaIPA"]},{"@type":"Person","@id":"https:\/\/www.pressenza.com\/pt-pt\/#\/schema\/person\/60a931d94e28001c7a340f9cd85e82f8","name":"Heitor Scalambrini Costa","url":"https:\/\/www.pressenza.com\/pt-pt\/author\/heitor-scalambrini-costa\/"}]}},"place":"","original_article_url":"","_links":{"self":[{"href":"https:\/\/www.pressenza.com\/pt-pt\/wp-json\/wp\/v2\/posts\/2662028","targetHints":{"allow":["GET"]}}],"collection":[{"href":"https:\/\/www.pressenza.com\/pt-pt\/wp-json\/wp\/v2\/posts"}],"about":[{"href":"https:\/\/www.pressenza.com\/pt-pt\/wp-json\/wp\/v2\/types\/post"}],"author":[{"embeddable":true,"href":"https:\/\/www.pressenza.com\/pt-pt\/wp-json\/wp\/v2\/users\/825"}],"replies":[{"embeddable":true,"href":"https:\/\/www.pressenza.com\/pt-pt\/wp-json\/wp\/v2\/comments?post=2662028"}],"version-history":[{"count":1,"href":"https:\/\/www.pressenza.com\/pt-pt\/wp-json\/wp\/v2\/posts\/2662028\/revisions"}],"predecessor-version":[{"id":2662030,"href":"https:\/\/www.pressenza.com\/pt-pt\/wp-json\/wp\/v2\/posts\/2662028\/revisions\/2662030"}],"wp:featuredmedia":[{"embeddable":true,"href":"https:\/\/www.pressenza.com\/pt-pt\/wp-json\/wp\/v2\/media\/2662029"}],"wp:attachment":[{"href":"https:\/\/www.pressenza.com\/pt-pt\/wp-json\/wp\/v2\/media?parent=2662028"}],"wp:term":[{"taxonomy":"category","embeddable":true,"href":"https:\/\/www.pressenza.com\/pt-pt\/wp-json\/wp\/v2\/categories?post=2662028"},{"taxonomy":"post_tag","embeddable":true,"href":"https:\/\/www.pressenza.com\/pt-pt\/wp-json\/wp\/v2\/tags?post=2662028"}],"curies":[{"name":"wp","href":"https:\/\/api.w.org\/{rel}","templated":true}]}}