{"id":2656424,"date":"2025-11-27T19:11:32","date_gmt":"2025-11-27T19:11:32","guid":{"rendered":"https:\/\/www.pressenza.com\/?p=2656424"},"modified":"2025-11-27T19:11:32","modified_gmt":"2025-11-27T19:11:32","slug":"a-obra-aconteceu-mas-e-o-entulho","status":"publish","type":"post","link":"https:\/\/www.pressenza.com\/pt-pt\/2025\/11\/a-obra-aconteceu-mas-e-o-entulho\/","title":{"rendered":"A Obra aconteceu, mas e o entulho?"},"content":{"rendered":"<p>Todos concordam que qualquer mexidinha na casa provavelmente ser\u00e1 com muita dor de cabe\u00e7a, idas e vindas. Depois de tudo, quando pensamos que acabou, quando o agora \u00e9 curtir o feito e descansar, descobrimos que falta o entulho acumulado no quintal ou na frente da casa. O que fazer?<\/p>\n<p>Para benef\u00edcio do Ambiente, existem leis e procedimentos para se \u201clivrar\u201d do entulho. De nada adianta, nem \u00e9 permitido, jogar entulho em um terreno qualquer ou dentro de rios e etc. Pode ter certeza de que a conta um dia vir\u00e1, e quando chegar, os problemas ser\u00e3o maiores do que os j\u00e1 passados durante a \u201creforma\u201d. De novo, o que fazer?<\/p>\n<p>Basta fazer o \u00f3bvio. Seguir os procedimentos corretos, investir mais um dinheirinho, para depois sim&#8230; sentar na poltrona abrir uma garrafa, relaxar e chamar os amigos e amigas para a comemora\u00e7\u00e3o verdadeira. N\u00e3o que a primeira, do fim da obra, n\u00e3o fosse merecida ou justa. Foi, e foi com direito \u00e0quele suspiro de al\u00edvio.<\/p>\n<p>E o que tem haver a obra com a esperad\u00edssima pris\u00e3o daquela coisa geradora de entulhos, o Bolsonaro? Tudo!<\/p>\n<p>O entulho de sua pris\u00e3o \u00e9 infinitamente maior do que todo o processo de sua pris\u00e3o. A diferen\u00e7a \u00e9 que n\u00e3o existem leis para procedimento da retirada do entulho bolsonarista, o que existe \u00e9 vontade, desejo de justi\u00e7a social, coer\u00eancia e \u00e9tica. Elementos n\u00e3o normalizados na escrita da Lei. Elementos que devem ser constru\u00eddos no seio da popula\u00e7\u00e3o, ombro a ombro, olho no olho com muita paci\u00eancia e companheirismo. Situa\u00e7\u00e3o que o sistema conseguiu meio que destruir, normalizando o individualismo, a competi\u00e7\u00e3o e o querer levar vantagem em tudo, como dizia o jogador Gerson.<\/p>\n<p>Abrimos m\u00e3o destes elementos e a conta, quando chegou, destruiu todo um trabalho iniciado d\u00e9cadas antes. Abrimos m\u00e3o de nossa hist\u00f3ria junto as comunidades eclesi\u00e1sticas de base, da luta de Paulo Freire a favor da alfabetiza\u00e7\u00e3o, da organiza\u00e7\u00e3o popular, das a\u00e7\u00f5es sindicais e educacionais. Abrimos m\u00e3o em nome do pragmatismo eleitoral, da institucionaliza\u00e7\u00e3o da luta. Abrimos m\u00e3o das ruas, pelas salas acarpetadas e com ar condicionado, lembrando Betinho, tamb\u00e9m esquecido, \u201ca cabe\u00e7a pensa onde o p\u00e9 pisa\u201d. Sequer prestamos aten\u00e7\u00e3o ao que aconteceu em 2013, mas o leite j\u00e1 havia derramado.<\/p>\n<p>Ah! O mundo mudou, as tecnologias est\u00e3o a\u00ed. Que bom que est\u00e3o, Marx e Keynes, entre outros, apostavam nas tecnologias como possibilidade de uma vida melhor para os trabalhadores. Keynes em 1930 apostava que em 2030, a nossa \u00fanica preocupa\u00e7\u00e3o seria como gastar o nosso dinheiro em nosso tempo livre. Suas propostas n\u00e3o foram aceitas, e depois da queda do muro de Berlin&#8230; nem tempo, nem dinheiro. Assistimos o fim do \u201cwalfere state\u201d, do Estado de bem-estar social. O Financeiro toma o lugar da Produ\u00e7\u00e3o e a desigualdade torna-se a mais crua realidade.<\/p>\n<p>De novo o que fazer? Como na Segunda Guerra Mundial, existia a \u201cResist\u00eancia\u201d e sua luta contra o estabelecido. Tamb\u00e9m temos a nossa \u201cResist\u00eancia\u201d e devemos organiz\u00e1-la e expandi-la por esse pa\u00eds a fora. Temos a felicidade de termos presente neste pa\u00eds uma das melhores e maiores organiza\u00e7\u00e3o de trabalhadores, o MST. Movimento que prima pela forma\u00e7\u00e3o pol\u00edtica e educacional de seus militantes. A cada nova ocupa\u00e7\u00e3o, a escola \u00e9 uma das primeiras estruturas montadas. N\u00f3s, por outro lado, abrimos m\u00e3os de nossas organiza\u00e7\u00f5es pol\u00edticas e de estar junto nas organiza\u00e7\u00f5es populares, seja participando e\/ou fomentando suas exist\u00eancias e atua\u00e7\u00f5es. Devemos repensar e retomar este trabalho em nossas est\u00e2ncias de atua\u00e7\u00e3o. Voltarmos a ter presen\u00e7a, a estar junto da popula\u00e7\u00e3o, discutindo nossas vidas e afazeres para melhora-las.<\/p>\n<p>O companheiro Lula, como todos n\u00f3s, come\u00e7a a sentir o corpo cansado, e por mais que tenha uma mente brilhante, o corpo d\u00f3i, a idade pesa. E n\u00f3s, ao nos afastarmos da luta nas ruas, sobrecarregamos uma das melhores mentes deste mundo. Passa da hora de darmos ao companheiro, n\u00e3o uma aposentadoria, porque sabemos que n\u00e3o faz parte dele parar. Mas, podemos dar as condi\u00e7\u00f5es para que ele ainda d\u00ea muito trabalho a essa corja de bandidos, \u201cidiotas\u201d, segundo os gregos. Lembro da \u00e9poca em que discut\u00edamos acirradamente se atuar\u00edamos na linha da Teoria, Pr\u00e1tica e Teoria ou Pr\u00e1tica, Teoria e Pr\u00e1tica. Bons tempos em que n\u00e3o sa\u00edamos das ruas.<\/p>\n<p>H\u00e1 bra\u00e7os,<\/p>\n<p>S\u00e9rgio Mesquita<\/p>\n","protected":false},"excerpt":{"rendered":"<p>Todos concordam que qualquer mexidinha na casa provavelmente ser\u00e1 com muita dor de cabe\u00e7a, idas e vindas. Depois de tudo, quando pensamos que acabou, quando o agora \u00e9 curtir o feito e descansar, descobrimos que falta o entulho acumulado no&hellip;<\/p>\n","protected":false},"author":1987,"featured_media":2656428,"comment_status":"closed","ping_status":"closed","sticky":false,"template":"","format":"standard","meta":{"footnotes":""},"categories":[20610],"tags":[],"class_list":["post-2656424","post","type-post","status-publish","format-standard","has-post-thumbnail","hentry","category-sem-categoria"],"yoast_head":"<!-- This site is optimized with the Yoast SEO plugin v27.1.1 - https:\/\/yoast.com\/product\/yoast-seo-wordpress\/ -->\n<title>A Obra aconteceu, mas e o entulho?<\/title>\n<meta name=\"description\" content=\"Todos concordam que qualquer mexidinha na casa provavelmente ser\u00e1 com muita dor de cabe\u00e7a, idas e vindas. Depois de tudo, quando pensamos que acabou,\" \/>\n<meta name=\"robots\" content=\"index, follow, max-snippet:-1, max-image-preview:large, max-video-preview:-1\" \/>\n<link rel=\"canonical\" href=\"https:\/\/www.pressenza.com\/pt-pt\/2025\/11\/a-obra-aconteceu-mas-e-o-entulho\/\" \/>\n<meta property=\"og:locale\" content=\"pt_PT\" \/>\n<meta property=\"og:type\" content=\"article\" \/>\n<meta property=\"og:title\" content=\"A Obra aconteceu, mas e o entulho?\" \/>\n<meta property=\"og:description\" content=\"Todos concordam que qualquer mexidinha na casa provavelmente ser\u00e1 com muita dor de cabe\u00e7a, idas e vindas. Depois de tudo, quando pensamos que acabou,\" \/>\n<meta property=\"og:url\" content=\"https:\/\/www.pressenza.com\/pt-pt\/2025\/11\/a-obra-aconteceu-mas-e-o-entulho\/\" \/>\n<meta property=\"og:site_name\" content=\"Pressenza\" \/>\n<meta property=\"article:publisher\" content=\"https:\/\/www.facebook.com\/PressenzaItalia\" \/>\n<meta property=\"article:published_time\" content=\"2025-11-27T19:11:32+00:00\" \/>\n<meta property=\"og:image\" content=\"https:\/\/www.pressenza.com\/wp-content\/uploads\/2025\/11\/cacamba-com-corruptos.jpg\" \/>\n\t<meta property=\"og:image:width\" content=\"1280\" \/>\n\t<meta property=\"og:image:height\" content=\"720\" \/>\n\t<meta property=\"og:image:type\" content=\"image\/jpeg\" \/>\n<meta name=\"author\" content=\"S\u00e9rgio Mesquita\" \/>\n<meta name=\"twitter:card\" content=\"summary_large_image\" \/>\n<meta name=\"twitter:creator\" content=\"@PressenzaIPA\" \/>\n<meta name=\"twitter:site\" content=\"@PressenzaIPA\" \/>\n<meta name=\"twitter:label1\" content=\"Escrito por\" \/>\n\t<meta name=\"twitter:data1\" content=\"S\u00e9rgio Mesquita\" \/>\n\t<meta name=\"twitter:label2\" content=\"Tempo estimado de leitura\" \/>\n\t<meta name=\"twitter:data2\" content=\"5 minutos\" \/>\n<script type=\"application\/ld+json\" class=\"yoast-schema-graph\">{\"@context\":\"https:\/\/schema.org\",\"@graph\":[{\"@type\":\"Article\",\"@id\":\"https:\/\/www.pressenza.com\/pt-pt\/2025\/11\/a-obra-aconteceu-mas-e-o-entulho\/#article\",\"isPartOf\":{\"@id\":\"https:\/\/www.pressenza.com\/pt-pt\/2025\/11\/a-obra-aconteceu-mas-e-o-entulho\/\"},\"author\":{\"name\":\"S\u00e9rgio Mesquita\",\"@id\":\"https:\/\/www.pressenza.com\/pt-pt\/#\/schema\/person\/6becade95b8b16e167dc58dad51ce980\"},\"headline\":\"A Obra aconteceu, mas e o entulho?\",\"datePublished\":\"2025-11-27T19:11:32+00:00\",\"mainEntityOfPage\":{\"@id\":\"https:\/\/www.pressenza.com\/pt-pt\/2025\/11\/a-obra-aconteceu-mas-e-o-entulho\/\"},\"wordCount\":778,\"publisher\":{\"@id\":\"https:\/\/www.pressenza.com\/pt-pt\/#organization\"},\"image\":{\"@id\":\"https:\/\/www.pressenza.com\/pt-pt\/2025\/11\/a-obra-aconteceu-mas-e-o-entulho\/#primaryimage\"},\"thumbnailUrl\":\"https:\/\/www.pressenza.com\/wp-content\/uploads\/2025\/11\/cacamba-com-corruptos.jpg\",\"inLanguage\":\"pt-PT\"},{\"@type\":\"WebPage\",\"@id\":\"https:\/\/www.pressenza.com\/pt-pt\/2025\/11\/a-obra-aconteceu-mas-e-o-entulho\/\",\"url\":\"https:\/\/www.pressenza.com\/pt-pt\/2025\/11\/a-obra-aconteceu-mas-e-o-entulho\/\",\"name\":\"A Obra aconteceu, mas e o entulho?\",\"isPartOf\":{\"@id\":\"https:\/\/www.pressenza.com\/pt-pt\/#website\"},\"primaryImageOfPage\":{\"@id\":\"https:\/\/www.pressenza.com\/pt-pt\/2025\/11\/a-obra-aconteceu-mas-e-o-entulho\/#primaryimage\"},\"image\":{\"@id\":\"https:\/\/www.pressenza.com\/pt-pt\/2025\/11\/a-obra-aconteceu-mas-e-o-entulho\/#primaryimage\"},\"thumbnailUrl\":\"https:\/\/www.pressenza.com\/wp-content\/uploads\/2025\/11\/cacamba-com-corruptos.jpg\",\"datePublished\":\"2025-11-27T19:11:32+00:00\",\"description\":\"Todos concordam que qualquer mexidinha na casa provavelmente ser\u00e1 com muita dor de cabe\u00e7a, idas e vindas. Depois de tudo, quando pensamos que acabou,\",\"breadcrumb\":{\"@id\":\"https:\/\/www.pressenza.com\/pt-pt\/2025\/11\/a-obra-aconteceu-mas-e-o-entulho\/#breadcrumb\"},\"inLanguage\":\"pt-PT\",\"potentialAction\":[{\"@type\":\"ReadAction\",\"target\":[\"https:\/\/www.pressenza.com\/pt-pt\/2025\/11\/a-obra-aconteceu-mas-e-o-entulho\/\"]}]},{\"@type\":\"ImageObject\",\"inLanguage\":\"pt-PT\",\"@id\":\"https:\/\/www.pressenza.com\/pt-pt\/2025\/11\/a-obra-aconteceu-mas-e-o-entulho\/#primaryimage\",\"url\":\"https:\/\/www.pressenza.com\/wp-content\/uploads\/2025\/11\/cacamba-com-corruptos.jpg\",\"contentUrl\":\"https:\/\/www.pressenza.com\/wp-content\/uploads\/2025\/11\/cacamba-com-corruptos.jpg\",\"width\":1280,\"height\":720,\"caption\":\"Ca\u00e7amba com corruptos. Imagem criada por IA\"},{\"@type\":\"BreadcrumbList\",\"@id\":\"https:\/\/www.pressenza.com\/pt-pt\/2025\/11\/a-obra-aconteceu-mas-e-o-entulho\/#breadcrumb\",\"itemListElement\":[{\"@type\":\"ListItem\",\"position\":1,\"name\":\"Accueil\",\"item\":\"https:\/\/www.pressenza.com\/pt-pt\/\"},{\"@type\":\"ListItem\",\"position\":2,\"name\":\"A Obra aconteceu, mas e o entulho?\"}]},{\"@type\":\"WebSite\",\"@id\":\"https:\/\/www.pressenza.com\/pt-pt\/#website\",\"url\":\"https:\/\/www.pressenza.com\/pt-pt\/\",\"name\":\"Pressenza\",\"description\":\"International Press Agency\",\"publisher\":{\"@id\":\"https:\/\/www.pressenza.com\/pt-pt\/#organization\"},\"potentialAction\":[{\"@type\":\"SearchAction\",\"target\":{\"@type\":\"EntryPoint\",\"urlTemplate\":\"https:\/\/www.pressenza.com\/pt-pt\/?s={search_term_string}\"},\"query-input\":{\"@type\":\"PropertyValueSpecification\",\"valueRequired\":true,\"valueName\":\"search_term_string\"}}],\"inLanguage\":\"pt-PT\"},{\"@type\":\"Organization\",\"@id\":\"https:\/\/www.pressenza.com\/pt-pt\/#organization\",\"name\":\"Pressenza\",\"url\":\"https:\/\/www.pressenza.com\/pt-pt\/\",\"logo\":{\"@type\":\"ImageObject\",\"inLanguage\":\"pt-PT\",\"@id\":\"https:\/\/www.pressenza.com\/pt-pt\/#\/schema\/logo\/image\/\",\"url\":\"https:\/\/www.pressenza.com\/wp-content\/uploads\/2022\/10\/pressenza_logo_200x200.jpg\",\"contentUrl\":\"https:\/\/www.pressenza.com\/wp-content\/uploads\/2022\/10\/pressenza_logo_200x200.jpg\",\"width\":200,\"height\":200,\"caption\":\"Pressenza\"},\"image\":{\"@id\":\"https:\/\/www.pressenza.com\/pt-pt\/#\/schema\/logo\/image\/\"},\"sameAs\":[\"https:\/\/www.facebook.com\/PressenzaItalia\",\"https:\/\/x.com\/PressenzaIPA\"]},{\"@type\":\"Person\",\"@id\":\"https:\/\/www.pressenza.com\/pt-pt\/#\/schema\/person\/6becade95b8b16e167dc58dad51ce980\",\"name\":\"S\u00e9rgio Mesquita\",\"description\":\"S\u00e9rgio Mesquita, servidor p\u00fablico federal desde 1983, lotado nas funda\u00e7\u00f5es e OS que administraram a TVE-RJ, R\u00e1dios MEC, TV Escola e TV INES (FCBTVE, FRP, ACERP), na \u00e1rea de TIC, como l\u00edder do N\u00facleo de Desenvolvimento de Sistemas. Foi diretor do Sindicato dos Radialistas de RJ - SINRAD-RJ, membro do Coletivo Nacional de Forma\u00e7\u00e3o Pol\u00edtico Sindical da Federa\u00e7\u00e3o dos Trabalhadores em Empresas de R\u00e1dio e Televis\u00e3o \u2013 FITERT, na d\u00e9cada de 90 e filiado ao PT-Maric\u00e1\/RJ em 1991. Como funcion\u00e1rio cedido a Prefeitura de Maric\u00e1-RJ, exerceu as fun\u00e7\u00f5es: 2013\/14 de Sec. de Cultura; 2015\/16 de Assessor para Trabalho Social na Sec. de Habita\u00e7\u00e3o e Assentamentos Populares; 2017\/20 de Sec. de Ci\u00eancia e Tecnologia; 2021, de Assessor na Sec. Educa\u00e7\u00e3o de C&amp;T.\",\"url\":\"https:\/\/www.pressenza.com\/pt-pt\/author\/sergio-mesquita\/\"}]}<\/script>\n<!-- \/ Yoast SEO plugin. -->","yoast_head_json":{"title":"A Obra aconteceu, mas e o entulho?","description":"Todos concordam que qualquer mexidinha na casa provavelmente ser\u00e1 com muita dor de cabe\u00e7a, idas e vindas. Depois de tudo, quando pensamos que acabou,","robots":{"index":"index","follow":"follow","max-snippet":"max-snippet:-1","max-image-preview":"max-image-preview:large","max-video-preview":"max-video-preview:-1"},"canonical":"https:\/\/www.pressenza.com\/pt-pt\/2025\/11\/a-obra-aconteceu-mas-e-o-entulho\/","og_locale":"pt_PT","og_type":"article","og_title":"A Obra aconteceu, mas e o entulho?","og_description":"Todos concordam que qualquer mexidinha na casa provavelmente ser\u00e1 com muita dor de cabe\u00e7a, idas e vindas. Depois de tudo, quando pensamos que acabou,","og_url":"https:\/\/www.pressenza.com\/pt-pt\/2025\/11\/a-obra-aconteceu-mas-e-o-entulho\/","og_site_name":"Pressenza","article_publisher":"https:\/\/www.facebook.com\/PressenzaItalia","article_published_time":"2025-11-27T19:11:32+00:00","og_image":[{"width":1280,"height":720,"url":"https:\/\/www.pressenza.com\/wp-content\/uploads\/2025\/11\/cacamba-com-corruptos.jpg","type":"image\/jpeg"}],"author":"S\u00e9rgio Mesquita","twitter_card":"summary_large_image","twitter_creator":"@PressenzaIPA","twitter_site":"@PressenzaIPA","twitter_misc":{"Escrito por":"S\u00e9rgio Mesquita","Tempo estimado de leitura":"5 minutos"},"schema":{"@context":"https:\/\/schema.org","@graph":[{"@type":"Article","@id":"https:\/\/www.pressenza.com\/pt-pt\/2025\/11\/a-obra-aconteceu-mas-e-o-entulho\/#article","isPartOf":{"@id":"https:\/\/www.pressenza.com\/pt-pt\/2025\/11\/a-obra-aconteceu-mas-e-o-entulho\/"},"author":{"name":"S\u00e9rgio Mesquita","@id":"https:\/\/www.pressenza.com\/pt-pt\/#\/schema\/person\/6becade95b8b16e167dc58dad51ce980"},"headline":"A Obra aconteceu, mas e o entulho?","datePublished":"2025-11-27T19:11:32+00:00","mainEntityOfPage":{"@id":"https:\/\/www.pressenza.com\/pt-pt\/2025\/11\/a-obra-aconteceu-mas-e-o-entulho\/"},"wordCount":778,"publisher":{"@id":"https:\/\/www.pressenza.com\/pt-pt\/#organization"},"image":{"@id":"https:\/\/www.pressenza.com\/pt-pt\/2025\/11\/a-obra-aconteceu-mas-e-o-entulho\/#primaryimage"},"thumbnailUrl":"https:\/\/www.pressenza.com\/wp-content\/uploads\/2025\/11\/cacamba-com-corruptos.jpg","inLanguage":"pt-PT"},{"@type":"WebPage","@id":"https:\/\/www.pressenza.com\/pt-pt\/2025\/11\/a-obra-aconteceu-mas-e-o-entulho\/","url":"https:\/\/www.pressenza.com\/pt-pt\/2025\/11\/a-obra-aconteceu-mas-e-o-entulho\/","name":"A Obra aconteceu, mas e o entulho?","isPartOf":{"@id":"https:\/\/www.pressenza.com\/pt-pt\/#website"},"primaryImageOfPage":{"@id":"https:\/\/www.pressenza.com\/pt-pt\/2025\/11\/a-obra-aconteceu-mas-e-o-entulho\/#primaryimage"},"image":{"@id":"https:\/\/www.pressenza.com\/pt-pt\/2025\/11\/a-obra-aconteceu-mas-e-o-entulho\/#primaryimage"},"thumbnailUrl":"https:\/\/www.pressenza.com\/wp-content\/uploads\/2025\/11\/cacamba-com-corruptos.jpg","datePublished":"2025-11-27T19:11:32+00:00","description":"Todos concordam que qualquer mexidinha na casa provavelmente ser\u00e1 com muita dor de cabe\u00e7a, idas e vindas. Depois de tudo, quando pensamos que acabou,","breadcrumb":{"@id":"https:\/\/www.pressenza.com\/pt-pt\/2025\/11\/a-obra-aconteceu-mas-e-o-entulho\/#breadcrumb"},"inLanguage":"pt-PT","potentialAction":[{"@type":"ReadAction","target":["https:\/\/www.pressenza.com\/pt-pt\/2025\/11\/a-obra-aconteceu-mas-e-o-entulho\/"]}]},{"@type":"ImageObject","inLanguage":"pt-PT","@id":"https:\/\/www.pressenza.com\/pt-pt\/2025\/11\/a-obra-aconteceu-mas-e-o-entulho\/#primaryimage","url":"https:\/\/www.pressenza.com\/wp-content\/uploads\/2025\/11\/cacamba-com-corruptos.jpg","contentUrl":"https:\/\/www.pressenza.com\/wp-content\/uploads\/2025\/11\/cacamba-com-corruptos.jpg","width":1280,"height":720,"caption":"Ca\u00e7amba com corruptos. Imagem criada por IA"},{"@type":"BreadcrumbList","@id":"https:\/\/www.pressenza.com\/pt-pt\/2025\/11\/a-obra-aconteceu-mas-e-o-entulho\/#breadcrumb","itemListElement":[{"@type":"ListItem","position":1,"name":"Accueil","item":"https:\/\/www.pressenza.com\/pt-pt\/"},{"@type":"ListItem","position":2,"name":"A Obra aconteceu, mas e o entulho?"}]},{"@type":"WebSite","@id":"https:\/\/www.pressenza.com\/pt-pt\/#website","url":"https:\/\/www.pressenza.com\/pt-pt\/","name":"Pressenza","description":"International Press Agency","publisher":{"@id":"https:\/\/www.pressenza.com\/pt-pt\/#organization"},"potentialAction":[{"@type":"SearchAction","target":{"@type":"EntryPoint","urlTemplate":"https:\/\/www.pressenza.com\/pt-pt\/?s={search_term_string}"},"query-input":{"@type":"PropertyValueSpecification","valueRequired":true,"valueName":"search_term_string"}}],"inLanguage":"pt-PT"},{"@type":"Organization","@id":"https:\/\/www.pressenza.com\/pt-pt\/#organization","name":"Pressenza","url":"https:\/\/www.pressenza.com\/pt-pt\/","logo":{"@type":"ImageObject","inLanguage":"pt-PT","@id":"https:\/\/www.pressenza.com\/pt-pt\/#\/schema\/logo\/image\/","url":"https:\/\/www.pressenza.com\/wp-content\/uploads\/2022\/10\/pressenza_logo_200x200.jpg","contentUrl":"https:\/\/www.pressenza.com\/wp-content\/uploads\/2022\/10\/pressenza_logo_200x200.jpg","width":200,"height":200,"caption":"Pressenza"},"image":{"@id":"https:\/\/www.pressenza.com\/pt-pt\/#\/schema\/logo\/image\/"},"sameAs":["https:\/\/www.facebook.com\/PressenzaItalia","https:\/\/x.com\/PressenzaIPA"]},{"@type":"Person","@id":"https:\/\/www.pressenza.com\/pt-pt\/#\/schema\/person\/6becade95b8b16e167dc58dad51ce980","name":"S\u00e9rgio Mesquita","description":"S\u00e9rgio Mesquita, servidor p\u00fablico federal desde 1983, lotado nas funda\u00e7\u00f5es e OS que administraram a TVE-RJ, R\u00e1dios MEC, TV Escola e TV INES (FCBTVE, FRP, ACERP), na \u00e1rea de TIC, como l\u00edder do N\u00facleo de Desenvolvimento de Sistemas. Foi diretor do Sindicato dos Radialistas de RJ - SINRAD-RJ, membro do Coletivo Nacional de Forma\u00e7\u00e3o Pol\u00edtico Sindical da Federa\u00e7\u00e3o dos Trabalhadores em Empresas de R\u00e1dio e Televis\u00e3o \u2013 FITERT, na d\u00e9cada de 90 e filiado ao PT-Maric\u00e1\/RJ em 1991. Como funcion\u00e1rio cedido a Prefeitura de Maric\u00e1-RJ, exerceu as fun\u00e7\u00f5es: 2013\/14 de Sec. de Cultura; 2015\/16 de Assessor para Trabalho Social na Sec. de Habita\u00e7\u00e3o e Assentamentos Populares; 2017\/20 de Sec. de Ci\u00eancia e Tecnologia; 2021, de Assessor na Sec. Educa\u00e7\u00e3o de C&amp;T.","url":"https:\/\/www.pressenza.com\/pt-pt\/author\/sergio-mesquita\/"}]}},"place":"","original_article_url":"","_links":{"self":[{"href":"https:\/\/www.pressenza.com\/pt-pt\/wp-json\/wp\/v2\/posts\/2656424","targetHints":{"allow":["GET"]}}],"collection":[{"href":"https:\/\/www.pressenza.com\/pt-pt\/wp-json\/wp\/v2\/posts"}],"about":[{"href":"https:\/\/www.pressenza.com\/pt-pt\/wp-json\/wp\/v2\/types\/post"}],"author":[{"embeddable":true,"href":"https:\/\/www.pressenza.com\/pt-pt\/wp-json\/wp\/v2\/users\/1987"}],"replies":[{"embeddable":true,"href":"https:\/\/www.pressenza.com\/pt-pt\/wp-json\/wp\/v2\/comments?post=2656424"}],"version-history":[{"count":1,"href":"https:\/\/www.pressenza.com\/pt-pt\/wp-json\/wp\/v2\/posts\/2656424\/revisions"}],"predecessor-version":[{"id":2656430,"href":"https:\/\/www.pressenza.com\/pt-pt\/wp-json\/wp\/v2\/posts\/2656424\/revisions\/2656430"}],"wp:featuredmedia":[{"embeddable":true,"href":"https:\/\/www.pressenza.com\/pt-pt\/wp-json\/wp\/v2\/media\/2656428"}],"wp:attachment":[{"href":"https:\/\/www.pressenza.com\/pt-pt\/wp-json\/wp\/v2\/media?parent=2656424"}],"wp:term":[{"taxonomy":"category","embeddable":true,"href":"https:\/\/www.pressenza.com\/pt-pt\/wp-json\/wp\/v2\/categories?post=2656424"},{"taxonomy":"post_tag","embeddable":true,"href":"https:\/\/www.pressenza.com\/pt-pt\/wp-json\/wp\/v2\/tags?post=2656424"}],"curies":[{"name":"wp","href":"https:\/\/api.w.org\/{rel}","templated":true}]}}