{"id":2646423,"date":"2025-10-20T02:37:00","date_gmt":"2025-10-20T01:37:00","guid":{"rendered":"https:\/\/www.pressenza.com\/?p=2646423"},"modified":"2025-10-20T02:37:39","modified_gmt":"2025-10-20T01:37:39","slug":"a-bomba-atomica-do-ministro-alexandre-silveira-por-heitor-scalambrini-costa","status":"publish","type":"post","link":"https:\/\/www.pressenza.com\/pt-pt\/2025\/10\/a-bomba-atomica-do-ministro-alexandre-silveira-por-heitor-scalambrini-costa\/","title":{"rendered":"A bomba at\u00f4mica do ministro Alexandre Silveira por  Heitor Scalambrini Costa"},"content":{"rendered":"<p align=\"center\"><span style=\"font-family: Calibri, serif;\"><span style=\"font-size: medium;\"><b>A bomba at\u00f4mica do ministro Alexandre Silveira<\/b><\/span><\/span><\/p>\n<p align=\"right\"><span style=\"font-family: Calibri, serif;\">Heitor Scalambrini Costa*<\/span><\/p>\n<p>&nbsp;<\/p>\n<p align=\"justify\"><span style=\"font-family: Calibri, serif;\">As tens\u00f5es da geopol\u00edtica contempor\u00e2nea se exacerbaram nos \u00faltimos anos, colocando em risco a seguran\u00e7a internacional. As disputas por poder, o que significa conquista de territ\u00f3rios (preferencialmente ricos em petr\u00f3leo&amp;g\u00e1s e min\u00e9rios estrat\u00e9gicos) tem levado a guerras, ao intervencionismo, as viola\u00e7\u00f5es diretas da soberania dos pa\u00edses. A l\u00f3gica colonialista, imperialista tem prevalecido diante do medo do Ocidente de uma nova ordem internacional, onde o multilateralismo ditaria as regras.<\/span><\/p>\n<p align=\"justify\"><span style=\"font-family: Calibri, serif;\">O decl\u00ednio da hegemonia dos Estados Unidos, a ascens\u00e3o da China, a forma\u00e7\u00e3o de um mundo multipolar s\u00e3o os ingredientes internacionais em que o Brasil est\u00e1 inserido como uma pot\u00eancia energ\u00e9tica renov\u00e1vel, com uma abund\u00e2ncia extraordin\u00e1ria de terras raras e com uma diplomacia que tem conduzido as rela\u00e7\u00f5es com outros pa\u00edses atrav\u00e9s de meios pac\u00edficos, promovendo os interesses nacionais, defendendo sua soberania, buscando a paz e a coopera\u00e7\u00e3o internacional, e resolvendo conflitos de forma pac\u00edfica. Tudo ancorado nos princ\u00edpios do Direito Internacional e na tradi\u00e7\u00e3o de neutralidade e media\u00e7\u00e3o.<\/span><\/p>\n<p align=\"justify\"><span style=\"font-family: Calibri, serif;\">\u00c9 esta doutrina pacifista que tem prevalecido e levado o pa\u00eds a sua atual posi\u00e7\u00e3o de lideran\u00e7a e reconhecimento internacional. E n\u00e3o ser\u00e1 possuindo armas nucleares, se utilizando da dissuas\u00e3o como estrat\u00e9gia que manter\u00e1 a paz. \u00a0Em vez de evitar conflitos, a disponibilidade de armas de destrui\u00e7\u00e3o em massa\u00a0\u00e9 um convite, pois ao inv\u00e9s de dissuadir um primeiro ataque, pode convidar a um primeiro ataque. As armas nucleares criam desconfian\u00e7a e desviam recursos financeiros que poderiam ser aplicados, por exemplo, em acabar com a fome global, e outras mazelas que atingem a maioria da popula\u00e7\u00e3o mundial.<\/span><\/p>\n<p align=\"justify\"><span style=\"font-family: Calibri, serif;\">Diante do atual contexto internacional a gravidade da <\/span><span style=\"font-family: Calibri, serif;\">amea\u00e7a nuclear<\/span><span style=\"font-family: Calibri, serif;\"> paira sobre toda a humanidade, e n\u00e3o somente devido \u00e0s <\/span><span style=\"font-family: Calibri, serif;\">armas<\/span><b> <\/b><span style=\"font-family: Calibri, serif;\">nucleares<\/span><span style=\"font-family: Calibri, serif;\">, mas tamb\u00e9m ao fato da dissemina\u00e7\u00e3o de usinas nucleares\u00a0produzirem elementos radioativos que s\u00e3o altamente prejudiciais \u00e0 vida no planeta, e que podem ser utilizados para a fabrica\u00e7\u00e3o de artefatos de destrui\u00e7\u00e3o em massa.<\/span><\/p>\n<p align=\"justify\"><span style=\"font-family: Calibri, serif;\">Hoje no mundo nove pa\u00edses possuem armas nucleares: Estados Unidos, R\u00fassia, Fran\u00e7a, China, Reino Unido, Paquist\u00e3o, \u00cdndia, Israel e Coreia do Norte. E outros pa\u00edses podem dispor de armamentos nucleares atrav\u00e9s de pactos e acordos de defesa m\u00fatua com pa\u00edses detentores destes artefatos, burlando assim o Tratado de N\u00e3o Prolifera\u00e7\u00e3o Nuclear (TNP), o Tratado de Proibi\u00e7\u00e3o Completa de Testes Nucleares. Recentemente o Paquist\u00e3o (n\u00e3o signat\u00e1rio dos tratados de n\u00e3o prolifera\u00e7\u00e3o) assinou um pacto de defesa m\u00fatua com a Ar\u00e1bia Saudita, o que pode significar que mais um pa\u00eds do Oriente M\u00e9dio ter\u00e1 armamentos nucleares. No comunicado de ambas chancelarias est\u00e1 dito claramente que qualquer agress\u00e3o contra qualquer um dos pa\u00edses ser\u00e1 considerada uma agress\u00e3o contra ambos.<\/span><\/p>\n<p align=\"justify\"><span style=\"font-family: Calibri, serif;\">Mais recentemente o Ministro de Minas e Energia, o ministro que tem \u201cboas ideias\u201d, defensor da expans\u00e3o de usinas nucleares no pa\u00eds e de uso da energia nuclear para a defesa, tem declarado, depois desmentido, novamente declarado, que o Brasil deveria usar a energia nuclear para fins de sua defesa (n\u00e3o diz fabricar a bomba, mas utiliza eufemisticamente o termo seguran\u00e7a nacional), justificando a necessidade de defender o pa\u00eds. Nesta mesma dire\u00e7\u00e3o come\u00e7a a avan\u00e7ar entre parlamentares (lembrando que o atual Congresso nacional, o pior desta gera\u00e7\u00e3o, est\u00e1 repleto de parlamentares fascistas), a ideia de que a mudan\u00e7a no cen\u00e1rio geopol\u00edtico e a atual corrida armamentista global far\u00e1 o Brasil ter que debater o assunto em algum momento.<\/span><\/p>\n<p align=\"justify\"><span style=\"font-family: Calibri, serif;\">Neste m\u00eas de outubro um deputado da extrema direita anunciou que est\u00e1 em via de apresentar um projeto de emenda constitucional (PEC) que autorizar\u00e1 o Brasil a produzir armas nucleares. Para que a emenda seja protocolada, s\u00e3o necess\u00e1rias <\/span><span style=\"font-family: Calibri, serif;\">assinaturas de 171 deputados<\/span><span style=\"font-family: Calibri, serif;\">, que est\u00e3o sendo recolhidas. Atualmente, a Constitui\u00e7\u00e3o Federal de 1988 determina que <\/span><span style=\"font-family: Calibri, serif;\">&#8220;toda atividade nuclear em territ\u00f3rio nacional somente ser\u00e1 admitida para fins pac\u00edficos e mediante aprova\u00e7\u00e3o do Congresso Nacional&#8221;<\/span><span style=\"font-family: Calibri, serif;\">. A proposta altera este trecho, retirando a men\u00e7\u00e3o <\/span><span style=\"font-family: Calibri, serif;\">&#8220;fins pac\u00edficos&#8221;<\/span><span style=\"font-family: Calibri, serif;\">.<\/span><\/p>\n<p align=\"justify\">\u00a0<span style=\"font-family: Calibri, serif;\">Mas, por ora, n\u00e3o h\u00e1 mobiliza\u00e7\u00e3o pol\u00edtica relevante para fazer o projeto avan\u00e7ar. Desde 1998, o pa\u00eds \u00e9 signat\u00e1rio do Tratado de N\u00e3o Prolifera\u00e7\u00e3o de Armas Nucleares. Todavia membros da classe dirigente e entre pol\u00edticos extremistas o assunto come\u00e7a a tomar corpo, e como sempre sem a participa\u00e7\u00e3o da sociedade.<\/span><\/p>\n<p align=\"justify\"><span style=\"font-family: Calibri, serif;\">Historicamente a rela\u00e7\u00e3o entre o uso da energia nuclear para fins energ\u00e9ticos e para fins militares \u00e9 muito estreita. O Programa Nuclear Brasileiro surgiu durante a ditadura c\u00edvico-militar\u00a0e at\u00e9 hoje atende demandas de setores da For\u00e7as Armadas\u00a0fascinados pelo poder que a energia nuclear lhes traz. Utilizam a justificativa da necessidade de prote\u00e7\u00e3o e de seguran\u00e7a das nossas fronteiras, e de nossas riquezas. <\/span><\/p>\n<p align=\"justify\"><span style=\"font-family: Calibri, serif;\">O <\/span><span style=\"font-family: Calibri, serif;\">Brasil<\/span><b> <\/b><span style=\"font-family: Calibri, serif;\">domina a tecnologia do ciclo do combust\u00edvel nuclear, mas n\u00e3o fabrica armas nucleares, pois al\u00e9m do veto expl\u00edcito na <\/span><span style=\"font-family: Calibri, serif;\">Constitui\u00e7\u00e3o Federal<\/span><span style=\"font-family: Calibri, serif;\">, tamb\u00e9m \u00e9 signat\u00e1rio do Tratado de N\u00e3o Prolifera\u00e7\u00e3o de Armas Nucleares (TNP) e \u00a0do Tratado de Tlatelolco que estabeleceu a Am\u00e9rica Latina e o Caribe como Zona Livre de armas nucleares. O que preocupa, \u00e9 que segundo a <\/span><span style=\"font-family: Calibri, serif;\">World Nuclear Association<\/span><span style=\"font-family: Calibri, serif;\">, o Brasil \u00e9 uma das 13 na\u00e7\u00f5es capazes de enriquecer o ur\u00e2nio, utilizado predominante nas atuais bombas at\u00f4micas. Para a fabrica\u00e7\u00e3o da bomba tupiniquim seria necess\u00e1rio realizar uma reconfigura\u00e7\u00e3o, aumentando o n\u00famero de centr\u00edfugas na f\u00e1brica de Combust\u00edvel Nuclear (<\/span><span style=\"font-family: Calibri, serif;\">FCN<\/span><span style=\"font-family: Calibri, serif;\">) da Ind\u00fastrias Nucleares do Brasil (<\/span><span style=\"font-family: Calibri, serif;\">INB<\/span><span style=\"font-family: Calibri, serif;\">), localizada em Resende (<\/span><span style=\"font-family: Calibri, serif;\">RJ<\/span><span style=\"font-family: Calibri, serif;\">). Al\u00e9m da mudan\u00e7a constitucional e o abandono dos tratados internacionais que \u00e9 signat\u00e1rio.<\/span><\/p>\n<p align=\"justify\"><span style=\"font-family: Calibri, serif;\">Diante da composi\u00e7\u00e3o do atual Congresso Nacional, infestado de fascistas da extrema direita raivosa,\u00a0com tentativas de mudan\u00e7a constitucional, e com ministro do governo Lula encampando a necessidade de fabrica\u00e7\u00e3o da bomba, a luz de alerta acendeu. Enquanto pa\u00eds pacifista devemos nos posicionar e agir contra a bomba tupiniquim e contra as usinas nucleares.<\/span><\/p>\n<p align=\"justify\"><span style=\"font-family: Times New Roman, serif;\"><span style=\"font-size: medium;\"><span style=\"font-family: Calibri, serif;\"><span style=\"font-size: small;\"><i>Artigo publicado no site da jornalista Tania Malheiros<\/i><\/span><\/span><\/span><\/span><\/p>\n<p align=\"justify\"><span style=\"font-family: Times New Roman, serif;\"><span style=\"font-size: medium;\"><span style=\"color: #0000ff;\"><u><a href=\"https:\/\/taniamalheiros-jornalista.blogspot.com\/2025\/10\/bomba-atomica-do-ministro-alexandre.html\"><span style=\"font-family: Calibri, serif;\"><span style=\"font-size: small;\"><i>https:\/\/taniamalheiros-jornalista.blogspot.com\/2025\/10\/bomba-atomica-do-ministro-alexandre.html<\/i><\/span><\/span><\/a><\/u><\/span><\/span><\/span><\/p>\n<p align=\"justify\"><span style=\"font-family: Times New Roman, serif;\"><span style=\"font-size: medium;\"><span style=\"font-family: Calibri, serif;\"><span style=\"font-size: small;\">___________________<\/span><\/span><\/span><\/span><\/p>\n<p align=\"justify\">\u00a0<span style=\"font-family: Times New Roman, serif;\"><span style=\"font-size: medium;\"><span style=\"font-family: Calibri, serif;\"><span style=\"font-size: small;\">* Professor associado aposentado da Universidade Federal de Pernambuco, graduado em F\u00edsica pela Universidade Estadual de Campinas (UNICAMP\/SP), mestrado em Ci\u00eancias e Tecnologias Nucleares na Universidade Federal de Pernambuco (DEN\/UFPE) e doutorado em Energ\u00e9tica, na Universidade de Marselha\/Aix, associada ao Centro de Estudos de Cadarache\/Comissariado de Energia At\u00f4mica (CEA)-Fran\u00e7a. Integrante da Articula\u00e7\u00e3o Antinuclear Brasileira.<\/span><\/span><\/span><\/span><\/p>\n<p align=\"justify\"><a name=\"_GoBack\"><\/a><\/p>\n","protected":false},"excerpt":{"rendered":"<p>A bomba at\u00f4mica do ministro Alexandre Silveira Heitor Scalambrini Costa* &nbsp; As tens\u00f5es da geopol\u00edtica contempor\u00e2nea se exacerbaram nos \u00faltimos anos, colocando em risco a seguran\u00e7a internacional. As disputas por poder, o que significa conquista de territ\u00f3rios (preferencialmente ricos em&hellip;<\/p>\n","protected":false},"author":825,"featured_media":2646424,"comment_status":"closed","ping_status":"closed","sticky":false,"template":"","format":"standard","meta":{"footnotes":""},"categories":[499,110322,165,1257,111],"tags":[5255,9568],"class_list":["post-2646423","post","type-post","status-publish","format-standard","has-post-thumbnail","hentry","category-ciencia-tecnologia-pt","category-globalizacao","category-opiniao","category-paz-desarmamento","category-politica-pt-pt","tag-bomba-nuclear","tag-corrida-armamentista"],"yoast_head":"<!-- This site is optimized with the Yoast SEO plugin v27.1.1 - https:\/\/yoast.com\/product\/yoast-seo-wordpress\/ -->\n<title>A bomba at\u00f4mica do ministro Alexandre Silveira por Heitor Scalambrini Costa<\/title>\n<meta name=\"description\" content=\"A bomba at\u00f4mica do ministro Alexandre Silveira Heitor Scalambrini Costa* &nbsp; As tens\u00f5es da geopol\u00edtica contempor\u00e2nea se exacerbaram nos \u00faltimos anos,\" \/>\n<meta name=\"robots\" content=\"index, follow, max-snippet:-1, max-image-preview:large, max-video-preview:-1\" \/>\n<link rel=\"canonical\" href=\"https:\/\/www.pressenza.com\/pt-pt\/2025\/10\/a-bomba-atomica-do-ministro-alexandre-silveira-por-heitor-scalambrini-costa\/\" \/>\n<meta property=\"og:locale\" content=\"pt_PT\" \/>\n<meta property=\"og:type\" content=\"article\" \/>\n<meta property=\"og:title\" content=\"A bomba at\u00f4mica do ministro Alexandre Silveira por Heitor Scalambrini Costa\" \/>\n<meta property=\"og:description\" content=\"A bomba at\u00f4mica do ministro Alexandre Silveira Heitor Scalambrini Costa* &nbsp; As tens\u00f5es da geopol\u00edtica contempor\u00e2nea se exacerbaram nos \u00faltimos anos,\" \/>\n<meta property=\"og:url\" content=\"https:\/\/www.pressenza.com\/pt-pt\/2025\/10\/a-bomba-atomica-do-ministro-alexandre-silveira-por-heitor-scalambrini-costa\/\" \/>\n<meta property=\"og:site_name\" content=\"Pressenza\" \/>\n<meta property=\"article:publisher\" content=\"https:\/\/www.facebook.com\/PressenzaItalia\" \/>\n<meta property=\"article:published_time\" content=\"2025-10-20T01:37:00+00:00\" \/>\n<meta property=\"article:modified_time\" content=\"2025-10-20T01:37:39+00:00\" \/>\n<meta property=\"og:image\" content=\"https:\/\/www.pressenza.com\/wp-content\/uploads\/2025\/10\/Heitor-Scalambrini-Articulacao-Antinuclear.jpg\" \/>\n\t<meta property=\"og:image:width\" content=\"400\" \/>\n\t<meta property=\"og:image:height\" content=\"267\" \/>\n\t<meta property=\"og:image:type\" content=\"image\/jpeg\" \/>\n<meta name=\"author\" content=\"Heitor Scalambrini Costa\" \/>\n<meta name=\"twitter:card\" content=\"summary_large_image\" \/>\n<meta name=\"twitter:creator\" content=\"@PressenzaIPA\" \/>\n<meta name=\"twitter:site\" content=\"@PressenzaIPA\" \/>\n<meta name=\"twitter:label1\" content=\"Escrito por\" \/>\n\t<meta name=\"twitter:data1\" content=\"Heitor  Scalambrini Costa \" \/>\n\t<meta name=\"twitter:label2\" content=\"Tempo estimado de leitura\" \/>\n\t<meta name=\"twitter:data2\" content=\"6 minutos\" \/>\n<script type=\"application\/ld+json\" class=\"yoast-schema-graph\">{\"@context\":\"https:\/\/schema.org\",\"@graph\":[{\"@type\":\"Article\",\"@id\":\"https:\/\/www.pressenza.com\/pt-pt\/2025\/10\/a-bomba-atomica-do-ministro-alexandre-silveira-por-heitor-scalambrini-costa\/#article\",\"isPartOf\":{\"@id\":\"https:\/\/www.pressenza.com\/pt-pt\/2025\/10\/a-bomba-atomica-do-ministro-alexandre-silveira-por-heitor-scalambrini-costa\/\"},\"author\":{\"name\":\"Heitor Scalambrini Costa\",\"@id\":\"https:\/\/www.pressenza.com\/pt-pt\/#\/schema\/person\/60a931d94e28001c7a340f9cd85e82f8\"},\"headline\":\"A bomba at\u00f4mica do ministro Alexandre Silveira por Heitor Scalambrini Costa\",\"datePublished\":\"2025-10-20T01:37:00+00:00\",\"dateModified\":\"2025-10-20T01:37:39+00:00\",\"mainEntityOfPage\":{\"@id\":\"https:\/\/www.pressenza.com\/pt-pt\/2025\/10\/a-bomba-atomica-do-ministro-alexandre-silveira-por-heitor-scalambrini-costa\/\"},\"wordCount\":1149,\"publisher\":{\"@id\":\"https:\/\/www.pressenza.com\/pt-pt\/#organization\"},\"image\":{\"@id\":\"https:\/\/www.pressenza.com\/pt-pt\/2025\/10\/a-bomba-atomica-do-ministro-alexandre-silveira-por-heitor-scalambrini-costa\/#primaryimage\"},\"thumbnailUrl\":\"https:\/\/www.pressenza.com\/wp-content\/uploads\/2025\/10\/Heitor-Scalambrini-Articulacao-Antinuclear.jpg\",\"keywords\":[\"bomba nuclear\",\"corrida armamentista\"],\"articleSection\":[\"Ci\u00eancia e Tecnologia\",\"Globaliza\u00e7\u00e3o\",\"Opini\u00e3o\",\"Paz e Desarmamento\",\"Pol\u00edtica\"],\"inLanguage\":\"pt-PT\"},{\"@type\":\"WebPage\",\"@id\":\"https:\/\/www.pressenza.com\/pt-pt\/2025\/10\/a-bomba-atomica-do-ministro-alexandre-silveira-por-heitor-scalambrini-costa\/\",\"url\":\"https:\/\/www.pressenza.com\/pt-pt\/2025\/10\/a-bomba-atomica-do-ministro-alexandre-silveira-por-heitor-scalambrini-costa\/\",\"name\":\"A bomba at\u00f4mica do ministro Alexandre Silveira por Heitor Scalambrini Costa\",\"isPartOf\":{\"@id\":\"https:\/\/www.pressenza.com\/pt-pt\/#website\"},\"primaryImageOfPage\":{\"@id\":\"https:\/\/www.pressenza.com\/pt-pt\/2025\/10\/a-bomba-atomica-do-ministro-alexandre-silveira-por-heitor-scalambrini-costa\/#primaryimage\"},\"image\":{\"@id\":\"https:\/\/www.pressenza.com\/pt-pt\/2025\/10\/a-bomba-atomica-do-ministro-alexandre-silveira-por-heitor-scalambrini-costa\/#primaryimage\"},\"thumbnailUrl\":\"https:\/\/www.pressenza.com\/wp-content\/uploads\/2025\/10\/Heitor-Scalambrini-Articulacao-Antinuclear.jpg\",\"datePublished\":\"2025-10-20T01:37:00+00:00\",\"dateModified\":\"2025-10-20T01:37:39+00:00\",\"description\":\"A bomba at\u00f4mica do ministro Alexandre Silveira Heitor Scalambrini Costa* &nbsp; As tens\u00f5es da geopol\u00edtica contempor\u00e2nea se exacerbaram nos \u00faltimos anos,\",\"breadcrumb\":{\"@id\":\"https:\/\/www.pressenza.com\/pt-pt\/2025\/10\/a-bomba-atomica-do-ministro-alexandre-silveira-por-heitor-scalambrini-costa\/#breadcrumb\"},\"inLanguage\":\"pt-PT\",\"potentialAction\":[{\"@type\":\"ReadAction\",\"target\":[\"https:\/\/www.pressenza.com\/pt-pt\/2025\/10\/a-bomba-atomica-do-ministro-alexandre-silveira-por-heitor-scalambrini-costa\/\"]}]},{\"@type\":\"ImageObject\",\"inLanguage\":\"pt-PT\",\"@id\":\"https:\/\/www.pressenza.com\/pt-pt\/2025\/10\/a-bomba-atomica-do-ministro-alexandre-silveira-por-heitor-scalambrini-costa\/#primaryimage\",\"url\":\"https:\/\/www.pressenza.com\/wp-content\/uploads\/2025\/10\/Heitor-Scalambrini-Articulacao-Antinuclear.jpg\",\"contentUrl\":\"https:\/\/www.pressenza.com\/wp-content\/uploads\/2025\/10\/Heitor-Scalambrini-Articulacao-Antinuclear.jpg\",\"width\":400,\"height\":267},{\"@type\":\"BreadcrumbList\",\"@id\":\"https:\/\/www.pressenza.com\/pt-pt\/2025\/10\/a-bomba-atomica-do-ministro-alexandre-silveira-por-heitor-scalambrini-costa\/#breadcrumb\",\"itemListElement\":[{\"@type\":\"ListItem\",\"position\":1,\"name\":\"Accueil\",\"item\":\"https:\/\/www.pressenza.com\/pt-pt\/\"},{\"@type\":\"ListItem\",\"position\":2,\"name\":\"A bomba at\u00f4mica do ministro Alexandre Silveira por Heitor Scalambrini Costa\"}]},{\"@type\":\"WebSite\",\"@id\":\"https:\/\/www.pressenza.com\/pt-pt\/#website\",\"url\":\"https:\/\/www.pressenza.com\/pt-pt\/\",\"name\":\"Pressenza\",\"description\":\"International Press Agency\",\"publisher\":{\"@id\":\"https:\/\/www.pressenza.com\/pt-pt\/#organization\"},\"potentialAction\":[{\"@type\":\"SearchAction\",\"target\":{\"@type\":\"EntryPoint\",\"urlTemplate\":\"https:\/\/www.pressenza.com\/pt-pt\/?s={search_term_string}\"},\"query-input\":{\"@type\":\"PropertyValueSpecification\",\"valueRequired\":true,\"valueName\":\"search_term_string\"}}],\"inLanguage\":\"pt-PT\"},{\"@type\":\"Organization\",\"@id\":\"https:\/\/www.pressenza.com\/pt-pt\/#organization\",\"name\":\"Pressenza\",\"url\":\"https:\/\/www.pressenza.com\/pt-pt\/\",\"logo\":{\"@type\":\"ImageObject\",\"inLanguage\":\"pt-PT\",\"@id\":\"https:\/\/www.pressenza.com\/pt-pt\/#\/schema\/logo\/image\/\",\"url\":\"https:\/\/www.pressenza.com\/wp-content\/uploads\/2022\/10\/pressenza_logo_200x200.jpg\",\"contentUrl\":\"https:\/\/www.pressenza.com\/wp-content\/uploads\/2022\/10\/pressenza_logo_200x200.jpg\",\"width\":200,\"height\":200,\"caption\":\"Pressenza\"},\"image\":{\"@id\":\"https:\/\/www.pressenza.com\/pt-pt\/#\/schema\/logo\/image\/\"},\"sameAs\":[\"https:\/\/www.facebook.com\/PressenzaItalia\",\"https:\/\/x.com\/PressenzaIPA\"]},{\"@type\":\"Person\",\"@id\":\"https:\/\/www.pressenza.com\/pt-pt\/#\/schema\/person\/60a931d94e28001c7a340f9cd85e82f8\",\"name\":\"Heitor Scalambrini Costa\",\"url\":\"https:\/\/www.pressenza.com\/pt-pt\/author\/heitor-scalambrini-costa\/\"}]}<\/script>\n<!-- \/ Yoast SEO plugin. -->","yoast_head_json":{"title":"A bomba at\u00f4mica do ministro Alexandre Silveira por Heitor Scalambrini Costa","description":"A bomba at\u00f4mica do ministro Alexandre Silveira Heitor Scalambrini Costa* &nbsp; As tens\u00f5es da geopol\u00edtica contempor\u00e2nea se exacerbaram nos \u00faltimos anos,","robots":{"index":"index","follow":"follow","max-snippet":"max-snippet:-1","max-image-preview":"max-image-preview:large","max-video-preview":"max-video-preview:-1"},"canonical":"https:\/\/www.pressenza.com\/pt-pt\/2025\/10\/a-bomba-atomica-do-ministro-alexandre-silveira-por-heitor-scalambrini-costa\/","og_locale":"pt_PT","og_type":"article","og_title":"A bomba at\u00f4mica do ministro Alexandre Silveira por Heitor Scalambrini Costa","og_description":"A bomba at\u00f4mica do ministro Alexandre Silveira Heitor Scalambrini Costa* &nbsp; As tens\u00f5es da geopol\u00edtica contempor\u00e2nea se exacerbaram nos \u00faltimos anos,","og_url":"https:\/\/www.pressenza.com\/pt-pt\/2025\/10\/a-bomba-atomica-do-ministro-alexandre-silveira-por-heitor-scalambrini-costa\/","og_site_name":"Pressenza","article_publisher":"https:\/\/www.facebook.com\/PressenzaItalia","article_published_time":"2025-10-20T01:37:00+00:00","article_modified_time":"2025-10-20T01:37:39+00:00","og_image":[{"width":400,"height":267,"url":"https:\/\/www.pressenza.com\/wp-content\/uploads\/2025\/10\/Heitor-Scalambrini-Articulacao-Antinuclear.jpg","type":"image\/jpeg"}],"author":"Heitor Scalambrini Costa","twitter_card":"summary_large_image","twitter_creator":"@PressenzaIPA","twitter_site":"@PressenzaIPA","twitter_misc":{"Escrito por":"Heitor  Scalambrini Costa ","Tempo estimado de leitura":"6 minutos"},"schema":{"@context":"https:\/\/schema.org","@graph":[{"@type":"Article","@id":"https:\/\/www.pressenza.com\/pt-pt\/2025\/10\/a-bomba-atomica-do-ministro-alexandre-silveira-por-heitor-scalambrini-costa\/#article","isPartOf":{"@id":"https:\/\/www.pressenza.com\/pt-pt\/2025\/10\/a-bomba-atomica-do-ministro-alexandre-silveira-por-heitor-scalambrini-costa\/"},"author":{"name":"Heitor Scalambrini Costa","@id":"https:\/\/www.pressenza.com\/pt-pt\/#\/schema\/person\/60a931d94e28001c7a340f9cd85e82f8"},"headline":"A bomba at\u00f4mica do ministro Alexandre Silveira por Heitor Scalambrini Costa","datePublished":"2025-10-20T01:37:00+00:00","dateModified":"2025-10-20T01:37:39+00:00","mainEntityOfPage":{"@id":"https:\/\/www.pressenza.com\/pt-pt\/2025\/10\/a-bomba-atomica-do-ministro-alexandre-silveira-por-heitor-scalambrini-costa\/"},"wordCount":1149,"publisher":{"@id":"https:\/\/www.pressenza.com\/pt-pt\/#organization"},"image":{"@id":"https:\/\/www.pressenza.com\/pt-pt\/2025\/10\/a-bomba-atomica-do-ministro-alexandre-silveira-por-heitor-scalambrini-costa\/#primaryimage"},"thumbnailUrl":"https:\/\/www.pressenza.com\/wp-content\/uploads\/2025\/10\/Heitor-Scalambrini-Articulacao-Antinuclear.jpg","keywords":["bomba nuclear","corrida armamentista"],"articleSection":["Ci\u00eancia e Tecnologia","Globaliza\u00e7\u00e3o","Opini\u00e3o","Paz e Desarmamento","Pol\u00edtica"],"inLanguage":"pt-PT"},{"@type":"WebPage","@id":"https:\/\/www.pressenza.com\/pt-pt\/2025\/10\/a-bomba-atomica-do-ministro-alexandre-silveira-por-heitor-scalambrini-costa\/","url":"https:\/\/www.pressenza.com\/pt-pt\/2025\/10\/a-bomba-atomica-do-ministro-alexandre-silveira-por-heitor-scalambrini-costa\/","name":"A bomba at\u00f4mica do ministro Alexandre Silveira por Heitor Scalambrini Costa","isPartOf":{"@id":"https:\/\/www.pressenza.com\/pt-pt\/#website"},"primaryImageOfPage":{"@id":"https:\/\/www.pressenza.com\/pt-pt\/2025\/10\/a-bomba-atomica-do-ministro-alexandre-silveira-por-heitor-scalambrini-costa\/#primaryimage"},"image":{"@id":"https:\/\/www.pressenza.com\/pt-pt\/2025\/10\/a-bomba-atomica-do-ministro-alexandre-silveira-por-heitor-scalambrini-costa\/#primaryimage"},"thumbnailUrl":"https:\/\/www.pressenza.com\/wp-content\/uploads\/2025\/10\/Heitor-Scalambrini-Articulacao-Antinuclear.jpg","datePublished":"2025-10-20T01:37:00+00:00","dateModified":"2025-10-20T01:37:39+00:00","description":"A bomba at\u00f4mica do ministro Alexandre Silveira Heitor Scalambrini Costa* &nbsp; As tens\u00f5es da geopol\u00edtica contempor\u00e2nea se exacerbaram nos \u00faltimos anos,","breadcrumb":{"@id":"https:\/\/www.pressenza.com\/pt-pt\/2025\/10\/a-bomba-atomica-do-ministro-alexandre-silveira-por-heitor-scalambrini-costa\/#breadcrumb"},"inLanguage":"pt-PT","potentialAction":[{"@type":"ReadAction","target":["https:\/\/www.pressenza.com\/pt-pt\/2025\/10\/a-bomba-atomica-do-ministro-alexandre-silveira-por-heitor-scalambrini-costa\/"]}]},{"@type":"ImageObject","inLanguage":"pt-PT","@id":"https:\/\/www.pressenza.com\/pt-pt\/2025\/10\/a-bomba-atomica-do-ministro-alexandre-silveira-por-heitor-scalambrini-costa\/#primaryimage","url":"https:\/\/www.pressenza.com\/wp-content\/uploads\/2025\/10\/Heitor-Scalambrini-Articulacao-Antinuclear.jpg","contentUrl":"https:\/\/www.pressenza.com\/wp-content\/uploads\/2025\/10\/Heitor-Scalambrini-Articulacao-Antinuclear.jpg","width":400,"height":267},{"@type":"BreadcrumbList","@id":"https:\/\/www.pressenza.com\/pt-pt\/2025\/10\/a-bomba-atomica-do-ministro-alexandre-silveira-por-heitor-scalambrini-costa\/#breadcrumb","itemListElement":[{"@type":"ListItem","position":1,"name":"Accueil","item":"https:\/\/www.pressenza.com\/pt-pt\/"},{"@type":"ListItem","position":2,"name":"A bomba at\u00f4mica do ministro Alexandre Silveira por Heitor Scalambrini Costa"}]},{"@type":"WebSite","@id":"https:\/\/www.pressenza.com\/pt-pt\/#website","url":"https:\/\/www.pressenza.com\/pt-pt\/","name":"Pressenza","description":"International Press Agency","publisher":{"@id":"https:\/\/www.pressenza.com\/pt-pt\/#organization"},"potentialAction":[{"@type":"SearchAction","target":{"@type":"EntryPoint","urlTemplate":"https:\/\/www.pressenza.com\/pt-pt\/?s={search_term_string}"},"query-input":{"@type":"PropertyValueSpecification","valueRequired":true,"valueName":"search_term_string"}}],"inLanguage":"pt-PT"},{"@type":"Organization","@id":"https:\/\/www.pressenza.com\/pt-pt\/#organization","name":"Pressenza","url":"https:\/\/www.pressenza.com\/pt-pt\/","logo":{"@type":"ImageObject","inLanguage":"pt-PT","@id":"https:\/\/www.pressenza.com\/pt-pt\/#\/schema\/logo\/image\/","url":"https:\/\/www.pressenza.com\/wp-content\/uploads\/2022\/10\/pressenza_logo_200x200.jpg","contentUrl":"https:\/\/www.pressenza.com\/wp-content\/uploads\/2022\/10\/pressenza_logo_200x200.jpg","width":200,"height":200,"caption":"Pressenza"},"image":{"@id":"https:\/\/www.pressenza.com\/pt-pt\/#\/schema\/logo\/image\/"},"sameAs":["https:\/\/www.facebook.com\/PressenzaItalia","https:\/\/x.com\/PressenzaIPA"]},{"@type":"Person","@id":"https:\/\/www.pressenza.com\/pt-pt\/#\/schema\/person\/60a931d94e28001c7a340f9cd85e82f8","name":"Heitor Scalambrini Costa","url":"https:\/\/www.pressenza.com\/pt-pt\/author\/heitor-scalambrini-costa\/"}]}},"place":"","original_article_url":"","_links":{"self":[{"href":"https:\/\/www.pressenza.com\/pt-pt\/wp-json\/wp\/v2\/posts\/2646423","targetHints":{"allow":["GET"]}}],"collection":[{"href":"https:\/\/www.pressenza.com\/pt-pt\/wp-json\/wp\/v2\/posts"}],"about":[{"href":"https:\/\/www.pressenza.com\/pt-pt\/wp-json\/wp\/v2\/types\/post"}],"author":[{"embeddable":true,"href":"https:\/\/www.pressenza.com\/pt-pt\/wp-json\/wp\/v2\/users\/825"}],"replies":[{"embeddable":true,"href":"https:\/\/www.pressenza.com\/pt-pt\/wp-json\/wp\/v2\/comments?post=2646423"}],"version-history":[{"count":1,"href":"https:\/\/www.pressenza.com\/pt-pt\/wp-json\/wp\/v2\/posts\/2646423\/revisions"}],"predecessor-version":[{"id":2646425,"href":"https:\/\/www.pressenza.com\/pt-pt\/wp-json\/wp\/v2\/posts\/2646423\/revisions\/2646425"}],"wp:featuredmedia":[{"embeddable":true,"href":"https:\/\/www.pressenza.com\/pt-pt\/wp-json\/wp\/v2\/media\/2646424"}],"wp:attachment":[{"href":"https:\/\/www.pressenza.com\/pt-pt\/wp-json\/wp\/v2\/media?parent=2646423"}],"wp:term":[{"taxonomy":"category","embeddable":true,"href":"https:\/\/www.pressenza.com\/pt-pt\/wp-json\/wp\/v2\/categories?post=2646423"},{"taxonomy":"post_tag","embeddable":true,"href":"https:\/\/www.pressenza.com\/pt-pt\/wp-json\/wp\/v2\/tags?post=2646423"}],"curies":[{"name":"wp","href":"https:\/\/api.w.org\/{rel}","templated":true}]}}