{"id":2644561,"date":"2025-10-12T22:50:26","date_gmt":"2025-10-12T21:50:26","guid":{"rendered":"https:\/\/www.pressenza.com\/?p=2644561"},"modified":"2025-10-12T22:54:19","modified_gmt":"2025-10-12T21:54:19","slug":"inspirada-no-humanismo-a-escola-estadual-parque-dos-sonhos-em-cubatao-sp-e-reconhecida-como-a-melhor-escola-do-mundo-em-2025","status":"publish","type":"post","link":"https:\/\/www.pressenza.com\/pt-pt\/2025\/10\/inspirada-no-humanismo-a-escola-estadual-parque-dos-sonhos-em-cubatao-sp-e-reconhecida-como-a-melhor-escola-do-mundo-em-2025\/","title":{"rendered":"Inspirada no Humanismo, a Escola Estadual Parque dos Sonhos, em Cubat\u00e3o (SP), \u00e9 reconhecida como a melhor escola do mundo em 2025"},"content":{"rendered":"<p align=\"justify\"><b>Cubat\u00e3o, Brasil \u2013 1o de outubro de 2025 \u2013<\/b><\/p>\n<p align=\"justify\">A Escola Estadual Parque dos Sonhos, localizada no Bols\u00e3o 9 de Cubat\u00e3o, litoral de S\u00e3o Paulo, acaba de receber o Pr\u00eamio Internacional de Melhor Escola do Mundo 2025, na categoria \u201cSuperando as Adversidades\u201d, concedido por um j\u00fari global de especialistas em educa\u00e7\u00e3o. A conquista marca n\u00e3o apenas o reconhecimento de uma institui\u00e7\u00e3o p\u00fablica da periferia brasileira, mas tamb\u00e9m simboliza a for\u00e7a da educa\u00e7\u00e3o popular humanista, inspirada nos ensinamentos de Paulo Freire e do fil\u00f3sofo argentino Mario Rodr\u00edguez Cobos (Silo), cujo legado em defesa da n\u00e3o-viol\u00eancia inspira pr\u00e1ticas pedag\u00f3gicas em diversas partes do mundo.<\/p>\n<p align=\"justify\"><b>Uma escola que floresce em meio \u00e0s adversidades<\/b><\/p>\n<p align=\"justify\">A EE Parque dos Sonhos \u00e9 hoje refer\u00eancia internacional em educa\u00e7\u00e3o transformadora, constru\u00edda sobre os pilares da cultura de paz, solidariedade e protagonismo estudantil. Situada em uma regi\u00e3o historicamente marcada pela exclus\u00e3o social, a escola transformou seu cotidiano em um espa\u00e7o de di\u00e1logo, empatia e a\u00e7\u00e3o coletiva.<\/p>\n<p align=\"justify\">Entre os projetos que marcaram a premia\u00e7\u00e3o da escola:<\/p>\n<p align=\"justify\">\u25cf\u200b Programas de esporte, arte e cultura, com a participa\u00e7\u00e3o ativa dos estudantes.\u200b<\/p>\n<p align=\"justify\">\u25cf\u200b Semana da N\u00e3o-Viol\u00eancia nas Escolas, celebrada anualmente na ocasi\u00e3o do anivers\u00e1rio de Mahatma Gandhi, mobilizando estudantes, fam\u00edlias e a comunidade local;\u200b<\/p>\n<p align=\"justify\">\u25cf\u200b Pedagogia do Novo Humanismo, corrente que valoriza o desenvolvimento integral do ser humano, reconhecendo sua dignidade, liberdade e capacidade de transforma\u00e7\u00e3o;\u200b<\/p>\n<p align=\"justify\">\u25cf\u200b Iniciativas de media\u00e7\u00e3o de conflitos e escuta ativa, que reduziram significativamente os \u00edndices de viol\u00eancia escolar na comunidade;<\/p>\n<p align=\"justify\">\u200b<\/p>\n<p align=\"justify\">A escola tamb\u00e9m se destacou por unir a educa\u00e7\u00e3o formal com atividades extracurriculares que fortalecem a autoestima dos jovens. O esporte, especialmente a patina\u00e7\u00e3o e o voleibol, tornou-se um dos pilares de inclus\u00e3o e conviv\u00eancia saud\u00e1vel, aproximando os alunos de pr\u00e1ticas coletivas que desenvolvem disciplina, solidariedade e confian\u00e7a m\u00fatua. Esses projetos esportivos, conduzidos em di\u00e1logo com a comunidade, contribu\u00edram diretamente para o sentimento de pertencimento e reduziram casos de evas\u00e3o escolar.<\/p>\n<p align=\"justify\">Outro eixo inovador \u00e9 o jornal escolar produzido pelos alunos, que se tornou um espa\u00e7o de express\u00e3o livre e democr\u00e1tica. Nele, estudantes relatam suas experi\u00eancias, denunciam situa\u00e7\u00f5es de exclus\u00e3o e celebram conquistas, aprendendo desde cedo o valor da comunica\u00e7\u00e3o respons\u00e1vel e da liberdade de express\u00e3o como instrumentos de cidadania ativa.<\/p>\n<p align=\"justify\"><b>A trajet\u00f3ria humanista do Diretor R\u00e9gis Marques Ribeiro<\/b><\/p>\n<p align=\"justify\">\u00c0 frente da institui\u00e7\u00e3o est\u00e1 o professor de hist\u00f3ria R\u00e9gis Marques Ribeiro, educador popular, ativista humanista e defensor dos direitos humanos. Formado em Hist\u00f3ria pela Unesp de Assis e p\u00f3s-graduado em Educa\u00e7\u00e3o para a N\u00e3o-Viol\u00eancia, R\u00e9gis acumula 20 anos de dedica\u00e7\u00e3o \u00e0 educa\u00e7\u00e3o p\u00fablica. Sua jornada teve in\u00edcio no movimento estudantil, coordenando cursinhos pr\u00e9-vestibulares humanistas com professores volunt\u00e1rios em bairros perif\u00e9ricos de S\u00e3o Paulo e na cidade de Assis, experi\u00eancias fundamentais para milhares de jovens da primeira gera\u00e7\u00e3o de suas fam\u00edlias a chegar ao ensino superior. Esses cursinhos, vinculados ao Instituto da N\u00e3o-Viol\u00eancia, tornaram-se um verdadeiro laborat\u00f3rio de pr\u00e1ticas pedag\u00f3gicas humanistas, baseadas no di\u00e1logo e na coopera\u00e7\u00e3o, em contraste com o modelo competitivo tradicional.<\/p>\n<p align=\"justify\">Membro do Movimento Humanista Internacional, R\u00e9gis \u00e9 tamb\u00e9m um dos fundadores do QuatroV, ve\u00edculo de m\u00eddia independente criado para dar voz a movimentos sociais invisibilizados pela m\u00eddia tradicional. Foi coautor do Manual de Defesa contra a Censura nas Escolas, refer\u00eancia para educadores em tempos de ataques \u00e0 liberdade de ensinar. Sua atua\u00e7\u00e3o n\u00e3o se limita ao Brasil. Em 2013, ap\u00f3s viajar para a inaugura\u00e7\u00e3o do Parque de Estudo e Reflex\u00e3o Marracuene em Mo\u00e7ambique, R\u00e9gis realizou uma pesquisa de campo em Joanesburgo, explorando os caminhos percorridos por Nelson Mandela na luta contra o apartheid. Essas experi\u00eancias refor\u00e7aram sua convic\u00e7\u00e3o de que a educa\u00e7\u00e3o \u00e9, antes de tudo, um ato de liberta\u00e7\u00e3o.<\/p>\n<p align=\"justify\"><b>Um pr\u00eamio que ecoa al\u00e9m da escola<\/b><\/p>\n<p align=\"justify\">O reconhecimento internacional da EE Parque dos Sonhos n\u00e3o \u00e9 apenas uma vit\u00f3ria da comunidade escolar de Cubat\u00e3o, mas um s\u00edmbolo de esperan\u00e7a para escolas p\u00fablicas em todo o mundo. Em tempos de crises sociais e educacionais, o pr\u00eamio reafirma que \u00e9 poss\u00edvel superar adversidades quando a educa\u00e7\u00e3o se fundamenta na dignidade humana, na solidariedade e na n\u00e3o-viol\u00eancia. A premia\u00e7\u00e3o tamb\u00e9m reconhece o esfor\u00e7o de toda a equipe pedag\u00f3gica e dos estudantes que acreditam no poder transformador da educa\u00e7\u00e3o. Projetos coletivos de esporte, comunica\u00e7\u00e3o estudantil e pr\u00e1ticas comunit\u00e1rias s\u00e3o provas concretas de que uma escola p\u00fablica, quando orientada por valores humanistas, pode ser o cora\u00e7\u00e3o pulsante da transforma\u00e7\u00e3o social.<\/p>\n<p align=\"justify\">\u201c<em>Acreditamos em uma educa\u00e7\u00e3o que n\u00e3o apenas transmite conhecimento, mas que desperta consci\u00eancia, fortalece v\u00ednculos comunit\u00e1rios e promove a paz. Este pr\u00eamio pertence a cada estudante, professor e fam\u00edlia que constr\u00f3i diariamente o Parque dos Sonhos. \u00c9 tamb\u00e9m um tributo a Silo, cuja filosofia humanista inspira nossa caminhada.<\/em>\u201d\u00a0\u2013 <i>R\u00e9gis Marques Ribeiro, Diretor da EE Parque dos Sonhos<\/i><\/p>\n<p align=\"justify\"><img loading=\"lazy\" decoding=\"async\" class=\"alignnone size-full wp-image-2644563\" src=\"https:\/\/www.pressenza.com\/wp-content\/uploads\/2025\/10\/images-1.jpeg\" alt=\"\" width=\"225\" height=\"225\" srcset=\"https:\/\/www.pressenza.com\/wp-content\/uploads\/2025\/10\/images-1.jpeg 225w, https:\/\/www.pressenza.com\/wp-content\/uploads\/2025\/10\/images-1-150x150.jpeg 150w\" sizes=\"auto, (max-width: 225px) 100vw, 225px\" \/><\/p>\n<p align=\"justify\">\u200b\u200b<b>As portas que falam: grafites na EE Parque dos Sonhos<\/b><\/p>\n<p align=\"justify\">Um dos s\u00edmbolos mais marcantes da identidade da Escola Estadual Parque dos Sonhos \u00e9 a galeria de grafites que ocupa as portas de cada sala de aula. Mais do que arte, esses murais s\u00e3o um convite di\u00e1rio ao di\u00e1logo entre gera\u00e7\u00f5es e culturas. Cada porta homenageia uma lideran\u00e7a humanista, ativista social ou defensora da liberdade, criando um corredor de inspira\u00e7\u00e3o para os estudantes:<\/p>\n<p align=\"justify\">\u25cf\u200b Malala Yousafzai \u2013 S\u00edmbolo global da luta pelo direito das meninas \u00e0 educa\u00e7\u00e3o.\u200b<\/p>\n<p align=\"justify\">\u25cf\u200b Silo (Mario Rodr\u00edguez Cobos) \u2013 Fil\u00f3sofo argentino, fundador do Novo Humanismo e inspirador da pedagogia da escola.\u200b<\/p>\n<p align=\"justify\">\u25cf\u200b Marielle Franco \u2013 Soci\u00f3loga, vereadora do Rio de Janeiro e defensora dos direitos humanos, silenciada pela viol\u00eancia pol\u00edtica.\u200b<\/p>\n<p align=\"justify\">\u25cf\u200b Paulo Freire \u2013 Educador e patrono da Educa\u00e7\u00e3o Brasileira, conhecido por sua pedagogia humanizadora e pelo livro Pedagogia do Oprimido. Defendia uma educa\u00e7\u00e3o cr\u00edtica, dial\u00f3gica e focada na autonomia do aluno.<\/p>\n<p align=\"justify\">\u25cf\u200b Liev Tolst\u00f3i &#8211; Escritor e pensador crist\u00e3o pacifista, autor de obras como Guerra e Paz e Anna Kari\u00eanina. Nos \u00faltimos anos de vida, dedicou-se \u00e0 literatura, \u00e0 educa\u00e7\u00e3o popular e \u00e0 n\u00e3o viol\u00eancia.<\/p>\n<p align=\"justify\">\u25cf\u200b Jos\u00e9 \u201cPepe\u201d Mujica \u2013 Ex-presidente do Uruguai, refer\u00eancia mundial de simplicidade, solidariedade e democracia participativa.\u200b<\/p>\n<p align=\"justify\">\u25cf\u200b Mahatma Gandhi \u2013 Inspirador da resist\u00eancia n\u00e3o-violenta contra o colonialismo brit\u00e2nico e contra o sistema de castas indiano.\u200b<\/p>\n<p align=\"justify\">\u25cf\u200b Nelson Mandela \u2013 L\u00edder da luta contra o apartheid, s\u00edmbolo da reconcilia\u00e7\u00e3o e da justi\u00e7a racial.\u200b<\/p>\n<p align=\"justify\">\u25cf\u200b Martin Luther King Jr. \u2013 Voz da igualdade racial e da luta pelos direitos civis nos Estados Unidos.\u200b<\/p>\n<p align=\"justify\">\u25cf\u200b Rosa Parks \u2013 \u00cdcone da resist\u00eancia pac\u00edfica contra a segrega\u00e7\u00e3o racial.\u200b<\/p>\n<p align=\"justify\">\u25cf\u200b Carmen Hertz \u2013 Advogada chilena e refer\u00eancia na defesa dos direitos humanos durante e ap\u00f3s a ditadura.\u200b\u25cf\u200b Milagro Sala \u2013 Ativista social argentina, defensora dos povos origin\u00e1rios e das cooperativas populares.\u200b<\/p>\n<p align=\"justify\">\u25cf\u200b Aung San Suu Kyi \u2013 Pr\u00eamio Nobel da Paz e s\u00edmbolo da resist\u00eancia democr\u00e1tica em Mianmar.<\/p>\n<p align=\"justify\">Esses grafites fazem parte da proposta pedag\u00f3gica de transformar os corredores escolares em espa\u00e7os de mem\u00f3ria ativa, onde cada estudante \u00e9 diariamente convidado a dialogar com as hist\u00f3rias daqueles e daquelas que, em diferentes tempos e lugares, lutaram por dignidade, justi\u00e7a social e n\u00e3o-viol\u00eancia.<\/p>\n<p align=\"justify\"><b>Um legado coletivo: agradecimento a Silo, a Gandhi e a Luther King Jr.<\/b><\/p>\n<p align=\"justify\">O pr\u00eamio recebido pela EE Parque dos Sonhos \u00e9 dedicado a todos os que, diariamente, constroem a possibilidade de uma educa\u00e7\u00e3o libertadora em meio \u00e0s dificuldades. Mas, acima de tudo, \u00e9 um gesto de profundo agradecimento ao pensador humanista Silo, o \u201cS\u00e1bio dos Andes\u201d, cuja vis\u00e3o de um mundo n\u00e3o-violento segue iluminando pr\u00e1ticas pedag\u00f3gicas e sociais em diversas culturas. \u200b<\/p>\n<p align=\"justify\">\u200b<\/p>\n<p align=\"justify\">Segundo a concep\u00e7\u00e3o do Novo Humanismo, um estudante n\u00e3o \u00e9 uma formiga nem uma simples engrenagem moldada para o trabalho. Pelo contr\u00e1rio, cada aluna e cada aluno representa o futuro da humanidade e carrega dentro de si um universo inteiro \u2014 feito de hist\u00f3rias, sonhos e can\u00e7\u00f5es. Cabe \u00e0 educa\u00e7\u00e3o criar espa\u00e7os pedag\u00f3gicos vivos e acolhedores, capazes de permitir que esse universo flores\u00e7a, para que cada ser humano possa realizar sua voca\u00e7\u00e3o mais profunda.<\/p>\n<p align=\"justify\">Silo, Gandhi e Luther King ensinaram que \u201ca verdadeira revolu\u00e7\u00e3o \u00e9 a da consci\u00eancia\u201d, e \u00e9 exatamente essa convic\u00e7\u00e3o que orienta o trabalho da escola em Cubat\u00e3o. Do esporte ao jornal estudantil, das aulas regulares \u00e0s semanas de reflex\u00e3o sobre a paz e a n\u00e3o-viol\u00eancia ativa, cada iniciativa busca encarnar o princ\u00edpio de que a educa\u00e7\u00e3o s\u00f3 \u00e9 plena quando respeita a dignidade do ser humano, trabalhando de maneira integral o intelecto, a emo\u00e7\u00e3o e a motricidade do estudante, reconhecendo nele a sua capacidade infinita de transforma\u00e7\u00e3o.<\/p>\n<p align=\"justify\"><img loading=\"lazy\" decoding=\"async\" class=\"alignnone size-full wp-image-2644564\" src=\"https:\/\/www.pressenza.com\/wp-content\/uploads\/2025\/10\/images2.jpeg\" alt=\"\" width=\"300\" height=\"168\" \/><\/p>\n<p align=\"justify\">\ud83d\udccc <b>Contato para imprensa<\/b>\u200b<\/p>\n<p align=\"justify\">Dire\u00e7\u00e3o da EE Parque dos Sonhos\u200b<\/p>\n<p align=\"justify\">E-mail: regis1706@gmail.com\u200b<\/p>\n<p align=\"justify\">Telefone: +55 (13) 99803-2541<\/p>\n","protected":false},"excerpt":{"rendered":"<p>Cubat\u00e3o, Brasil \u2013 1o de outubro de 2025 \u2013 A Escola Estadual Parque dos Sonhos, localizada no Bols\u00e3o 9 de Cubat\u00e3o, litoral de S\u00e3o Paulo, acaba de receber o Pr\u00eamio Internacional de Melhor Escola do Mundo 2025, na categoria \u201cSuperando&hellip;<\/p>\n","protected":false},"author":44,"featured_media":2644562,"comment_status":"closed","ping_status":"closed","sticky":false,"template":"","format":"standard","meta":{"footnotes":""},"categories":[104,11390,116,1255,1252,46981,153,107669,111],"tags":[94780,2744,34053,67941,6254,25955,9964],"class_list":["post-2644561","post","type-post","status-publish","format-standard","has-post-thumbnail","hentry","category-america-do-sul","category-conteudo-original","category-direitos-humanos","category-diversidade","category-educacao","category-jovens","category-nota-de-imprensa","category-noticia-pt-pt","category-politica-pt-pt","tag-acesso-a-educacao","tag-brasil","tag-cubatao","tag-desafios-educacionais","tag-educacao-2","tag-educacao-de-qualidade","tag-novo-humanismo"],"yoast_head":"<!-- This site is optimized with the Yoast SEO plugin v27.1.1 - https:\/\/yoast.com\/product\/yoast-seo-wordpress\/ -->\n<title>Inspirada no Humanismo, a Escola Estadual Parque dos Sonhos, em Cubat\u00e3o (SP), \u00e9 reconhecida como a melhor escola do mundo em 2025<\/title>\n<meta name=\"description\" content=\"Cubat\u00e3o, Brasil \u2013 1o de outubro de 2025 \u2013 A Escola Estadual Parque dos Sonhos, localizada no Bols\u00e3o 9 de Cubat\u00e3o, litoral de S\u00e3o Paulo, acaba de receber o\" \/>\n<meta name=\"robots\" content=\"index, follow, max-snippet:-1, max-image-preview:large, max-video-preview:-1\" \/>\n<link rel=\"canonical\" href=\"https:\/\/www.pressenza.com\/pt-pt\/2025\/10\/inspirada-no-humanismo-a-escola-estadual-parque-dos-sonhos-em-cubatao-sp-e-reconhecida-como-a-melhor-escola-do-mundo-em-2025\/\" \/>\n<meta property=\"og:locale\" content=\"pt_PT\" \/>\n<meta property=\"og:type\" content=\"article\" \/>\n<meta property=\"og:title\" content=\"Inspirada no Humanismo, a Escola Estadual Parque dos Sonhos, em Cubat\u00e3o (SP), \u00e9 reconhecida como a melhor escola do mundo em 2025\" \/>\n<meta property=\"og:description\" content=\"Cubat\u00e3o, Brasil \u2013 1o de outubro de 2025 \u2013 A Escola Estadual Parque dos Sonhos, localizada no Bols\u00e3o 9 de Cubat\u00e3o, litoral de S\u00e3o Paulo, acaba de receber o\" \/>\n<meta property=\"og:url\" content=\"https:\/\/www.pressenza.com\/pt-pt\/2025\/10\/inspirada-no-humanismo-a-escola-estadual-parque-dos-sonhos-em-cubatao-sp-e-reconhecida-como-a-melhor-escola-do-mundo-em-2025\/\" \/>\n<meta property=\"og:site_name\" content=\"Pressenza\" \/>\n<meta property=\"article:publisher\" content=\"https:\/\/www.facebook.com\/PressenzaItalia\" \/>\n<meta property=\"article:author\" content=\"https:\/\/www.facebook.com\/PressenzaPortugues\" \/>\n<meta property=\"article:published_time\" content=\"2025-10-12T21:50:26+00:00\" \/>\n<meta property=\"article:modified_time\" content=\"2025-10-12T21:54:19+00:00\" \/>\n<meta property=\"og:image\" content=\"https:\/\/www.pressenza.com\/wp-content\/uploads\/2025\/10\/WhatsApp-Image-2025-06-18-at-15.03.26-1024x684-1.jpeg\" \/>\n\t<meta property=\"og:image:width\" content=\"1024\" \/>\n\t<meta property=\"og:image:height\" content=\"684\" \/>\n\t<meta property=\"og:image:type\" content=\"image\/jpeg\" \/>\n<meta name=\"author\" content=\"Reda\u00e7\u00e3o S\u00e3o Paulo\" \/>\n<meta name=\"twitter:card\" content=\"summary_large_image\" \/>\n<meta name=\"twitter:creator\" content=\"@pressenza_pt\" \/>\n<meta name=\"twitter:site\" content=\"@PressenzaIPA\" \/>\n<meta name=\"twitter:label1\" content=\"Escrito por\" \/>\n\t<meta name=\"twitter:data1\" content=\"Reda\u00e7\u00e3o S\u00e3o Paulo\" \/>\n\t<meta name=\"twitter:label2\" content=\"Tempo estimado de leitura\" \/>\n\t<meta name=\"twitter:data2\" content=\"9 minutos\" \/>\n<script type=\"application\/ld+json\" class=\"yoast-schema-graph\">{\"@context\":\"https:\/\/schema.org\",\"@graph\":[{\"@type\":\"Article\",\"@id\":\"https:\/\/www.pressenza.com\/pt-pt\/2025\/10\/inspirada-no-humanismo-a-escola-estadual-parque-dos-sonhos-em-cubatao-sp-e-reconhecida-como-a-melhor-escola-do-mundo-em-2025\/#article\",\"isPartOf\":{\"@id\":\"https:\/\/www.pressenza.com\/pt-pt\/2025\/10\/inspirada-no-humanismo-a-escola-estadual-parque-dos-sonhos-em-cubatao-sp-e-reconhecida-como-a-melhor-escola-do-mundo-em-2025\/\"},\"author\":{\"name\":\"Reda\u00e7\u00e3o S\u00e3o Paulo\",\"@id\":\"https:\/\/www.pressenza.com\/pt-pt\/#\/schema\/person\/d171826afb7693cfc394da95892bfd93\"},\"headline\":\"Inspirada no Humanismo, a Escola Estadual Parque dos Sonhos, em Cubat\u00e3o (SP), \u00e9 reconhecida como a melhor escola do mundo em 2025\",\"datePublished\":\"2025-10-12T21:50:26+00:00\",\"dateModified\":\"2025-10-12T21:54:19+00:00\",\"mainEntityOfPage\":{\"@id\":\"https:\/\/www.pressenza.com\/pt-pt\/2025\/10\/inspirada-no-humanismo-a-escola-estadual-parque-dos-sonhos-em-cubatao-sp-e-reconhecida-como-a-melhor-escola-do-mundo-em-2025\/\"},\"wordCount\":1562,\"publisher\":{\"@id\":\"https:\/\/www.pressenza.com\/pt-pt\/#organization\"},\"image\":{\"@id\":\"https:\/\/www.pressenza.com\/pt-pt\/2025\/10\/inspirada-no-humanismo-a-escola-estadual-parque-dos-sonhos-em-cubatao-sp-e-reconhecida-como-a-melhor-escola-do-mundo-em-2025\/#primaryimage\"},\"thumbnailUrl\":\"https:\/\/www.pressenza.com\/wp-content\/uploads\/2025\/10\/WhatsApp-Image-2025-06-18-at-15.03.26-1024x684-1.jpeg\",\"keywords\":[\"acesso a educa\u00e7\u00e3o\",\"Brasil\",\"Cubat\u00e3o\",\"Desafios Educacionais\",\"educa\u00e7\u00e3o\",\"educa\u00e7\u00e3o de qualidade\",\"novo humanismo\"],\"articleSection\":[\"\u00c1m\u00e9rica do Sul\",\"Conte\u00fado Original\",\"Direitos Humanos\",\"Diversidade\",\"Educa\u00e7\u00e3o\",\"Jovens\",\"Nota de imprensa\",\"Not\u00edcia\",\"Pol\u00edtica\"],\"inLanguage\":\"pt-PT\"},{\"@type\":\"WebPage\",\"@id\":\"https:\/\/www.pressenza.com\/pt-pt\/2025\/10\/inspirada-no-humanismo-a-escola-estadual-parque-dos-sonhos-em-cubatao-sp-e-reconhecida-como-a-melhor-escola-do-mundo-em-2025\/\",\"url\":\"https:\/\/www.pressenza.com\/pt-pt\/2025\/10\/inspirada-no-humanismo-a-escola-estadual-parque-dos-sonhos-em-cubatao-sp-e-reconhecida-como-a-melhor-escola-do-mundo-em-2025\/\",\"name\":\"Inspirada no Humanismo, a Escola Estadual Parque dos Sonhos, em Cubat\u00e3o (SP), \u00e9 reconhecida como a melhor escola do mundo em 2025\",\"isPartOf\":{\"@id\":\"https:\/\/www.pressenza.com\/pt-pt\/#website\"},\"primaryImageOfPage\":{\"@id\":\"https:\/\/www.pressenza.com\/pt-pt\/2025\/10\/inspirada-no-humanismo-a-escola-estadual-parque-dos-sonhos-em-cubatao-sp-e-reconhecida-como-a-melhor-escola-do-mundo-em-2025\/#primaryimage\"},\"image\":{\"@id\":\"https:\/\/www.pressenza.com\/pt-pt\/2025\/10\/inspirada-no-humanismo-a-escola-estadual-parque-dos-sonhos-em-cubatao-sp-e-reconhecida-como-a-melhor-escola-do-mundo-em-2025\/#primaryimage\"},\"thumbnailUrl\":\"https:\/\/www.pressenza.com\/wp-content\/uploads\/2025\/10\/WhatsApp-Image-2025-06-18-at-15.03.26-1024x684-1.jpeg\",\"datePublished\":\"2025-10-12T21:50:26+00:00\",\"dateModified\":\"2025-10-12T21:54:19+00:00\",\"description\":\"Cubat\u00e3o, Brasil \u2013 1o de outubro de 2025 \u2013 A Escola Estadual Parque dos Sonhos, localizada no Bols\u00e3o 9 de Cubat\u00e3o, litoral de S\u00e3o Paulo, acaba de receber o\",\"breadcrumb\":{\"@id\":\"https:\/\/www.pressenza.com\/pt-pt\/2025\/10\/inspirada-no-humanismo-a-escola-estadual-parque-dos-sonhos-em-cubatao-sp-e-reconhecida-como-a-melhor-escola-do-mundo-em-2025\/#breadcrumb\"},\"inLanguage\":\"pt-PT\",\"potentialAction\":[{\"@type\":\"ReadAction\",\"target\":[\"https:\/\/www.pressenza.com\/pt-pt\/2025\/10\/inspirada-no-humanismo-a-escola-estadual-parque-dos-sonhos-em-cubatao-sp-e-reconhecida-como-a-melhor-escola-do-mundo-em-2025\/\"]}]},{\"@type\":\"ImageObject\",\"inLanguage\":\"pt-PT\",\"@id\":\"https:\/\/www.pressenza.com\/pt-pt\/2025\/10\/inspirada-no-humanismo-a-escola-estadual-parque-dos-sonhos-em-cubatao-sp-e-reconhecida-como-a-melhor-escola-do-mundo-em-2025\/#primaryimage\",\"url\":\"https:\/\/www.pressenza.com\/wp-content\/uploads\/2025\/10\/WhatsApp-Image-2025-06-18-at-15.03.26-1024x684-1.jpeg\",\"contentUrl\":\"https:\/\/www.pressenza.com\/wp-content\/uploads\/2025\/10\/WhatsApp-Image-2025-06-18-at-15.03.26-1024x684-1.jpeg\",\"width\":1024,\"height\":684,\"caption\":\"S\u00e3o Paulo f\u00fchrt Woche der Gewaltfreiheit an Schulen ein\"},{\"@type\":\"BreadcrumbList\",\"@id\":\"https:\/\/www.pressenza.com\/pt-pt\/2025\/10\/inspirada-no-humanismo-a-escola-estadual-parque-dos-sonhos-em-cubatao-sp-e-reconhecida-como-a-melhor-escola-do-mundo-em-2025\/#breadcrumb\",\"itemListElement\":[{\"@type\":\"ListItem\",\"position\":1,\"name\":\"Accueil\",\"item\":\"https:\/\/www.pressenza.com\/pt-pt\/\"},{\"@type\":\"ListItem\",\"position\":2,\"name\":\"Inspirada no Humanismo, a Escola Estadual Parque dos Sonhos, em Cubat\u00e3o (SP), \u00e9 reconhecida como a melhor escola do mundo em 2025\"}]},{\"@type\":\"WebSite\",\"@id\":\"https:\/\/www.pressenza.com\/pt-pt\/#website\",\"url\":\"https:\/\/www.pressenza.com\/pt-pt\/\",\"name\":\"Pressenza\",\"description\":\"International Press Agency\",\"publisher\":{\"@id\":\"https:\/\/www.pressenza.com\/pt-pt\/#organization\"},\"potentialAction\":[{\"@type\":\"SearchAction\",\"target\":{\"@type\":\"EntryPoint\",\"urlTemplate\":\"https:\/\/www.pressenza.com\/pt-pt\/?s={search_term_string}\"},\"query-input\":{\"@type\":\"PropertyValueSpecification\",\"valueRequired\":true,\"valueName\":\"search_term_string\"}}],\"inLanguage\":\"pt-PT\"},{\"@type\":\"Organization\",\"@id\":\"https:\/\/www.pressenza.com\/pt-pt\/#organization\",\"name\":\"Pressenza\",\"url\":\"https:\/\/www.pressenza.com\/pt-pt\/\",\"logo\":{\"@type\":\"ImageObject\",\"inLanguage\":\"pt-PT\",\"@id\":\"https:\/\/www.pressenza.com\/pt-pt\/#\/schema\/logo\/image\/\",\"url\":\"https:\/\/www.pressenza.com\/wp-content\/uploads\/2022\/10\/pressenza_logo_200x200.jpg\",\"contentUrl\":\"https:\/\/www.pressenza.com\/wp-content\/uploads\/2022\/10\/pressenza_logo_200x200.jpg\",\"width\":200,\"height\":200,\"caption\":\"Pressenza\"},\"image\":{\"@id\":\"https:\/\/www.pressenza.com\/pt-pt\/#\/schema\/logo\/image\/\"},\"sameAs\":[\"https:\/\/www.facebook.com\/PressenzaItalia\",\"https:\/\/x.com\/PressenzaIPA\"]},{\"@type\":\"Person\",\"@id\":\"https:\/\/www.pressenza.com\/pt-pt\/#\/schema\/person\/d171826afb7693cfc394da95892bfd93\",\"name\":\"Reda\u00e7\u00e3o S\u00e3o Paulo\",\"description\":\"News from the Pressenza bureau in Sao Paulo, Brazil\",\"sameAs\":[\"https:\/\/www.facebook.com\/PressenzaPortugues\",\"https:\/\/x.com\/pressenza_pt\"],\"url\":\"https:\/\/www.pressenza.com\/pt-pt\/author\/redaccao-sao-paulo\/\"}]}<\/script>\n<!-- \/ Yoast SEO plugin. -->","yoast_head_json":{"title":"Inspirada no Humanismo, a Escola Estadual Parque dos Sonhos, em Cubat\u00e3o (SP), \u00e9 reconhecida como a melhor escola do mundo em 2025","description":"Cubat\u00e3o, Brasil \u2013 1o de outubro de 2025 \u2013 A Escola Estadual Parque dos Sonhos, localizada no Bols\u00e3o 9 de Cubat\u00e3o, litoral de S\u00e3o Paulo, acaba de receber o","robots":{"index":"index","follow":"follow","max-snippet":"max-snippet:-1","max-image-preview":"max-image-preview:large","max-video-preview":"max-video-preview:-1"},"canonical":"https:\/\/www.pressenza.com\/pt-pt\/2025\/10\/inspirada-no-humanismo-a-escola-estadual-parque-dos-sonhos-em-cubatao-sp-e-reconhecida-como-a-melhor-escola-do-mundo-em-2025\/","og_locale":"pt_PT","og_type":"article","og_title":"Inspirada no Humanismo, a Escola Estadual Parque dos Sonhos, em Cubat\u00e3o (SP), \u00e9 reconhecida como a melhor escola do mundo em 2025","og_description":"Cubat\u00e3o, Brasil \u2013 1o de outubro de 2025 \u2013 A Escola Estadual Parque dos Sonhos, localizada no Bols\u00e3o 9 de Cubat\u00e3o, litoral de S\u00e3o Paulo, acaba de receber o","og_url":"https:\/\/www.pressenza.com\/pt-pt\/2025\/10\/inspirada-no-humanismo-a-escola-estadual-parque-dos-sonhos-em-cubatao-sp-e-reconhecida-como-a-melhor-escola-do-mundo-em-2025\/","og_site_name":"Pressenza","article_publisher":"https:\/\/www.facebook.com\/PressenzaItalia","article_author":"https:\/\/www.facebook.com\/PressenzaPortugues","article_published_time":"2025-10-12T21:50:26+00:00","article_modified_time":"2025-10-12T21:54:19+00:00","og_image":[{"width":1024,"height":684,"url":"https:\/\/www.pressenza.com\/wp-content\/uploads\/2025\/10\/WhatsApp-Image-2025-06-18-at-15.03.26-1024x684-1.jpeg","type":"image\/jpeg"}],"author":"Reda\u00e7\u00e3o S\u00e3o Paulo","twitter_card":"summary_large_image","twitter_creator":"@pressenza_pt","twitter_site":"@PressenzaIPA","twitter_misc":{"Escrito por":"Reda\u00e7\u00e3o S\u00e3o Paulo","Tempo estimado de leitura":"9 minutos"},"schema":{"@context":"https:\/\/schema.org","@graph":[{"@type":"Article","@id":"https:\/\/www.pressenza.com\/pt-pt\/2025\/10\/inspirada-no-humanismo-a-escola-estadual-parque-dos-sonhos-em-cubatao-sp-e-reconhecida-como-a-melhor-escola-do-mundo-em-2025\/#article","isPartOf":{"@id":"https:\/\/www.pressenza.com\/pt-pt\/2025\/10\/inspirada-no-humanismo-a-escola-estadual-parque-dos-sonhos-em-cubatao-sp-e-reconhecida-como-a-melhor-escola-do-mundo-em-2025\/"},"author":{"name":"Reda\u00e7\u00e3o S\u00e3o Paulo","@id":"https:\/\/www.pressenza.com\/pt-pt\/#\/schema\/person\/d171826afb7693cfc394da95892bfd93"},"headline":"Inspirada no Humanismo, a Escola Estadual Parque dos Sonhos, em Cubat\u00e3o (SP), \u00e9 reconhecida como a melhor escola do mundo em 2025","datePublished":"2025-10-12T21:50:26+00:00","dateModified":"2025-10-12T21:54:19+00:00","mainEntityOfPage":{"@id":"https:\/\/www.pressenza.com\/pt-pt\/2025\/10\/inspirada-no-humanismo-a-escola-estadual-parque-dos-sonhos-em-cubatao-sp-e-reconhecida-como-a-melhor-escola-do-mundo-em-2025\/"},"wordCount":1562,"publisher":{"@id":"https:\/\/www.pressenza.com\/pt-pt\/#organization"},"image":{"@id":"https:\/\/www.pressenza.com\/pt-pt\/2025\/10\/inspirada-no-humanismo-a-escola-estadual-parque-dos-sonhos-em-cubatao-sp-e-reconhecida-como-a-melhor-escola-do-mundo-em-2025\/#primaryimage"},"thumbnailUrl":"https:\/\/www.pressenza.com\/wp-content\/uploads\/2025\/10\/WhatsApp-Image-2025-06-18-at-15.03.26-1024x684-1.jpeg","keywords":["acesso a educa\u00e7\u00e3o","Brasil","Cubat\u00e3o","Desafios Educacionais","educa\u00e7\u00e3o","educa\u00e7\u00e3o de qualidade","novo humanismo"],"articleSection":["\u00c1m\u00e9rica do Sul","Conte\u00fado Original","Direitos Humanos","Diversidade","Educa\u00e7\u00e3o","Jovens","Nota de imprensa","Not\u00edcia","Pol\u00edtica"],"inLanguage":"pt-PT"},{"@type":"WebPage","@id":"https:\/\/www.pressenza.com\/pt-pt\/2025\/10\/inspirada-no-humanismo-a-escola-estadual-parque-dos-sonhos-em-cubatao-sp-e-reconhecida-como-a-melhor-escola-do-mundo-em-2025\/","url":"https:\/\/www.pressenza.com\/pt-pt\/2025\/10\/inspirada-no-humanismo-a-escola-estadual-parque-dos-sonhos-em-cubatao-sp-e-reconhecida-como-a-melhor-escola-do-mundo-em-2025\/","name":"Inspirada no Humanismo, a Escola Estadual Parque dos Sonhos, em Cubat\u00e3o (SP), \u00e9 reconhecida como a melhor escola do mundo em 2025","isPartOf":{"@id":"https:\/\/www.pressenza.com\/pt-pt\/#website"},"primaryImageOfPage":{"@id":"https:\/\/www.pressenza.com\/pt-pt\/2025\/10\/inspirada-no-humanismo-a-escola-estadual-parque-dos-sonhos-em-cubatao-sp-e-reconhecida-como-a-melhor-escola-do-mundo-em-2025\/#primaryimage"},"image":{"@id":"https:\/\/www.pressenza.com\/pt-pt\/2025\/10\/inspirada-no-humanismo-a-escola-estadual-parque-dos-sonhos-em-cubatao-sp-e-reconhecida-como-a-melhor-escola-do-mundo-em-2025\/#primaryimage"},"thumbnailUrl":"https:\/\/www.pressenza.com\/wp-content\/uploads\/2025\/10\/WhatsApp-Image-2025-06-18-at-15.03.26-1024x684-1.jpeg","datePublished":"2025-10-12T21:50:26+00:00","dateModified":"2025-10-12T21:54:19+00:00","description":"Cubat\u00e3o, Brasil \u2013 1o de outubro de 2025 \u2013 A Escola Estadual Parque dos Sonhos, localizada no Bols\u00e3o 9 de Cubat\u00e3o, litoral de S\u00e3o Paulo, acaba de receber o","breadcrumb":{"@id":"https:\/\/www.pressenza.com\/pt-pt\/2025\/10\/inspirada-no-humanismo-a-escola-estadual-parque-dos-sonhos-em-cubatao-sp-e-reconhecida-como-a-melhor-escola-do-mundo-em-2025\/#breadcrumb"},"inLanguage":"pt-PT","potentialAction":[{"@type":"ReadAction","target":["https:\/\/www.pressenza.com\/pt-pt\/2025\/10\/inspirada-no-humanismo-a-escola-estadual-parque-dos-sonhos-em-cubatao-sp-e-reconhecida-como-a-melhor-escola-do-mundo-em-2025\/"]}]},{"@type":"ImageObject","inLanguage":"pt-PT","@id":"https:\/\/www.pressenza.com\/pt-pt\/2025\/10\/inspirada-no-humanismo-a-escola-estadual-parque-dos-sonhos-em-cubatao-sp-e-reconhecida-como-a-melhor-escola-do-mundo-em-2025\/#primaryimage","url":"https:\/\/www.pressenza.com\/wp-content\/uploads\/2025\/10\/WhatsApp-Image-2025-06-18-at-15.03.26-1024x684-1.jpeg","contentUrl":"https:\/\/www.pressenza.com\/wp-content\/uploads\/2025\/10\/WhatsApp-Image-2025-06-18-at-15.03.26-1024x684-1.jpeg","width":1024,"height":684,"caption":"S\u00e3o Paulo f\u00fchrt Woche der Gewaltfreiheit an Schulen ein"},{"@type":"BreadcrumbList","@id":"https:\/\/www.pressenza.com\/pt-pt\/2025\/10\/inspirada-no-humanismo-a-escola-estadual-parque-dos-sonhos-em-cubatao-sp-e-reconhecida-como-a-melhor-escola-do-mundo-em-2025\/#breadcrumb","itemListElement":[{"@type":"ListItem","position":1,"name":"Accueil","item":"https:\/\/www.pressenza.com\/pt-pt\/"},{"@type":"ListItem","position":2,"name":"Inspirada no Humanismo, a Escola Estadual Parque dos Sonhos, em Cubat\u00e3o (SP), \u00e9 reconhecida como a melhor escola do mundo em 2025"}]},{"@type":"WebSite","@id":"https:\/\/www.pressenza.com\/pt-pt\/#website","url":"https:\/\/www.pressenza.com\/pt-pt\/","name":"Pressenza","description":"International Press Agency","publisher":{"@id":"https:\/\/www.pressenza.com\/pt-pt\/#organization"},"potentialAction":[{"@type":"SearchAction","target":{"@type":"EntryPoint","urlTemplate":"https:\/\/www.pressenza.com\/pt-pt\/?s={search_term_string}"},"query-input":{"@type":"PropertyValueSpecification","valueRequired":true,"valueName":"search_term_string"}}],"inLanguage":"pt-PT"},{"@type":"Organization","@id":"https:\/\/www.pressenza.com\/pt-pt\/#organization","name":"Pressenza","url":"https:\/\/www.pressenza.com\/pt-pt\/","logo":{"@type":"ImageObject","inLanguage":"pt-PT","@id":"https:\/\/www.pressenza.com\/pt-pt\/#\/schema\/logo\/image\/","url":"https:\/\/www.pressenza.com\/wp-content\/uploads\/2022\/10\/pressenza_logo_200x200.jpg","contentUrl":"https:\/\/www.pressenza.com\/wp-content\/uploads\/2022\/10\/pressenza_logo_200x200.jpg","width":200,"height":200,"caption":"Pressenza"},"image":{"@id":"https:\/\/www.pressenza.com\/pt-pt\/#\/schema\/logo\/image\/"},"sameAs":["https:\/\/www.facebook.com\/PressenzaItalia","https:\/\/x.com\/PressenzaIPA"]},{"@type":"Person","@id":"https:\/\/www.pressenza.com\/pt-pt\/#\/schema\/person\/d171826afb7693cfc394da95892bfd93","name":"Reda\u00e7\u00e3o S\u00e3o Paulo","description":"News from the Pressenza bureau in Sao Paulo, Brazil","sameAs":["https:\/\/www.facebook.com\/PressenzaPortugues","https:\/\/x.com\/pressenza_pt"],"url":"https:\/\/www.pressenza.com\/pt-pt\/author\/redaccao-sao-paulo\/"}]}},"place":"","original_article_url":"","_links":{"self":[{"href":"https:\/\/www.pressenza.com\/pt-pt\/wp-json\/wp\/v2\/posts\/2644561","targetHints":{"allow":["GET"]}}],"collection":[{"href":"https:\/\/www.pressenza.com\/pt-pt\/wp-json\/wp\/v2\/posts"}],"about":[{"href":"https:\/\/www.pressenza.com\/pt-pt\/wp-json\/wp\/v2\/types\/post"}],"author":[{"embeddable":true,"href":"https:\/\/www.pressenza.com\/pt-pt\/wp-json\/wp\/v2\/users\/44"}],"replies":[{"embeddable":true,"href":"https:\/\/www.pressenza.com\/pt-pt\/wp-json\/wp\/v2\/comments?post=2644561"}],"version-history":[{"count":2,"href":"https:\/\/www.pressenza.com\/pt-pt\/wp-json\/wp\/v2\/posts\/2644561\/revisions"}],"predecessor-version":[{"id":2644566,"href":"https:\/\/www.pressenza.com\/pt-pt\/wp-json\/wp\/v2\/posts\/2644561\/revisions\/2644566"}],"wp:featuredmedia":[{"embeddable":true,"href":"https:\/\/www.pressenza.com\/pt-pt\/wp-json\/wp\/v2\/media\/2644562"}],"wp:attachment":[{"href":"https:\/\/www.pressenza.com\/pt-pt\/wp-json\/wp\/v2\/media?parent=2644561"}],"wp:term":[{"taxonomy":"category","embeddable":true,"href":"https:\/\/www.pressenza.com\/pt-pt\/wp-json\/wp\/v2\/categories?post=2644561"},{"taxonomy":"post_tag","embeddable":true,"href":"https:\/\/www.pressenza.com\/pt-pt\/wp-json\/wp\/v2\/tags?post=2644561"}],"curies":[{"name":"wp","href":"https:\/\/api.w.org\/{rel}","templated":true}]}}