{"id":2633134,"date":"2025-09-05T14:48:50","date_gmt":"2025-09-05T13:48:50","guid":{"rendered":"https:\/\/www.pressenza.com\/?p=2633134"},"modified":"2025-09-05T15:22:32","modified_gmt":"2025-09-05T14:22:32","slug":"um-movimento-global-que-nos-oferece-um-novo-imaginario-diario-de-bordo-da-global-sumud-flotilla-04-09-25-catania-manfredo-pavoni-gay","status":"publish","type":"post","link":"https:\/\/www.pressenza.com\/pt-pt\/2025\/09\/um-movimento-global-que-nos-oferece-um-novo-imaginario-diario-de-bordo-da-global-sumud-flotilla-04-09-25-catania-manfredo-pavoni-gay\/","title":{"rendered":"Um movimento global que nos oferece um novo imagin\u00e1rio. Di\u00e1rio de bordo da Global Sumud Flotilla  04.09.25 &#8211; Cat\u00e2nia &#8211; Manfredo Pavoni Gay"},"content":{"rendered":"<p align=\"justify\">Ontem foi um dia intenso, porque continuamos a trabalhar na arruma\u00e7\u00e3o dos barcos e na prepara\u00e7\u00e3o dos materiais fundamentais \u2013 as linhas de seguran\u00e7a para podermos nos prender e n\u00e3o cair no mar durante os turnos da noite. Havia tamb\u00e9m os tanques de \u00e1gua para limpar e a prepara\u00e7\u00e3o do rancho, ou seja, da comida que levaremos a bordo para pelo menos dez dias de navega\u00e7\u00e3o. Todas essas coisas est\u00e3o sendo feitas em poucos dias, mas que normalmente exigem muito mais tempo.<\/p>\n<p align=\"justify\">Ontem, tanto em Cat\u00e2nia como em Ragusa, houve enormes manifesta\u00e7\u00f5es \u2013 em Cat\u00e2nia havia 15.000 pessoas. Os militantes mais experientes com quem conversei me disseram que uma manifesta\u00e7\u00e3o t\u00e3o grande n\u00e3o se via h\u00e1 muito tempo e, sobretudo, n\u00e3o uma manifesta\u00e7\u00e3o t\u00e3o participada pela Palestina. Muitos grupos cantaram e houve conex\u00f5es online. Entre estas, Moni Ovadia nos disse que ficaria feliz em embarcar, mas devido \u00e0 idade teve de renunciar. De qualquer forma, pensar\u00e1 em n\u00f3s desde o momento em que acordar at\u00e9 a hora de dormir. Numa liga\u00e7\u00e3o com G\u00eanova pudemos sentir a solidariedade dos estivadores. Foi tamb\u00e9m anunciado que partir\u00e3o conosco para Gaza as eurodeputadas Benedetta Scuderi da Alian\u00e7a Verde Esquerda e Annalisa Corrado do PD, o deputado Arturo Scotto do PD e o senador do Movimento Cinco Estrelas Marco Croatti.<\/p>\n<p align=\"justify\">Giuseppe Conte e Elly Schlein pediram \u00e0 presidente Meloni que garanta a prote\u00e7\u00e3o diplom\u00e1tica aos homens e mulheres da flotilha, como fez o governo espanhol com os membros de cidadania espanhola.<\/p>\n<p align=\"justify\">A sensa\u00e7\u00e3o que tive participando da manifesta\u00e7\u00e3o, conversando com as pessoas e lendo os jornais mainstream, que dedicaram um enorme espa\u00e7o a esta iniciativa, \u00e9 que aquele sentimento de depress\u00e3o e de indiferen\u00e7a, aquele refluxo letal que nos acompanhou desde o fim do movimento No Global at\u00e9 a vit\u00f3ria, tr\u00eas anos atr\u00e1s, do governo de direita, est\u00e1 se desfazendo. \u00c9 como se esta iniciativa, talvez um pouco espontane\u00edsta e ut\u00f3pica, tivesse rompido a imobilidade destes \u00faltimos anos de guerra e reaberto a possibilidade de um imagin\u00e1rio, aquele que em 2001 cham\u00e1vamos de \u201cUm outro mundo \u00e9 poss\u00edvel.\u201d<\/p>\n","protected":false},"excerpt":{"rendered":"<p>Ontem foi um dia intenso, porque continuamos a trabalhar na arruma\u00e7\u00e3o dos barcos e na prepara\u00e7\u00e3o dos materiais fundamentais \u2013 as linhas de seguran\u00e7a para podermos nos prender e n\u00e3o cair no mar durante os turnos da noite. Havia tamb\u00e9m&hellip;<\/p>\n","protected":false},"author":2503,"featured_media":2633135,"comment_status":"closed","ping_status":"closed","sticky":false,"template":"","format":"standard","meta":{"footnotes":""},"categories":[11390,116,103,108,111],"tags":[],"class_list":["post-2633134","post","type-post","status-publish","format-standard","has-post-thumbnail","hentry","category-conteudo-original","category-direitos-humanos","category-europa-pt-pt","category-oriente-medio","category-politica-pt-pt"],"yoast_head":"<!-- This site is optimized with the Yoast SEO plugin v27.1.1 - https:\/\/yoast.com\/product\/yoast-seo-wordpress\/ -->\n<title>Um movimento global que nos oferece um novo imagin\u00e1rio. Di\u00e1rio de bordo da Global Sumud Flotilla 04.09.25 - Cat\u00e2nia - Manfredo Pavoni Gay<\/title>\n<meta name=\"description\" content=\"Ontem foi um dia intenso, porque continuamos a trabalhar na arruma\u00e7\u00e3o dos barcos e na prepara\u00e7\u00e3o dos materiais fundamentais \u2013 as linhas de seguran\u00e7a para\" \/>\n<meta name=\"robots\" content=\"index, follow, max-snippet:-1, max-image-preview:large, max-video-preview:-1\" \/>\n<link rel=\"canonical\" href=\"https:\/\/www.pressenza.com\/pt-pt\/2025\/09\/um-movimento-global-que-nos-oferece-um-novo-imaginario-diario-de-bordo-da-global-sumud-flotilla-04-09-25-catania-manfredo-pavoni-gay\/\" \/>\n<meta property=\"og:locale\" content=\"pt_PT\" \/>\n<meta property=\"og:type\" content=\"article\" \/>\n<meta property=\"og:title\" content=\"Um movimento global que nos oferece um novo imagin\u00e1rio. Di\u00e1rio de bordo da Global Sumud Flotilla 04.09.25 - Cat\u00e2nia - Manfredo Pavoni Gay\" \/>\n<meta property=\"og:description\" content=\"Ontem foi um dia intenso, porque continuamos a trabalhar na arruma\u00e7\u00e3o dos barcos e na prepara\u00e7\u00e3o dos materiais fundamentais \u2013 as linhas de seguran\u00e7a para\" \/>\n<meta property=\"og:url\" content=\"https:\/\/www.pressenza.com\/pt-pt\/2025\/09\/um-movimento-global-que-nos-oferece-um-novo-imaginario-diario-de-bordo-da-global-sumud-flotilla-04-09-25-catania-manfredo-pavoni-gay\/\" \/>\n<meta property=\"og:site_name\" content=\"Pressenza\" \/>\n<meta property=\"article:publisher\" content=\"https:\/\/www.facebook.com\/PressenzaItalia\" \/>\n<meta property=\"article:published_time\" content=\"2025-09-05T13:48:50+00:00\" \/>\n<meta property=\"article:modified_time\" content=\"2025-09-05T14:22:32+00:00\" \/>\n<meta property=\"og:image\" content=\"https:\/\/www.pressenza.com\/wp-content\/uploads\/2025\/09\/manifestazione-Catania-GSF.jpeg\" \/>\n\t<meta property=\"og:image:width\" content=\"1599\" \/>\n\t<meta property=\"og:image:height\" content=\"899\" \/>\n\t<meta property=\"og:image:type\" content=\"image\/jpeg\" \/>\n<meta name=\"author\" content=\"Manfredo Pavoni Gay\" \/>\n<meta name=\"twitter:card\" content=\"summary_large_image\" \/>\n<meta name=\"twitter:creator\" content=\"@PressenzaIPA\" \/>\n<meta name=\"twitter:site\" content=\"@PressenzaIPA\" \/>\n<meta name=\"twitter:label1\" content=\"Escrito por\" \/>\n\t<meta name=\"twitter:data1\" content=\"Manfredo Pavoni Gay\" \/>\n\t<meta name=\"twitter:label2\" content=\"Tempo estimado de leitura\" \/>\n\t<meta name=\"twitter:data2\" content=\"3 minutos\" \/>\n<script type=\"application\/ld+json\" class=\"yoast-schema-graph\">{\"@context\":\"https:\/\/schema.org\",\"@graph\":[{\"@type\":\"Article\",\"@id\":\"https:\/\/www.pressenza.com\/pt-pt\/2025\/09\/um-movimento-global-que-nos-oferece-um-novo-imaginario-diario-de-bordo-da-global-sumud-flotilla-04-09-25-catania-manfredo-pavoni-gay\/#article\",\"isPartOf\":{\"@id\":\"https:\/\/www.pressenza.com\/pt-pt\/2025\/09\/um-movimento-global-que-nos-oferece-um-novo-imaginario-diario-de-bordo-da-global-sumud-flotilla-04-09-25-catania-manfredo-pavoni-gay\/\"},\"author\":{\"name\":\"Manfredo Pavoni Gay\",\"@id\":\"https:\/\/www.pressenza.com\/pt-pt\/#\/schema\/person\/471dc9cf89b8c347b11a03357c83558e\"},\"headline\":\"Um movimento global que nos oferece um novo imagin\u00e1rio. Di\u00e1rio de bordo da Global Sumud Flotilla 04.09.25 &#8211; Cat\u00e2nia &#8211; Manfredo Pavoni Gay\",\"datePublished\":\"2025-09-05T13:48:50+00:00\",\"dateModified\":\"2025-09-05T14:22:32+00:00\",\"mainEntityOfPage\":{\"@id\":\"https:\/\/www.pressenza.com\/pt-pt\/2025\/09\/um-movimento-global-que-nos-oferece-um-novo-imaginario-diario-de-bordo-da-global-sumud-flotilla-04-09-25-catania-manfredo-pavoni-gay\/\"},\"wordCount\":398,\"publisher\":{\"@id\":\"https:\/\/www.pressenza.com\/pt-pt\/#organization\"},\"image\":{\"@id\":\"https:\/\/www.pressenza.com\/pt-pt\/2025\/09\/um-movimento-global-que-nos-oferece-um-novo-imaginario-diario-de-bordo-da-global-sumud-flotilla-04-09-25-catania-manfredo-pavoni-gay\/#primaryimage\"},\"thumbnailUrl\":\"https:\/\/www.pressenza.com\/wp-content\/uploads\/2025\/09\/manifestazione-Catania-GSF.jpeg\",\"articleSection\":[\"Conte\u00fado Original\",\"Direitos Humanos\",\"Europa\",\"Oriente M\u00e9dio\",\"Pol\u00edtica\"],\"inLanguage\":\"pt-PT\"},{\"@type\":\"WebPage\",\"@id\":\"https:\/\/www.pressenza.com\/pt-pt\/2025\/09\/um-movimento-global-que-nos-oferece-um-novo-imaginario-diario-de-bordo-da-global-sumud-flotilla-04-09-25-catania-manfredo-pavoni-gay\/\",\"url\":\"https:\/\/www.pressenza.com\/pt-pt\/2025\/09\/um-movimento-global-que-nos-oferece-um-novo-imaginario-diario-de-bordo-da-global-sumud-flotilla-04-09-25-catania-manfredo-pavoni-gay\/\",\"name\":\"Um movimento global que nos oferece um novo imagin\u00e1rio. Di\u00e1rio de bordo da Global Sumud Flotilla 04.09.25 - Cat\u00e2nia - Manfredo Pavoni Gay\",\"isPartOf\":{\"@id\":\"https:\/\/www.pressenza.com\/pt-pt\/#website\"},\"primaryImageOfPage\":{\"@id\":\"https:\/\/www.pressenza.com\/pt-pt\/2025\/09\/um-movimento-global-que-nos-oferece-um-novo-imaginario-diario-de-bordo-da-global-sumud-flotilla-04-09-25-catania-manfredo-pavoni-gay\/#primaryimage\"},\"image\":{\"@id\":\"https:\/\/www.pressenza.com\/pt-pt\/2025\/09\/um-movimento-global-que-nos-oferece-um-novo-imaginario-diario-de-bordo-da-global-sumud-flotilla-04-09-25-catania-manfredo-pavoni-gay\/#primaryimage\"},\"thumbnailUrl\":\"https:\/\/www.pressenza.com\/wp-content\/uploads\/2025\/09\/manifestazione-Catania-GSF.jpeg\",\"datePublished\":\"2025-09-05T13:48:50+00:00\",\"dateModified\":\"2025-09-05T14:22:32+00:00\",\"description\":\"Ontem foi um dia intenso, porque continuamos a trabalhar na arruma\u00e7\u00e3o dos barcos e na prepara\u00e7\u00e3o dos materiais fundamentais \u2013 as linhas de seguran\u00e7a para\",\"breadcrumb\":{\"@id\":\"https:\/\/www.pressenza.com\/pt-pt\/2025\/09\/um-movimento-global-que-nos-oferece-um-novo-imaginario-diario-de-bordo-da-global-sumud-flotilla-04-09-25-catania-manfredo-pavoni-gay\/#breadcrumb\"},\"inLanguage\":\"pt-PT\",\"potentialAction\":[{\"@type\":\"ReadAction\",\"target\":[\"https:\/\/www.pressenza.com\/pt-pt\/2025\/09\/um-movimento-global-que-nos-oferece-um-novo-imaginario-diario-de-bordo-da-global-sumud-flotilla-04-09-25-catania-manfredo-pavoni-gay\/\"]}]},{\"@type\":\"ImageObject\",\"inLanguage\":\"pt-PT\",\"@id\":\"https:\/\/www.pressenza.com\/pt-pt\/2025\/09\/um-movimento-global-que-nos-oferece-um-novo-imaginario-diario-de-bordo-da-global-sumud-flotilla-04-09-25-catania-manfredo-pavoni-gay\/#primaryimage\",\"url\":\"https:\/\/www.pressenza.com\/wp-content\/uploads\/2025\/09\/manifestazione-Catania-GSF.jpeg\",\"contentUrl\":\"https:\/\/www.pressenza.com\/wp-content\/uploads\/2025\/09\/manifestazione-Catania-GSF.jpeg\",\"width\":1599,\"height\":899,\"caption\":\"(Foto di Rete No Bavaglio)\"},{\"@type\":\"BreadcrumbList\",\"@id\":\"https:\/\/www.pressenza.com\/pt-pt\/2025\/09\/um-movimento-global-que-nos-oferece-um-novo-imaginario-diario-de-bordo-da-global-sumud-flotilla-04-09-25-catania-manfredo-pavoni-gay\/#breadcrumb\",\"itemListElement\":[{\"@type\":\"ListItem\",\"position\":1,\"name\":\"Accueil\",\"item\":\"https:\/\/www.pressenza.com\/pt-pt\/\"},{\"@type\":\"ListItem\",\"position\":2,\"name\":\"Um movimento global que nos oferece um novo imagin\u00e1rio. Di\u00e1rio de bordo da Global Sumud Flotilla 04.09.25 &#8211; Cat\u00e2nia &#8211; Manfredo Pavoni Gay\"}]},{\"@type\":\"WebSite\",\"@id\":\"https:\/\/www.pressenza.com\/pt-pt\/#website\",\"url\":\"https:\/\/www.pressenza.com\/pt-pt\/\",\"name\":\"Pressenza\",\"description\":\"International Press Agency\",\"publisher\":{\"@id\":\"https:\/\/www.pressenza.com\/pt-pt\/#organization\"},\"potentialAction\":[{\"@type\":\"SearchAction\",\"target\":{\"@type\":\"EntryPoint\",\"urlTemplate\":\"https:\/\/www.pressenza.com\/pt-pt\/?s={search_term_string}\"},\"query-input\":{\"@type\":\"PropertyValueSpecification\",\"valueRequired\":true,\"valueName\":\"search_term_string\"}}],\"inLanguage\":\"pt-PT\"},{\"@type\":\"Organization\",\"@id\":\"https:\/\/www.pressenza.com\/pt-pt\/#organization\",\"name\":\"Pressenza\",\"url\":\"https:\/\/www.pressenza.com\/pt-pt\/\",\"logo\":{\"@type\":\"ImageObject\",\"inLanguage\":\"pt-PT\",\"@id\":\"https:\/\/www.pressenza.com\/pt-pt\/#\/schema\/logo\/image\/\",\"url\":\"https:\/\/www.pressenza.com\/wp-content\/uploads\/2022\/10\/pressenza_logo_200x200.jpg\",\"contentUrl\":\"https:\/\/www.pressenza.com\/wp-content\/uploads\/2022\/10\/pressenza_logo_200x200.jpg\",\"width\":200,\"height\":200,\"caption\":\"Pressenza\"},\"image\":{\"@id\":\"https:\/\/www.pressenza.com\/pt-pt\/#\/schema\/logo\/image\/\"},\"sameAs\":[\"https:\/\/www.facebook.com\/PressenzaItalia\",\"https:\/\/x.com\/PressenzaIPA\"]},{\"@type\":\"Person\",\"@id\":\"https:\/\/www.pressenza.com\/pt-pt\/#\/schema\/person\/471dc9cf89b8c347b11a03357c83558e\",\"name\":\"Manfredo Pavoni Gay\",\"url\":\"https:\/\/www.pressenza.com\/pt-pt\/author\/m-pavoni_gay\/\"}]}<\/script>\n<!-- \/ Yoast SEO plugin. -->","yoast_head_json":{"title":"Um movimento global que nos oferece um novo imagin\u00e1rio. Di\u00e1rio de bordo da Global Sumud Flotilla 04.09.25 - Cat\u00e2nia - Manfredo Pavoni Gay","description":"Ontem foi um dia intenso, porque continuamos a trabalhar na arruma\u00e7\u00e3o dos barcos e na prepara\u00e7\u00e3o dos materiais fundamentais \u2013 as linhas de seguran\u00e7a para","robots":{"index":"index","follow":"follow","max-snippet":"max-snippet:-1","max-image-preview":"max-image-preview:large","max-video-preview":"max-video-preview:-1"},"canonical":"https:\/\/www.pressenza.com\/pt-pt\/2025\/09\/um-movimento-global-que-nos-oferece-um-novo-imaginario-diario-de-bordo-da-global-sumud-flotilla-04-09-25-catania-manfredo-pavoni-gay\/","og_locale":"pt_PT","og_type":"article","og_title":"Um movimento global que nos oferece um novo imagin\u00e1rio. Di\u00e1rio de bordo da Global Sumud Flotilla 04.09.25 - Cat\u00e2nia - Manfredo Pavoni Gay","og_description":"Ontem foi um dia intenso, porque continuamos a trabalhar na arruma\u00e7\u00e3o dos barcos e na prepara\u00e7\u00e3o dos materiais fundamentais \u2013 as linhas de seguran\u00e7a para","og_url":"https:\/\/www.pressenza.com\/pt-pt\/2025\/09\/um-movimento-global-que-nos-oferece-um-novo-imaginario-diario-de-bordo-da-global-sumud-flotilla-04-09-25-catania-manfredo-pavoni-gay\/","og_site_name":"Pressenza","article_publisher":"https:\/\/www.facebook.com\/PressenzaItalia","article_published_time":"2025-09-05T13:48:50+00:00","article_modified_time":"2025-09-05T14:22:32+00:00","og_image":[{"width":1599,"height":899,"url":"https:\/\/www.pressenza.com\/wp-content\/uploads\/2025\/09\/manifestazione-Catania-GSF.jpeg","type":"image\/jpeg"}],"author":"Manfredo Pavoni Gay","twitter_card":"summary_large_image","twitter_creator":"@PressenzaIPA","twitter_site":"@PressenzaIPA","twitter_misc":{"Escrito por":"Manfredo Pavoni Gay","Tempo estimado de leitura":"3 minutos"},"schema":{"@context":"https:\/\/schema.org","@graph":[{"@type":"Article","@id":"https:\/\/www.pressenza.com\/pt-pt\/2025\/09\/um-movimento-global-que-nos-oferece-um-novo-imaginario-diario-de-bordo-da-global-sumud-flotilla-04-09-25-catania-manfredo-pavoni-gay\/#article","isPartOf":{"@id":"https:\/\/www.pressenza.com\/pt-pt\/2025\/09\/um-movimento-global-que-nos-oferece-um-novo-imaginario-diario-de-bordo-da-global-sumud-flotilla-04-09-25-catania-manfredo-pavoni-gay\/"},"author":{"name":"Manfredo Pavoni Gay","@id":"https:\/\/www.pressenza.com\/pt-pt\/#\/schema\/person\/471dc9cf89b8c347b11a03357c83558e"},"headline":"Um movimento global que nos oferece um novo imagin\u00e1rio. Di\u00e1rio de bordo da Global Sumud Flotilla 04.09.25 &#8211; Cat\u00e2nia &#8211; Manfredo Pavoni Gay","datePublished":"2025-09-05T13:48:50+00:00","dateModified":"2025-09-05T14:22:32+00:00","mainEntityOfPage":{"@id":"https:\/\/www.pressenza.com\/pt-pt\/2025\/09\/um-movimento-global-que-nos-oferece-um-novo-imaginario-diario-de-bordo-da-global-sumud-flotilla-04-09-25-catania-manfredo-pavoni-gay\/"},"wordCount":398,"publisher":{"@id":"https:\/\/www.pressenza.com\/pt-pt\/#organization"},"image":{"@id":"https:\/\/www.pressenza.com\/pt-pt\/2025\/09\/um-movimento-global-que-nos-oferece-um-novo-imaginario-diario-de-bordo-da-global-sumud-flotilla-04-09-25-catania-manfredo-pavoni-gay\/#primaryimage"},"thumbnailUrl":"https:\/\/www.pressenza.com\/wp-content\/uploads\/2025\/09\/manifestazione-Catania-GSF.jpeg","articleSection":["Conte\u00fado Original","Direitos Humanos","Europa","Oriente M\u00e9dio","Pol\u00edtica"],"inLanguage":"pt-PT"},{"@type":"WebPage","@id":"https:\/\/www.pressenza.com\/pt-pt\/2025\/09\/um-movimento-global-que-nos-oferece-um-novo-imaginario-diario-de-bordo-da-global-sumud-flotilla-04-09-25-catania-manfredo-pavoni-gay\/","url":"https:\/\/www.pressenza.com\/pt-pt\/2025\/09\/um-movimento-global-que-nos-oferece-um-novo-imaginario-diario-de-bordo-da-global-sumud-flotilla-04-09-25-catania-manfredo-pavoni-gay\/","name":"Um movimento global que nos oferece um novo imagin\u00e1rio. Di\u00e1rio de bordo da Global Sumud Flotilla 04.09.25 - Cat\u00e2nia - Manfredo Pavoni Gay","isPartOf":{"@id":"https:\/\/www.pressenza.com\/pt-pt\/#website"},"primaryImageOfPage":{"@id":"https:\/\/www.pressenza.com\/pt-pt\/2025\/09\/um-movimento-global-que-nos-oferece-um-novo-imaginario-diario-de-bordo-da-global-sumud-flotilla-04-09-25-catania-manfredo-pavoni-gay\/#primaryimage"},"image":{"@id":"https:\/\/www.pressenza.com\/pt-pt\/2025\/09\/um-movimento-global-que-nos-oferece-um-novo-imaginario-diario-de-bordo-da-global-sumud-flotilla-04-09-25-catania-manfredo-pavoni-gay\/#primaryimage"},"thumbnailUrl":"https:\/\/www.pressenza.com\/wp-content\/uploads\/2025\/09\/manifestazione-Catania-GSF.jpeg","datePublished":"2025-09-05T13:48:50+00:00","dateModified":"2025-09-05T14:22:32+00:00","description":"Ontem foi um dia intenso, porque continuamos a trabalhar na arruma\u00e7\u00e3o dos barcos e na prepara\u00e7\u00e3o dos materiais fundamentais \u2013 as linhas de seguran\u00e7a para","breadcrumb":{"@id":"https:\/\/www.pressenza.com\/pt-pt\/2025\/09\/um-movimento-global-que-nos-oferece-um-novo-imaginario-diario-de-bordo-da-global-sumud-flotilla-04-09-25-catania-manfredo-pavoni-gay\/#breadcrumb"},"inLanguage":"pt-PT","potentialAction":[{"@type":"ReadAction","target":["https:\/\/www.pressenza.com\/pt-pt\/2025\/09\/um-movimento-global-que-nos-oferece-um-novo-imaginario-diario-de-bordo-da-global-sumud-flotilla-04-09-25-catania-manfredo-pavoni-gay\/"]}]},{"@type":"ImageObject","inLanguage":"pt-PT","@id":"https:\/\/www.pressenza.com\/pt-pt\/2025\/09\/um-movimento-global-que-nos-oferece-um-novo-imaginario-diario-de-bordo-da-global-sumud-flotilla-04-09-25-catania-manfredo-pavoni-gay\/#primaryimage","url":"https:\/\/www.pressenza.com\/wp-content\/uploads\/2025\/09\/manifestazione-Catania-GSF.jpeg","contentUrl":"https:\/\/www.pressenza.com\/wp-content\/uploads\/2025\/09\/manifestazione-Catania-GSF.jpeg","width":1599,"height":899,"caption":"(Foto di Rete No Bavaglio)"},{"@type":"BreadcrumbList","@id":"https:\/\/www.pressenza.com\/pt-pt\/2025\/09\/um-movimento-global-que-nos-oferece-um-novo-imaginario-diario-de-bordo-da-global-sumud-flotilla-04-09-25-catania-manfredo-pavoni-gay\/#breadcrumb","itemListElement":[{"@type":"ListItem","position":1,"name":"Accueil","item":"https:\/\/www.pressenza.com\/pt-pt\/"},{"@type":"ListItem","position":2,"name":"Um movimento global que nos oferece um novo imagin\u00e1rio. Di\u00e1rio de bordo da Global Sumud Flotilla 04.09.25 &#8211; Cat\u00e2nia &#8211; Manfredo Pavoni Gay"}]},{"@type":"WebSite","@id":"https:\/\/www.pressenza.com\/pt-pt\/#website","url":"https:\/\/www.pressenza.com\/pt-pt\/","name":"Pressenza","description":"International Press Agency","publisher":{"@id":"https:\/\/www.pressenza.com\/pt-pt\/#organization"},"potentialAction":[{"@type":"SearchAction","target":{"@type":"EntryPoint","urlTemplate":"https:\/\/www.pressenza.com\/pt-pt\/?s={search_term_string}"},"query-input":{"@type":"PropertyValueSpecification","valueRequired":true,"valueName":"search_term_string"}}],"inLanguage":"pt-PT"},{"@type":"Organization","@id":"https:\/\/www.pressenza.com\/pt-pt\/#organization","name":"Pressenza","url":"https:\/\/www.pressenza.com\/pt-pt\/","logo":{"@type":"ImageObject","inLanguage":"pt-PT","@id":"https:\/\/www.pressenza.com\/pt-pt\/#\/schema\/logo\/image\/","url":"https:\/\/www.pressenza.com\/wp-content\/uploads\/2022\/10\/pressenza_logo_200x200.jpg","contentUrl":"https:\/\/www.pressenza.com\/wp-content\/uploads\/2022\/10\/pressenza_logo_200x200.jpg","width":200,"height":200,"caption":"Pressenza"},"image":{"@id":"https:\/\/www.pressenza.com\/pt-pt\/#\/schema\/logo\/image\/"},"sameAs":["https:\/\/www.facebook.com\/PressenzaItalia","https:\/\/x.com\/PressenzaIPA"]},{"@type":"Person","@id":"https:\/\/www.pressenza.com\/pt-pt\/#\/schema\/person\/471dc9cf89b8c347b11a03357c83558e","name":"Manfredo Pavoni Gay","url":"https:\/\/www.pressenza.com\/pt-pt\/author\/m-pavoni_gay\/"}]}},"place":"","original_article_url":"","_links":{"self":[{"href":"https:\/\/www.pressenza.com\/pt-pt\/wp-json\/wp\/v2\/posts\/2633134","targetHints":{"allow":["GET"]}}],"collection":[{"href":"https:\/\/www.pressenza.com\/pt-pt\/wp-json\/wp\/v2\/posts"}],"about":[{"href":"https:\/\/www.pressenza.com\/pt-pt\/wp-json\/wp\/v2\/types\/post"}],"author":[{"embeddable":true,"href":"https:\/\/www.pressenza.com\/pt-pt\/wp-json\/wp\/v2\/users\/2503"}],"replies":[{"embeddable":true,"href":"https:\/\/www.pressenza.com\/pt-pt\/wp-json\/wp\/v2\/comments?post=2633134"}],"version-history":[{"count":1,"href":"https:\/\/www.pressenza.com\/pt-pt\/wp-json\/wp\/v2\/posts\/2633134\/revisions"}],"predecessor-version":[{"id":2633136,"href":"https:\/\/www.pressenza.com\/pt-pt\/wp-json\/wp\/v2\/posts\/2633134\/revisions\/2633136"}],"wp:featuredmedia":[{"embeddable":true,"href":"https:\/\/www.pressenza.com\/pt-pt\/wp-json\/wp\/v2\/media\/2633135"}],"wp:attachment":[{"href":"https:\/\/www.pressenza.com\/pt-pt\/wp-json\/wp\/v2\/media?parent=2633134"}],"wp:term":[{"taxonomy":"category","embeddable":true,"href":"https:\/\/www.pressenza.com\/pt-pt\/wp-json\/wp\/v2\/categories?post=2633134"},{"taxonomy":"post_tag","embeddable":true,"href":"https:\/\/www.pressenza.com\/pt-pt\/wp-json\/wp\/v2\/tags?post=2633134"}],"curies":[{"name":"wp","href":"https:\/\/api.w.org\/{rel}","templated":true}]}}