{"id":2610114,"date":"2025-06-08T23:28:21","date_gmt":"2025-06-08T22:28:21","guid":{"rendered":"https:\/\/www.pressenza.com\/?p=2610114"},"modified":"2025-06-08T23:28:21","modified_gmt":"2025-06-08T22:28:21","slug":"expurgo-delicado-monologo-sobre-saida-do-armario-abre-temporada-no-rio","status":"publish","type":"post","link":"https:\/\/www.pressenza.com\/pt-pt\/2025\/06\/expurgo-delicado-monologo-sobre-saida-do-armario-abre-temporada-no-rio\/","title":{"rendered":"Expurgo, delicado mon\u00f3logo sobre sa\u00edda do arm\u00e1rio, abre temporada no Rio"},"content":{"rendered":"<h5><span style=\"color: #999999;\">TEATRO<\/span><\/h5>\n<p><em><strong>Por Alessandra Costa<\/strong><\/em><\/p>\n<h1 style=\"text-align: center;\">O espet\u00e1culo fica em cartaz \u00e0s ter\u00e7as e quartas de junho, a partir do dia 10, dentro do II Festival Identidades, promovido pelo Centro Cultural da Justi\u00e7a Federal.<\/h1>\n<p dir=\"ltr\">O ator Ari Areia, do Outro Grupo de Teatro, abre temporada do seu mon\u00f3logo Expurgo, no Centro Cultural da Justi\u00e7a Federal, Cinel\u00e2ndia, \u00e0s ter\u00e7as e quartas de junho, a partir do dia 10, sempre \u00e0s 19h. Os ingressos est\u00e3o \u00e0 venda na bilheteria virtual a pre\u00e7os populares: R$ 40, inteira \/ R$20, meia (com disponibilidade de cota de gratuidade para pessoas trans). As apresenta\u00e7\u00f5es comp\u00f5em a programa\u00e7\u00e3o do\u00a0II Festival Identidades, promovido pelo CCJF no m\u00eas do Orgulho LGBTI+.<\/p>\n<p dir=\"ltr\">A dramaturgia da pe\u00e7a parte de mem\u00f3rias pessoais do artista sobre sua descoberta de amar outros garotos, a busca por coragem de dizer isso \u00e0 m\u00e3e, o choque dela rompendo a rela\u00e7\u00e3o com o filho e o movimento do\u00a0 tempo colocando as coisas de volta no lugar. Expurgo \u00e9 o trabalho mais recente de Ari Areia, ator cearense radicado no Rio de Janeiro, que desde 2011 dedica energia \u00e0 experimenta\u00e7\u00f5es c\u00eanicas com foco em pesquisas de linguagem e no aprofundamento de debates sobre diversidade sexual.<\/p>\n<p>Enquanto prepara um caf\u00e9, o ator convida o p\u00fablico a mergulhar em uma hist\u00f3ria puxada da mem\u00f3ria: inf\u00e2ncia, adolesc\u00eancia na Assembleia de Deus e a sa\u00edda do arm\u00e1rio que arranhou a rela\u00e7\u00e3o dele com a m\u00e3e. A partir da\u00ed, v\u00e1rios n\u00f3s dif\u00edceis de desatar v\u00e3o sendo amortecidos pelo tempo, que faz o abra\u00e7o m\u00e3e-filho ser poss\u00edvel novamente. Expurgo \u00e9 um espet\u00e1culo relacional, com uma interpreta\u00e7\u00e3o intimista, costurado com a sutileza de quem dobra um barquinho de papel, canta uma cantiga de ninar ou se esquece em um abra\u00e7o.<\/p>\n<p dir=\"ltr\"><strong>M\u00e3e, eu sou gay<\/strong><\/p>\n<p>\u201cQuem dera o conflito m\u00e3e-filho que d\u00e1 movimento \u00e0 hist\u00f3ria dessa pe\u00e7a fosse o registro de um passado superado\u201d, pontua Ari, \u201cmas infelizmente, em 2025, ainda h\u00e1 pessoas LGBTI+ que ficam sem teto quando saem do arm\u00e1rio.\u201d Ativista dos direitos humanos, o ator \u00e9 fundador de um abrigo para jovens expulsos do conv\u00edvio familiar por lgbtfobia, \u00e9 a Outra Casa Coletiva, que funciona h\u00e1 cinco anos na cidade de Fortaleza (CE). O espet\u00e1culo Expurgo, \u00e9 uma experi\u00eancia c\u00eanica que surgiu de conversas mediadas com grupos que acolhem familiares de LGBTI+ em processo de compreens\u00e3o e aceita\u00e7\u00e3o dos filhos: M\u00e3es pela Diversidade, M\u00e3es da Resist\u00eancia, Associa\u00e7\u00e3o Amor.<\/p>\n<p><strong>O OUTRO GRUPO DE TEATRO<\/strong><\/p>\n<p>O Outro Grupo de Teatro surgiu em 2011, na cidade de Fortaleza (CE), a partir do encontro entre os atores Ari Areia, Tavares Neto e o diretor Yuri Yamamoto. Desde o p\u00f3s-pandemia, a companhia mant\u00e9m trabalho no eixo Rio-S\u00e3o Paulo, seguindo uma linha de pesquisa criativa focada no debate sobre a sexualidade humana e suas subjetividades. A escritora e transativista Helena Vieira se juntou a coletivo em 2014, colaborando em montagens como \u201cHist\u00f3rias Compartilhadas\u201d (CE. 2015, dire\u00e7\u00e3o de Eduardo Bruno), \u201cJango Jezebel &#8211; Onde Estavam as Travestis na Ditadura?\u201d (SP. 2023, dire\u00e7\u00e3o de Luis Fernando Marques) e \u201cExpurgo\u201d (RJ. 2024, dire\u00e7\u00e3o de Ari Areia).<\/p>\n<p dir=\"ltr\"><img loading=\"lazy\" decoding=\"async\" class=\"aligncenter wp-image-2610116 size-large\" src=\"https:\/\/www.pressenza.com\/wp-content\/uploads\/2025\/06\/Cartaz_Expurgo_3-820x1024.jpeg\" alt=\"\" width=\"820\" height=\"1024\" srcset=\"https:\/\/www.pressenza.com\/wp-content\/uploads\/2025\/06\/Cartaz_Expurgo_3-820x1024.jpeg 820w, https:\/\/www.pressenza.com\/wp-content\/uploads\/2025\/06\/Cartaz_Expurgo_3-240x300.jpeg 240w, https:\/\/www.pressenza.com\/wp-content\/uploads\/2025\/06\/Cartaz_Expurgo_3.jpeg 1081w\" sizes=\"auto, (max-width: 820px) 100vw, 820px\" \/><\/p>\n<p dir=\"ltr\"><strong>Ficha T\u00e9cnica<\/strong><br \/>\nRealiza\u00e7\u00e3o: Outro Grupo de Teatro<br \/>\nTexto, dire\u00e7\u00e3o e elenco: Ari Areia<br \/>\nProdu\u00e7\u00e3o: C\u00edcera Vieira<br \/>\nDesenho de Luz: Thiago Monte<br \/>\nPrepara\u00e7\u00e3o vocal: Plinio Morais<br \/>\nConsultoria de Dramaturgia: Helena Vieira<br \/>\nConsultoria de Figurino: Layse Medeiros<br \/>\nAssessoria de Imprensa: Alessandra Costa<br \/>\nFotos de est\u00fadio: Diego Souza<br \/>\nFotos de cena: Hygor Linhares<br \/>\nProjeto Gr\u00e1fico: Rodrigo Paschoal<br \/>\nAgradecimentos: Centro Cultural da Justi\u00e7a Federal<\/p>\n<p dir=\"ltr\"><strong>SERVI\u00c7O<\/strong><br \/>\nEspet\u00e1culo Expurgo &#8211; Temporada Junho<br \/>\nTer\u00e7as e Quartas (10, 11, 17, 18, 24 e 25\/06), 19h<br \/>\nTeatro do Centro Cultural da Justi\u00e7a Federal &#8211; Av. Rio Branco, 241 &#8211; Centro, Rio de Janeiro<\/p>\n<p>INGRESSOS: R$ 40 (Inteira),\u00a0 R$ 20 (Meia), h\u00e1 cota de gratuidade para pessoas trans (observar disponibilidade).<br \/>\nBilheteria Virtual:\u00a0<a href=\"https:\/\/ccjf.trf2.jus.br\/programacao\/expurgo\" target=\"_blank\" rel=\"noopener\" data-saferedirecturl=\"https:\/\/www.google.com\/url?q=https:\/\/ccjf.trf2.jus.br\/programacao\/expurgo&amp;source=gmail&amp;ust=1749501840690000&amp;usg=AOvVaw1px4wDPimgZdw-JYtU2H77\">https:\/\/ccjf.trf2.<wbr \/>jus.br\/programacao\/expurgo<\/a><\/p>\n","protected":false},"excerpt":{"rendered":"<p>TEATRO Por Alessandra Costa O espet\u00e1culo fica em cartaz \u00e0s ter\u00e7as e quartas de junho, a partir do dia 10, dentro do II Festival Identidades, promovido pelo Centro Cultural da Justi\u00e7a Federal. O ator Ari Areia, do Outro Grupo de&hellip;<\/p>\n","protected":false},"author":1685,"featured_media":2610115,"comment_status":"closed","ping_status":"closed","sticky":false,"template":"","format":"standard","meta":{"footnotes":""},"categories":[104,11390,112,153],"tags":[75238,75312],"class_list":["post-2610114","post","type-post","status-publish","format-standard","has-post-thumbnail","hentry","category-america-do-sul","category-conteudo-original","category-cultura-pt-pt","category-nota-de-imprensa","tag-caderno-de-cultura","tag-teatro-pt-pt"],"yoast_head":"<!-- This site is optimized with the Yoast SEO plugin v27.1.1 - https:\/\/yoast.com\/product\/yoast-seo-wordpress\/ -->\n<title>Expurgo, delicado mon\u00f3logo sobre sa\u00edda do arm\u00e1rio, abre temporada no Rio<\/title>\n<meta name=\"description\" content=\"TEATRO Por Alessandra Costa O espet\u00e1culo fica em cartaz \u00e0s ter\u00e7as e quartas de junho, a partir do dia 10, dentro do II Festival Identidades, promovido\" \/>\n<meta name=\"robots\" content=\"index, follow, max-snippet:-1, max-image-preview:large, max-video-preview:-1\" \/>\n<link rel=\"canonical\" href=\"https:\/\/www.pressenza.com\/pt-pt\/2025\/06\/expurgo-delicado-monologo-sobre-saida-do-armario-abre-temporada-no-rio\/\" \/>\n<meta property=\"og:locale\" content=\"pt_PT\" \/>\n<meta property=\"og:type\" content=\"article\" \/>\n<meta property=\"og:title\" content=\"Expurgo, delicado mon\u00f3logo sobre sa\u00edda do arm\u00e1rio, abre temporada no Rio\" \/>\n<meta property=\"og:description\" content=\"TEATRO Por Alessandra Costa O espet\u00e1culo fica em cartaz \u00e0s ter\u00e7as e quartas de junho, a partir do dia 10, dentro do II Festival Identidades, promovido\" \/>\n<meta property=\"og:url\" content=\"https:\/\/www.pressenza.com\/pt-pt\/2025\/06\/expurgo-delicado-monologo-sobre-saida-do-armario-abre-temporada-no-rio\/\" \/>\n<meta property=\"og:site_name\" content=\"Pressenza\" \/>\n<meta property=\"article:publisher\" content=\"https:\/\/www.facebook.com\/PressenzaItalia\" \/>\n<meta property=\"article:published_time\" content=\"2025-06-08T22:28:21+00:00\" \/>\n<meta property=\"og:image\" content=\"https:\/\/www.pressenza.com\/wp-content\/uploads\/2025\/06\/fotos-site-pressenza-5.jpg\" \/>\n\t<meta property=\"og:image:width\" content=\"750\" \/>\n\t<meta property=\"og:image:height\" content=\"420\" \/>\n\t<meta property=\"og:image:type\" content=\"image\/jpeg\" \/>\n<meta name=\"author\" content=\"Reda\u00e7\u00e3o Rio de Janeiro\" \/>\n<meta name=\"twitter:card\" content=\"summary_large_image\" \/>\n<meta name=\"twitter:creator\" content=\"@PressenzaIPA\" \/>\n<meta name=\"twitter:site\" content=\"@PressenzaIPA\" \/>\n<meta name=\"twitter:label1\" content=\"Escrito por\" \/>\n\t<meta name=\"twitter:data1\" content=\"Reda\u00e7\u00e3o Rio de Janeiro\" \/>\n\t<meta name=\"twitter:label2\" content=\"Tempo estimado de leitura\" \/>\n\t<meta name=\"twitter:data2\" content=\"4 minutos\" \/>\n<script type=\"application\/ld+json\" class=\"yoast-schema-graph\">{\"@context\":\"https:\/\/schema.org\",\"@graph\":[{\"@type\":\"Article\",\"@id\":\"https:\/\/www.pressenza.com\/pt-pt\/2025\/06\/expurgo-delicado-monologo-sobre-saida-do-armario-abre-temporada-no-rio\/#article\",\"isPartOf\":{\"@id\":\"https:\/\/www.pressenza.com\/pt-pt\/2025\/06\/expurgo-delicado-monologo-sobre-saida-do-armario-abre-temporada-no-rio\/\"},\"author\":{\"name\":\"Reda\u00e7\u00e3o Rio de Janeiro\",\"@id\":\"https:\/\/www.pressenza.com\/pt-pt\/#\/schema\/person\/6925e927f8ff3a0cdb838320c5d12259\"},\"headline\":\"Expurgo, delicado mon\u00f3logo sobre sa\u00edda do arm\u00e1rio, abre temporada no Rio\",\"datePublished\":\"2025-06-08T22:28:21+00:00\",\"mainEntityOfPage\":{\"@id\":\"https:\/\/www.pressenza.com\/pt-pt\/2025\/06\/expurgo-delicado-monologo-sobre-saida-do-armario-abre-temporada-no-rio\/\"},\"wordCount\":680,\"publisher\":{\"@id\":\"https:\/\/www.pressenza.com\/pt-pt\/#organization\"},\"image\":{\"@id\":\"https:\/\/www.pressenza.com\/pt-pt\/2025\/06\/expurgo-delicado-monologo-sobre-saida-do-armario-abre-temporada-no-rio\/#primaryimage\"},\"thumbnailUrl\":\"https:\/\/www.pressenza.com\/wp-content\/uploads\/2025\/06\/fotos-site-pressenza-5.jpg\",\"keywords\":[\"caderno de cultura\",\"teatro\"],\"articleSection\":[\"\u00c1m\u00e9rica do Sul\",\"Conte\u00fado Original\",\"Cultura e M\u00eddia\",\"Nota de imprensa\"],\"inLanguage\":\"pt-PT\"},{\"@type\":\"WebPage\",\"@id\":\"https:\/\/www.pressenza.com\/pt-pt\/2025\/06\/expurgo-delicado-monologo-sobre-saida-do-armario-abre-temporada-no-rio\/\",\"url\":\"https:\/\/www.pressenza.com\/pt-pt\/2025\/06\/expurgo-delicado-monologo-sobre-saida-do-armario-abre-temporada-no-rio\/\",\"name\":\"Expurgo, delicado mon\u00f3logo sobre sa\u00edda do arm\u00e1rio, abre temporada no Rio\",\"isPartOf\":{\"@id\":\"https:\/\/www.pressenza.com\/pt-pt\/#website\"},\"primaryImageOfPage\":{\"@id\":\"https:\/\/www.pressenza.com\/pt-pt\/2025\/06\/expurgo-delicado-monologo-sobre-saida-do-armario-abre-temporada-no-rio\/#primaryimage\"},\"image\":{\"@id\":\"https:\/\/www.pressenza.com\/pt-pt\/2025\/06\/expurgo-delicado-monologo-sobre-saida-do-armario-abre-temporada-no-rio\/#primaryimage\"},\"thumbnailUrl\":\"https:\/\/www.pressenza.com\/wp-content\/uploads\/2025\/06\/fotos-site-pressenza-5.jpg\",\"datePublished\":\"2025-06-08T22:28:21+00:00\",\"description\":\"TEATRO Por Alessandra Costa O espet\u00e1culo fica em cartaz \u00e0s ter\u00e7as e quartas de junho, a partir do dia 10, dentro do II Festival Identidades, promovido\",\"breadcrumb\":{\"@id\":\"https:\/\/www.pressenza.com\/pt-pt\/2025\/06\/expurgo-delicado-monologo-sobre-saida-do-armario-abre-temporada-no-rio\/#breadcrumb\"},\"inLanguage\":\"pt-PT\",\"potentialAction\":[{\"@type\":\"ReadAction\",\"target\":[\"https:\/\/www.pressenza.com\/pt-pt\/2025\/06\/expurgo-delicado-monologo-sobre-saida-do-armario-abre-temporada-no-rio\/\"]}]},{\"@type\":\"ImageObject\",\"inLanguage\":\"pt-PT\",\"@id\":\"https:\/\/www.pressenza.com\/pt-pt\/2025\/06\/expurgo-delicado-monologo-sobre-saida-do-armario-abre-temporada-no-rio\/#primaryimage\",\"url\":\"https:\/\/www.pressenza.com\/wp-content\/uploads\/2025\/06\/fotos-site-pressenza-5.jpg\",\"contentUrl\":\"https:\/\/www.pressenza.com\/wp-content\/uploads\/2025\/06\/fotos-site-pressenza-5.jpg\",\"width\":750,\"height\":420},{\"@type\":\"BreadcrumbList\",\"@id\":\"https:\/\/www.pressenza.com\/pt-pt\/2025\/06\/expurgo-delicado-monologo-sobre-saida-do-armario-abre-temporada-no-rio\/#breadcrumb\",\"itemListElement\":[{\"@type\":\"ListItem\",\"position\":1,\"name\":\"Accueil\",\"item\":\"https:\/\/www.pressenza.com\/pt-pt\/\"},{\"@type\":\"ListItem\",\"position\":2,\"name\":\"Expurgo, delicado mon\u00f3logo sobre sa\u00edda do arm\u00e1rio, abre temporada no Rio\"}]},{\"@type\":\"WebSite\",\"@id\":\"https:\/\/www.pressenza.com\/pt-pt\/#website\",\"url\":\"https:\/\/www.pressenza.com\/pt-pt\/\",\"name\":\"Pressenza\",\"description\":\"International Press Agency\",\"publisher\":{\"@id\":\"https:\/\/www.pressenza.com\/pt-pt\/#organization\"},\"potentialAction\":[{\"@type\":\"SearchAction\",\"target\":{\"@type\":\"EntryPoint\",\"urlTemplate\":\"https:\/\/www.pressenza.com\/pt-pt\/?s={search_term_string}\"},\"query-input\":{\"@type\":\"PropertyValueSpecification\",\"valueRequired\":true,\"valueName\":\"search_term_string\"}}],\"inLanguage\":\"pt-PT\"},{\"@type\":\"Organization\",\"@id\":\"https:\/\/www.pressenza.com\/pt-pt\/#organization\",\"name\":\"Pressenza\",\"url\":\"https:\/\/www.pressenza.com\/pt-pt\/\",\"logo\":{\"@type\":\"ImageObject\",\"inLanguage\":\"pt-PT\",\"@id\":\"https:\/\/www.pressenza.com\/pt-pt\/#\/schema\/logo\/image\/\",\"url\":\"https:\/\/www.pressenza.com\/wp-content\/uploads\/2022\/10\/pressenza_logo_200x200.jpg\",\"contentUrl\":\"https:\/\/www.pressenza.com\/wp-content\/uploads\/2022\/10\/pressenza_logo_200x200.jpg\",\"width\":200,\"height\":200,\"caption\":\"Pressenza\"},\"image\":{\"@id\":\"https:\/\/www.pressenza.com\/pt-pt\/#\/schema\/logo\/image\/\"},\"sameAs\":[\"https:\/\/www.facebook.com\/PressenzaItalia\",\"https:\/\/x.com\/PressenzaIPA\"]},{\"@type\":\"Person\",\"@id\":\"https:\/\/www.pressenza.com\/pt-pt\/#\/schema\/person\/6925e927f8ff3a0cdb838320c5d12259\",\"name\":\"Reda\u00e7\u00e3o Rio de Janeiro\",\"description\":\"News published by the Pressenza bureau in Rio de Janeiro, Brazil\",\"url\":\"https:\/\/www.pressenza.com\/pt-pt\/author\/redacao-rio-de-janeiro\/\"}]}<\/script>\n<!-- \/ Yoast SEO plugin. -->","yoast_head_json":{"title":"Expurgo, delicado mon\u00f3logo sobre sa\u00edda do arm\u00e1rio, abre temporada no Rio","description":"TEATRO Por Alessandra Costa O espet\u00e1culo fica em cartaz \u00e0s ter\u00e7as e quartas de junho, a partir do dia 10, dentro do II Festival Identidades, promovido","robots":{"index":"index","follow":"follow","max-snippet":"max-snippet:-1","max-image-preview":"max-image-preview:large","max-video-preview":"max-video-preview:-1"},"canonical":"https:\/\/www.pressenza.com\/pt-pt\/2025\/06\/expurgo-delicado-monologo-sobre-saida-do-armario-abre-temporada-no-rio\/","og_locale":"pt_PT","og_type":"article","og_title":"Expurgo, delicado mon\u00f3logo sobre sa\u00edda do arm\u00e1rio, abre temporada no Rio","og_description":"TEATRO Por Alessandra Costa O espet\u00e1culo fica em cartaz \u00e0s ter\u00e7as e quartas de junho, a partir do dia 10, dentro do II Festival Identidades, promovido","og_url":"https:\/\/www.pressenza.com\/pt-pt\/2025\/06\/expurgo-delicado-monologo-sobre-saida-do-armario-abre-temporada-no-rio\/","og_site_name":"Pressenza","article_publisher":"https:\/\/www.facebook.com\/PressenzaItalia","article_published_time":"2025-06-08T22:28:21+00:00","og_image":[{"width":750,"height":420,"url":"https:\/\/www.pressenza.com\/wp-content\/uploads\/2025\/06\/fotos-site-pressenza-5.jpg","type":"image\/jpeg"}],"author":"Reda\u00e7\u00e3o Rio de Janeiro","twitter_card":"summary_large_image","twitter_creator":"@PressenzaIPA","twitter_site":"@PressenzaIPA","twitter_misc":{"Escrito por":"Reda\u00e7\u00e3o Rio de Janeiro","Tempo estimado de leitura":"4 minutos"},"schema":{"@context":"https:\/\/schema.org","@graph":[{"@type":"Article","@id":"https:\/\/www.pressenza.com\/pt-pt\/2025\/06\/expurgo-delicado-monologo-sobre-saida-do-armario-abre-temporada-no-rio\/#article","isPartOf":{"@id":"https:\/\/www.pressenza.com\/pt-pt\/2025\/06\/expurgo-delicado-monologo-sobre-saida-do-armario-abre-temporada-no-rio\/"},"author":{"name":"Reda\u00e7\u00e3o Rio de Janeiro","@id":"https:\/\/www.pressenza.com\/pt-pt\/#\/schema\/person\/6925e927f8ff3a0cdb838320c5d12259"},"headline":"Expurgo, delicado mon\u00f3logo sobre sa\u00edda do arm\u00e1rio, abre temporada no Rio","datePublished":"2025-06-08T22:28:21+00:00","mainEntityOfPage":{"@id":"https:\/\/www.pressenza.com\/pt-pt\/2025\/06\/expurgo-delicado-monologo-sobre-saida-do-armario-abre-temporada-no-rio\/"},"wordCount":680,"publisher":{"@id":"https:\/\/www.pressenza.com\/pt-pt\/#organization"},"image":{"@id":"https:\/\/www.pressenza.com\/pt-pt\/2025\/06\/expurgo-delicado-monologo-sobre-saida-do-armario-abre-temporada-no-rio\/#primaryimage"},"thumbnailUrl":"https:\/\/www.pressenza.com\/wp-content\/uploads\/2025\/06\/fotos-site-pressenza-5.jpg","keywords":["caderno de cultura","teatro"],"articleSection":["\u00c1m\u00e9rica do Sul","Conte\u00fado Original","Cultura e M\u00eddia","Nota de imprensa"],"inLanguage":"pt-PT"},{"@type":"WebPage","@id":"https:\/\/www.pressenza.com\/pt-pt\/2025\/06\/expurgo-delicado-monologo-sobre-saida-do-armario-abre-temporada-no-rio\/","url":"https:\/\/www.pressenza.com\/pt-pt\/2025\/06\/expurgo-delicado-monologo-sobre-saida-do-armario-abre-temporada-no-rio\/","name":"Expurgo, delicado mon\u00f3logo sobre sa\u00edda do arm\u00e1rio, abre temporada no Rio","isPartOf":{"@id":"https:\/\/www.pressenza.com\/pt-pt\/#website"},"primaryImageOfPage":{"@id":"https:\/\/www.pressenza.com\/pt-pt\/2025\/06\/expurgo-delicado-monologo-sobre-saida-do-armario-abre-temporada-no-rio\/#primaryimage"},"image":{"@id":"https:\/\/www.pressenza.com\/pt-pt\/2025\/06\/expurgo-delicado-monologo-sobre-saida-do-armario-abre-temporada-no-rio\/#primaryimage"},"thumbnailUrl":"https:\/\/www.pressenza.com\/wp-content\/uploads\/2025\/06\/fotos-site-pressenza-5.jpg","datePublished":"2025-06-08T22:28:21+00:00","description":"TEATRO Por Alessandra Costa O espet\u00e1culo fica em cartaz \u00e0s ter\u00e7as e quartas de junho, a partir do dia 10, dentro do II Festival Identidades, promovido","breadcrumb":{"@id":"https:\/\/www.pressenza.com\/pt-pt\/2025\/06\/expurgo-delicado-monologo-sobre-saida-do-armario-abre-temporada-no-rio\/#breadcrumb"},"inLanguage":"pt-PT","potentialAction":[{"@type":"ReadAction","target":["https:\/\/www.pressenza.com\/pt-pt\/2025\/06\/expurgo-delicado-monologo-sobre-saida-do-armario-abre-temporada-no-rio\/"]}]},{"@type":"ImageObject","inLanguage":"pt-PT","@id":"https:\/\/www.pressenza.com\/pt-pt\/2025\/06\/expurgo-delicado-monologo-sobre-saida-do-armario-abre-temporada-no-rio\/#primaryimage","url":"https:\/\/www.pressenza.com\/wp-content\/uploads\/2025\/06\/fotos-site-pressenza-5.jpg","contentUrl":"https:\/\/www.pressenza.com\/wp-content\/uploads\/2025\/06\/fotos-site-pressenza-5.jpg","width":750,"height":420},{"@type":"BreadcrumbList","@id":"https:\/\/www.pressenza.com\/pt-pt\/2025\/06\/expurgo-delicado-monologo-sobre-saida-do-armario-abre-temporada-no-rio\/#breadcrumb","itemListElement":[{"@type":"ListItem","position":1,"name":"Accueil","item":"https:\/\/www.pressenza.com\/pt-pt\/"},{"@type":"ListItem","position":2,"name":"Expurgo, delicado mon\u00f3logo sobre sa\u00edda do arm\u00e1rio, abre temporada no Rio"}]},{"@type":"WebSite","@id":"https:\/\/www.pressenza.com\/pt-pt\/#website","url":"https:\/\/www.pressenza.com\/pt-pt\/","name":"Pressenza","description":"International Press Agency","publisher":{"@id":"https:\/\/www.pressenza.com\/pt-pt\/#organization"},"potentialAction":[{"@type":"SearchAction","target":{"@type":"EntryPoint","urlTemplate":"https:\/\/www.pressenza.com\/pt-pt\/?s={search_term_string}"},"query-input":{"@type":"PropertyValueSpecification","valueRequired":true,"valueName":"search_term_string"}}],"inLanguage":"pt-PT"},{"@type":"Organization","@id":"https:\/\/www.pressenza.com\/pt-pt\/#organization","name":"Pressenza","url":"https:\/\/www.pressenza.com\/pt-pt\/","logo":{"@type":"ImageObject","inLanguage":"pt-PT","@id":"https:\/\/www.pressenza.com\/pt-pt\/#\/schema\/logo\/image\/","url":"https:\/\/www.pressenza.com\/wp-content\/uploads\/2022\/10\/pressenza_logo_200x200.jpg","contentUrl":"https:\/\/www.pressenza.com\/wp-content\/uploads\/2022\/10\/pressenza_logo_200x200.jpg","width":200,"height":200,"caption":"Pressenza"},"image":{"@id":"https:\/\/www.pressenza.com\/pt-pt\/#\/schema\/logo\/image\/"},"sameAs":["https:\/\/www.facebook.com\/PressenzaItalia","https:\/\/x.com\/PressenzaIPA"]},{"@type":"Person","@id":"https:\/\/www.pressenza.com\/pt-pt\/#\/schema\/person\/6925e927f8ff3a0cdb838320c5d12259","name":"Reda\u00e7\u00e3o Rio de Janeiro","description":"News published by the Pressenza bureau in Rio de Janeiro, Brazil","url":"https:\/\/www.pressenza.com\/pt-pt\/author\/redacao-rio-de-janeiro\/"}]}},"place":"","original_article_url":"","_links":{"self":[{"href":"https:\/\/www.pressenza.com\/pt-pt\/wp-json\/wp\/v2\/posts\/2610114","targetHints":{"allow":["GET"]}}],"collection":[{"href":"https:\/\/www.pressenza.com\/pt-pt\/wp-json\/wp\/v2\/posts"}],"about":[{"href":"https:\/\/www.pressenza.com\/pt-pt\/wp-json\/wp\/v2\/types\/post"}],"author":[{"embeddable":true,"href":"https:\/\/www.pressenza.com\/pt-pt\/wp-json\/wp\/v2\/users\/1685"}],"replies":[{"embeddable":true,"href":"https:\/\/www.pressenza.com\/pt-pt\/wp-json\/wp\/v2\/comments?post=2610114"}],"version-history":[{"count":1,"href":"https:\/\/www.pressenza.com\/pt-pt\/wp-json\/wp\/v2\/posts\/2610114\/revisions"}],"predecessor-version":[{"id":2610117,"href":"https:\/\/www.pressenza.com\/pt-pt\/wp-json\/wp\/v2\/posts\/2610114\/revisions\/2610117"}],"wp:featuredmedia":[{"embeddable":true,"href":"https:\/\/www.pressenza.com\/pt-pt\/wp-json\/wp\/v2\/media\/2610115"}],"wp:attachment":[{"href":"https:\/\/www.pressenza.com\/pt-pt\/wp-json\/wp\/v2\/media?parent=2610114"}],"wp:term":[{"taxonomy":"category","embeddable":true,"href":"https:\/\/www.pressenza.com\/pt-pt\/wp-json\/wp\/v2\/categories?post=2610114"},{"taxonomy":"post_tag","embeddable":true,"href":"https:\/\/www.pressenza.com\/pt-pt\/wp-json\/wp\/v2\/tags?post=2610114"}],"curies":[{"name":"wp","href":"https:\/\/api.w.org\/{rel}","templated":true}]}}