{"id":2595919,"date":"2025-04-07T16:29:00","date_gmt":"2025-04-07T15:29:00","guid":{"rendered":"https:\/\/www.pressenza.com\/?p=2595919"},"modified":"2025-04-07T16:29:00","modified_gmt":"2025-04-07T15:29:00","slug":"espetaculo-inedito-o-infantil-solaninho-estreia-no-sesc-tijuca","status":"publish","type":"post","link":"https:\/\/www.pressenza.com\/pt-pt\/2025\/04\/espetaculo-inedito-o-infantil-solaninho-estreia-no-sesc-tijuca\/","title":{"rendered":"Espet\u00e1culo in\u00e9dito, o infantil \u201cSOLANINHO\u201d estreia no Sesc Tijuca"},"content":{"rendered":"<h5><span style=\"color: #999999;\">TEATRO<\/span><\/h5>\n<p><em><strong>Por Marrom Glac\u00ea<\/strong><\/em><\/p>\n<h1 style=\"font-weight: 400; text-align: center;\"><strong>Realizado pelo Complexo Negra Palavra, montagem leva \u00e0 cena o resultado de uma investiga\u00e7\u00e3o dos primeiros passos de Solano Trindade com muita ludicidade, numa encena\u00e7\u00e3o vibrante que conta com a tradi\u00e7\u00e3o dos bonecos mamulengos.<\/strong><\/h1>\n<p style=\"font-weight: 400;\">Com um hist\u00f3rico de cinco anos levando a palavra po\u00e9tica de\u00a0<strong>Solano Trindade<\/strong>\u00a0aos palcos, o\u00a0<strong>Complexo Negra Palavra<\/strong>\u00a0agora direciona essa miss\u00e3o aos pequenos. Deste modo, estreia dia\u00a0<strong>19 de abril<\/strong>, \u00e0s\u00a0<strong>16h<\/strong>, no\u00a0<strong>Teatro 1<\/strong>\u00a0do\u00a0<strong>Sesc Tijuca<\/strong>\u00a0o espet\u00e1culo infantil in\u00e9dito \u201c<strong><em>Solaninho \u2013 Uma viagem com o Poeta do Povo<\/em><\/strong>\u201d, formada por poesias e narrativas negras para crian\u00e7as. Encenado pelo elenco do Complexo, a montagem contemplada pelo\u00a0<strong>Edital Sesc RJ Pulsar<\/strong>\u00a0conta com dramaturgia de\u00a0<strong>Renato Farias<\/strong>, que divide a dire\u00e7\u00e3o art\u00edstica com\u00a0<strong>Lucas Sampaio<\/strong>, e tem sua dire\u00e7\u00e3o musical e percuss\u00e3o corporal assinadas por\u00a0<strong>Muato<\/strong>. Integrando a montagem est\u00e3o os\u00a0<strong>bonecos mamulengos<\/strong>, artif\u00edcio cultural do estado de Pernambuco, onde Solano nasceu, amparados pela consultoria de Cultura Tradicional de\u00a0<strong>Sandro Roberto<\/strong>, disc\u00edpulo de ilustres mestres mamulengueiros.<\/p>\n<p style=\"font-weight: 400;\">Com uma dramaturgia que bebe nas\u00a0<strong>viv\u00eancias da inf\u00e2ncia do Poeta do Povo<\/strong>, um dos maiores poetas brasileiros do s\u00e9culo XX cuja obra vem sendo redescoberta ap\u00f3s um longo per\u00edodo de apagamento, a pe\u00e7a coloca em cena as\u00a0<strong>corporeidades e sonoridades populares<\/strong>, como o multiartista fazia. Guiado pelos seus poemas, a cena desvenda seus\u00a0<strong>primeiros passos<\/strong>, as primeiras can\u00e7\u00f5es de ninar, as\u00a0<strong>cantigas da inf\u00e2ncia<\/strong>, os outros\u00a0<strong>membros da fam\u00edlia<\/strong>\u00a0e toda a\u00a0<strong>ludicidade do entorno das crian\u00e7as<\/strong>. Afinal, a inf\u00e2ncia \u00e9 o per\u00edodo de constru\u00e7\u00e3o de imagin\u00e1rios que v\u00e3o nos acompanhar por toda a vida.<\/p>\n<p style=\"font-weight: 400;\">\u201cA dramaturgia do espet\u00e1culo n\u00e3o quer subestimar as crian\u00e7as. Ao mesmo tempo que estimula uma encena\u00e7\u00e3o vibrante, musical, colorida, festiva, investe em di\u00e1logos e interpreta\u00e7\u00f5es que fogem de estere\u00f3tipos e simplifica\u00e7\u00f5es. Buscamos respeitar a grande intelig\u00eancia das crian\u00e7as que, infelizmente, vai sendo combatida na medida em que vamos amadurecendo. Dentro das culturas africanas e amer\u00edndias encontramos outras formas de rela\u00e7\u00e3o com os ciclos da vida\u201d, pondera Renato Farias, sinalizando que a morte, assunto presente na cena, est\u00e1 diretamente associada \u00e0 vida e deve ser revestida de naturalidade.<\/p>\n<p style=\"font-weight: 400;\">A quest\u00e3o se d\u00e1 no pr\u00f3prio enredo do espet\u00e1culo, revisitando um fato tr\u00e1gico ocorrido com o ator\u00a0<strong>Ton Torres<\/strong>\u00a0que, em 2017, foi brutalmente assassinado. E a montagem pretende reescrever essa hist\u00f3ria. \u201cRevisitamos poeticamente seu desaparecimento criando um encontro entre Ton e Solano Trindade no Orun, o lugar onde moram os Orix\u00e1s e nossos ancestrais. No lugar do sofrimento e da perda, queremos reverenciar a mem\u00f3ria de Ton e exaltar sua passagem pela terra. Acreditamos que ressignificar essa dor, enquanto ainda estamos lutando por justi\u00e7a, \u00e9 encontrar um caminho de cura, ao mesmo tempo, individual e coletivo para todos os integrantes do Complexo Negra Palavra\u201d, frisa Renato.<\/p>\n<p style=\"font-weight: 400;\">Na pe\u00e7a, Ton Torres \u00e9 interpretado pelo irm\u00e3o\u00a0<strong>Adriano Torres<\/strong>\u00a0que, assim como os demais colegas de cena, n\u00e3o teve refer\u00eancias de poetas negros nas suas inf\u00e2ncias. Faz pouco tempo que, ao conhecer a obra de um poeta negro, Adriano compreendeu que tamb\u00e9m poderia escrever poesia. Durante muito tempo o racismo estrutural apresentou social e culturalmente as pessoas negras apenas a partir de refer\u00eancias subalternas e, na maioria das vezes, sem aprofundamento psicol\u00f3gico ou afetivo. Isso vem se transformando aos poucos e o teatro infantil \u00e9 um espa\u00e7o privilegiado para cultuar o empoderamento e a autoestima dos pequenos.<\/p>\n<p style=\"font-weight: 400;\">Assim, proporcionar o encontro da poesia de Solano Trindade com o p\u00fablico infantil \u00e9 presenciar o impacto de uma obra que traz em si o potencial de acessar a autoestima dessas crian\u00e7as, naturalizando que o mundo po\u00e9tico diz respeito a todos, independentemente de idade, cor, g\u00eanero ou situa\u00e7\u00e3o social. \u201c<strong><em>Solaninho<\/em><\/strong>\u201d \u00e9 um espet\u00e1culo constru\u00eddo para lembrar que o teatro pode e deve ser um lugar de sonho e, tamb\u00e9m, de ressignifica\u00e7\u00e3o da realidade. E ter o artista Lucas Sampaio assinando sua primeira dire\u00e7\u00e3o teatral \u00e9 um refor\u00e7o desta certeza.<\/p>\n<p style=\"font-weight: 400;\">\u00a0\u201cComecei minha trajet\u00f3ria profissional no espet\u00e1culo \u2018<strong><em>Negra Palavra: Solano Trindade<\/em><\/strong>\u2019 junto com a maior parte deste elenco e sinto que este \u00e9 um trabalho-compromisso-desafio e uma miss\u00e3o! Das grandes! \u00c9 uma honra muito grande poder estar \u2018olhando de fora\u2019 o trabalho de cria\u00e7\u00e3o dos meus amigos de vida e arte. O teatro negro, sobretudo, me trouxe muitas viv\u00eancias e dirigir esse espet\u00e1culo junto com Renato, sem d\u00favidas, \u00e9 uma das maiores\u201d, sublinha o ator &#8211; e agora diretor &#8211; Lucas Sampaio.<\/p>\n<p style=\"font-weight: 400;\">Dando segmento a uma escolha c\u00eanica da companhia, o espet\u00e1culo n\u00e3o apresenta cen\u00e1rios \u2013 apenas elementos c\u00eanicos. \u201cA aus\u00eancia de cenografia faz parte de uma das pesquisas do Complexo Negra Palavra que \u00e9 investir com mais pot\u00eancia no trabalho dos atores e nas infinitas possibilidades de seus corpos em cena. Em \u2018<strong><em>Solaninho\u2019<\/em><\/strong>\u00a0trazemos tamb\u00e9m um trabalho com bonecos e adere\u00e7os que colaboram na constru\u00e7\u00e3o de imagin\u00e1rios que, certamente, ir\u00e3o encantar crian\u00e7as e adultos. Outras pesquisas do Complexo tamb\u00e9m d\u00e3o novos passos em Solaninho: como dizer o poema-em-cena e a percuss\u00e3o corporal\u201d, antecipa Renato.<\/p>\n<p style=\"font-weight: 400;\">Com a pe\u00e7a, o mergulho na obra de Solano Trindade privilegia um olhar espec\u00edfico: s\u00e3o os poemas voltados para os pequenos que comp\u00f5e seu roteiro. E o universo dos mamulengos, t\u00e3o presente na mem\u00f3ria de Solano, empresta aos corpos novas malemol\u00eancias que ir\u00e3o se juntar ao maracatu e \u00e0s festas populares. Ao entregar \u00e0s crian\u00e7as um trabalho com t\u00e3o belas refer\u00eancias, a partir da pot\u00eancia dos corpos e afetos negros, o espet\u00e1culo tamb\u00e9m oferece uma vis\u00e3o futura de esperan\u00e7a e empoderamento.<\/p>\n<p style=\"font-weight: 400;\"><strong><u>SINOPSE<\/u><\/strong><strong>:<\/strong><\/p>\n<p style=\"font-weight: 400;\">O jovem Ton, aos 23 anos, chega ao \u00d2run, e \u00e9 recebido festivamente pelo velho Solano Trindade. Depois de um tempo, Ton se d\u00e1 conta que n\u00e3o teve tempo de se despedir da vida no \u00c0iy\u00e9. Solano percebe que Ton se entristece e prop\u00f5e um retorno ao Pernambuco de sua inf\u00e2ncia. Ton se ilumina com a ideia. Assim, ambos magicamente retornam a seus corpos de crian\u00e7a: Solaninho e Tonzinho. E s\u00e3o eles que v\u00e3o percorrer as festas e feiras, cantigas e can\u00e7\u00f5es, encontrar personagens familiares de ambos para, ao fim da jornada, retornarem ao \u00d2run. Ton retorna mais feliz ap\u00f3s ter vivido junto com Solaninho uma outra possibilidade de inf\u00e2ncia. Ambos retomam a festa inicial e celebram as etapas e os ciclos que comp\u00f5e a finitude da vida.<\/p>\n<p style=\"font-weight: 400;\"><strong><u>FICHA T\u00c9CNICA<\/u><\/strong><\/p>\n<p style=\"font-weight: 400;\">Poesias_ SOLANO TRINDADE<\/p>\n<p style=\"font-weight: 400;\">Roteiro e Dramaturgia_ RENATO FARIAS<\/p>\n<p style=\"font-weight: 400;\">Dire\u00e7\u00e3o Art\u00edstica_ LUCAS SAMPAIO e RENATO FARIAS<\/p>\n<p style=\"font-weight: 400;\">Elenco_ ADRIANO TORRES, ALEH SILVA, FERNANDA XAVIER, GUILHERME CANELLAS,<\/p>\n<p style=\"font-weight: 400;\">JO\u00c3O MANOEL, JO\u00c3O NAZAR\u00c9, JORGE OLIVEIRA, RAPHAEL ELIAS, RODRIGO \u00c1TILA e<\/p>\n<p style=\"font-weight: 400;\">THIAGO HYPOLITO<\/p>\n<p style=\"font-weight: 400;\">Dire\u00e7\u00e3o de Movimento_ LECO LISBOA<\/p>\n<p style=\"font-weight: 400;\">Dire\u00e7\u00e3o Musical e Trilha Sonora Original_ MUATO<\/p>\n<p style=\"font-weight: 400;\">Prepara\u00e7\u00e3o Vocal_ PEDRO LIMA<\/p>\n<p style=\"font-weight: 400;\">Consultoria de Cultura Tradicional_ SANDRO ROBERTO<\/p>\n<p style=\"font-weight: 400;\">Dire\u00e7\u00e3o de Arte_ RAPHAEL ELIAS<\/p>\n<p style=\"font-weight: 400;\">Desenho e Constru\u00e7\u00e3o dos Bonecos_ RAPHAEL ELIAS<\/p>\n<p style=\"font-weight: 400;\">Aderecista_ IVETE DIBO<\/p>\n<p style=\"font-weight: 400;\">Figurinista_ ANANDA ALMEIDA<\/p>\n<p style=\"font-weight: 400;\">Assistente de Figurino_ CLARA GARRITANO<\/p>\n<p style=\"font-weight: 400;\">Iluminadora_ ANA LUZIA DE SIMONI<\/p>\n<p style=\"font-weight: 400;\">Assessoria de Imprensa_ MARROM GLAC\u00ca COMUNICA\u00c7\u00c3O<\/p>\n<p style=\"font-weight: 400;\">Projeto Gr\u00e1fico_ THIAGO MENDON\u00c7A<\/p>\n<p style=\"font-weight: 400;\">Produ\u00e7\u00e3o_ EUDES VELOSO<\/p>\n<p style=\"font-weight: 400;\">Produ\u00e7\u00e3o Master_ FERNANDA XAVIER<\/p>\n<p style=\"font-weight: 400;\">Produ\u00e7\u00e3o T\u00e9cnica_ JORGE OLIVEIRA<\/p>\n<p style=\"font-weight: 400;\">Assistente de Produ\u00e7\u00e3o_ LUCAS BAPTISTA<\/p>\n<p style=\"font-weight: 400;\">Parceria_ COMPANHIA DE TEATRO \u00cdNTIMO e COMPLEXO NEGRA PALAVRA<\/p>\n<p style=\"font-weight: 400;\">Realiza\u00e7\u00e3o_ SAIDEIRA PRODU\u00c7\u00d5ES<\/p>\n<p style=\"font-weight: 400;\"><strong><u>SERVI\u00c7O<\/u><\/strong>:<\/p>\n<p style=\"font-weight: 400;\"><u>Temporada<\/u>: 19 de abril a 18 de maio de 2025<\/p>\n<p style=\"font-weight: 400;\"><u>Hor\u00e1rio<\/u>: S\u00e1bados e Domingos \u00e0s 16h<\/p>\n<p style=\"font-weight: 400;\"><u>Apresenta\u00e7\u00f5es Extras<\/u>: dias 25 de abril, 09 de maio e 16 de maio (sextas-feiras)<\/p>\n<p style=\"font-weight: 400;\"><u>Ingressos<\/u>: R$ 5\u00a0(associado do Sesc), R$ 10 (meia-entrada), R$ 20 (inteira), Gratuito (PCG)<\/p>\n<p style=\"font-weight: 400;\"><u>Local<\/u>: Sesc Tijuca &#8211; Teatro 1<\/p>\n<p style=\"font-weight: 400;\"><u>Endere\u00e7o<\/u>: Rua Bar\u00e3o de Mesquita, n\u00ba 539 &#8211; Tijuca<\/p>\n<p style=\"font-weight: 400;\">Tel.: (21) 2274-7246<\/p>\n<p style=\"font-weight: 400;\">Bilheteria &#8211; Hor\u00e1rio\u00a0de\u00a0funcionamento:<\/p>\n<p style=\"font-weight: 400;\">Ter\u00e7a a sexta \u2013\u00a0das 8h \u00e0s 19h30;<\/p>\n<p style=\"font-weight: 400;\">S\u00e1bados \u2013\u00a0das\u00a09h \u00e0s 19h;<\/p>\n<p style=\"font-weight: 400;\">Domingos \u2013\u00a0das\u00a09h \u00e0s 18h.<\/p>\n<p style=\"font-weight: 400;\"><u>Classifica\u00e7\u00e3o Indicativa<\/u>: Livre<\/p>\n<p style=\"font-weight: 400;\"><u>Dura\u00e7\u00e3o<\/u>: 50 minutos<\/p>\n<p style=\"font-weight: 400;\"><u>Instagram<\/u>: @negrapalavra<\/p>\n<p>&nbsp;<\/p>\n","protected":false},"excerpt":{"rendered":"<p>TEATRO Por Marrom Glac\u00ea Realizado pelo Complexo Negra Palavra, montagem leva \u00e0 cena o resultado de uma investiga\u00e7\u00e3o dos primeiros passos de Solano Trindade com muita ludicidade, numa encena\u00e7\u00e3o vibrante que conta com a tradi\u00e7\u00e3o dos bonecos mamulengos. Com um&hellip;<\/p>\n","protected":false},"author":1685,"featured_media":2595921,"comment_status":"closed","ping_status":"closed","sticky":false,"template":"","format":"standard","meta":{"footnotes":""},"categories":[104,11390,112,153],"tags":[75238,75312],"class_list":["post-2595919","post","type-post","status-publish","format-standard","has-post-thumbnail","hentry","category-america-do-sul","category-conteudo-original","category-cultura-pt-pt","category-nota-de-imprensa","tag-caderno-de-cultura","tag-teatro-pt-pt"],"yoast_head":"<!-- This site is optimized with the Yoast SEO plugin v27.1.1 - https:\/\/yoast.com\/product\/yoast-seo-wordpress\/ -->\n<title>Espet\u00e1culo in\u00e9dito, o infantil \u201cSOLANINHO\u201d estreia no Sesc Tijuca<\/title>\n<meta name=\"description\" content=\"TEATRO Por Marrom Glac\u00ea Realizado pelo Complexo Negra Palavra, montagem leva \u00e0 cena o resultado de uma investiga\u00e7\u00e3o dos primeiros passos de Solano\" \/>\n<meta name=\"robots\" content=\"index, follow, max-snippet:-1, max-image-preview:large, max-video-preview:-1\" \/>\n<link rel=\"canonical\" href=\"https:\/\/www.pressenza.com\/pt-pt\/2025\/04\/espetaculo-inedito-o-infantil-solaninho-estreia-no-sesc-tijuca\/\" \/>\n<meta property=\"og:locale\" content=\"pt_PT\" \/>\n<meta property=\"og:type\" content=\"article\" \/>\n<meta property=\"og:title\" content=\"Espet\u00e1culo in\u00e9dito, o infantil \u201cSOLANINHO\u201d estreia no Sesc Tijuca\" \/>\n<meta property=\"og:description\" content=\"TEATRO Por Marrom Glac\u00ea Realizado pelo Complexo Negra Palavra, montagem leva \u00e0 cena o resultado de uma investiga\u00e7\u00e3o dos primeiros passos de Solano\" \/>\n<meta property=\"og:url\" content=\"https:\/\/www.pressenza.com\/pt-pt\/2025\/04\/espetaculo-inedito-o-infantil-solaninho-estreia-no-sesc-tijuca\/\" \/>\n<meta property=\"og:site_name\" content=\"Pressenza\" \/>\n<meta property=\"article:publisher\" content=\"https:\/\/www.facebook.com\/PressenzaItalia\" \/>\n<meta property=\"article:published_time\" content=\"2025-04-07T15:29:00+00:00\" \/>\n<meta property=\"og:image\" content=\"https:\/\/www.pressenza.com\/wp-content\/uploads\/2025\/04\/fotos-site-pressenza-5.jpg\" \/>\n\t<meta property=\"og:image:width\" content=\"750\" \/>\n\t<meta property=\"og:image:height\" content=\"420\" \/>\n\t<meta property=\"og:image:type\" content=\"image\/jpeg\" \/>\n<meta name=\"author\" content=\"Reda\u00e7\u00e3o Rio de Janeiro\" \/>\n<meta name=\"twitter:card\" content=\"summary_large_image\" \/>\n<meta name=\"twitter:creator\" content=\"@PressenzaIPA\" \/>\n<meta name=\"twitter:site\" content=\"@PressenzaIPA\" \/>\n<meta name=\"twitter:label1\" content=\"Escrito por\" \/>\n\t<meta name=\"twitter:data1\" content=\"Reda\u00e7\u00e3o Rio de Janeiro\" \/>\n\t<meta name=\"twitter:label2\" content=\"Tempo estimado de leitura\" \/>\n\t<meta name=\"twitter:data2\" content=\"7 minutos\" \/>\n<script type=\"application\/ld+json\" class=\"yoast-schema-graph\">{\"@context\":\"https:\/\/schema.org\",\"@graph\":[{\"@type\":\"Article\",\"@id\":\"https:\/\/www.pressenza.com\/pt-pt\/2025\/04\/espetaculo-inedito-o-infantil-solaninho-estreia-no-sesc-tijuca\/#article\",\"isPartOf\":{\"@id\":\"https:\/\/www.pressenza.com\/pt-pt\/2025\/04\/espetaculo-inedito-o-infantil-solaninho-estreia-no-sesc-tijuca\/\"},\"author\":{\"name\":\"Reda\u00e7\u00e3o Rio de Janeiro\",\"@id\":\"https:\/\/www.pressenza.com\/pt-pt\/#\/schema\/person\/6925e927f8ff3a0cdb838320c5d12259\"},\"headline\":\"Espet\u00e1culo in\u00e9dito, o infantil \u201cSOLANINHO\u201d estreia no Sesc Tijuca\",\"datePublished\":\"2025-04-07T15:29:00+00:00\",\"mainEntityOfPage\":{\"@id\":\"https:\/\/www.pressenza.com\/pt-pt\/2025\/04\/espetaculo-inedito-o-infantil-solaninho-estreia-no-sesc-tijuca\/\"},\"wordCount\":1378,\"publisher\":{\"@id\":\"https:\/\/www.pressenza.com\/pt-pt\/#organization\"},\"image\":{\"@id\":\"https:\/\/www.pressenza.com\/pt-pt\/2025\/04\/espetaculo-inedito-o-infantil-solaninho-estreia-no-sesc-tijuca\/#primaryimage\"},\"thumbnailUrl\":\"https:\/\/www.pressenza.com\/wp-content\/uploads\/2025\/04\/fotos-site-pressenza-5.jpg\",\"keywords\":[\"caderno de cultura\",\"teatro\"],\"articleSection\":[\"\u00c1m\u00e9rica do Sul\",\"Conte\u00fado Original\",\"Cultura e M\u00eddia\",\"Nota de imprensa\"],\"inLanguage\":\"pt-PT\"},{\"@type\":\"WebPage\",\"@id\":\"https:\/\/www.pressenza.com\/pt-pt\/2025\/04\/espetaculo-inedito-o-infantil-solaninho-estreia-no-sesc-tijuca\/\",\"url\":\"https:\/\/www.pressenza.com\/pt-pt\/2025\/04\/espetaculo-inedito-o-infantil-solaninho-estreia-no-sesc-tijuca\/\",\"name\":\"Espet\u00e1culo in\u00e9dito, o infantil \u201cSOLANINHO\u201d estreia no Sesc Tijuca\",\"isPartOf\":{\"@id\":\"https:\/\/www.pressenza.com\/pt-pt\/#website\"},\"primaryImageOfPage\":{\"@id\":\"https:\/\/www.pressenza.com\/pt-pt\/2025\/04\/espetaculo-inedito-o-infantil-solaninho-estreia-no-sesc-tijuca\/#primaryimage\"},\"image\":{\"@id\":\"https:\/\/www.pressenza.com\/pt-pt\/2025\/04\/espetaculo-inedito-o-infantil-solaninho-estreia-no-sesc-tijuca\/#primaryimage\"},\"thumbnailUrl\":\"https:\/\/www.pressenza.com\/wp-content\/uploads\/2025\/04\/fotos-site-pressenza-5.jpg\",\"datePublished\":\"2025-04-07T15:29:00+00:00\",\"description\":\"TEATRO Por Marrom Glac\u00ea Realizado pelo Complexo Negra Palavra, montagem leva \u00e0 cena o resultado de uma investiga\u00e7\u00e3o dos primeiros passos de Solano\",\"breadcrumb\":{\"@id\":\"https:\/\/www.pressenza.com\/pt-pt\/2025\/04\/espetaculo-inedito-o-infantil-solaninho-estreia-no-sesc-tijuca\/#breadcrumb\"},\"inLanguage\":\"pt-PT\",\"potentialAction\":[{\"@type\":\"ReadAction\",\"target\":[\"https:\/\/www.pressenza.com\/pt-pt\/2025\/04\/espetaculo-inedito-o-infantil-solaninho-estreia-no-sesc-tijuca\/\"]}]},{\"@type\":\"ImageObject\",\"inLanguage\":\"pt-PT\",\"@id\":\"https:\/\/www.pressenza.com\/pt-pt\/2025\/04\/espetaculo-inedito-o-infantil-solaninho-estreia-no-sesc-tijuca\/#primaryimage\",\"url\":\"https:\/\/www.pressenza.com\/wp-content\/uploads\/2025\/04\/fotos-site-pressenza-5.jpg\",\"contentUrl\":\"https:\/\/www.pressenza.com\/wp-content\/uploads\/2025\/04\/fotos-site-pressenza-5.jpg\",\"width\":750,\"height\":420},{\"@type\":\"BreadcrumbList\",\"@id\":\"https:\/\/www.pressenza.com\/pt-pt\/2025\/04\/espetaculo-inedito-o-infantil-solaninho-estreia-no-sesc-tijuca\/#breadcrumb\",\"itemListElement\":[{\"@type\":\"ListItem\",\"position\":1,\"name\":\"Accueil\",\"item\":\"https:\/\/www.pressenza.com\/pt-pt\/\"},{\"@type\":\"ListItem\",\"position\":2,\"name\":\"Espet\u00e1culo in\u00e9dito, o infantil \u201cSOLANINHO\u201d estreia no Sesc Tijuca\"}]},{\"@type\":\"WebSite\",\"@id\":\"https:\/\/www.pressenza.com\/pt-pt\/#website\",\"url\":\"https:\/\/www.pressenza.com\/pt-pt\/\",\"name\":\"Pressenza\",\"description\":\"International Press Agency\",\"publisher\":{\"@id\":\"https:\/\/www.pressenza.com\/pt-pt\/#organization\"},\"potentialAction\":[{\"@type\":\"SearchAction\",\"target\":{\"@type\":\"EntryPoint\",\"urlTemplate\":\"https:\/\/www.pressenza.com\/pt-pt\/?s={search_term_string}\"},\"query-input\":{\"@type\":\"PropertyValueSpecification\",\"valueRequired\":true,\"valueName\":\"search_term_string\"}}],\"inLanguage\":\"pt-PT\"},{\"@type\":\"Organization\",\"@id\":\"https:\/\/www.pressenza.com\/pt-pt\/#organization\",\"name\":\"Pressenza\",\"url\":\"https:\/\/www.pressenza.com\/pt-pt\/\",\"logo\":{\"@type\":\"ImageObject\",\"inLanguage\":\"pt-PT\",\"@id\":\"https:\/\/www.pressenza.com\/pt-pt\/#\/schema\/logo\/image\/\",\"url\":\"https:\/\/www.pressenza.com\/wp-content\/uploads\/2022\/10\/pressenza_logo_200x200.jpg\",\"contentUrl\":\"https:\/\/www.pressenza.com\/wp-content\/uploads\/2022\/10\/pressenza_logo_200x200.jpg\",\"width\":200,\"height\":200,\"caption\":\"Pressenza\"},\"image\":{\"@id\":\"https:\/\/www.pressenza.com\/pt-pt\/#\/schema\/logo\/image\/\"},\"sameAs\":[\"https:\/\/www.facebook.com\/PressenzaItalia\",\"https:\/\/x.com\/PressenzaIPA\"]},{\"@type\":\"Person\",\"@id\":\"https:\/\/www.pressenza.com\/pt-pt\/#\/schema\/person\/6925e927f8ff3a0cdb838320c5d12259\",\"name\":\"Reda\u00e7\u00e3o Rio de Janeiro\",\"description\":\"News published by the Pressenza bureau in Rio de Janeiro, Brazil\",\"url\":\"https:\/\/www.pressenza.com\/pt-pt\/author\/redacao-rio-de-janeiro\/\"}]}<\/script>\n<!-- \/ Yoast SEO plugin. -->","yoast_head_json":{"title":"Espet\u00e1culo in\u00e9dito, o infantil \u201cSOLANINHO\u201d estreia no Sesc Tijuca","description":"TEATRO Por Marrom Glac\u00ea Realizado pelo Complexo Negra Palavra, montagem leva \u00e0 cena o resultado de uma investiga\u00e7\u00e3o dos primeiros passos de Solano","robots":{"index":"index","follow":"follow","max-snippet":"max-snippet:-1","max-image-preview":"max-image-preview:large","max-video-preview":"max-video-preview:-1"},"canonical":"https:\/\/www.pressenza.com\/pt-pt\/2025\/04\/espetaculo-inedito-o-infantil-solaninho-estreia-no-sesc-tijuca\/","og_locale":"pt_PT","og_type":"article","og_title":"Espet\u00e1culo in\u00e9dito, o infantil \u201cSOLANINHO\u201d estreia no Sesc Tijuca","og_description":"TEATRO Por Marrom Glac\u00ea Realizado pelo Complexo Negra Palavra, montagem leva \u00e0 cena o resultado de uma investiga\u00e7\u00e3o dos primeiros passos de Solano","og_url":"https:\/\/www.pressenza.com\/pt-pt\/2025\/04\/espetaculo-inedito-o-infantil-solaninho-estreia-no-sesc-tijuca\/","og_site_name":"Pressenza","article_publisher":"https:\/\/www.facebook.com\/PressenzaItalia","article_published_time":"2025-04-07T15:29:00+00:00","og_image":[{"width":750,"height":420,"url":"https:\/\/www.pressenza.com\/wp-content\/uploads\/2025\/04\/fotos-site-pressenza-5.jpg","type":"image\/jpeg"}],"author":"Reda\u00e7\u00e3o Rio de Janeiro","twitter_card":"summary_large_image","twitter_creator":"@PressenzaIPA","twitter_site":"@PressenzaIPA","twitter_misc":{"Escrito por":"Reda\u00e7\u00e3o Rio de Janeiro","Tempo estimado de leitura":"7 minutos"},"schema":{"@context":"https:\/\/schema.org","@graph":[{"@type":"Article","@id":"https:\/\/www.pressenza.com\/pt-pt\/2025\/04\/espetaculo-inedito-o-infantil-solaninho-estreia-no-sesc-tijuca\/#article","isPartOf":{"@id":"https:\/\/www.pressenza.com\/pt-pt\/2025\/04\/espetaculo-inedito-o-infantil-solaninho-estreia-no-sesc-tijuca\/"},"author":{"name":"Reda\u00e7\u00e3o Rio de Janeiro","@id":"https:\/\/www.pressenza.com\/pt-pt\/#\/schema\/person\/6925e927f8ff3a0cdb838320c5d12259"},"headline":"Espet\u00e1culo in\u00e9dito, o infantil \u201cSOLANINHO\u201d estreia no Sesc Tijuca","datePublished":"2025-04-07T15:29:00+00:00","mainEntityOfPage":{"@id":"https:\/\/www.pressenza.com\/pt-pt\/2025\/04\/espetaculo-inedito-o-infantil-solaninho-estreia-no-sesc-tijuca\/"},"wordCount":1378,"publisher":{"@id":"https:\/\/www.pressenza.com\/pt-pt\/#organization"},"image":{"@id":"https:\/\/www.pressenza.com\/pt-pt\/2025\/04\/espetaculo-inedito-o-infantil-solaninho-estreia-no-sesc-tijuca\/#primaryimage"},"thumbnailUrl":"https:\/\/www.pressenza.com\/wp-content\/uploads\/2025\/04\/fotos-site-pressenza-5.jpg","keywords":["caderno de cultura","teatro"],"articleSection":["\u00c1m\u00e9rica do Sul","Conte\u00fado Original","Cultura e M\u00eddia","Nota de imprensa"],"inLanguage":"pt-PT"},{"@type":"WebPage","@id":"https:\/\/www.pressenza.com\/pt-pt\/2025\/04\/espetaculo-inedito-o-infantil-solaninho-estreia-no-sesc-tijuca\/","url":"https:\/\/www.pressenza.com\/pt-pt\/2025\/04\/espetaculo-inedito-o-infantil-solaninho-estreia-no-sesc-tijuca\/","name":"Espet\u00e1culo in\u00e9dito, o infantil \u201cSOLANINHO\u201d estreia no Sesc Tijuca","isPartOf":{"@id":"https:\/\/www.pressenza.com\/pt-pt\/#website"},"primaryImageOfPage":{"@id":"https:\/\/www.pressenza.com\/pt-pt\/2025\/04\/espetaculo-inedito-o-infantil-solaninho-estreia-no-sesc-tijuca\/#primaryimage"},"image":{"@id":"https:\/\/www.pressenza.com\/pt-pt\/2025\/04\/espetaculo-inedito-o-infantil-solaninho-estreia-no-sesc-tijuca\/#primaryimage"},"thumbnailUrl":"https:\/\/www.pressenza.com\/wp-content\/uploads\/2025\/04\/fotos-site-pressenza-5.jpg","datePublished":"2025-04-07T15:29:00+00:00","description":"TEATRO Por Marrom Glac\u00ea Realizado pelo Complexo Negra Palavra, montagem leva \u00e0 cena o resultado de uma investiga\u00e7\u00e3o dos primeiros passos de Solano","breadcrumb":{"@id":"https:\/\/www.pressenza.com\/pt-pt\/2025\/04\/espetaculo-inedito-o-infantil-solaninho-estreia-no-sesc-tijuca\/#breadcrumb"},"inLanguage":"pt-PT","potentialAction":[{"@type":"ReadAction","target":["https:\/\/www.pressenza.com\/pt-pt\/2025\/04\/espetaculo-inedito-o-infantil-solaninho-estreia-no-sesc-tijuca\/"]}]},{"@type":"ImageObject","inLanguage":"pt-PT","@id":"https:\/\/www.pressenza.com\/pt-pt\/2025\/04\/espetaculo-inedito-o-infantil-solaninho-estreia-no-sesc-tijuca\/#primaryimage","url":"https:\/\/www.pressenza.com\/wp-content\/uploads\/2025\/04\/fotos-site-pressenza-5.jpg","contentUrl":"https:\/\/www.pressenza.com\/wp-content\/uploads\/2025\/04\/fotos-site-pressenza-5.jpg","width":750,"height":420},{"@type":"BreadcrumbList","@id":"https:\/\/www.pressenza.com\/pt-pt\/2025\/04\/espetaculo-inedito-o-infantil-solaninho-estreia-no-sesc-tijuca\/#breadcrumb","itemListElement":[{"@type":"ListItem","position":1,"name":"Accueil","item":"https:\/\/www.pressenza.com\/pt-pt\/"},{"@type":"ListItem","position":2,"name":"Espet\u00e1culo in\u00e9dito, o infantil \u201cSOLANINHO\u201d estreia no Sesc Tijuca"}]},{"@type":"WebSite","@id":"https:\/\/www.pressenza.com\/pt-pt\/#website","url":"https:\/\/www.pressenza.com\/pt-pt\/","name":"Pressenza","description":"International Press Agency","publisher":{"@id":"https:\/\/www.pressenza.com\/pt-pt\/#organization"},"potentialAction":[{"@type":"SearchAction","target":{"@type":"EntryPoint","urlTemplate":"https:\/\/www.pressenza.com\/pt-pt\/?s={search_term_string}"},"query-input":{"@type":"PropertyValueSpecification","valueRequired":true,"valueName":"search_term_string"}}],"inLanguage":"pt-PT"},{"@type":"Organization","@id":"https:\/\/www.pressenza.com\/pt-pt\/#organization","name":"Pressenza","url":"https:\/\/www.pressenza.com\/pt-pt\/","logo":{"@type":"ImageObject","inLanguage":"pt-PT","@id":"https:\/\/www.pressenza.com\/pt-pt\/#\/schema\/logo\/image\/","url":"https:\/\/www.pressenza.com\/wp-content\/uploads\/2022\/10\/pressenza_logo_200x200.jpg","contentUrl":"https:\/\/www.pressenza.com\/wp-content\/uploads\/2022\/10\/pressenza_logo_200x200.jpg","width":200,"height":200,"caption":"Pressenza"},"image":{"@id":"https:\/\/www.pressenza.com\/pt-pt\/#\/schema\/logo\/image\/"},"sameAs":["https:\/\/www.facebook.com\/PressenzaItalia","https:\/\/x.com\/PressenzaIPA"]},{"@type":"Person","@id":"https:\/\/www.pressenza.com\/pt-pt\/#\/schema\/person\/6925e927f8ff3a0cdb838320c5d12259","name":"Reda\u00e7\u00e3o Rio de Janeiro","description":"News published by the Pressenza bureau in Rio de Janeiro, Brazil","url":"https:\/\/www.pressenza.com\/pt-pt\/author\/redacao-rio-de-janeiro\/"}]}},"place":"","original_article_url":"","_links":{"self":[{"href":"https:\/\/www.pressenza.com\/pt-pt\/wp-json\/wp\/v2\/posts\/2595919","targetHints":{"allow":["GET"]}}],"collection":[{"href":"https:\/\/www.pressenza.com\/pt-pt\/wp-json\/wp\/v2\/posts"}],"about":[{"href":"https:\/\/www.pressenza.com\/pt-pt\/wp-json\/wp\/v2\/types\/post"}],"author":[{"embeddable":true,"href":"https:\/\/www.pressenza.com\/pt-pt\/wp-json\/wp\/v2\/users\/1685"}],"replies":[{"embeddable":true,"href":"https:\/\/www.pressenza.com\/pt-pt\/wp-json\/wp\/v2\/comments?post=2595919"}],"version-history":[{"count":0,"href":"https:\/\/www.pressenza.com\/pt-pt\/wp-json\/wp\/v2\/posts\/2595919\/revisions"}],"wp:featuredmedia":[{"embeddable":true,"href":"https:\/\/www.pressenza.com\/pt-pt\/wp-json\/wp\/v2\/media\/2595921"}],"wp:attachment":[{"href":"https:\/\/www.pressenza.com\/pt-pt\/wp-json\/wp\/v2\/media?parent=2595919"}],"wp:term":[{"taxonomy":"category","embeddable":true,"href":"https:\/\/www.pressenza.com\/pt-pt\/wp-json\/wp\/v2\/categories?post=2595919"},{"taxonomy":"post_tag","embeddable":true,"href":"https:\/\/www.pressenza.com\/pt-pt\/wp-json\/wp\/v2\/tags?post=2595919"}],"curies":[{"name":"wp","href":"https:\/\/api.w.org\/{rel}","templated":true}]}}