{"id":2586265,"date":"2025-02-28T21:59:29","date_gmt":"2025-02-28T21:59:29","guid":{"rendered":"https:\/\/www.pressenza.com\/?p=2586265"},"modified":"2025-02-28T22:24:26","modified_gmt":"2025-02-28T22:24:26","slug":"cia-teatral-queimados-encena-realiza-a-4a-edicao-do-festflum-festival-fluminense-de-monologos","status":"publish","type":"post","link":"https:\/\/www.pressenza.com\/pt-pt\/2025\/02\/cia-teatral-queimados-encena-realiza-a-4a-edicao-do-festflum-festival-fluminense-de-monologos\/","title":{"rendered":"Cia. Teatral Queimados Encena realiza a 4\u00aa edi\u00e7\u00e3o do Festflum &#8211; Festival Fluminense de Mon\u00f3logos"},"content":{"rendered":"<h5><span style=\"color: #999999;\">TEATRO<\/span><\/h5>\n<p><em><strong>Por Raphaelle Santana<\/strong><\/em><\/p>\n<h1 style=\"text-align: center;\">Com o objetivo de reunir diferentes grupos teatrais do Estado do Rio de Janeiro, a Companhia Teatral Queimados Encena realiza a 4\u00aa edi\u00e7\u00e3o do Festflum &#8211; Festival Fluminense de Mon\u00f3logos &#8211; Edi\u00e7\u00e3o Afro-Brasileira, no Museu da Hist\u00f3ria e da Cultura Afro-Brasileira (MUHCAB), entre os dias 25 de mar\u00e7o e 6 de abril.<\/h1>\n<p>As inscri\u00e7\u00f5es podem ser realizadas entre os dias 3 e 28 de fevereiro, no site da Cia Teatral.\u00a0 Al\u00e9m disso, a organiza\u00e7\u00e3o tamb\u00e9m oferecer\u00e1, gratuitamente, uma oficina teatral sobre encena\u00e7\u00e3o solo, com Hilton Cobra, e um debate sobre escolhas est\u00e9ticas e tem\u00e1ticas, com Carmen Luz.<\/p>\n<p>Ao todo, ser\u00e3o 10 apresenta\u00e7\u00f5es teatrais de mon\u00f3logos com tem\u00e1tica Afro-Brasileira, selecionados atrav\u00e9s de chamada p\u00fablica por um j\u00fari, durante duas semanas, com entrada gratuita, premia\u00e7\u00e3o em dinheiro para melhor int\u00e9rprete, ajuda de custo para os selecionados e entrega de trof\u00e9us de participa\u00e7\u00e3o.<\/p>\n<p>Nos \u00faltimos tempos acompanhamos debates sobre a aus\u00eancia de int\u00e9rpretes negros no audiovisual de um Brasil com 54% de pessoas autodeclaradas negras. Em paralelo a isso, in\u00fameros artistas utilizam o teatro, como ferramenta de trabalho para desenvolver projetos economicamente poss\u00edveis, que discutam a quest\u00e3o racial da na\u00e7\u00e3o. Sendo assim, Leandro Santanna, diretor art\u00edstico e um dos fundadores da Cia Teatral, refor\u00e7a a import\u00e2ncia de se levar o Festival para o MUHCAB, renovando as conex\u00f5es com a ancestralidade.<\/p>\n<p>\u201cTrazemos mais uma edi\u00e7\u00e3o para a Pequena \u00c1frica para refor\u00e7ar a import\u00e2ncia da centralidade deste territ\u00f3rio para todo o Estado do Rio de Janeiro e estimular a circula\u00e7\u00e3o de espet\u00e1culos dos diversos munic\u00edpios fluminenses na capital Carioca\u201d, explica.<\/p>\n<p>Ele ainda enfatiza que o desejo da Cia Teatral \u00e9 \u201ccelebrar int\u00e9rpretes que se dedicam \u00e0 carpintaria da constru\u00e7\u00e3o minuciosa dos personagens se renova a cada edi\u00e7\u00e3o do Festflum, e est\u00e1 sempre conectado com as janelas abertas, ou n\u00e3o, pelo mercado teatral. A cena Fluminense vem investindo bastante na cria\u00e7\u00e3o de in\u00fameros espet\u00e1culos que discutem a negritude brasileira e a constru\u00e7\u00e3o deste pa\u00eds totalmente afro-influenciado\u201d, reflete Santanna.<\/p>\n<p>Ao final das apresenta\u00e7\u00f5es ser\u00e3o realizadas discuss\u00f5es sobre os temas apresentados em cada um dos espet\u00e1culos e a \u201cconvoca\u00e7\u00e3o\u201d para esse grande debate se dar\u00e1 por chamada p\u00fablica, nas redes sociais. As obras disputar\u00e3o uma premia\u00e7\u00e3o de R$3.500 para melhor int\u00e9rprete e a escolha ser\u00e1 feita por um j\u00fari, formado por profissionais de not\u00f3rio conhecimento da \u00e1rea para compor as duas semanas de apresenta\u00e7\u00f5es gratuitas para o p\u00fablico e convidados.<\/p>\n<p>Marcelo Vi\u00e9gas, coordenador geral do festival e tamb\u00e9m um dos fundadores da Queimados Encena refor\u00e7a a import\u00e2ncia de se debater o assunto e explica como ser\u00e1 a edi\u00e7\u00e3o deste ano do Festival.<\/p>\n<p>\u201cEntendemos que o tema precisa ser debatido mais uma vez e, para isso, queremos ampliar de cinco para 10 mon\u00f3logos, priorizando a mulher negra e a comunidade negra LGBTQIA+ como desdobramento do tema afro-brasileiro, promovendo tamb\u00e9m uma oficina e um debate, atingindo aproximadamente mais de 1.600 pessoas\u201d, aponta Vi\u00e9gas.<\/p>\n<p>O Festflum conta com o patroc\u00ednio da Prefeitura Municipal do Rio de Janeiro e foi contemplado no edital Programa Integra Rio, da Secretaria Especial de Integra\u00e7\u00e3o Metropolitana da Cidade do Rio de Janeiro (SEIM) e tem como objetivos estabelecer interc\u00e2mbio cultural entre os participantes, al\u00e9m de promover a estrutura\u00e7\u00e3o e amplia\u00e7\u00e3o do mercado de trabalho para artistas e t\u00e9cnicos em artes c\u00eanicas, valorizar o trabalho dos artistas fluminense, principalmente das periferias e discutir a negritude brasileira e a constru\u00e7\u00e3o deste pa\u00eds totalmente afro-influenciado.<\/p>\n<p>\u201cO Festival de teatro, debatendo uma quest\u00e3o t\u00e3o atual e importante para a nossa na\u00e7\u00e3o, gratuito e aberto a todas as pessoas do estado, traz um ganho social sem precedentes e traz para a cidade do Rio de janeiro os mais variados tipos de pensamentos e saberes, provocando troca e enriquecimento social imensur\u00e1vel, para quem participa e para quem assiste\u201d, pontua \u00a0Leandro Santanna.<\/p>\n<p>\u201cE com uma oficina teatral gratuita sobre encena\u00e7\u00e3o solo com Hilton Cobra e um debate gratuito sobre escolhas est\u00e9ticas e tem\u00e1ticas com Carmen Luz, ir\u00e1 potencializar esses resultados e enriquecer essa experi\u00eancia cultural\u201d, finaliza o diretor art\u00edstico e fundador da Cia Teatral Queimados Encena.<\/p>\n<p><strong>SOBRE A QUEIMADOS ENCENA<\/strong><\/p>\n<p>A Companhia Teatral Queimados Encena possui mais de 20 anos de atividades e acumula em seu curr\u00edculo mais de 20 espet\u00e1culos teatrais, projetos como rodas de leituras dramatizadas, saraus autorais, oficinas teatrais para crian\u00e7as, jovens e adultos, eventos musicais e liter\u00e1rios.<\/p>\n<p><strong>SERVI\u00c7OS:<\/strong><br \/>\n4\u00ba Festflum \u00a0\u2013 Festival Fluminense de Mon\u00f3logos &#8211; Edi\u00e7\u00e3o Afro-Brasileira<\/p>\n<p>De 25 de mar\u00e7o a 6 de abril<\/p>\n<p>Inscri\u00e7\u00f5es: de 3 a 28 de fevereiro (\u00a0<a href=\"https:\/\/ciateatralqueimadosencena.wordpress.com\/festflum\/\" target=\"_blank\" rel=\"noopener\" data-saferedirecturl=\"https:\/\/www.google.com\/url?q=https:\/\/ciateatralqueimadosencena.wordpress.com\/festflum\/&amp;source=gmail&amp;ust=1740865618946000&amp;usg=AOvVaw2cPDNYPIaSfd7PCYlCVcUC\">Companhia Teatral Queimados Encena<\/a>)<\/p>\n<p>Museu da Hist\u00f3ria e da Cultura Afro-Brasileira (MUHCAB) &#8211; R. Pedro Ernesto, 80 &#8211; Gamboa, Rio de Janeiro<\/p>\n<p>Evento gratuito<\/p>\n","protected":false},"excerpt":{"rendered":"<p>TEATRO Por Raphaelle Santana Com o objetivo de reunir diferentes grupos teatrais do Estado do Rio de Janeiro, a Companhia Teatral Queimados Encena realiza a 4\u00aa edi\u00e7\u00e3o do Festflum &#8211; Festival Fluminense de Mon\u00f3logos &#8211; Edi\u00e7\u00e3o Afro-Brasileira, no Museu da&hellip;<\/p>\n","protected":false},"author":1685,"featured_media":2586267,"comment_status":"closed","ping_status":"closed","sticky":false,"template":"","format":"standard","meta":{"footnotes":""},"categories":[104,11390,112,153],"tags":[75238,75312],"class_list":["post-2586265","post","type-post","status-publish","format-standard","has-post-thumbnail","hentry","category-america-do-sul","category-conteudo-original","category-cultura-pt-pt","category-nota-de-imprensa","tag-caderno-de-cultura","tag-teatro-pt-pt"],"yoast_head":"<!-- This site is optimized with the Yoast SEO plugin v27.1.1 - https:\/\/yoast.com\/product\/yoast-seo-wordpress\/ -->\n<title>Cia. Teatral Queimados Encena realiza a 4\u00aa edi\u00e7\u00e3o do Festflum - Festival Fluminense de Mon\u00f3logos<\/title>\n<meta name=\"description\" content=\"TEATRO Por Raphaelle Santana Com o objetivo de reunir diferentes grupos teatrais do Estado do Rio de Janeiro, a Companhia Teatral Queimados Encena realiza\" \/>\n<meta name=\"robots\" content=\"index, follow, max-snippet:-1, max-image-preview:large, max-video-preview:-1\" \/>\n<link rel=\"canonical\" href=\"https:\/\/www.pressenza.com\/pt-pt\/2025\/02\/cia-teatral-queimados-encena-realiza-a-4a-edicao-do-festflum-festival-fluminense-de-monologos\/\" \/>\n<meta property=\"og:locale\" content=\"pt_PT\" \/>\n<meta property=\"og:type\" content=\"article\" \/>\n<meta property=\"og:title\" content=\"Cia. Teatral Queimados Encena realiza a 4\u00aa edi\u00e7\u00e3o do Festflum - Festival Fluminense de Mon\u00f3logos\" \/>\n<meta property=\"og:description\" content=\"TEATRO Por Raphaelle Santana Com o objetivo de reunir diferentes grupos teatrais do Estado do Rio de Janeiro, a Companhia Teatral Queimados Encena realiza\" \/>\n<meta property=\"og:url\" content=\"https:\/\/www.pressenza.com\/pt-pt\/2025\/02\/cia-teatral-queimados-encena-realiza-a-4a-edicao-do-festflum-festival-fluminense-de-monologos\/\" \/>\n<meta property=\"og:site_name\" content=\"Pressenza\" \/>\n<meta property=\"article:publisher\" content=\"https:\/\/www.facebook.com\/PressenzaItalia\" \/>\n<meta property=\"article:published_time\" content=\"2025-02-28T21:59:29+00:00\" \/>\n<meta property=\"article:modified_time\" content=\"2025-02-28T22:24:26+00:00\" \/>\n<meta property=\"og:image\" content=\"https:\/\/www.pressenza.com\/wp-content\/uploads\/2025\/02\/fotos-site-pressenza-16.jpg\" \/>\n\t<meta property=\"og:image:width\" content=\"750\" \/>\n\t<meta property=\"og:image:height\" content=\"420\" \/>\n\t<meta property=\"og:image:type\" content=\"image\/jpeg\" \/>\n<meta name=\"author\" content=\"Reda\u00e7\u00e3o Rio de Janeiro\" \/>\n<meta name=\"twitter:card\" content=\"summary_large_image\" \/>\n<meta name=\"twitter:creator\" content=\"@PressenzaIPA\" \/>\n<meta name=\"twitter:site\" content=\"@PressenzaIPA\" \/>\n<meta name=\"twitter:label1\" content=\"Escrito por\" \/>\n\t<meta name=\"twitter:data1\" content=\"Reda\u00e7\u00e3o Rio de Janeiro\" \/>\n\t<meta name=\"twitter:label2\" content=\"Tempo estimado de leitura\" \/>\n\t<meta name=\"twitter:data2\" content=\"5 minutos\" \/>\n<script type=\"application\/ld+json\" class=\"yoast-schema-graph\">{\"@context\":\"https:\/\/schema.org\",\"@graph\":[{\"@type\":\"Article\",\"@id\":\"https:\/\/www.pressenza.com\/pt-pt\/2025\/02\/cia-teatral-queimados-encena-realiza-a-4a-edicao-do-festflum-festival-fluminense-de-monologos\/#article\",\"isPartOf\":{\"@id\":\"https:\/\/www.pressenza.com\/pt-pt\/2025\/02\/cia-teatral-queimados-encena-realiza-a-4a-edicao-do-festflum-festival-fluminense-de-monologos\/\"},\"author\":{\"name\":\"Reda\u00e7\u00e3o Rio de Janeiro\",\"@id\":\"https:\/\/www.pressenza.com\/pt-pt\/#\/schema\/person\/6925e927f8ff3a0cdb838320c5d12259\"},\"headline\":\"Cia. Teatral Queimados Encena realiza a 4\u00aa edi\u00e7\u00e3o do Festflum &#8211; Festival Fluminense de Mon\u00f3logos\",\"datePublished\":\"2025-02-28T21:59:29+00:00\",\"dateModified\":\"2025-02-28T22:24:26+00:00\",\"mainEntityOfPage\":{\"@id\":\"https:\/\/www.pressenza.com\/pt-pt\/2025\/02\/cia-teatral-queimados-encena-realiza-a-4a-edicao-do-festflum-festival-fluminense-de-monologos\/\"},\"wordCount\":857,\"publisher\":{\"@id\":\"https:\/\/www.pressenza.com\/pt-pt\/#organization\"},\"image\":{\"@id\":\"https:\/\/www.pressenza.com\/pt-pt\/2025\/02\/cia-teatral-queimados-encena-realiza-a-4a-edicao-do-festflum-festival-fluminense-de-monologos\/#primaryimage\"},\"thumbnailUrl\":\"https:\/\/www.pressenza.com\/wp-content\/uploads\/2025\/02\/fotos-site-pressenza-16.jpg\",\"keywords\":[\"caderno de cultura\",\"teatro\"],\"articleSection\":[\"\u00c1m\u00e9rica do Sul\",\"Conte\u00fado Original\",\"Cultura e M\u00eddia\",\"Nota de imprensa\"],\"inLanguage\":\"pt-PT\"},{\"@type\":\"WebPage\",\"@id\":\"https:\/\/www.pressenza.com\/pt-pt\/2025\/02\/cia-teatral-queimados-encena-realiza-a-4a-edicao-do-festflum-festival-fluminense-de-monologos\/\",\"url\":\"https:\/\/www.pressenza.com\/pt-pt\/2025\/02\/cia-teatral-queimados-encena-realiza-a-4a-edicao-do-festflum-festival-fluminense-de-monologos\/\",\"name\":\"Cia. Teatral Queimados Encena realiza a 4\u00aa edi\u00e7\u00e3o do Festflum - Festival Fluminense de Mon\u00f3logos\",\"isPartOf\":{\"@id\":\"https:\/\/www.pressenza.com\/pt-pt\/#website\"},\"primaryImageOfPage\":{\"@id\":\"https:\/\/www.pressenza.com\/pt-pt\/2025\/02\/cia-teatral-queimados-encena-realiza-a-4a-edicao-do-festflum-festival-fluminense-de-monologos\/#primaryimage\"},\"image\":{\"@id\":\"https:\/\/www.pressenza.com\/pt-pt\/2025\/02\/cia-teatral-queimados-encena-realiza-a-4a-edicao-do-festflum-festival-fluminense-de-monologos\/#primaryimage\"},\"thumbnailUrl\":\"https:\/\/www.pressenza.com\/wp-content\/uploads\/2025\/02\/fotos-site-pressenza-16.jpg\",\"datePublished\":\"2025-02-28T21:59:29+00:00\",\"dateModified\":\"2025-02-28T22:24:26+00:00\",\"description\":\"TEATRO Por Raphaelle Santana Com o objetivo de reunir diferentes grupos teatrais do Estado do Rio de Janeiro, a Companhia Teatral Queimados Encena realiza\",\"breadcrumb\":{\"@id\":\"https:\/\/www.pressenza.com\/pt-pt\/2025\/02\/cia-teatral-queimados-encena-realiza-a-4a-edicao-do-festflum-festival-fluminense-de-monologos\/#breadcrumb\"},\"inLanguage\":\"pt-PT\",\"potentialAction\":[{\"@type\":\"ReadAction\",\"target\":[\"https:\/\/www.pressenza.com\/pt-pt\/2025\/02\/cia-teatral-queimados-encena-realiza-a-4a-edicao-do-festflum-festival-fluminense-de-monologos\/\"]}]},{\"@type\":\"ImageObject\",\"inLanguage\":\"pt-PT\",\"@id\":\"https:\/\/www.pressenza.com\/pt-pt\/2025\/02\/cia-teatral-queimados-encena-realiza-a-4a-edicao-do-festflum-festival-fluminense-de-monologos\/#primaryimage\",\"url\":\"https:\/\/www.pressenza.com\/wp-content\/uploads\/2025\/02\/fotos-site-pressenza-16.jpg\",\"contentUrl\":\"https:\/\/www.pressenza.com\/wp-content\/uploads\/2025\/02\/fotos-site-pressenza-16.jpg\",\"width\":750,\"height\":420},{\"@type\":\"BreadcrumbList\",\"@id\":\"https:\/\/www.pressenza.com\/pt-pt\/2025\/02\/cia-teatral-queimados-encena-realiza-a-4a-edicao-do-festflum-festival-fluminense-de-monologos\/#breadcrumb\",\"itemListElement\":[{\"@type\":\"ListItem\",\"position\":1,\"name\":\"Accueil\",\"item\":\"https:\/\/www.pressenza.com\/pt-pt\/\"},{\"@type\":\"ListItem\",\"position\":2,\"name\":\"Cia. Teatral Queimados Encena realiza a 4\u00aa edi\u00e7\u00e3o do Festflum &#8211; Festival Fluminense de Mon\u00f3logos\"}]},{\"@type\":\"WebSite\",\"@id\":\"https:\/\/www.pressenza.com\/pt-pt\/#website\",\"url\":\"https:\/\/www.pressenza.com\/pt-pt\/\",\"name\":\"Pressenza\",\"description\":\"International Press Agency\",\"publisher\":{\"@id\":\"https:\/\/www.pressenza.com\/pt-pt\/#organization\"},\"potentialAction\":[{\"@type\":\"SearchAction\",\"target\":{\"@type\":\"EntryPoint\",\"urlTemplate\":\"https:\/\/www.pressenza.com\/pt-pt\/?s={search_term_string}\"},\"query-input\":{\"@type\":\"PropertyValueSpecification\",\"valueRequired\":true,\"valueName\":\"search_term_string\"}}],\"inLanguage\":\"pt-PT\"},{\"@type\":\"Organization\",\"@id\":\"https:\/\/www.pressenza.com\/pt-pt\/#organization\",\"name\":\"Pressenza\",\"url\":\"https:\/\/www.pressenza.com\/pt-pt\/\",\"logo\":{\"@type\":\"ImageObject\",\"inLanguage\":\"pt-PT\",\"@id\":\"https:\/\/www.pressenza.com\/pt-pt\/#\/schema\/logo\/image\/\",\"url\":\"https:\/\/www.pressenza.com\/wp-content\/uploads\/2022\/10\/pressenza_logo_200x200.jpg\",\"contentUrl\":\"https:\/\/www.pressenza.com\/wp-content\/uploads\/2022\/10\/pressenza_logo_200x200.jpg\",\"width\":200,\"height\":200,\"caption\":\"Pressenza\"},\"image\":{\"@id\":\"https:\/\/www.pressenza.com\/pt-pt\/#\/schema\/logo\/image\/\"},\"sameAs\":[\"https:\/\/www.facebook.com\/PressenzaItalia\",\"https:\/\/x.com\/PressenzaIPA\"]},{\"@type\":\"Person\",\"@id\":\"https:\/\/www.pressenza.com\/pt-pt\/#\/schema\/person\/6925e927f8ff3a0cdb838320c5d12259\",\"name\":\"Reda\u00e7\u00e3o Rio de Janeiro\",\"description\":\"News published by the Pressenza bureau in Rio de Janeiro, Brazil\",\"url\":\"https:\/\/www.pressenza.com\/pt-pt\/author\/redacao-rio-de-janeiro\/\"}]}<\/script>\n<!-- \/ Yoast SEO plugin. -->","yoast_head_json":{"title":"Cia. Teatral Queimados Encena realiza a 4\u00aa edi\u00e7\u00e3o do Festflum - Festival Fluminense de Mon\u00f3logos","description":"TEATRO Por Raphaelle Santana Com o objetivo de reunir diferentes grupos teatrais do Estado do Rio de Janeiro, a Companhia Teatral Queimados Encena realiza","robots":{"index":"index","follow":"follow","max-snippet":"max-snippet:-1","max-image-preview":"max-image-preview:large","max-video-preview":"max-video-preview:-1"},"canonical":"https:\/\/www.pressenza.com\/pt-pt\/2025\/02\/cia-teatral-queimados-encena-realiza-a-4a-edicao-do-festflum-festival-fluminense-de-monologos\/","og_locale":"pt_PT","og_type":"article","og_title":"Cia. Teatral Queimados Encena realiza a 4\u00aa edi\u00e7\u00e3o do Festflum - Festival Fluminense de Mon\u00f3logos","og_description":"TEATRO Por Raphaelle Santana Com o objetivo de reunir diferentes grupos teatrais do Estado do Rio de Janeiro, a Companhia Teatral Queimados Encena realiza","og_url":"https:\/\/www.pressenza.com\/pt-pt\/2025\/02\/cia-teatral-queimados-encena-realiza-a-4a-edicao-do-festflum-festival-fluminense-de-monologos\/","og_site_name":"Pressenza","article_publisher":"https:\/\/www.facebook.com\/PressenzaItalia","article_published_time":"2025-02-28T21:59:29+00:00","article_modified_time":"2025-02-28T22:24:26+00:00","og_image":[{"width":750,"height":420,"url":"https:\/\/www.pressenza.com\/wp-content\/uploads\/2025\/02\/fotos-site-pressenza-16.jpg","type":"image\/jpeg"}],"author":"Reda\u00e7\u00e3o Rio de Janeiro","twitter_card":"summary_large_image","twitter_creator":"@PressenzaIPA","twitter_site":"@PressenzaIPA","twitter_misc":{"Escrito por":"Reda\u00e7\u00e3o Rio de Janeiro","Tempo estimado de leitura":"5 minutos"},"schema":{"@context":"https:\/\/schema.org","@graph":[{"@type":"Article","@id":"https:\/\/www.pressenza.com\/pt-pt\/2025\/02\/cia-teatral-queimados-encena-realiza-a-4a-edicao-do-festflum-festival-fluminense-de-monologos\/#article","isPartOf":{"@id":"https:\/\/www.pressenza.com\/pt-pt\/2025\/02\/cia-teatral-queimados-encena-realiza-a-4a-edicao-do-festflum-festival-fluminense-de-monologos\/"},"author":{"name":"Reda\u00e7\u00e3o Rio de Janeiro","@id":"https:\/\/www.pressenza.com\/pt-pt\/#\/schema\/person\/6925e927f8ff3a0cdb838320c5d12259"},"headline":"Cia. Teatral Queimados Encena realiza a 4\u00aa edi\u00e7\u00e3o do Festflum &#8211; Festival Fluminense de Mon\u00f3logos","datePublished":"2025-02-28T21:59:29+00:00","dateModified":"2025-02-28T22:24:26+00:00","mainEntityOfPage":{"@id":"https:\/\/www.pressenza.com\/pt-pt\/2025\/02\/cia-teatral-queimados-encena-realiza-a-4a-edicao-do-festflum-festival-fluminense-de-monologos\/"},"wordCount":857,"publisher":{"@id":"https:\/\/www.pressenza.com\/pt-pt\/#organization"},"image":{"@id":"https:\/\/www.pressenza.com\/pt-pt\/2025\/02\/cia-teatral-queimados-encena-realiza-a-4a-edicao-do-festflum-festival-fluminense-de-monologos\/#primaryimage"},"thumbnailUrl":"https:\/\/www.pressenza.com\/wp-content\/uploads\/2025\/02\/fotos-site-pressenza-16.jpg","keywords":["caderno de cultura","teatro"],"articleSection":["\u00c1m\u00e9rica do Sul","Conte\u00fado Original","Cultura e M\u00eddia","Nota de imprensa"],"inLanguage":"pt-PT"},{"@type":"WebPage","@id":"https:\/\/www.pressenza.com\/pt-pt\/2025\/02\/cia-teatral-queimados-encena-realiza-a-4a-edicao-do-festflum-festival-fluminense-de-monologos\/","url":"https:\/\/www.pressenza.com\/pt-pt\/2025\/02\/cia-teatral-queimados-encena-realiza-a-4a-edicao-do-festflum-festival-fluminense-de-monologos\/","name":"Cia. Teatral Queimados Encena realiza a 4\u00aa edi\u00e7\u00e3o do Festflum - Festival Fluminense de Mon\u00f3logos","isPartOf":{"@id":"https:\/\/www.pressenza.com\/pt-pt\/#website"},"primaryImageOfPage":{"@id":"https:\/\/www.pressenza.com\/pt-pt\/2025\/02\/cia-teatral-queimados-encena-realiza-a-4a-edicao-do-festflum-festival-fluminense-de-monologos\/#primaryimage"},"image":{"@id":"https:\/\/www.pressenza.com\/pt-pt\/2025\/02\/cia-teatral-queimados-encena-realiza-a-4a-edicao-do-festflum-festival-fluminense-de-monologos\/#primaryimage"},"thumbnailUrl":"https:\/\/www.pressenza.com\/wp-content\/uploads\/2025\/02\/fotos-site-pressenza-16.jpg","datePublished":"2025-02-28T21:59:29+00:00","dateModified":"2025-02-28T22:24:26+00:00","description":"TEATRO Por Raphaelle Santana Com o objetivo de reunir diferentes grupos teatrais do Estado do Rio de Janeiro, a Companhia Teatral Queimados Encena realiza","breadcrumb":{"@id":"https:\/\/www.pressenza.com\/pt-pt\/2025\/02\/cia-teatral-queimados-encena-realiza-a-4a-edicao-do-festflum-festival-fluminense-de-monologos\/#breadcrumb"},"inLanguage":"pt-PT","potentialAction":[{"@type":"ReadAction","target":["https:\/\/www.pressenza.com\/pt-pt\/2025\/02\/cia-teatral-queimados-encena-realiza-a-4a-edicao-do-festflum-festival-fluminense-de-monologos\/"]}]},{"@type":"ImageObject","inLanguage":"pt-PT","@id":"https:\/\/www.pressenza.com\/pt-pt\/2025\/02\/cia-teatral-queimados-encena-realiza-a-4a-edicao-do-festflum-festival-fluminense-de-monologos\/#primaryimage","url":"https:\/\/www.pressenza.com\/wp-content\/uploads\/2025\/02\/fotos-site-pressenza-16.jpg","contentUrl":"https:\/\/www.pressenza.com\/wp-content\/uploads\/2025\/02\/fotos-site-pressenza-16.jpg","width":750,"height":420},{"@type":"BreadcrumbList","@id":"https:\/\/www.pressenza.com\/pt-pt\/2025\/02\/cia-teatral-queimados-encena-realiza-a-4a-edicao-do-festflum-festival-fluminense-de-monologos\/#breadcrumb","itemListElement":[{"@type":"ListItem","position":1,"name":"Accueil","item":"https:\/\/www.pressenza.com\/pt-pt\/"},{"@type":"ListItem","position":2,"name":"Cia. Teatral Queimados Encena realiza a 4\u00aa edi\u00e7\u00e3o do Festflum &#8211; Festival Fluminense de Mon\u00f3logos"}]},{"@type":"WebSite","@id":"https:\/\/www.pressenza.com\/pt-pt\/#website","url":"https:\/\/www.pressenza.com\/pt-pt\/","name":"Pressenza","description":"International Press Agency","publisher":{"@id":"https:\/\/www.pressenza.com\/pt-pt\/#organization"},"potentialAction":[{"@type":"SearchAction","target":{"@type":"EntryPoint","urlTemplate":"https:\/\/www.pressenza.com\/pt-pt\/?s={search_term_string}"},"query-input":{"@type":"PropertyValueSpecification","valueRequired":true,"valueName":"search_term_string"}}],"inLanguage":"pt-PT"},{"@type":"Organization","@id":"https:\/\/www.pressenza.com\/pt-pt\/#organization","name":"Pressenza","url":"https:\/\/www.pressenza.com\/pt-pt\/","logo":{"@type":"ImageObject","inLanguage":"pt-PT","@id":"https:\/\/www.pressenza.com\/pt-pt\/#\/schema\/logo\/image\/","url":"https:\/\/www.pressenza.com\/wp-content\/uploads\/2022\/10\/pressenza_logo_200x200.jpg","contentUrl":"https:\/\/www.pressenza.com\/wp-content\/uploads\/2022\/10\/pressenza_logo_200x200.jpg","width":200,"height":200,"caption":"Pressenza"},"image":{"@id":"https:\/\/www.pressenza.com\/pt-pt\/#\/schema\/logo\/image\/"},"sameAs":["https:\/\/www.facebook.com\/PressenzaItalia","https:\/\/x.com\/PressenzaIPA"]},{"@type":"Person","@id":"https:\/\/www.pressenza.com\/pt-pt\/#\/schema\/person\/6925e927f8ff3a0cdb838320c5d12259","name":"Reda\u00e7\u00e3o Rio de Janeiro","description":"News published by the Pressenza bureau in Rio de Janeiro, Brazil","url":"https:\/\/www.pressenza.com\/pt-pt\/author\/redacao-rio-de-janeiro\/"}]}},"place":"","original_article_url":"","_links":{"self":[{"href":"https:\/\/www.pressenza.com\/pt-pt\/wp-json\/wp\/v2\/posts\/2586265","targetHints":{"allow":["GET"]}}],"collection":[{"href":"https:\/\/www.pressenza.com\/pt-pt\/wp-json\/wp\/v2\/posts"}],"about":[{"href":"https:\/\/www.pressenza.com\/pt-pt\/wp-json\/wp\/v2\/types\/post"}],"author":[{"embeddable":true,"href":"https:\/\/www.pressenza.com\/pt-pt\/wp-json\/wp\/v2\/users\/1685"}],"replies":[{"embeddable":true,"href":"https:\/\/www.pressenza.com\/pt-pt\/wp-json\/wp\/v2\/comments?post=2586265"}],"version-history":[{"count":0,"href":"https:\/\/www.pressenza.com\/pt-pt\/wp-json\/wp\/v2\/posts\/2586265\/revisions"}],"wp:featuredmedia":[{"embeddable":true,"href":"https:\/\/www.pressenza.com\/pt-pt\/wp-json\/wp\/v2\/media\/2586267"}],"wp:attachment":[{"href":"https:\/\/www.pressenza.com\/pt-pt\/wp-json\/wp\/v2\/media?parent=2586265"}],"wp:term":[{"taxonomy":"category","embeddable":true,"href":"https:\/\/www.pressenza.com\/pt-pt\/wp-json\/wp\/v2\/categories?post=2586265"},{"taxonomy":"post_tag","embeddable":true,"href":"https:\/\/www.pressenza.com\/pt-pt\/wp-json\/wp\/v2\/tags?post=2586265"}],"curies":[{"name":"wp","href":"https:\/\/api.w.org\/{rel}","templated":true}]}}