{"id":2585851,"date":"2025-02-26T23:57:02","date_gmt":"2025-02-26T23:57:02","guid":{"rendered":"https:\/\/www.pressenza.com\/?p=2585851"},"modified":"2025-02-26T23:59:29","modified_gmt":"2025-02-26T23:59:29","slug":"peca-adaptada-da-obra-de-clarice-lispector-tem-apresentacao-gratuita-o-instituto-cervantes-no-dia-13-de-marco","status":"publish","type":"post","link":"https:\/\/www.pressenza.com\/pt-pt\/2025\/02\/peca-adaptada-da-obra-de-clarice-lispector-tem-apresentacao-gratuita-o-instituto-cervantes-no-dia-13-de-marco\/","title":{"rendered":"Pe\u00e7a adaptada da obra de Clarice Lispector tem apresenta\u00e7\u00e3o gratuita, o Instituto Cervantes, no dia 13 de mar\u00e7o"},"content":{"rendered":"<h5><span style=\"color: #999999;\">TEATRO<\/span><\/h5>\n<p><span style=\"color: #000000;\"><em><strong>Por Bia Sampaio<\/strong><\/em><\/span><\/p>\n<h1 class=\"m_-6160854156839783538MsoNoSpacing\" align=\"center\"><strong>\u201cSil\u00eancios Claros\u201d tem apresenta\u00e7\u00e3o gratuita, no dia 13 de mar\u00e7o,\u00a0<u><\/u><u><\/u>no Instituto Cervantes RJ<u><\/u><u><\/u><\/strong><\/h1>\n<p class=\"m_-6160854156839783538MsoNoSpacing\" style=\"text-align: left;\" align=\"center\">Pe\u00e7a \u00e9 uma adapta\u00e7\u00e3o da obra de Clarice Lispector e celebra o M\u00eas da Mulher.\u00a0Seguindo as rela\u00e7\u00f5es liter\u00e1rias e de amizade muito pr\u00f3ximas \u00e0 vida e obra da grande escritora hispano-brasileira que d\u00e1 nome \u00e0 sua Biblioteca N\u00e9lida Pi\u00f1on, o Instituto Cervantes do Rio de Janeiro exibir\u00e1 uma pe\u00e7a adaptada de textos de Clarice Lispector, pertencente \u00e0 mesma gera\u00e7\u00e3o liter\u00e1ria de Pi\u00f1on.\u00a0 O espet\u00e1culo solo po\u00e9tico-documental tem dire\u00e7\u00e3o de Fernando Philbert com\u00a0Ester Jablonski no papel de protagonista.\u00a0\u00a0O cen\u00e1rio minimalista remete a uma mistura de sonhos e pequenos pesadelo, falas e imagens de Clarice; trilha original e luz po\u00e9tica pontuam as cenas. A atriz narra e, acima de tudo, vivencia as hist\u00f3rias tiradas da antologia\u00a0<em>O primeiro beijo e outros contos.\u00a0<\/em>A obra apresenta diferentes esta\u00e7\u00f5es da vida de uma mulher: mem\u00f3ria, lembran\u00e7as da fam\u00edlia, saudade, alegria, desejo, morte.<\/p>\n<p style=\"font-weight: 400;\">Em\u00a0<em>O grande passeio<\/em>, Margarida, que todos conhecem por Mocinha, \u00e9 uma velha sem fam\u00edlia, que sobrevive do acolhimento recebido aqui e ali, sempre sendo jogada de um lugar para outro.<\/p>\n<p style=\"font-weight: 400;\"><em>Uma tarde plena<\/em>, apresenta uma jovem, t\u00edmida e solit\u00e1ria, que vive uma tarde iluminada pela presen\u00e7a de um sagui que a tira de sua rotina di\u00e1ria ap\u00e1tica.<\/p>\n<p style=\"font-weight: 400;\">Em\u00a0<em>A fuga<\/em>, a mulher, casada h\u00e1 12 anos, tem uma fantasia de mudan\u00e7a de vida, de aventura, e saboreia cada momento de novas possibilidades at\u00e9 cair em si com a impossibilidade e o fato de estar presa aos seus 12 anos de casamento.<\/p>\n<p style=\"font-weight: 400;\">E em\u00a0<em>Uma galinha<\/em>, a mulher da casa, no seu cotidiano, se espanta e se anima com a simples fuga da galinha que seria preparada para o almo\u00e7o de domingo. Uma galinha que fala dela mesma, ou por ela.<\/p>\n<p style=\"font-weight: 400;\">Ao final da pe\u00e7a, o espanhol Jaime Vilaseca discorrer\u00e1 sobre a vida e obra de diferentes escritoras que, assim como Clarice Lispector, tinham uma proximidade pessoal e geracional da hispano-brasileira N\u00e9lida Pi\u00f1on.\u00a0\u00a0Personagem importante da vida cultural da cidade, Vilaseca que vive no Rio desde crian\u00e7a. Conheceu e teve contato muito pr\u00f3ximo com Clarice Lispector, inspirou contos, fabricou e instalou a famosa estante de seu apartamento no Leme, que aparece em in\u00fameras fotos.<\/p>\n<p style=\"font-weight: 400;\"><strong>Saiba mais sobre Ester Jablonski<\/strong><\/p>\n<p style=\"font-weight: 400;\">Atriz e produtora cultural com mais de 40 anos de carreira, Ester Jablonski j\u00e1 atuou<br \/>\nem todas as frentes de trabalho no segmento. Contracenou e foi dirigida por grandes do teatro brasileiro: \u00cdtalo Rossi, S\u00e9rgio Britto, Jos\u00e9 Wilker, Gilberto Gawronski e Fernando Philbert, com quem tem uma forte parceria h\u00e1 mais de 10 anos. Os trabalhos mais recentes s\u00e3o um espet\u00e1culo audiovisual, \u201cCuidado com as Velhinhas Carentes e Solit\u00e1rias\u201d, acess\u00edvel no canal YouTube, e a circula\u00e7\u00e3o do espet\u00e1culo solo \u201cSil\u00eancios Claros\u201d, de Clarice Lispector, um work in progress, que ganha novos contornos a cada temporada.<br \/>\nNa TV Globo, participou de in\u00fameras novelas e miniss\u00e9ries \u2013 Esperan\u00e7a, Mulheres Apaixonadas, Mad Maria, A For\u00e7a do querer, de Gloria Perez. Participa da miniss\u00e9rie Praia dos Ossos, da Conspira\u00e7\u00e3o, dirigida por Andrucha Waddington, ainda a ser lan\u00e7ada pela HBO. Na Globo, tamb\u00e9m apresentou, por 26 anos, o Programa Pequenas Empresas Grandes Neg\u00f3cios.<\/p>\n<p style=\"font-weight: 400;\"><strong>Saiba mais sobre Fernando Philbert \u00a0<\/strong><\/p>\n<p style=\"font-weight: 400;\">Iniciou sua carreira como diretor assistente de Gilberto Gawronski, Domingos Oliveira e Aderbal Freire Filho, deste \u00faltimo foi assistente em mais de quinze pe\u00e7as, entre elas \u201cHamlet\u201d com Wagner Moura, \u201cA Ordem do Mundo\u201d com Drica Moraes, \u201cInc\u00eandios\u201d com Marieta Severo, \u201cMacbeth\u201d com Renata Sorrah e Daniel Dantas. Codiretor de \u201cO Topo da Montanha\u201d, com L\u00e1zaro Ramos e Tha\u00eds Ara\u00fajo. Foi diretor art\u00edstico\u00a0do programa \u201cArte do Artista\u201d, na TV Brasil. Em seguida dirigiu\u00a0\u201cO Esc\u00e2ndalo Felipe Dussaert\u201d, com Marcos Caruso, vencedor de todas as premia\u00e7\u00f5es de Melhor Ator no RJ; \u201cContos Negreiros do Brasil\u201d; Louise Cardoso em \u201cO Que \u00e9 Que Ele Tem\u201d; Kiko Mascarenhas em \u201cTodas as Coisas Maravilhosas\u201d;\u00a0Pedro Paulo Rangel em \u201cO Ator e o Lobo\u201d; C\u00e1ssio Reis e Carla Diaz em \u201cEm casa a gente conversa\u201d; Thelmo Fernandes em \u201cDi\u00e1rio do Farol \u2013 Uma Pe\u00e7a sobre a Maldade\u201d; \u201cParab\u00e9ns Senhor Presidente\u201d, com Danielle Winits e Christine Fernandes; \u201cHamlet \u2013 Rodrigo Fran\u00e7a; \u201cTr\u00eas Mulheres Altas\u201d \u2013 com D\u00e9bora Evelyn, Sueli Franco e Natalia Dill, dentre tantas. Com Ester Jablonski, dirigiu \u2013 \u201cC\u2019est la Vie\u201d- texto de Marcelo Rubens Paiva; \u201cSil\u00eancios Claros\u201d; \u201cO Corpo da Mulher como Campo de Batalha\u201d; \u201cCuidado com as Velhinhas Carentes e Solit\u00e1rias\u201d.<\/p>\n<p style=\"font-weight: 400;\"><strong>Ficha t\u00e9cnica<\/strong><\/p>\n<p style=\"font-weight: 400;\"><strong>\u201cSil\u00eancios Claros\u201d<\/strong><\/p>\n<p style=\"font-weight: 400;\">Texto: Clarice Lispector<\/p>\n<p style=\"font-weight: 400;\">Dire\u00e7\u00e3o: Fernando Philbert<\/p>\n<p style=\"font-weight: 400;\">Atriz: Ester Jablonski<\/p>\n<p style=\"font-weight: 400;\">Dire\u00e7\u00e3o musical: Marcelo Alonso Neves<\/p>\n<p style=\"font-weight: 400;\">Ilumina\u00e7\u00e3o: Vilmar Olos<\/p>\n<p style=\"font-weight: 400;\">Cenografia: Jorge Roriz<\/p>\n<p style=\"font-weight: 400;\">Dire\u00e7\u00e3o de movimento: Marina Salomon<\/p>\n<p style=\"font-weight: 400;\">Dire\u00e7\u00e3o de produ\u00e7\u00e3o: Christiano Nascimento &#8211; ART HUNTER<\/p>\n<p style=\"font-weight: 400;\"><strong><em>\u00a0<\/em><em>Servi\u00e7o<\/em><\/strong><\/p>\n<p style=\"font-weight: 400;\">Local: Instituto Cervantes do Rio de Janeiro<br \/>\nEndere\u00e7o: Rua Visconde de Ouro Preto 62, Botafogo &#8211; RJ<br \/>\nData: 13 de mar\u00e7o de 2025, quinta-feira, \u00e0s 19h30<\/p>\n<p style=\"font-weight: 400;\">Local: Sala multiuso do ICRIO<\/p>\n<p style=\"font-weight: 400;\">Classifica\u00e7\u00e3o: 12 anos<\/p>\n<p style=\"font-weight: 400;\">Dura\u00e7\u00e3o: 50 minutos<\/p>\n<p style=\"font-weight: 400;\">Link para reserva de ingressos:\u00a0<a href=\"https:\/\/www.sympla.com.br\/evento\/silencios-claros\/2827326\" data-saferedirecturl=\"https:\/\/www.google.com\/url?q=https:\/\/www.sympla.com.br\/evento\/silencios-claros\/2827326&amp;source=gmail&amp;ust=1740666441711000&amp;usg=AOvVaw1mDXT8CAWhZXk605AMfvBA\">https:\/\/www.sympla.com.br\/evento\/silencios-claros\/2827326<\/a><\/p>\n<p style=\"font-weight: 400;\"><em>Informa\u00e7\u00f5es \u00e0 imprensa: BriefCom Assessoria de Comunica\u00e7\u00e3o\/Bia Sampaio: (21)\u00a0<\/em><a href=\"mailto:98181-8351\/biasampaio@briefcom.com.br\/@briefcomcomunicacao\"><em>98181-8351\/biasampaio@briefcom.com.br\/@briefcomcomunicacao<\/em><\/a><\/p>\n","protected":false},"excerpt":{"rendered":"<p>TEATRO Por Bia Sampaio \u201cSil\u00eancios Claros\u201d tem apresenta\u00e7\u00e3o gratuita, no dia 13 de mar\u00e7o,\u00a0no Instituto Cervantes RJ Pe\u00e7a \u00e9 uma adapta\u00e7\u00e3o da obra de Clarice Lispector e celebra o M\u00eas da Mulher.\u00a0Seguindo as rela\u00e7\u00f5es liter\u00e1rias e de amizade muito pr\u00f3ximas&hellip;<\/p>\n","protected":false},"author":1685,"featured_media":2585852,"comment_status":"closed","ping_status":"closed","sticky":false,"template":"","format":"standard","meta":{"footnotes":""},"categories":[104,11390,112,153],"tags":[75238,75312],"class_list":["post-2585851","post","type-post","status-publish","format-standard","has-post-thumbnail","hentry","category-america-do-sul","category-conteudo-original","category-cultura-pt-pt","category-nota-de-imprensa","tag-caderno-de-cultura","tag-teatro-pt-pt"],"yoast_head":"<!-- This site is optimized with the Yoast SEO plugin v27.1.1 - https:\/\/yoast.com\/product\/yoast-seo-wordpress\/ -->\n<title>Pe\u00e7a adaptada da obra de Clarice Lispector tem apresenta\u00e7\u00e3o gratuita, o Instituto Cervantes, no dia 13 de mar\u00e7o<\/title>\n<meta name=\"description\" content=\"TEATRO Por Bia Sampaio \u201cSil\u00eancios Claros\u201d tem apresenta\u00e7\u00e3o gratuita, no dia 13 de mar\u00e7o,\u00a0no Instituto Cervantes RJ Pe\u00e7a \u00e9 uma adapta\u00e7\u00e3o da obra de Clarice\" \/>\n<meta name=\"robots\" content=\"index, follow, max-snippet:-1, max-image-preview:large, max-video-preview:-1\" \/>\n<link rel=\"canonical\" href=\"https:\/\/www.pressenza.com\/pt-pt\/2025\/02\/peca-adaptada-da-obra-de-clarice-lispector-tem-apresentacao-gratuita-o-instituto-cervantes-no-dia-13-de-marco\/\" \/>\n<meta property=\"og:locale\" content=\"pt_PT\" \/>\n<meta property=\"og:type\" content=\"article\" \/>\n<meta property=\"og:title\" content=\"Pe\u00e7a adaptada da obra de Clarice Lispector tem apresenta\u00e7\u00e3o gratuita, o Instituto Cervantes, no dia 13 de mar\u00e7o\" \/>\n<meta property=\"og:description\" content=\"TEATRO Por Bia Sampaio \u201cSil\u00eancios Claros\u201d tem apresenta\u00e7\u00e3o gratuita, no dia 13 de mar\u00e7o,\u00a0no Instituto Cervantes RJ Pe\u00e7a \u00e9 uma adapta\u00e7\u00e3o da obra de Clarice\" \/>\n<meta property=\"og:url\" content=\"https:\/\/www.pressenza.com\/pt-pt\/2025\/02\/peca-adaptada-da-obra-de-clarice-lispector-tem-apresentacao-gratuita-o-instituto-cervantes-no-dia-13-de-marco\/\" \/>\n<meta property=\"og:site_name\" content=\"Pressenza\" \/>\n<meta property=\"article:publisher\" content=\"https:\/\/www.facebook.com\/PressenzaItalia\" \/>\n<meta property=\"article:published_time\" content=\"2025-02-26T23:57:02+00:00\" \/>\n<meta property=\"article:modified_time\" content=\"2025-02-26T23:59:29+00:00\" \/>\n<meta property=\"og:image\" content=\"https:\/\/www.pressenza.com\/wp-content\/uploads\/2025\/02\/fotos-site-pressenza-7-1.jpg\" \/>\n\t<meta property=\"og:image:width\" content=\"750\" \/>\n\t<meta property=\"og:image:height\" content=\"420\" \/>\n\t<meta property=\"og:image:type\" content=\"image\/jpeg\" \/>\n<meta name=\"author\" content=\"Reda\u00e7\u00e3o Rio de Janeiro\" \/>\n<meta name=\"twitter:card\" content=\"summary_large_image\" \/>\n<meta name=\"twitter:creator\" content=\"@PressenzaIPA\" \/>\n<meta name=\"twitter:site\" content=\"@PressenzaIPA\" \/>\n<meta name=\"twitter:label1\" content=\"Escrito por\" \/>\n\t<meta name=\"twitter:data1\" content=\"Reda\u00e7\u00e3o Rio de Janeiro\" \/>\n\t<meta name=\"twitter:label2\" content=\"Tempo estimado de leitura\" \/>\n\t<meta name=\"twitter:data2\" content=\"5 minutos\" \/>\n<script type=\"application\/ld+json\" class=\"yoast-schema-graph\">{\"@context\":\"https:\/\/schema.org\",\"@graph\":[{\"@type\":\"Article\",\"@id\":\"https:\/\/www.pressenza.com\/pt-pt\/2025\/02\/peca-adaptada-da-obra-de-clarice-lispector-tem-apresentacao-gratuita-o-instituto-cervantes-no-dia-13-de-marco\/#article\",\"isPartOf\":{\"@id\":\"https:\/\/www.pressenza.com\/pt-pt\/2025\/02\/peca-adaptada-da-obra-de-clarice-lispector-tem-apresentacao-gratuita-o-instituto-cervantes-no-dia-13-de-marco\/\"},\"author\":{\"name\":\"Reda\u00e7\u00e3o Rio de Janeiro\",\"@id\":\"https:\/\/www.pressenza.com\/pt-pt\/#\/schema\/person\/6925e927f8ff3a0cdb838320c5d12259\"},\"headline\":\"Pe\u00e7a adaptada da obra de Clarice Lispector tem apresenta\u00e7\u00e3o gratuita, o Instituto Cervantes, no dia 13 de mar\u00e7o\",\"datePublished\":\"2025-02-26T23:57:02+00:00\",\"dateModified\":\"2025-02-26T23:59:29+00:00\",\"mainEntityOfPage\":{\"@id\":\"https:\/\/www.pressenza.com\/pt-pt\/2025\/02\/peca-adaptada-da-obra-de-clarice-lispector-tem-apresentacao-gratuita-o-instituto-cervantes-no-dia-13-de-marco\/\"},\"wordCount\":920,\"publisher\":{\"@id\":\"https:\/\/www.pressenza.com\/pt-pt\/#organization\"},\"image\":{\"@id\":\"https:\/\/www.pressenza.com\/pt-pt\/2025\/02\/peca-adaptada-da-obra-de-clarice-lispector-tem-apresentacao-gratuita-o-instituto-cervantes-no-dia-13-de-marco\/#primaryimage\"},\"thumbnailUrl\":\"https:\/\/www.pressenza.com\/wp-content\/uploads\/2025\/02\/fotos-site-pressenza-7-1.jpg\",\"keywords\":[\"caderno de cultura\",\"teatro\"],\"articleSection\":[\"\u00c1m\u00e9rica do Sul\",\"Conte\u00fado Original\",\"Cultura e M\u00eddia\",\"Nota de imprensa\"],\"inLanguage\":\"pt-PT\"},{\"@type\":\"WebPage\",\"@id\":\"https:\/\/www.pressenza.com\/pt-pt\/2025\/02\/peca-adaptada-da-obra-de-clarice-lispector-tem-apresentacao-gratuita-o-instituto-cervantes-no-dia-13-de-marco\/\",\"url\":\"https:\/\/www.pressenza.com\/pt-pt\/2025\/02\/peca-adaptada-da-obra-de-clarice-lispector-tem-apresentacao-gratuita-o-instituto-cervantes-no-dia-13-de-marco\/\",\"name\":\"Pe\u00e7a adaptada da obra de Clarice Lispector tem apresenta\u00e7\u00e3o gratuita, o Instituto Cervantes, no dia 13 de mar\u00e7o\",\"isPartOf\":{\"@id\":\"https:\/\/www.pressenza.com\/pt-pt\/#website\"},\"primaryImageOfPage\":{\"@id\":\"https:\/\/www.pressenza.com\/pt-pt\/2025\/02\/peca-adaptada-da-obra-de-clarice-lispector-tem-apresentacao-gratuita-o-instituto-cervantes-no-dia-13-de-marco\/#primaryimage\"},\"image\":{\"@id\":\"https:\/\/www.pressenza.com\/pt-pt\/2025\/02\/peca-adaptada-da-obra-de-clarice-lispector-tem-apresentacao-gratuita-o-instituto-cervantes-no-dia-13-de-marco\/#primaryimage\"},\"thumbnailUrl\":\"https:\/\/www.pressenza.com\/wp-content\/uploads\/2025\/02\/fotos-site-pressenza-7-1.jpg\",\"datePublished\":\"2025-02-26T23:57:02+00:00\",\"dateModified\":\"2025-02-26T23:59:29+00:00\",\"description\":\"TEATRO Por Bia Sampaio \u201cSil\u00eancios Claros\u201d tem apresenta\u00e7\u00e3o gratuita, no dia 13 de mar\u00e7o,\u00a0no Instituto Cervantes RJ Pe\u00e7a \u00e9 uma adapta\u00e7\u00e3o da obra de Clarice\",\"breadcrumb\":{\"@id\":\"https:\/\/www.pressenza.com\/pt-pt\/2025\/02\/peca-adaptada-da-obra-de-clarice-lispector-tem-apresentacao-gratuita-o-instituto-cervantes-no-dia-13-de-marco\/#breadcrumb\"},\"inLanguage\":\"pt-PT\",\"potentialAction\":[{\"@type\":\"ReadAction\",\"target\":[\"https:\/\/www.pressenza.com\/pt-pt\/2025\/02\/peca-adaptada-da-obra-de-clarice-lispector-tem-apresentacao-gratuita-o-instituto-cervantes-no-dia-13-de-marco\/\"]}]},{\"@type\":\"ImageObject\",\"inLanguage\":\"pt-PT\",\"@id\":\"https:\/\/www.pressenza.com\/pt-pt\/2025\/02\/peca-adaptada-da-obra-de-clarice-lispector-tem-apresentacao-gratuita-o-instituto-cervantes-no-dia-13-de-marco\/#primaryimage\",\"url\":\"https:\/\/www.pressenza.com\/wp-content\/uploads\/2025\/02\/fotos-site-pressenza-7-1.jpg\",\"contentUrl\":\"https:\/\/www.pressenza.com\/wp-content\/uploads\/2025\/02\/fotos-site-pressenza-7-1.jpg\",\"width\":750,\"height\":420},{\"@type\":\"BreadcrumbList\",\"@id\":\"https:\/\/www.pressenza.com\/pt-pt\/2025\/02\/peca-adaptada-da-obra-de-clarice-lispector-tem-apresentacao-gratuita-o-instituto-cervantes-no-dia-13-de-marco\/#breadcrumb\",\"itemListElement\":[{\"@type\":\"ListItem\",\"position\":1,\"name\":\"Accueil\",\"item\":\"https:\/\/www.pressenza.com\/pt-pt\/\"},{\"@type\":\"ListItem\",\"position\":2,\"name\":\"Pe\u00e7a adaptada da obra de Clarice Lispector tem apresenta\u00e7\u00e3o gratuita, o Instituto Cervantes, no dia 13 de mar\u00e7o\"}]},{\"@type\":\"WebSite\",\"@id\":\"https:\/\/www.pressenza.com\/pt-pt\/#website\",\"url\":\"https:\/\/www.pressenza.com\/pt-pt\/\",\"name\":\"Pressenza\",\"description\":\"International Press Agency\",\"publisher\":{\"@id\":\"https:\/\/www.pressenza.com\/pt-pt\/#organization\"},\"potentialAction\":[{\"@type\":\"SearchAction\",\"target\":{\"@type\":\"EntryPoint\",\"urlTemplate\":\"https:\/\/www.pressenza.com\/pt-pt\/?s={search_term_string}\"},\"query-input\":{\"@type\":\"PropertyValueSpecification\",\"valueRequired\":true,\"valueName\":\"search_term_string\"}}],\"inLanguage\":\"pt-PT\"},{\"@type\":\"Organization\",\"@id\":\"https:\/\/www.pressenza.com\/pt-pt\/#organization\",\"name\":\"Pressenza\",\"url\":\"https:\/\/www.pressenza.com\/pt-pt\/\",\"logo\":{\"@type\":\"ImageObject\",\"inLanguage\":\"pt-PT\",\"@id\":\"https:\/\/www.pressenza.com\/pt-pt\/#\/schema\/logo\/image\/\",\"url\":\"https:\/\/www.pressenza.com\/wp-content\/uploads\/2022\/10\/pressenza_logo_200x200.jpg\",\"contentUrl\":\"https:\/\/www.pressenza.com\/wp-content\/uploads\/2022\/10\/pressenza_logo_200x200.jpg\",\"width\":200,\"height\":200,\"caption\":\"Pressenza\"},\"image\":{\"@id\":\"https:\/\/www.pressenza.com\/pt-pt\/#\/schema\/logo\/image\/\"},\"sameAs\":[\"https:\/\/www.facebook.com\/PressenzaItalia\",\"https:\/\/x.com\/PressenzaIPA\"]},{\"@type\":\"Person\",\"@id\":\"https:\/\/www.pressenza.com\/pt-pt\/#\/schema\/person\/6925e927f8ff3a0cdb838320c5d12259\",\"name\":\"Reda\u00e7\u00e3o Rio de Janeiro\",\"description\":\"News published by the Pressenza bureau in Rio de Janeiro, Brazil\",\"url\":\"https:\/\/www.pressenza.com\/pt-pt\/author\/redacao-rio-de-janeiro\/\"}]}<\/script>\n<!-- \/ Yoast SEO plugin. -->","yoast_head_json":{"title":"Pe\u00e7a adaptada da obra de Clarice Lispector tem apresenta\u00e7\u00e3o gratuita, o Instituto Cervantes, no dia 13 de mar\u00e7o","description":"TEATRO Por Bia Sampaio \u201cSil\u00eancios Claros\u201d tem apresenta\u00e7\u00e3o gratuita, no dia 13 de mar\u00e7o,\u00a0no Instituto Cervantes RJ Pe\u00e7a \u00e9 uma adapta\u00e7\u00e3o da obra de Clarice","robots":{"index":"index","follow":"follow","max-snippet":"max-snippet:-1","max-image-preview":"max-image-preview:large","max-video-preview":"max-video-preview:-1"},"canonical":"https:\/\/www.pressenza.com\/pt-pt\/2025\/02\/peca-adaptada-da-obra-de-clarice-lispector-tem-apresentacao-gratuita-o-instituto-cervantes-no-dia-13-de-marco\/","og_locale":"pt_PT","og_type":"article","og_title":"Pe\u00e7a adaptada da obra de Clarice Lispector tem apresenta\u00e7\u00e3o gratuita, o Instituto Cervantes, no dia 13 de mar\u00e7o","og_description":"TEATRO Por Bia Sampaio \u201cSil\u00eancios Claros\u201d tem apresenta\u00e7\u00e3o gratuita, no dia 13 de mar\u00e7o,\u00a0no Instituto Cervantes RJ Pe\u00e7a \u00e9 uma adapta\u00e7\u00e3o da obra de Clarice","og_url":"https:\/\/www.pressenza.com\/pt-pt\/2025\/02\/peca-adaptada-da-obra-de-clarice-lispector-tem-apresentacao-gratuita-o-instituto-cervantes-no-dia-13-de-marco\/","og_site_name":"Pressenza","article_publisher":"https:\/\/www.facebook.com\/PressenzaItalia","article_published_time":"2025-02-26T23:57:02+00:00","article_modified_time":"2025-02-26T23:59:29+00:00","og_image":[{"width":750,"height":420,"url":"https:\/\/www.pressenza.com\/wp-content\/uploads\/2025\/02\/fotos-site-pressenza-7-1.jpg","type":"image\/jpeg"}],"author":"Reda\u00e7\u00e3o Rio de Janeiro","twitter_card":"summary_large_image","twitter_creator":"@PressenzaIPA","twitter_site":"@PressenzaIPA","twitter_misc":{"Escrito por":"Reda\u00e7\u00e3o Rio de Janeiro","Tempo estimado de leitura":"5 minutos"},"schema":{"@context":"https:\/\/schema.org","@graph":[{"@type":"Article","@id":"https:\/\/www.pressenza.com\/pt-pt\/2025\/02\/peca-adaptada-da-obra-de-clarice-lispector-tem-apresentacao-gratuita-o-instituto-cervantes-no-dia-13-de-marco\/#article","isPartOf":{"@id":"https:\/\/www.pressenza.com\/pt-pt\/2025\/02\/peca-adaptada-da-obra-de-clarice-lispector-tem-apresentacao-gratuita-o-instituto-cervantes-no-dia-13-de-marco\/"},"author":{"name":"Reda\u00e7\u00e3o Rio de Janeiro","@id":"https:\/\/www.pressenza.com\/pt-pt\/#\/schema\/person\/6925e927f8ff3a0cdb838320c5d12259"},"headline":"Pe\u00e7a adaptada da obra de Clarice Lispector tem apresenta\u00e7\u00e3o gratuita, o Instituto Cervantes, no dia 13 de mar\u00e7o","datePublished":"2025-02-26T23:57:02+00:00","dateModified":"2025-02-26T23:59:29+00:00","mainEntityOfPage":{"@id":"https:\/\/www.pressenza.com\/pt-pt\/2025\/02\/peca-adaptada-da-obra-de-clarice-lispector-tem-apresentacao-gratuita-o-instituto-cervantes-no-dia-13-de-marco\/"},"wordCount":920,"publisher":{"@id":"https:\/\/www.pressenza.com\/pt-pt\/#organization"},"image":{"@id":"https:\/\/www.pressenza.com\/pt-pt\/2025\/02\/peca-adaptada-da-obra-de-clarice-lispector-tem-apresentacao-gratuita-o-instituto-cervantes-no-dia-13-de-marco\/#primaryimage"},"thumbnailUrl":"https:\/\/www.pressenza.com\/wp-content\/uploads\/2025\/02\/fotos-site-pressenza-7-1.jpg","keywords":["caderno de cultura","teatro"],"articleSection":["\u00c1m\u00e9rica do Sul","Conte\u00fado Original","Cultura e M\u00eddia","Nota de imprensa"],"inLanguage":"pt-PT"},{"@type":"WebPage","@id":"https:\/\/www.pressenza.com\/pt-pt\/2025\/02\/peca-adaptada-da-obra-de-clarice-lispector-tem-apresentacao-gratuita-o-instituto-cervantes-no-dia-13-de-marco\/","url":"https:\/\/www.pressenza.com\/pt-pt\/2025\/02\/peca-adaptada-da-obra-de-clarice-lispector-tem-apresentacao-gratuita-o-instituto-cervantes-no-dia-13-de-marco\/","name":"Pe\u00e7a adaptada da obra de Clarice Lispector tem apresenta\u00e7\u00e3o gratuita, o Instituto Cervantes, no dia 13 de mar\u00e7o","isPartOf":{"@id":"https:\/\/www.pressenza.com\/pt-pt\/#website"},"primaryImageOfPage":{"@id":"https:\/\/www.pressenza.com\/pt-pt\/2025\/02\/peca-adaptada-da-obra-de-clarice-lispector-tem-apresentacao-gratuita-o-instituto-cervantes-no-dia-13-de-marco\/#primaryimage"},"image":{"@id":"https:\/\/www.pressenza.com\/pt-pt\/2025\/02\/peca-adaptada-da-obra-de-clarice-lispector-tem-apresentacao-gratuita-o-instituto-cervantes-no-dia-13-de-marco\/#primaryimage"},"thumbnailUrl":"https:\/\/www.pressenza.com\/wp-content\/uploads\/2025\/02\/fotos-site-pressenza-7-1.jpg","datePublished":"2025-02-26T23:57:02+00:00","dateModified":"2025-02-26T23:59:29+00:00","description":"TEATRO Por Bia Sampaio \u201cSil\u00eancios Claros\u201d tem apresenta\u00e7\u00e3o gratuita, no dia 13 de mar\u00e7o,\u00a0no Instituto Cervantes RJ Pe\u00e7a \u00e9 uma adapta\u00e7\u00e3o da obra de Clarice","breadcrumb":{"@id":"https:\/\/www.pressenza.com\/pt-pt\/2025\/02\/peca-adaptada-da-obra-de-clarice-lispector-tem-apresentacao-gratuita-o-instituto-cervantes-no-dia-13-de-marco\/#breadcrumb"},"inLanguage":"pt-PT","potentialAction":[{"@type":"ReadAction","target":["https:\/\/www.pressenza.com\/pt-pt\/2025\/02\/peca-adaptada-da-obra-de-clarice-lispector-tem-apresentacao-gratuita-o-instituto-cervantes-no-dia-13-de-marco\/"]}]},{"@type":"ImageObject","inLanguage":"pt-PT","@id":"https:\/\/www.pressenza.com\/pt-pt\/2025\/02\/peca-adaptada-da-obra-de-clarice-lispector-tem-apresentacao-gratuita-o-instituto-cervantes-no-dia-13-de-marco\/#primaryimage","url":"https:\/\/www.pressenza.com\/wp-content\/uploads\/2025\/02\/fotos-site-pressenza-7-1.jpg","contentUrl":"https:\/\/www.pressenza.com\/wp-content\/uploads\/2025\/02\/fotos-site-pressenza-7-1.jpg","width":750,"height":420},{"@type":"BreadcrumbList","@id":"https:\/\/www.pressenza.com\/pt-pt\/2025\/02\/peca-adaptada-da-obra-de-clarice-lispector-tem-apresentacao-gratuita-o-instituto-cervantes-no-dia-13-de-marco\/#breadcrumb","itemListElement":[{"@type":"ListItem","position":1,"name":"Accueil","item":"https:\/\/www.pressenza.com\/pt-pt\/"},{"@type":"ListItem","position":2,"name":"Pe\u00e7a adaptada da obra de Clarice Lispector tem apresenta\u00e7\u00e3o gratuita, o Instituto Cervantes, no dia 13 de mar\u00e7o"}]},{"@type":"WebSite","@id":"https:\/\/www.pressenza.com\/pt-pt\/#website","url":"https:\/\/www.pressenza.com\/pt-pt\/","name":"Pressenza","description":"International Press Agency","publisher":{"@id":"https:\/\/www.pressenza.com\/pt-pt\/#organization"},"potentialAction":[{"@type":"SearchAction","target":{"@type":"EntryPoint","urlTemplate":"https:\/\/www.pressenza.com\/pt-pt\/?s={search_term_string}"},"query-input":{"@type":"PropertyValueSpecification","valueRequired":true,"valueName":"search_term_string"}}],"inLanguage":"pt-PT"},{"@type":"Organization","@id":"https:\/\/www.pressenza.com\/pt-pt\/#organization","name":"Pressenza","url":"https:\/\/www.pressenza.com\/pt-pt\/","logo":{"@type":"ImageObject","inLanguage":"pt-PT","@id":"https:\/\/www.pressenza.com\/pt-pt\/#\/schema\/logo\/image\/","url":"https:\/\/www.pressenza.com\/wp-content\/uploads\/2022\/10\/pressenza_logo_200x200.jpg","contentUrl":"https:\/\/www.pressenza.com\/wp-content\/uploads\/2022\/10\/pressenza_logo_200x200.jpg","width":200,"height":200,"caption":"Pressenza"},"image":{"@id":"https:\/\/www.pressenza.com\/pt-pt\/#\/schema\/logo\/image\/"},"sameAs":["https:\/\/www.facebook.com\/PressenzaItalia","https:\/\/x.com\/PressenzaIPA"]},{"@type":"Person","@id":"https:\/\/www.pressenza.com\/pt-pt\/#\/schema\/person\/6925e927f8ff3a0cdb838320c5d12259","name":"Reda\u00e7\u00e3o Rio de Janeiro","description":"News published by the Pressenza bureau in Rio de Janeiro, Brazil","url":"https:\/\/www.pressenza.com\/pt-pt\/author\/redacao-rio-de-janeiro\/"}]}},"place":"","original_article_url":"","_links":{"self":[{"href":"https:\/\/www.pressenza.com\/pt-pt\/wp-json\/wp\/v2\/posts\/2585851","targetHints":{"allow":["GET"]}}],"collection":[{"href":"https:\/\/www.pressenza.com\/pt-pt\/wp-json\/wp\/v2\/posts"}],"about":[{"href":"https:\/\/www.pressenza.com\/pt-pt\/wp-json\/wp\/v2\/types\/post"}],"author":[{"embeddable":true,"href":"https:\/\/www.pressenza.com\/pt-pt\/wp-json\/wp\/v2\/users\/1685"}],"replies":[{"embeddable":true,"href":"https:\/\/www.pressenza.com\/pt-pt\/wp-json\/wp\/v2\/comments?post=2585851"}],"version-history":[{"count":0,"href":"https:\/\/www.pressenza.com\/pt-pt\/wp-json\/wp\/v2\/posts\/2585851\/revisions"}],"wp:featuredmedia":[{"embeddable":true,"href":"https:\/\/www.pressenza.com\/pt-pt\/wp-json\/wp\/v2\/media\/2585852"}],"wp:attachment":[{"href":"https:\/\/www.pressenza.com\/pt-pt\/wp-json\/wp\/v2\/media?parent=2585851"}],"wp:term":[{"taxonomy":"category","embeddable":true,"href":"https:\/\/www.pressenza.com\/pt-pt\/wp-json\/wp\/v2\/categories?post=2585851"},{"taxonomy":"post_tag","embeddable":true,"href":"https:\/\/www.pressenza.com\/pt-pt\/wp-json\/wp\/v2\/tags?post=2585851"}],"curies":[{"name":"wp","href":"https:\/\/api.w.org\/{rel}","templated":true}]}}