{"id":2585195,"date":"2025-02-23T18:05:03","date_gmt":"2025-02-23T18:05:03","guid":{"rendered":"https:\/\/www.pressenza.com\/?p=2585195"},"modified":"2025-02-23T18:05:03","modified_gmt":"2025-02-23T18:05:03","slug":"uniao-europeia-paralisada-entre-a-extrema%e2%80%91direita-da-europatrump-e-a-sua-propria-elite-belicista","status":"publish","type":"post","link":"https:\/\/www.pressenza.com\/pt-pt\/2025\/02\/uniao-europeia-paralisada-entre-a-extrema%e2%80%91direita-da-europatrump-e-a-sua-propria-elite-belicista\/","title":{"rendered":"Uni\u00e3o Europeia paralisada entre a extrema\u2011direita (da Europa+Trump) e a sua pr\u00f3pria elite belicista"},"content":{"rendered":"<p>19 de fevereiro 2025<\/p>\n<p><strong>Mariana Mort\u00e1gua<\/strong> (*) defende que l\u00edderes europeus est\u00e3o divididos entre &#8220;pedidos desesperados&#8221; a Trump e &#8220;aceita\u00e7\u00e3o absurda&#8221; das exig\u00eancias de aumento de gasto em defesa [para continuar a suportar a guerra na Ucr\u00e2nia].<\/p>\n<p>No debate de urg\u00eancia agendado pelo Bloco de Esquerda para esta quarta-feira sobre a situa\u00e7\u00e3o internacional, Mariana Mort\u00e1gua apontou o dedo as l\u00edderes europeus e aos governantes portugueses pela paralisia da Uni\u00e3o Europeia e afirmou que \u201ca Europa n\u00e3o se salvar\u00e1 se trocar o Estado Social por armas\u201d.<\/p>\n<p>Situando o pedido do debate com a interfer\u00eancia de Elon Musk na pol\u00edtica interna do Reino Unido, da Alemanha, da Rom\u00e9nia, da Irlanda e da pr\u00f3pria UE, bem como o apoio do vice-presidente dos EUA ao partido de extrema-direita alem\u00e3 e ainda com as negocia\u00e7\u00f5es da Ucr\u00e2nia que excluem o pa\u00eds ocupado.<\/p>\n<p>\u201cTrump e Putin s\u00e3o aliados, partilham os mesmos objetivos\u201d, disse a dirigente do Bloco de Esquerda. \u201cNormalizar regimes autocr\u00e1ticos e totalit\u00e1rios \u2013 da\u00ed a escolha da Ar\u00e1bia Saudita para palco deste encontro \u2013 e promover a proximidade das suas oligarquias, dividir zonas de influenciam desestabilizar as democracias da Europa e dominar os seus governos atrav\u00e9s do apoio e financiamento dos partidos de extrema-direita\u201d.<\/p>\n<p>Mariana Mort\u00e1gua questionou ainda a posi\u00e7\u00e3o de Portugal sobre a proximidade entre presidente russo e o presidente estadunidense. \u201cSe Trump e Putin s\u00e3o aliados, e se Putin \u00e9 inimigo, Trump \u00e9 o qu\u00ea?\u201d, disse, considerando que este \u201csimples problema de l\u00f3gica\u201d deu \u201cum n\u00f3\u201d na cabe\u00e7a das lideran\u00e7as europeias, incluindo a portuguesa. \u201cN\u00e3o sabem o que fazer, est\u00e3o paralisados de medo e estupefa\u00e7\u00e3o, como se este momento n\u00e3o estivesse anunciado\u201d.<\/p>\n<p>Falando aos deputados da Assembleia da Rep\u00fablica, a deputada do Bloco de Esquerda notou que os l\u00edderes europeus dividem-se entre \u201cpedidos desesperados\u201d para que Trump n\u00e3o deixe de ser amigo da Europa e a \u201caceita\u00e7\u00e3o absurda\u201d das exig\u00eancias para o aumento dos gastos em defesa.<\/p>\n<p>\u201cTroquem escola, sa\u00fade e solidariedade por bombas e drones assassinos, e os \u00fanicos que ficar\u00e3o a salvo s\u00e3o os partidos da extrema-direita que se alimentam da degrada\u00e7\u00e3o do Estado Social\u201d, declarou. \u201cA Europa n\u00e3o se salvar\u00e1 se trocar o Estado Social por armas. O conjunto dos pa\u00edses da Uni\u00e3o Europeia t\u00eam mais militares no ativo do que os EUA ou a R\u00fassia, e a soma dos seus or\u00e7amentos de Defesa \u00e9 superior ao da R\u00fassia e fica pr\u00f3ximo da China\u201d.<\/p>\n<p>Concluindo a interven\u00e7\u00e3o, Mariana Mort\u00e1gua afirmou que \u201cfazer a guerra em nome da democracia enquanto se deixa a democracia morrer \u00e9 um erro que as gera\u00e7\u00f5es futuras n\u00e3o perdoar\u00e3o aos decisores do presente\u201d e que \u201cresta saber como Portugal quer ser recordado nesse futuro&#8221;.<\/p>\n<hr \/>\n<p>(*) <strong>Mariana Mort\u00e1gua<\/strong> \u00e9 principal dirigente do partido &#8220;Bloco de Esquerda&#8221; em Portugal<\/p>\n<p><a href=\"https:\/\/www.esquerda.net\/artigo\/uniao-europeia-esta-paralisada-perante-dois-imperadores-de-extrema-direita\/93923\"><em>Artigo original pode ser lido aqui<\/em><\/a><\/p>\n","protected":false},"excerpt":{"rendered":"<p>19 de fevereiro 2025 Mariana Mort\u00e1gua (*) defende que l\u00edderes europeus est\u00e3o divididos entre &#8220;pedidos desesperados&#8221; a Trump e &#8220;aceita\u00e7\u00e3o absurda&#8221; das exig\u00eancias de aumento de gasto em defesa [para continuar a suportar a guerra na Ucr\u00e2nia]. No debate de&hellip;<\/p>\n","protected":false},"author":2394,"featured_media":2585202,"comment_status":"closed","ping_status":"closed","sticky":false,"template":"","format":"standard","meta":{"footnotes":""},"categories":[103,110518,165,1257],"tags":[65418,133057,22214,106817,18768,55396],"class_list":["post-2585195","post","type-post","status-publish","format-standard","has-post-thumbnail","hentry","category-europa-pt-pt","category-guerra-da-ucrania","category-opiniao","category-paz-desarmamento","tag-armamento-pt-pt","tag-belicismo-europeu","tag-europa-pt-pt","tag-extrema-direita","tag-politica","tag-trump-pt-pt"],"yoast_head":"<!-- This site is optimized with the Yoast SEO plugin v27.1.1 - https:\/\/yoast.com\/product\/yoast-seo-wordpress\/ -->\n<title>Uni\u00e3o Europeia paralisada entre a extrema\u2011direita (da Europa+Trump) e a sua pr\u00f3pria elite belicista<\/title>\n<meta name=\"description\" content=\"19 de fevereiro 2025 Mariana Mort\u00e1gua (*) defende que l\u00edderes europeus est\u00e3o divididos entre &quot;pedidos desesperados&quot; a Trump e &quot;aceita\u00e7\u00e3o absurda&quot; das\" \/>\n<meta name=\"robots\" content=\"index, follow, max-snippet:-1, max-image-preview:large, max-video-preview:-1\" \/>\n<link rel=\"canonical\" href=\"https:\/\/www.pressenza.com\/pt-pt\/2025\/02\/uniao-europeia-paralisada-entre-a-extrema%e2%80%91direita-da-europatrump-e-a-sua-propria-elite-belicista\/\" \/>\n<meta property=\"og:locale\" content=\"pt_PT\" \/>\n<meta property=\"og:type\" content=\"article\" \/>\n<meta property=\"og:title\" content=\"Uni\u00e3o Europeia paralisada entre a extrema\u2011direita (da Europa+Trump) e a sua pr\u00f3pria elite belicista\" \/>\n<meta property=\"og:description\" content=\"19 de fevereiro 2025 Mariana Mort\u00e1gua (*) defende que l\u00edderes europeus est\u00e3o divididos entre &quot;pedidos desesperados&quot; a Trump e &quot;aceita\u00e7\u00e3o absurda&quot; das\" \/>\n<meta property=\"og:url\" content=\"https:\/\/www.pressenza.com\/pt-pt\/2025\/02\/uniao-europeia-paralisada-entre-a-extrema%e2%80%91direita-da-europatrump-e-a-sua-propria-elite-belicista\/\" \/>\n<meta property=\"og:site_name\" content=\"Pressenza\" \/>\n<meta property=\"article:publisher\" content=\"https:\/\/www.facebook.com\/PressenzaItalia\" \/>\n<meta property=\"article:published_time\" content=\"2025-02-23T18:05:03+00:00\" \/>\n<meta property=\"og:image\" content=\"https:\/\/www.pressenza.com\/wp-content\/uploads\/2025\/02\/Mariana-Mortagua-Canal-de-TV-da-Assembleia-da-Republica-Portuguesa.jpg\" \/>\n\t<meta property=\"og:image:width\" content=\"800\" \/>\n\t<meta property=\"og:image:height\" content=\"528\" \/>\n\t<meta property=\"og:image:type\" content=\"image\/jpeg\" \/>\n<meta name=\"author\" content=\"Esquerda.net\" \/>\n<meta name=\"twitter:card\" content=\"summary_large_image\" \/>\n<meta name=\"twitter:creator\" content=\"@PressenzaIPA\" \/>\n<meta name=\"twitter:site\" content=\"@PressenzaIPA\" \/>\n<meta name=\"twitter:label1\" content=\"Escrito por\" \/>\n\t<meta name=\"twitter:data1\" content=\"Esquerda.net\" \/>\n\t<meta name=\"twitter:label2\" content=\"Tempo estimado de leitura\" \/>\n\t<meta name=\"twitter:data2\" content=\"3 minutos\" \/>\n<script type=\"application\/ld+json\" class=\"yoast-schema-graph\">{\"@context\":\"https:\/\/schema.org\",\"@graph\":[{\"@type\":\"Article\",\"@id\":\"https:\/\/www.pressenza.com\/pt-pt\/2025\/02\/uniao-europeia-paralisada-entre-a-extrema%e2%80%91direita-da-europatrump-e-a-sua-propria-elite-belicista\/#article\",\"isPartOf\":{\"@id\":\"https:\/\/www.pressenza.com\/pt-pt\/2025\/02\/uniao-europeia-paralisada-entre-a-extrema%e2%80%91direita-da-europatrump-e-a-sua-propria-elite-belicista\/\"},\"author\":{\"name\":\"Esquerda.net\",\"@id\":\"https:\/\/www.pressenza.com\/pt-pt\/#\/schema\/person\/b2676ebafe4536a64eb64c8918a96fe2\"},\"headline\":\"Uni\u00e3o Europeia paralisada entre a extrema\u2011direita (da Europa+Trump) e a sua pr\u00f3pria elite belicista\",\"datePublished\":\"2025-02-23T18:05:03+00:00\",\"mainEntityOfPage\":{\"@id\":\"https:\/\/www.pressenza.com\/pt-pt\/2025\/02\/uniao-europeia-paralisada-entre-a-extrema%e2%80%91direita-da-europatrump-e-a-sua-propria-elite-belicista\/\"},\"wordCount\":522,\"publisher\":{\"@id\":\"https:\/\/www.pressenza.com\/pt-pt\/#organization\"},\"image\":{\"@id\":\"https:\/\/www.pressenza.com\/pt-pt\/2025\/02\/uniao-europeia-paralisada-entre-a-extrema%e2%80%91direita-da-europatrump-e-a-sua-propria-elite-belicista\/#primaryimage\"},\"thumbnailUrl\":\"https:\/\/www.pressenza.com\/wp-content\/uploads\/2025\/02\/Mariana-Mortagua-Canal-de-TV-da-Assembleia-da-Republica-Portuguesa.jpg\",\"keywords\":[\"armamento\",\"belicismo europeu\",\"Europa\",\"extrema-direita\",\"politica\",\"Trump\"],\"articleSection\":[\"Europa\",\"Guerra da Ucr\u00e2nia\",\"Opini\u00e3o\",\"Paz e Desarmamento\"],\"inLanguage\":\"pt-PT\"},{\"@type\":\"WebPage\",\"@id\":\"https:\/\/www.pressenza.com\/pt-pt\/2025\/02\/uniao-europeia-paralisada-entre-a-extrema%e2%80%91direita-da-europatrump-e-a-sua-propria-elite-belicista\/\",\"url\":\"https:\/\/www.pressenza.com\/pt-pt\/2025\/02\/uniao-europeia-paralisada-entre-a-extrema%e2%80%91direita-da-europatrump-e-a-sua-propria-elite-belicista\/\",\"name\":\"Uni\u00e3o Europeia paralisada entre a extrema\u2011direita (da Europa+Trump) e a sua pr\u00f3pria elite belicista\",\"isPartOf\":{\"@id\":\"https:\/\/www.pressenza.com\/pt-pt\/#website\"},\"primaryImageOfPage\":{\"@id\":\"https:\/\/www.pressenza.com\/pt-pt\/2025\/02\/uniao-europeia-paralisada-entre-a-extrema%e2%80%91direita-da-europatrump-e-a-sua-propria-elite-belicista\/#primaryimage\"},\"image\":{\"@id\":\"https:\/\/www.pressenza.com\/pt-pt\/2025\/02\/uniao-europeia-paralisada-entre-a-extrema%e2%80%91direita-da-europatrump-e-a-sua-propria-elite-belicista\/#primaryimage\"},\"thumbnailUrl\":\"https:\/\/www.pressenza.com\/wp-content\/uploads\/2025\/02\/Mariana-Mortagua-Canal-de-TV-da-Assembleia-da-Republica-Portuguesa.jpg\",\"datePublished\":\"2025-02-23T18:05:03+00:00\",\"description\":\"19 de fevereiro 2025 Mariana Mort\u00e1gua (*) defende que l\u00edderes europeus est\u00e3o divididos entre \\\"pedidos desesperados\\\" a Trump e \\\"aceita\u00e7\u00e3o absurda\\\" das\",\"breadcrumb\":{\"@id\":\"https:\/\/www.pressenza.com\/pt-pt\/2025\/02\/uniao-europeia-paralisada-entre-a-extrema%e2%80%91direita-da-europatrump-e-a-sua-propria-elite-belicista\/#breadcrumb\"},\"inLanguage\":\"pt-PT\",\"potentialAction\":[{\"@type\":\"ReadAction\",\"target\":[\"https:\/\/www.pressenza.com\/pt-pt\/2025\/02\/uniao-europeia-paralisada-entre-a-extrema%e2%80%91direita-da-europatrump-e-a-sua-propria-elite-belicista\/\"]}]},{\"@type\":\"ImageObject\",\"inLanguage\":\"pt-PT\",\"@id\":\"https:\/\/www.pressenza.com\/pt-pt\/2025\/02\/uniao-europeia-paralisada-entre-a-extrema%e2%80%91direita-da-europatrump-e-a-sua-propria-elite-belicista\/#primaryimage\",\"url\":\"https:\/\/www.pressenza.com\/wp-content\/uploads\/2025\/02\/Mariana-Mortagua-Canal-de-TV-da-Assembleia-da-Republica-Portuguesa.jpg\",\"contentUrl\":\"https:\/\/www.pressenza.com\/wp-content\/uploads\/2025\/02\/Mariana-Mortagua-Canal-de-TV-da-Assembleia-da-Republica-Portuguesa.jpg\",\"width\":800,\"height\":528,\"caption\":\"Mariana Mort\u00e1gua (screenshot do Canal de TV da Assembleia da Rep\u00fablica Portuguesa)\"},{\"@type\":\"BreadcrumbList\",\"@id\":\"https:\/\/www.pressenza.com\/pt-pt\/2025\/02\/uniao-europeia-paralisada-entre-a-extrema%e2%80%91direita-da-europatrump-e-a-sua-propria-elite-belicista\/#breadcrumb\",\"itemListElement\":[{\"@type\":\"ListItem\",\"position\":1,\"name\":\"Accueil\",\"item\":\"https:\/\/www.pressenza.com\/pt-pt\/\"},{\"@type\":\"ListItem\",\"position\":2,\"name\":\"Uni\u00e3o Europeia paralisada entre a extrema\u2011direita (da Europa+Trump) e a sua pr\u00f3pria elite belicista\"}]},{\"@type\":\"WebSite\",\"@id\":\"https:\/\/www.pressenza.com\/pt-pt\/#website\",\"url\":\"https:\/\/www.pressenza.com\/pt-pt\/\",\"name\":\"Pressenza\",\"description\":\"International Press Agency\",\"publisher\":{\"@id\":\"https:\/\/www.pressenza.com\/pt-pt\/#organization\"},\"potentialAction\":[{\"@type\":\"SearchAction\",\"target\":{\"@type\":\"EntryPoint\",\"urlTemplate\":\"https:\/\/www.pressenza.com\/pt-pt\/?s={search_term_string}\"},\"query-input\":{\"@type\":\"PropertyValueSpecification\",\"valueRequired\":true,\"valueName\":\"search_term_string\"}}],\"inLanguage\":\"pt-PT\"},{\"@type\":\"Organization\",\"@id\":\"https:\/\/www.pressenza.com\/pt-pt\/#organization\",\"name\":\"Pressenza\",\"url\":\"https:\/\/www.pressenza.com\/pt-pt\/\",\"logo\":{\"@type\":\"ImageObject\",\"inLanguage\":\"pt-PT\",\"@id\":\"https:\/\/www.pressenza.com\/pt-pt\/#\/schema\/logo\/image\/\",\"url\":\"https:\/\/www.pressenza.com\/wp-content\/uploads\/2022\/10\/pressenza_logo_200x200.jpg\",\"contentUrl\":\"https:\/\/www.pressenza.com\/wp-content\/uploads\/2022\/10\/pressenza_logo_200x200.jpg\",\"width\":200,\"height\":200,\"caption\":\"Pressenza\"},\"image\":{\"@id\":\"https:\/\/www.pressenza.com\/pt-pt\/#\/schema\/logo\/image\/\"},\"sameAs\":[\"https:\/\/www.facebook.com\/PressenzaItalia\",\"https:\/\/x.com\/PressenzaIPA\"]},{\"@type\":\"Person\",\"@id\":\"https:\/\/www.pressenza.com\/pt-pt\/#\/schema\/person\/b2676ebafe4536a64eb64c8918a96fe2\",\"name\":\"Esquerda.net\",\"sameAs\":[\"https:\/\/www.esquerda.net\/\"],\"url\":\"https:\/\/www.pressenza.com\/pt-pt\/author\/esquerda-net\/\"}]}<\/script>\n<!-- \/ Yoast SEO plugin. -->","yoast_head_json":{"title":"Uni\u00e3o Europeia paralisada entre a extrema\u2011direita (da Europa+Trump) e a sua pr\u00f3pria elite belicista","description":"19 de fevereiro 2025 Mariana Mort\u00e1gua (*) defende que l\u00edderes europeus est\u00e3o divididos entre \"pedidos desesperados\" a Trump e \"aceita\u00e7\u00e3o absurda\" das","robots":{"index":"index","follow":"follow","max-snippet":"max-snippet:-1","max-image-preview":"max-image-preview:large","max-video-preview":"max-video-preview:-1"},"canonical":"https:\/\/www.pressenza.com\/pt-pt\/2025\/02\/uniao-europeia-paralisada-entre-a-extrema%e2%80%91direita-da-europatrump-e-a-sua-propria-elite-belicista\/","og_locale":"pt_PT","og_type":"article","og_title":"Uni\u00e3o Europeia paralisada entre a extrema\u2011direita (da Europa+Trump) e a sua pr\u00f3pria elite belicista","og_description":"19 de fevereiro 2025 Mariana Mort\u00e1gua (*) defende que l\u00edderes europeus est\u00e3o divididos entre \"pedidos desesperados\" a Trump e \"aceita\u00e7\u00e3o absurda\" das","og_url":"https:\/\/www.pressenza.com\/pt-pt\/2025\/02\/uniao-europeia-paralisada-entre-a-extrema%e2%80%91direita-da-europatrump-e-a-sua-propria-elite-belicista\/","og_site_name":"Pressenza","article_publisher":"https:\/\/www.facebook.com\/PressenzaItalia","article_published_time":"2025-02-23T18:05:03+00:00","og_image":[{"width":800,"height":528,"url":"https:\/\/www.pressenza.com\/wp-content\/uploads\/2025\/02\/Mariana-Mortagua-Canal-de-TV-da-Assembleia-da-Republica-Portuguesa.jpg","type":"image\/jpeg"}],"author":"Esquerda.net","twitter_card":"summary_large_image","twitter_creator":"@PressenzaIPA","twitter_site":"@PressenzaIPA","twitter_misc":{"Escrito por":"Esquerda.net","Tempo estimado de leitura":"3 minutos"},"schema":{"@context":"https:\/\/schema.org","@graph":[{"@type":"Article","@id":"https:\/\/www.pressenza.com\/pt-pt\/2025\/02\/uniao-europeia-paralisada-entre-a-extrema%e2%80%91direita-da-europatrump-e-a-sua-propria-elite-belicista\/#article","isPartOf":{"@id":"https:\/\/www.pressenza.com\/pt-pt\/2025\/02\/uniao-europeia-paralisada-entre-a-extrema%e2%80%91direita-da-europatrump-e-a-sua-propria-elite-belicista\/"},"author":{"name":"Esquerda.net","@id":"https:\/\/www.pressenza.com\/pt-pt\/#\/schema\/person\/b2676ebafe4536a64eb64c8918a96fe2"},"headline":"Uni\u00e3o Europeia paralisada entre a extrema\u2011direita (da Europa+Trump) e a sua pr\u00f3pria elite belicista","datePublished":"2025-02-23T18:05:03+00:00","mainEntityOfPage":{"@id":"https:\/\/www.pressenza.com\/pt-pt\/2025\/02\/uniao-europeia-paralisada-entre-a-extrema%e2%80%91direita-da-europatrump-e-a-sua-propria-elite-belicista\/"},"wordCount":522,"publisher":{"@id":"https:\/\/www.pressenza.com\/pt-pt\/#organization"},"image":{"@id":"https:\/\/www.pressenza.com\/pt-pt\/2025\/02\/uniao-europeia-paralisada-entre-a-extrema%e2%80%91direita-da-europatrump-e-a-sua-propria-elite-belicista\/#primaryimage"},"thumbnailUrl":"https:\/\/www.pressenza.com\/wp-content\/uploads\/2025\/02\/Mariana-Mortagua-Canal-de-TV-da-Assembleia-da-Republica-Portuguesa.jpg","keywords":["armamento","belicismo europeu","Europa","extrema-direita","politica","Trump"],"articleSection":["Europa","Guerra da Ucr\u00e2nia","Opini\u00e3o","Paz e Desarmamento"],"inLanguage":"pt-PT"},{"@type":"WebPage","@id":"https:\/\/www.pressenza.com\/pt-pt\/2025\/02\/uniao-europeia-paralisada-entre-a-extrema%e2%80%91direita-da-europatrump-e-a-sua-propria-elite-belicista\/","url":"https:\/\/www.pressenza.com\/pt-pt\/2025\/02\/uniao-europeia-paralisada-entre-a-extrema%e2%80%91direita-da-europatrump-e-a-sua-propria-elite-belicista\/","name":"Uni\u00e3o Europeia paralisada entre a extrema\u2011direita (da Europa+Trump) e a sua pr\u00f3pria elite belicista","isPartOf":{"@id":"https:\/\/www.pressenza.com\/pt-pt\/#website"},"primaryImageOfPage":{"@id":"https:\/\/www.pressenza.com\/pt-pt\/2025\/02\/uniao-europeia-paralisada-entre-a-extrema%e2%80%91direita-da-europatrump-e-a-sua-propria-elite-belicista\/#primaryimage"},"image":{"@id":"https:\/\/www.pressenza.com\/pt-pt\/2025\/02\/uniao-europeia-paralisada-entre-a-extrema%e2%80%91direita-da-europatrump-e-a-sua-propria-elite-belicista\/#primaryimage"},"thumbnailUrl":"https:\/\/www.pressenza.com\/wp-content\/uploads\/2025\/02\/Mariana-Mortagua-Canal-de-TV-da-Assembleia-da-Republica-Portuguesa.jpg","datePublished":"2025-02-23T18:05:03+00:00","description":"19 de fevereiro 2025 Mariana Mort\u00e1gua (*) defende que l\u00edderes europeus est\u00e3o divididos entre \"pedidos desesperados\" a Trump e \"aceita\u00e7\u00e3o absurda\" das","breadcrumb":{"@id":"https:\/\/www.pressenza.com\/pt-pt\/2025\/02\/uniao-europeia-paralisada-entre-a-extrema%e2%80%91direita-da-europatrump-e-a-sua-propria-elite-belicista\/#breadcrumb"},"inLanguage":"pt-PT","potentialAction":[{"@type":"ReadAction","target":["https:\/\/www.pressenza.com\/pt-pt\/2025\/02\/uniao-europeia-paralisada-entre-a-extrema%e2%80%91direita-da-europatrump-e-a-sua-propria-elite-belicista\/"]}]},{"@type":"ImageObject","inLanguage":"pt-PT","@id":"https:\/\/www.pressenza.com\/pt-pt\/2025\/02\/uniao-europeia-paralisada-entre-a-extrema%e2%80%91direita-da-europatrump-e-a-sua-propria-elite-belicista\/#primaryimage","url":"https:\/\/www.pressenza.com\/wp-content\/uploads\/2025\/02\/Mariana-Mortagua-Canal-de-TV-da-Assembleia-da-Republica-Portuguesa.jpg","contentUrl":"https:\/\/www.pressenza.com\/wp-content\/uploads\/2025\/02\/Mariana-Mortagua-Canal-de-TV-da-Assembleia-da-Republica-Portuguesa.jpg","width":800,"height":528,"caption":"Mariana Mort\u00e1gua (screenshot do Canal de TV da Assembleia da Rep\u00fablica Portuguesa)"},{"@type":"BreadcrumbList","@id":"https:\/\/www.pressenza.com\/pt-pt\/2025\/02\/uniao-europeia-paralisada-entre-a-extrema%e2%80%91direita-da-europatrump-e-a-sua-propria-elite-belicista\/#breadcrumb","itemListElement":[{"@type":"ListItem","position":1,"name":"Accueil","item":"https:\/\/www.pressenza.com\/pt-pt\/"},{"@type":"ListItem","position":2,"name":"Uni\u00e3o Europeia paralisada entre a extrema\u2011direita (da Europa+Trump) e a sua pr\u00f3pria elite belicista"}]},{"@type":"WebSite","@id":"https:\/\/www.pressenza.com\/pt-pt\/#website","url":"https:\/\/www.pressenza.com\/pt-pt\/","name":"Pressenza","description":"International Press Agency","publisher":{"@id":"https:\/\/www.pressenza.com\/pt-pt\/#organization"},"potentialAction":[{"@type":"SearchAction","target":{"@type":"EntryPoint","urlTemplate":"https:\/\/www.pressenza.com\/pt-pt\/?s={search_term_string}"},"query-input":{"@type":"PropertyValueSpecification","valueRequired":true,"valueName":"search_term_string"}}],"inLanguage":"pt-PT"},{"@type":"Organization","@id":"https:\/\/www.pressenza.com\/pt-pt\/#organization","name":"Pressenza","url":"https:\/\/www.pressenza.com\/pt-pt\/","logo":{"@type":"ImageObject","inLanguage":"pt-PT","@id":"https:\/\/www.pressenza.com\/pt-pt\/#\/schema\/logo\/image\/","url":"https:\/\/www.pressenza.com\/wp-content\/uploads\/2022\/10\/pressenza_logo_200x200.jpg","contentUrl":"https:\/\/www.pressenza.com\/wp-content\/uploads\/2022\/10\/pressenza_logo_200x200.jpg","width":200,"height":200,"caption":"Pressenza"},"image":{"@id":"https:\/\/www.pressenza.com\/pt-pt\/#\/schema\/logo\/image\/"},"sameAs":["https:\/\/www.facebook.com\/PressenzaItalia","https:\/\/x.com\/PressenzaIPA"]},{"@type":"Person","@id":"https:\/\/www.pressenza.com\/pt-pt\/#\/schema\/person\/b2676ebafe4536a64eb64c8918a96fe2","name":"Esquerda.net","sameAs":["https:\/\/www.esquerda.net\/"],"url":"https:\/\/www.pressenza.com\/pt-pt\/author\/esquerda-net\/"}]}},"place":"","original_article_url":"","_links":{"self":[{"href":"https:\/\/www.pressenza.com\/pt-pt\/wp-json\/wp\/v2\/posts\/2585195","targetHints":{"allow":["GET"]}}],"collection":[{"href":"https:\/\/www.pressenza.com\/pt-pt\/wp-json\/wp\/v2\/posts"}],"about":[{"href":"https:\/\/www.pressenza.com\/pt-pt\/wp-json\/wp\/v2\/types\/post"}],"author":[{"embeddable":true,"href":"https:\/\/www.pressenza.com\/pt-pt\/wp-json\/wp\/v2\/users\/2394"}],"replies":[{"embeddable":true,"href":"https:\/\/www.pressenza.com\/pt-pt\/wp-json\/wp\/v2\/comments?post=2585195"}],"version-history":[{"count":0,"href":"https:\/\/www.pressenza.com\/pt-pt\/wp-json\/wp\/v2\/posts\/2585195\/revisions"}],"wp:featuredmedia":[{"embeddable":true,"href":"https:\/\/www.pressenza.com\/pt-pt\/wp-json\/wp\/v2\/media\/2585202"}],"wp:attachment":[{"href":"https:\/\/www.pressenza.com\/pt-pt\/wp-json\/wp\/v2\/media?parent=2585195"}],"wp:term":[{"taxonomy":"category","embeddable":true,"href":"https:\/\/www.pressenza.com\/pt-pt\/wp-json\/wp\/v2\/categories?post=2585195"},{"taxonomy":"post_tag","embeddable":true,"href":"https:\/\/www.pressenza.com\/pt-pt\/wp-json\/wp\/v2\/tags?post=2585195"}],"curies":[{"name":"wp","href":"https:\/\/api.w.org\/{rel}","templated":true}]}}