{"id":2582531,"date":"2025-02-10T15:48:59","date_gmt":"2025-02-10T15:48:59","guid":{"rendered":"https:\/\/www.pressenza.com\/?p=2582531"},"modified":"2025-02-10T15:48:59","modified_gmt":"2025-02-10T15:48:59","slug":"em-feat-com-lo-borges-helder-viana-lanca-o-single-romantico-colibri","status":"publish","type":"post","link":"https:\/\/www.pressenza.com\/pt-pt\/2025\/02\/em-feat-com-lo-borges-helder-viana-lanca-o-single-romantico-colibri\/","title":{"rendered":"Em feat com L\u00f4 Borges, H\u00e9lder Viana lan\u00e7a o single rom\u00e2ntico \u201cColibri\u201d"},"content":{"rendered":"<h5><span style=\"color: #999999;\">M\u00daSICA<\/span><\/h5>\n<p><em><strong>Por Carlos Pinho<\/strong><\/em><\/p>\n<h1 align=\"center\"><strong>Com um time de peso formado por m\u00fasicos como Wagner Tiso, Nivaldo Ornelas e Eneias Xavier, novidade chega \u00e0s plataformas registrada em clipe mostrando o encontro dos artistas<\/strong><\/h1>\n<p>As mem\u00f3rias dos momentos vividos com um amor que ficou no passado. Esse \u00e9 o ponto de partida de \u201cColibri\u201d, novo single do cantor, compositor e violonista mineiro\u00a0H\u00e9lder\u00a0Viana, que chega \u00e0s plataformas digitais. A grava\u00e7\u00e3o conta com a participa\u00e7\u00e3o do \u00edcone da MPB L\u00f4 Borges e esse encontro est\u00e1 registrado em clipe, j\u00e1 dispon\u00edvel no Youtube.<\/p>\n<p>Composi\u00e7\u00e3o de\u00a0H\u00e9lder, a can\u00e7\u00e3o conta com a colabora\u00e7\u00e3o de um time de peso.\u00a0A\u00a0produ\u00e7\u00e3o executiva \u00e9 de Eneias Xavier, com arranjos de Wagner Tiso, saxofone de Nivaldo Ornelas, bateria de Cyrano Almeida, viola de Marcelo N\u00e9bias, violino de Wesley Prates e cello de Eduardo Lucas Goulart Swerts e Hyu-Kyung Jung.<\/p>\n<p>&#8211; A participa\u00e7\u00e3o do L\u00f4 Borges foi uma indica\u00e7\u00e3o do meu produtor Eneias Xavier e que honra! Quanto ao Wagner Tiso, ele se tornou, j\u00e1 h\u00e1 algum tempo, meu arranjador oficial. O Nivaldo Ornelas trabalhou comigo em outros projetos e sobretudo vem gravando novos projetos e improvisando sua genialidade com maestria. Hoje, ele \u00e9 meu amigo e conselheiro musical. \u00c9 uma felicidade imensa poder estar cercado por tantos talentos incr\u00edveis \u2013 revela\u00a0Viana.<\/p>\n<p><b>Talento das ra\u00edzes do Brasil<\/b><\/p>\n<p>Oriundo de uma tradicional fam\u00edlia de congadeiros,\u00a0H\u00e9lder\u00a0Viana\u00a0<wbr \/>nasceu no munic\u00edpio de Oliveira, interior de Minas Gerais, em 1963. Iniciou a carreira art\u00edstica em 1978, no festival da can\u00e7\u00e3o local, passando depois a residir em Belo Horizonte, para onde foi estudar e tocar em bares, em 1984. Participou do \u201cI Semin\u00e1rio Brasileiro da M\u00fasica Instrumental\u201d, idealizado por Toninho Horta e realizado em Ouro Preto, em 1986. Nessa \u00e9poca, estudou viol\u00e3o com Amauri Aranha e trabalhou como percussionista em diversas bandas, como a instrumental Nhoc. No teatro, tocou em pe\u00e7as como \u201cZumbi\u201d, \u201cOs Saltimbancos\u201d, \u201cO Trem das Vertentes\u201d e \u201cTempestade\u201d (tendo feito a trilha sonora da \u00faltima). Acompanhou diversos artistas, entre eles, Amelinha, Oswaldinho do Acordeon e Sivuca.<\/p>\n<p>Em 1994, foi o vencedor do \u201cI Festival do Tribunal de Justi\u00e7a de Minas Gerais\u201d com a composi\u00e7\u00e3o \u201cB\u00fazios\u201d, interpretada pela cantora Loslena e julgada pelo emblem\u00e1tico letrista Fernando Brant. Em 2001, lan\u00e7ou o primeiro \u00e1lbum, \u201cCabr\u00e1lia\u201d, com participa\u00e7\u00f5es especiais do saxofonista Chico Amaral, do guitarrista Celso Moreira e do percussionista Sidinho Moreira. O show do disco percorreu o Sudeste por quase uma d\u00e9cada e foi aclamado pela cr\u00edtica, ganhando elogios de ningu\u00e9m menos do que Milton Nascimento. Entre 2011 e 2013, realizou a sua primeira turn\u00ea internacional, passando por Portugal, It\u00e1lia, Espanha, Fran\u00e7a e Inglaterra, registrada em dois DVDs. Ap\u00f3s dois anos de pandemia, ele retornou aos palcos do Rio de Janeiro &#8211; onde n\u00e3o se apresentava desde 2019 &#8211; com um time de artistas renomados. Desde ent\u00e3o, tem promovido diversos lan\u00e7amentos musicais com artistas como Kiko Continentino, Fl\u00e1vio Venturini, Beto Guedes e Toninho Horta.<\/p>\n<p>Confira o clipe.<\/p>\n<p>&nbsp;<\/p>\n<p><iframe loading=\"lazy\" title=\"Colibri - Helder Viana (Feat L\u00f4 Borges)\" width=\"500\" height=\"281\" src=\"https:\/\/www.youtube.com\/embed\/JuYqZLUY6rg?feature=oembed\" frameborder=\"0\" allow=\"accelerometer; autoplay; clipboard-write; encrypted-media; gyroscope; picture-in-picture; web-share\" referrerpolicy=\"strict-origin-when-cross-origin\" allowfullscreen><\/iframe><\/p>\n<p><b>Rede social: <\/b><a href=\"https:\/\/www.instagram.com\/helderhviana\/\" target=\"_blank\" rel=\"noopener\" data-saferedirecturl=\"https:\/\/www.google.com\/url?q=https:\/\/www.instagram.com\/helderhviana\/&amp;source=gmail&amp;ust=1739282893054000&amp;usg=AOvVaw1eqmHSo5RvE7S43cSL2vau\">@helderhviana<\/a><\/p>\n<p><b>Ficha t\u00e9cnica:\u00a0<\/b><\/p>\n<p>\u201cColibri\u201d<\/p>\n<p>Voz: H\u00e9lder Viana<\/p>\n<p>Voz e participa\u00e7\u00e3o especial: L\u00f4 Borges<\/p>\n<p>Saxofone: Nivaldo Ornelas<\/p>\n<p>Bateria: Cyrano Almeida<\/p>\n<p>Viola: Marcelo N\u00e9bias<\/p>\n<p>Violino: Wesley Prates<\/p>\n<p>Cello: Eduardo Lucas Goulart Swerts e Hyu-Kyung Jung<\/p>\n<p>Baixo e Produtor Executivo: Eneias Xavier<\/p>\n<p>Arranjos: Wagner Tiso<\/p>\n<p>Grava\u00e7\u00e3o no est\u00fadio: Usina Est\u00fadio<\/p>\n<p>Masteriza\u00e7\u00e3o: Fernando Rocha de Noronha Salgado\/Bola<\/p>\n<p>Capta\u00e7\u00f5es de imagem em est\u00fadio: Sarah Cambraia<\/p>\n<p>Bancos de Imagem: Fabr\u00edcio Souza<\/p>\n<p>\u00c1udio: Eneias Xavier<\/p>\n<p>Assessoria de imprensa: Carlos Pinho<\/p>\n","protected":false},"excerpt":{"rendered":"<p>M\u00daSICA Por Carlos Pinho Com um time de peso formado por m\u00fasicos como Wagner Tiso, Nivaldo Ornelas e Eneias Xavier, novidade chega \u00e0s plataformas registrada em clipe mostrando o encontro dos artistas As mem\u00f3rias dos momentos vividos com um amor&hellip;<\/p>\n","protected":false},"author":1685,"featured_media":2582533,"comment_status":"closed","ping_status":"closed","sticky":false,"template":"","format":"standard","meta":{"footnotes":""},"categories":[104,11390,112,153],"tags":[75238,64842],"class_list":["post-2582531","post","type-post","status-publish","format-standard","has-post-thumbnail","hentry","category-america-do-sul","category-conteudo-original","category-cultura-pt-pt","category-nota-de-imprensa","tag-caderno-de-cultura","tag-musica-pt-pt"],"yoast_head":"<!-- This site is optimized with the Yoast SEO plugin v27.1.1 - https:\/\/yoast.com\/product\/yoast-seo-wordpress\/ -->\n<title>Em feat com L\u00f4 Borges, H\u00e9lder Viana lan\u00e7a o single rom\u00e2ntico \u201cColibri\u201d<\/title>\n<meta name=\"description\" content=\"M\u00daSICA Por Carlos Pinho Com um time de peso formado por m\u00fasicos como Wagner Tiso, Nivaldo Ornelas e Eneias Xavier, novidade chega \u00e0s plataformas\" \/>\n<meta name=\"robots\" content=\"index, follow, max-snippet:-1, max-image-preview:large, max-video-preview:-1\" \/>\n<link rel=\"canonical\" href=\"https:\/\/www.pressenza.com\/pt-pt\/2025\/02\/em-feat-com-lo-borges-helder-viana-lanca-o-single-romantico-colibri\/\" \/>\n<meta property=\"og:locale\" content=\"pt_PT\" \/>\n<meta property=\"og:type\" content=\"article\" \/>\n<meta property=\"og:title\" content=\"Em feat com L\u00f4 Borges, H\u00e9lder Viana lan\u00e7a o single rom\u00e2ntico \u201cColibri\u201d\" \/>\n<meta property=\"og:description\" content=\"M\u00daSICA Por Carlos Pinho Com um time de peso formado por m\u00fasicos como Wagner Tiso, Nivaldo Ornelas e Eneias Xavier, novidade chega \u00e0s plataformas\" \/>\n<meta property=\"og:url\" content=\"https:\/\/www.pressenza.com\/pt-pt\/2025\/02\/em-feat-com-lo-borges-helder-viana-lanca-o-single-romantico-colibri\/\" \/>\n<meta property=\"og:site_name\" content=\"Pressenza\" \/>\n<meta property=\"article:publisher\" content=\"https:\/\/www.facebook.com\/PressenzaItalia\" \/>\n<meta property=\"article:published_time\" content=\"2025-02-10T15:48:59+00:00\" \/>\n<meta property=\"og:image\" content=\"https:\/\/www.pressenza.com\/wp-content\/uploads\/2025\/02\/fotos-site-pressenza.jpg\" \/>\n\t<meta property=\"og:image:width\" content=\"750\" \/>\n\t<meta property=\"og:image:height\" content=\"420\" \/>\n\t<meta property=\"og:image:type\" content=\"image\/jpeg\" \/>\n<meta name=\"author\" content=\"Reda\u00e7\u00e3o Rio de Janeiro\" \/>\n<meta name=\"twitter:card\" content=\"summary_large_image\" \/>\n<meta name=\"twitter:creator\" content=\"@PressenzaIPA\" \/>\n<meta name=\"twitter:site\" content=\"@PressenzaIPA\" \/>\n<meta name=\"twitter:label1\" content=\"Escrito por\" \/>\n\t<meta name=\"twitter:data1\" content=\"Reda\u00e7\u00e3o Rio de Janeiro\" \/>\n\t<meta name=\"twitter:label2\" content=\"Tempo estimado de leitura\" \/>\n\t<meta name=\"twitter:data2\" content=\"4 minutos\" \/>\n<script type=\"application\/ld+json\" class=\"yoast-schema-graph\">{\"@context\":\"https:\/\/schema.org\",\"@graph\":[{\"@type\":\"Article\",\"@id\":\"https:\/\/www.pressenza.com\/pt-pt\/2025\/02\/em-feat-com-lo-borges-helder-viana-lanca-o-single-romantico-colibri\/#article\",\"isPartOf\":{\"@id\":\"https:\/\/www.pressenza.com\/pt-pt\/2025\/02\/em-feat-com-lo-borges-helder-viana-lanca-o-single-romantico-colibri\/\"},\"author\":{\"name\":\"Reda\u00e7\u00e3o Rio de Janeiro\",\"@id\":\"https:\/\/www.pressenza.com\/pt-pt\/#\/schema\/person\/6925e927f8ff3a0cdb838320c5d12259\"},\"headline\":\"Em feat com L\u00f4 Borges, H\u00e9lder Viana lan\u00e7a o single rom\u00e2ntico \u201cColibri\u201d\",\"datePublished\":\"2025-02-10T15:48:59+00:00\",\"mainEntityOfPage\":{\"@id\":\"https:\/\/www.pressenza.com\/pt-pt\/2025\/02\/em-feat-com-lo-borges-helder-viana-lanca-o-single-romantico-colibri\/\"},\"wordCount\":627,\"publisher\":{\"@id\":\"https:\/\/www.pressenza.com\/pt-pt\/#organization\"},\"image\":{\"@id\":\"https:\/\/www.pressenza.com\/pt-pt\/2025\/02\/em-feat-com-lo-borges-helder-viana-lanca-o-single-romantico-colibri\/#primaryimage\"},\"thumbnailUrl\":\"https:\/\/www.pressenza.com\/wp-content\/uploads\/2025\/02\/fotos-site-pressenza.jpg\",\"keywords\":[\"caderno de cultura\",\"musica\"],\"articleSection\":[\"\u00c1m\u00e9rica do Sul\",\"Conte\u00fado Original\",\"Cultura e M\u00eddia\",\"Nota de imprensa\"],\"inLanguage\":\"pt-PT\"},{\"@type\":\"WebPage\",\"@id\":\"https:\/\/www.pressenza.com\/pt-pt\/2025\/02\/em-feat-com-lo-borges-helder-viana-lanca-o-single-romantico-colibri\/\",\"url\":\"https:\/\/www.pressenza.com\/pt-pt\/2025\/02\/em-feat-com-lo-borges-helder-viana-lanca-o-single-romantico-colibri\/\",\"name\":\"Em feat com L\u00f4 Borges, H\u00e9lder Viana lan\u00e7a o single rom\u00e2ntico \u201cColibri\u201d\",\"isPartOf\":{\"@id\":\"https:\/\/www.pressenza.com\/pt-pt\/#website\"},\"primaryImageOfPage\":{\"@id\":\"https:\/\/www.pressenza.com\/pt-pt\/2025\/02\/em-feat-com-lo-borges-helder-viana-lanca-o-single-romantico-colibri\/#primaryimage\"},\"image\":{\"@id\":\"https:\/\/www.pressenza.com\/pt-pt\/2025\/02\/em-feat-com-lo-borges-helder-viana-lanca-o-single-romantico-colibri\/#primaryimage\"},\"thumbnailUrl\":\"https:\/\/www.pressenza.com\/wp-content\/uploads\/2025\/02\/fotos-site-pressenza.jpg\",\"datePublished\":\"2025-02-10T15:48:59+00:00\",\"description\":\"M\u00daSICA Por Carlos Pinho Com um time de peso formado por m\u00fasicos como Wagner Tiso, Nivaldo Ornelas e Eneias Xavier, novidade chega \u00e0s plataformas\",\"breadcrumb\":{\"@id\":\"https:\/\/www.pressenza.com\/pt-pt\/2025\/02\/em-feat-com-lo-borges-helder-viana-lanca-o-single-romantico-colibri\/#breadcrumb\"},\"inLanguage\":\"pt-PT\",\"potentialAction\":[{\"@type\":\"ReadAction\",\"target\":[\"https:\/\/www.pressenza.com\/pt-pt\/2025\/02\/em-feat-com-lo-borges-helder-viana-lanca-o-single-romantico-colibri\/\"]}]},{\"@type\":\"ImageObject\",\"inLanguage\":\"pt-PT\",\"@id\":\"https:\/\/www.pressenza.com\/pt-pt\/2025\/02\/em-feat-com-lo-borges-helder-viana-lanca-o-single-romantico-colibri\/#primaryimage\",\"url\":\"https:\/\/www.pressenza.com\/wp-content\/uploads\/2025\/02\/fotos-site-pressenza.jpg\",\"contentUrl\":\"https:\/\/www.pressenza.com\/wp-content\/uploads\/2025\/02\/fotos-site-pressenza.jpg\",\"width\":750,\"height\":420},{\"@type\":\"BreadcrumbList\",\"@id\":\"https:\/\/www.pressenza.com\/pt-pt\/2025\/02\/em-feat-com-lo-borges-helder-viana-lanca-o-single-romantico-colibri\/#breadcrumb\",\"itemListElement\":[{\"@type\":\"ListItem\",\"position\":1,\"name\":\"Accueil\",\"item\":\"https:\/\/www.pressenza.com\/pt-pt\/\"},{\"@type\":\"ListItem\",\"position\":2,\"name\":\"Em feat com L\u00f4 Borges, H\u00e9lder Viana lan\u00e7a o single rom\u00e2ntico \u201cColibri\u201d\"}]},{\"@type\":\"WebSite\",\"@id\":\"https:\/\/www.pressenza.com\/pt-pt\/#website\",\"url\":\"https:\/\/www.pressenza.com\/pt-pt\/\",\"name\":\"Pressenza\",\"description\":\"International Press Agency\",\"publisher\":{\"@id\":\"https:\/\/www.pressenza.com\/pt-pt\/#organization\"},\"potentialAction\":[{\"@type\":\"SearchAction\",\"target\":{\"@type\":\"EntryPoint\",\"urlTemplate\":\"https:\/\/www.pressenza.com\/pt-pt\/?s={search_term_string}\"},\"query-input\":{\"@type\":\"PropertyValueSpecification\",\"valueRequired\":true,\"valueName\":\"search_term_string\"}}],\"inLanguage\":\"pt-PT\"},{\"@type\":\"Organization\",\"@id\":\"https:\/\/www.pressenza.com\/pt-pt\/#organization\",\"name\":\"Pressenza\",\"url\":\"https:\/\/www.pressenza.com\/pt-pt\/\",\"logo\":{\"@type\":\"ImageObject\",\"inLanguage\":\"pt-PT\",\"@id\":\"https:\/\/www.pressenza.com\/pt-pt\/#\/schema\/logo\/image\/\",\"url\":\"https:\/\/www.pressenza.com\/wp-content\/uploads\/2022\/10\/pressenza_logo_200x200.jpg\",\"contentUrl\":\"https:\/\/www.pressenza.com\/wp-content\/uploads\/2022\/10\/pressenza_logo_200x200.jpg\",\"width\":200,\"height\":200,\"caption\":\"Pressenza\"},\"image\":{\"@id\":\"https:\/\/www.pressenza.com\/pt-pt\/#\/schema\/logo\/image\/\"},\"sameAs\":[\"https:\/\/www.facebook.com\/PressenzaItalia\",\"https:\/\/x.com\/PressenzaIPA\"]},{\"@type\":\"Person\",\"@id\":\"https:\/\/www.pressenza.com\/pt-pt\/#\/schema\/person\/6925e927f8ff3a0cdb838320c5d12259\",\"name\":\"Reda\u00e7\u00e3o Rio de Janeiro\",\"description\":\"News published by the Pressenza bureau in Rio de Janeiro, Brazil\",\"url\":\"https:\/\/www.pressenza.com\/pt-pt\/author\/redacao-rio-de-janeiro\/\"}]}<\/script>\n<!-- \/ Yoast SEO plugin. -->","yoast_head_json":{"title":"Em feat com L\u00f4 Borges, H\u00e9lder Viana lan\u00e7a o single rom\u00e2ntico \u201cColibri\u201d","description":"M\u00daSICA Por Carlos Pinho Com um time de peso formado por m\u00fasicos como Wagner Tiso, Nivaldo Ornelas e Eneias Xavier, novidade chega \u00e0s plataformas","robots":{"index":"index","follow":"follow","max-snippet":"max-snippet:-1","max-image-preview":"max-image-preview:large","max-video-preview":"max-video-preview:-1"},"canonical":"https:\/\/www.pressenza.com\/pt-pt\/2025\/02\/em-feat-com-lo-borges-helder-viana-lanca-o-single-romantico-colibri\/","og_locale":"pt_PT","og_type":"article","og_title":"Em feat com L\u00f4 Borges, H\u00e9lder Viana lan\u00e7a o single rom\u00e2ntico \u201cColibri\u201d","og_description":"M\u00daSICA Por Carlos Pinho Com um time de peso formado por m\u00fasicos como Wagner Tiso, Nivaldo Ornelas e Eneias Xavier, novidade chega \u00e0s plataformas","og_url":"https:\/\/www.pressenza.com\/pt-pt\/2025\/02\/em-feat-com-lo-borges-helder-viana-lanca-o-single-romantico-colibri\/","og_site_name":"Pressenza","article_publisher":"https:\/\/www.facebook.com\/PressenzaItalia","article_published_time":"2025-02-10T15:48:59+00:00","og_image":[{"width":750,"height":420,"url":"https:\/\/www.pressenza.com\/wp-content\/uploads\/2025\/02\/fotos-site-pressenza.jpg","type":"image\/jpeg"}],"author":"Reda\u00e7\u00e3o Rio de Janeiro","twitter_card":"summary_large_image","twitter_creator":"@PressenzaIPA","twitter_site":"@PressenzaIPA","twitter_misc":{"Escrito por":"Reda\u00e7\u00e3o Rio de Janeiro","Tempo estimado de leitura":"4 minutos"},"schema":{"@context":"https:\/\/schema.org","@graph":[{"@type":"Article","@id":"https:\/\/www.pressenza.com\/pt-pt\/2025\/02\/em-feat-com-lo-borges-helder-viana-lanca-o-single-romantico-colibri\/#article","isPartOf":{"@id":"https:\/\/www.pressenza.com\/pt-pt\/2025\/02\/em-feat-com-lo-borges-helder-viana-lanca-o-single-romantico-colibri\/"},"author":{"name":"Reda\u00e7\u00e3o Rio de Janeiro","@id":"https:\/\/www.pressenza.com\/pt-pt\/#\/schema\/person\/6925e927f8ff3a0cdb838320c5d12259"},"headline":"Em feat com L\u00f4 Borges, H\u00e9lder Viana lan\u00e7a o single rom\u00e2ntico \u201cColibri\u201d","datePublished":"2025-02-10T15:48:59+00:00","mainEntityOfPage":{"@id":"https:\/\/www.pressenza.com\/pt-pt\/2025\/02\/em-feat-com-lo-borges-helder-viana-lanca-o-single-romantico-colibri\/"},"wordCount":627,"publisher":{"@id":"https:\/\/www.pressenza.com\/pt-pt\/#organization"},"image":{"@id":"https:\/\/www.pressenza.com\/pt-pt\/2025\/02\/em-feat-com-lo-borges-helder-viana-lanca-o-single-romantico-colibri\/#primaryimage"},"thumbnailUrl":"https:\/\/www.pressenza.com\/wp-content\/uploads\/2025\/02\/fotos-site-pressenza.jpg","keywords":["caderno de cultura","musica"],"articleSection":["\u00c1m\u00e9rica do Sul","Conte\u00fado Original","Cultura e M\u00eddia","Nota de imprensa"],"inLanguage":"pt-PT"},{"@type":"WebPage","@id":"https:\/\/www.pressenza.com\/pt-pt\/2025\/02\/em-feat-com-lo-borges-helder-viana-lanca-o-single-romantico-colibri\/","url":"https:\/\/www.pressenza.com\/pt-pt\/2025\/02\/em-feat-com-lo-borges-helder-viana-lanca-o-single-romantico-colibri\/","name":"Em feat com L\u00f4 Borges, H\u00e9lder Viana lan\u00e7a o single rom\u00e2ntico \u201cColibri\u201d","isPartOf":{"@id":"https:\/\/www.pressenza.com\/pt-pt\/#website"},"primaryImageOfPage":{"@id":"https:\/\/www.pressenza.com\/pt-pt\/2025\/02\/em-feat-com-lo-borges-helder-viana-lanca-o-single-romantico-colibri\/#primaryimage"},"image":{"@id":"https:\/\/www.pressenza.com\/pt-pt\/2025\/02\/em-feat-com-lo-borges-helder-viana-lanca-o-single-romantico-colibri\/#primaryimage"},"thumbnailUrl":"https:\/\/www.pressenza.com\/wp-content\/uploads\/2025\/02\/fotos-site-pressenza.jpg","datePublished":"2025-02-10T15:48:59+00:00","description":"M\u00daSICA Por Carlos Pinho Com um time de peso formado por m\u00fasicos como Wagner Tiso, Nivaldo Ornelas e Eneias Xavier, novidade chega \u00e0s plataformas","breadcrumb":{"@id":"https:\/\/www.pressenza.com\/pt-pt\/2025\/02\/em-feat-com-lo-borges-helder-viana-lanca-o-single-romantico-colibri\/#breadcrumb"},"inLanguage":"pt-PT","potentialAction":[{"@type":"ReadAction","target":["https:\/\/www.pressenza.com\/pt-pt\/2025\/02\/em-feat-com-lo-borges-helder-viana-lanca-o-single-romantico-colibri\/"]}]},{"@type":"ImageObject","inLanguage":"pt-PT","@id":"https:\/\/www.pressenza.com\/pt-pt\/2025\/02\/em-feat-com-lo-borges-helder-viana-lanca-o-single-romantico-colibri\/#primaryimage","url":"https:\/\/www.pressenza.com\/wp-content\/uploads\/2025\/02\/fotos-site-pressenza.jpg","contentUrl":"https:\/\/www.pressenza.com\/wp-content\/uploads\/2025\/02\/fotos-site-pressenza.jpg","width":750,"height":420},{"@type":"BreadcrumbList","@id":"https:\/\/www.pressenza.com\/pt-pt\/2025\/02\/em-feat-com-lo-borges-helder-viana-lanca-o-single-romantico-colibri\/#breadcrumb","itemListElement":[{"@type":"ListItem","position":1,"name":"Accueil","item":"https:\/\/www.pressenza.com\/pt-pt\/"},{"@type":"ListItem","position":2,"name":"Em feat com L\u00f4 Borges, H\u00e9lder Viana lan\u00e7a o single rom\u00e2ntico \u201cColibri\u201d"}]},{"@type":"WebSite","@id":"https:\/\/www.pressenza.com\/pt-pt\/#website","url":"https:\/\/www.pressenza.com\/pt-pt\/","name":"Pressenza","description":"International Press Agency","publisher":{"@id":"https:\/\/www.pressenza.com\/pt-pt\/#organization"},"potentialAction":[{"@type":"SearchAction","target":{"@type":"EntryPoint","urlTemplate":"https:\/\/www.pressenza.com\/pt-pt\/?s={search_term_string}"},"query-input":{"@type":"PropertyValueSpecification","valueRequired":true,"valueName":"search_term_string"}}],"inLanguage":"pt-PT"},{"@type":"Organization","@id":"https:\/\/www.pressenza.com\/pt-pt\/#organization","name":"Pressenza","url":"https:\/\/www.pressenza.com\/pt-pt\/","logo":{"@type":"ImageObject","inLanguage":"pt-PT","@id":"https:\/\/www.pressenza.com\/pt-pt\/#\/schema\/logo\/image\/","url":"https:\/\/www.pressenza.com\/wp-content\/uploads\/2022\/10\/pressenza_logo_200x200.jpg","contentUrl":"https:\/\/www.pressenza.com\/wp-content\/uploads\/2022\/10\/pressenza_logo_200x200.jpg","width":200,"height":200,"caption":"Pressenza"},"image":{"@id":"https:\/\/www.pressenza.com\/pt-pt\/#\/schema\/logo\/image\/"},"sameAs":["https:\/\/www.facebook.com\/PressenzaItalia","https:\/\/x.com\/PressenzaIPA"]},{"@type":"Person","@id":"https:\/\/www.pressenza.com\/pt-pt\/#\/schema\/person\/6925e927f8ff3a0cdb838320c5d12259","name":"Reda\u00e7\u00e3o Rio de Janeiro","description":"News published by the Pressenza bureau in Rio de Janeiro, Brazil","url":"https:\/\/www.pressenza.com\/pt-pt\/author\/redacao-rio-de-janeiro\/"}]}},"place":"","original_article_url":"","_links":{"self":[{"href":"https:\/\/www.pressenza.com\/pt-pt\/wp-json\/wp\/v2\/posts\/2582531","targetHints":{"allow":["GET"]}}],"collection":[{"href":"https:\/\/www.pressenza.com\/pt-pt\/wp-json\/wp\/v2\/posts"}],"about":[{"href":"https:\/\/www.pressenza.com\/pt-pt\/wp-json\/wp\/v2\/types\/post"}],"author":[{"embeddable":true,"href":"https:\/\/www.pressenza.com\/pt-pt\/wp-json\/wp\/v2\/users\/1685"}],"replies":[{"embeddable":true,"href":"https:\/\/www.pressenza.com\/pt-pt\/wp-json\/wp\/v2\/comments?post=2582531"}],"version-history":[{"count":0,"href":"https:\/\/www.pressenza.com\/pt-pt\/wp-json\/wp\/v2\/posts\/2582531\/revisions"}],"wp:featuredmedia":[{"embeddable":true,"href":"https:\/\/www.pressenza.com\/pt-pt\/wp-json\/wp\/v2\/media\/2582533"}],"wp:attachment":[{"href":"https:\/\/www.pressenza.com\/pt-pt\/wp-json\/wp\/v2\/media?parent=2582531"}],"wp:term":[{"taxonomy":"category","embeddable":true,"href":"https:\/\/www.pressenza.com\/pt-pt\/wp-json\/wp\/v2\/categories?post=2582531"},{"taxonomy":"post_tag","embeddable":true,"href":"https:\/\/www.pressenza.com\/pt-pt\/wp-json\/wp\/v2\/tags?post=2582531"}],"curies":[{"name":"wp","href":"https:\/\/api.w.org\/{rel}","templated":true}]}}