{"id":2570571,"date":"2024-12-16T15:25:47","date_gmt":"2024-12-16T15:25:47","guid":{"rendered":"https:\/\/www.pressenza.com\/?p=2570571"},"modified":"2024-12-16T15:27:02","modified_gmt":"2024-12-16T15:27:02","slug":"vila-musical-celebra-diversidade-cultural-de-sao-paulo","status":"publish","type":"post","link":"https:\/\/www.pressenza.com\/pt-pt\/2024\/12\/vila-musical-celebra-diversidade-cultural-de-sao-paulo\/","title":{"rendered":"Vila Musical celebra diversidade cultural de S\u00e3o Paulo"},"content":{"rendered":"<h5><span style=\"color: #999999;\">M\u00daSICA<\/span><\/h5>\n<p><em><strong>Por Bia Sampaio \/ BriefCom<\/strong><\/em><\/p>\n<h1 class=\"m_1551076394315415261MsoNoSpacing\" align=\"center\"><strong>Filafro + Serginho Madureira, Andr\u00e9 Youssef Duo e Chocolatte de Vila Maria s\u00e3o algumas das atra\u00e7\u00f5es do evento gratuito que acontece neste fim de semana<\/strong><\/h1>\n<p class=\"m_1551076394315415261MsoNoSpacing\">A capital paulista se prepara para receber um evento cultural \u00fanico, que promete unir ritmos, talentos e p\u00fablicos diversos em dois fins de semana inesquec\u00edveis. Trata-se do \u201cVila Musical\u201d, que estreia neste fim de semana, nos dias 14 e 15 de dezembro, na Vila Leopoldina, com entrada gratuita e uma programa\u00e7\u00e3o que valoriza novos talentos e celebra a riqueza da m\u00fasica paulistana.<u><\/u><u><\/u><\/p>\n<p class=\"m_1551076394315415261MsoNoSpacing\">Realizado ao longo de quatro dias, o \u201cVila Musical\u00a8\u201d contar\u00e1 com um total de 18 shows em dois bairros da cidade, explorando oito g\u00eaneros musicais, incluindo samba de raiz, MPB, m\u00fasica cubana, jazz, blues, forr\u00f3, pop nacional e internacional. Uma das atra\u00e7\u00f5es mais aguardadas do festival \u00e9 o show \u201cFILAFRO convida Serginho Madureira\u201d, previsto para acontecer no domingo, 15, a partir das 11h.<u><\/u><u><\/u><\/p>\n<p class=\"m_1551076394315415261MsoPlainText\">J\u00e1 nos dias 19 e 20 de dezembro, das 16h \u00e0s 19h, o evento acontecer\u00e1 na Oficina Cultural Oswald de Andrade, localizada no Bairro do Bom Retiro. O Edif\u00edcio Oswald de Andrade est\u00e1 sediado num espa\u00e7o hist\u00f3rico que foi inaugurado em 1905, e no local s\u00e3o realizadas diversas atividades de forma\u00e7\u00e3o e difus\u00e3o que abordam diferentes linguagens art\u00edsticas como artes c\u00eanicas, artes visuais, audiovisual, gest\u00e3o cultural, espet\u00e1culos de dan\u00e7a e teatro, exposi\u00e7\u00f5es, literatura, moda e m\u00fasica. O Edif\u00edcio Oswald de Andrade pertence \u00e0 Secretaria da Cultura, Economia e Ind\u00fastria Criativas do Governo do Estado de S\u00e3o Paulo.\u00a0<u><\/u><u><\/u><u><\/u>\u00a0<u><\/u><\/p>\n<p class=\"m_1551076394315415261MsoNoSpacing\"><b>Sobre o Vila Musical<u><\/u><u><\/u><\/b><\/p>\n<p class=\"m_1551076394315415261MsoNoSpacing\">Projeto cultural criado para levar a diversidade musical para perto da popula\u00e7\u00e3o, promovendo a democratiza\u00e7\u00e3o da cultura e fortalecendo a cena musical da cidade de S\u00e3o Paulo. Al\u00e9m de proporcionar momentos de lazer e celebra\u00e7\u00e3o, o evento incentiva novos artistas e amplia o acesso da comunidade \u00e0 cultura. Essa \u00e9 a primeira edi\u00e7\u00e3o do projeto.<u><\/u><u><\/u><\/p>\n<p class=\"m_1551076394315415261MsoNoSpacing\">O projeto \u00e9 uma realiza\u00e7\u00e3o da Secretaria Municipal de Cultura de S\u00e3o Paulo, por meio a Lei de Incentivo \u00e0 Cultura Pro-Mac. A produ\u00e7\u00e3o \u00e9 da Ag\u00eancia BICI com apoio da Rhadar Cultural e de O Ensaio Coletivo.\u00a0<u><\/u><u><\/u><u><\/u>\u00a0<u><\/u><\/p>\n<p><img loading=\"lazy\" decoding=\"async\" class=\"aligncenter wp-image-2570577 size-large\" src=\"https:\/\/www.pressenza.com\/wp-content\/uploads\/2024\/12\/WhatsApp-Image-2024-12-12-at-15.23.53-804x1024.jpeg\" alt=\"\" width=\"804\" height=\"1024\" srcset=\"https:\/\/www.pressenza.com\/wp-content\/uploads\/2024\/12\/WhatsApp-Image-2024-12-12-at-15.23.53-804x1024.jpeg 804w, https:\/\/www.pressenza.com\/wp-content\/uploads\/2024\/12\/WhatsApp-Image-2024-12-12-at-15.23.53-236x300.jpeg 236w, https:\/\/www.pressenza.com\/wp-content\/uploads\/2024\/12\/WhatsApp-Image-2024-12-12-at-15.23.53.jpeg 1256w\" sizes=\"auto, (max-width: 804px) 100vw, 804px\" \/><strong>Servi\u00e7o<\/strong><\/p>\n<p class=\"m_1551076394315415261MsoNoSpacing\"><b>\u201cVila Musical\u201d<u><\/u><u><\/u><\/b><\/p>\n<p class=\"m_1551076394315415261MsoNoSpacing\">Quinta, dia 19\/12, das 16h \u00e0s 19h<u><\/u><u><\/u><\/p>\n<p class=\"m_1551076394315415261MsoNoSpacing\">Sexta, dia 20\/12, das 16h \u00e0s 19h<u><\/u><u><\/u><\/p>\n<p class=\"m_1551076394315415261MsoPlainText\">Local:\u00a0Oficina Cultural Oswald de Andrade<u><\/u><u><\/u><\/p>\n<p class=\"m_1551076394315415261MsoPlainText\">Endere\u00e7o: Rua Tr\u00eas Rios, 363 &#8211; Bom Retiro, S\u00e3o Paulo<u><\/u><u><\/u><\/p>\n<p class=\"m_1551076394315415261MsoNoSpacing\">Entrada gratuita<u><\/u><u><\/u><\/p>\n<p class=\"m_1551076394315415261MsoPlainText\">IG: @vilamusical_evento<u><\/u><u><\/u><\/p>\n<p class=\"m_1551076394315415261MsoNoSpacing\"><i>Informa\u00e7\u00f5es \u00e0 imprensa: BriefCom Assessoria de Comunica\u00e7\u00e3o\/Bia Sampaio: (21)\u00a0<\/i><a href=\"mailto:98181-8351\/biasampaio@briefcom.com.br\/@briefcomcomunicacao\" target=\"_blank\" rel=\"noopener\"><i>98181-8351\/biasampaio@<wbr \/>briefcom.com.br\/@<wbr \/>briefcomcomunicacao<\/i><\/a><\/p>\n","protected":false},"excerpt":{"rendered":"<p>M\u00daSICA Por Bia Sampaio \/ BriefCom Filafro + Serginho Madureira, Andr\u00e9 Youssef Duo e Chocolatte de Vila Maria s\u00e3o algumas das atra\u00e7\u00f5es do evento gratuito que acontece neste fim de semana A capital paulista se prepara para receber um evento&hellip;<\/p>\n","protected":false},"author":1685,"featured_media":2570576,"comment_status":"closed","ping_status":"closed","sticky":false,"template":"","format":"standard","meta":{"footnotes":""},"categories":[104,11390,112,153,20610],"tags":[75238,64842],"class_list":["post-2570571","post","type-post","status-publish","format-standard","has-post-thumbnail","hentry","category-america-do-sul","category-conteudo-original","category-cultura-pt-pt","category-nota-de-imprensa","category-sem-categoria","tag-caderno-de-cultura","tag-musica-pt-pt"],"yoast_head":"<!-- This site is optimized with the Yoast SEO plugin v27.1.1 - https:\/\/yoast.com\/product\/yoast-seo-wordpress\/ -->\n<title>Vila Musical celebra diversidade cultural de S\u00e3o Paulo<\/title>\n<meta name=\"description\" content=\"M\u00daSICA Por Bia Sampaio \/ BriefCom Filafro + Serginho Madureira, Andr\u00e9 Youssef Duo e Chocolatte de Vila Maria s\u00e3o algumas das atra\u00e7\u00f5es do evento gratuito\" \/>\n<meta name=\"robots\" content=\"index, follow, max-snippet:-1, max-image-preview:large, max-video-preview:-1\" \/>\n<link rel=\"canonical\" href=\"https:\/\/www.pressenza.com\/pt-pt\/2024\/12\/vila-musical-celebra-diversidade-cultural-de-sao-paulo\/\" \/>\n<meta property=\"og:locale\" content=\"pt_PT\" \/>\n<meta property=\"og:type\" content=\"article\" \/>\n<meta property=\"og:title\" content=\"Vila Musical celebra diversidade cultural de S\u00e3o Paulo\" \/>\n<meta property=\"og:description\" content=\"M\u00daSICA Por Bia Sampaio \/ BriefCom Filafro + Serginho Madureira, Andr\u00e9 Youssef Duo e Chocolatte de Vila Maria s\u00e3o algumas das atra\u00e7\u00f5es do evento gratuito\" \/>\n<meta property=\"og:url\" content=\"https:\/\/www.pressenza.com\/pt-pt\/2024\/12\/vila-musical-celebra-diversidade-cultural-de-sao-paulo\/\" \/>\n<meta property=\"og:site_name\" content=\"Pressenza\" \/>\n<meta property=\"article:publisher\" content=\"https:\/\/www.facebook.com\/PressenzaItalia\" \/>\n<meta property=\"article:published_time\" content=\"2024-12-16T15:25:47+00:00\" \/>\n<meta property=\"article:modified_time\" content=\"2024-12-16T15:27:02+00:00\" \/>\n<meta property=\"og:image\" content=\"https:\/\/www.pressenza.com\/wp-content\/uploads\/2024\/12\/fotos-site-pressenza-4-1.jpg\" \/>\n\t<meta property=\"og:image:width\" content=\"750\" \/>\n\t<meta property=\"og:image:height\" content=\"420\" \/>\n\t<meta property=\"og:image:type\" content=\"image\/jpeg\" \/>\n<meta name=\"author\" content=\"Reda\u00e7\u00e3o Rio de Janeiro\" \/>\n<meta name=\"twitter:card\" content=\"summary_large_image\" \/>\n<meta name=\"twitter:creator\" content=\"@PressenzaIPA\" \/>\n<meta name=\"twitter:site\" content=\"@PressenzaIPA\" \/>\n<meta name=\"twitter:label1\" content=\"Escrito por\" \/>\n\t<meta name=\"twitter:data1\" content=\"Reda\u00e7\u00e3o Rio de Janeiro\" \/>\n\t<meta name=\"twitter:label2\" content=\"Tempo estimado de leitura\" \/>\n\t<meta name=\"twitter:data2\" content=\"3 minutos\" \/>\n<script type=\"application\/ld+json\" class=\"yoast-schema-graph\">{\"@context\":\"https:\/\/schema.org\",\"@graph\":[{\"@type\":\"Article\",\"@id\":\"https:\/\/www.pressenza.com\/pt-pt\/2024\/12\/vila-musical-celebra-diversidade-cultural-de-sao-paulo\/#article\",\"isPartOf\":{\"@id\":\"https:\/\/www.pressenza.com\/pt-pt\/2024\/12\/vila-musical-celebra-diversidade-cultural-de-sao-paulo\/\"},\"author\":{\"name\":\"Reda\u00e7\u00e3o Rio de Janeiro\",\"@id\":\"https:\/\/www.pressenza.com\/pt-pt\/#\/schema\/person\/6925e927f8ff3a0cdb838320c5d12259\"},\"headline\":\"Vila Musical celebra diversidade cultural de S\u00e3o Paulo\",\"datePublished\":\"2024-12-16T15:25:47+00:00\",\"dateModified\":\"2024-12-16T15:27:02+00:00\",\"mainEntityOfPage\":{\"@id\":\"https:\/\/www.pressenza.com\/pt-pt\/2024\/12\/vila-musical-celebra-diversidade-cultural-de-sao-paulo\/\"},\"wordCount\":434,\"publisher\":{\"@id\":\"https:\/\/www.pressenza.com\/pt-pt\/#organization\"},\"image\":{\"@id\":\"https:\/\/www.pressenza.com\/pt-pt\/2024\/12\/vila-musical-celebra-diversidade-cultural-de-sao-paulo\/#primaryimage\"},\"thumbnailUrl\":\"https:\/\/www.pressenza.com\/wp-content\/uploads\/2024\/12\/fotos-site-pressenza-4-1.jpg\",\"keywords\":[\"caderno de cultura\",\"musica\"],\"articleSection\":[\"\u00c1m\u00e9rica do Sul\",\"Conte\u00fado Original\",\"Cultura e M\u00eddia\",\"Nota de imprensa\"],\"inLanguage\":\"pt-PT\"},{\"@type\":\"WebPage\",\"@id\":\"https:\/\/www.pressenza.com\/pt-pt\/2024\/12\/vila-musical-celebra-diversidade-cultural-de-sao-paulo\/\",\"url\":\"https:\/\/www.pressenza.com\/pt-pt\/2024\/12\/vila-musical-celebra-diversidade-cultural-de-sao-paulo\/\",\"name\":\"Vila Musical celebra diversidade cultural de S\u00e3o Paulo\",\"isPartOf\":{\"@id\":\"https:\/\/www.pressenza.com\/pt-pt\/#website\"},\"primaryImageOfPage\":{\"@id\":\"https:\/\/www.pressenza.com\/pt-pt\/2024\/12\/vila-musical-celebra-diversidade-cultural-de-sao-paulo\/#primaryimage\"},\"image\":{\"@id\":\"https:\/\/www.pressenza.com\/pt-pt\/2024\/12\/vila-musical-celebra-diversidade-cultural-de-sao-paulo\/#primaryimage\"},\"thumbnailUrl\":\"https:\/\/www.pressenza.com\/wp-content\/uploads\/2024\/12\/fotos-site-pressenza-4-1.jpg\",\"datePublished\":\"2024-12-16T15:25:47+00:00\",\"dateModified\":\"2024-12-16T15:27:02+00:00\",\"description\":\"M\u00daSICA Por Bia Sampaio \/ BriefCom Filafro + Serginho Madureira, Andr\u00e9 Youssef Duo e Chocolatte de Vila Maria s\u00e3o algumas das atra\u00e7\u00f5es do evento gratuito\",\"breadcrumb\":{\"@id\":\"https:\/\/www.pressenza.com\/pt-pt\/2024\/12\/vila-musical-celebra-diversidade-cultural-de-sao-paulo\/#breadcrumb\"},\"inLanguage\":\"pt-PT\",\"potentialAction\":[{\"@type\":\"ReadAction\",\"target\":[\"https:\/\/www.pressenza.com\/pt-pt\/2024\/12\/vila-musical-celebra-diversidade-cultural-de-sao-paulo\/\"]}]},{\"@type\":\"ImageObject\",\"inLanguage\":\"pt-PT\",\"@id\":\"https:\/\/www.pressenza.com\/pt-pt\/2024\/12\/vila-musical-celebra-diversidade-cultural-de-sao-paulo\/#primaryimage\",\"url\":\"https:\/\/www.pressenza.com\/wp-content\/uploads\/2024\/12\/fotos-site-pressenza-4-1.jpg\",\"contentUrl\":\"https:\/\/www.pressenza.com\/wp-content\/uploads\/2024\/12\/fotos-site-pressenza-4-1.jpg\",\"width\":750,\"height\":420},{\"@type\":\"BreadcrumbList\",\"@id\":\"https:\/\/www.pressenza.com\/pt-pt\/2024\/12\/vila-musical-celebra-diversidade-cultural-de-sao-paulo\/#breadcrumb\",\"itemListElement\":[{\"@type\":\"ListItem\",\"position\":1,\"name\":\"Accueil\",\"item\":\"https:\/\/www.pressenza.com\/pt-pt\/\"},{\"@type\":\"ListItem\",\"position\":2,\"name\":\"Vila Musical celebra diversidade cultural de S\u00e3o Paulo\"}]},{\"@type\":\"WebSite\",\"@id\":\"https:\/\/www.pressenza.com\/pt-pt\/#website\",\"url\":\"https:\/\/www.pressenza.com\/pt-pt\/\",\"name\":\"Pressenza\",\"description\":\"International Press Agency\",\"publisher\":{\"@id\":\"https:\/\/www.pressenza.com\/pt-pt\/#organization\"},\"potentialAction\":[{\"@type\":\"SearchAction\",\"target\":{\"@type\":\"EntryPoint\",\"urlTemplate\":\"https:\/\/www.pressenza.com\/pt-pt\/?s={search_term_string}\"},\"query-input\":{\"@type\":\"PropertyValueSpecification\",\"valueRequired\":true,\"valueName\":\"search_term_string\"}}],\"inLanguage\":\"pt-PT\"},{\"@type\":\"Organization\",\"@id\":\"https:\/\/www.pressenza.com\/pt-pt\/#organization\",\"name\":\"Pressenza\",\"url\":\"https:\/\/www.pressenza.com\/pt-pt\/\",\"logo\":{\"@type\":\"ImageObject\",\"inLanguage\":\"pt-PT\",\"@id\":\"https:\/\/www.pressenza.com\/pt-pt\/#\/schema\/logo\/image\/\",\"url\":\"https:\/\/www.pressenza.com\/wp-content\/uploads\/2022\/10\/pressenza_logo_200x200.jpg\",\"contentUrl\":\"https:\/\/www.pressenza.com\/wp-content\/uploads\/2022\/10\/pressenza_logo_200x200.jpg\",\"width\":200,\"height\":200,\"caption\":\"Pressenza\"},\"image\":{\"@id\":\"https:\/\/www.pressenza.com\/pt-pt\/#\/schema\/logo\/image\/\"},\"sameAs\":[\"https:\/\/www.facebook.com\/PressenzaItalia\",\"https:\/\/x.com\/PressenzaIPA\"]},{\"@type\":\"Person\",\"@id\":\"https:\/\/www.pressenza.com\/pt-pt\/#\/schema\/person\/6925e927f8ff3a0cdb838320c5d12259\",\"name\":\"Reda\u00e7\u00e3o Rio de Janeiro\",\"description\":\"News published by the Pressenza bureau in Rio de Janeiro, Brazil\",\"url\":\"https:\/\/www.pressenza.com\/pt-pt\/author\/redacao-rio-de-janeiro\/\"}]}<\/script>\n<!-- \/ Yoast SEO plugin. -->","yoast_head_json":{"title":"Vila Musical celebra diversidade cultural de S\u00e3o Paulo","description":"M\u00daSICA Por Bia Sampaio \/ BriefCom Filafro + Serginho Madureira, Andr\u00e9 Youssef Duo e Chocolatte de Vila Maria s\u00e3o algumas das atra\u00e7\u00f5es do evento gratuito","robots":{"index":"index","follow":"follow","max-snippet":"max-snippet:-1","max-image-preview":"max-image-preview:large","max-video-preview":"max-video-preview:-1"},"canonical":"https:\/\/www.pressenza.com\/pt-pt\/2024\/12\/vila-musical-celebra-diversidade-cultural-de-sao-paulo\/","og_locale":"pt_PT","og_type":"article","og_title":"Vila Musical celebra diversidade cultural de S\u00e3o Paulo","og_description":"M\u00daSICA Por Bia Sampaio \/ BriefCom Filafro + Serginho Madureira, Andr\u00e9 Youssef Duo e Chocolatte de Vila Maria s\u00e3o algumas das atra\u00e7\u00f5es do evento gratuito","og_url":"https:\/\/www.pressenza.com\/pt-pt\/2024\/12\/vila-musical-celebra-diversidade-cultural-de-sao-paulo\/","og_site_name":"Pressenza","article_publisher":"https:\/\/www.facebook.com\/PressenzaItalia","article_published_time":"2024-12-16T15:25:47+00:00","article_modified_time":"2024-12-16T15:27:02+00:00","og_image":[{"width":750,"height":420,"url":"https:\/\/www.pressenza.com\/wp-content\/uploads\/2024\/12\/fotos-site-pressenza-4-1.jpg","type":"image\/jpeg"}],"author":"Reda\u00e7\u00e3o Rio de Janeiro","twitter_card":"summary_large_image","twitter_creator":"@PressenzaIPA","twitter_site":"@PressenzaIPA","twitter_misc":{"Escrito por":"Reda\u00e7\u00e3o Rio de Janeiro","Tempo estimado de leitura":"3 minutos"},"schema":{"@context":"https:\/\/schema.org","@graph":[{"@type":"Article","@id":"https:\/\/www.pressenza.com\/pt-pt\/2024\/12\/vila-musical-celebra-diversidade-cultural-de-sao-paulo\/#article","isPartOf":{"@id":"https:\/\/www.pressenza.com\/pt-pt\/2024\/12\/vila-musical-celebra-diversidade-cultural-de-sao-paulo\/"},"author":{"name":"Reda\u00e7\u00e3o Rio de Janeiro","@id":"https:\/\/www.pressenza.com\/pt-pt\/#\/schema\/person\/6925e927f8ff3a0cdb838320c5d12259"},"headline":"Vila Musical celebra diversidade cultural de S\u00e3o Paulo","datePublished":"2024-12-16T15:25:47+00:00","dateModified":"2024-12-16T15:27:02+00:00","mainEntityOfPage":{"@id":"https:\/\/www.pressenza.com\/pt-pt\/2024\/12\/vila-musical-celebra-diversidade-cultural-de-sao-paulo\/"},"wordCount":434,"publisher":{"@id":"https:\/\/www.pressenza.com\/pt-pt\/#organization"},"image":{"@id":"https:\/\/www.pressenza.com\/pt-pt\/2024\/12\/vila-musical-celebra-diversidade-cultural-de-sao-paulo\/#primaryimage"},"thumbnailUrl":"https:\/\/www.pressenza.com\/wp-content\/uploads\/2024\/12\/fotos-site-pressenza-4-1.jpg","keywords":["caderno de cultura","musica"],"articleSection":["\u00c1m\u00e9rica do Sul","Conte\u00fado Original","Cultura e M\u00eddia","Nota de imprensa"],"inLanguage":"pt-PT"},{"@type":"WebPage","@id":"https:\/\/www.pressenza.com\/pt-pt\/2024\/12\/vila-musical-celebra-diversidade-cultural-de-sao-paulo\/","url":"https:\/\/www.pressenza.com\/pt-pt\/2024\/12\/vila-musical-celebra-diversidade-cultural-de-sao-paulo\/","name":"Vila Musical celebra diversidade cultural de S\u00e3o Paulo","isPartOf":{"@id":"https:\/\/www.pressenza.com\/pt-pt\/#website"},"primaryImageOfPage":{"@id":"https:\/\/www.pressenza.com\/pt-pt\/2024\/12\/vila-musical-celebra-diversidade-cultural-de-sao-paulo\/#primaryimage"},"image":{"@id":"https:\/\/www.pressenza.com\/pt-pt\/2024\/12\/vila-musical-celebra-diversidade-cultural-de-sao-paulo\/#primaryimage"},"thumbnailUrl":"https:\/\/www.pressenza.com\/wp-content\/uploads\/2024\/12\/fotos-site-pressenza-4-1.jpg","datePublished":"2024-12-16T15:25:47+00:00","dateModified":"2024-12-16T15:27:02+00:00","description":"M\u00daSICA Por Bia Sampaio \/ BriefCom Filafro + Serginho Madureira, Andr\u00e9 Youssef Duo e Chocolatte de Vila Maria s\u00e3o algumas das atra\u00e7\u00f5es do evento gratuito","breadcrumb":{"@id":"https:\/\/www.pressenza.com\/pt-pt\/2024\/12\/vila-musical-celebra-diversidade-cultural-de-sao-paulo\/#breadcrumb"},"inLanguage":"pt-PT","potentialAction":[{"@type":"ReadAction","target":["https:\/\/www.pressenza.com\/pt-pt\/2024\/12\/vila-musical-celebra-diversidade-cultural-de-sao-paulo\/"]}]},{"@type":"ImageObject","inLanguage":"pt-PT","@id":"https:\/\/www.pressenza.com\/pt-pt\/2024\/12\/vila-musical-celebra-diversidade-cultural-de-sao-paulo\/#primaryimage","url":"https:\/\/www.pressenza.com\/wp-content\/uploads\/2024\/12\/fotos-site-pressenza-4-1.jpg","contentUrl":"https:\/\/www.pressenza.com\/wp-content\/uploads\/2024\/12\/fotos-site-pressenza-4-1.jpg","width":750,"height":420},{"@type":"BreadcrumbList","@id":"https:\/\/www.pressenza.com\/pt-pt\/2024\/12\/vila-musical-celebra-diversidade-cultural-de-sao-paulo\/#breadcrumb","itemListElement":[{"@type":"ListItem","position":1,"name":"Accueil","item":"https:\/\/www.pressenza.com\/pt-pt\/"},{"@type":"ListItem","position":2,"name":"Vila Musical celebra diversidade cultural de S\u00e3o Paulo"}]},{"@type":"WebSite","@id":"https:\/\/www.pressenza.com\/pt-pt\/#website","url":"https:\/\/www.pressenza.com\/pt-pt\/","name":"Pressenza","description":"International Press Agency","publisher":{"@id":"https:\/\/www.pressenza.com\/pt-pt\/#organization"},"potentialAction":[{"@type":"SearchAction","target":{"@type":"EntryPoint","urlTemplate":"https:\/\/www.pressenza.com\/pt-pt\/?s={search_term_string}"},"query-input":{"@type":"PropertyValueSpecification","valueRequired":true,"valueName":"search_term_string"}}],"inLanguage":"pt-PT"},{"@type":"Organization","@id":"https:\/\/www.pressenza.com\/pt-pt\/#organization","name":"Pressenza","url":"https:\/\/www.pressenza.com\/pt-pt\/","logo":{"@type":"ImageObject","inLanguage":"pt-PT","@id":"https:\/\/www.pressenza.com\/pt-pt\/#\/schema\/logo\/image\/","url":"https:\/\/www.pressenza.com\/wp-content\/uploads\/2022\/10\/pressenza_logo_200x200.jpg","contentUrl":"https:\/\/www.pressenza.com\/wp-content\/uploads\/2022\/10\/pressenza_logo_200x200.jpg","width":200,"height":200,"caption":"Pressenza"},"image":{"@id":"https:\/\/www.pressenza.com\/pt-pt\/#\/schema\/logo\/image\/"},"sameAs":["https:\/\/www.facebook.com\/PressenzaItalia","https:\/\/x.com\/PressenzaIPA"]},{"@type":"Person","@id":"https:\/\/www.pressenza.com\/pt-pt\/#\/schema\/person\/6925e927f8ff3a0cdb838320c5d12259","name":"Reda\u00e7\u00e3o Rio de Janeiro","description":"News published by the Pressenza bureau in Rio de Janeiro, Brazil","url":"https:\/\/www.pressenza.com\/pt-pt\/author\/redacao-rio-de-janeiro\/"}]}},"place":"","original_article_url":"","_links":{"self":[{"href":"https:\/\/www.pressenza.com\/pt-pt\/wp-json\/wp\/v2\/posts\/2570571","targetHints":{"allow":["GET"]}}],"collection":[{"href":"https:\/\/www.pressenza.com\/pt-pt\/wp-json\/wp\/v2\/posts"}],"about":[{"href":"https:\/\/www.pressenza.com\/pt-pt\/wp-json\/wp\/v2\/types\/post"}],"author":[{"embeddable":true,"href":"https:\/\/www.pressenza.com\/pt-pt\/wp-json\/wp\/v2\/users\/1685"}],"replies":[{"embeddable":true,"href":"https:\/\/www.pressenza.com\/pt-pt\/wp-json\/wp\/v2\/comments?post=2570571"}],"version-history":[{"count":0,"href":"https:\/\/www.pressenza.com\/pt-pt\/wp-json\/wp\/v2\/posts\/2570571\/revisions"}],"wp:featuredmedia":[{"embeddable":true,"href":"https:\/\/www.pressenza.com\/pt-pt\/wp-json\/wp\/v2\/media\/2570576"}],"wp:attachment":[{"href":"https:\/\/www.pressenza.com\/pt-pt\/wp-json\/wp\/v2\/media?parent=2570571"}],"wp:term":[{"taxonomy":"category","embeddable":true,"href":"https:\/\/www.pressenza.com\/pt-pt\/wp-json\/wp\/v2\/categories?post=2570571"},{"taxonomy":"post_tag","embeddable":true,"href":"https:\/\/www.pressenza.com\/pt-pt\/wp-json\/wp\/v2\/tags?post=2570571"}],"curies":[{"name":"wp","href":"https:\/\/api.w.org\/{rel}","templated":true}]}}