{"id":256011,"date":"2015-12-11T14:01:50","date_gmt":"2015-12-11T14:01:50","guid":{"rendered":"http:\/\/www.pressenza.com\/pt-pt\/?p=256011"},"modified":"2015-12-11T14:13:29","modified_gmt":"2015-12-11T14:13:29","slug":"grande-ato-apoio-estudantes-sao-paulo","status":"publish","type":"post","link":"https:\/\/www.pressenza.com\/pt-pt\/2015\/12\/grande-ato-apoio-estudantes-sao-paulo\/","title":{"rendered":"Grande ato para apoiar os estudantes em S\u00e3o Paulo"},"content":{"rendered":"<p>Por Mar\u00eda Eugenia Pirolo em S\u00e3o Paulo<\/p>\n<p>No dia 4 de dezembro, depois de quase cinco semanas de ocupa\u00e7\u00e3o nas escolas de S\u00e3o Paulo, o governador Geraldo Alckmin do partido PSDB, teve que oficializar a suspens\u00e3o do projeto de reorganiza\u00e7\u00e3o das escolas em dito estado. Este plano fecharia 92 estabelecimentos educativos devido a uma suposta reorganiza\u00e7\u00e3o do ensino p\u00fablico a n\u00edvel prim\u00e1rio e secund\u00e1rio. Esta suspens\u00e3o foi alcan\u00e7ada gra\u00e7as \u00e0s ocupa\u00e7\u00f5es e \u00e0 resist\u00eancia levada a cabo durante v\u00e1rias semanas por alunos de mais de 200 escolas do estado de S\u00e3o Paulo.<\/p>\n<div id=\"attachment_255578\" class=\"wp-caption aligncenter\"><a href=\"http:\/\/www.pressenza.com\/wp-content\/uploads\/2015\/12\/ato-apoio-ocupacao-escolas-sao-paulo-03.jpg\"><img loading=\"lazy\" decoding=\"async\" aria-describedby=\"caption-attachment-255578\" class=\"wp-image-255578 size-large\" src=\"http:\/\/www.pressenza.com\/wp-content\/uploads\/2015\/12\/ato-apoio-ocupacao-escolas-sao-paulo-03-720x540.jpg\" alt=\"Mais Educa\u00e7\u00e3o Menos Pres\u00eddios\" width=\"720\" height=\"540\" srcset=\"https:\/\/www.pressenza.com\/wp-content\/uploads\/2015\/12\/ato-apoio-ocupacao-escolas-sao-paulo-03-720x540.jpg 720w, https:\/\/www.pressenza.com\/wp-content\/uploads\/2015\/12\/ato-apoio-ocupacao-escolas-sao-paulo-03-300x225.jpg 300w, https:\/\/www.pressenza.com\/wp-content\/uploads\/2015\/12\/ato-apoio-ocupacao-escolas-sao-paulo-03.jpg 800w\" sizes=\"auto, (max-width: 720px) 100vw, 720px\" \/><\/a><p id=\"caption-attachment-255578\" class=\"wp-caption-text\">Mas Educaci\u00f3n Menos carceres<\/p><\/div>\n<p>Para os estudantes esta suspens\u00e3o n\u00e3o \u00e9 clara, e por isso, no mesmo dia, sexta 4 de dezembro o chamado \u201ccomando das escolas ocupadas\u201d (grupo que re\u00fane esses estudantes) fez uma reuni\u00e3o onde decidiram continuar com as ocupa\u00e7\u00f5es e com as manifesta\u00e7\u00f5es nas ruas. Segundo este grupo, que n\u00e3o se sente representado por nenhuma organiza\u00e7\u00e3o estudantil, n\u00e3o fica claro, n\u00e3o \u00e9 real a suspens\u00e3o de Alckmin. Por isso exigem em seu comunicado um cancelamento verdadeiro e uma oficializa\u00e7\u00e3o de cronogramas de audi\u00eancias p\u00fablicas onde se debata de forma clara a \u201cnecess\u00e1ria\u201d reforma do ensino.<\/p>\n<p>Ao finalizar esta reuni\u00e3o difundiram um comunicado atrav\u00e9s de um v\u00eddeo que pode ser visto na p\u00e1gina do Facebook \u201cComando das Escolas Ocupadas\u201d. Nesse v\u00eddeo os alunos convocam para um \u201cGrande ato de apoio \u00e0 luta dos estudantes de S\u00e3o Paulo\u201d no dia 9 de dezembro que foi criado como evento na p\u00e1gina anteriormente citada.<\/p>\n<h4> <a href=\"https:\/\/www.pressenza.com\/pt-pt\/2015\/12\/a-guerra-contra-as-escolas-ocupadas-e-a-prisao-do-senador-no-brasil\/\" target=\"_blank\">Veja o v\u00eddeo sobre as Escolas Ocupadas<\/a><\/h4>\n<p>No dia 9 de dezembro se realizou a mobiliza\u00e7\u00e3o onde participaram cerca de 10000 pessoas, a grande maioria de estudantes. Tamb\u00e9m participaram professores, pais e pessoas que apoiam a luta estudantil de forma n\u00e3o violenta, pac\u00edfica, alegre e muito sintonizada entre risos, dan\u00e7as e cantos. O ato de apoio come\u00e7ou de forma tranquila e alegre no Masp, centro de manifesta\u00e7\u00e3o de muitos movimentos sociais em S\u00e3o Paulo, localizado na Avenida Paulista. Logo se realizou uma passeata at\u00e9 a Secretaria de Educa\u00e7\u00e3o onde eram aguardados pela \u201ctropa de choque\u201d da Policia Militar que reprimiu e dispersou os manifestantes com bombas de g\u00e1s lacrimog\u00eaneo e balas de borracha.<\/p>\n<p><a href=\"http:\/\/www.pressenza.com\/wp-content\/uploads\/2015\/12\/ato-apoio-ocupacao-escolas-sao-paulo-02.jpg\"><img loading=\"lazy\" decoding=\"async\" class=\"aligncenter wp-image-255572 size-large\" src=\"http:\/\/www.pressenza.com\/wp-content\/uploads\/2015\/12\/ato-apoio-ocupacao-escolas-sao-paulo-02-720x540.jpg\" alt=\"ato-apoio-ocupacao-escolas-sao-paulo-02\" width=\"720\" height=\"540\" srcset=\"https:\/\/www.pressenza.com\/wp-content\/uploads\/2015\/12\/ato-apoio-ocupacao-escolas-sao-paulo-02-720x540.jpg 720w, https:\/\/www.pressenza.com\/wp-content\/uploads\/2015\/12\/ato-apoio-ocupacao-escolas-sao-paulo-02-300x225.jpg 300w, https:\/\/www.pressenza.com\/wp-content\/uploads\/2015\/12\/ato-apoio-ocupacao-escolas-sao-paulo-02.jpg 800w\" sizes=\"auto, (max-width: 720px) 100vw, 720px\" \/><\/a><\/p>\n<p>O comando das escolas ocupadas exige que se fa\u00e7a justi\u00e7a com os policiais que reprimem e amea\u00e7am os manifestantes, assim como, a n\u00e3o criminaliza\u00e7\u00e3o dos estudantes e apoiadores das ocupa\u00e7\u00f5es. Afirmam que suas formas de manifesta\u00e7\u00e3o s\u00e3o leg\u00edtimas j\u00e1 que est\u00e3o apoiadas nas leis brasileiras.<\/p>\n<p>Durante o fim de semana passado, nos dias 5 e 6 de dezembro, se desenvolveu nas escolas ocupadas o que se chamou \u201cVirada Ocupa\u00e7\u00e3o\u201d com atividades art\u00edsticas e culturais como teatro, m\u00fasica e dan\u00e7as acompanhadas por artistas reconhecidos.<\/p>\n<p>Tradu\u00e7\u00e3o: Erica Naomi<\/p>\n<h4> <a href=\"https:\/\/www.pressenza.com\/pt-pt\/2015\/12\/geracao-desperta-nao-deixa-o-governador-paulista-dormir\/\" target=\"_blank\">Leia tamb\u00e9m Gera\u00e7\u00e3o Desperta n\u00e3o deixa o governador dormir em S\u00e3o Paulo<\/a> <\/h4>\n<p>&nbsp;<\/p>\n","protected":false},"excerpt":{"rendered":"<p>Por Mar\u00eda Eugenia Pirolo em S\u00e3o Paulo No dia 4 de dezembro, depois de quase cinco semanas de ocupa\u00e7\u00e3o nas escolas de S\u00e3o Paulo, o governador Geraldo Alckmin do partido PSDB, teve que oficializar a suspens\u00e3o do projeto de reorganiza\u00e7\u00e3o&hellip;<\/p>\n","protected":false},"author":44,"featured_media":255570,"comment_status":"closed","ping_status":"open","sticky":false,"template":"","format":"standard","meta":{"footnotes":""},"categories":[104,11390,116,1255,1252,1256],"tags":[22277,2744,22297,21833,17617,5053],"class_list":["post-256011","post","type-post","status-publish","format-standard","has-post-thumbnail","hentry","category-america-do-sul","category-conteudo-original","category-direitos-humanos","category-diversidade","category-educacao","category-nao-violencia","tag-nafecheminhaescola","tag-brasil","tag-escolas-ocupadas","tag-fechamento-de-escolas","tag-governo-do-estado-de-sao-paulo","tag-sao-paulo"],"yoast_head":"<!-- This site is optimized with the Yoast SEO plugin v27.1.1 - https:\/\/yoast.com\/product\/yoast-seo-wordpress\/ -->\n<title>Grande ato para apoiar os estudantes em S\u00e3o Paulo<\/title>\n<meta name=\"description\" content=\"Por Mar\u00eda Eugenia Pirolo em S\u00e3o Paulo No dia 4 de dezembro, depois de quase cinco semanas de ocupa\u00e7\u00e3o nas escolas de S\u00e3o Paulo, o governador Geraldo\" \/>\n<meta name=\"robots\" content=\"index, follow, max-snippet:-1, max-image-preview:large, max-video-preview:-1\" \/>\n<link rel=\"canonical\" href=\"https:\/\/www.pressenza.com\/pt-pt\/2015\/12\/grande-ato-apoio-estudantes-sao-paulo\/\" \/>\n<meta property=\"og:locale\" content=\"pt_PT\" \/>\n<meta property=\"og:type\" content=\"article\" \/>\n<meta property=\"og:title\" content=\"Grande ato para apoiar os estudantes em S\u00e3o Paulo\" \/>\n<meta property=\"og:description\" content=\"Por Mar\u00eda Eugenia Pirolo em S\u00e3o Paulo No dia 4 de dezembro, depois de quase cinco semanas de ocupa\u00e7\u00e3o nas escolas de S\u00e3o Paulo, o governador Geraldo\" \/>\n<meta property=\"og:url\" content=\"https:\/\/www.pressenza.com\/pt-pt\/2015\/12\/grande-ato-apoio-estudantes-sao-paulo\/\" \/>\n<meta property=\"og:site_name\" content=\"Pressenza\" \/>\n<meta property=\"article:publisher\" content=\"https:\/\/www.facebook.com\/PressenzaItalia\" \/>\n<meta property=\"article:author\" content=\"https:\/\/www.facebook.com\/PressenzaPortugues\" \/>\n<meta property=\"article:published_time\" content=\"2015-12-11T14:01:50+00:00\" \/>\n<meta property=\"article:modified_time\" content=\"2015-12-11T14:13:29+00:00\" \/>\n<meta property=\"og:image\" content=\"https:\/\/www.pressenza.com\/wp-content\/uploads\/2015\/12\/ato-apoio-ocupacao-escolas-sao-paulo.jpg\" \/>\n\t<meta property=\"og:image:width\" content=\"800\" \/>\n\t<meta property=\"og:image:height\" content=\"600\" \/>\n\t<meta property=\"og:image:type\" content=\"image\/jpeg\" \/>\n<meta name=\"author\" content=\"Reda\u00e7\u00e3o S\u00e3o Paulo\" \/>\n<meta name=\"twitter:card\" content=\"summary_large_image\" \/>\n<meta name=\"twitter:creator\" content=\"@pressenza_pt\" \/>\n<meta name=\"twitter:site\" content=\"@PressenzaIPA\" \/>\n<meta name=\"twitter:label1\" content=\"Escrito por\" \/>\n\t<meta name=\"twitter:data1\" content=\"Reda\u00e7\u00e3o S\u00e3o Paulo\" \/>\n\t<meta name=\"twitter:label2\" content=\"Tempo estimado de leitura\" \/>\n\t<meta name=\"twitter:data2\" content=\"3 minutos\" \/>\n<script type=\"application\/ld+json\" class=\"yoast-schema-graph\">{\"@context\":\"https:\/\/schema.org\",\"@graph\":[{\"@type\":\"Article\",\"@id\":\"https:\/\/www.pressenza.com\/pt-pt\/2015\/12\/grande-ato-apoio-estudantes-sao-paulo\/#article\",\"isPartOf\":{\"@id\":\"https:\/\/www.pressenza.com\/pt-pt\/2015\/12\/grande-ato-apoio-estudantes-sao-paulo\/\"},\"author\":{\"name\":\"Reda\u00e7\u00e3o S\u00e3o Paulo\",\"@id\":\"https:\/\/www.pressenza.com\/pt-pt\/#\/schema\/person\/d171826afb7693cfc394da95892bfd93\"},\"headline\":\"Grande ato para apoiar os estudantes em S\u00e3o Paulo\",\"datePublished\":\"2015-12-11T14:01:50+00:00\",\"dateModified\":\"2015-12-11T14:13:29+00:00\",\"mainEntityOfPage\":{\"@id\":\"https:\/\/www.pressenza.com\/pt-pt\/2015\/12\/grande-ato-apoio-estudantes-sao-paulo\/\"},\"wordCount\":533,\"publisher\":{\"@id\":\"https:\/\/www.pressenza.com\/pt-pt\/#organization\"},\"image\":{\"@id\":\"https:\/\/www.pressenza.com\/pt-pt\/2015\/12\/grande-ato-apoio-estudantes-sao-paulo\/#primaryimage\"},\"thumbnailUrl\":\"https:\/\/www.pressenza.com\/wp-content\/uploads\/2015\/12\/ato-apoio-ocupacao-escolas-sao-paulo.jpg\",\"keywords\":[\"#nafecheminhaescola\",\"Brasil\",\"escolas ocupadas\",\"fechamento de escolas\",\"Governo do Estado de S\u00e3o Paulo\",\"S\u00e3o Paulo\"],\"articleSection\":[\"\u00c1m\u00e9rica do Sul\",\"Conte\u00fado Original\",\"Direitos Humanos\",\"Diversidade\",\"Educa\u00e7\u00e3o\",\"N\u00e3o viol\u00eancia\"],\"inLanguage\":\"pt-PT\"},{\"@type\":\"WebPage\",\"@id\":\"https:\/\/www.pressenza.com\/pt-pt\/2015\/12\/grande-ato-apoio-estudantes-sao-paulo\/\",\"url\":\"https:\/\/www.pressenza.com\/pt-pt\/2015\/12\/grande-ato-apoio-estudantes-sao-paulo\/\",\"name\":\"Grande ato para apoiar os estudantes em S\u00e3o Paulo\",\"isPartOf\":{\"@id\":\"https:\/\/www.pressenza.com\/pt-pt\/#website\"},\"primaryImageOfPage\":{\"@id\":\"https:\/\/www.pressenza.com\/pt-pt\/2015\/12\/grande-ato-apoio-estudantes-sao-paulo\/#primaryimage\"},\"image\":{\"@id\":\"https:\/\/www.pressenza.com\/pt-pt\/2015\/12\/grande-ato-apoio-estudantes-sao-paulo\/#primaryimage\"},\"thumbnailUrl\":\"https:\/\/www.pressenza.com\/wp-content\/uploads\/2015\/12\/ato-apoio-ocupacao-escolas-sao-paulo.jpg\",\"datePublished\":\"2015-12-11T14:01:50+00:00\",\"dateModified\":\"2015-12-11T14:13:29+00:00\",\"description\":\"Por Mar\u00eda Eugenia Pirolo em S\u00e3o Paulo No dia 4 de dezembro, depois de quase cinco semanas de ocupa\u00e7\u00e3o nas escolas de S\u00e3o Paulo, o governador Geraldo\",\"breadcrumb\":{\"@id\":\"https:\/\/www.pressenza.com\/pt-pt\/2015\/12\/grande-ato-apoio-estudantes-sao-paulo\/#breadcrumb\"},\"inLanguage\":\"pt-PT\",\"potentialAction\":[{\"@type\":\"ReadAction\",\"target\":[\"https:\/\/www.pressenza.com\/pt-pt\/2015\/12\/grande-ato-apoio-estudantes-sao-paulo\/\"]}]},{\"@type\":\"ImageObject\",\"inLanguage\":\"pt-PT\",\"@id\":\"https:\/\/www.pressenza.com\/pt-pt\/2015\/12\/grande-ato-apoio-estudantes-sao-paulo\/#primaryimage\",\"url\":\"https:\/\/www.pressenza.com\/wp-content\/uploads\/2015\/12\/ato-apoio-ocupacao-escolas-sao-paulo.jpg\",\"contentUrl\":\"https:\/\/www.pressenza.com\/wp-content\/uploads\/2015\/12\/ato-apoio-ocupacao-escolas-sao-paulo.jpg\",\"width\":800,\"height\":600},{\"@type\":\"BreadcrumbList\",\"@id\":\"https:\/\/www.pressenza.com\/pt-pt\/2015\/12\/grande-ato-apoio-estudantes-sao-paulo\/#breadcrumb\",\"itemListElement\":[{\"@type\":\"ListItem\",\"position\":1,\"name\":\"Accueil\",\"item\":\"https:\/\/www.pressenza.com\/pt-pt\/\"},{\"@type\":\"ListItem\",\"position\":2,\"name\":\"Grande ato para apoiar os estudantes em S\u00e3o Paulo\"}]},{\"@type\":\"WebSite\",\"@id\":\"https:\/\/www.pressenza.com\/pt-pt\/#website\",\"url\":\"https:\/\/www.pressenza.com\/pt-pt\/\",\"name\":\"Pressenza\",\"description\":\"International Press Agency\",\"publisher\":{\"@id\":\"https:\/\/www.pressenza.com\/pt-pt\/#organization\"},\"potentialAction\":[{\"@type\":\"SearchAction\",\"target\":{\"@type\":\"EntryPoint\",\"urlTemplate\":\"https:\/\/www.pressenza.com\/pt-pt\/?s={search_term_string}\"},\"query-input\":{\"@type\":\"PropertyValueSpecification\",\"valueRequired\":true,\"valueName\":\"search_term_string\"}}],\"inLanguage\":\"pt-PT\"},{\"@type\":\"Organization\",\"@id\":\"https:\/\/www.pressenza.com\/pt-pt\/#organization\",\"name\":\"Pressenza\",\"url\":\"https:\/\/www.pressenza.com\/pt-pt\/\",\"logo\":{\"@type\":\"ImageObject\",\"inLanguage\":\"pt-PT\",\"@id\":\"https:\/\/www.pressenza.com\/pt-pt\/#\/schema\/logo\/image\/\",\"url\":\"https:\/\/www.pressenza.com\/wp-content\/uploads\/2022\/10\/pressenza_logo_200x200.jpg\",\"contentUrl\":\"https:\/\/www.pressenza.com\/wp-content\/uploads\/2022\/10\/pressenza_logo_200x200.jpg\",\"width\":200,\"height\":200,\"caption\":\"Pressenza\"},\"image\":{\"@id\":\"https:\/\/www.pressenza.com\/pt-pt\/#\/schema\/logo\/image\/\"},\"sameAs\":[\"https:\/\/www.facebook.com\/PressenzaItalia\",\"https:\/\/x.com\/PressenzaIPA\"]},{\"@type\":\"Person\",\"@id\":\"https:\/\/www.pressenza.com\/pt-pt\/#\/schema\/person\/d171826afb7693cfc394da95892bfd93\",\"name\":\"Reda\u00e7\u00e3o S\u00e3o Paulo\",\"description\":\"News from the Pressenza bureau in Sao Paulo, Brazil\",\"sameAs\":[\"https:\/\/www.facebook.com\/PressenzaPortugues\",\"https:\/\/x.com\/pressenza_pt\"],\"url\":\"https:\/\/www.pressenza.com\/pt-pt\/author\/redaccao-sao-paulo\/\"}]}<\/script>\n<!-- \/ Yoast SEO plugin. -->","yoast_head_json":{"title":"Grande ato para apoiar os estudantes em S\u00e3o Paulo","description":"Por Mar\u00eda Eugenia Pirolo em S\u00e3o Paulo No dia 4 de dezembro, depois de quase cinco semanas de ocupa\u00e7\u00e3o nas escolas de S\u00e3o Paulo, o governador Geraldo","robots":{"index":"index","follow":"follow","max-snippet":"max-snippet:-1","max-image-preview":"max-image-preview:large","max-video-preview":"max-video-preview:-1"},"canonical":"https:\/\/www.pressenza.com\/pt-pt\/2015\/12\/grande-ato-apoio-estudantes-sao-paulo\/","og_locale":"pt_PT","og_type":"article","og_title":"Grande ato para apoiar os estudantes em S\u00e3o Paulo","og_description":"Por Mar\u00eda Eugenia Pirolo em S\u00e3o Paulo No dia 4 de dezembro, depois de quase cinco semanas de ocupa\u00e7\u00e3o nas escolas de S\u00e3o Paulo, o governador Geraldo","og_url":"https:\/\/www.pressenza.com\/pt-pt\/2015\/12\/grande-ato-apoio-estudantes-sao-paulo\/","og_site_name":"Pressenza","article_publisher":"https:\/\/www.facebook.com\/PressenzaItalia","article_author":"https:\/\/www.facebook.com\/PressenzaPortugues","article_published_time":"2015-12-11T14:01:50+00:00","article_modified_time":"2015-12-11T14:13:29+00:00","og_image":[{"width":800,"height":600,"url":"https:\/\/www.pressenza.com\/wp-content\/uploads\/2015\/12\/ato-apoio-ocupacao-escolas-sao-paulo.jpg","type":"image\/jpeg"}],"author":"Reda\u00e7\u00e3o S\u00e3o Paulo","twitter_card":"summary_large_image","twitter_creator":"@pressenza_pt","twitter_site":"@PressenzaIPA","twitter_misc":{"Escrito por":"Reda\u00e7\u00e3o S\u00e3o Paulo","Tempo estimado de leitura":"3 minutos"},"schema":{"@context":"https:\/\/schema.org","@graph":[{"@type":"Article","@id":"https:\/\/www.pressenza.com\/pt-pt\/2015\/12\/grande-ato-apoio-estudantes-sao-paulo\/#article","isPartOf":{"@id":"https:\/\/www.pressenza.com\/pt-pt\/2015\/12\/grande-ato-apoio-estudantes-sao-paulo\/"},"author":{"name":"Reda\u00e7\u00e3o S\u00e3o Paulo","@id":"https:\/\/www.pressenza.com\/pt-pt\/#\/schema\/person\/d171826afb7693cfc394da95892bfd93"},"headline":"Grande ato para apoiar os estudantes em S\u00e3o Paulo","datePublished":"2015-12-11T14:01:50+00:00","dateModified":"2015-12-11T14:13:29+00:00","mainEntityOfPage":{"@id":"https:\/\/www.pressenza.com\/pt-pt\/2015\/12\/grande-ato-apoio-estudantes-sao-paulo\/"},"wordCount":533,"publisher":{"@id":"https:\/\/www.pressenza.com\/pt-pt\/#organization"},"image":{"@id":"https:\/\/www.pressenza.com\/pt-pt\/2015\/12\/grande-ato-apoio-estudantes-sao-paulo\/#primaryimage"},"thumbnailUrl":"https:\/\/www.pressenza.com\/wp-content\/uploads\/2015\/12\/ato-apoio-ocupacao-escolas-sao-paulo.jpg","keywords":["#nafecheminhaescola","Brasil","escolas ocupadas","fechamento de escolas","Governo do Estado de S\u00e3o Paulo","S\u00e3o Paulo"],"articleSection":["\u00c1m\u00e9rica do Sul","Conte\u00fado Original","Direitos Humanos","Diversidade","Educa\u00e7\u00e3o","N\u00e3o viol\u00eancia"],"inLanguage":"pt-PT"},{"@type":"WebPage","@id":"https:\/\/www.pressenza.com\/pt-pt\/2015\/12\/grande-ato-apoio-estudantes-sao-paulo\/","url":"https:\/\/www.pressenza.com\/pt-pt\/2015\/12\/grande-ato-apoio-estudantes-sao-paulo\/","name":"Grande ato para apoiar os estudantes em S\u00e3o Paulo","isPartOf":{"@id":"https:\/\/www.pressenza.com\/pt-pt\/#website"},"primaryImageOfPage":{"@id":"https:\/\/www.pressenza.com\/pt-pt\/2015\/12\/grande-ato-apoio-estudantes-sao-paulo\/#primaryimage"},"image":{"@id":"https:\/\/www.pressenza.com\/pt-pt\/2015\/12\/grande-ato-apoio-estudantes-sao-paulo\/#primaryimage"},"thumbnailUrl":"https:\/\/www.pressenza.com\/wp-content\/uploads\/2015\/12\/ato-apoio-ocupacao-escolas-sao-paulo.jpg","datePublished":"2015-12-11T14:01:50+00:00","dateModified":"2015-12-11T14:13:29+00:00","description":"Por Mar\u00eda Eugenia Pirolo em S\u00e3o Paulo No dia 4 de dezembro, depois de quase cinco semanas de ocupa\u00e7\u00e3o nas escolas de S\u00e3o Paulo, o governador Geraldo","breadcrumb":{"@id":"https:\/\/www.pressenza.com\/pt-pt\/2015\/12\/grande-ato-apoio-estudantes-sao-paulo\/#breadcrumb"},"inLanguage":"pt-PT","potentialAction":[{"@type":"ReadAction","target":["https:\/\/www.pressenza.com\/pt-pt\/2015\/12\/grande-ato-apoio-estudantes-sao-paulo\/"]}]},{"@type":"ImageObject","inLanguage":"pt-PT","@id":"https:\/\/www.pressenza.com\/pt-pt\/2015\/12\/grande-ato-apoio-estudantes-sao-paulo\/#primaryimage","url":"https:\/\/www.pressenza.com\/wp-content\/uploads\/2015\/12\/ato-apoio-ocupacao-escolas-sao-paulo.jpg","contentUrl":"https:\/\/www.pressenza.com\/wp-content\/uploads\/2015\/12\/ato-apoio-ocupacao-escolas-sao-paulo.jpg","width":800,"height":600},{"@type":"BreadcrumbList","@id":"https:\/\/www.pressenza.com\/pt-pt\/2015\/12\/grande-ato-apoio-estudantes-sao-paulo\/#breadcrumb","itemListElement":[{"@type":"ListItem","position":1,"name":"Accueil","item":"https:\/\/www.pressenza.com\/pt-pt\/"},{"@type":"ListItem","position":2,"name":"Grande ato para apoiar os estudantes em S\u00e3o Paulo"}]},{"@type":"WebSite","@id":"https:\/\/www.pressenza.com\/pt-pt\/#website","url":"https:\/\/www.pressenza.com\/pt-pt\/","name":"Pressenza","description":"International Press Agency","publisher":{"@id":"https:\/\/www.pressenza.com\/pt-pt\/#organization"},"potentialAction":[{"@type":"SearchAction","target":{"@type":"EntryPoint","urlTemplate":"https:\/\/www.pressenza.com\/pt-pt\/?s={search_term_string}"},"query-input":{"@type":"PropertyValueSpecification","valueRequired":true,"valueName":"search_term_string"}}],"inLanguage":"pt-PT"},{"@type":"Organization","@id":"https:\/\/www.pressenza.com\/pt-pt\/#organization","name":"Pressenza","url":"https:\/\/www.pressenza.com\/pt-pt\/","logo":{"@type":"ImageObject","inLanguage":"pt-PT","@id":"https:\/\/www.pressenza.com\/pt-pt\/#\/schema\/logo\/image\/","url":"https:\/\/www.pressenza.com\/wp-content\/uploads\/2022\/10\/pressenza_logo_200x200.jpg","contentUrl":"https:\/\/www.pressenza.com\/wp-content\/uploads\/2022\/10\/pressenza_logo_200x200.jpg","width":200,"height":200,"caption":"Pressenza"},"image":{"@id":"https:\/\/www.pressenza.com\/pt-pt\/#\/schema\/logo\/image\/"},"sameAs":["https:\/\/www.facebook.com\/PressenzaItalia","https:\/\/x.com\/PressenzaIPA"]},{"@type":"Person","@id":"https:\/\/www.pressenza.com\/pt-pt\/#\/schema\/person\/d171826afb7693cfc394da95892bfd93","name":"Reda\u00e7\u00e3o S\u00e3o Paulo","description":"News from the Pressenza bureau in Sao Paulo, Brazil","sameAs":["https:\/\/www.facebook.com\/PressenzaPortugues","https:\/\/x.com\/pressenza_pt"],"url":"https:\/\/www.pressenza.com\/pt-pt\/author\/redaccao-sao-paulo\/"}]}},"place":"","original_article_url":"","_links":{"self":[{"href":"https:\/\/www.pressenza.com\/pt-pt\/wp-json\/wp\/v2\/posts\/256011","targetHints":{"allow":["GET"]}}],"collection":[{"href":"https:\/\/www.pressenza.com\/pt-pt\/wp-json\/wp\/v2\/posts"}],"about":[{"href":"https:\/\/www.pressenza.com\/pt-pt\/wp-json\/wp\/v2\/types\/post"}],"author":[{"embeddable":true,"href":"https:\/\/www.pressenza.com\/pt-pt\/wp-json\/wp\/v2\/users\/44"}],"replies":[{"embeddable":true,"href":"https:\/\/www.pressenza.com\/pt-pt\/wp-json\/wp\/v2\/comments?post=256011"}],"version-history":[{"count":0,"href":"https:\/\/www.pressenza.com\/pt-pt\/wp-json\/wp\/v2\/posts\/256011\/revisions"}],"wp:featuredmedia":[{"embeddable":true,"href":"https:\/\/www.pressenza.com\/pt-pt\/wp-json\/wp\/v2\/media\/255570"}],"wp:attachment":[{"href":"https:\/\/www.pressenza.com\/pt-pt\/wp-json\/wp\/v2\/media?parent=256011"}],"wp:term":[{"taxonomy":"category","embeddable":true,"href":"https:\/\/www.pressenza.com\/pt-pt\/wp-json\/wp\/v2\/categories?post=256011"},{"taxonomy":"post_tag","embeddable":true,"href":"https:\/\/www.pressenza.com\/pt-pt\/wp-json\/wp\/v2\/tags?post=256011"}],"curies":[{"name":"wp","href":"https:\/\/api.w.org\/{rel}","templated":true}]}}