{"id":255637,"date":"2015-12-10T20:30:21","date_gmt":"2015-12-10T20:30:21","guid":{"rendered":"http:\/\/www.pressenza.com\/pt-pt\/?p=255637"},"modified":"2015-12-10T20:31:34","modified_gmt":"2015-12-10T20:31:34","slug":"mocambique-e-o-desastre-do-novo-acordo-climatico-de-paris","status":"publish","type":"post","link":"https:\/\/www.pressenza.com\/pt-pt\/2015\/12\/mocambique-e-o-desastre-do-novo-acordo-climatico-de-paris\/","title":{"rendered":"Mo\u00e7ambique e o desastre do novo acordo clim\u00e1tico de Paris"},"content":{"rendered":"<p style=\"text-align: justify;\">Boaventura Monjane*<\/p>\n<p style=\"text-align: justify;\">Depois de 20 anos das chamadas Confer\u00eancia das Partes (COP, sigla em ingl\u00eas) &#8211; cuja vig\u00e9sima e primeira decorre at\u00e9 o fim desta semana na cidade de Paris &#8211; ser\u00e1 Mo\u00e7ambique um negociador fi\u00e1vel neste processo? Estar\u00e1 Mo\u00e7ambique a discutir e a propor solu\u00e7\u00f5es sustent\u00e1veis \u00e0s mudan\u00e7as clim\u00e1ticas ou estar\u00e1 o pa\u00eds implorando por sa\u00eddas paliativas e obter, gra\u00e7as \u00e0 crise clim\u00e1tica, beneficia\u00e7\u00f5es econ\u00f3micas e financeiras imediatas?<\/p>\n<p style=\"text-align: justify;\">\u00c9 de consenso que Mo\u00e7ambique \u00e9 um dos pa\u00edses mais afectados pelos efeitos das mudan\u00e7as clim\u00e1ticas e do aquecimento global, apesar de contribuir com pouco ou com quase nada para provocar o fen\u00f3meno . \u00c9 s\u00f3 reparar para as sucessivas vagas de calor que tem assolado o pa\u00eds, a subida do n\u00edvel mar (nas cidades de Maputo e Beira), as catastr\u00f3ficas cheias que, ano a ano, devastam comunidades inteiras, assim como as vagas de seca que afectam camponeses em praticamente todo o pa\u00eds.<\/p>\n<p style=\"text-align: justify;\">A equipa de negociadores de Mo\u00e7ambique em Paris, chefiada pelo novo ministro da Terra, Ambiente e Desenvolvimento Rural, sabem da situa\u00e7\u00e3o vulner\u00e1vel em que Mo\u00e7ambique se encontra e isso devia permitir-lhe impor uma dr\u00e1stica redu\u00e7\u00e3o de emiss\u00f5es de gazes com efeito estufa, uma mudan\u00e7a radical do sistema de produ\u00e7\u00e3o e consumo e uma transi\u00e7\u00e3o para uma economia p\u00f3s-combust\u00edveis fosseis, p\u00f3s-extractivista e dando primazia para a agricultura descentralizada e de pequena escala. V\u00e1rios activistas e organiza\u00e7\u00f5es mo\u00e7ambicanas da sociedade civil duvidam, contudo, que Mo\u00e7ambique esteja, por um lado, em condi\u00e7\u00f5es de fazer um bra\u00e7o de ferro de igual para igual com negociadores bem experientes como a China, os Estados Unidos, o Jap\u00e3o, etc. e, por outro, se tem sequer vontade pol\u00edtica para o fazer.<\/p>\n<p style=\"text-align: justify;\">O pa\u00eds foi incapaz de promover um debate e informar os mo\u00e7ambicanos sobre o fracassado protocolo de Kyoto, agora ser substitu\u00eddo em Paris. Depois de duas d\u00e9cadas de negocia\u00e7\u00f5es, os mo\u00e7ambicanos\u00a0\u00a0desconhecem as posi\u00e7\u00f5es do seu governo nas COPs.<\/p>\n<p style=\"text-align: justify;\">O que se sabe e se comenta pelos \u201ccorredores\u201d de Paris \u00e9 que, o chamado Novo Acordo Clim\u00e1tico, a sair da COP21, n\u00e3o trar\u00e1 nenhuma mudan\u00e7a. Estar\u00e1 repleto de propostas de solu\u00e7\u00f5es completamente viradas ao mercado, convidando os mesmos criminosos ambientais (grandes corpora\u00e7\u00f5es e governos ocidentais) para debater solu\u00e7\u00e3o \u00e0 uma crise que causaram.<\/p>\n<p style=\"text-align: justify;\">A \u201cboa\u201d not\u00edcia para o nosso ministro do pelouro, o \u201c<em>business man<\/em>\u201d Celso Correia, \u00e9 que, as falsas solu\u00e7\u00f5es apresentadas no Acordo de Paris, como \u00e9 o caso do uso de florestas e outro tipo de vegeta\u00e7\u00e3o para sequestrar carbono, envolvem milh\u00f5es de d\u00f3lares. Foi noticiado que o Banco Mundial vai desembolsar 50 milh\u00f5es de d\u00f3lares para a reforma florestal em Mo\u00e7ambique, ap\u00f3s um acordo que Celso Correia firmou em Paris com John Roome, o chefe do sector das mudan\u00e7as clim\u00e1ticas do BM. Acredita-se que, as vastas florestas Mo\u00e7ambicanas poder\u00e3o ser aproveitadas para sequestrar carbono e assim compensar as emiss\u00f5es de gases que provocam as mudan\u00e7as clim\u00e1ticas.<\/p>\n<p style=\"text-align: justify;\">A Justi\u00e7a Ambiental (JA), o mais contundente grupo da sociedade civil fazendo advocacia ambiental, j\u00e1 previa este cen\u00e1rio. No seu boletim mensal de Novembro, denunciou a tend\u00eancia corporativa expressa num encontro que se convocou para discutir a (re)defini\u00e7\u00e3o do conceito de floresta, realizado em finais de Outubro, em Maputo. De acordo com o boletim da JA, \u201co governo de Mo\u00e7ambique est\u00e1 na verdade a tentar encontrar uma defini\u00e7\u00e3o de floresta que acomode a implementa\u00e7\u00e3o dos cr\u00e9ditos de carbono atrav\u00e9s do mecanismo REDD+ (Redu\u00e7\u00e3o de Emiss\u00f5es por Desmatamento e Degrada\u00e7\u00e3o florestal) em Mo\u00e7ambique\u201d, diante de uma lei de terras que n\u00e3o facilita a usurpa\u00e7\u00e3o.<\/p>\n<p style=\"text-align: justify;\">JA defende que o \u201cprocesso REDD em Mo\u00e7ambique tem numerosas irregularidade\u201d e que a sociedade civil \u00e9 convidada \u00e0s reuni\u00f5es \u201capenas para legitimar e validar um processo que foi decidido a portas fechadas\u201d, e que \u201c o Banco Mundial \u00e9 o principal interessado.<\/p>\n<p style=\"text-align: justify;\">N\u00e3o \u00e9 dif\u00edcil compreender o papel de Mo\u00e7ambique no neg\u00f3cio de clima. O que sair\u00e1 de Paris \u00e9 um pacote de solu\u00e7\u00f5es que, usando pa\u00edses como Mo\u00e7ambique, ricos em biodiversidade, continuar\u00e1 a dar primazia \u00e0s corpora\u00e7\u00f5es e \u00e0s institui\u00e7\u00f5es financeiras, para continuar com seus modelos de acumula\u00e7\u00e3o enquanto enganam o mundo com o financiamento de projectos de \u201cconserva\u00e7\u00e3o\u201d de florestas.<\/p>\n<p style=\"text-align: justify;\">O problema do REDD \u00e9 que, contrariamente ao que se apregoa, para al\u00e9m de n\u00e3o reduzir as emiss\u00f5es, \u00e9 um grande risco para as comunidades que dependem da terra e das florestas para a sua sobreviv\u00eancia. Teme-se que, ao mesmo tempo que o governo arrecade verbas do Banco Mundial, gra\u00e7as \u00e0 crise clim\u00e1tica, as comunidades dependentes de florestas percam o seu controle e venham inclusivamente a ser expulsos. Isso est\u00e1 j\u00e1 a acontecer no Qu\u00e9nia onde membros da comunidade Sengwer foram violentados e expulsos, para dar lugar \u00e0 um projecto de REDD, financiado (<em>guess what?)<\/em>, pelo pelo Banco Mundial.<\/p>\n<p style=\"text-align: justify;\">A narrativa de \u201cresponsabilidade comum, mas diferenciada\u201d, que \u00e9 comummente pregada nos documentos e discursos das negocia\u00e7\u00f5es clim\u00e1ticas n\u00e3o \u00e9 nada al\u00e9m de uma fal\u00e1cia. A \u00c1frica continuar\u00e1 a pagar mais caro e os pa\u00edses africanos continuar\u00e3o a ser dependentes, colonizados e impotentes, a n\u00e3o ser que tomem uma posi\u00e7\u00e3o radical, e n\u00e3o ceder \u00e0s alicia\u00e7\u00f5es econ\u00f3micas como o REDD.<\/p>\n<p style=\"text-align: justify;\">Como disse Nnimmo Bassey, a pior forma de escravid\u00e3o \u00e9 oferecer-se de bom grado ao opressor, obter alguns ganhos e fingir que se \u00e9 livre.<\/p>\n<p style=\"text-align: justify;\">O que quer que sai de Paris ser\u00e1 um desastre clim\u00e1tico global. As COPs transformaram-se em conferencias de poluidores e suas conclus\u00f5es continuar\u00e3o a ver a \u00c1frica com a mesma tend\u00eancia colonialista.\u00a0\u00a0Pelo que se cheira, o novo Acordo clim\u00e1tico de Paris poder\u00e1 at\u00e9 ser um bom &#8220;<em>deal<\/em>&#8221; para os neg\u00f3cios dos pa\u00edses ocidentais,\u00a0\u00a0mas ser\u00e1 um desastre a imediato prazo para Mo\u00e7ambique e \u00c1frica e uma cat\u00e1strofe global a longo prazo.<\/p>\n<p style=\"text-align: justify;\">_____________<\/p>\n<p style=\"text-align: justify;\">\u00a0* &#8211; Boaventura Monjane \u00e9 jornalista e activista social. \u00c9 estudante de doutoramento em P\u00f3s-colonialismos e Cidadania Global no Centro de Estudos Sociais da Universidade de Coimbra.<\/p>\n<p style=\"text-align: justify;\">Email:\u00a0<a href=\"mailto:boa.monjane@gmail.com\">boa.monjane@gmail.com<\/a><\/p>\n","protected":false},"excerpt":{"rendered":"<p>Boaventura Monjane* Depois de 20 anos das chamadas Confer\u00eancia das Partes (COP, sigla em ingl\u00eas) &#8211; cuja vig\u00e9sima e primeira decorre at\u00e9 o fim desta semana na cidade de Paris &#8211; ser\u00e1 Mo\u00e7ambique um negociador fi\u00e1vel neste processo? Estar\u00e1 Mo\u00e7ambique&hellip;<\/p>\n","protected":false},"author":968,"featured_media":255639,"comment_status":"closed","ping_status":"open","sticky":false,"template":"","format":"standard","meta":{"footnotes":""},"categories":[37,11390,115,42],"tags":[225,16427,5208,8052,1082],"class_list":["post-255637","post","type-post","status-publish","format-standard","has-post-thumbnail","hentry","category-africa-pt","category-conteudo-original","category-ecologia-e-meio-ambiente","category-internacional-2","tag-ambiente","tag-cop21","tag-mocambique","tag-mudancas-climaticas","tag-paris"],"yoast_head":"<!-- This site is optimized with the Yoast SEO plugin v27.1.1 - https:\/\/yoast.com\/product\/yoast-seo-wordpress\/ -->\n<title>Mo\u00e7ambique e o desastre do novo acordo clim\u00e1tico de Paris<\/title>\n<meta name=\"description\" content=\"Boaventura Monjane* Depois de 20 anos das chamadas Confer\u00eancia das Partes (COP, sigla em ingl\u00eas) - cuja vig\u00e9sima e primeira decorre at\u00e9 o fim desta semana\" \/>\n<meta name=\"robots\" content=\"index, follow, max-snippet:-1, max-image-preview:large, max-video-preview:-1\" \/>\n<link rel=\"canonical\" href=\"https:\/\/www.pressenza.com\/pt-pt\/2015\/12\/mocambique-e-o-desastre-do-novo-acordo-climatico-de-paris\/\" \/>\n<meta property=\"og:locale\" content=\"pt_PT\" \/>\n<meta property=\"og:type\" content=\"article\" \/>\n<meta property=\"og:title\" content=\"Mo\u00e7ambique e o desastre do novo acordo clim\u00e1tico de Paris\" \/>\n<meta property=\"og:description\" content=\"Boaventura Monjane* Depois de 20 anos das chamadas Confer\u00eancia das Partes (COP, sigla em ingl\u00eas) - cuja vig\u00e9sima e primeira decorre at\u00e9 o fim desta semana\" \/>\n<meta property=\"og:url\" content=\"https:\/\/www.pressenza.com\/pt-pt\/2015\/12\/mocambique-e-o-desastre-do-novo-acordo-climatico-de-paris\/\" \/>\n<meta property=\"og:site_name\" content=\"Pressenza\" \/>\n<meta property=\"article:publisher\" content=\"https:\/\/www.facebook.com\/PressenzaItalia\" \/>\n<meta property=\"article:published_time\" content=\"2015-12-10T20:30:21+00:00\" \/>\n<meta property=\"article:modified_time\" content=\"2015-12-10T20:31:34+00:00\" \/>\n<meta property=\"og:image\" content=\"https:\/\/www.pressenza.com\/wp-content\/uploads\/2015\/12\/image-20150716-5104-lbc9d4.jpg\" \/>\n\t<meta property=\"og:image:width\" content=\"668\" \/>\n\t<meta property=\"og:image:height\" content=\"334\" \/>\n\t<meta property=\"og:image:type\" content=\"image\/jpeg\" \/>\n<meta name=\"author\" content=\"Boaventura Monjane\" \/>\n<meta name=\"twitter:card\" content=\"summary_large_image\" \/>\n<meta name=\"twitter:creator\" content=\"@PressenzaIPA\" \/>\n<meta name=\"twitter:site\" content=\"@PressenzaIPA\" \/>\n<meta name=\"twitter:label1\" content=\"Escrito por\" \/>\n\t<meta name=\"twitter:data1\" content=\"Boaventura Monjane\" \/>\n\t<meta name=\"twitter:label2\" content=\"Tempo estimado de leitura\" \/>\n\t<meta name=\"twitter:data2\" content=\"5 minutos\" \/>\n<script type=\"application\/ld+json\" class=\"yoast-schema-graph\">{\"@context\":\"https:\/\/schema.org\",\"@graph\":[{\"@type\":\"Article\",\"@id\":\"https:\/\/www.pressenza.com\/pt-pt\/2015\/12\/mocambique-e-o-desastre-do-novo-acordo-climatico-de-paris\/#article\",\"isPartOf\":{\"@id\":\"https:\/\/www.pressenza.com\/pt-pt\/2015\/12\/mocambique-e-o-desastre-do-novo-acordo-climatico-de-paris\/\"},\"author\":{\"name\":\"Boaventura Monjane\",\"@id\":\"https:\/\/www.pressenza.com\/pt-pt\/#\/schema\/person\/c97e007811be0ea87b8b22ba571d5441\"},\"headline\":\"Mo\u00e7ambique e o desastre do novo acordo clim\u00e1tico de Paris\",\"datePublished\":\"2015-12-10T20:30:21+00:00\",\"dateModified\":\"2015-12-10T20:31:34+00:00\",\"mainEntityOfPage\":{\"@id\":\"https:\/\/www.pressenza.com\/pt-pt\/2015\/12\/mocambique-e-o-desastre-do-novo-acordo-climatico-de-paris\/\"},\"wordCount\":1088,\"publisher\":{\"@id\":\"https:\/\/www.pressenza.com\/pt-pt\/#organization\"},\"image\":{\"@id\":\"https:\/\/www.pressenza.com\/pt-pt\/2015\/12\/mocambique-e-o-desastre-do-novo-acordo-climatico-de-paris\/#primaryimage\"},\"thumbnailUrl\":\"https:\/\/www.pressenza.com\/wp-content\/uploads\/2015\/12\/image-20150716-5104-lbc9d4.jpg\",\"keywords\":[\"ambiente\",\"COP21\",\"Mocambique\",\"mudan\u00e7as climaticas\",\"Paris\"],\"articleSection\":[\"Africa\",\"Conte\u00fado Original\",\"Ecologia e Meio Ambiente\",\"Internacional\"],\"inLanguage\":\"pt-PT\"},{\"@type\":\"WebPage\",\"@id\":\"https:\/\/www.pressenza.com\/pt-pt\/2015\/12\/mocambique-e-o-desastre-do-novo-acordo-climatico-de-paris\/\",\"url\":\"https:\/\/www.pressenza.com\/pt-pt\/2015\/12\/mocambique-e-o-desastre-do-novo-acordo-climatico-de-paris\/\",\"name\":\"Mo\u00e7ambique e o desastre do novo acordo clim\u00e1tico de Paris\",\"isPartOf\":{\"@id\":\"https:\/\/www.pressenza.com\/pt-pt\/#website\"},\"primaryImageOfPage\":{\"@id\":\"https:\/\/www.pressenza.com\/pt-pt\/2015\/12\/mocambique-e-o-desastre-do-novo-acordo-climatico-de-paris\/#primaryimage\"},\"image\":{\"@id\":\"https:\/\/www.pressenza.com\/pt-pt\/2015\/12\/mocambique-e-o-desastre-do-novo-acordo-climatico-de-paris\/#primaryimage\"},\"thumbnailUrl\":\"https:\/\/www.pressenza.com\/wp-content\/uploads\/2015\/12\/image-20150716-5104-lbc9d4.jpg\",\"datePublished\":\"2015-12-10T20:30:21+00:00\",\"dateModified\":\"2015-12-10T20:31:34+00:00\",\"description\":\"Boaventura Monjane* Depois de 20 anos das chamadas Confer\u00eancia das Partes (COP, sigla em ingl\u00eas) - cuja vig\u00e9sima e primeira decorre at\u00e9 o fim desta semana\",\"breadcrumb\":{\"@id\":\"https:\/\/www.pressenza.com\/pt-pt\/2015\/12\/mocambique-e-o-desastre-do-novo-acordo-climatico-de-paris\/#breadcrumb\"},\"inLanguage\":\"pt-PT\",\"potentialAction\":[{\"@type\":\"ReadAction\",\"target\":[\"https:\/\/www.pressenza.com\/pt-pt\/2015\/12\/mocambique-e-o-desastre-do-novo-acordo-climatico-de-paris\/\"]}]},{\"@type\":\"ImageObject\",\"inLanguage\":\"pt-PT\",\"@id\":\"https:\/\/www.pressenza.com\/pt-pt\/2015\/12\/mocambique-e-o-desastre-do-novo-acordo-climatico-de-paris\/#primaryimage\",\"url\":\"https:\/\/www.pressenza.com\/wp-content\/uploads\/2015\/12\/image-20150716-5104-lbc9d4.jpg\",\"contentUrl\":\"https:\/\/www.pressenza.com\/wp-content\/uploads\/2015\/12\/image-20150716-5104-lbc9d4.jpg\",\"width\":668,\"height\":334,\"caption\":\"Julien Harneis, Creative Commons.\"},{\"@type\":\"BreadcrumbList\",\"@id\":\"https:\/\/www.pressenza.com\/pt-pt\/2015\/12\/mocambique-e-o-desastre-do-novo-acordo-climatico-de-paris\/#breadcrumb\",\"itemListElement\":[{\"@type\":\"ListItem\",\"position\":1,\"name\":\"Accueil\",\"item\":\"https:\/\/www.pressenza.com\/pt-pt\/\"},{\"@type\":\"ListItem\",\"position\":2,\"name\":\"Mo\u00e7ambique e o desastre do novo acordo clim\u00e1tico de Paris\"}]},{\"@type\":\"WebSite\",\"@id\":\"https:\/\/www.pressenza.com\/pt-pt\/#website\",\"url\":\"https:\/\/www.pressenza.com\/pt-pt\/\",\"name\":\"Pressenza\",\"description\":\"International Press Agency\",\"publisher\":{\"@id\":\"https:\/\/www.pressenza.com\/pt-pt\/#organization\"},\"potentialAction\":[{\"@type\":\"SearchAction\",\"target\":{\"@type\":\"EntryPoint\",\"urlTemplate\":\"https:\/\/www.pressenza.com\/pt-pt\/?s={search_term_string}\"},\"query-input\":{\"@type\":\"PropertyValueSpecification\",\"valueRequired\":true,\"valueName\":\"search_term_string\"}}],\"inLanguage\":\"pt-PT\"},{\"@type\":\"Organization\",\"@id\":\"https:\/\/www.pressenza.com\/pt-pt\/#organization\",\"name\":\"Pressenza\",\"url\":\"https:\/\/www.pressenza.com\/pt-pt\/\",\"logo\":{\"@type\":\"ImageObject\",\"inLanguage\":\"pt-PT\",\"@id\":\"https:\/\/www.pressenza.com\/pt-pt\/#\/schema\/logo\/image\/\",\"url\":\"https:\/\/www.pressenza.com\/wp-content\/uploads\/2022\/10\/pressenza_logo_200x200.jpg\",\"contentUrl\":\"https:\/\/www.pressenza.com\/wp-content\/uploads\/2022\/10\/pressenza_logo_200x200.jpg\",\"width\":200,\"height\":200,\"caption\":\"Pressenza\"},\"image\":{\"@id\":\"https:\/\/www.pressenza.com\/pt-pt\/#\/schema\/logo\/image\/\"},\"sameAs\":[\"https:\/\/www.facebook.com\/PressenzaItalia\",\"https:\/\/x.com\/PressenzaIPA\"]},{\"@type\":\"Person\",\"@id\":\"https:\/\/www.pressenza.com\/pt-pt\/#\/schema\/person\/c97e007811be0ea87b8b22ba571d5441\",\"name\":\"Boaventura Monjane\",\"description\":\"Mozambican journalist and social activist\",\"url\":\"https:\/\/www.pressenza.com\/pt-pt\/author\/boaventura-monjane\/\"}]}<\/script>\n<!-- \/ Yoast SEO plugin. -->","yoast_head_json":{"title":"Mo\u00e7ambique e o desastre do novo acordo clim\u00e1tico de Paris","description":"Boaventura Monjane* Depois de 20 anos das chamadas Confer\u00eancia das Partes (COP, sigla em ingl\u00eas) - cuja vig\u00e9sima e primeira decorre at\u00e9 o fim desta semana","robots":{"index":"index","follow":"follow","max-snippet":"max-snippet:-1","max-image-preview":"max-image-preview:large","max-video-preview":"max-video-preview:-1"},"canonical":"https:\/\/www.pressenza.com\/pt-pt\/2015\/12\/mocambique-e-o-desastre-do-novo-acordo-climatico-de-paris\/","og_locale":"pt_PT","og_type":"article","og_title":"Mo\u00e7ambique e o desastre do novo acordo clim\u00e1tico de Paris","og_description":"Boaventura Monjane* Depois de 20 anos das chamadas Confer\u00eancia das Partes (COP, sigla em ingl\u00eas) - cuja vig\u00e9sima e primeira decorre at\u00e9 o fim desta semana","og_url":"https:\/\/www.pressenza.com\/pt-pt\/2015\/12\/mocambique-e-o-desastre-do-novo-acordo-climatico-de-paris\/","og_site_name":"Pressenza","article_publisher":"https:\/\/www.facebook.com\/PressenzaItalia","article_published_time":"2015-12-10T20:30:21+00:00","article_modified_time":"2015-12-10T20:31:34+00:00","og_image":[{"width":668,"height":334,"url":"https:\/\/www.pressenza.com\/wp-content\/uploads\/2015\/12\/image-20150716-5104-lbc9d4.jpg","type":"image\/jpeg"}],"author":"Boaventura Monjane","twitter_card":"summary_large_image","twitter_creator":"@PressenzaIPA","twitter_site":"@PressenzaIPA","twitter_misc":{"Escrito por":"Boaventura Monjane","Tempo estimado de leitura":"5 minutos"},"schema":{"@context":"https:\/\/schema.org","@graph":[{"@type":"Article","@id":"https:\/\/www.pressenza.com\/pt-pt\/2015\/12\/mocambique-e-o-desastre-do-novo-acordo-climatico-de-paris\/#article","isPartOf":{"@id":"https:\/\/www.pressenza.com\/pt-pt\/2015\/12\/mocambique-e-o-desastre-do-novo-acordo-climatico-de-paris\/"},"author":{"name":"Boaventura Monjane","@id":"https:\/\/www.pressenza.com\/pt-pt\/#\/schema\/person\/c97e007811be0ea87b8b22ba571d5441"},"headline":"Mo\u00e7ambique e o desastre do novo acordo clim\u00e1tico de Paris","datePublished":"2015-12-10T20:30:21+00:00","dateModified":"2015-12-10T20:31:34+00:00","mainEntityOfPage":{"@id":"https:\/\/www.pressenza.com\/pt-pt\/2015\/12\/mocambique-e-o-desastre-do-novo-acordo-climatico-de-paris\/"},"wordCount":1088,"publisher":{"@id":"https:\/\/www.pressenza.com\/pt-pt\/#organization"},"image":{"@id":"https:\/\/www.pressenza.com\/pt-pt\/2015\/12\/mocambique-e-o-desastre-do-novo-acordo-climatico-de-paris\/#primaryimage"},"thumbnailUrl":"https:\/\/www.pressenza.com\/wp-content\/uploads\/2015\/12\/image-20150716-5104-lbc9d4.jpg","keywords":["ambiente","COP21","Mocambique","mudan\u00e7as climaticas","Paris"],"articleSection":["Africa","Conte\u00fado Original","Ecologia e Meio Ambiente","Internacional"],"inLanguage":"pt-PT"},{"@type":"WebPage","@id":"https:\/\/www.pressenza.com\/pt-pt\/2015\/12\/mocambique-e-o-desastre-do-novo-acordo-climatico-de-paris\/","url":"https:\/\/www.pressenza.com\/pt-pt\/2015\/12\/mocambique-e-o-desastre-do-novo-acordo-climatico-de-paris\/","name":"Mo\u00e7ambique e o desastre do novo acordo clim\u00e1tico de Paris","isPartOf":{"@id":"https:\/\/www.pressenza.com\/pt-pt\/#website"},"primaryImageOfPage":{"@id":"https:\/\/www.pressenza.com\/pt-pt\/2015\/12\/mocambique-e-o-desastre-do-novo-acordo-climatico-de-paris\/#primaryimage"},"image":{"@id":"https:\/\/www.pressenza.com\/pt-pt\/2015\/12\/mocambique-e-o-desastre-do-novo-acordo-climatico-de-paris\/#primaryimage"},"thumbnailUrl":"https:\/\/www.pressenza.com\/wp-content\/uploads\/2015\/12\/image-20150716-5104-lbc9d4.jpg","datePublished":"2015-12-10T20:30:21+00:00","dateModified":"2015-12-10T20:31:34+00:00","description":"Boaventura Monjane* Depois de 20 anos das chamadas Confer\u00eancia das Partes (COP, sigla em ingl\u00eas) - cuja vig\u00e9sima e primeira decorre at\u00e9 o fim desta semana","breadcrumb":{"@id":"https:\/\/www.pressenza.com\/pt-pt\/2015\/12\/mocambique-e-o-desastre-do-novo-acordo-climatico-de-paris\/#breadcrumb"},"inLanguage":"pt-PT","potentialAction":[{"@type":"ReadAction","target":["https:\/\/www.pressenza.com\/pt-pt\/2015\/12\/mocambique-e-o-desastre-do-novo-acordo-climatico-de-paris\/"]}]},{"@type":"ImageObject","inLanguage":"pt-PT","@id":"https:\/\/www.pressenza.com\/pt-pt\/2015\/12\/mocambique-e-o-desastre-do-novo-acordo-climatico-de-paris\/#primaryimage","url":"https:\/\/www.pressenza.com\/wp-content\/uploads\/2015\/12\/image-20150716-5104-lbc9d4.jpg","contentUrl":"https:\/\/www.pressenza.com\/wp-content\/uploads\/2015\/12\/image-20150716-5104-lbc9d4.jpg","width":668,"height":334,"caption":"Julien Harneis, Creative Commons."},{"@type":"BreadcrumbList","@id":"https:\/\/www.pressenza.com\/pt-pt\/2015\/12\/mocambique-e-o-desastre-do-novo-acordo-climatico-de-paris\/#breadcrumb","itemListElement":[{"@type":"ListItem","position":1,"name":"Accueil","item":"https:\/\/www.pressenza.com\/pt-pt\/"},{"@type":"ListItem","position":2,"name":"Mo\u00e7ambique e o desastre do novo acordo clim\u00e1tico de Paris"}]},{"@type":"WebSite","@id":"https:\/\/www.pressenza.com\/pt-pt\/#website","url":"https:\/\/www.pressenza.com\/pt-pt\/","name":"Pressenza","description":"International Press Agency","publisher":{"@id":"https:\/\/www.pressenza.com\/pt-pt\/#organization"},"potentialAction":[{"@type":"SearchAction","target":{"@type":"EntryPoint","urlTemplate":"https:\/\/www.pressenza.com\/pt-pt\/?s={search_term_string}"},"query-input":{"@type":"PropertyValueSpecification","valueRequired":true,"valueName":"search_term_string"}}],"inLanguage":"pt-PT"},{"@type":"Organization","@id":"https:\/\/www.pressenza.com\/pt-pt\/#organization","name":"Pressenza","url":"https:\/\/www.pressenza.com\/pt-pt\/","logo":{"@type":"ImageObject","inLanguage":"pt-PT","@id":"https:\/\/www.pressenza.com\/pt-pt\/#\/schema\/logo\/image\/","url":"https:\/\/www.pressenza.com\/wp-content\/uploads\/2022\/10\/pressenza_logo_200x200.jpg","contentUrl":"https:\/\/www.pressenza.com\/wp-content\/uploads\/2022\/10\/pressenza_logo_200x200.jpg","width":200,"height":200,"caption":"Pressenza"},"image":{"@id":"https:\/\/www.pressenza.com\/pt-pt\/#\/schema\/logo\/image\/"},"sameAs":["https:\/\/www.facebook.com\/PressenzaItalia","https:\/\/x.com\/PressenzaIPA"]},{"@type":"Person","@id":"https:\/\/www.pressenza.com\/pt-pt\/#\/schema\/person\/c97e007811be0ea87b8b22ba571d5441","name":"Boaventura Monjane","description":"Mozambican journalist and social activist","url":"https:\/\/www.pressenza.com\/pt-pt\/author\/boaventura-monjane\/"}]}},"place":"","original_article_url":"","_links":{"self":[{"href":"https:\/\/www.pressenza.com\/pt-pt\/wp-json\/wp\/v2\/posts\/255637","targetHints":{"allow":["GET"]}}],"collection":[{"href":"https:\/\/www.pressenza.com\/pt-pt\/wp-json\/wp\/v2\/posts"}],"about":[{"href":"https:\/\/www.pressenza.com\/pt-pt\/wp-json\/wp\/v2\/types\/post"}],"author":[{"embeddable":true,"href":"https:\/\/www.pressenza.com\/pt-pt\/wp-json\/wp\/v2\/users\/968"}],"replies":[{"embeddable":true,"href":"https:\/\/www.pressenza.com\/pt-pt\/wp-json\/wp\/v2\/comments?post=255637"}],"version-history":[{"count":0,"href":"https:\/\/www.pressenza.com\/pt-pt\/wp-json\/wp\/v2\/posts\/255637\/revisions"}],"wp:featuredmedia":[{"embeddable":true,"href":"https:\/\/www.pressenza.com\/pt-pt\/wp-json\/wp\/v2\/media\/255639"}],"wp:attachment":[{"href":"https:\/\/www.pressenza.com\/pt-pt\/wp-json\/wp\/v2\/media?parent=255637"}],"wp:term":[{"taxonomy":"category","embeddable":true,"href":"https:\/\/www.pressenza.com\/pt-pt\/wp-json\/wp\/v2\/categories?post=255637"},{"taxonomy":"post_tag","embeddable":true,"href":"https:\/\/www.pressenza.com\/pt-pt\/wp-json\/wp\/v2\/tags?post=255637"}],"curies":[{"name":"wp","href":"https:\/\/api.w.org\/{rel}","templated":true}]}}