{"id":2547829,"date":"2024-09-14T22:37:28","date_gmt":"2024-09-14T21:37:28","guid":{"rendered":"https:\/\/www.pressenza.com\/?p=2547829"},"modified":"2024-09-18T08:30:22","modified_gmt":"2024-09-18T07:30:22","slug":"a-terceira-marcha-mundial-pela-paz-e-a-nao-violencia-tera-inicio-em-san-jose-costa-rica","status":"publish","type":"post","link":"https:\/\/www.pressenza.com\/pt-pt\/2024\/09\/a-terceira-marcha-mundial-pela-paz-e-a-nao-violencia-tera-inicio-em-san-jose-costa-rica\/","title":{"rendered":"A Terceira Marcha Mundial pela Paz e a N\u00e3o-Viol\u00eancia ter\u00e1 in\u00edcio em San Jos\u00e9, Costa Rica"},"content":{"rendered":"<h3><a href=\"http:\/\/www.theworldmarch.org\/\">3\u00aa Marcha Mundial pela Paz e a N\u00e3o-Viol\u00eancia<\/a><img loading=\"lazy\" decoding=\"async\" class=\"wp-image-2547834 alignleft\" src=\"https:\/\/www.pressenza.com\/wp-content\/uploads\/2024\/09\/MM3-PORTUGUES-300x300.png\" alt=\"\" width=\"82\" height=\"82\" \/><\/h3>\n<p>&nbsp;<\/p>\n<p>&nbsp;<\/p>\n<p>No dia 2 de Outubro de 2024, Dia Internacional da N\u00e3o-Viol\u00eancia, a Terceira Marcha Mundial pela Paz e a N\u00e3o-Viol\u00eancia partir\u00e1 de San Jos\u00e9, Costa Rica, aonde regressar\u00e1 no dia 5 de Janeiro de 2025, depois de ter percorrido todo o planeta.<\/p>\n<p>\u00c0 medida que a data se aproxima, multiplicam-se os apoios internacionais a esta importante iniciativa que se segue \u00e0s duas anteriores Marchas Mundiais em 2009 e 2019, mas tamb\u00e9m \u00e0 Marcha Centro-Americana (2017), \u00e0 Marcha no Mediterr\u00e2neo 2019 e \u00e0 Marcha Sul-Americana (2018 -2021).<\/p>\n<p>Na edi\u00e7\u00e3o deste ano, a marcha ir\u00e1 propor:<\/p>\n<ul>\n<li>O desarmamento nuclear, apelando a todos os Estados para que aprovem o Tratado de Proibi\u00e7\u00e3o de Armas Nucleares;<\/li>\n<li>O desarmamento proporcional e a ren\u00fancia dos Estados ao uso da guerra como instrumento de resolu\u00e7\u00e3o de conflitos;<\/li>\n<li>A obje\u00e7\u00e3o de consci\u00eancia \u00e0 guerra como um direito fundamental;<\/li>\n<li>A reforma da ONU num sentido democr\u00e1tico com a aboli\u00e7\u00e3o do direito de veto;<\/li>\n<li>Um planeta totalmente sustent\u00e1vel;<\/li>\n<li>A elimina\u00e7\u00e3o da fome em dez anos;<\/li>\n<li>A n\u00e3o discrimina\u00e7\u00e3o de seres humanos por nenhum motivo;<\/li>\n<li>E a educa\u00e7\u00e3o para a n\u00e3o-viol\u00eancia a todos os n\u00edveis escolares.<\/li>\n<\/ul>\n<p>A equipa de base que percorrer\u00e1 todo o itiner\u00e1rio da marcha ser\u00e1 composta por volunt\u00e1rios que, sempre que poss\u00edvel, ir\u00e3o ao encontro das associa\u00e7\u00f5es, institui\u00e7\u00f5es e pessoas que se juntar\u00e3o \u00e0 marcha; o itiner\u00e1rio completo est\u00e1 a ser definido dado o enorme n\u00famero de eventos e actividades que est\u00e3o previstos nos 5 continentes.<\/p>\n<p>No dia 2 de Outubro, a marcha come\u00e7ar\u00e1 n\u00e3o s\u00f3 em San Jos\u00e9, mas simultaneamente em todos os locais onde tiver sido constitu\u00eddo um Comit\u00e9 Promotor. A atividade comum para esta data \u00e9 a cria\u00e7\u00e3o de um s\u00edmbolo humano da n\u00e3o-viol\u00eancia, mas muitas outras atividades est\u00e3o j\u00e1 previstas para esta ocasi\u00e3o.<\/p>\n<blockquote><p>S\u00edtio oficial da Marcha:<br \/>\n<strong><u>http:\/\/www.theworldmarch.org,<br \/>\n<\/u><u>press@theworldmarch.org<\/u><\/strong><br \/>\n<strong><a href=\"http:\/\/www.theworldmarch.org\"><em>Marcha Mundial pela Paz e a N\u00e3o-Viol\u00eancia<\/em><\/a><\/strong><br \/>\n&#8212;&#8212;&#8212;&#8212;&#8212;&#8212;&#8212;&#8212;&#8212;&#8212;&#8212;&#8212;&#8212;&#8212;&#8212;&#8212;&#8212;&#8212;&#8212;&#8212;&#8212;&#8212;&#8212;&#8212;&#8212;&#8212;&#8211;<\/p>\n<p><strong><em><a href=\"https:\/\/www.pressenza.com\/pt-pt\/tag\/3mm-pt-pt\/\">Todos os artigos em portugu\u00eas sobre a 3\u00aa Marcha Mundial pela Paz e a N\u00e3o-Viol\u00eancia<\/a><\/em><\/strong><\/p><\/blockquote>\n","protected":false},"excerpt":{"rendered":"<p>3\u00aa Marcha Mundial pela Paz e a N\u00e3o-Viol\u00eancia &nbsp; &nbsp; No dia 2 de Outubro de 2024, Dia Internacional da N\u00e3o-Viol\u00eancia, a Terceira Marcha Mundial pela Paz e a N\u00e3o-Viol\u00eancia partir\u00e1 de San Jos\u00e9, Costa Rica, aonde regressar\u00e1 no dia&hellip;<\/p>\n","protected":false},"author":1565,"featured_media":2186818,"comment_status":"closed","ping_status":"closed","sticky":false,"template":"","format":"standard","meta":{"footnotes":""},"categories":[113,11390,116,1256,1257],"tags":[126857,82613,126690,126691,126856],"class_list":["post-2547829","post","type-post","status-publish","format-standard","has-post-thumbnail","hentry","category-noticias-do-exterior","category-conteudo-original","category-direitos-humanos","category-nao-violencia","category-paz-desarmamento","tag-3mm-pt-pt","tag-costa-rica-pt-pt","tag-marcha-mundial-pela-paz-e-a-nao-violencia","tag-san-jose-pt-pt","tag-terceira-marcha-mundial"],"yoast_head":"<!-- This site is optimized with the Yoast SEO plugin v27.1.1 - https:\/\/yoast.com\/product\/yoast-seo-wordpress\/ -->\n<title>A Terceira Marcha Mundial pela Paz e a N\u00e3o-Viol\u00eancia ter\u00e1 in\u00edcio em San Jos\u00e9, Costa Rica<\/title>\n<meta name=\"description\" content=\"3\u00aa Marcha Mundial pela Paz e a N\u00e3o-Viol\u00eancia &nbsp; &nbsp; No dia 2 de Outubro de 2024, Dia Internacional da N\u00e3o-Viol\u00eancia, a Terceira Marcha Mundial pela\" \/>\n<meta name=\"robots\" content=\"index, follow, max-snippet:-1, max-image-preview:large, max-video-preview:-1\" \/>\n<link rel=\"canonical\" href=\"https:\/\/www.pressenza.com\/pt-pt\/2024\/09\/a-terceira-marcha-mundial-pela-paz-e-a-nao-violencia-tera-inicio-em-san-jose-costa-rica\/\" \/>\n<meta property=\"og:locale\" content=\"pt_PT\" \/>\n<meta property=\"og:type\" content=\"article\" \/>\n<meta property=\"og:title\" content=\"A Terceira Marcha Mundial pela Paz e a N\u00e3o-Viol\u00eancia ter\u00e1 in\u00edcio em San Jos\u00e9, Costa Rica\" \/>\n<meta property=\"og:description\" content=\"3\u00aa Marcha Mundial pela Paz e a N\u00e3o-Viol\u00eancia &nbsp; &nbsp; No dia 2 de Outubro de 2024, Dia Internacional da N\u00e3o-Viol\u00eancia, a Terceira Marcha Mundial pela\" \/>\n<meta property=\"og:url\" content=\"https:\/\/www.pressenza.com\/pt-pt\/2024\/09\/a-terceira-marcha-mundial-pela-paz-e-a-nao-violencia-tera-inicio-em-san-jose-costa-rica\/\" \/>\n<meta property=\"og:site_name\" content=\"Pressenza\" \/>\n<meta property=\"article:publisher\" content=\"https:\/\/www.facebook.com\/PressenzaItalia\" \/>\n<meta property=\"article:published_time\" content=\"2024-09-14T21:37:28+00:00\" \/>\n<meta property=\"article:modified_time\" content=\"2024-09-18T07:30:22+00:00\" \/>\n<meta property=\"og:image\" content=\"https:\/\/www.pressenza.com\/wp-content\/uploads\/2024\/01\/marcha-mundial.jpg\" \/>\n\t<meta property=\"og:image:width\" content=\"1280\" \/>\n\t<meta property=\"og:image:height\" content=\"773\" \/>\n\t<meta property=\"og:image:type\" content=\"image\/jpeg\" \/>\n<meta name=\"author\" content=\"Marcia Mondiale per la Pace e la Nonviolenza\" \/>\n<meta name=\"twitter:card\" content=\"summary_large_image\" \/>\n<meta name=\"twitter:creator\" content=\"@PressenzaIPA\" \/>\n<meta name=\"twitter:site\" content=\"@PressenzaIPA\" \/>\n<meta name=\"twitter:label1\" content=\"Escrito por\" \/>\n\t<meta name=\"twitter:data1\" content=\"Marcia Mondiale per la Pace e la Nonviolenza\" \/>\n\t<meta name=\"twitter:label2\" content=\"Tempo estimado de leitura\" \/>\n\t<meta name=\"twitter:data2\" content=\"2 minutos\" \/>\n<script type=\"application\/ld+json\" class=\"yoast-schema-graph\">{\"@context\":\"https:\/\/schema.org\",\"@graph\":[{\"@type\":\"Article\",\"@id\":\"https:\/\/www.pressenza.com\/pt-pt\/2024\/09\/a-terceira-marcha-mundial-pela-paz-e-a-nao-violencia-tera-inicio-em-san-jose-costa-rica\/#article\",\"isPartOf\":{\"@id\":\"https:\/\/www.pressenza.com\/pt-pt\/2024\/09\/a-terceira-marcha-mundial-pela-paz-e-a-nao-violencia-tera-inicio-em-san-jose-costa-rica\/\"},\"author\":{\"name\":\"Marcia Mondiale per la Pace e la Nonviolenza\",\"@id\":\"https:\/\/www.pressenza.com\/pt-pt\/#\/schema\/person\/7695876a0aa9e0602a5de3babecd54ff\"},\"headline\":\"A Terceira Marcha Mundial pela Paz e a N\u00e3o-Viol\u00eancia ter\u00e1 in\u00edcio em San Jos\u00e9, Costa Rica\",\"datePublished\":\"2024-09-14T21:37:28+00:00\",\"dateModified\":\"2024-09-18T07:30:22+00:00\",\"mainEntityOfPage\":{\"@id\":\"https:\/\/www.pressenza.com\/pt-pt\/2024\/09\/a-terceira-marcha-mundial-pela-paz-e-a-nao-violencia-tera-inicio-em-san-jose-costa-rica\/\"},\"wordCount\":381,\"publisher\":{\"@id\":\"https:\/\/www.pressenza.com\/pt-pt\/#organization\"},\"image\":{\"@id\":\"https:\/\/www.pressenza.com\/pt-pt\/2024\/09\/a-terceira-marcha-mundial-pela-paz-e-a-nao-violencia-tera-inicio-em-san-jose-costa-rica\/#primaryimage\"},\"thumbnailUrl\":\"https:\/\/www.pressenza.com\/wp-content\/uploads\/2024\/01\/marcha-mundial.jpg\",\"keywords\":[\"3MM\",\"Costa Rica\",\"Marcha Mundial pela Paz e a N\u00e3o-Viol\u00eancia\",\"San Jos\u00e9\",\"Terceira Marcha Mundial\"],\"articleSection\":[\"Assuntos internacionais\",\"Conte\u00fado Original\",\"Direitos Humanos\",\"N\u00e3o viol\u00eancia\",\"Paz e Desarmamento\"],\"inLanguage\":\"pt-PT\"},{\"@type\":\"WebPage\",\"@id\":\"https:\/\/www.pressenza.com\/pt-pt\/2024\/09\/a-terceira-marcha-mundial-pela-paz-e-a-nao-violencia-tera-inicio-em-san-jose-costa-rica\/\",\"url\":\"https:\/\/www.pressenza.com\/pt-pt\/2024\/09\/a-terceira-marcha-mundial-pela-paz-e-a-nao-violencia-tera-inicio-em-san-jose-costa-rica\/\",\"name\":\"A Terceira Marcha Mundial pela Paz e a N\u00e3o-Viol\u00eancia ter\u00e1 in\u00edcio em San Jos\u00e9, Costa Rica\",\"isPartOf\":{\"@id\":\"https:\/\/www.pressenza.com\/pt-pt\/#website\"},\"primaryImageOfPage\":{\"@id\":\"https:\/\/www.pressenza.com\/pt-pt\/2024\/09\/a-terceira-marcha-mundial-pela-paz-e-a-nao-violencia-tera-inicio-em-san-jose-costa-rica\/#primaryimage\"},\"image\":{\"@id\":\"https:\/\/www.pressenza.com\/pt-pt\/2024\/09\/a-terceira-marcha-mundial-pela-paz-e-a-nao-violencia-tera-inicio-em-san-jose-costa-rica\/#primaryimage\"},\"thumbnailUrl\":\"https:\/\/www.pressenza.com\/wp-content\/uploads\/2024\/01\/marcha-mundial.jpg\",\"datePublished\":\"2024-09-14T21:37:28+00:00\",\"dateModified\":\"2024-09-18T07:30:22+00:00\",\"description\":\"3\u00aa Marcha Mundial pela Paz e a N\u00e3o-Viol\u00eancia &nbsp; &nbsp; No dia 2 de Outubro de 2024, Dia Internacional da N\u00e3o-Viol\u00eancia, a Terceira Marcha Mundial pela\",\"breadcrumb\":{\"@id\":\"https:\/\/www.pressenza.com\/pt-pt\/2024\/09\/a-terceira-marcha-mundial-pela-paz-e-a-nao-violencia-tera-inicio-em-san-jose-costa-rica\/#breadcrumb\"},\"inLanguage\":\"pt-PT\",\"potentialAction\":[{\"@type\":\"ReadAction\",\"target\":[\"https:\/\/www.pressenza.com\/pt-pt\/2024\/09\/a-terceira-marcha-mundial-pela-paz-e-a-nao-violencia-tera-inicio-em-san-jose-costa-rica\/\"]}]},{\"@type\":\"ImageObject\",\"inLanguage\":\"pt-PT\",\"@id\":\"https:\/\/www.pressenza.com\/pt-pt\/2024\/09\/a-terceira-marcha-mundial-pela-paz-e-a-nao-violencia-tera-inicio-em-san-jose-costa-rica\/#primaryimage\",\"url\":\"https:\/\/www.pressenza.com\/wp-content\/uploads\/2024\/01\/marcha-mundial.jpg\",\"contentUrl\":\"https:\/\/www.pressenza.com\/wp-content\/uploads\/2024\/01\/marcha-mundial.jpg\",\"width\":1280,\"height\":773,\"caption\":\"(Foto do Arquivo da Pressenza)\"},{\"@type\":\"BreadcrumbList\",\"@id\":\"https:\/\/www.pressenza.com\/pt-pt\/2024\/09\/a-terceira-marcha-mundial-pela-paz-e-a-nao-violencia-tera-inicio-em-san-jose-costa-rica\/#breadcrumb\",\"itemListElement\":[{\"@type\":\"ListItem\",\"position\":1,\"name\":\"Accueil\",\"item\":\"https:\/\/www.pressenza.com\/pt-pt\/\"},{\"@type\":\"ListItem\",\"position\":2,\"name\":\"A Terceira Marcha Mundial pela Paz e a N\u00e3o-Viol\u00eancia ter\u00e1 in\u00edcio em San Jos\u00e9, Costa Rica\"}]},{\"@type\":\"WebSite\",\"@id\":\"https:\/\/www.pressenza.com\/pt-pt\/#website\",\"url\":\"https:\/\/www.pressenza.com\/pt-pt\/\",\"name\":\"Pressenza\",\"description\":\"International Press Agency\",\"publisher\":{\"@id\":\"https:\/\/www.pressenza.com\/pt-pt\/#organization\"},\"potentialAction\":[{\"@type\":\"SearchAction\",\"target\":{\"@type\":\"EntryPoint\",\"urlTemplate\":\"https:\/\/www.pressenza.com\/pt-pt\/?s={search_term_string}\"},\"query-input\":{\"@type\":\"PropertyValueSpecification\",\"valueRequired\":true,\"valueName\":\"search_term_string\"}}],\"inLanguage\":\"pt-PT\"},{\"@type\":\"Organization\",\"@id\":\"https:\/\/www.pressenza.com\/pt-pt\/#organization\",\"name\":\"Pressenza\",\"url\":\"https:\/\/www.pressenza.com\/pt-pt\/\",\"logo\":{\"@type\":\"ImageObject\",\"inLanguage\":\"pt-PT\",\"@id\":\"https:\/\/www.pressenza.com\/pt-pt\/#\/schema\/logo\/image\/\",\"url\":\"https:\/\/www.pressenza.com\/wp-content\/uploads\/2022\/10\/pressenza_logo_200x200.jpg\",\"contentUrl\":\"https:\/\/www.pressenza.com\/wp-content\/uploads\/2022\/10\/pressenza_logo_200x200.jpg\",\"width\":200,\"height\":200,\"caption\":\"Pressenza\"},\"image\":{\"@id\":\"https:\/\/www.pressenza.com\/pt-pt\/#\/schema\/logo\/image\/\"},\"sameAs\":[\"https:\/\/www.facebook.com\/PressenzaItalia\",\"https:\/\/x.com\/PressenzaIPA\"]},{\"@type\":\"Person\",\"@id\":\"https:\/\/www.pressenza.com\/pt-pt\/#\/schema\/person\/7695876a0aa9e0602a5de3babecd54ff\",\"name\":\"Marcia Mondiale per la Pace e la Nonviolenza\",\"sameAs\":[\"https:\/\/theworldmarch.org\"],\"url\":\"https:\/\/www.pressenza.com\/pt-pt\/author\/marcia-mondiale-per-la-pace-e-la-nonviolenza\/\"}]}<\/script>\n<!-- \/ Yoast SEO plugin. -->","yoast_head_json":{"title":"A Terceira Marcha Mundial pela Paz e a N\u00e3o-Viol\u00eancia ter\u00e1 in\u00edcio em San Jos\u00e9, Costa Rica","description":"3\u00aa Marcha Mundial pela Paz e a N\u00e3o-Viol\u00eancia &nbsp; &nbsp; No dia 2 de Outubro de 2024, Dia Internacional da N\u00e3o-Viol\u00eancia, a Terceira Marcha Mundial pela","robots":{"index":"index","follow":"follow","max-snippet":"max-snippet:-1","max-image-preview":"max-image-preview:large","max-video-preview":"max-video-preview:-1"},"canonical":"https:\/\/www.pressenza.com\/pt-pt\/2024\/09\/a-terceira-marcha-mundial-pela-paz-e-a-nao-violencia-tera-inicio-em-san-jose-costa-rica\/","og_locale":"pt_PT","og_type":"article","og_title":"A Terceira Marcha Mundial pela Paz e a N\u00e3o-Viol\u00eancia ter\u00e1 in\u00edcio em San Jos\u00e9, Costa Rica","og_description":"3\u00aa Marcha Mundial pela Paz e a N\u00e3o-Viol\u00eancia &nbsp; &nbsp; No dia 2 de Outubro de 2024, Dia Internacional da N\u00e3o-Viol\u00eancia, a Terceira Marcha Mundial pela","og_url":"https:\/\/www.pressenza.com\/pt-pt\/2024\/09\/a-terceira-marcha-mundial-pela-paz-e-a-nao-violencia-tera-inicio-em-san-jose-costa-rica\/","og_site_name":"Pressenza","article_publisher":"https:\/\/www.facebook.com\/PressenzaItalia","article_published_time":"2024-09-14T21:37:28+00:00","article_modified_time":"2024-09-18T07:30:22+00:00","og_image":[{"width":1280,"height":773,"url":"https:\/\/www.pressenza.com\/wp-content\/uploads\/2024\/01\/marcha-mundial.jpg","type":"image\/jpeg"}],"author":"Marcia Mondiale per la Pace e la Nonviolenza","twitter_card":"summary_large_image","twitter_creator":"@PressenzaIPA","twitter_site":"@PressenzaIPA","twitter_misc":{"Escrito por":"Marcia Mondiale per la Pace e la Nonviolenza","Tempo estimado de leitura":"2 minutos"},"schema":{"@context":"https:\/\/schema.org","@graph":[{"@type":"Article","@id":"https:\/\/www.pressenza.com\/pt-pt\/2024\/09\/a-terceira-marcha-mundial-pela-paz-e-a-nao-violencia-tera-inicio-em-san-jose-costa-rica\/#article","isPartOf":{"@id":"https:\/\/www.pressenza.com\/pt-pt\/2024\/09\/a-terceira-marcha-mundial-pela-paz-e-a-nao-violencia-tera-inicio-em-san-jose-costa-rica\/"},"author":{"name":"Marcia Mondiale per la Pace e la Nonviolenza","@id":"https:\/\/www.pressenza.com\/pt-pt\/#\/schema\/person\/7695876a0aa9e0602a5de3babecd54ff"},"headline":"A Terceira Marcha Mundial pela Paz e a N\u00e3o-Viol\u00eancia ter\u00e1 in\u00edcio em San Jos\u00e9, Costa Rica","datePublished":"2024-09-14T21:37:28+00:00","dateModified":"2024-09-18T07:30:22+00:00","mainEntityOfPage":{"@id":"https:\/\/www.pressenza.com\/pt-pt\/2024\/09\/a-terceira-marcha-mundial-pela-paz-e-a-nao-violencia-tera-inicio-em-san-jose-costa-rica\/"},"wordCount":381,"publisher":{"@id":"https:\/\/www.pressenza.com\/pt-pt\/#organization"},"image":{"@id":"https:\/\/www.pressenza.com\/pt-pt\/2024\/09\/a-terceira-marcha-mundial-pela-paz-e-a-nao-violencia-tera-inicio-em-san-jose-costa-rica\/#primaryimage"},"thumbnailUrl":"https:\/\/www.pressenza.com\/wp-content\/uploads\/2024\/01\/marcha-mundial.jpg","keywords":["3MM","Costa Rica","Marcha Mundial pela Paz e a N\u00e3o-Viol\u00eancia","San Jos\u00e9","Terceira Marcha Mundial"],"articleSection":["Assuntos internacionais","Conte\u00fado Original","Direitos Humanos","N\u00e3o viol\u00eancia","Paz e Desarmamento"],"inLanguage":"pt-PT"},{"@type":"WebPage","@id":"https:\/\/www.pressenza.com\/pt-pt\/2024\/09\/a-terceira-marcha-mundial-pela-paz-e-a-nao-violencia-tera-inicio-em-san-jose-costa-rica\/","url":"https:\/\/www.pressenza.com\/pt-pt\/2024\/09\/a-terceira-marcha-mundial-pela-paz-e-a-nao-violencia-tera-inicio-em-san-jose-costa-rica\/","name":"A Terceira Marcha Mundial pela Paz e a N\u00e3o-Viol\u00eancia ter\u00e1 in\u00edcio em San Jos\u00e9, Costa Rica","isPartOf":{"@id":"https:\/\/www.pressenza.com\/pt-pt\/#website"},"primaryImageOfPage":{"@id":"https:\/\/www.pressenza.com\/pt-pt\/2024\/09\/a-terceira-marcha-mundial-pela-paz-e-a-nao-violencia-tera-inicio-em-san-jose-costa-rica\/#primaryimage"},"image":{"@id":"https:\/\/www.pressenza.com\/pt-pt\/2024\/09\/a-terceira-marcha-mundial-pela-paz-e-a-nao-violencia-tera-inicio-em-san-jose-costa-rica\/#primaryimage"},"thumbnailUrl":"https:\/\/www.pressenza.com\/wp-content\/uploads\/2024\/01\/marcha-mundial.jpg","datePublished":"2024-09-14T21:37:28+00:00","dateModified":"2024-09-18T07:30:22+00:00","description":"3\u00aa Marcha Mundial pela Paz e a N\u00e3o-Viol\u00eancia &nbsp; &nbsp; No dia 2 de Outubro de 2024, Dia Internacional da N\u00e3o-Viol\u00eancia, a Terceira Marcha Mundial pela","breadcrumb":{"@id":"https:\/\/www.pressenza.com\/pt-pt\/2024\/09\/a-terceira-marcha-mundial-pela-paz-e-a-nao-violencia-tera-inicio-em-san-jose-costa-rica\/#breadcrumb"},"inLanguage":"pt-PT","potentialAction":[{"@type":"ReadAction","target":["https:\/\/www.pressenza.com\/pt-pt\/2024\/09\/a-terceira-marcha-mundial-pela-paz-e-a-nao-violencia-tera-inicio-em-san-jose-costa-rica\/"]}]},{"@type":"ImageObject","inLanguage":"pt-PT","@id":"https:\/\/www.pressenza.com\/pt-pt\/2024\/09\/a-terceira-marcha-mundial-pela-paz-e-a-nao-violencia-tera-inicio-em-san-jose-costa-rica\/#primaryimage","url":"https:\/\/www.pressenza.com\/wp-content\/uploads\/2024\/01\/marcha-mundial.jpg","contentUrl":"https:\/\/www.pressenza.com\/wp-content\/uploads\/2024\/01\/marcha-mundial.jpg","width":1280,"height":773,"caption":"(Foto do Arquivo da Pressenza)"},{"@type":"BreadcrumbList","@id":"https:\/\/www.pressenza.com\/pt-pt\/2024\/09\/a-terceira-marcha-mundial-pela-paz-e-a-nao-violencia-tera-inicio-em-san-jose-costa-rica\/#breadcrumb","itemListElement":[{"@type":"ListItem","position":1,"name":"Accueil","item":"https:\/\/www.pressenza.com\/pt-pt\/"},{"@type":"ListItem","position":2,"name":"A Terceira Marcha Mundial pela Paz e a N\u00e3o-Viol\u00eancia ter\u00e1 in\u00edcio em San Jos\u00e9, Costa Rica"}]},{"@type":"WebSite","@id":"https:\/\/www.pressenza.com\/pt-pt\/#website","url":"https:\/\/www.pressenza.com\/pt-pt\/","name":"Pressenza","description":"International Press Agency","publisher":{"@id":"https:\/\/www.pressenza.com\/pt-pt\/#organization"},"potentialAction":[{"@type":"SearchAction","target":{"@type":"EntryPoint","urlTemplate":"https:\/\/www.pressenza.com\/pt-pt\/?s={search_term_string}"},"query-input":{"@type":"PropertyValueSpecification","valueRequired":true,"valueName":"search_term_string"}}],"inLanguage":"pt-PT"},{"@type":"Organization","@id":"https:\/\/www.pressenza.com\/pt-pt\/#organization","name":"Pressenza","url":"https:\/\/www.pressenza.com\/pt-pt\/","logo":{"@type":"ImageObject","inLanguage":"pt-PT","@id":"https:\/\/www.pressenza.com\/pt-pt\/#\/schema\/logo\/image\/","url":"https:\/\/www.pressenza.com\/wp-content\/uploads\/2022\/10\/pressenza_logo_200x200.jpg","contentUrl":"https:\/\/www.pressenza.com\/wp-content\/uploads\/2022\/10\/pressenza_logo_200x200.jpg","width":200,"height":200,"caption":"Pressenza"},"image":{"@id":"https:\/\/www.pressenza.com\/pt-pt\/#\/schema\/logo\/image\/"},"sameAs":["https:\/\/www.facebook.com\/PressenzaItalia","https:\/\/x.com\/PressenzaIPA"]},{"@type":"Person","@id":"https:\/\/www.pressenza.com\/pt-pt\/#\/schema\/person\/7695876a0aa9e0602a5de3babecd54ff","name":"Marcia Mondiale per la Pace e la Nonviolenza","sameAs":["https:\/\/theworldmarch.org"],"url":"https:\/\/www.pressenza.com\/pt-pt\/author\/marcia-mondiale-per-la-pace-e-la-nonviolenza\/"}]}},"place":"","original_article_url":"","_links":{"self":[{"href":"https:\/\/www.pressenza.com\/pt-pt\/wp-json\/wp\/v2\/posts\/2547829","targetHints":{"allow":["GET"]}}],"collection":[{"href":"https:\/\/www.pressenza.com\/pt-pt\/wp-json\/wp\/v2\/posts"}],"about":[{"href":"https:\/\/www.pressenza.com\/pt-pt\/wp-json\/wp\/v2\/types\/post"}],"author":[{"embeddable":true,"href":"https:\/\/www.pressenza.com\/pt-pt\/wp-json\/wp\/v2\/users\/1565"}],"replies":[{"embeddable":true,"href":"https:\/\/www.pressenza.com\/pt-pt\/wp-json\/wp\/v2\/comments?post=2547829"}],"version-history":[{"count":0,"href":"https:\/\/www.pressenza.com\/pt-pt\/wp-json\/wp\/v2\/posts\/2547829\/revisions"}],"wp:featuredmedia":[{"embeddable":true,"href":"https:\/\/www.pressenza.com\/pt-pt\/wp-json\/wp\/v2\/media\/2186818"}],"wp:attachment":[{"href":"https:\/\/www.pressenza.com\/pt-pt\/wp-json\/wp\/v2\/media?parent=2547829"}],"wp:term":[{"taxonomy":"category","embeddable":true,"href":"https:\/\/www.pressenza.com\/pt-pt\/wp-json\/wp\/v2\/categories?post=2547829"},{"taxonomy":"post_tag","embeddable":true,"href":"https:\/\/www.pressenza.com\/pt-pt\/wp-json\/wp\/v2\/tags?post=2547829"}],"curies":[{"name":"wp","href":"https:\/\/api.w.org\/{rel}","templated":true}]}}