{"id":2545039,"date":"2024-08-30T01:54:17","date_gmt":"2024-08-30T00:54:17","guid":{"rendered":"https:\/\/www.pressenza.com\/?p=2545039"},"modified":"2024-08-30T01:54:17","modified_gmt":"2024-08-30T00:54:17","slug":"vamos-proteger-a-vida-em-nosso-planeta-chega-de-testes-nucleares","status":"publish","type":"post","link":"https:\/\/www.pressenza.com\/pt-pt\/2024\/08\/vamos-proteger-a-vida-em-nosso-planeta-chega-de-testes-nucleares\/","title":{"rendered":"Vamos proteger a vida em nosso planeta. Chega de testes nucleares!!!"},"content":{"rendered":"<p>O Dia Internacional Contra os Testes Nucleares, celebrado anualmente no dia 29 de agosto, \u00e9 uma data que tem importante peso simb\u00f3lico na luta pela paz mundial e pela preserva\u00e7\u00e3o da humanidade. Institu\u00eddo pela Assembleia Geral das Na\u00e7\u00f5es Unidas em 2009, o dia foi escolhido em mem\u00f3ria do encerramento do local de testes nucleares em Semipalatinsk, no Cazaquist\u00e3o, em 1991. Este evento \u00e9 um marco importante na hist\u00f3ria da desmilitariza\u00e7\u00e3o e simboliza uma esperan\u00e7a de paz livre de amea\u00e7as nucleares. No entanto, a realidade da prolifera\u00e7\u00e3o nuclear e a continua\u00e7\u00e3o da exist\u00eancia de arsenais at\u00f3micos suscitam preocupa\u00e7\u00f5es constantes e constituem hoje uma amea\u00e7a.<\/p>\n<p>Desde o in\u00edcio da era nuclear, com os testes da bomba at\u00f3mica pelos Estados Unidos em 1945, o mundo tem vivido sob a sombra de uma amea\u00e7a existencial. Os testes nucleares realizados por diferentes pot\u00eancias nucleares tiveram consequ\u00eancias devastadoras. A Uni\u00e3o Sovi\u00e9tica realizou mais de 450 testes nucleares em Semipalatinsk, no Cazaquist\u00e3o, entre 1949 e 1989. Estas explos\u00f5es causaram danos ambientais irrepar\u00e1veis \u200b\u200be afetaram gravemente a sa\u00fade das popula\u00e7\u00f5es locais, que sofreram doen\u00e7as cr\u00f3nicas, malforma\u00e7\u00f5es cong\u00e9nitas e um aumento alarmante das taxas de c\u00e2ncer. . Da mesma forma, os Estados Unidos realizaram testes nucleares nas Ilhas Marshall, no Oceano Pac\u00edfico, entre 1946 e 1958, expondo os habitantes destas ilhas aos efeitos nocivos da radia\u00e7\u00e3o e provocando o deslocamento for\u00e7ado de comunidades inteiras. Al\u00e9m disso, a Fran\u00e7a realizou 193 testes nucleares no Atol de Mururoa, na Polin\u00e9sia Francesa, entre 1966 e 1996, causando contamina\u00e7\u00e3o radioativa e danos ao ambiente marinho. O progresso na luta contra os testes nucleares \u00e9 ineg\u00e1vel. O Tratado de Proibi\u00e7\u00e3o Total de Testes Nucleares (CTBT), adoptado em 1996, foi um passo crucial na tentativa de conter a prolifera\u00e7\u00e3o nuclear. O tratado pro\u00edbe todas as explos\u00f5es nucleares, seja para fins militares ou civis. No entanto, apesar de ter sido assinado por 185 pa\u00edses e ratificado por 170, o CTBT ainda n\u00e3o entrou em vigor devido \u00e0 falta de ratifica\u00e7\u00e3o por parte de alguns pa\u00edses-chave, como os Estados Unidos, a China, a \u00cdndia, o Paquist\u00e3o, Israel e a Coreia do Norte. Este impasse \u00e9 um claro rev\u00e9s, pois demonstra a relut\u00e2ncia de certas na\u00e7\u00f5es em renunciar ao seu poder destrutivo em nome da paz global.<\/p>\n<p>Os principais pa\u00edses que realizaram testes nucleares ap\u00f3s 1996 s\u00e3o:<\/p>\n<p>1. \u00cdndia: Em maio de 1998, a \u00cdndia realizou uma s\u00e9rie de testes nucleares conhecidos como \u201cShakti\u201d no deserto de Pokhran. Estes testes foram condenados internacionalmente, especialmente porque o pa\u00eds n\u00e3o assinou o CTBT.<\/p>\n<p>2. Paquist\u00e3o: Poucas semanas depois dos testes da \u00cdndia, o Paquist\u00e3o respondeu com os seus pr\u00f3prios testes nucleares em Maio de 1998 na prov\u00edncia do Baluchist\u00e3o. Tal como a \u00cdndia, o Paquist\u00e3o tamb\u00e9m n\u00e3o assinou o CTBT.<\/p>\n<p>3. Coreia do Norte: realizou uma s\u00e9rie de testes nucleares, o primeiro dos quais ocorreu em Outubro de 2006, seguido de outros testes em 2009, 2013, 2016 e 2017. Estes testes foram fortemente condenados pela comunidade internacional e conduziram a. san\u00e7\u00f5es severas contra esse pa\u00eds.<\/p>\n<p>N\u00f3s, humanistas, denunciamos que continuam a ser realizados testes nucleares. Estes testes representam n\u00e3o s\u00f3 uma afronta aos direitos humanos, mas tamb\u00e9m uma viola\u00e7\u00e3o \u00e9tica do respeito pela vida e pela integridade do planeta.<\/p>\n<p>Al\u00e9m dos desafios diplom\u00e1ticos, a ind\u00fastria armamentista e os interesses econ\u00f3micos associados ao desenvolvimento de tecnologias nucleares representam barreiras significativas \u00e0 aboli\u00e7\u00e3o total dos testes. A ind\u00fastria nuclear, tanto militar como civil, \u00e9 vista como um s\u00edmbolo de poder e prest\u00edgio por muitas na\u00e7\u00f5es. Para superar estes obst\u00e1culos, \u00e9 necess\u00e1rio um movimento global mais forte, envolvendo n\u00e3o s\u00f3 os governos, mas tamb\u00e9m a sociedade civil, pressionando pelo desarmamento completo e pela utiliza\u00e7\u00e3o desses recursos para o desenvolvimento humano sustent\u00e1vel.<\/p>\n<p>Os retrocessos, portanto, s\u00e3o vis\u00edveis n\u00e3o s\u00f3 na recusa de alguns pa\u00edses em ratificar tratados, mas tamb\u00e9m na persist\u00eancia da mentalidade de guerra e da corrida armamentista. A \u00fanica forma de garantir a paz e a seguran\u00e7a mundiais \u00e9 atrav\u00e9s da desmilitariza\u00e7\u00e3o total e da rejei\u00e7\u00e3o total das armas nucleares. O mundo deve ir al\u00e9m da l\u00f3gica do poder destrutivo e abra\u00e7ar uma nova \u00e9tica, baseada na solidariedade, no respeito pela vida e na coopera\u00e7\u00e3o global.<\/p>\n<p>Os Humanistas esperam que este \u201cDia Internacional contra os Testes Nucleares\u201d sirva como um lembrete permanente da necessidade urgente de continuar a luta pela aboli\u00e7\u00e3o das armas nucleares e pela promo\u00e7\u00e3o de uma cultura de paz. Este dia n\u00e3o \u00e9 apenas uma data para reflex\u00e3o, mas um apelo \u00e0 a\u00e7\u00e3o. A busca de um mundo sem armas nucleares n\u00e3o deve ser vista como uma utopia inating\u00edvel, mas como um objetivo moralmente imperativo, que exige o compromisso de todos os setores da sociedade. S\u00f3 atrav\u00e9s de um esfor\u00e7o conjunto ser\u00e1 poss\u00edvel superar os desafios que ainda temos pela frente e construir um futuro onde a paz prevale\u00e7a sobre a guerra e a vida seja valorizada acima de qualquer forma de destrui\u00e7\u00e3o.<\/p>\n","protected":false},"excerpt":{"rendered":"<p>O Dia Internacional Contra os Testes Nucleares, celebrado anualmente no dia 29 de agosto, \u00e9 uma data que tem importante peso simb\u00f3lico na luta pela paz mundial e pela preserva\u00e7\u00e3o da humanidade. Institu\u00eddo pela Assembleia Geral das Na\u00e7\u00f5es Unidas em&hellip;<\/p>\n","protected":false},"author":624,"featured_media":2545249,"comment_status":"closed","ping_status":"closed","sticky":false,"template":"","format":"standard","meta":{"footnotes":""},"categories":[11390,42,153,1257],"tags":[126129],"class_list":["post-2545039","post","type-post","status-publish","format-standard","has-post-thumbnail","hentry","category-conteudo-original","category-internacional-2","category-nota-de-imprensa","category-paz-desarmamento","tag-dia-internacional-contra-os-testes-nucleares"],"yoast_head":"<!-- This site is optimized with the Yoast SEO plugin v27.1.1 - https:\/\/yoast.com\/product\/yoast-seo-wordpress\/ -->\n<title>Vamos proteger a vida em nosso planeta. Chega de testes nucleares!!!<\/title>\n<meta name=\"description\" content=\"O Dia Internacional Contra os Testes Nucleares, celebrado anualmente no dia 29 de agosto, \u00e9 uma data que tem importante peso simb\u00f3lico na luta pela paz\" \/>\n<meta name=\"robots\" content=\"index, follow, max-snippet:-1, max-image-preview:large, max-video-preview:-1\" \/>\n<link rel=\"canonical\" href=\"https:\/\/www.pressenza.com\/pt-pt\/2024\/08\/vamos-proteger-a-vida-em-nosso-planeta-chega-de-testes-nucleares\/\" \/>\n<meta property=\"og:locale\" content=\"pt_PT\" \/>\n<meta property=\"og:type\" content=\"article\" \/>\n<meta property=\"og:title\" content=\"Vamos proteger a vida em nosso planeta. Chega de testes nucleares!!!\" \/>\n<meta property=\"og:description\" content=\"O Dia Internacional Contra os Testes Nucleares, celebrado anualmente no dia 29 de agosto, \u00e9 uma data que tem importante peso simb\u00f3lico na luta pela paz\" \/>\n<meta property=\"og:url\" content=\"https:\/\/www.pressenza.com\/pt-pt\/2024\/08\/vamos-proteger-a-vida-em-nosso-planeta-chega-de-testes-nucleares\/\" \/>\n<meta property=\"og:site_name\" content=\"Pressenza\" \/>\n<meta property=\"article:publisher\" content=\"https:\/\/www.facebook.com\/PressenzaItalia\" \/>\n<meta property=\"article:published_time\" content=\"2024-08-30T00:54:17+00:00\" \/>\n<meta property=\"og:image\" content=\"https:\/\/www.pressenza.com\/wp-content\/uploads\/2024\/08\/Operation_Upshot-Knothole_-_Badger_001-1.jpg\" \/>\n\t<meta property=\"og:image:width\" content=\"820\" \/>\n\t<meta property=\"og:image:height\" content=\"460\" \/>\n\t<meta property=\"og:image:type\" content=\"image\/jpeg\" \/>\n<meta name=\"author\" content=\"Partido Humanista Internacional\" \/>\n<meta name=\"twitter:card\" content=\"summary_large_image\" \/>\n<meta name=\"twitter:creator\" content=\"@PressenzaIPA\" \/>\n<meta name=\"twitter:site\" content=\"@PressenzaIPA\" \/>\n<meta name=\"twitter:label1\" content=\"Escrito por\" \/>\n\t<meta name=\"twitter:data1\" content=\"Partido Humanista Internacional\" \/>\n\t<meta name=\"twitter:label2\" content=\"Tempo estimado de leitura\" \/>\n\t<meta name=\"twitter:data2\" content=\"4 minutos\" \/>\n<script type=\"application\/ld+json\" class=\"yoast-schema-graph\">{\"@context\":\"https:\/\/schema.org\",\"@graph\":[{\"@type\":\"Article\",\"@id\":\"https:\/\/www.pressenza.com\/pt-pt\/2024\/08\/vamos-proteger-a-vida-em-nosso-planeta-chega-de-testes-nucleares\/#article\",\"isPartOf\":{\"@id\":\"https:\/\/www.pressenza.com\/pt-pt\/2024\/08\/vamos-proteger-a-vida-em-nosso-planeta-chega-de-testes-nucleares\/\"},\"author\":{\"name\":\"Partido Humanista Internacional\",\"@id\":\"https:\/\/www.pressenza.com\/pt-pt\/#\/schema\/person\/f805ee4d4c0aa27aa176ccec26128d33\"},\"headline\":\"Vamos proteger a vida em nosso planeta. Chega de testes nucleares!!!\",\"datePublished\":\"2024-08-30T00:54:17+00:00\",\"mainEntityOfPage\":{\"@id\":\"https:\/\/www.pressenza.com\/pt-pt\/2024\/08\/vamos-proteger-a-vida-em-nosso-planeta-chega-de-testes-nucleares\/\"},\"wordCount\":892,\"publisher\":{\"@id\":\"https:\/\/www.pressenza.com\/pt-pt\/#organization\"},\"image\":{\"@id\":\"https:\/\/www.pressenza.com\/pt-pt\/2024\/08\/vamos-proteger-a-vida-em-nosso-planeta-chega-de-testes-nucleares\/#primaryimage\"},\"thumbnailUrl\":\"https:\/\/www.pressenza.com\/wp-content\/uploads\/2024\/08\/Operation_Upshot-Knothole_-_Badger_001-1.jpg\",\"keywords\":[\"Dia Internacional contra os Testes Nucleares\"],\"articleSection\":[\"Conte\u00fado Original\",\"Internacional\",\"Nota de imprensa\",\"Paz e Desarmamento\"],\"inLanguage\":\"pt-PT\"},{\"@type\":\"WebPage\",\"@id\":\"https:\/\/www.pressenza.com\/pt-pt\/2024\/08\/vamos-proteger-a-vida-em-nosso-planeta-chega-de-testes-nucleares\/\",\"url\":\"https:\/\/www.pressenza.com\/pt-pt\/2024\/08\/vamos-proteger-a-vida-em-nosso-planeta-chega-de-testes-nucleares\/\",\"name\":\"Vamos proteger a vida em nosso planeta. Chega de testes nucleares!!!\",\"isPartOf\":{\"@id\":\"https:\/\/www.pressenza.com\/pt-pt\/#website\"},\"primaryImageOfPage\":{\"@id\":\"https:\/\/www.pressenza.com\/pt-pt\/2024\/08\/vamos-proteger-a-vida-em-nosso-planeta-chega-de-testes-nucleares\/#primaryimage\"},\"image\":{\"@id\":\"https:\/\/www.pressenza.com\/pt-pt\/2024\/08\/vamos-proteger-a-vida-em-nosso-planeta-chega-de-testes-nucleares\/#primaryimage\"},\"thumbnailUrl\":\"https:\/\/www.pressenza.com\/wp-content\/uploads\/2024\/08\/Operation_Upshot-Knothole_-_Badger_001-1.jpg\",\"datePublished\":\"2024-08-30T00:54:17+00:00\",\"description\":\"O Dia Internacional Contra os Testes Nucleares, celebrado anualmente no dia 29 de agosto, \u00e9 uma data que tem importante peso simb\u00f3lico na luta pela paz\",\"breadcrumb\":{\"@id\":\"https:\/\/www.pressenza.com\/pt-pt\/2024\/08\/vamos-proteger-a-vida-em-nosso-planeta-chega-de-testes-nucleares\/#breadcrumb\"},\"inLanguage\":\"pt-PT\",\"potentialAction\":[{\"@type\":\"ReadAction\",\"target\":[\"https:\/\/www.pressenza.com\/pt-pt\/2024\/08\/vamos-proteger-a-vida-em-nosso-planeta-chega-de-testes-nucleares\/\"]}]},{\"@type\":\"ImageObject\",\"inLanguage\":\"pt-PT\",\"@id\":\"https:\/\/www.pressenza.com\/pt-pt\/2024\/08\/vamos-proteger-a-vida-em-nosso-planeta-chega-de-testes-nucleares\/#primaryimage\",\"url\":\"https:\/\/www.pressenza.com\/wp-content\/uploads\/2024\/08\/Operation_Upshot-Knothole_-_Badger_001-1.jpg\",\"contentUrl\":\"https:\/\/www.pressenza.com\/wp-content\/uploads\/2024\/08\/Operation_Upshot-Knothole_-_Badger_001-1.jpg\",\"width\":820,\"height\":460},{\"@type\":\"BreadcrumbList\",\"@id\":\"https:\/\/www.pressenza.com\/pt-pt\/2024\/08\/vamos-proteger-a-vida-em-nosso-planeta-chega-de-testes-nucleares\/#breadcrumb\",\"itemListElement\":[{\"@type\":\"ListItem\",\"position\":1,\"name\":\"Accueil\",\"item\":\"https:\/\/www.pressenza.com\/pt-pt\/\"},{\"@type\":\"ListItem\",\"position\":2,\"name\":\"Vamos proteger a vida em nosso planeta. Chega de testes nucleares!!!\"}]},{\"@type\":\"WebSite\",\"@id\":\"https:\/\/www.pressenza.com\/pt-pt\/#website\",\"url\":\"https:\/\/www.pressenza.com\/pt-pt\/\",\"name\":\"Pressenza\",\"description\":\"International Press Agency\",\"publisher\":{\"@id\":\"https:\/\/www.pressenza.com\/pt-pt\/#organization\"},\"potentialAction\":[{\"@type\":\"SearchAction\",\"target\":{\"@type\":\"EntryPoint\",\"urlTemplate\":\"https:\/\/www.pressenza.com\/pt-pt\/?s={search_term_string}\"},\"query-input\":{\"@type\":\"PropertyValueSpecification\",\"valueRequired\":true,\"valueName\":\"search_term_string\"}}],\"inLanguage\":\"pt-PT\"},{\"@type\":\"Organization\",\"@id\":\"https:\/\/www.pressenza.com\/pt-pt\/#organization\",\"name\":\"Pressenza\",\"url\":\"https:\/\/www.pressenza.com\/pt-pt\/\",\"logo\":{\"@type\":\"ImageObject\",\"inLanguage\":\"pt-PT\",\"@id\":\"https:\/\/www.pressenza.com\/pt-pt\/#\/schema\/logo\/image\/\",\"url\":\"https:\/\/www.pressenza.com\/wp-content\/uploads\/2022\/10\/pressenza_logo_200x200.jpg\",\"contentUrl\":\"https:\/\/www.pressenza.com\/wp-content\/uploads\/2022\/10\/pressenza_logo_200x200.jpg\",\"width\":200,\"height\":200,\"caption\":\"Pressenza\"},\"image\":{\"@id\":\"https:\/\/www.pressenza.com\/pt-pt\/#\/schema\/logo\/image\/\"},\"sameAs\":[\"https:\/\/www.facebook.com\/PressenzaItalia\",\"https:\/\/x.com\/PressenzaIPA\"]},{\"@type\":\"Person\",\"@id\":\"https:\/\/www.pressenza.com\/pt-pt\/#\/schema\/person\/f805ee4d4c0aa27aa176ccec26128d33\",\"name\":\"Partido Humanista Internacional\",\"description\":\"www.internationalhumanistparty.org\",\"url\":\"https:\/\/www.pressenza.com\/pt-pt\/author\/partido-humanista-internacional\/\"}]}<\/script>\n<!-- \/ Yoast SEO plugin. -->","yoast_head_json":{"title":"Vamos proteger a vida em nosso planeta. Chega de testes nucleares!!!","description":"O Dia Internacional Contra os Testes Nucleares, celebrado anualmente no dia 29 de agosto, \u00e9 uma data que tem importante peso simb\u00f3lico na luta pela paz","robots":{"index":"index","follow":"follow","max-snippet":"max-snippet:-1","max-image-preview":"max-image-preview:large","max-video-preview":"max-video-preview:-1"},"canonical":"https:\/\/www.pressenza.com\/pt-pt\/2024\/08\/vamos-proteger-a-vida-em-nosso-planeta-chega-de-testes-nucleares\/","og_locale":"pt_PT","og_type":"article","og_title":"Vamos proteger a vida em nosso planeta. Chega de testes nucleares!!!","og_description":"O Dia Internacional Contra os Testes Nucleares, celebrado anualmente no dia 29 de agosto, \u00e9 uma data que tem importante peso simb\u00f3lico na luta pela paz","og_url":"https:\/\/www.pressenza.com\/pt-pt\/2024\/08\/vamos-proteger-a-vida-em-nosso-planeta-chega-de-testes-nucleares\/","og_site_name":"Pressenza","article_publisher":"https:\/\/www.facebook.com\/PressenzaItalia","article_published_time":"2024-08-30T00:54:17+00:00","og_image":[{"width":820,"height":460,"url":"https:\/\/www.pressenza.com\/wp-content\/uploads\/2024\/08\/Operation_Upshot-Knothole_-_Badger_001-1.jpg","type":"image\/jpeg"}],"author":"Partido Humanista Internacional","twitter_card":"summary_large_image","twitter_creator":"@PressenzaIPA","twitter_site":"@PressenzaIPA","twitter_misc":{"Escrito por":"Partido Humanista Internacional","Tempo estimado de leitura":"4 minutos"},"schema":{"@context":"https:\/\/schema.org","@graph":[{"@type":"Article","@id":"https:\/\/www.pressenza.com\/pt-pt\/2024\/08\/vamos-proteger-a-vida-em-nosso-planeta-chega-de-testes-nucleares\/#article","isPartOf":{"@id":"https:\/\/www.pressenza.com\/pt-pt\/2024\/08\/vamos-proteger-a-vida-em-nosso-planeta-chega-de-testes-nucleares\/"},"author":{"name":"Partido Humanista Internacional","@id":"https:\/\/www.pressenza.com\/pt-pt\/#\/schema\/person\/f805ee4d4c0aa27aa176ccec26128d33"},"headline":"Vamos proteger a vida em nosso planeta. Chega de testes nucleares!!!","datePublished":"2024-08-30T00:54:17+00:00","mainEntityOfPage":{"@id":"https:\/\/www.pressenza.com\/pt-pt\/2024\/08\/vamos-proteger-a-vida-em-nosso-planeta-chega-de-testes-nucleares\/"},"wordCount":892,"publisher":{"@id":"https:\/\/www.pressenza.com\/pt-pt\/#organization"},"image":{"@id":"https:\/\/www.pressenza.com\/pt-pt\/2024\/08\/vamos-proteger-a-vida-em-nosso-planeta-chega-de-testes-nucleares\/#primaryimage"},"thumbnailUrl":"https:\/\/www.pressenza.com\/wp-content\/uploads\/2024\/08\/Operation_Upshot-Knothole_-_Badger_001-1.jpg","keywords":["Dia Internacional contra os Testes Nucleares"],"articleSection":["Conte\u00fado Original","Internacional","Nota de imprensa","Paz e Desarmamento"],"inLanguage":"pt-PT"},{"@type":"WebPage","@id":"https:\/\/www.pressenza.com\/pt-pt\/2024\/08\/vamos-proteger-a-vida-em-nosso-planeta-chega-de-testes-nucleares\/","url":"https:\/\/www.pressenza.com\/pt-pt\/2024\/08\/vamos-proteger-a-vida-em-nosso-planeta-chega-de-testes-nucleares\/","name":"Vamos proteger a vida em nosso planeta. Chega de testes nucleares!!!","isPartOf":{"@id":"https:\/\/www.pressenza.com\/pt-pt\/#website"},"primaryImageOfPage":{"@id":"https:\/\/www.pressenza.com\/pt-pt\/2024\/08\/vamos-proteger-a-vida-em-nosso-planeta-chega-de-testes-nucleares\/#primaryimage"},"image":{"@id":"https:\/\/www.pressenza.com\/pt-pt\/2024\/08\/vamos-proteger-a-vida-em-nosso-planeta-chega-de-testes-nucleares\/#primaryimage"},"thumbnailUrl":"https:\/\/www.pressenza.com\/wp-content\/uploads\/2024\/08\/Operation_Upshot-Knothole_-_Badger_001-1.jpg","datePublished":"2024-08-30T00:54:17+00:00","description":"O Dia Internacional Contra os Testes Nucleares, celebrado anualmente no dia 29 de agosto, \u00e9 uma data que tem importante peso simb\u00f3lico na luta pela paz","breadcrumb":{"@id":"https:\/\/www.pressenza.com\/pt-pt\/2024\/08\/vamos-proteger-a-vida-em-nosso-planeta-chega-de-testes-nucleares\/#breadcrumb"},"inLanguage":"pt-PT","potentialAction":[{"@type":"ReadAction","target":["https:\/\/www.pressenza.com\/pt-pt\/2024\/08\/vamos-proteger-a-vida-em-nosso-planeta-chega-de-testes-nucleares\/"]}]},{"@type":"ImageObject","inLanguage":"pt-PT","@id":"https:\/\/www.pressenza.com\/pt-pt\/2024\/08\/vamos-proteger-a-vida-em-nosso-planeta-chega-de-testes-nucleares\/#primaryimage","url":"https:\/\/www.pressenza.com\/wp-content\/uploads\/2024\/08\/Operation_Upshot-Knothole_-_Badger_001-1.jpg","contentUrl":"https:\/\/www.pressenza.com\/wp-content\/uploads\/2024\/08\/Operation_Upshot-Knothole_-_Badger_001-1.jpg","width":820,"height":460},{"@type":"BreadcrumbList","@id":"https:\/\/www.pressenza.com\/pt-pt\/2024\/08\/vamos-proteger-a-vida-em-nosso-planeta-chega-de-testes-nucleares\/#breadcrumb","itemListElement":[{"@type":"ListItem","position":1,"name":"Accueil","item":"https:\/\/www.pressenza.com\/pt-pt\/"},{"@type":"ListItem","position":2,"name":"Vamos proteger a vida em nosso planeta. Chega de testes nucleares!!!"}]},{"@type":"WebSite","@id":"https:\/\/www.pressenza.com\/pt-pt\/#website","url":"https:\/\/www.pressenza.com\/pt-pt\/","name":"Pressenza","description":"International Press Agency","publisher":{"@id":"https:\/\/www.pressenza.com\/pt-pt\/#organization"},"potentialAction":[{"@type":"SearchAction","target":{"@type":"EntryPoint","urlTemplate":"https:\/\/www.pressenza.com\/pt-pt\/?s={search_term_string}"},"query-input":{"@type":"PropertyValueSpecification","valueRequired":true,"valueName":"search_term_string"}}],"inLanguage":"pt-PT"},{"@type":"Organization","@id":"https:\/\/www.pressenza.com\/pt-pt\/#organization","name":"Pressenza","url":"https:\/\/www.pressenza.com\/pt-pt\/","logo":{"@type":"ImageObject","inLanguage":"pt-PT","@id":"https:\/\/www.pressenza.com\/pt-pt\/#\/schema\/logo\/image\/","url":"https:\/\/www.pressenza.com\/wp-content\/uploads\/2022\/10\/pressenza_logo_200x200.jpg","contentUrl":"https:\/\/www.pressenza.com\/wp-content\/uploads\/2022\/10\/pressenza_logo_200x200.jpg","width":200,"height":200,"caption":"Pressenza"},"image":{"@id":"https:\/\/www.pressenza.com\/pt-pt\/#\/schema\/logo\/image\/"},"sameAs":["https:\/\/www.facebook.com\/PressenzaItalia","https:\/\/x.com\/PressenzaIPA"]},{"@type":"Person","@id":"https:\/\/www.pressenza.com\/pt-pt\/#\/schema\/person\/f805ee4d4c0aa27aa176ccec26128d33","name":"Partido Humanista Internacional","description":"www.internationalhumanistparty.org","url":"https:\/\/www.pressenza.com\/pt-pt\/author\/partido-humanista-internacional\/"}]}},"place":"Rio de Janeiro, Brasil","original_article_url":"","_links":{"self":[{"href":"https:\/\/www.pressenza.com\/pt-pt\/wp-json\/wp\/v2\/posts\/2545039","targetHints":{"allow":["GET"]}}],"collection":[{"href":"https:\/\/www.pressenza.com\/pt-pt\/wp-json\/wp\/v2\/posts"}],"about":[{"href":"https:\/\/www.pressenza.com\/pt-pt\/wp-json\/wp\/v2\/types\/post"}],"author":[{"embeddable":true,"href":"https:\/\/www.pressenza.com\/pt-pt\/wp-json\/wp\/v2\/users\/624"}],"replies":[{"embeddable":true,"href":"https:\/\/www.pressenza.com\/pt-pt\/wp-json\/wp\/v2\/comments?post=2545039"}],"version-history":[{"count":0,"href":"https:\/\/www.pressenza.com\/pt-pt\/wp-json\/wp\/v2\/posts\/2545039\/revisions"}],"wp:featuredmedia":[{"embeddable":true,"href":"https:\/\/www.pressenza.com\/pt-pt\/wp-json\/wp\/v2\/media\/2545249"}],"wp:attachment":[{"href":"https:\/\/www.pressenza.com\/pt-pt\/wp-json\/wp\/v2\/media?parent=2545039"}],"wp:term":[{"taxonomy":"category","embeddable":true,"href":"https:\/\/www.pressenza.com\/pt-pt\/wp-json\/wp\/v2\/categories?post=2545039"},{"taxonomy":"post_tag","embeddable":true,"href":"https:\/\/www.pressenza.com\/pt-pt\/wp-json\/wp\/v2\/tags?post=2545039"}],"curies":[{"name":"wp","href":"https:\/\/api.w.org\/{rel}","templated":true}]}}