{"id":2531121,"date":"2024-06-17T17:31:09","date_gmt":"2024-06-17T16:31:09","guid":{"rendered":"https:\/\/www.pressenza.com\/?p=2531121"},"modified":"2024-06-17T17:31:09","modified_gmt":"2024-06-17T16:31:09","slug":"turquia-estamos-ao-lado-de-pinar-selek-ate-a-sua-absolvicao-definitiva","status":"publish","type":"post","link":"https:\/\/www.pressenza.com\/pt-pt\/2024\/06\/turquia-estamos-ao-lado-de-pinar-selek-ate-a-sua-absolvicao-definitiva\/","title":{"rendered":"Turquia: Estamos ao lado de P\u0131nar Selek at\u00e9 \u00e0 sua absolvi\u00e7\u00e3o definitiva"},"content":{"rendered":"<p><em>Apelo assinado por mais de 250 personalidades e 14 organiza\u00e7\u00f5es de todo o mundo, sobretudo na Fran\u00e7a e na Alemanha, em solidariedade com <strong>P\u0131nar Selek<\/strong>, tendo em vista o julgamento contra ela agendado para 28 de Junho de 2024 em Istambul:<\/em><\/p>\n<hr \/>\n<p><strong>No dia 28 de Junho, ser\u00e1 a quinta vez que P\u0131nar Selek ser\u00e1 julgada pelo Estado turco!<\/strong><\/p>\n<p>H\u00e1 26 anos, <strong>P\u0131nar Selek<\/strong> foi presa na Turquia por causa das suas pesquisas sobre a resist\u00eancia curda. De acordo com a \u00e9tica profissional dos soci\u00f3logos, ela recusou-se a revelar a identidade das pessoas que tinha entrevistado. Ela foi torturada e mantida em deten\u00e7\u00e3o. Na pris\u00e3o, ficou sabendo que havia sido acusada de um \u201cataque terrorista\u201d perpetrado no mercado de especiarias em Istambul &#8211; na verdade, tinha-se tratado de uma explos\u00e3o acidental de g\u00e1s. \u00c0 conta disso, ela passou quase dois anos na pris\u00e3o.<\/p>\n<p>Em 2006, <strong>P\u0131nar Selek<\/strong> foi absolvida pela primeira vez, mas o Minist\u00e9rio P\u00fablico recorreu da senten\u00e7a. A persegui\u00e7\u00e3o judicial come\u00e7ou com uma s\u00e9rie de julgamentos que sempre resultavam em absolvi\u00e7\u00f5es por falta de provas, mas que depois eram anuladas e levavam a um novo julgamento&#8230; No entanto, <strong>P\u0131nar Selek<\/strong> continuou pesquisando e escrevendo, al\u00e9m de se envolver em movimentos sociais, organizando-se em coletivos feministas e LGBT+, e liderando grandes campanhas\u00a0antimilitaristas.<\/p>\n<p>Em 2008, ela foi for\u00e7ada a exilar-se. Atualmente, lecciona sociologia numa universidade de Fran\u00e7a e continua a as exercer suas atividades profissionais e militantes, apesar das constantes amea\u00e7as das autoridades turcas e dos fascistas, inclusive em solo franc\u00eas.<br \/>\nAssim como acontece com centenas de prisioneir@s pol\u00edtic@s, o governo turco est\u00e1 usando o seu caso como exemplo para tentar silenciar todas as vozes dissidentes e as alternativas pol\u00edticas. No pr\u00f3ximo dia 28 de Junho, ela ser\u00e1 julgada novamente e corre o risco de ser condenada a uma pris\u00e3o perp\u00e9tua.<\/p>\n<p>A n\u00edvel mundial, estamos testemunhando o fortalecimento de uma direita autorit\u00e1ria, a amea\u00e7as \u00e0 liberdade de express\u00e3o e de pesquisa cient\u00edfica, e a uma repress\u00e3o crescente aos movimentos civis. Vemos como os Estados, as multinacionais e as elites s\u00e3o c\u00famplices na defesa dos seus interesses. e isso diante da pobreza generalizada, do caos clim\u00e1tico e dos massacres em massa.<br \/>\nNesta conjuntura global nada animadora, ressalta o papel essencial das defensoras e dos defensores dos direitos fundamentais, do contra-poder da sociedade civil e dos movimentos sociais. Nesse contexto, talvez mais do que nunca, as nossas lutas e an\u00e1lises dever\u00e3o basear-se na solidariedade transnacional.<\/p>\n<p><strong>P\u0131nar Selek<\/strong> usa incansavelmente as suas aptid\u00f5es em prol da justi\u00e7a, da liberdade e da igualdade. \u00c9 por isso que, apesar da multiplicidade dos diferentes contextos em que vivemos e lutamos, reconhecemos que fazemos parte de um mesmo movimento e que o resultado deste processo judicial determinar\u00e1 o terreno pol\u00edtico em que atuaremos no futuro.<br \/>\nPedimos a tod@s que fiquem firmemente ao lado de <strong>P\u0131nar Selek<\/strong> no dia 28 de Junho, em Istambul, e em outros lugares, e que nos juntemos \u00e0 campanha transnacional pela sua absolvi\u00e7\u00e3o definitiva, num esfor\u00e7o coletivo pela sua liberta\u00e7\u00e3o.<\/p>\n<blockquote><p><strong>Justi\u00e7a e liberdade para P\u0131nar Selek, justi\u00e7a e liberdade para todas e todos: Jin, Jiyan, Azad\u00ee<\/strong> (*).<\/p><\/blockquote>\n<p>(*) Em curdo: Mulher, vida, liberdade. Esta palavra de ordem das mulheres curdas ecoa hoje no movimento feminista revolucion\u00e1rio iraniano e em todo o mundo.<\/p>\n<hr \/>\n<p><em>Entre os assinantes: Angela Davis, Rokhaya Diallo, Ad\u00e8le Haenel, Judith Bulter, G\u00fcnter Walraff,Annie Ernaux, Esquivel Adolfo P\u00e9rez, Asl\u0131 Erdo\u011fan, Elsa Dorlin, Souad Labbize, Isabelle Stengers, Rigoberta Mench\u00fa Tum, Carola Rackette, Francis Dupuis-D\u00e9ri, Isabelle Cambourakis, Sepideh Farsi, Tal Madesta, Michael L\u00f6wy, Johanna Makabi, Myriam Bahaffou, Chahla Chafiq, In\u00e8s L\u00e9raud, Nina Faure, Morris Kachani, Union syndicale Solidaires, Republikanischer Anw\u00e4ltinnen-und Anw\u00e4lteverein Deutschlands.<\/em><\/p>\n","protected":false},"excerpt":{"rendered":"<p>Apelo assinado por mais de 250 personalidades e 14 organiza\u00e7\u00f5es de todo o mundo, sobretudo na Fran\u00e7a e na Alemanha, em solidariedade com P\u0131nar Selek, tendo em vista o julgamento contra ela agendado para 28 de Junho de 2024 em&hellip;<\/p>\n","protected":false},"author":19,"featured_media":2531123,"comment_status":"closed","ping_status":"closed","sticky":false,"template":"","format":"standard","meta":{"footnotes":""},"categories":[116,54514,42,153,111],"tags":[65175,5204,69408,123883,123882,123884,123881,5191,5256],"class_list":["post-2531121","post","type-post","status-publish","format-standard","has-post-thumbnail","hentry","category-direitos-humanos","category-genero-e-feminismos","category-internacional-2","category-nota-de-imprensa","category-politica-pt-pt","tag-curdos-pt-pt","tag-direitos-humanos","tag-liberdade-de-imprensa","tag-pinar-selek-pt-pt","tag-prisao-politica","tag-recep-tayyip-erdogan-pt-pt","tag-resistencia-curda","tag-siria-pt-pt","tag-turquia-pt-pt"],"yoast_head":"<!-- This site is optimized with the Yoast SEO plugin v27.1.1 - https:\/\/yoast.com\/product\/yoast-seo-wordpress\/ -->\n<title>Turquia: Estamos ao lado de P\u0131nar Selek at\u00e9 \u00e0 sua absolvi\u00e7\u00e3o definitiva<\/title>\n<meta name=\"description\" content=\"Apelo assinado por mais de 250 personalidades e 14 organiza\u00e7\u00f5es de todo o mundo, sobretudo na Fran\u00e7a e na Alemanha, em solidariedade com P\u0131nar Selek,\" \/>\n<meta name=\"robots\" content=\"index, follow, max-snippet:-1, max-image-preview:large, max-video-preview:-1\" \/>\n<link rel=\"canonical\" href=\"https:\/\/www.pressenza.com\/pt-pt\/2024\/06\/turquia-estamos-ao-lado-de-pinar-selek-ate-a-sua-absolvicao-definitiva\/\" \/>\n<meta property=\"og:locale\" content=\"pt_PT\" \/>\n<meta property=\"og:type\" content=\"article\" \/>\n<meta property=\"og:title\" content=\"Turquia: Estamos ao lado de P\u0131nar Selek at\u00e9 \u00e0 sua absolvi\u00e7\u00e3o definitiva\" \/>\n<meta property=\"og:description\" content=\"Apelo assinado por mais de 250 personalidades e 14 organiza\u00e7\u00f5es de todo o mundo, sobretudo na Fran\u00e7a e na Alemanha, em solidariedade com P\u0131nar Selek,\" \/>\n<meta property=\"og:url\" content=\"https:\/\/www.pressenza.com\/pt-pt\/2024\/06\/turquia-estamos-ao-lado-de-pinar-selek-ate-a-sua-absolvicao-definitiva\/\" \/>\n<meta property=\"og:site_name\" content=\"Pressenza\" \/>\n<meta property=\"article:publisher\" content=\"https:\/\/www.facebook.com\/PressenzaItalia\" \/>\n<meta property=\"article:author\" content=\"https:\/\/www.facebook.com\/pressenza\" \/>\n<meta property=\"article:published_time\" content=\"2024-06-17T16:31:09+00:00\" \/>\n<meta property=\"og:image\" content=\"https:\/\/www.pressenza.com\/wp-content\/uploads\/2024\/06\/Justice_pour_Pinar_Selek-Kopie.jpg\" \/>\n\t<meta property=\"og:image:width\" content=\"820\" \/>\n\t<meta property=\"og:image:height\" content=\"615\" \/>\n\t<meta property=\"og:image:type\" content=\"image\/jpeg\" \/>\n<meta name=\"author\" content=\"Pressenza IPA\" \/>\n<meta name=\"twitter:card\" content=\"summary_large_image\" \/>\n<meta name=\"twitter:creator\" content=\"@PressenzaIPA\" \/>\n<meta name=\"twitter:site\" content=\"@PressenzaIPA\" \/>\n<meta name=\"twitter:label1\" content=\"Escrito por\" \/>\n\t<meta name=\"twitter:data1\" content=\"Pressenza IPA\" \/>\n\t<meta name=\"twitter:label2\" content=\"Tempo estimado de leitura\" \/>\n\t<meta name=\"twitter:data2\" content=\"4 minutos\" \/>\n<script type=\"application\/ld+json\" class=\"yoast-schema-graph\">{\"@context\":\"https:\/\/schema.org\",\"@graph\":[{\"@type\":\"Article\",\"@id\":\"https:\/\/www.pressenza.com\/pt-pt\/2024\/06\/turquia-estamos-ao-lado-de-pinar-selek-ate-a-sua-absolvicao-definitiva\/#article\",\"isPartOf\":{\"@id\":\"https:\/\/www.pressenza.com\/pt-pt\/2024\/06\/turquia-estamos-ao-lado-de-pinar-selek-ate-a-sua-absolvicao-definitiva\/\"},\"author\":{\"name\":\"Pressenza IPA\",\"@id\":\"https:\/\/www.pressenza.com\/pt-pt\/#\/schema\/person\/010e5d02bcf40965427a1289a4cc8d75\"},\"headline\":\"Turquia: Estamos ao lado de P\u0131nar Selek at\u00e9 \u00e0 sua absolvi\u00e7\u00e3o definitiva\",\"datePublished\":\"2024-06-17T16:31:09+00:00\",\"mainEntityOfPage\":{\"@id\":\"https:\/\/www.pressenza.com\/pt-pt\/2024\/06\/turquia-estamos-ao-lado-de-pinar-selek-ate-a-sua-absolvicao-definitiva\/\"},\"wordCount\":663,\"publisher\":{\"@id\":\"https:\/\/www.pressenza.com\/pt-pt\/#organization\"},\"image\":{\"@id\":\"https:\/\/www.pressenza.com\/pt-pt\/2024\/06\/turquia-estamos-ao-lado-de-pinar-selek-ate-a-sua-absolvicao-definitiva\/#primaryimage\"},\"thumbnailUrl\":\"https:\/\/www.pressenza.com\/wp-content\/uploads\/2024\/06\/Justice_pour_Pinar_Selek-Kopie.jpg\",\"keywords\":[\"curdos\",\"direitos humanos\",\"liberdade de imprensa\",\"Pinar Selek\",\"pris\u00e3o pol\u00edtica\",\"Recep Tayyip Erdogan\",\"resist\u00eancia curda\",\"Siria\",\"Turquia\"],\"articleSection\":[\"Direitos Humanos\",\"G\u00eanero e feminismos\",\"Internacional\",\"Nota de imprensa\",\"Pol\u00edtica\"],\"inLanguage\":\"pt-PT\"},{\"@type\":\"WebPage\",\"@id\":\"https:\/\/www.pressenza.com\/pt-pt\/2024\/06\/turquia-estamos-ao-lado-de-pinar-selek-ate-a-sua-absolvicao-definitiva\/\",\"url\":\"https:\/\/www.pressenza.com\/pt-pt\/2024\/06\/turquia-estamos-ao-lado-de-pinar-selek-ate-a-sua-absolvicao-definitiva\/\",\"name\":\"Turquia: Estamos ao lado de P\u0131nar Selek at\u00e9 \u00e0 sua absolvi\u00e7\u00e3o definitiva\",\"isPartOf\":{\"@id\":\"https:\/\/www.pressenza.com\/pt-pt\/#website\"},\"primaryImageOfPage\":{\"@id\":\"https:\/\/www.pressenza.com\/pt-pt\/2024\/06\/turquia-estamos-ao-lado-de-pinar-selek-ate-a-sua-absolvicao-definitiva\/#primaryimage\"},\"image\":{\"@id\":\"https:\/\/www.pressenza.com\/pt-pt\/2024\/06\/turquia-estamos-ao-lado-de-pinar-selek-ate-a-sua-absolvicao-definitiva\/#primaryimage\"},\"thumbnailUrl\":\"https:\/\/www.pressenza.com\/wp-content\/uploads\/2024\/06\/Justice_pour_Pinar_Selek-Kopie.jpg\",\"datePublished\":\"2024-06-17T16:31:09+00:00\",\"description\":\"Apelo assinado por mais de 250 personalidades e 14 organiza\u00e7\u00f5es de todo o mundo, sobretudo na Fran\u00e7a e na Alemanha, em solidariedade com P\u0131nar Selek,\",\"breadcrumb\":{\"@id\":\"https:\/\/www.pressenza.com\/pt-pt\/2024\/06\/turquia-estamos-ao-lado-de-pinar-selek-ate-a-sua-absolvicao-definitiva\/#breadcrumb\"},\"inLanguage\":\"pt-PT\",\"potentialAction\":[{\"@type\":\"ReadAction\",\"target\":[\"https:\/\/www.pressenza.com\/pt-pt\/2024\/06\/turquia-estamos-ao-lado-de-pinar-selek-ate-a-sua-absolvicao-definitiva\/\"]}]},{\"@type\":\"ImageObject\",\"inLanguage\":\"pt-PT\",\"@id\":\"https:\/\/www.pressenza.com\/pt-pt\/2024\/06\/turquia-estamos-ao-lado-de-pinar-selek-ate-a-sua-absolvicao-definitiva\/#primaryimage\",\"url\":\"https:\/\/www.pressenza.com\/wp-content\/uploads\/2024\/06\/Justice_pour_Pinar_Selek-Kopie.jpg\",\"contentUrl\":\"https:\/\/www.pressenza.com\/wp-content\/uploads\/2024\/06\/Justice_pour_Pinar_Selek-Kopie.jpg\",\"width\":820,\"height\":615,\"caption\":\"Verleumdungskampagne gegen Pinar Selek vereitelt \u2013 Gericht verschiebt Entscheidung\"},{\"@type\":\"BreadcrumbList\",\"@id\":\"https:\/\/www.pressenza.com\/pt-pt\/2024\/06\/turquia-estamos-ao-lado-de-pinar-selek-ate-a-sua-absolvicao-definitiva\/#breadcrumb\",\"itemListElement\":[{\"@type\":\"ListItem\",\"position\":1,\"name\":\"Accueil\",\"item\":\"https:\/\/www.pressenza.com\/pt-pt\/\"},{\"@type\":\"ListItem\",\"position\":2,\"name\":\"Turquia: Estamos ao lado de P\u0131nar Selek at\u00e9 \u00e0 sua absolvi\u00e7\u00e3o definitiva\"}]},{\"@type\":\"WebSite\",\"@id\":\"https:\/\/www.pressenza.com\/pt-pt\/#website\",\"url\":\"https:\/\/www.pressenza.com\/pt-pt\/\",\"name\":\"Pressenza\",\"description\":\"International Press Agency\",\"publisher\":{\"@id\":\"https:\/\/www.pressenza.com\/pt-pt\/#organization\"},\"potentialAction\":[{\"@type\":\"SearchAction\",\"target\":{\"@type\":\"EntryPoint\",\"urlTemplate\":\"https:\/\/www.pressenza.com\/pt-pt\/?s={search_term_string}\"},\"query-input\":{\"@type\":\"PropertyValueSpecification\",\"valueRequired\":true,\"valueName\":\"search_term_string\"}}],\"inLanguage\":\"pt-PT\"},{\"@type\":\"Organization\",\"@id\":\"https:\/\/www.pressenza.com\/pt-pt\/#organization\",\"name\":\"Pressenza\",\"url\":\"https:\/\/www.pressenza.com\/pt-pt\/\",\"logo\":{\"@type\":\"ImageObject\",\"inLanguage\":\"pt-PT\",\"@id\":\"https:\/\/www.pressenza.com\/pt-pt\/#\/schema\/logo\/image\/\",\"url\":\"https:\/\/www.pressenza.com\/wp-content\/uploads\/2022\/10\/pressenza_logo_200x200.jpg\",\"contentUrl\":\"https:\/\/www.pressenza.com\/wp-content\/uploads\/2022\/10\/pressenza_logo_200x200.jpg\",\"width\":200,\"height\":200,\"caption\":\"Pressenza\"},\"image\":{\"@id\":\"https:\/\/www.pressenza.com\/pt-pt\/#\/schema\/logo\/image\/\"},\"sameAs\":[\"https:\/\/www.facebook.com\/PressenzaItalia\",\"https:\/\/x.com\/PressenzaIPA\"]},{\"@type\":\"Person\",\"@id\":\"https:\/\/www.pressenza.com\/pt-pt\/#\/schema\/person\/010e5d02bcf40965427a1289a4cc8d75\",\"name\":\"Pressenza IPA\",\"description\":\"News from Pressenza IPA correspondents\",\"sameAs\":[\"https:\/\/www.facebook.com\/pressenza\",\"https:\/\/x.com\/PressenzaIPA\"],\"url\":\"https:\/\/www.pressenza.com\/pt-pt\/author\/pressenza-ipa\/\"}]}<\/script>\n<!-- \/ Yoast SEO plugin. -->","yoast_head_json":{"title":"Turquia: Estamos ao lado de P\u0131nar Selek at\u00e9 \u00e0 sua absolvi\u00e7\u00e3o definitiva","description":"Apelo assinado por mais de 250 personalidades e 14 organiza\u00e7\u00f5es de todo o mundo, sobretudo na Fran\u00e7a e na Alemanha, em solidariedade com P\u0131nar Selek,","robots":{"index":"index","follow":"follow","max-snippet":"max-snippet:-1","max-image-preview":"max-image-preview:large","max-video-preview":"max-video-preview:-1"},"canonical":"https:\/\/www.pressenza.com\/pt-pt\/2024\/06\/turquia-estamos-ao-lado-de-pinar-selek-ate-a-sua-absolvicao-definitiva\/","og_locale":"pt_PT","og_type":"article","og_title":"Turquia: Estamos ao lado de P\u0131nar Selek at\u00e9 \u00e0 sua absolvi\u00e7\u00e3o definitiva","og_description":"Apelo assinado por mais de 250 personalidades e 14 organiza\u00e7\u00f5es de todo o mundo, sobretudo na Fran\u00e7a e na Alemanha, em solidariedade com P\u0131nar Selek,","og_url":"https:\/\/www.pressenza.com\/pt-pt\/2024\/06\/turquia-estamos-ao-lado-de-pinar-selek-ate-a-sua-absolvicao-definitiva\/","og_site_name":"Pressenza","article_publisher":"https:\/\/www.facebook.com\/PressenzaItalia","article_author":"https:\/\/www.facebook.com\/pressenza","article_published_time":"2024-06-17T16:31:09+00:00","og_image":[{"width":820,"height":615,"url":"https:\/\/www.pressenza.com\/wp-content\/uploads\/2024\/06\/Justice_pour_Pinar_Selek-Kopie.jpg","type":"image\/jpeg"}],"author":"Pressenza IPA","twitter_card":"summary_large_image","twitter_creator":"@PressenzaIPA","twitter_site":"@PressenzaIPA","twitter_misc":{"Escrito por":"Pressenza IPA","Tempo estimado de leitura":"4 minutos"},"schema":{"@context":"https:\/\/schema.org","@graph":[{"@type":"Article","@id":"https:\/\/www.pressenza.com\/pt-pt\/2024\/06\/turquia-estamos-ao-lado-de-pinar-selek-ate-a-sua-absolvicao-definitiva\/#article","isPartOf":{"@id":"https:\/\/www.pressenza.com\/pt-pt\/2024\/06\/turquia-estamos-ao-lado-de-pinar-selek-ate-a-sua-absolvicao-definitiva\/"},"author":{"name":"Pressenza IPA","@id":"https:\/\/www.pressenza.com\/pt-pt\/#\/schema\/person\/010e5d02bcf40965427a1289a4cc8d75"},"headline":"Turquia: Estamos ao lado de P\u0131nar Selek at\u00e9 \u00e0 sua absolvi\u00e7\u00e3o definitiva","datePublished":"2024-06-17T16:31:09+00:00","mainEntityOfPage":{"@id":"https:\/\/www.pressenza.com\/pt-pt\/2024\/06\/turquia-estamos-ao-lado-de-pinar-selek-ate-a-sua-absolvicao-definitiva\/"},"wordCount":663,"publisher":{"@id":"https:\/\/www.pressenza.com\/pt-pt\/#organization"},"image":{"@id":"https:\/\/www.pressenza.com\/pt-pt\/2024\/06\/turquia-estamos-ao-lado-de-pinar-selek-ate-a-sua-absolvicao-definitiva\/#primaryimage"},"thumbnailUrl":"https:\/\/www.pressenza.com\/wp-content\/uploads\/2024\/06\/Justice_pour_Pinar_Selek-Kopie.jpg","keywords":["curdos","direitos humanos","liberdade de imprensa","Pinar Selek","pris\u00e3o pol\u00edtica","Recep Tayyip Erdogan","resist\u00eancia curda","Siria","Turquia"],"articleSection":["Direitos Humanos","G\u00eanero e feminismos","Internacional","Nota de imprensa","Pol\u00edtica"],"inLanguage":"pt-PT"},{"@type":"WebPage","@id":"https:\/\/www.pressenza.com\/pt-pt\/2024\/06\/turquia-estamos-ao-lado-de-pinar-selek-ate-a-sua-absolvicao-definitiva\/","url":"https:\/\/www.pressenza.com\/pt-pt\/2024\/06\/turquia-estamos-ao-lado-de-pinar-selek-ate-a-sua-absolvicao-definitiva\/","name":"Turquia: Estamos ao lado de P\u0131nar Selek at\u00e9 \u00e0 sua absolvi\u00e7\u00e3o definitiva","isPartOf":{"@id":"https:\/\/www.pressenza.com\/pt-pt\/#website"},"primaryImageOfPage":{"@id":"https:\/\/www.pressenza.com\/pt-pt\/2024\/06\/turquia-estamos-ao-lado-de-pinar-selek-ate-a-sua-absolvicao-definitiva\/#primaryimage"},"image":{"@id":"https:\/\/www.pressenza.com\/pt-pt\/2024\/06\/turquia-estamos-ao-lado-de-pinar-selek-ate-a-sua-absolvicao-definitiva\/#primaryimage"},"thumbnailUrl":"https:\/\/www.pressenza.com\/wp-content\/uploads\/2024\/06\/Justice_pour_Pinar_Selek-Kopie.jpg","datePublished":"2024-06-17T16:31:09+00:00","description":"Apelo assinado por mais de 250 personalidades e 14 organiza\u00e7\u00f5es de todo o mundo, sobretudo na Fran\u00e7a e na Alemanha, em solidariedade com P\u0131nar Selek,","breadcrumb":{"@id":"https:\/\/www.pressenza.com\/pt-pt\/2024\/06\/turquia-estamos-ao-lado-de-pinar-selek-ate-a-sua-absolvicao-definitiva\/#breadcrumb"},"inLanguage":"pt-PT","potentialAction":[{"@type":"ReadAction","target":["https:\/\/www.pressenza.com\/pt-pt\/2024\/06\/turquia-estamos-ao-lado-de-pinar-selek-ate-a-sua-absolvicao-definitiva\/"]}]},{"@type":"ImageObject","inLanguage":"pt-PT","@id":"https:\/\/www.pressenza.com\/pt-pt\/2024\/06\/turquia-estamos-ao-lado-de-pinar-selek-ate-a-sua-absolvicao-definitiva\/#primaryimage","url":"https:\/\/www.pressenza.com\/wp-content\/uploads\/2024\/06\/Justice_pour_Pinar_Selek-Kopie.jpg","contentUrl":"https:\/\/www.pressenza.com\/wp-content\/uploads\/2024\/06\/Justice_pour_Pinar_Selek-Kopie.jpg","width":820,"height":615,"caption":"Verleumdungskampagne gegen Pinar Selek vereitelt \u2013 Gericht verschiebt Entscheidung"},{"@type":"BreadcrumbList","@id":"https:\/\/www.pressenza.com\/pt-pt\/2024\/06\/turquia-estamos-ao-lado-de-pinar-selek-ate-a-sua-absolvicao-definitiva\/#breadcrumb","itemListElement":[{"@type":"ListItem","position":1,"name":"Accueil","item":"https:\/\/www.pressenza.com\/pt-pt\/"},{"@type":"ListItem","position":2,"name":"Turquia: Estamos ao lado de P\u0131nar Selek at\u00e9 \u00e0 sua absolvi\u00e7\u00e3o definitiva"}]},{"@type":"WebSite","@id":"https:\/\/www.pressenza.com\/pt-pt\/#website","url":"https:\/\/www.pressenza.com\/pt-pt\/","name":"Pressenza","description":"International Press Agency","publisher":{"@id":"https:\/\/www.pressenza.com\/pt-pt\/#organization"},"potentialAction":[{"@type":"SearchAction","target":{"@type":"EntryPoint","urlTemplate":"https:\/\/www.pressenza.com\/pt-pt\/?s={search_term_string}"},"query-input":{"@type":"PropertyValueSpecification","valueRequired":true,"valueName":"search_term_string"}}],"inLanguage":"pt-PT"},{"@type":"Organization","@id":"https:\/\/www.pressenza.com\/pt-pt\/#organization","name":"Pressenza","url":"https:\/\/www.pressenza.com\/pt-pt\/","logo":{"@type":"ImageObject","inLanguage":"pt-PT","@id":"https:\/\/www.pressenza.com\/pt-pt\/#\/schema\/logo\/image\/","url":"https:\/\/www.pressenza.com\/wp-content\/uploads\/2022\/10\/pressenza_logo_200x200.jpg","contentUrl":"https:\/\/www.pressenza.com\/wp-content\/uploads\/2022\/10\/pressenza_logo_200x200.jpg","width":200,"height":200,"caption":"Pressenza"},"image":{"@id":"https:\/\/www.pressenza.com\/pt-pt\/#\/schema\/logo\/image\/"},"sameAs":["https:\/\/www.facebook.com\/PressenzaItalia","https:\/\/x.com\/PressenzaIPA"]},{"@type":"Person","@id":"https:\/\/www.pressenza.com\/pt-pt\/#\/schema\/person\/010e5d02bcf40965427a1289a4cc8d75","name":"Pressenza IPA","description":"News from Pressenza IPA correspondents","sameAs":["https:\/\/www.facebook.com\/pressenza","https:\/\/x.com\/PressenzaIPA"],"url":"https:\/\/www.pressenza.com\/pt-pt\/author\/pressenza-ipa\/"}]}},"place":"","original_article_url":"","_links":{"self":[{"href":"https:\/\/www.pressenza.com\/pt-pt\/wp-json\/wp\/v2\/posts\/2531121","targetHints":{"allow":["GET"]}}],"collection":[{"href":"https:\/\/www.pressenza.com\/pt-pt\/wp-json\/wp\/v2\/posts"}],"about":[{"href":"https:\/\/www.pressenza.com\/pt-pt\/wp-json\/wp\/v2\/types\/post"}],"author":[{"embeddable":true,"href":"https:\/\/www.pressenza.com\/pt-pt\/wp-json\/wp\/v2\/users\/19"}],"replies":[{"embeddable":true,"href":"https:\/\/www.pressenza.com\/pt-pt\/wp-json\/wp\/v2\/comments?post=2531121"}],"version-history":[{"count":0,"href":"https:\/\/www.pressenza.com\/pt-pt\/wp-json\/wp\/v2\/posts\/2531121\/revisions"}],"wp:featuredmedia":[{"embeddable":true,"href":"https:\/\/www.pressenza.com\/pt-pt\/wp-json\/wp\/v2\/media\/2531123"}],"wp:attachment":[{"href":"https:\/\/www.pressenza.com\/pt-pt\/wp-json\/wp\/v2\/media?parent=2531121"}],"wp:term":[{"taxonomy":"category","embeddable":true,"href":"https:\/\/www.pressenza.com\/pt-pt\/wp-json\/wp\/v2\/categories?post=2531121"},{"taxonomy":"post_tag","embeddable":true,"href":"https:\/\/www.pressenza.com\/pt-pt\/wp-json\/wp\/v2\/tags?post=2531121"}],"curies":[{"name":"wp","href":"https:\/\/api.w.org\/{rel}","templated":true}]}}