{"id":252,"date":"2009-04-12T00:00:00","date_gmt":"2009-04-12T00:00:00","guid":{"rendered":""},"modified":"2009-04-12T20:50:23","modified_gmt":"2009-04-12T20:50:23","slug":"desarmamento-nuclearx-o-primeiro-passo-para-um-mundo-em-paz","status":"publish","type":"post","link":"https:\/\/www.pressenza.com\/pt-pt\/2009\/04\/desarmamento-nuclearx-o-primeiro-passo-para-um-mundo-em-paz\/","title":{"rendered":"Desarmamento nuclear: o primeiro passo para um mundo em paz"},"content":{"rendered":"<p>Obama exp\u00f4s em Praga sua vis\u00e3o de um mundo livre de armas nucleares e continuou seu discurso com uma s\u00e9rie de propostas espec\u00edficas para alcan\u00e7ar essa meta, como a redu\u00e7\u00e3o dos arsenais atuais, a atualiza\u00e7\u00e3o do Tratado de N\u00e3o-prolifera\u00e7\u00e3o Nuclear e novos controles para evitar o acesso de grupos terroristas a armamentos at\u00f4mico. Afirmou: &#8220;O objetivo \u00e9 que pa\u00edses com armas nucleares movam-se em dire\u00e7\u00e3o ao desarmamento, pa\u00edses sem armas nucleares n\u00e3o possam adquiri-las e todos os pa\u00edses possam ter acesso a energia nuclear para usos pac\u00edficos&#8221;.<\/p>\n<p>Obama n\u00e3o definiu, nesse discurso, se renunciar\u00e1 definitivamente \u00e0 instala\u00e7\u00e3o do escudo anti-m\u00edsseis previsto para a Rep\u00fablica Tcheca e a Pol\u00f4nia. Essa demanda foi exigida na Rep\u00fablica Tcheca por uma forte campanha dos cidad\u00e3os liderada pelo movimento n\u00e3o-violento contra as bases \u201cEurope for Peace\u201d.<\/p>\n<p>O fato dessas declara\u00e7\u00f5es terem sido sucedidas pelo acordo feito com o presidente russo de confirmar a redu\u00e7\u00e3o das armas estrat\u00e9gicas fez renascer a esperan\u00e7a da elimina\u00e7\u00e3o mundial do armamento nuclear.<\/p>\n<p>Parabenizamos a coragem de Obama por tomar a iniciativa do desarmamento nuclear. Obama abriu um caminho ao di\u00e1logo e ao desarmamento nuclear de transcend\u00eancia hist\u00f3rica que d\u00e1 continuidade ao processo iniciado por Gorbatchev na d\u00e9cada de 80.  <\/p>\n<p>Neste sentido, o SIPRI (Instituto Internacional de Investiga\u00e7\u00e3o para a Paz de Estocolmo) colabora com experi\u00eancias positivas recentes em mat\u00e9ria de pa\u00edses desnuclearizados. \u00c9 o caso de pa\u00edses anteriormente possuidores de armamento nuclear, como a \u00c1frica do Sul e os estados p\u00f3s-sovi\u00e9ticos como Bielorr\u00fasia, Casaquist\u00e3o e Ucr\u00e2nia. O fato de que tais estados sejam desnuclearizados em virtude de um programa de desarmamento seguro e com garantias constitui uma valiosa li\u00e7\u00e3o.<\/p>\n<p>\u00c9 preciso colocar em marcha um processo gradual de desarmamento nuclear que nos indique o caminho a seguir e, ao mesmo tempo, nos proporcione a oportunidade de consolidar os mecanismos de n\u00e3o prolifera\u00e7\u00e3o e estabelecer um novo sistema de seguran\u00e7a mundial sem armas nucleares.<\/p>\n<p>Com essa proposta, Obama empreendeu uma dire\u00e7\u00e3o que aponta para a distens\u00e3o. No entanto, para consolid\u00e1-la ser\u00e3o necess\u00e1rias outras medidas, como a retirada das tropas que atualmente invadem territ\u00f3rios alheios, o desarmamento progressivo e proporcional e outros passos que podem nos levar realmente a um mundo novo. <\/p>\n<p>Sabemos que isso implica driblar grandes dificuldades, mas este \u00e9 um momento de abertura de possibilidades e a voz das pessoas pode agora ser ouvida e tornar-se um grande apoio para a mudan\u00e7a.<br \/>\nO desarmamento nuclear e outros pontos constituem  a proposta da [Marcha Mundial pela Paz e pela N\u00e3o-viol\u00eancia]  (http:\/\/theworldmarch.org, &#8220;A Marcha Mundial&#8221;) para entrada em uma nova etapa das rela\u00e7\u00f5es entre pa\u00edses, uma nova etapa da hist\u00f3ria humana. <\/p>\n","protected":false},"excerpt":{"rendered":"<p>Come\u00e7am a surgir sinais de diversos setores sobre a urg\u00eancia do desarmamento nuclear, principal objetivo da Marcha Mundial pela Paz e pela N\u00e3o-viol\u00eancia.<\/p>\n","protected":false},"author":42,"featured_media":0,"comment_status":"closed","ping_status":"open","sticky":false,"template":"","format":"standard","meta":{"footnotes":""},"categories":[113,103,42,165],"tags":[],"class_list":["post-252","post","type-post","status-publish","format-standard","hentry","category-noticias-do-exterior","category-europa-pt-pt","category-internacional-2","category-opiniao"],"yoast_head":"<!-- This site is optimized with the Yoast SEO plugin v27.1.1 - https:\/\/yoast.com\/product\/yoast-seo-wordpress\/ -->\n<title>Desarmamento nuclear: o primeiro passo para um mundo em paz<\/title>\n<meta name=\"description\" content=\"Come\u00e7am a surgir sinais de diversos setores sobre a urg\u00eancia do desarmamento nuclear, principal objetivo da Marcha Mundial pela Paz e pela N\u00e3o-viol\u00eancia.\" \/>\n<meta name=\"robots\" content=\"index, follow, max-snippet:-1, max-image-preview:large, max-video-preview:-1\" \/>\n<link rel=\"canonical\" href=\"https:\/\/www.pressenza.com\/pt-pt\/2009\/04\/desarmamento-nuclearx-o-primeiro-passo-para-um-mundo-em-paz\/\" \/>\n<meta property=\"og:locale\" content=\"pt_PT\" \/>\n<meta property=\"og:type\" content=\"article\" \/>\n<meta property=\"og:title\" content=\"Desarmamento nuclear: o primeiro passo para um mundo em paz\" \/>\n<meta property=\"og:description\" content=\"Come\u00e7am a surgir sinais de diversos setores sobre a urg\u00eancia do desarmamento nuclear, principal objetivo da Marcha Mundial pela Paz e pela N\u00e3o-viol\u00eancia.\" \/>\n<meta property=\"og:url\" content=\"https:\/\/www.pressenza.com\/pt-pt\/2009\/04\/desarmamento-nuclearx-o-primeiro-passo-para-um-mundo-em-paz\/\" \/>\n<meta property=\"og:site_name\" content=\"Pressenza\" \/>\n<meta property=\"article:publisher\" content=\"https:\/\/www.facebook.com\/PressenzaItalia\" \/>\n<meta property=\"article:published_time\" content=\"2009-04-12T00:00:00+00:00\" \/>\n<meta property=\"article:modified_time\" content=\"2009-04-12T20:50:23+00:00\" \/>\n<meta name=\"author\" content=\"Rafael De La Rubia\" \/>\n<meta name=\"twitter:card\" content=\"summary_large_image\" \/>\n<meta name=\"twitter:creator\" content=\"@raffka\" \/>\n<meta name=\"twitter:site\" content=\"@PressenzaIPA\" \/>\n<meta name=\"twitter:label1\" content=\"Escrito por\" \/>\n\t<meta name=\"twitter:data1\" content=\"Rafael De La Rubia\" \/>\n\t<meta name=\"twitter:label2\" content=\"Tempo estimado de leitura\" \/>\n\t<meta name=\"twitter:data2\" content=\"2 minutos\" \/>\n<script type=\"application\/ld+json\" class=\"yoast-schema-graph\">{\"@context\":\"https:\/\/schema.org\",\"@graph\":[{\"@type\":\"Article\",\"@id\":\"https:\/\/www.pressenza.com\/pt-pt\/2009\/04\/desarmamento-nuclearx-o-primeiro-passo-para-um-mundo-em-paz\/#article\",\"isPartOf\":{\"@id\":\"https:\/\/www.pressenza.com\/pt-pt\/2009\/04\/desarmamento-nuclearx-o-primeiro-passo-para-um-mundo-em-paz\/\"},\"author\":{\"name\":\"Rafael De La Rubia\",\"@id\":\"https:\/\/www.pressenza.com\/pt-pt\/#\/schema\/person\/f0a41b562e086ea0d8a8150002e7958e\"},\"headline\":\"Desarmamento nuclear: o primeiro passo para um mundo em paz\",\"datePublished\":\"2009-04-12T00:00:00+00:00\",\"dateModified\":\"2009-04-12T20:50:23+00:00\",\"mainEntityOfPage\":{\"@id\":\"https:\/\/www.pressenza.com\/pt-pt\/2009\/04\/desarmamento-nuclearx-o-primeiro-passo-para-um-mundo-em-paz\/\"},\"wordCount\":495,\"publisher\":{\"@id\":\"https:\/\/www.pressenza.com\/pt-pt\/#organization\"},\"articleSection\":[\"Assuntos internacionais\",\"Europa\",\"Internacional\",\"Opini\u00e3o\"],\"inLanguage\":\"pt-PT\"},{\"@type\":\"WebPage\",\"@id\":\"https:\/\/www.pressenza.com\/pt-pt\/2009\/04\/desarmamento-nuclearx-o-primeiro-passo-para-um-mundo-em-paz\/\",\"url\":\"https:\/\/www.pressenza.com\/pt-pt\/2009\/04\/desarmamento-nuclearx-o-primeiro-passo-para-um-mundo-em-paz\/\",\"name\":\"Desarmamento nuclear: o primeiro passo para um mundo em paz\",\"isPartOf\":{\"@id\":\"https:\/\/www.pressenza.com\/pt-pt\/#website\"},\"datePublished\":\"2009-04-12T00:00:00+00:00\",\"dateModified\":\"2009-04-12T20:50:23+00:00\",\"description\":\"Come\u00e7am a surgir sinais de diversos setores sobre a urg\u00eancia do desarmamento nuclear, principal objetivo da Marcha Mundial pela Paz e pela N\u00e3o-viol\u00eancia.\",\"breadcrumb\":{\"@id\":\"https:\/\/www.pressenza.com\/pt-pt\/2009\/04\/desarmamento-nuclearx-o-primeiro-passo-para-um-mundo-em-paz\/#breadcrumb\"},\"inLanguage\":\"pt-PT\",\"potentialAction\":[{\"@type\":\"ReadAction\",\"target\":[\"https:\/\/www.pressenza.com\/pt-pt\/2009\/04\/desarmamento-nuclearx-o-primeiro-passo-para-um-mundo-em-paz\/\"]}]},{\"@type\":\"BreadcrumbList\",\"@id\":\"https:\/\/www.pressenza.com\/pt-pt\/2009\/04\/desarmamento-nuclearx-o-primeiro-passo-para-um-mundo-em-paz\/#breadcrumb\",\"itemListElement\":[{\"@type\":\"ListItem\",\"position\":1,\"name\":\"Accueil\",\"item\":\"https:\/\/www.pressenza.com\/pt-pt\/\"},{\"@type\":\"ListItem\",\"position\":2,\"name\":\"Desarmamento nuclear: o primeiro passo para um mundo em paz\"}]},{\"@type\":\"WebSite\",\"@id\":\"https:\/\/www.pressenza.com\/pt-pt\/#website\",\"url\":\"https:\/\/www.pressenza.com\/pt-pt\/\",\"name\":\"Pressenza\",\"description\":\"International Press Agency\",\"publisher\":{\"@id\":\"https:\/\/www.pressenza.com\/pt-pt\/#organization\"},\"potentialAction\":[{\"@type\":\"SearchAction\",\"target\":{\"@type\":\"EntryPoint\",\"urlTemplate\":\"https:\/\/www.pressenza.com\/pt-pt\/?s={search_term_string}\"},\"query-input\":{\"@type\":\"PropertyValueSpecification\",\"valueRequired\":true,\"valueName\":\"search_term_string\"}}],\"inLanguage\":\"pt-PT\"},{\"@type\":\"Organization\",\"@id\":\"https:\/\/www.pressenza.com\/pt-pt\/#organization\",\"name\":\"Pressenza\",\"url\":\"https:\/\/www.pressenza.com\/pt-pt\/\",\"logo\":{\"@type\":\"ImageObject\",\"inLanguage\":\"pt-PT\",\"@id\":\"https:\/\/www.pressenza.com\/pt-pt\/#\/schema\/logo\/image\/\",\"url\":\"https:\/\/www.pressenza.com\/wp-content\/uploads\/2022\/10\/pressenza_logo_200x200.jpg\",\"contentUrl\":\"https:\/\/www.pressenza.com\/wp-content\/uploads\/2022\/10\/pressenza_logo_200x200.jpg\",\"width\":200,\"height\":200,\"caption\":\"Pressenza\"},\"image\":{\"@id\":\"https:\/\/www.pressenza.com\/pt-pt\/#\/schema\/logo\/image\/\"},\"sameAs\":[\"https:\/\/www.facebook.com\/PressenzaItalia\",\"https:\/\/x.com\/PressenzaIPA\"]},{\"@type\":\"Person\",\"@id\":\"https:\/\/www.pressenza.com\/pt-pt\/#\/schema\/person\/f0a41b562e086ea0d8a8150002e7958e\",\"name\":\"Rafael De La Rubia\",\"description\":\"Spanish Humanist. Founder of the Organization World without Wars and Violence and spokesperson of the World March for Peace and Nonviolence theworldmarch.org\",\"sameAs\":[\"https:\/\/x.com\/raffka\"],\"url\":\"https:\/\/www.pressenza.com\/pt-pt\/author\/rafael-de-la-rubia\/\"}]}<\/script>\n<!-- \/ Yoast SEO plugin. -->","yoast_head_json":{"title":"Desarmamento nuclear: o primeiro passo para um mundo em paz","description":"Come\u00e7am a surgir sinais de diversos setores sobre a urg\u00eancia do desarmamento nuclear, principal objetivo da Marcha Mundial pela Paz e pela N\u00e3o-viol\u00eancia.","robots":{"index":"index","follow":"follow","max-snippet":"max-snippet:-1","max-image-preview":"max-image-preview:large","max-video-preview":"max-video-preview:-1"},"canonical":"https:\/\/www.pressenza.com\/pt-pt\/2009\/04\/desarmamento-nuclearx-o-primeiro-passo-para-um-mundo-em-paz\/","og_locale":"pt_PT","og_type":"article","og_title":"Desarmamento nuclear: o primeiro passo para um mundo em paz","og_description":"Come\u00e7am a surgir sinais de diversos setores sobre a urg\u00eancia do desarmamento nuclear, principal objetivo da Marcha Mundial pela Paz e pela N\u00e3o-viol\u00eancia.","og_url":"https:\/\/www.pressenza.com\/pt-pt\/2009\/04\/desarmamento-nuclearx-o-primeiro-passo-para-um-mundo-em-paz\/","og_site_name":"Pressenza","article_publisher":"https:\/\/www.facebook.com\/PressenzaItalia","article_published_time":"2009-04-12T00:00:00+00:00","article_modified_time":"2009-04-12T20:50:23+00:00","author":"Rafael De La Rubia","twitter_card":"summary_large_image","twitter_creator":"@raffka","twitter_site":"@PressenzaIPA","twitter_misc":{"Escrito por":"Rafael De La Rubia","Tempo estimado de leitura":"2 minutos"},"schema":{"@context":"https:\/\/schema.org","@graph":[{"@type":"Article","@id":"https:\/\/www.pressenza.com\/pt-pt\/2009\/04\/desarmamento-nuclearx-o-primeiro-passo-para-um-mundo-em-paz\/#article","isPartOf":{"@id":"https:\/\/www.pressenza.com\/pt-pt\/2009\/04\/desarmamento-nuclearx-o-primeiro-passo-para-um-mundo-em-paz\/"},"author":{"name":"Rafael De La Rubia","@id":"https:\/\/www.pressenza.com\/pt-pt\/#\/schema\/person\/f0a41b562e086ea0d8a8150002e7958e"},"headline":"Desarmamento nuclear: o primeiro passo para um mundo em paz","datePublished":"2009-04-12T00:00:00+00:00","dateModified":"2009-04-12T20:50:23+00:00","mainEntityOfPage":{"@id":"https:\/\/www.pressenza.com\/pt-pt\/2009\/04\/desarmamento-nuclearx-o-primeiro-passo-para-um-mundo-em-paz\/"},"wordCount":495,"publisher":{"@id":"https:\/\/www.pressenza.com\/pt-pt\/#organization"},"articleSection":["Assuntos internacionais","Europa","Internacional","Opini\u00e3o"],"inLanguage":"pt-PT"},{"@type":"WebPage","@id":"https:\/\/www.pressenza.com\/pt-pt\/2009\/04\/desarmamento-nuclearx-o-primeiro-passo-para-um-mundo-em-paz\/","url":"https:\/\/www.pressenza.com\/pt-pt\/2009\/04\/desarmamento-nuclearx-o-primeiro-passo-para-um-mundo-em-paz\/","name":"Desarmamento nuclear: o primeiro passo para um mundo em paz","isPartOf":{"@id":"https:\/\/www.pressenza.com\/pt-pt\/#website"},"datePublished":"2009-04-12T00:00:00+00:00","dateModified":"2009-04-12T20:50:23+00:00","description":"Come\u00e7am a surgir sinais de diversos setores sobre a urg\u00eancia do desarmamento nuclear, principal objetivo da Marcha Mundial pela Paz e pela N\u00e3o-viol\u00eancia.","breadcrumb":{"@id":"https:\/\/www.pressenza.com\/pt-pt\/2009\/04\/desarmamento-nuclearx-o-primeiro-passo-para-um-mundo-em-paz\/#breadcrumb"},"inLanguage":"pt-PT","potentialAction":[{"@type":"ReadAction","target":["https:\/\/www.pressenza.com\/pt-pt\/2009\/04\/desarmamento-nuclearx-o-primeiro-passo-para-um-mundo-em-paz\/"]}]},{"@type":"BreadcrumbList","@id":"https:\/\/www.pressenza.com\/pt-pt\/2009\/04\/desarmamento-nuclearx-o-primeiro-passo-para-um-mundo-em-paz\/#breadcrumb","itemListElement":[{"@type":"ListItem","position":1,"name":"Accueil","item":"https:\/\/www.pressenza.com\/pt-pt\/"},{"@type":"ListItem","position":2,"name":"Desarmamento nuclear: o primeiro passo para um mundo em paz"}]},{"@type":"WebSite","@id":"https:\/\/www.pressenza.com\/pt-pt\/#website","url":"https:\/\/www.pressenza.com\/pt-pt\/","name":"Pressenza","description":"International Press Agency","publisher":{"@id":"https:\/\/www.pressenza.com\/pt-pt\/#organization"},"potentialAction":[{"@type":"SearchAction","target":{"@type":"EntryPoint","urlTemplate":"https:\/\/www.pressenza.com\/pt-pt\/?s={search_term_string}"},"query-input":{"@type":"PropertyValueSpecification","valueRequired":true,"valueName":"search_term_string"}}],"inLanguage":"pt-PT"},{"@type":"Organization","@id":"https:\/\/www.pressenza.com\/pt-pt\/#organization","name":"Pressenza","url":"https:\/\/www.pressenza.com\/pt-pt\/","logo":{"@type":"ImageObject","inLanguage":"pt-PT","@id":"https:\/\/www.pressenza.com\/pt-pt\/#\/schema\/logo\/image\/","url":"https:\/\/www.pressenza.com\/wp-content\/uploads\/2022\/10\/pressenza_logo_200x200.jpg","contentUrl":"https:\/\/www.pressenza.com\/wp-content\/uploads\/2022\/10\/pressenza_logo_200x200.jpg","width":200,"height":200,"caption":"Pressenza"},"image":{"@id":"https:\/\/www.pressenza.com\/pt-pt\/#\/schema\/logo\/image\/"},"sameAs":["https:\/\/www.facebook.com\/PressenzaItalia","https:\/\/x.com\/PressenzaIPA"]},{"@type":"Person","@id":"https:\/\/www.pressenza.com\/pt-pt\/#\/schema\/person\/f0a41b562e086ea0d8a8150002e7958e","name":"Rafael De La Rubia","description":"Spanish Humanist. Founder of the Organization World without Wars and Violence and spokesperson of the World March for Peace and Nonviolence theworldmarch.org","sameAs":["https:\/\/x.com\/raffka"],"url":"https:\/\/www.pressenza.com\/pt-pt\/author\/rafael-de-la-rubia\/"}]}},"place":"Madrid","original_article_url":"","_links":{"self":[{"href":"https:\/\/www.pressenza.com\/pt-pt\/wp-json\/wp\/v2\/posts\/252","targetHints":{"allow":["GET"]}}],"collection":[{"href":"https:\/\/www.pressenza.com\/pt-pt\/wp-json\/wp\/v2\/posts"}],"about":[{"href":"https:\/\/www.pressenza.com\/pt-pt\/wp-json\/wp\/v2\/types\/post"}],"author":[{"embeddable":true,"href":"https:\/\/www.pressenza.com\/pt-pt\/wp-json\/wp\/v2\/users\/42"}],"replies":[{"embeddable":true,"href":"https:\/\/www.pressenza.com\/pt-pt\/wp-json\/wp\/v2\/comments?post=252"}],"version-history":[{"count":0,"href":"https:\/\/www.pressenza.com\/pt-pt\/wp-json\/wp\/v2\/posts\/252\/revisions"}],"wp:attachment":[{"href":"https:\/\/www.pressenza.com\/pt-pt\/wp-json\/wp\/v2\/media?parent=252"}],"wp:term":[{"taxonomy":"category","embeddable":true,"href":"https:\/\/www.pressenza.com\/pt-pt\/wp-json\/wp\/v2\/categories?post=252"},{"taxonomy":"post_tag","embeddable":true,"href":"https:\/\/www.pressenza.com\/pt-pt\/wp-json\/wp\/v2\/tags?post=252"}],"curies":[{"name":"wp","href":"https:\/\/api.w.org\/{rel}","templated":true}]}}