{"id":2458679,"date":"2024-05-19T14:53:34","date_gmt":"2024-05-19T13:53:34","guid":{"rendered":"https:\/\/www.pressenza.com\/?p=2458679"},"modified":"2024-05-19T14:54:53","modified_gmt":"2024-05-19T13:54:53","slug":"o-curta-documentario-paraense-seringal-ananin-de-elizabeth-santos-e-premiado-no-salao-de-arte-vem-sac-paris","status":"publish","type":"post","link":"https:\/\/www.pressenza.com\/pt-pt\/2024\/05\/o-curta-documentario-paraense-seringal-ananin-de-elizabeth-santos-e-premiado-no-salao-de-arte-vem-sac-paris\/","title":{"rendered":"O curta document\u00e1rio paraense &#8220;Seringal Ananin&#8221;, de Elizabeth Santos, \u00e9 premiado no sal\u00e3o de arte VEM SAC-PARIS"},"content":{"rendered":"<h5><span style=\"color: #999999;\">CINEMA<\/span><\/h5>\n<p><em><strong>Por J\u00fania Azevedo \/ Escrita Comunica\u00e7\u00e3o<\/strong><\/em><\/p>\n<p>&nbsp;<\/p>\n<h1 style=\"text-align: center;\"><strong>Document\u00e1rio Curta-Metragem Paraense, \u00e9 premiado no Vem Sac-Paris, Sal\u00e3o Internacional de Artes, na Fran\u00e7a, na categoria de Melhor Document\u00e1rio<\/strong><\/h1>\n<p>O document\u00e1rio paraense \u201cSeringal Ananin\u201d foi premiado no Vem Sac-Paris, sal\u00e3o internacional de artes, de 24 a 28 de abril, na Fran\u00e7a. O curta-metragem, com roteiro e dire\u00e7\u00e3o de Elizabeth Santos,\u00a0ganhou como Melhor Document\u00e1rio, uma das categorias especiais do evento promovido pela Gallery SPT, com atividade em Portugal e na Espanha. O filme fala sobre o Museu Parque Seringal de Ananindeua, situado na regi\u00e3o metropolitana de Bel\u00e9m, no Par\u00e1. Espa\u00e7o de mem\u00f3ria, cultura e lazer, o local reproduz em escala reduzida o ambiente de explora\u00e7\u00e3o das seringueiras em busca do l\u00e1tex da Floresta Amaz\u00f4nica. O filme ser\u00e1 relan\u00e7ado em setembro no Brasil como longa metragem.<u><\/u><u><\/u><\/p>\n<p>A trilha sonora original do filme \u00e9 do violonista Salom\u00e3o Habib, renomado pesquisador e compositor de m\u00fasica regional paraense. Com 28 minutos de dura\u00e7\u00e3o, o curta aborda a hist\u00f3ria do Ciclo da Borracha, passando por figuras como Chico Mendes. Utilizando depoimentos e poesias, o document\u00e1rio destaca tamb\u00e9m aspectos geogr\u00e1ficos, sociais, ambientais e culturais do parque ambiental, constru\u00eddo num antigo local de descarte de lixo de Ananindeua, em 2012. \u00a0Segundo a diretora e roteirista, o projeto tem como objetivo principal a valoriza\u00e7\u00e3o e conscientiza\u00e7\u00e3o da sociedade em rela\u00e7\u00e3o \u00e0 preserva\u00e7\u00e3o do meio ambiente e de \u00e1reas de preserva\u00e7\u00e3o ambiental.<u><\/u><u><\/u><\/p>\n<p>\u201cSeringal Ananin\u201d foi lan\u00e7ado em Madri (Espanha), em julho de 2023; em seguida, em Portugal, e, agora, em abril, em Paris (Fran\u00e7a), onde foi condecorado no Vem Sac-Paris. \u201cN\u00e3o esper\u00e1vamos receber premia\u00e7\u00f5es, j\u00e1 est\u00e1vamos satisfeitos em sermos selecionados pela curadoria para participarmos das mostras internacionais. Foi uma surpresa\u201d, contou Elisabeth. \u201cAtualmente, estamos trabalhando numa nova montagem e edi\u00e7\u00e3o para relan\u00e7ar o filme como longa-metragem no segundo semestre, no Brasil\u201d, adianta a diretora e roteirista. Segundo ela, a nova vers\u00e3o ter\u00e1 75 minutos de dura\u00e7\u00e3o.<u><\/u><u><\/u><\/p>\n<p><img loading=\"lazy\" decoding=\"async\" class=\"aligncenter wp-image-2459108 size-full\" src=\"https:\/\/www.pressenza.com\/wp-content\/uploads\/2024\/05\/unnamed-4.jpg\" alt=\"\" width=\"300\" height=\"424\" srcset=\"https:\/\/www.pressenza.com\/wp-content\/uploads\/2024\/05\/unnamed-4.jpg 300w, https:\/\/www.pressenza.com\/wp-content\/uploads\/2024\/05\/unnamed-4-212x300.jpg 212w\" sizes=\"auto, (max-width: 300px) 100vw, 300px\" \/><\/p>\n<p><u><\/u>\u00a0<u><\/u><strong>SOBRE O MUSEU PARQUE SERINGAL DE ANANINDEUA<\/strong><u><\/u><u><\/u><\/p>\n<p>Com \u00e1rea de 12 mil metros quadrados, o Parque Seringal foi inaugurado em 2012 na cidade de Ananindeua, no Par\u00e1.\u00a0Um dos grandes atrativos do local \u00e9 o Museu do Seringueiro, cuja instala\u00e7\u00e3o reproduz a moradia do seringueiro e do seringalista, com ambienta\u00e7\u00e3o que transporta o visitante \u00e0quela realidade. O Parque Seringal \u00e9 considerado tamb\u00e9m uma Unidade de Conserva\u00e7\u00e3o, sendo um importante ponto de valoriza\u00e7\u00e3o do meio ambiente na regi\u00e3o metropolitana de Bel\u00e9m. Al\u00e9m de centenas de seringueiras, o local conta com \u00e1rvores comuns ao bioma amaz\u00f4nico. H\u00e1 ainda anfiteatro, academias de gin\u00e1stica ao ar livre, lanchonete e espa\u00e7os de visita\u00e7\u00e3o. O parque funciona de segunda a domingo, com entrada franca.<u><\/u><u><\/u><\/p>\n<p><u><\/u>\u00a0<u><\/u><strong>SOBRE ELIZABETH SANTOS\u00a0<\/strong><b><br \/>\n<\/b>Nascida em Serra do Navio, no Amap\u00e1, vive desde os 12 anos de idade no Par\u00e1. Al\u00e9m de diretora e roteirista de cinema, \u00e9 professora de Hist\u00f3ria e Estudos Amaz\u00f4nicos e trabalha com projetos culturais. \u00c9 p\u00f3s-graduada em Cinema e Linguagem Audiovisual, e p\u00f3s-graduanda em Processos Criativos e Gest\u00e3o da Ind\u00fastria Cinematogr\u00e1fica.<\/p>\n<p><u><\/u><u><\/u><strong>FICHA T\u00c9CNICA<\/strong><b><br \/>\n<\/b>Dire\u00e7\u00e3o e Roteiro: Elizabeth Santos<br \/>\nProdu\u00e7\u00e3o Executiva: Marta Gorete Nascimento e Marcelo Santos<br \/>\nDire\u00e7\u00e3o de Fotografia: Elizabeth Santos<br \/>\nDire\u00e7\u00e3o de Produ\u00e7\u00e3o: Graciete Barbosa<br \/>\nMontagem e Edi\u00e7\u00e3o: Donato J\u00fanior e Elizabeth Santos<br \/>\nFilmagem: Felipe Almeida<br \/>\nDrone: Donato J\u00fanior<br \/>\nStill: Ithatiele Vianna<br \/>\nLogger: Hermeson Galv\u00e3o<br \/>\nApoio: Magno Goulart e Elizangela Moura<br \/>\nFoto (cartaz): Ithatiele Vianna<br \/>\nCartaz: Francy Rocha<br \/>\nProdu\u00e7\u00e3o: Smart Video Produ\u00e7\u00f5es e Story Filmes 77<br \/>\nAgradecimento: MUPS e GM<br \/>\nDura\u00e7\u00e3o: 28 minutos<\/p>\n<p>&nbsp;<\/p>\n","protected":false},"excerpt":{"rendered":"<p>CINEMA Por J\u00fania Azevedo \/ Escrita Comunica\u00e7\u00e3o &nbsp; Document\u00e1rio Curta-Metragem Paraense, \u00e9 premiado no Vem Sac-Paris, Sal\u00e3o Internacional de Artes, na Fran\u00e7a, na categoria de Melhor Document\u00e1rio O document\u00e1rio paraense \u201cSeringal Ananin\u201d foi premiado no Vem Sac-Paris, sal\u00e3o internacional de&hellip;<\/p>\n","protected":false},"author":1685,"featured_media":2459077,"comment_status":"closed","ping_status":"closed","sticky":false,"template":"","format":"standard","meta":{"footnotes":""},"categories":[104,11390,112,116,115,153],"tags":[75238,476,57433],"class_list":["post-2458679","post","type-post","status-publish","format-standard","has-post-thumbnail","hentry","category-america-do-sul","category-conteudo-original","category-cultura-pt-pt","category-direitos-humanos","category-ecologia-e-meio-ambiente","category-nota-de-imprensa","tag-caderno-de-cultura","tag-cinema","tag-documentario-pt-pt"],"yoast_head":"<!-- This site is optimized with the Yoast SEO plugin v27.1.1 - https:\/\/yoast.com\/product\/yoast-seo-wordpress\/ -->\n<title>O curta document\u00e1rio paraense &quot;Seringal Ananin&quot;, de Elizabeth Santos, \u00e9 premiado no sal\u00e3o de arte VEM SAC-PARIS<\/title>\n<meta name=\"description\" content=\"CINEMA Por J\u00fania Azevedo \/ Escrita Comunica\u00e7\u00e3o &nbsp; Document\u00e1rio Curta-Metragem Paraense, \u00e9 premiado no Vem Sac-Paris, Sal\u00e3o Internacional de Artes, na\" \/>\n<meta name=\"robots\" content=\"index, follow, max-snippet:-1, max-image-preview:large, max-video-preview:-1\" \/>\n<link rel=\"canonical\" href=\"https:\/\/www.pressenza.com\/pt-pt\/2024\/05\/o-curta-documentario-paraense-seringal-ananin-de-elizabeth-santos-e-premiado-no-salao-de-arte-vem-sac-paris\/\" \/>\n<meta property=\"og:locale\" content=\"pt_PT\" \/>\n<meta property=\"og:type\" content=\"article\" \/>\n<meta property=\"og:title\" content=\"O curta document\u00e1rio paraense &quot;Seringal Ananin&quot;, de Elizabeth Santos, \u00e9 premiado no sal\u00e3o de arte VEM SAC-PARIS\" \/>\n<meta property=\"og:description\" content=\"CINEMA Por J\u00fania Azevedo \/ Escrita Comunica\u00e7\u00e3o &nbsp; Document\u00e1rio Curta-Metragem Paraense, \u00e9 premiado no Vem Sac-Paris, Sal\u00e3o Internacional de Artes, na\" \/>\n<meta property=\"og:url\" content=\"https:\/\/www.pressenza.com\/pt-pt\/2024\/05\/o-curta-documentario-paraense-seringal-ananin-de-elizabeth-santos-e-premiado-no-salao-de-arte-vem-sac-paris\/\" \/>\n<meta property=\"og:site_name\" content=\"Pressenza\" \/>\n<meta property=\"article:publisher\" content=\"https:\/\/www.facebook.com\/PressenzaItalia\" \/>\n<meta property=\"article:published_time\" content=\"2024-05-19T13:53:34+00:00\" \/>\n<meta property=\"article:modified_time\" content=\"2024-05-19T13:54:53+00:00\" \/>\n<meta property=\"og:image\" content=\"https:\/\/www.pressenza.com\/wp-content\/uploads\/2024\/05\/fotos-site-pressenza-3-3.jpg\" \/>\n\t<meta property=\"og:image:width\" content=\"750\" \/>\n\t<meta property=\"og:image:height\" content=\"420\" \/>\n\t<meta property=\"og:image:type\" content=\"image\/jpeg\" \/>\n<meta name=\"author\" content=\"Reda\u00e7\u00e3o Rio de Janeiro\" \/>\n<meta name=\"twitter:card\" content=\"summary_large_image\" \/>\n<meta name=\"twitter:creator\" content=\"@PressenzaIPA\" \/>\n<meta name=\"twitter:site\" content=\"@PressenzaIPA\" \/>\n<meta name=\"twitter:label1\" content=\"Escrito por\" \/>\n\t<meta name=\"twitter:data1\" content=\"Reda\u00e7\u00e3o Rio de Janeiro\" \/>\n\t<meta name=\"twitter:label2\" content=\"Tempo estimado de leitura\" \/>\n\t<meta name=\"twitter:data2\" content=\"4 minutos\" \/>\n<script type=\"application\/ld+json\" class=\"yoast-schema-graph\">{\"@context\":\"https:\/\/schema.org\",\"@graph\":[{\"@type\":\"Article\",\"@id\":\"https:\/\/www.pressenza.com\/pt-pt\/2024\/05\/o-curta-documentario-paraense-seringal-ananin-de-elizabeth-santos-e-premiado-no-salao-de-arte-vem-sac-paris\/#article\",\"isPartOf\":{\"@id\":\"https:\/\/www.pressenza.com\/pt-pt\/2024\/05\/o-curta-documentario-paraense-seringal-ananin-de-elizabeth-santos-e-premiado-no-salao-de-arte-vem-sac-paris\/\"},\"author\":{\"name\":\"Reda\u00e7\u00e3o Rio de Janeiro\",\"@id\":\"https:\/\/www.pressenza.com\/pt-pt\/#\/schema\/person\/6925e927f8ff3a0cdb838320c5d12259\"},\"headline\":\"O curta document\u00e1rio paraense &#8220;Seringal Ananin&#8221;, de Elizabeth Santos, \u00e9 premiado no sal\u00e3o de arte VEM SAC-PARIS\",\"datePublished\":\"2024-05-19T13:53:34+00:00\",\"dateModified\":\"2024-05-19T13:54:53+00:00\",\"mainEntityOfPage\":{\"@id\":\"https:\/\/www.pressenza.com\/pt-pt\/2024\/05\/o-curta-documentario-paraense-seringal-ananin-de-elizabeth-santos-e-premiado-no-salao-de-arte-vem-sac-paris\/\"},\"wordCount\":636,\"publisher\":{\"@id\":\"https:\/\/www.pressenza.com\/pt-pt\/#organization\"},\"image\":{\"@id\":\"https:\/\/www.pressenza.com\/pt-pt\/2024\/05\/o-curta-documentario-paraense-seringal-ananin-de-elizabeth-santos-e-premiado-no-salao-de-arte-vem-sac-paris\/#primaryimage\"},\"thumbnailUrl\":\"https:\/\/www.pressenza.com\/wp-content\/uploads\/2024\/05\/fotos-site-pressenza-3-3.jpg\",\"keywords\":[\"caderno de cultura\",\"cinema\",\"documentario\"],\"articleSection\":[\"\u00c1m\u00e9rica do Sul\",\"Conte\u00fado Original\",\"Cultura e M\u00eddia\",\"Direitos Humanos\",\"Ecologia e Meio Ambiente\",\"Nota de imprensa\"],\"inLanguage\":\"pt-PT\"},{\"@type\":\"WebPage\",\"@id\":\"https:\/\/www.pressenza.com\/pt-pt\/2024\/05\/o-curta-documentario-paraense-seringal-ananin-de-elizabeth-santos-e-premiado-no-salao-de-arte-vem-sac-paris\/\",\"url\":\"https:\/\/www.pressenza.com\/pt-pt\/2024\/05\/o-curta-documentario-paraense-seringal-ananin-de-elizabeth-santos-e-premiado-no-salao-de-arte-vem-sac-paris\/\",\"name\":\"O curta document\u00e1rio paraense \\\"Seringal Ananin\\\", de Elizabeth Santos, \u00e9 premiado no sal\u00e3o de arte VEM SAC-PARIS\",\"isPartOf\":{\"@id\":\"https:\/\/www.pressenza.com\/pt-pt\/#website\"},\"primaryImageOfPage\":{\"@id\":\"https:\/\/www.pressenza.com\/pt-pt\/2024\/05\/o-curta-documentario-paraense-seringal-ananin-de-elizabeth-santos-e-premiado-no-salao-de-arte-vem-sac-paris\/#primaryimage\"},\"image\":{\"@id\":\"https:\/\/www.pressenza.com\/pt-pt\/2024\/05\/o-curta-documentario-paraense-seringal-ananin-de-elizabeth-santos-e-premiado-no-salao-de-arte-vem-sac-paris\/#primaryimage\"},\"thumbnailUrl\":\"https:\/\/www.pressenza.com\/wp-content\/uploads\/2024\/05\/fotos-site-pressenza-3-3.jpg\",\"datePublished\":\"2024-05-19T13:53:34+00:00\",\"dateModified\":\"2024-05-19T13:54:53+00:00\",\"description\":\"CINEMA Por J\u00fania Azevedo \/ Escrita Comunica\u00e7\u00e3o &nbsp; Document\u00e1rio Curta-Metragem Paraense, \u00e9 premiado no Vem Sac-Paris, Sal\u00e3o Internacional de Artes, na\",\"breadcrumb\":{\"@id\":\"https:\/\/www.pressenza.com\/pt-pt\/2024\/05\/o-curta-documentario-paraense-seringal-ananin-de-elizabeth-santos-e-premiado-no-salao-de-arte-vem-sac-paris\/#breadcrumb\"},\"inLanguage\":\"pt-PT\",\"potentialAction\":[{\"@type\":\"ReadAction\",\"target\":[\"https:\/\/www.pressenza.com\/pt-pt\/2024\/05\/o-curta-documentario-paraense-seringal-ananin-de-elizabeth-santos-e-premiado-no-salao-de-arte-vem-sac-paris\/\"]}]},{\"@type\":\"ImageObject\",\"inLanguage\":\"pt-PT\",\"@id\":\"https:\/\/www.pressenza.com\/pt-pt\/2024\/05\/o-curta-documentario-paraense-seringal-ananin-de-elizabeth-santos-e-premiado-no-salao-de-arte-vem-sac-paris\/#primaryimage\",\"url\":\"https:\/\/www.pressenza.com\/wp-content\/uploads\/2024\/05\/fotos-site-pressenza-3-3.jpg\",\"contentUrl\":\"https:\/\/www.pressenza.com\/wp-content\/uploads\/2024\/05\/fotos-site-pressenza-3-3.jpg\",\"width\":750,\"height\":420},{\"@type\":\"BreadcrumbList\",\"@id\":\"https:\/\/www.pressenza.com\/pt-pt\/2024\/05\/o-curta-documentario-paraense-seringal-ananin-de-elizabeth-santos-e-premiado-no-salao-de-arte-vem-sac-paris\/#breadcrumb\",\"itemListElement\":[{\"@type\":\"ListItem\",\"position\":1,\"name\":\"Accueil\",\"item\":\"https:\/\/www.pressenza.com\/pt-pt\/\"},{\"@type\":\"ListItem\",\"position\":2,\"name\":\"O curta document\u00e1rio paraense &#8220;Seringal Ananin&#8221;, de Elizabeth Santos, \u00e9 premiado no sal\u00e3o de arte VEM SAC-PARIS\"}]},{\"@type\":\"WebSite\",\"@id\":\"https:\/\/www.pressenza.com\/pt-pt\/#website\",\"url\":\"https:\/\/www.pressenza.com\/pt-pt\/\",\"name\":\"Pressenza\",\"description\":\"International Press Agency\",\"publisher\":{\"@id\":\"https:\/\/www.pressenza.com\/pt-pt\/#organization\"},\"potentialAction\":[{\"@type\":\"SearchAction\",\"target\":{\"@type\":\"EntryPoint\",\"urlTemplate\":\"https:\/\/www.pressenza.com\/pt-pt\/?s={search_term_string}\"},\"query-input\":{\"@type\":\"PropertyValueSpecification\",\"valueRequired\":true,\"valueName\":\"search_term_string\"}}],\"inLanguage\":\"pt-PT\"},{\"@type\":\"Organization\",\"@id\":\"https:\/\/www.pressenza.com\/pt-pt\/#organization\",\"name\":\"Pressenza\",\"url\":\"https:\/\/www.pressenza.com\/pt-pt\/\",\"logo\":{\"@type\":\"ImageObject\",\"inLanguage\":\"pt-PT\",\"@id\":\"https:\/\/www.pressenza.com\/pt-pt\/#\/schema\/logo\/image\/\",\"url\":\"https:\/\/www.pressenza.com\/wp-content\/uploads\/2022\/10\/pressenza_logo_200x200.jpg\",\"contentUrl\":\"https:\/\/www.pressenza.com\/wp-content\/uploads\/2022\/10\/pressenza_logo_200x200.jpg\",\"width\":200,\"height\":200,\"caption\":\"Pressenza\"},\"image\":{\"@id\":\"https:\/\/www.pressenza.com\/pt-pt\/#\/schema\/logo\/image\/\"},\"sameAs\":[\"https:\/\/www.facebook.com\/PressenzaItalia\",\"https:\/\/x.com\/PressenzaIPA\"]},{\"@type\":\"Person\",\"@id\":\"https:\/\/www.pressenza.com\/pt-pt\/#\/schema\/person\/6925e927f8ff3a0cdb838320c5d12259\",\"name\":\"Reda\u00e7\u00e3o Rio de Janeiro\",\"description\":\"News published by the Pressenza bureau in Rio de Janeiro, Brazil\",\"url\":\"https:\/\/www.pressenza.com\/pt-pt\/author\/redacao-rio-de-janeiro\/\"}]}<\/script>\n<!-- \/ Yoast SEO plugin. -->","yoast_head_json":{"title":"O curta document\u00e1rio paraense \"Seringal Ananin\", de Elizabeth Santos, \u00e9 premiado no sal\u00e3o de arte VEM SAC-PARIS","description":"CINEMA Por J\u00fania Azevedo \/ Escrita Comunica\u00e7\u00e3o &nbsp; Document\u00e1rio Curta-Metragem Paraense, \u00e9 premiado no Vem Sac-Paris, Sal\u00e3o Internacional de Artes, na","robots":{"index":"index","follow":"follow","max-snippet":"max-snippet:-1","max-image-preview":"max-image-preview:large","max-video-preview":"max-video-preview:-1"},"canonical":"https:\/\/www.pressenza.com\/pt-pt\/2024\/05\/o-curta-documentario-paraense-seringal-ananin-de-elizabeth-santos-e-premiado-no-salao-de-arte-vem-sac-paris\/","og_locale":"pt_PT","og_type":"article","og_title":"O curta document\u00e1rio paraense \"Seringal Ananin\", de Elizabeth Santos, \u00e9 premiado no sal\u00e3o de arte VEM SAC-PARIS","og_description":"CINEMA Por J\u00fania Azevedo \/ Escrita Comunica\u00e7\u00e3o &nbsp; Document\u00e1rio Curta-Metragem Paraense, \u00e9 premiado no Vem Sac-Paris, Sal\u00e3o Internacional de Artes, na","og_url":"https:\/\/www.pressenza.com\/pt-pt\/2024\/05\/o-curta-documentario-paraense-seringal-ananin-de-elizabeth-santos-e-premiado-no-salao-de-arte-vem-sac-paris\/","og_site_name":"Pressenza","article_publisher":"https:\/\/www.facebook.com\/PressenzaItalia","article_published_time":"2024-05-19T13:53:34+00:00","article_modified_time":"2024-05-19T13:54:53+00:00","og_image":[{"width":750,"height":420,"url":"https:\/\/www.pressenza.com\/wp-content\/uploads\/2024\/05\/fotos-site-pressenza-3-3.jpg","type":"image\/jpeg"}],"author":"Reda\u00e7\u00e3o Rio de Janeiro","twitter_card":"summary_large_image","twitter_creator":"@PressenzaIPA","twitter_site":"@PressenzaIPA","twitter_misc":{"Escrito por":"Reda\u00e7\u00e3o Rio de Janeiro","Tempo estimado de leitura":"4 minutos"},"schema":{"@context":"https:\/\/schema.org","@graph":[{"@type":"Article","@id":"https:\/\/www.pressenza.com\/pt-pt\/2024\/05\/o-curta-documentario-paraense-seringal-ananin-de-elizabeth-santos-e-premiado-no-salao-de-arte-vem-sac-paris\/#article","isPartOf":{"@id":"https:\/\/www.pressenza.com\/pt-pt\/2024\/05\/o-curta-documentario-paraense-seringal-ananin-de-elizabeth-santos-e-premiado-no-salao-de-arte-vem-sac-paris\/"},"author":{"name":"Reda\u00e7\u00e3o Rio de Janeiro","@id":"https:\/\/www.pressenza.com\/pt-pt\/#\/schema\/person\/6925e927f8ff3a0cdb838320c5d12259"},"headline":"O curta document\u00e1rio paraense &#8220;Seringal Ananin&#8221;, de Elizabeth Santos, \u00e9 premiado no sal\u00e3o de arte VEM SAC-PARIS","datePublished":"2024-05-19T13:53:34+00:00","dateModified":"2024-05-19T13:54:53+00:00","mainEntityOfPage":{"@id":"https:\/\/www.pressenza.com\/pt-pt\/2024\/05\/o-curta-documentario-paraense-seringal-ananin-de-elizabeth-santos-e-premiado-no-salao-de-arte-vem-sac-paris\/"},"wordCount":636,"publisher":{"@id":"https:\/\/www.pressenza.com\/pt-pt\/#organization"},"image":{"@id":"https:\/\/www.pressenza.com\/pt-pt\/2024\/05\/o-curta-documentario-paraense-seringal-ananin-de-elizabeth-santos-e-premiado-no-salao-de-arte-vem-sac-paris\/#primaryimage"},"thumbnailUrl":"https:\/\/www.pressenza.com\/wp-content\/uploads\/2024\/05\/fotos-site-pressenza-3-3.jpg","keywords":["caderno de cultura","cinema","documentario"],"articleSection":["\u00c1m\u00e9rica do Sul","Conte\u00fado Original","Cultura e M\u00eddia","Direitos Humanos","Ecologia e Meio Ambiente","Nota de imprensa"],"inLanguage":"pt-PT"},{"@type":"WebPage","@id":"https:\/\/www.pressenza.com\/pt-pt\/2024\/05\/o-curta-documentario-paraense-seringal-ananin-de-elizabeth-santos-e-premiado-no-salao-de-arte-vem-sac-paris\/","url":"https:\/\/www.pressenza.com\/pt-pt\/2024\/05\/o-curta-documentario-paraense-seringal-ananin-de-elizabeth-santos-e-premiado-no-salao-de-arte-vem-sac-paris\/","name":"O curta document\u00e1rio paraense \"Seringal Ananin\", de Elizabeth Santos, \u00e9 premiado no sal\u00e3o de arte VEM SAC-PARIS","isPartOf":{"@id":"https:\/\/www.pressenza.com\/pt-pt\/#website"},"primaryImageOfPage":{"@id":"https:\/\/www.pressenza.com\/pt-pt\/2024\/05\/o-curta-documentario-paraense-seringal-ananin-de-elizabeth-santos-e-premiado-no-salao-de-arte-vem-sac-paris\/#primaryimage"},"image":{"@id":"https:\/\/www.pressenza.com\/pt-pt\/2024\/05\/o-curta-documentario-paraense-seringal-ananin-de-elizabeth-santos-e-premiado-no-salao-de-arte-vem-sac-paris\/#primaryimage"},"thumbnailUrl":"https:\/\/www.pressenza.com\/wp-content\/uploads\/2024\/05\/fotos-site-pressenza-3-3.jpg","datePublished":"2024-05-19T13:53:34+00:00","dateModified":"2024-05-19T13:54:53+00:00","description":"CINEMA Por J\u00fania Azevedo \/ Escrita Comunica\u00e7\u00e3o &nbsp; Document\u00e1rio Curta-Metragem Paraense, \u00e9 premiado no Vem Sac-Paris, Sal\u00e3o Internacional de Artes, na","breadcrumb":{"@id":"https:\/\/www.pressenza.com\/pt-pt\/2024\/05\/o-curta-documentario-paraense-seringal-ananin-de-elizabeth-santos-e-premiado-no-salao-de-arte-vem-sac-paris\/#breadcrumb"},"inLanguage":"pt-PT","potentialAction":[{"@type":"ReadAction","target":["https:\/\/www.pressenza.com\/pt-pt\/2024\/05\/o-curta-documentario-paraense-seringal-ananin-de-elizabeth-santos-e-premiado-no-salao-de-arte-vem-sac-paris\/"]}]},{"@type":"ImageObject","inLanguage":"pt-PT","@id":"https:\/\/www.pressenza.com\/pt-pt\/2024\/05\/o-curta-documentario-paraense-seringal-ananin-de-elizabeth-santos-e-premiado-no-salao-de-arte-vem-sac-paris\/#primaryimage","url":"https:\/\/www.pressenza.com\/wp-content\/uploads\/2024\/05\/fotos-site-pressenza-3-3.jpg","contentUrl":"https:\/\/www.pressenza.com\/wp-content\/uploads\/2024\/05\/fotos-site-pressenza-3-3.jpg","width":750,"height":420},{"@type":"BreadcrumbList","@id":"https:\/\/www.pressenza.com\/pt-pt\/2024\/05\/o-curta-documentario-paraense-seringal-ananin-de-elizabeth-santos-e-premiado-no-salao-de-arte-vem-sac-paris\/#breadcrumb","itemListElement":[{"@type":"ListItem","position":1,"name":"Accueil","item":"https:\/\/www.pressenza.com\/pt-pt\/"},{"@type":"ListItem","position":2,"name":"O curta document\u00e1rio paraense &#8220;Seringal Ananin&#8221;, de Elizabeth Santos, \u00e9 premiado no sal\u00e3o de arte VEM SAC-PARIS"}]},{"@type":"WebSite","@id":"https:\/\/www.pressenza.com\/pt-pt\/#website","url":"https:\/\/www.pressenza.com\/pt-pt\/","name":"Pressenza","description":"International Press Agency","publisher":{"@id":"https:\/\/www.pressenza.com\/pt-pt\/#organization"},"potentialAction":[{"@type":"SearchAction","target":{"@type":"EntryPoint","urlTemplate":"https:\/\/www.pressenza.com\/pt-pt\/?s={search_term_string}"},"query-input":{"@type":"PropertyValueSpecification","valueRequired":true,"valueName":"search_term_string"}}],"inLanguage":"pt-PT"},{"@type":"Organization","@id":"https:\/\/www.pressenza.com\/pt-pt\/#organization","name":"Pressenza","url":"https:\/\/www.pressenza.com\/pt-pt\/","logo":{"@type":"ImageObject","inLanguage":"pt-PT","@id":"https:\/\/www.pressenza.com\/pt-pt\/#\/schema\/logo\/image\/","url":"https:\/\/www.pressenza.com\/wp-content\/uploads\/2022\/10\/pressenza_logo_200x200.jpg","contentUrl":"https:\/\/www.pressenza.com\/wp-content\/uploads\/2022\/10\/pressenza_logo_200x200.jpg","width":200,"height":200,"caption":"Pressenza"},"image":{"@id":"https:\/\/www.pressenza.com\/pt-pt\/#\/schema\/logo\/image\/"},"sameAs":["https:\/\/www.facebook.com\/PressenzaItalia","https:\/\/x.com\/PressenzaIPA"]},{"@type":"Person","@id":"https:\/\/www.pressenza.com\/pt-pt\/#\/schema\/person\/6925e927f8ff3a0cdb838320c5d12259","name":"Reda\u00e7\u00e3o Rio de Janeiro","description":"News published by the Pressenza bureau in Rio de Janeiro, Brazil","url":"https:\/\/www.pressenza.com\/pt-pt\/author\/redacao-rio-de-janeiro\/"}]}},"place":"","original_article_url":"","_links":{"self":[{"href":"https:\/\/www.pressenza.com\/pt-pt\/wp-json\/wp\/v2\/posts\/2458679","targetHints":{"allow":["GET"]}}],"collection":[{"href":"https:\/\/www.pressenza.com\/pt-pt\/wp-json\/wp\/v2\/posts"}],"about":[{"href":"https:\/\/www.pressenza.com\/pt-pt\/wp-json\/wp\/v2\/types\/post"}],"author":[{"embeddable":true,"href":"https:\/\/www.pressenza.com\/pt-pt\/wp-json\/wp\/v2\/users\/1685"}],"replies":[{"embeddable":true,"href":"https:\/\/www.pressenza.com\/pt-pt\/wp-json\/wp\/v2\/comments?post=2458679"}],"version-history":[{"count":0,"href":"https:\/\/www.pressenza.com\/pt-pt\/wp-json\/wp\/v2\/posts\/2458679\/revisions"}],"wp:featuredmedia":[{"embeddable":true,"href":"https:\/\/www.pressenza.com\/pt-pt\/wp-json\/wp\/v2\/media\/2459077"}],"wp:attachment":[{"href":"https:\/\/www.pressenza.com\/pt-pt\/wp-json\/wp\/v2\/media?parent=2458679"}],"wp:term":[{"taxonomy":"category","embeddable":true,"href":"https:\/\/www.pressenza.com\/pt-pt\/wp-json\/wp\/v2\/categories?post=2458679"},{"taxonomy":"post_tag","embeddable":true,"href":"https:\/\/www.pressenza.com\/pt-pt\/wp-json\/wp\/v2\/tags?post=2458679"}],"curies":[{"name":"wp","href":"https:\/\/api.w.org\/{rel}","templated":true}]}}