{"id":244014,"date":"2015-11-09T22:57:48","date_gmt":"2015-11-09T22:57:48","guid":{"rendered":"http:\/\/www.pressenza.com\/pt-pt\/?p=244014"},"modified":"2015-11-09T22:59:44","modified_gmt":"2015-11-09T22:59:44","slug":"onu-se-pronuncia-contra-projeto-de-lei-antiterrorista-do-brasil","status":"publish","type":"post","link":"https:\/\/www.pressenza.com\/pt-pt\/2015\/11\/onu-se-pronuncia-contra-projeto-de-lei-antiterrorista-do-brasil\/","title":{"rendered":"ONU se pronuncia contra projeto de lei antiterrorista do Brasil"},"content":{"rendered":"<p>SAB, 07\/11\/2015<\/p>\n<p>Jornal GGN-O Jornal de Todos os Brasis &#8211; A Organiza\u00e7\u00e3o das Na\u00e7\u00f5es Unidas se pronunciou contra a PLC 101\/2015, projeto de lei antiterrorista do Brasil, alegando que o artigo restringe liberdades fundamentais \u00e0 democarcia dos cidad\u00e3os brasileiros, no tocante a forma de irem \u00e0s ruas para protstar.<\/p>\n<p>O PL tramita no Congresso Nacional em regime de urg\u00eancia e poder\u00e1 ser aprovado at\u00e9 o in\u00edcio de 2016. No dia 28 de outubro o Senado aprovou, por 38 votos a favor e  18 votos contr\u00e1rios, o principal texto da lei antiterrorismo excluindo trechos que protegem atos promovidos por manifestantes. O texto \u00e9 do senador do PSDB de S\u00e3o Paulo, Aloysio Nunes, e prev\u00ea reclus\u00e3o penal de 16 a 24 anos em regime fechado para quem for condenado por praticar o crime de terrorismo. <\/p>\n<p>O PL tipifica os atos de crime de terrorismo pessoas que atentarem contra outras pessoas \u201cmediante viol\u00eancia ou grave amea\u00e7a, motivado por extremismo pol\u00edtico, intoler\u00e2ncia religiosa ou preconceito racial, \u00e9tnico, de g\u00eanero ou xen\u00f3fobo, com objetivo de provocar p\u00e2nico generalizado\u201d, e tamb\u00e9m o crime de terrorismo pol\u00edtico, quando a manifesta\u00e7\u00e3o for considerada grave o suficiente para a estabilidade do Estado democr\u00e1tico e o funcionamento das institui\u00e7\u00f5es. Se for aprovado na C\u00e2mara, a presidenta Dilma poder\u00e1 vetar. <\/p>\n<p>Justificando<\/p>\n<p>Para ONU, PL antiterrorista do Brasil restringe liberdades fundamentais<\/p>\n<p>Quatro relatores especiais da ONU (Organiza\u00e7\u00f5es das Na\u00e7\u00f5es Unidas) criticaram publicamente nesta quarta-feira, 4\/11, o projeto de lei antiterrorista que tramita no Congresso brasileiro em regime de urg\u00eancia. Para eles, o projeto \u00e9 muito abrangente na defini\u00e7\u00e3o de terrorismo e pode restringir liberdades fundamentais.<\/p>\n<p>\u201cEstamos preocupados que a defini\u00e7\u00e3o do crime estabelecida pelo projeto de lei pode resultar em ambiguidade e confus\u00e3o na determina\u00e7\u00e3o do que o Estado considera como crime de terrorismo, potencialmente prejudicando o exerc\u00edcio dos direitos humanos e das liberdades fundamentais\u201d, disseram os relatores em pronunciamento p\u00fablico. <\/p>\n<p>Sob a falsa justificativa de proteger o Pa\u00eds, o PLC 101\/2015 pode criminalizar ativistas, organiza\u00e7\u00f5es e movimentos sociais que reivindicam direitos por meio de protestos. O texto foi aprovado no Senado no dia 28\/10 e deve ser novamente votado pelos deputados federais nas pr\u00f3ximas semanas, antes de seguir para san\u00e7\u00e3o presidencial.  <\/p>\n<p>De acordo com Juana Kweitel, diretora de programas da Conectas, a declara\u00e7\u00e3o dos relatores da ONU expressa as mesmas preocupa\u00e7\u00f5es das organiza\u00e7\u00f5es n\u00e3o-governamentais brasileiras. \u201cQuando organiza\u00e7\u00f5es que lutam por direitos veem risco \u00e0 sua atua\u00e7\u00e3o, quem perde \u00e9 a democracia\u201d, diz Kweitel.<\/p>\n<p>Em carta de rep\u00fadio, mais de 80 entidades explicam que o projeto n\u00e3o vai tornar o Brasil mais seguro, j\u00e1 que n\u00e3o prev\u00ea nenhum crime ainda n\u00e3o tipificado pelo C\u00f3digo Penal. <\/p>\n<p>Leia aqui a \u00edntegra do pronunciamento dos relatores:<\/p>\n<p>Brasil: relatores da ONU alertam que lei antiterrorismo \u00e9 muito ampla<br \/>\nEstamos preocupados que a defini\u00e7\u00e3o do crime estabelecida pelo projeto de lei pode resultar em ambiguidade e confus\u00e3o na determina\u00e7\u00e3o do que o Estado considera como crime de terrorismo, potencialmente prejudicando o exerc\u00edcio dos direitos humanos e das liberdades fundamentais.<\/p>\n<p>Lamentamos que o atual projeto de lei excluiu um artigo anterior que estabelecia uma salvaguarda importante que garantia que a participa\u00e7\u00e3o em manifesta\u00e7\u00f5es pol\u00edticas e em movimentos sociais n\u00e3o fosse considerada no \u00e2mbito dessa lei.<\/p>\n<p>Os Estados t\u00eam o dever de proteger a sociedade civil e os direitos fundamentais para sua exist\u00eancia e seu desenvolvimento, como os direitos \u00e0 liberdade de associa\u00e7\u00e3o e reuni\u00e3o pac\u00edfica e \u00e0 liberdade de express\u00e3o.<\/p>\n<p>Defini\u00e7\u00f5es imprecisas ou demasiado amplas sobre terrorismo abrem a possibilidade do uso deliberadamente indevido do termo. Por isso, legisla\u00e7\u00f5es que visam combater o terrorismo devem ser suficientemente precisas para cumprir com o princ\u00edpio de legalidade, a fim de evitar que possam ser usadas contra a sociedade civil, silenciar defensores de direitos humanos, blogueiros e jornalistas, e criminalizar atividades pac\u00edficas na defesa dos direitos das minorias, religiosos, trabalhistas e pol\u00edticos.<\/p>\n<p>As medidas contra o terrorismo que t\u00eam um impacto negativo na capacidade de ONGs para atuarem de forma efetiva e independente est\u00e3o fadadas a ser, em \u00faltima inst\u00e2ncia, contraproducentes na redu\u00e7\u00e3o da amea\u00e7a imposta pelo terrorismo.<\/p>\n<p>As consultas p\u00fablicas no processo legislativo s\u00e3o um elemento sempre indispens\u00e1vel ao desenvolvimento de pol\u00edticas e na prepara\u00e7\u00e3o de legisla\u00e7\u00e3o.<\/p>\n<p>Fonte: Conectas<\/p>\n<p>wn<\/p>\n","protected":false},"excerpt":{"rendered":"<p>SAB, 07\/11\/2015 Jornal GGN-O Jornal de Todos os Brasis &#8211; A Organiza\u00e7\u00e3o das Na\u00e7\u00f5es Unidas se pronunciou contra a PLC 101\/2015, projeto de lei antiterrorista do Brasil, alegando que o artigo restringe liberdades fundamentais \u00e0 democarcia dos cidad\u00e3os brasileiros, no&hellip;<\/p>\n","protected":false},"author":44,"featured_media":244015,"comment_status":"closed","ping_status":"open","sticky":false,"template":"","format":"standard","meta":{"footnotes":""},"categories":[104,42,1256,1257],"tags":[21602,5917,21603,5639,2623,21604],"class_list":["post-244014","post","type-post","status-publish","format-standard","has-post-thumbnail","hentry","category-america-do-sul","category-internacional-2","category-nao-violencia","category-paz-desarmamento","tag-aloysio-nunes","tag-democracia-pt-pt","tag-lei-antiterrorista-do-brasil","tag-manifestacoes","tag-onu-pt-pt","tag-plc-1012015"],"yoast_head":"<!-- This site is optimized with the Yoast SEO plugin v27.1.1 - https:\/\/yoast.com\/product\/yoast-seo-wordpress\/ -->\n<title>ONU se pronuncia contra projeto de lei antiterrorista do Brasil<\/title>\n<meta name=\"description\" content=\"SAB, 07\/11\/2015 Jornal GGN-O Jornal de Todos os Brasis - A Organiza\u00e7\u00e3o das Na\u00e7\u00f5es Unidas se pronunciou contra a PLC 101\/2015, projeto de lei\" \/>\n<meta name=\"robots\" content=\"index, follow, max-snippet:-1, max-image-preview:large, max-video-preview:-1\" \/>\n<link rel=\"canonical\" href=\"https:\/\/www.pressenza.com\/pt-pt\/2015\/11\/onu-se-pronuncia-contra-projeto-de-lei-antiterrorista-do-brasil\/\" \/>\n<meta property=\"og:locale\" content=\"pt_PT\" \/>\n<meta property=\"og:type\" content=\"article\" \/>\n<meta property=\"og:title\" content=\"ONU se pronuncia contra projeto de lei antiterrorista do Brasil\" \/>\n<meta property=\"og:description\" content=\"SAB, 07\/11\/2015 Jornal GGN-O Jornal de Todos os Brasis - A Organiza\u00e7\u00e3o das Na\u00e7\u00f5es Unidas se pronunciou contra a PLC 101\/2015, projeto de lei\" \/>\n<meta property=\"og:url\" content=\"https:\/\/www.pressenza.com\/pt-pt\/2015\/11\/onu-se-pronuncia-contra-projeto-de-lei-antiterrorista-do-brasil\/\" \/>\n<meta property=\"og:site_name\" content=\"Pressenza\" \/>\n<meta property=\"article:publisher\" content=\"https:\/\/www.facebook.com\/PressenzaItalia\" \/>\n<meta property=\"article:author\" content=\"https:\/\/www.facebook.com\/PressenzaPortugues\" \/>\n<meta property=\"article:published_time\" content=\"2015-11-09T22:57:48+00:00\" \/>\n<meta property=\"article:modified_time\" content=\"2015-11-09T22:59:44+00:00\" \/>\n<meta property=\"og:image\" content=\"https:\/\/www.pressenza.com\/wp-content\/uploads\/2015\/11\/antiterrorismo-no-brasil.png\" \/>\n\t<meta property=\"og:image:width\" content=\"758\" \/>\n\t<meta property=\"og:image:height\" content=\"502\" \/>\n\t<meta property=\"og:image:type\" content=\"image\/png\" \/>\n<meta name=\"author\" content=\"Reda\u00e7\u00e3o S\u00e3o Paulo\" \/>\n<meta name=\"twitter:card\" content=\"summary_large_image\" \/>\n<meta name=\"twitter:creator\" content=\"@pressenza_pt\" \/>\n<meta name=\"twitter:site\" content=\"@PressenzaIPA\" \/>\n<meta name=\"twitter:label1\" content=\"Escrito por\" \/>\n\t<meta name=\"twitter:data1\" content=\"Reda\u00e7\u00e3o S\u00e3o Paulo\" \/>\n\t<meta name=\"twitter:label2\" content=\"Tempo estimado de leitura\" \/>\n\t<meta name=\"twitter:data2\" content=\"4 minutos\" \/>\n<script type=\"application\/ld+json\" class=\"yoast-schema-graph\">{\"@context\":\"https:\/\/schema.org\",\"@graph\":[{\"@type\":\"Article\",\"@id\":\"https:\/\/www.pressenza.com\/pt-pt\/2015\/11\/onu-se-pronuncia-contra-projeto-de-lei-antiterrorista-do-brasil\/#article\",\"isPartOf\":{\"@id\":\"https:\/\/www.pressenza.com\/pt-pt\/2015\/11\/onu-se-pronuncia-contra-projeto-de-lei-antiterrorista-do-brasil\/\"},\"author\":{\"name\":\"Reda\u00e7\u00e3o S\u00e3o Paulo\",\"@id\":\"https:\/\/www.pressenza.com\/pt-pt\/#\/schema\/person\/d171826afb7693cfc394da95892bfd93\"},\"headline\":\"ONU se pronuncia contra projeto de lei antiterrorista do Brasil\",\"datePublished\":\"2015-11-09T22:57:48+00:00\",\"dateModified\":\"2015-11-09T22:59:44+00:00\",\"mainEntityOfPage\":{\"@id\":\"https:\/\/www.pressenza.com\/pt-pt\/2015\/11\/onu-se-pronuncia-contra-projeto-de-lei-antiterrorista-do-brasil\/\"},\"wordCount\":755,\"publisher\":{\"@id\":\"https:\/\/www.pressenza.com\/pt-pt\/#organization\"},\"image\":{\"@id\":\"https:\/\/www.pressenza.com\/pt-pt\/2015\/11\/onu-se-pronuncia-contra-projeto-de-lei-antiterrorista-do-brasil\/#primaryimage\"},\"thumbnailUrl\":\"https:\/\/www.pressenza.com\/wp-content\/uploads\/2015\/11\/antiterrorismo-no-brasil.png\",\"keywords\":[\"Aloysio Nunes\",\"Democracia\",\"lei antiterrorista do Brasil\",\"Manifesta\u00e7\u00f5es\",\"ONU\",\"PLC 101\/2015\"],\"articleSection\":[\"\u00c1m\u00e9rica do Sul\",\"Internacional\",\"N\u00e3o viol\u00eancia\",\"Paz e Desarmamento\"],\"inLanguage\":\"pt-PT\"},{\"@type\":\"WebPage\",\"@id\":\"https:\/\/www.pressenza.com\/pt-pt\/2015\/11\/onu-se-pronuncia-contra-projeto-de-lei-antiterrorista-do-brasil\/\",\"url\":\"https:\/\/www.pressenza.com\/pt-pt\/2015\/11\/onu-se-pronuncia-contra-projeto-de-lei-antiterrorista-do-brasil\/\",\"name\":\"ONU se pronuncia contra projeto de lei antiterrorista do Brasil\",\"isPartOf\":{\"@id\":\"https:\/\/www.pressenza.com\/pt-pt\/#website\"},\"primaryImageOfPage\":{\"@id\":\"https:\/\/www.pressenza.com\/pt-pt\/2015\/11\/onu-se-pronuncia-contra-projeto-de-lei-antiterrorista-do-brasil\/#primaryimage\"},\"image\":{\"@id\":\"https:\/\/www.pressenza.com\/pt-pt\/2015\/11\/onu-se-pronuncia-contra-projeto-de-lei-antiterrorista-do-brasil\/#primaryimage\"},\"thumbnailUrl\":\"https:\/\/www.pressenza.com\/wp-content\/uploads\/2015\/11\/antiterrorismo-no-brasil.png\",\"datePublished\":\"2015-11-09T22:57:48+00:00\",\"dateModified\":\"2015-11-09T22:59:44+00:00\",\"description\":\"SAB, 07\/11\/2015 Jornal GGN-O Jornal de Todos os Brasis - A Organiza\u00e7\u00e3o das Na\u00e7\u00f5es Unidas se pronunciou contra a PLC 101\/2015, projeto de lei\",\"breadcrumb\":{\"@id\":\"https:\/\/www.pressenza.com\/pt-pt\/2015\/11\/onu-se-pronuncia-contra-projeto-de-lei-antiterrorista-do-brasil\/#breadcrumb\"},\"inLanguage\":\"pt-PT\",\"potentialAction\":[{\"@type\":\"ReadAction\",\"target\":[\"https:\/\/www.pressenza.com\/pt-pt\/2015\/11\/onu-se-pronuncia-contra-projeto-de-lei-antiterrorista-do-brasil\/\"]}]},{\"@type\":\"ImageObject\",\"inLanguage\":\"pt-PT\",\"@id\":\"https:\/\/www.pressenza.com\/pt-pt\/2015\/11\/onu-se-pronuncia-contra-projeto-de-lei-antiterrorista-do-brasil\/#primaryimage\",\"url\":\"https:\/\/www.pressenza.com\/wp-content\/uploads\/2015\/11\/antiterrorismo-no-brasil.png\",\"contentUrl\":\"https:\/\/www.pressenza.com\/wp-content\/uploads\/2015\/11\/antiterrorismo-no-brasil.png\",\"width\":758,\"height\":502},{\"@type\":\"BreadcrumbList\",\"@id\":\"https:\/\/www.pressenza.com\/pt-pt\/2015\/11\/onu-se-pronuncia-contra-projeto-de-lei-antiterrorista-do-brasil\/#breadcrumb\",\"itemListElement\":[{\"@type\":\"ListItem\",\"position\":1,\"name\":\"Accueil\",\"item\":\"https:\/\/www.pressenza.com\/pt-pt\/\"},{\"@type\":\"ListItem\",\"position\":2,\"name\":\"ONU se pronuncia contra projeto de lei antiterrorista do Brasil\"}]},{\"@type\":\"WebSite\",\"@id\":\"https:\/\/www.pressenza.com\/pt-pt\/#website\",\"url\":\"https:\/\/www.pressenza.com\/pt-pt\/\",\"name\":\"Pressenza\",\"description\":\"International Press Agency\",\"publisher\":{\"@id\":\"https:\/\/www.pressenza.com\/pt-pt\/#organization\"},\"potentialAction\":[{\"@type\":\"SearchAction\",\"target\":{\"@type\":\"EntryPoint\",\"urlTemplate\":\"https:\/\/www.pressenza.com\/pt-pt\/?s={search_term_string}\"},\"query-input\":{\"@type\":\"PropertyValueSpecification\",\"valueRequired\":true,\"valueName\":\"search_term_string\"}}],\"inLanguage\":\"pt-PT\"},{\"@type\":\"Organization\",\"@id\":\"https:\/\/www.pressenza.com\/pt-pt\/#organization\",\"name\":\"Pressenza\",\"url\":\"https:\/\/www.pressenza.com\/pt-pt\/\",\"logo\":{\"@type\":\"ImageObject\",\"inLanguage\":\"pt-PT\",\"@id\":\"https:\/\/www.pressenza.com\/pt-pt\/#\/schema\/logo\/image\/\",\"url\":\"https:\/\/www.pressenza.com\/wp-content\/uploads\/2022\/10\/pressenza_logo_200x200.jpg\",\"contentUrl\":\"https:\/\/www.pressenza.com\/wp-content\/uploads\/2022\/10\/pressenza_logo_200x200.jpg\",\"width\":200,\"height\":200,\"caption\":\"Pressenza\"},\"image\":{\"@id\":\"https:\/\/www.pressenza.com\/pt-pt\/#\/schema\/logo\/image\/\"},\"sameAs\":[\"https:\/\/www.facebook.com\/PressenzaItalia\",\"https:\/\/x.com\/PressenzaIPA\"]},{\"@type\":\"Person\",\"@id\":\"https:\/\/www.pressenza.com\/pt-pt\/#\/schema\/person\/d171826afb7693cfc394da95892bfd93\",\"name\":\"Reda\u00e7\u00e3o S\u00e3o Paulo\",\"description\":\"News from the Pressenza bureau in Sao Paulo, Brazil\",\"sameAs\":[\"https:\/\/www.facebook.com\/PressenzaPortugues\",\"https:\/\/x.com\/pressenza_pt\"],\"url\":\"https:\/\/www.pressenza.com\/pt-pt\/author\/redaccao-sao-paulo\/\"}]}<\/script>\n<!-- \/ Yoast SEO plugin. -->","yoast_head_json":{"title":"ONU se pronuncia contra projeto de lei antiterrorista do Brasil","description":"SAB, 07\/11\/2015 Jornal GGN-O Jornal de Todos os Brasis - A Organiza\u00e7\u00e3o das Na\u00e7\u00f5es Unidas se pronunciou contra a PLC 101\/2015, projeto de lei","robots":{"index":"index","follow":"follow","max-snippet":"max-snippet:-1","max-image-preview":"max-image-preview:large","max-video-preview":"max-video-preview:-1"},"canonical":"https:\/\/www.pressenza.com\/pt-pt\/2015\/11\/onu-se-pronuncia-contra-projeto-de-lei-antiterrorista-do-brasil\/","og_locale":"pt_PT","og_type":"article","og_title":"ONU se pronuncia contra projeto de lei antiterrorista do Brasil","og_description":"SAB, 07\/11\/2015 Jornal GGN-O Jornal de Todos os Brasis - A Organiza\u00e7\u00e3o das Na\u00e7\u00f5es Unidas se pronunciou contra a PLC 101\/2015, projeto de lei","og_url":"https:\/\/www.pressenza.com\/pt-pt\/2015\/11\/onu-se-pronuncia-contra-projeto-de-lei-antiterrorista-do-brasil\/","og_site_name":"Pressenza","article_publisher":"https:\/\/www.facebook.com\/PressenzaItalia","article_author":"https:\/\/www.facebook.com\/PressenzaPortugues","article_published_time":"2015-11-09T22:57:48+00:00","article_modified_time":"2015-11-09T22:59:44+00:00","og_image":[{"width":758,"height":502,"url":"https:\/\/www.pressenza.com\/wp-content\/uploads\/2015\/11\/antiterrorismo-no-brasil.png","type":"image\/png"}],"author":"Reda\u00e7\u00e3o S\u00e3o Paulo","twitter_card":"summary_large_image","twitter_creator":"@pressenza_pt","twitter_site":"@PressenzaIPA","twitter_misc":{"Escrito por":"Reda\u00e7\u00e3o S\u00e3o Paulo","Tempo estimado de leitura":"4 minutos"},"schema":{"@context":"https:\/\/schema.org","@graph":[{"@type":"Article","@id":"https:\/\/www.pressenza.com\/pt-pt\/2015\/11\/onu-se-pronuncia-contra-projeto-de-lei-antiterrorista-do-brasil\/#article","isPartOf":{"@id":"https:\/\/www.pressenza.com\/pt-pt\/2015\/11\/onu-se-pronuncia-contra-projeto-de-lei-antiterrorista-do-brasil\/"},"author":{"name":"Reda\u00e7\u00e3o S\u00e3o Paulo","@id":"https:\/\/www.pressenza.com\/pt-pt\/#\/schema\/person\/d171826afb7693cfc394da95892bfd93"},"headline":"ONU se pronuncia contra projeto de lei antiterrorista do Brasil","datePublished":"2015-11-09T22:57:48+00:00","dateModified":"2015-11-09T22:59:44+00:00","mainEntityOfPage":{"@id":"https:\/\/www.pressenza.com\/pt-pt\/2015\/11\/onu-se-pronuncia-contra-projeto-de-lei-antiterrorista-do-brasil\/"},"wordCount":755,"publisher":{"@id":"https:\/\/www.pressenza.com\/pt-pt\/#organization"},"image":{"@id":"https:\/\/www.pressenza.com\/pt-pt\/2015\/11\/onu-se-pronuncia-contra-projeto-de-lei-antiterrorista-do-brasil\/#primaryimage"},"thumbnailUrl":"https:\/\/www.pressenza.com\/wp-content\/uploads\/2015\/11\/antiterrorismo-no-brasil.png","keywords":["Aloysio Nunes","Democracia","lei antiterrorista do Brasil","Manifesta\u00e7\u00f5es","ONU","PLC 101\/2015"],"articleSection":["\u00c1m\u00e9rica do Sul","Internacional","N\u00e3o viol\u00eancia","Paz e Desarmamento"],"inLanguage":"pt-PT"},{"@type":"WebPage","@id":"https:\/\/www.pressenza.com\/pt-pt\/2015\/11\/onu-se-pronuncia-contra-projeto-de-lei-antiterrorista-do-brasil\/","url":"https:\/\/www.pressenza.com\/pt-pt\/2015\/11\/onu-se-pronuncia-contra-projeto-de-lei-antiterrorista-do-brasil\/","name":"ONU se pronuncia contra projeto de lei antiterrorista do Brasil","isPartOf":{"@id":"https:\/\/www.pressenza.com\/pt-pt\/#website"},"primaryImageOfPage":{"@id":"https:\/\/www.pressenza.com\/pt-pt\/2015\/11\/onu-se-pronuncia-contra-projeto-de-lei-antiterrorista-do-brasil\/#primaryimage"},"image":{"@id":"https:\/\/www.pressenza.com\/pt-pt\/2015\/11\/onu-se-pronuncia-contra-projeto-de-lei-antiterrorista-do-brasil\/#primaryimage"},"thumbnailUrl":"https:\/\/www.pressenza.com\/wp-content\/uploads\/2015\/11\/antiterrorismo-no-brasil.png","datePublished":"2015-11-09T22:57:48+00:00","dateModified":"2015-11-09T22:59:44+00:00","description":"SAB, 07\/11\/2015 Jornal GGN-O Jornal de Todos os Brasis - A Organiza\u00e7\u00e3o das Na\u00e7\u00f5es Unidas se pronunciou contra a PLC 101\/2015, projeto de lei","breadcrumb":{"@id":"https:\/\/www.pressenza.com\/pt-pt\/2015\/11\/onu-se-pronuncia-contra-projeto-de-lei-antiterrorista-do-brasil\/#breadcrumb"},"inLanguage":"pt-PT","potentialAction":[{"@type":"ReadAction","target":["https:\/\/www.pressenza.com\/pt-pt\/2015\/11\/onu-se-pronuncia-contra-projeto-de-lei-antiterrorista-do-brasil\/"]}]},{"@type":"ImageObject","inLanguage":"pt-PT","@id":"https:\/\/www.pressenza.com\/pt-pt\/2015\/11\/onu-se-pronuncia-contra-projeto-de-lei-antiterrorista-do-brasil\/#primaryimage","url":"https:\/\/www.pressenza.com\/wp-content\/uploads\/2015\/11\/antiterrorismo-no-brasil.png","contentUrl":"https:\/\/www.pressenza.com\/wp-content\/uploads\/2015\/11\/antiterrorismo-no-brasil.png","width":758,"height":502},{"@type":"BreadcrumbList","@id":"https:\/\/www.pressenza.com\/pt-pt\/2015\/11\/onu-se-pronuncia-contra-projeto-de-lei-antiterrorista-do-brasil\/#breadcrumb","itemListElement":[{"@type":"ListItem","position":1,"name":"Accueil","item":"https:\/\/www.pressenza.com\/pt-pt\/"},{"@type":"ListItem","position":2,"name":"ONU se pronuncia contra projeto de lei antiterrorista do Brasil"}]},{"@type":"WebSite","@id":"https:\/\/www.pressenza.com\/pt-pt\/#website","url":"https:\/\/www.pressenza.com\/pt-pt\/","name":"Pressenza","description":"International Press Agency","publisher":{"@id":"https:\/\/www.pressenza.com\/pt-pt\/#organization"},"potentialAction":[{"@type":"SearchAction","target":{"@type":"EntryPoint","urlTemplate":"https:\/\/www.pressenza.com\/pt-pt\/?s={search_term_string}"},"query-input":{"@type":"PropertyValueSpecification","valueRequired":true,"valueName":"search_term_string"}}],"inLanguage":"pt-PT"},{"@type":"Organization","@id":"https:\/\/www.pressenza.com\/pt-pt\/#organization","name":"Pressenza","url":"https:\/\/www.pressenza.com\/pt-pt\/","logo":{"@type":"ImageObject","inLanguage":"pt-PT","@id":"https:\/\/www.pressenza.com\/pt-pt\/#\/schema\/logo\/image\/","url":"https:\/\/www.pressenza.com\/wp-content\/uploads\/2022\/10\/pressenza_logo_200x200.jpg","contentUrl":"https:\/\/www.pressenza.com\/wp-content\/uploads\/2022\/10\/pressenza_logo_200x200.jpg","width":200,"height":200,"caption":"Pressenza"},"image":{"@id":"https:\/\/www.pressenza.com\/pt-pt\/#\/schema\/logo\/image\/"},"sameAs":["https:\/\/www.facebook.com\/PressenzaItalia","https:\/\/x.com\/PressenzaIPA"]},{"@type":"Person","@id":"https:\/\/www.pressenza.com\/pt-pt\/#\/schema\/person\/d171826afb7693cfc394da95892bfd93","name":"Reda\u00e7\u00e3o S\u00e3o Paulo","description":"News from the Pressenza bureau in Sao Paulo, Brazil","sameAs":["https:\/\/www.facebook.com\/PressenzaPortugues","https:\/\/x.com\/pressenza_pt"],"url":"https:\/\/www.pressenza.com\/pt-pt\/author\/redaccao-sao-paulo\/"}]}},"place":"","original_article_url":"","_links":{"self":[{"href":"https:\/\/www.pressenza.com\/pt-pt\/wp-json\/wp\/v2\/posts\/244014","targetHints":{"allow":["GET"]}}],"collection":[{"href":"https:\/\/www.pressenza.com\/pt-pt\/wp-json\/wp\/v2\/posts"}],"about":[{"href":"https:\/\/www.pressenza.com\/pt-pt\/wp-json\/wp\/v2\/types\/post"}],"author":[{"embeddable":true,"href":"https:\/\/www.pressenza.com\/pt-pt\/wp-json\/wp\/v2\/users\/44"}],"replies":[{"embeddable":true,"href":"https:\/\/www.pressenza.com\/pt-pt\/wp-json\/wp\/v2\/comments?post=244014"}],"version-history":[{"count":0,"href":"https:\/\/www.pressenza.com\/pt-pt\/wp-json\/wp\/v2\/posts\/244014\/revisions"}],"wp:featuredmedia":[{"embeddable":true,"href":"https:\/\/www.pressenza.com\/pt-pt\/wp-json\/wp\/v2\/media\/244015"}],"wp:attachment":[{"href":"https:\/\/www.pressenza.com\/pt-pt\/wp-json\/wp\/v2\/media?parent=244014"}],"wp:term":[{"taxonomy":"category","embeddable":true,"href":"https:\/\/www.pressenza.com\/pt-pt\/wp-json\/wp\/v2\/categories?post=244014"},{"taxonomy":"post_tag","embeddable":true,"href":"https:\/\/www.pressenza.com\/pt-pt\/wp-json\/wp\/v2\/tags?post=244014"}],"curies":[{"name":"wp","href":"https:\/\/api.w.org\/{rel}","templated":true}]}}