{"id":235486,"date":"2015-10-17T18:46:21","date_gmt":"2015-10-17T17:46:21","guid":{"rendered":"http:\/\/www.pressenza.com\/pt-pt\/?p=235486"},"modified":"2015-10-17T18:46:21","modified_gmt":"2015-10-17T17:46:21","slug":"um-dia-para-celebrar-a-esperanca","status":"publish","type":"post","link":"https:\/\/www.pressenza.com\/pt-pt\/2015\/10\/um-dia-para-celebrar-a-esperanca\/","title":{"rendered":"Um dia para celebrar a esperan\u00e7a"},"content":{"rendered":"<p><strong><em>Por Laura Capriglione, para os Jornalistas Livres<\/em><\/strong><\/p>\n<p>O hall monumental do antigo Hotel Cambridge, no centro de S\u00e3o Paulo, j\u00e1 recebeu a voz e o piano suaves do cantor americano negro Nat King Cole. Tempos de gl\u00f3ria do pr\u00e9dio constru\u00eddo nos anos 1950. Faz tempo. Depois disso, o Cambridge entrou em triste decad\u00eancia, foi \u00e0 fal\u00eancia, fechou. Ressuscitou em 2012, quando a <em>Frente de Luta pela Moradia<\/em> e o <em>Movimento Sem Teto do Centro<\/em> resolveram ocup\u00e1-lo e revitaliz\u00e1-lo. Nesta segunda-feira, 12 de outubro, dia das crian\u00e7as, no mesmo hall, o que se ouviu foi a algazarra feliz da esperan\u00e7a.<\/p>\n<div id=\"attachment_235402\" class=\"wp-caption alignnone\"><a href=\"http:\/\/www.pressenza.com\/wp-content\/uploads\/2015\/10\/Lina-Marinelli2.jpeg\"><img loading=\"lazy\" decoding=\"async\" aria-describedby=\"caption-attachment-235402\" class=\"wp-image-235402 size-large\" src=\"http:\/\/www.pressenza.com\/wp-content\/uploads\/2015\/10\/Lina-Marinelli2-720x467.jpeg\" alt=\"Foto Lina Marinelli\" width=\"720\" height=\"467\" srcset=\"https:\/\/www.pressenza.com\/wp-content\/uploads\/2015\/10\/Lina-Marinelli2-720x467.jpeg 720w, https:\/\/www.pressenza.com\/wp-content\/uploads\/2015\/10\/Lina-Marinelli2-300x195.jpeg 300w, https:\/\/www.pressenza.com\/wp-content\/uploads\/2015\/10\/Lina-Marinelli2.jpeg 800w\" sizes=\"auto, (max-width: 720px) 100vw, 720px\" \/><\/a><p id=\"caption-attachment-235402\" class=\"wp-caption-text\">Foto Lina Marinelli<\/p><\/div>\n<p>Eram cerca de 250 crian\u00e7as pobres, filhas de moradores da ocupa\u00e7\u00e3o do Cambridge, e de outras, situadas na avenida Rio Branco, na rua S\u00e3o Francisco, na Quintino Bocai\u00fava, na rua Jos\u00e9 Bonif\u00e1cio?\u2014?todas no centro, todas ligadas ao Movimento Sem Teto do Centro. A elas juntaram-se amigos vindos da periferia da zona norte, sul, da regi\u00e3o central. Amigos dos moradores.<\/p>\n<div id=\"attachment_235442\" class=\"wp-caption alignnone\"><a href=\"http:\/\/www.pressenza.com\/wp-content\/uploads\/2015\/10\/Lina-Marinelli7.jpeg\"><img loading=\"lazy\" decoding=\"async\" aria-describedby=\"caption-attachment-235442\" class=\"wp-image-235442 size-large\" src=\"http:\/\/www.pressenza.com\/wp-content\/uploads\/2015\/10\/Lina-Marinelli7-720x480.jpeg\" alt=\"Foto Lina Marinelli\" width=\"720\" height=\"480\" srcset=\"https:\/\/www.pressenza.com\/wp-content\/uploads\/2015\/10\/Lina-Marinelli7-720x480.jpeg 720w, https:\/\/www.pressenza.com\/wp-content\/uploads\/2015\/10\/Lina-Marinelli7-300x200.jpeg 300w, https:\/\/www.pressenza.com\/wp-content\/uploads\/2015\/10\/Lina-Marinelli7.jpeg 800w\" sizes=\"auto, (max-width: 720px) 100vw, 720px\" \/><\/a><p id=\"caption-attachment-235442\" class=\"wp-caption-text\">Foto Lina Marinelli<\/p><\/div>\n<p>A maioria nunca teve antes a chance de comemorar um dia da crian\u00e7a, embora j\u00e1 tenha escutado falar dele nas atividades escolares e pela televis\u00e3o. Brinquedo mesmo, s\u00f3 neste ano foi poss\u00edvel.<\/p>\n<div id=\"attachment_235410\" class=\"wp-caption alignnone\"><a href=\"http:\/\/www.pressenza.com\/wp-content\/uploads\/2015\/10\/Lina-Marinelli3.jpeg\"><img loading=\"lazy\" decoding=\"async\" aria-describedby=\"caption-attachment-235410\" class=\"size-large wp-image-235410\" src=\"http:\/\/www.pressenza.com\/wp-content\/uploads\/2015\/10\/Lina-Marinelli3-720x579.jpeg\" alt=\"Foto Lina Marinelli\" width=\"720\" height=\"579\" srcset=\"https:\/\/www.pressenza.com\/wp-content\/uploads\/2015\/10\/Lina-Marinelli3-720x579.jpeg 720w, https:\/\/www.pressenza.com\/wp-content\/uploads\/2015\/10\/Lina-Marinelli3-300x241.jpeg 300w, https:\/\/www.pressenza.com\/wp-content\/uploads\/2015\/10\/Lina-Marinelli3.jpeg 800w\" sizes=\"auto, (max-width: 720px) 100vw, 720px\" \/><\/a><p id=\"caption-attachment-235410\" class=\"wp-caption-text\">Foto Lina Marinelli<\/p><\/div>\n<div id=\"attachment_235418\" class=\"wp-caption alignnone\"><a href=\"http:\/\/www.pressenza.com\/wp-content\/uploads\/2015\/10\/Lina-Marinelli4.jpeg\"><img loading=\"lazy\" decoding=\"async\" aria-describedby=\"caption-attachment-235418\" class=\"size-large wp-image-235418\" src=\"http:\/\/www.pressenza.com\/wp-content\/uploads\/2015\/10\/Lina-Marinelli4-720x480.jpeg\" alt=\"Foto Lina Marinelli\" width=\"720\" height=\"480\" srcset=\"https:\/\/www.pressenza.com\/wp-content\/uploads\/2015\/10\/Lina-Marinelli4-720x480.jpeg 720w, https:\/\/www.pressenza.com\/wp-content\/uploads\/2015\/10\/Lina-Marinelli4-300x200.jpeg 300w, https:\/\/www.pressenza.com\/wp-content\/uploads\/2015\/10\/Lina-Marinelli4.jpeg 800w\" sizes=\"auto, (max-width: 720px) 100vw, 720px\" \/><\/a><p id=\"caption-attachment-235418\" class=\"wp-caption-text\">Foto Lina Marinelli<\/p><\/div>\n<p>Enormes e coloridos pula-pulas infl\u00e1veis encheram todo o hall que j\u00e1 foi de Nat King Cole\u2026 E ent\u00e3o algu\u00e9m veio com a id\u00e9ia de molhar os brinquedos. E, logo, outro veio com o sab\u00e3o. Em poucos minutos, meninos e meninas completamente ensaboados pulavam e escorregavam dentro dos brinquedos. Quem precisa de piscina?<\/p>\n<div id=\"attachment_235426\" class=\"wp-caption alignnone\"><a href=\"http:\/\/www.pressenza.com\/wp-content\/uploads\/2015\/10\/Lina-Marinelli5.jpeg\"><img loading=\"lazy\" decoding=\"async\" aria-describedby=\"caption-attachment-235426\" class=\"size-large wp-image-235426\" src=\"http:\/\/www.pressenza.com\/wp-content\/uploads\/2015\/10\/Lina-Marinelli5-720x480.jpeg\" alt=\"Foto Lina Marinelli\" width=\"720\" height=\"480\" srcset=\"https:\/\/www.pressenza.com\/wp-content\/uploads\/2015\/10\/Lina-Marinelli5-720x480.jpeg 720w, https:\/\/www.pressenza.com\/wp-content\/uploads\/2015\/10\/Lina-Marinelli5-300x200.jpeg 300w, https:\/\/www.pressenza.com\/wp-content\/uploads\/2015\/10\/Lina-Marinelli5.jpeg 800w\" sizes=\"auto, (max-width: 720px) 100vw, 720px\" \/><\/a><p id=\"caption-attachment-235426\" class=\"wp-caption-text\">Foto Lina Marinelli<\/p><\/div>\n<p>Foi o morador Jos\u00e9 Ademir quem montou a festa com as m\u00e3es. Aos <em>Jornalistas Livres<\/em>\u00a0ele disse que o movimento de moradia o acolheu em um \u201cmomento muito dif\u00edcil\u201d (n\u00e3o disse qual). A festa das crian\u00e7as da ocupa\u00e7\u00e3o \u00e9 sua forma de retribuir e agradecer. Ele saiu chorando da comemora\u00e7\u00e3o, depois de pegar um peda\u00e7o de bolo decorado com balinhas coloridas.<\/p>\n<div id=\"attachment_235458\" class=\"wp-caption alignnone\"><a href=\"http:\/\/www.pressenza.com\/wp-content\/uploads\/2015\/10\/Lina-Marinelli9.jpeg\"><img loading=\"lazy\" decoding=\"async\" aria-describedby=\"caption-attachment-235458\" class=\"size-large wp-image-235458\" src=\"http:\/\/www.pressenza.com\/wp-content\/uploads\/2015\/10\/Lina-Marinelli9-720x464.jpeg\" alt=\"Foto Lina Marinelli\" width=\"720\" height=\"464\" srcset=\"https:\/\/www.pressenza.com\/wp-content\/uploads\/2015\/10\/Lina-Marinelli9-720x464.jpeg 720w, https:\/\/www.pressenza.com\/wp-content\/uploads\/2015\/10\/Lina-Marinelli9-300x193.jpeg 300w, https:\/\/www.pressenza.com\/wp-content\/uploads\/2015\/10\/Lina-Marinelli9.jpeg 800w\" sizes=\"auto, (max-width: 720px) 100vw, 720px\" \/><\/a><p id=\"caption-attachment-235458\" class=\"wp-caption-text\">Foto Lina Marinelli<\/p><\/div>\n<p>Al\u00e9m dos brinquedos infl\u00e1veis, Ademir providenciou doces, bolo e presentes? \u2014bonecas, flautas, pandeiros, bolas\u2014, que as crian\u00e7as receberam depois de protagonizarem uma esp\u00e9cie de show animado pelo palha\u00e7o Paulo. Pequenos calouros t\u00edmidos eram incentivados pela plat\u00e9ia tamb\u00e9m pequena. Viciados na vida coletiva, logo estavam todos cantando e dan\u00e7ando em apoteose carnavalesca.<\/p>\n<div id=\"attachment_235450\" class=\"wp-caption alignnone\"><a href=\"http:\/\/www.pressenza.com\/wp-content\/uploads\/2015\/10\/Lina-Marinelli8.jpeg\"><img loading=\"lazy\" decoding=\"async\" aria-describedby=\"caption-attachment-235450\" class=\"size-large wp-image-235450\" src=\"http:\/\/www.pressenza.com\/wp-content\/uploads\/2015\/10\/Lina-Marinelli8-720x480.jpeg\" alt=\"Foto Lina Marinelli\" width=\"720\" height=\"480\" srcset=\"https:\/\/www.pressenza.com\/wp-content\/uploads\/2015\/10\/Lina-Marinelli8-720x480.jpeg 720w, https:\/\/www.pressenza.com\/wp-content\/uploads\/2015\/10\/Lina-Marinelli8-300x200.jpeg 300w, https:\/\/www.pressenza.com\/wp-content\/uploads\/2015\/10\/Lina-Marinelli8.jpeg 800w\" sizes=\"auto, (max-width: 720px) 100vw, 720px\" \/><\/a><p id=\"caption-attachment-235450\" class=\"wp-caption-text\">Foto Lina Marinelli<\/p><\/div>\n<p>Segundo a coordenadora do MSTC, Carmen Silva Ferreira, uma das principais lideran\u00e7as sem-teto de S\u00e3o Paulo, <em>\u201co futuro do movimento est\u00e1 garantido porque a esperan\u00e7a de dias melhores brilha nos olhos dessas crian\u00e7as.\u201d<\/em><\/p>\n<div id=\"attachment_235434\" class=\"wp-caption alignnone\"><a href=\"http:\/\/www.pressenza.com\/wp-content\/uploads\/2015\/10\/Lina-Marinelli6.jpeg\"><img loading=\"lazy\" decoding=\"async\" aria-describedby=\"caption-attachment-235434\" class=\"size-large wp-image-235434\" src=\"http:\/\/www.pressenza.com\/wp-content\/uploads\/2015\/10\/Lina-Marinelli6-720x480.jpeg\" alt=\"Foto Lina Marinelli\" width=\"720\" height=\"480\" srcset=\"https:\/\/www.pressenza.com\/wp-content\/uploads\/2015\/10\/Lina-Marinelli6-720x480.jpeg 720w, https:\/\/www.pressenza.com\/wp-content\/uploads\/2015\/10\/Lina-Marinelli6-300x200.jpeg 300w, https:\/\/www.pressenza.com\/wp-content\/uploads\/2015\/10\/Lina-Marinelli6.jpeg 800w\" sizes=\"auto, (max-width: 720px) 100vw, 720px\" \/><\/a><p id=\"caption-attachment-235434\" class=\"wp-caption-text\">Foto Lina Marinelli<\/p><\/div>\n<p>&nbsp;<\/p>\n","protected":false},"excerpt":{"rendered":"<p>Por Laura Capriglione, para os Jornalistas Livres O hall monumental do antigo Hotel Cambridge, no centro de S\u00e3o Paulo, j\u00e1 recebeu a voz e o piano suaves do cantor americano negro Nat King Cole. Tempos de gl\u00f3ria do pr\u00e9dio constru\u00eddo&hellip;<\/p>\n","protected":false},"author":1187,"featured_media":235394,"comment_status":"closed","ping_status":"open","sticky":false,"template":"","format":"standard","meta":{"footnotes":""},"categories":[104,5756],"tags":[2744,10537,5039,14135,20925,6960,20918,5053,20926],"class_list":["post-235486","post","type-post","status-publish","format-standard","has-post-thumbnail","hentry","category-america-do-sul","category-foto-reportagem","tag-brasil","tag-criancas","tag-festa","tag-infancia-pt-pt","tag-moradia","tag-movimentos-sociais","tag-mstc","tag-sao-paulo","tag-sem-teto"],"yoast_head":"<!-- This site is optimized with the Yoast SEO plugin v27.1.1 - https:\/\/yoast.com\/product\/yoast-seo-wordpress\/ -->\n<title>Um dia para celebrar a esperan\u00e7a<\/title>\n<meta name=\"description\" content=\"Por Laura Capriglione, para os Jornalistas Livres O hall monumental do antigo Hotel Cambridge, no centro de S\u00e3o Paulo, j\u00e1 recebeu a voz e o piano suaves\" \/>\n<meta name=\"robots\" content=\"index, follow, max-snippet:-1, max-image-preview:large, max-video-preview:-1\" \/>\n<link rel=\"canonical\" href=\"https:\/\/www.pressenza.com\/pt-pt\/2015\/10\/um-dia-para-celebrar-a-esperanca\/\" \/>\n<meta property=\"og:locale\" content=\"pt_PT\" \/>\n<meta property=\"og:type\" content=\"article\" \/>\n<meta property=\"og:title\" content=\"Um dia para celebrar a esperan\u00e7a\" \/>\n<meta property=\"og:description\" content=\"Por Laura Capriglione, para os Jornalistas Livres O hall monumental do antigo Hotel Cambridge, no centro de S\u00e3o Paulo, j\u00e1 recebeu a voz e o piano suaves\" \/>\n<meta property=\"og:url\" content=\"https:\/\/www.pressenza.com\/pt-pt\/2015\/10\/um-dia-para-celebrar-a-esperanca\/\" \/>\n<meta property=\"og:site_name\" content=\"Pressenza\" \/>\n<meta property=\"article:publisher\" content=\"https:\/\/www.facebook.com\/PressenzaItalia\" \/>\n<meta property=\"article:author\" content=\"Alicia Blanco\" \/>\n<meta property=\"article:published_time\" content=\"2015-10-17T17:46:21+00:00\" \/>\n<meta property=\"og:image\" content=\"https:\/\/www.pressenza.com\/wp-content\/uploads\/2015\/10\/Lina-Marinelli-1.jpeg\" \/>\n\t<meta property=\"og:image:width\" content=\"1200\" \/>\n\t<meta property=\"og:image:height\" content=\"800\" \/>\n\t<meta property=\"og:image:type\" content=\"image\/jpeg\" \/>\n<meta name=\"author\" content=\"Alicia Blanco\" \/>\n<meta name=\"twitter:card\" content=\"summary_large_image\" \/>\n<meta name=\"twitter:creator\" content=\"@aliciablancoar\" \/>\n<meta name=\"twitter:site\" content=\"@PressenzaIPA\" \/>\n<meta name=\"twitter:label1\" content=\"Escrito por\" \/>\n\t<meta name=\"twitter:data1\" content=\"Alicia Blanco\" \/>\n\t<meta name=\"twitter:label2\" content=\"Tempo estimado de leitura\" \/>\n\t<meta name=\"twitter:data2\" content=\"3 minutos\" \/>\n<script type=\"application\/ld+json\" class=\"yoast-schema-graph\">{\"@context\":\"https:\/\/schema.org\",\"@graph\":[{\"@type\":\"Article\",\"@id\":\"https:\/\/www.pressenza.com\/pt-pt\/2015\/10\/um-dia-para-celebrar-a-esperanca\/#article\",\"isPartOf\":{\"@id\":\"https:\/\/www.pressenza.com\/pt-pt\/2015\/10\/um-dia-para-celebrar-a-esperanca\/\"},\"author\":{\"name\":\"Alicia Blanco\",\"@id\":\"https:\/\/www.pressenza.com\/pt-pt\/#\/schema\/person\/cd1c733ed7825bc0f36b165c74e256a3\"},\"headline\":\"Um dia para celebrar a esperan\u00e7a\",\"datePublished\":\"2015-10-17T17:46:21+00:00\",\"mainEntityOfPage\":{\"@id\":\"https:\/\/www.pressenza.com\/pt-pt\/2015\/10\/um-dia-para-celebrar-a-esperanca\/\"},\"wordCount\":514,\"publisher\":{\"@id\":\"https:\/\/www.pressenza.com\/pt-pt\/#organization\"},\"image\":{\"@id\":\"https:\/\/www.pressenza.com\/pt-pt\/2015\/10\/um-dia-para-celebrar-a-esperanca\/#primaryimage\"},\"thumbnailUrl\":\"https:\/\/www.pressenza.com\/wp-content\/uploads\/2015\/10\/Lina-Marinelli-1.jpeg\",\"keywords\":[\"Brasil\",\"criancas\",\"festa\",\"Infancia\",\"moradia\",\"Movimentos Sociais\",\"MSTC\",\"S\u00e3o Paulo\",\"sem teto\"],\"articleSection\":[\"\u00c1m\u00e9rica do Sul\",\"Foto reportagem\"],\"inLanguage\":\"pt-PT\"},{\"@type\":\"WebPage\",\"@id\":\"https:\/\/www.pressenza.com\/pt-pt\/2015\/10\/um-dia-para-celebrar-a-esperanca\/\",\"url\":\"https:\/\/www.pressenza.com\/pt-pt\/2015\/10\/um-dia-para-celebrar-a-esperanca\/\",\"name\":\"Um dia para celebrar a esperan\u00e7a\",\"isPartOf\":{\"@id\":\"https:\/\/www.pressenza.com\/pt-pt\/#website\"},\"primaryImageOfPage\":{\"@id\":\"https:\/\/www.pressenza.com\/pt-pt\/2015\/10\/um-dia-para-celebrar-a-esperanca\/#primaryimage\"},\"image\":{\"@id\":\"https:\/\/www.pressenza.com\/pt-pt\/2015\/10\/um-dia-para-celebrar-a-esperanca\/#primaryimage\"},\"thumbnailUrl\":\"https:\/\/www.pressenza.com\/wp-content\/uploads\/2015\/10\/Lina-Marinelli-1.jpeg\",\"datePublished\":\"2015-10-17T17:46:21+00:00\",\"description\":\"Por Laura Capriglione, para os Jornalistas Livres O hall monumental do antigo Hotel Cambridge, no centro de S\u00e3o Paulo, j\u00e1 recebeu a voz e o piano suaves\",\"breadcrumb\":{\"@id\":\"https:\/\/www.pressenza.com\/pt-pt\/2015\/10\/um-dia-para-celebrar-a-esperanca\/#breadcrumb\"},\"inLanguage\":\"pt-PT\",\"potentialAction\":[{\"@type\":\"ReadAction\",\"target\":[\"https:\/\/www.pressenza.com\/pt-pt\/2015\/10\/um-dia-para-celebrar-a-esperanca\/\"]}]},{\"@type\":\"ImageObject\",\"inLanguage\":\"pt-PT\",\"@id\":\"https:\/\/www.pressenza.com\/pt-pt\/2015\/10\/um-dia-para-celebrar-a-esperanca\/#primaryimage\",\"url\":\"https:\/\/www.pressenza.com\/wp-content\/uploads\/2015\/10\/Lina-Marinelli-1.jpeg\",\"contentUrl\":\"https:\/\/www.pressenza.com\/wp-content\/uploads\/2015\/10\/Lina-Marinelli-1.jpeg\",\"width\":1200,\"height\":800},{\"@type\":\"BreadcrumbList\",\"@id\":\"https:\/\/www.pressenza.com\/pt-pt\/2015\/10\/um-dia-para-celebrar-a-esperanca\/#breadcrumb\",\"itemListElement\":[{\"@type\":\"ListItem\",\"position\":1,\"name\":\"Accueil\",\"item\":\"https:\/\/www.pressenza.com\/pt-pt\/\"},{\"@type\":\"ListItem\",\"position\":2,\"name\":\"Um dia para celebrar a esperan\u00e7a\"}]},{\"@type\":\"WebSite\",\"@id\":\"https:\/\/www.pressenza.com\/pt-pt\/#website\",\"url\":\"https:\/\/www.pressenza.com\/pt-pt\/\",\"name\":\"Pressenza\",\"description\":\"International Press Agency\",\"publisher\":{\"@id\":\"https:\/\/www.pressenza.com\/pt-pt\/#organization\"},\"potentialAction\":[{\"@type\":\"SearchAction\",\"target\":{\"@type\":\"EntryPoint\",\"urlTemplate\":\"https:\/\/www.pressenza.com\/pt-pt\/?s={search_term_string}\"},\"query-input\":{\"@type\":\"PropertyValueSpecification\",\"valueRequired\":true,\"valueName\":\"search_term_string\"}}],\"inLanguage\":\"pt-PT\"},{\"@type\":\"Organization\",\"@id\":\"https:\/\/www.pressenza.com\/pt-pt\/#organization\",\"name\":\"Pressenza\",\"url\":\"https:\/\/www.pressenza.com\/pt-pt\/\",\"logo\":{\"@type\":\"ImageObject\",\"inLanguage\":\"pt-PT\",\"@id\":\"https:\/\/www.pressenza.com\/pt-pt\/#\/schema\/logo\/image\/\",\"url\":\"https:\/\/www.pressenza.com\/wp-content\/uploads\/2022\/10\/pressenza_logo_200x200.jpg\",\"contentUrl\":\"https:\/\/www.pressenza.com\/wp-content\/uploads\/2022\/10\/pressenza_logo_200x200.jpg\",\"width\":200,\"height\":200,\"caption\":\"Pressenza\"},\"image\":{\"@id\":\"https:\/\/www.pressenza.com\/pt-pt\/#\/schema\/logo\/image\/\"},\"sameAs\":[\"https:\/\/www.facebook.com\/PressenzaItalia\",\"https:\/\/x.com\/PressenzaIPA\"]},{\"@type\":\"Person\",\"@id\":\"https:\/\/www.pressenza.com\/pt-pt\/#\/schema\/person\/cd1c733ed7825bc0f36b165c74e256a3\",\"name\":\"Alicia Blanco\",\"description\":\"Humanista, co-directora de Pressenza.\",\"sameAs\":[\"Alicia Blanco\",\"https:\/\/x.com\/aliciablancoar\"],\"url\":\"https:\/\/www.pressenza.com\/pt-pt\/author\/alicia-blanco\/\"}]}<\/script>\n<!-- \/ Yoast SEO plugin. -->","yoast_head_json":{"title":"Um dia para celebrar a esperan\u00e7a","description":"Por Laura Capriglione, para os Jornalistas Livres O hall monumental do antigo Hotel Cambridge, no centro de S\u00e3o Paulo, j\u00e1 recebeu a voz e o piano suaves","robots":{"index":"index","follow":"follow","max-snippet":"max-snippet:-1","max-image-preview":"max-image-preview:large","max-video-preview":"max-video-preview:-1"},"canonical":"https:\/\/www.pressenza.com\/pt-pt\/2015\/10\/um-dia-para-celebrar-a-esperanca\/","og_locale":"pt_PT","og_type":"article","og_title":"Um dia para celebrar a esperan\u00e7a","og_description":"Por Laura Capriglione, para os Jornalistas Livres O hall monumental do antigo Hotel Cambridge, no centro de S\u00e3o Paulo, j\u00e1 recebeu a voz e o piano suaves","og_url":"https:\/\/www.pressenza.com\/pt-pt\/2015\/10\/um-dia-para-celebrar-a-esperanca\/","og_site_name":"Pressenza","article_publisher":"https:\/\/www.facebook.com\/PressenzaItalia","article_author":"Alicia Blanco","article_published_time":"2015-10-17T17:46:21+00:00","og_image":[{"width":1200,"height":800,"url":"https:\/\/www.pressenza.com\/wp-content\/uploads\/2015\/10\/Lina-Marinelli-1.jpeg","type":"image\/jpeg"}],"author":"Alicia Blanco","twitter_card":"summary_large_image","twitter_creator":"@aliciablancoar","twitter_site":"@PressenzaIPA","twitter_misc":{"Escrito por":"Alicia Blanco","Tempo estimado de leitura":"3 minutos"},"schema":{"@context":"https:\/\/schema.org","@graph":[{"@type":"Article","@id":"https:\/\/www.pressenza.com\/pt-pt\/2015\/10\/um-dia-para-celebrar-a-esperanca\/#article","isPartOf":{"@id":"https:\/\/www.pressenza.com\/pt-pt\/2015\/10\/um-dia-para-celebrar-a-esperanca\/"},"author":{"name":"Alicia Blanco","@id":"https:\/\/www.pressenza.com\/pt-pt\/#\/schema\/person\/cd1c733ed7825bc0f36b165c74e256a3"},"headline":"Um dia para celebrar a esperan\u00e7a","datePublished":"2015-10-17T17:46:21+00:00","mainEntityOfPage":{"@id":"https:\/\/www.pressenza.com\/pt-pt\/2015\/10\/um-dia-para-celebrar-a-esperanca\/"},"wordCount":514,"publisher":{"@id":"https:\/\/www.pressenza.com\/pt-pt\/#organization"},"image":{"@id":"https:\/\/www.pressenza.com\/pt-pt\/2015\/10\/um-dia-para-celebrar-a-esperanca\/#primaryimage"},"thumbnailUrl":"https:\/\/www.pressenza.com\/wp-content\/uploads\/2015\/10\/Lina-Marinelli-1.jpeg","keywords":["Brasil","criancas","festa","Infancia","moradia","Movimentos Sociais","MSTC","S\u00e3o Paulo","sem teto"],"articleSection":["\u00c1m\u00e9rica do Sul","Foto reportagem"],"inLanguage":"pt-PT"},{"@type":"WebPage","@id":"https:\/\/www.pressenza.com\/pt-pt\/2015\/10\/um-dia-para-celebrar-a-esperanca\/","url":"https:\/\/www.pressenza.com\/pt-pt\/2015\/10\/um-dia-para-celebrar-a-esperanca\/","name":"Um dia para celebrar a esperan\u00e7a","isPartOf":{"@id":"https:\/\/www.pressenza.com\/pt-pt\/#website"},"primaryImageOfPage":{"@id":"https:\/\/www.pressenza.com\/pt-pt\/2015\/10\/um-dia-para-celebrar-a-esperanca\/#primaryimage"},"image":{"@id":"https:\/\/www.pressenza.com\/pt-pt\/2015\/10\/um-dia-para-celebrar-a-esperanca\/#primaryimage"},"thumbnailUrl":"https:\/\/www.pressenza.com\/wp-content\/uploads\/2015\/10\/Lina-Marinelli-1.jpeg","datePublished":"2015-10-17T17:46:21+00:00","description":"Por Laura Capriglione, para os Jornalistas Livres O hall monumental do antigo Hotel Cambridge, no centro de S\u00e3o Paulo, j\u00e1 recebeu a voz e o piano suaves","breadcrumb":{"@id":"https:\/\/www.pressenza.com\/pt-pt\/2015\/10\/um-dia-para-celebrar-a-esperanca\/#breadcrumb"},"inLanguage":"pt-PT","potentialAction":[{"@type":"ReadAction","target":["https:\/\/www.pressenza.com\/pt-pt\/2015\/10\/um-dia-para-celebrar-a-esperanca\/"]}]},{"@type":"ImageObject","inLanguage":"pt-PT","@id":"https:\/\/www.pressenza.com\/pt-pt\/2015\/10\/um-dia-para-celebrar-a-esperanca\/#primaryimage","url":"https:\/\/www.pressenza.com\/wp-content\/uploads\/2015\/10\/Lina-Marinelli-1.jpeg","contentUrl":"https:\/\/www.pressenza.com\/wp-content\/uploads\/2015\/10\/Lina-Marinelli-1.jpeg","width":1200,"height":800},{"@type":"BreadcrumbList","@id":"https:\/\/www.pressenza.com\/pt-pt\/2015\/10\/um-dia-para-celebrar-a-esperanca\/#breadcrumb","itemListElement":[{"@type":"ListItem","position":1,"name":"Accueil","item":"https:\/\/www.pressenza.com\/pt-pt\/"},{"@type":"ListItem","position":2,"name":"Um dia para celebrar a esperan\u00e7a"}]},{"@type":"WebSite","@id":"https:\/\/www.pressenza.com\/pt-pt\/#website","url":"https:\/\/www.pressenza.com\/pt-pt\/","name":"Pressenza","description":"International Press Agency","publisher":{"@id":"https:\/\/www.pressenza.com\/pt-pt\/#organization"},"potentialAction":[{"@type":"SearchAction","target":{"@type":"EntryPoint","urlTemplate":"https:\/\/www.pressenza.com\/pt-pt\/?s={search_term_string}"},"query-input":{"@type":"PropertyValueSpecification","valueRequired":true,"valueName":"search_term_string"}}],"inLanguage":"pt-PT"},{"@type":"Organization","@id":"https:\/\/www.pressenza.com\/pt-pt\/#organization","name":"Pressenza","url":"https:\/\/www.pressenza.com\/pt-pt\/","logo":{"@type":"ImageObject","inLanguage":"pt-PT","@id":"https:\/\/www.pressenza.com\/pt-pt\/#\/schema\/logo\/image\/","url":"https:\/\/www.pressenza.com\/wp-content\/uploads\/2022\/10\/pressenza_logo_200x200.jpg","contentUrl":"https:\/\/www.pressenza.com\/wp-content\/uploads\/2022\/10\/pressenza_logo_200x200.jpg","width":200,"height":200,"caption":"Pressenza"},"image":{"@id":"https:\/\/www.pressenza.com\/pt-pt\/#\/schema\/logo\/image\/"},"sameAs":["https:\/\/www.facebook.com\/PressenzaItalia","https:\/\/x.com\/PressenzaIPA"]},{"@type":"Person","@id":"https:\/\/www.pressenza.com\/pt-pt\/#\/schema\/person\/cd1c733ed7825bc0f36b165c74e256a3","name":"Alicia Blanco","description":"Humanista, co-directora de Pressenza.","sameAs":["Alicia Blanco","https:\/\/x.com\/aliciablancoar"],"url":"https:\/\/www.pressenza.com\/pt-pt\/author\/alicia-blanco\/"}]}},"place":"S\u00e3o Paulo, Brasil","original_article_url":"https:\/\/medium.com\/jornalistas-livres\/um-dia-para-celebrar-a-esperan%C3%A7a-d1f470ad2a91","_links":{"self":[{"href":"https:\/\/www.pressenza.com\/pt-pt\/wp-json\/wp\/v2\/posts\/235486","targetHints":{"allow":["GET"]}}],"collection":[{"href":"https:\/\/www.pressenza.com\/pt-pt\/wp-json\/wp\/v2\/posts"}],"about":[{"href":"https:\/\/www.pressenza.com\/pt-pt\/wp-json\/wp\/v2\/types\/post"}],"author":[{"embeddable":true,"href":"https:\/\/www.pressenza.com\/pt-pt\/wp-json\/wp\/v2\/users\/1187"}],"replies":[{"embeddable":true,"href":"https:\/\/www.pressenza.com\/pt-pt\/wp-json\/wp\/v2\/comments?post=235486"}],"version-history":[{"count":0,"href":"https:\/\/www.pressenza.com\/pt-pt\/wp-json\/wp\/v2\/posts\/235486\/revisions"}],"wp:featuredmedia":[{"embeddable":true,"href":"https:\/\/www.pressenza.com\/pt-pt\/wp-json\/wp\/v2\/media\/235394"}],"wp:attachment":[{"href":"https:\/\/www.pressenza.com\/pt-pt\/wp-json\/wp\/v2\/media?parent=235486"}],"wp:term":[{"taxonomy":"category","embeddable":true,"href":"https:\/\/www.pressenza.com\/pt-pt\/wp-json\/wp\/v2\/categories?post=235486"},{"taxonomy":"post_tag","embeddable":true,"href":"https:\/\/www.pressenza.com\/pt-pt\/wp-json\/wp\/v2\/tags?post=235486"}],"curies":[{"name":"wp","href":"https:\/\/api.w.org\/{rel}","templated":true}]}}