{"id":227932,"date":"2015-10-02T00:10:43","date_gmt":"2015-10-01T23:10:43","guid":{"rendered":"http:\/\/www.pressenza.com\/pt-pt\/?p=227932"},"modified":"2016-04-05T19:38:40","modified_gmt":"2016-04-05T18:38:40","slug":"dia-internacional-da-nao-violencia","status":"publish","type":"post","link":"https:\/\/www.pressenza.com\/pt-pt\/2015\/10\/dia-internacional-da-nao-violencia\/","title":{"rendered":"Dia Internacional da N\u00e3o Viol\u00eancia"},"content":{"rendered":"<p><strong>A viol\u00eancia se aprende, a n\u00e3o-viol\u00eancia tamb\u00e9m.<\/strong><\/p>\n<p>Consagrado pelas Na\u00e7\u014des Unidas, no dia 2 de Outubro celebrado-se o Dia Internacional da N\u00e3o-Viol\u00eancia, comemorando o anivers\u00e1rio de nascimento de Mahatma Ghandi, um dos pioneiros da filosofia e pr\u00e1tica da n\u00e3o-viol\u00eancia.<\/p>\n<p>Figuras como Mahatma Ghandi, Martin Luther King e Silo s\u00e3o recordadas nesta data por suas lutas em movimentos sociais com base em metodologias n\u00e3o violentas.<\/p>\n<p>O activista e escrito Silo, fundador do Humanismo Universalista ou Novo Humanismo, converteu-se numa referencia actual da metodologia da n\u00e3o-viol\u00eancia activa atrav\u00e9s dos organismos do Movimento Humanista, da qual foi fundador, e da <i>Mensagem de Silo, <\/i>sua obra espiritual.<\/p>\n<p>Por isso, os humanistas em todo mundo celebram esta data denunciando todo tipo de viol\u00eancia n\u00e3o s\u00f3 f\u00edsica, mas tamb\u00e9m econ\u00f3mica, religiosa, sexual, generacional, psicol\u00f3gica, entre outras. Neste dia, realizam-se em todo mundo actividades culturais, festivas, acad\u00e9micas, e muitas outras, com o objectivo de gerar consci\u00eancia e dar um sinal de que a n\u00e3o-viol\u00eancia \u00e9 uma realidade, e \u00e9 uma esperan\u00e7a para o futuro. Esta data, assinala o 6\u00ba anivers\u00e1rio da primeira Marcha Mundial pela Paz e N\u00e3o-viol\u00eancia, que passou por mais de 90 pa\u00edses e na sua visita a Mo\u00e7ambique foi recebida pelo Presidente do Munic\u00edpio de Maputo, David Simango, depois de ter percorrido nove prov\u00edncias do pais.<\/p>\n<p>Os humanistas mo\u00e7ambicanos reconhecem os momentos cr\u00edticos de\u00a0 violencia armada que vivemos com os ataques e mortes perigando a Paz em todo o pa\u00eds. Al\u00e9m disso lembram, que a violencia n\u00e3o \u00e9 s\u00f3 f\u00edsica, \u00e9 tamb\u00e9m econ\u00f3mica quando a maior parte dos cidad\u00e3os mo\u00e7ambicanos sofre com o aumento do custo de vida e do fosso entre a riqueza e a pobreza que \u00e9 cada vez mais vis\u00edvel.<\/p>\n","protected":false},"excerpt":{"rendered":"<p>A viol\u00eancia se aprende, a n\u00e3o-viol\u00eancia tamb\u00e9m. Consagrado pelas Na\u00e7\u014des Unidas, no dia 2 de Outubro celebrado-se o Dia Internacional da N\u00e3o-Viol\u00eancia, comemorando o anivers\u00e1rio de nascimento de Mahatma Ghandi, um dos pioneiros da filosofia e pr\u00e1tica da n\u00e3o-viol\u00eancia. Figuras&hellip;<\/p>\n","protected":false},"author":1038,"featured_media":227933,"comment_status":"closed","ping_status":"open","sticky":false,"template":"","format":"standard","meta":{"footnotes":""},"categories":[11390,42,1256],"tags":[6969,20417,5401,5208,5517,542],"class_list":["post-227932","post","type-post","status-publish","format-standard","has-post-thumbnail","hentry","category-conteudo-original","category-internacional-2","category-nao-violencia","tag-gandhi-en","tag-luther-king","tag-maputo","tag-mocambique","tag-nao-violencia-2","tag-silo"],"yoast_head":"<!-- This site is optimized with the Yoast SEO plugin v27.1.1 - https:\/\/yoast.com\/product\/yoast-seo-wordpress\/ -->\n<title>Dia Internacional da N\u00e3o Viol\u00eancia<\/title>\n<meta name=\"description\" content=\"A viol\u00eancia se aprende, a n\u00e3o-viol\u00eancia tamb\u00e9m. Consagrado pelas Na\u00e7\u014des Unidas, no dia 2 de Outubro celebrado-se o Dia Internacional da N\u00e3o-Viol\u00eancia,\" \/>\n<meta name=\"robots\" content=\"index, follow, max-snippet:-1, max-image-preview:large, max-video-preview:-1\" \/>\n<link rel=\"canonical\" href=\"https:\/\/www.pressenza.com\/pt-pt\/2015\/10\/dia-internacional-da-nao-violencia\/\" \/>\n<meta property=\"og:locale\" content=\"pt_PT\" \/>\n<meta property=\"og:type\" content=\"article\" \/>\n<meta property=\"og:title\" content=\"Dia Internacional da N\u00e3o Viol\u00eancia\" \/>\n<meta property=\"og:description\" content=\"A viol\u00eancia se aprende, a n\u00e3o-viol\u00eancia tamb\u00e9m. Consagrado pelas Na\u00e7\u014des Unidas, no dia 2 de Outubro celebrado-se o Dia Internacional da N\u00e3o-Viol\u00eancia,\" \/>\n<meta property=\"og:url\" content=\"https:\/\/www.pressenza.com\/pt-pt\/2015\/10\/dia-internacional-da-nao-violencia\/\" \/>\n<meta property=\"og:site_name\" content=\"Pressenza\" \/>\n<meta property=\"article:publisher\" content=\"https:\/\/www.facebook.com\/PressenzaItalia\" \/>\n<meta property=\"article:published_time\" content=\"2015-10-01T23:10:43+00:00\" \/>\n<meta property=\"article:modified_time\" content=\"2016-04-05T18:38:40+00:00\" \/>\n<meta property=\"og:image\" content=\"https:\/\/www.pressenza.com\/wp-content\/uploads\/2015\/10\/Apresenta_o_20.Junho_081.jpg\" \/>\n\t<meta property=\"og:image:width\" content=\"1600\" \/>\n\t<meta property=\"og:image:height\" content=\"1200\" \/>\n\t<meta property=\"og:image:type\" content=\"image\/jpeg\" \/>\n<meta name=\"author\" content=\"Djamila Andrade\" \/>\n<meta name=\"twitter:card\" content=\"summary_large_image\" \/>\n<meta name=\"twitter:creator\" content=\"@PressenzaIPA\" \/>\n<meta name=\"twitter:site\" content=\"@PressenzaIPA\" \/>\n<meta name=\"twitter:label1\" content=\"Escrito por\" \/>\n\t<meta name=\"twitter:data1\" content=\"Djamila Andrade\" \/>\n\t<meta name=\"twitter:label2\" content=\"Tempo estimado de leitura\" \/>\n\t<meta name=\"twitter:data2\" content=\"2 minutos\" \/>\n<script type=\"application\/ld+json\" class=\"yoast-schema-graph\">{\"@context\":\"https:\/\/schema.org\",\"@graph\":[{\"@type\":\"Article\",\"@id\":\"https:\/\/www.pressenza.com\/pt-pt\/2015\/10\/dia-internacional-da-nao-violencia\/#article\",\"isPartOf\":{\"@id\":\"https:\/\/www.pressenza.com\/pt-pt\/2015\/10\/dia-internacional-da-nao-violencia\/\"},\"author\":{\"name\":\"Djamila Andrade\",\"@id\":\"https:\/\/www.pressenza.com\/pt-pt\/#\/schema\/person\/31acaf2663c5d810e9f6bbd6ac5bea8f\"},\"headline\":\"Dia Internacional da N\u00e3o Viol\u00eancia\",\"datePublished\":\"2015-10-01T23:10:43+00:00\",\"dateModified\":\"2016-04-05T18:38:40+00:00\",\"mainEntityOfPage\":{\"@id\":\"https:\/\/www.pressenza.com\/pt-pt\/2015\/10\/dia-internacional-da-nao-violencia\/\"},\"wordCount\":323,\"publisher\":{\"@id\":\"https:\/\/www.pressenza.com\/pt-pt\/#organization\"},\"image\":{\"@id\":\"https:\/\/www.pressenza.com\/pt-pt\/2015\/10\/dia-internacional-da-nao-violencia\/#primaryimage\"},\"thumbnailUrl\":\"https:\/\/www.pressenza.com\/wp-content\/uploads\/2015\/10\/Apresenta_o_20.Junho_081.jpg\",\"keywords\":[\"Gandhi\",\"luther king\",\"maputo\",\"Mocambique\",\"n\u00e3o violencia\",\"Silo\"],\"articleSection\":[\"Conte\u00fado Original\",\"Internacional\",\"N\u00e3o viol\u00eancia\"],\"inLanguage\":\"pt-PT\"},{\"@type\":\"WebPage\",\"@id\":\"https:\/\/www.pressenza.com\/pt-pt\/2015\/10\/dia-internacional-da-nao-violencia\/\",\"url\":\"https:\/\/www.pressenza.com\/pt-pt\/2015\/10\/dia-internacional-da-nao-violencia\/\",\"name\":\"Dia Internacional da N\u00e3o Viol\u00eancia\",\"isPartOf\":{\"@id\":\"https:\/\/www.pressenza.com\/pt-pt\/#website\"},\"primaryImageOfPage\":{\"@id\":\"https:\/\/www.pressenza.com\/pt-pt\/2015\/10\/dia-internacional-da-nao-violencia\/#primaryimage\"},\"image\":{\"@id\":\"https:\/\/www.pressenza.com\/pt-pt\/2015\/10\/dia-internacional-da-nao-violencia\/#primaryimage\"},\"thumbnailUrl\":\"https:\/\/www.pressenza.com\/wp-content\/uploads\/2015\/10\/Apresenta_o_20.Junho_081.jpg\",\"datePublished\":\"2015-10-01T23:10:43+00:00\",\"dateModified\":\"2016-04-05T18:38:40+00:00\",\"description\":\"A viol\u00eancia se aprende, a n\u00e3o-viol\u00eancia tamb\u00e9m. Consagrado pelas Na\u00e7\u014des Unidas, no dia 2 de Outubro celebrado-se o Dia Internacional da N\u00e3o-Viol\u00eancia,\",\"breadcrumb\":{\"@id\":\"https:\/\/www.pressenza.com\/pt-pt\/2015\/10\/dia-internacional-da-nao-violencia\/#breadcrumb\"},\"inLanguage\":\"pt-PT\",\"potentialAction\":[{\"@type\":\"ReadAction\",\"target\":[\"https:\/\/www.pressenza.com\/pt-pt\/2015\/10\/dia-internacional-da-nao-violencia\/\"]}]},{\"@type\":\"ImageObject\",\"inLanguage\":\"pt-PT\",\"@id\":\"https:\/\/www.pressenza.com\/pt-pt\/2015\/10\/dia-internacional-da-nao-violencia\/#primaryimage\",\"url\":\"https:\/\/www.pressenza.com\/wp-content\/uploads\/2015\/10\/Apresenta_o_20.Junho_081.jpg\",\"contentUrl\":\"https:\/\/www.pressenza.com\/wp-content\/uploads\/2015\/10\/Apresenta_o_20.Junho_081.jpg\",\"width\":1600,\"height\":1200,\"caption\":\"Maputo Marcha pela N\u00e3o-Viol\u00ebncia, 2009.\"},{\"@type\":\"BreadcrumbList\",\"@id\":\"https:\/\/www.pressenza.com\/pt-pt\/2015\/10\/dia-internacional-da-nao-violencia\/#breadcrumb\",\"itemListElement\":[{\"@type\":\"ListItem\",\"position\":1,\"name\":\"Accueil\",\"item\":\"https:\/\/www.pressenza.com\/pt-pt\/\"},{\"@type\":\"ListItem\",\"position\":2,\"name\":\"Dia Internacional da N\u00e3o Viol\u00eancia\"}]},{\"@type\":\"WebSite\",\"@id\":\"https:\/\/www.pressenza.com\/pt-pt\/#website\",\"url\":\"https:\/\/www.pressenza.com\/pt-pt\/\",\"name\":\"Pressenza\",\"description\":\"International Press Agency\",\"publisher\":{\"@id\":\"https:\/\/www.pressenza.com\/pt-pt\/#organization\"},\"potentialAction\":[{\"@type\":\"SearchAction\",\"target\":{\"@type\":\"EntryPoint\",\"urlTemplate\":\"https:\/\/www.pressenza.com\/pt-pt\/?s={search_term_string}\"},\"query-input\":{\"@type\":\"PropertyValueSpecification\",\"valueRequired\":true,\"valueName\":\"search_term_string\"}}],\"inLanguage\":\"pt-PT\"},{\"@type\":\"Organization\",\"@id\":\"https:\/\/www.pressenza.com\/pt-pt\/#organization\",\"name\":\"Pressenza\",\"url\":\"https:\/\/www.pressenza.com\/pt-pt\/\",\"logo\":{\"@type\":\"ImageObject\",\"inLanguage\":\"pt-PT\",\"@id\":\"https:\/\/www.pressenza.com\/pt-pt\/#\/schema\/logo\/image\/\",\"url\":\"https:\/\/www.pressenza.com\/wp-content\/uploads\/2022\/10\/pressenza_logo_200x200.jpg\",\"contentUrl\":\"https:\/\/www.pressenza.com\/wp-content\/uploads\/2022\/10\/pressenza_logo_200x200.jpg\",\"width\":200,\"height\":200,\"caption\":\"Pressenza\"},\"image\":{\"@id\":\"https:\/\/www.pressenza.com\/pt-pt\/#\/schema\/logo\/image\/\"},\"sameAs\":[\"https:\/\/www.facebook.com\/PressenzaItalia\",\"https:\/\/x.com\/PressenzaIPA\"]},{\"@type\":\"Person\",\"@id\":\"https:\/\/www.pressenza.com\/pt-pt\/#\/schema\/person\/31acaf2663c5d810e9f6bbd6ac5bea8f\",\"name\":\"Djamila Andrade\",\"description\":\"Pressenza editor in Portuguese, Humanist Movement activist and participant in communities of Silo's Message.\",\"url\":\"https:\/\/www.pressenza.com\/pt-pt\/author\/djamila-andrade\/\"}]}<\/script>\n<!-- \/ Yoast SEO plugin. -->","yoast_head_json":{"title":"Dia Internacional da N\u00e3o Viol\u00eancia","description":"A viol\u00eancia se aprende, a n\u00e3o-viol\u00eancia tamb\u00e9m. Consagrado pelas Na\u00e7\u014des Unidas, no dia 2 de Outubro celebrado-se o Dia Internacional da N\u00e3o-Viol\u00eancia,","robots":{"index":"index","follow":"follow","max-snippet":"max-snippet:-1","max-image-preview":"max-image-preview:large","max-video-preview":"max-video-preview:-1"},"canonical":"https:\/\/www.pressenza.com\/pt-pt\/2015\/10\/dia-internacional-da-nao-violencia\/","og_locale":"pt_PT","og_type":"article","og_title":"Dia Internacional da N\u00e3o Viol\u00eancia","og_description":"A viol\u00eancia se aprende, a n\u00e3o-viol\u00eancia tamb\u00e9m. Consagrado pelas Na\u00e7\u014des Unidas, no dia 2 de Outubro celebrado-se o Dia Internacional da N\u00e3o-Viol\u00eancia,","og_url":"https:\/\/www.pressenza.com\/pt-pt\/2015\/10\/dia-internacional-da-nao-violencia\/","og_site_name":"Pressenza","article_publisher":"https:\/\/www.facebook.com\/PressenzaItalia","article_published_time":"2015-10-01T23:10:43+00:00","article_modified_time":"2016-04-05T18:38:40+00:00","og_image":[{"width":1600,"height":1200,"url":"https:\/\/www.pressenza.com\/wp-content\/uploads\/2015\/10\/Apresenta_o_20.Junho_081.jpg","type":"image\/jpeg"}],"author":"Djamila Andrade","twitter_card":"summary_large_image","twitter_creator":"@PressenzaIPA","twitter_site":"@PressenzaIPA","twitter_misc":{"Escrito por":"Djamila Andrade","Tempo estimado de leitura":"2 minutos"},"schema":{"@context":"https:\/\/schema.org","@graph":[{"@type":"Article","@id":"https:\/\/www.pressenza.com\/pt-pt\/2015\/10\/dia-internacional-da-nao-violencia\/#article","isPartOf":{"@id":"https:\/\/www.pressenza.com\/pt-pt\/2015\/10\/dia-internacional-da-nao-violencia\/"},"author":{"name":"Djamila Andrade","@id":"https:\/\/www.pressenza.com\/pt-pt\/#\/schema\/person\/31acaf2663c5d810e9f6bbd6ac5bea8f"},"headline":"Dia Internacional da N\u00e3o Viol\u00eancia","datePublished":"2015-10-01T23:10:43+00:00","dateModified":"2016-04-05T18:38:40+00:00","mainEntityOfPage":{"@id":"https:\/\/www.pressenza.com\/pt-pt\/2015\/10\/dia-internacional-da-nao-violencia\/"},"wordCount":323,"publisher":{"@id":"https:\/\/www.pressenza.com\/pt-pt\/#organization"},"image":{"@id":"https:\/\/www.pressenza.com\/pt-pt\/2015\/10\/dia-internacional-da-nao-violencia\/#primaryimage"},"thumbnailUrl":"https:\/\/www.pressenza.com\/wp-content\/uploads\/2015\/10\/Apresenta_o_20.Junho_081.jpg","keywords":["Gandhi","luther king","maputo","Mocambique","n\u00e3o violencia","Silo"],"articleSection":["Conte\u00fado Original","Internacional","N\u00e3o viol\u00eancia"],"inLanguage":"pt-PT"},{"@type":"WebPage","@id":"https:\/\/www.pressenza.com\/pt-pt\/2015\/10\/dia-internacional-da-nao-violencia\/","url":"https:\/\/www.pressenza.com\/pt-pt\/2015\/10\/dia-internacional-da-nao-violencia\/","name":"Dia Internacional da N\u00e3o Viol\u00eancia","isPartOf":{"@id":"https:\/\/www.pressenza.com\/pt-pt\/#website"},"primaryImageOfPage":{"@id":"https:\/\/www.pressenza.com\/pt-pt\/2015\/10\/dia-internacional-da-nao-violencia\/#primaryimage"},"image":{"@id":"https:\/\/www.pressenza.com\/pt-pt\/2015\/10\/dia-internacional-da-nao-violencia\/#primaryimage"},"thumbnailUrl":"https:\/\/www.pressenza.com\/wp-content\/uploads\/2015\/10\/Apresenta_o_20.Junho_081.jpg","datePublished":"2015-10-01T23:10:43+00:00","dateModified":"2016-04-05T18:38:40+00:00","description":"A viol\u00eancia se aprende, a n\u00e3o-viol\u00eancia tamb\u00e9m. Consagrado pelas Na\u00e7\u014des Unidas, no dia 2 de Outubro celebrado-se o Dia Internacional da N\u00e3o-Viol\u00eancia,","breadcrumb":{"@id":"https:\/\/www.pressenza.com\/pt-pt\/2015\/10\/dia-internacional-da-nao-violencia\/#breadcrumb"},"inLanguage":"pt-PT","potentialAction":[{"@type":"ReadAction","target":["https:\/\/www.pressenza.com\/pt-pt\/2015\/10\/dia-internacional-da-nao-violencia\/"]}]},{"@type":"ImageObject","inLanguage":"pt-PT","@id":"https:\/\/www.pressenza.com\/pt-pt\/2015\/10\/dia-internacional-da-nao-violencia\/#primaryimage","url":"https:\/\/www.pressenza.com\/wp-content\/uploads\/2015\/10\/Apresenta_o_20.Junho_081.jpg","contentUrl":"https:\/\/www.pressenza.com\/wp-content\/uploads\/2015\/10\/Apresenta_o_20.Junho_081.jpg","width":1600,"height":1200,"caption":"Maputo Marcha pela N\u00e3o-Viol\u00ebncia, 2009."},{"@type":"BreadcrumbList","@id":"https:\/\/www.pressenza.com\/pt-pt\/2015\/10\/dia-internacional-da-nao-violencia\/#breadcrumb","itemListElement":[{"@type":"ListItem","position":1,"name":"Accueil","item":"https:\/\/www.pressenza.com\/pt-pt\/"},{"@type":"ListItem","position":2,"name":"Dia Internacional da N\u00e3o Viol\u00eancia"}]},{"@type":"WebSite","@id":"https:\/\/www.pressenza.com\/pt-pt\/#website","url":"https:\/\/www.pressenza.com\/pt-pt\/","name":"Pressenza","description":"International Press Agency","publisher":{"@id":"https:\/\/www.pressenza.com\/pt-pt\/#organization"},"potentialAction":[{"@type":"SearchAction","target":{"@type":"EntryPoint","urlTemplate":"https:\/\/www.pressenza.com\/pt-pt\/?s={search_term_string}"},"query-input":{"@type":"PropertyValueSpecification","valueRequired":true,"valueName":"search_term_string"}}],"inLanguage":"pt-PT"},{"@type":"Organization","@id":"https:\/\/www.pressenza.com\/pt-pt\/#organization","name":"Pressenza","url":"https:\/\/www.pressenza.com\/pt-pt\/","logo":{"@type":"ImageObject","inLanguage":"pt-PT","@id":"https:\/\/www.pressenza.com\/pt-pt\/#\/schema\/logo\/image\/","url":"https:\/\/www.pressenza.com\/wp-content\/uploads\/2022\/10\/pressenza_logo_200x200.jpg","contentUrl":"https:\/\/www.pressenza.com\/wp-content\/uploads\/2022\/10\/pressenza_logo_200x200.jpg","width":200,"height":200,"caption":"Pressenza"},"image":{"@id":"https:\/\/www.pressenza.com\/pt-pt\/#\/schema\/logo\/image\/"},"sameAs":["https:\/\/www.facebook.com\/PressenzaItalia","https:\/\/x.com\/PressenzaIPA"]},{"@type":"Person","@id":"https:\/\/www.pressenza.com\/pt-pt\/#\/schema\/person\/31acaf2663c5d810e9f6bbd6ac5bea8f","name":"Djamila Andrade","description":"Pressenza editor in Portuguese, Humanist Movement activist and participant in communities of Silo's Message.","url":"https:\/\/www.pressenza.com\/pt-pt\/author\/djamila-andrade\/"}]}},"place":"","original_article_url":"","_links":{"self":[{"href":"https:\/\/www.pressenza.com\/pt-pt\/wp-json\/wp\/v2\/posts\/227932","targetHints":{"allow":["GET"]}}],"collection":[{"href":"https:\/\/www.pressenza.com\/pt-pt\/wp-json\/wp\/v2\/posts"}],"about":[{"href":"https:\/\/www.pressenza.com\/pt-pt\/wp-json\/wp\/v2\/types\/post"}],"author":[{"embeddable":true,"href":"https:\/\/www.pressenza.com\/pt-pt\/wp-json\/wp\/v2\/users\/1038"}],"replies":[{"embeddable":true,"href":"https:\/\/www.pressenza.com\/pt-pt\/wp-json\/wp\/v2\/comments?post=227932"}],"version-history":[{"count":0,"href":"https:\/\/www.pressenza.com\/pt-pt\/wp-json\/wp\/v2\/posts\/227932\/revisions"}],"wp:featuredmedia":[{"embeddable":true,"href":"https:\/\/www.pressenza.com\/pt-pt\/wp-json\/wp\/v2\/media\/227933"}],"wp:attachment":[{"href":"https:\/\/www.pressenza.com\/pt-pt\/wp-json\/wp\/v2\/media?parent=227932"}],"wp:term":[{"taxonomy":"category","embeddable":true,"href":"https:\/\/www.pressenza.com\/pt-pt\/wp-json\/wp\/v2\/categories?post=227932"},{"taxonomy":"post_tag","embeddable":true,"href":"https:\/\/www.pressenza.com\/pt-pt\/wp-json\/wp\/v2\/tags?post=227932"}],"curies":[{"name":"wp","href":"https:\/\/api.w.org\/{rel}","templated":true}]}}