{"id":21990,"date":"2012-10-29T17:15:29","date_gmt":"2012-10-29T17:15:29","guid":{"rendered":"http:\/\/www.pressenza.com\/?p=21990"},"modified":"2012-10-31T01:25:57","modified_gmt":"2012-10-31T01:25:57","slug":"conheca-os-5-eixos-tematicos-do-iii-simposio-mundial-um-novo-humanismo-para-uma-nova-civilizacao","status":"publish","type":"post","link":"https:\/\/www.pressenza.com\/pt-pt\/2012\/10\/conheca-os-5-eixos-tematicos-do-iii-simposio-mundial-um-novo-humanismo-para-uma-nova-civilizacao\/","title":{"rendered":"Conhe\u00e7a os 5 Eixos tem\u00e1ticos do III Simp\u00f3sio Mundial \u201cum Novo Humanismo para uma Nova Civiliza\u00e7\u00e3o\u201d"},"content":{"rendered":"<p>Entre os dias 01 e 04 de novembros acontecer\u00e1 o III Simp\u00f3sio Mundial em diversos pontos do planeta com atividades que incluem variadas express\u00f5es: disserta\u00e7\u00f5es, palestras, apresenta\u00e7\u00e3o de livros, express\u00f5es art\u00edsticas, etc. O Simp\u00f3sio est\u00e1 organizado nos cinco Eixos Tem\u00e1ticos a seguir:<\/p>\n<p><strong>A N\u00e3o Viol\u00eancia: condi\u00e7\u00e3o e caminho para a nova civiliza\u00e7\u00e3o. <\/strong>Estamos num momento da hist\u00f3ria onde poderiam estas solucionadas as necessidade b\u00e1sicas de toda a popula\u00e7\u00e3o mundial. No entanto, cresce a desigualdade, os maus tratos, a intoler\u00e2ncia e a viol\u00eancia em diferentes formas. A N\u00e3o Viol\u00eancia \u00e9 uma condi\u00e7\u00e3o para a mudan\u00e7a. Porque hoje est\u00e1 claro que uma mudan\u00e7a, genu\u00edna, duradoura e essencialmente transformadora, deve se dar no ser humano e na sociedade de forma simult\u00e2nea, e n\u00e3o \u00e9 poss\u00edvel alcan\u00e7ar uma sem a outra.<\/p>\n<p><strong>Os Novos Modelos: prel\u00fadio de um novo momento hist\u00f3rico.<\/strong> A humanidade se encontra numa encruzilhada para a mudan\u00e7a, os modelos pol\u00edticos, sociais, econ\u00f4micos e pessoais est\u00e3o hoje em crise e se desestruturam de maneira evidente, enquanto surgem novas express\u00f5es de modelos que s\u00e3o o cimento de uma nova civiliza\u00e7\u00e3o. Somos todos testemunhas de novas formas pol\u00edtico-organizativas para melhorar as condi\u00e7\u00f5es de vida das popula\u00e7\u00f5es e que se expressam de diversas maneiras, em todo o mundo, com car\u00e1ter participativo, inclusivo e rec\u00edproco e que, em muitos casos, s\u00e3o protagonizados pelas novas gera\u00e7\u00f5es.<\/p>\n<p><strong>Paridade e Diversidade: par\u00e2metros de uma Nova Civiliza\u00e7\u00e3o.<\/strong> Que surge com novos protagonistas e novas formas de rela\u00e7\u00e3o e organiza\u00e7\u00e3o que buscam a supera\u00e7\u00e3o das velhas formas de rela\u00e7\u00e3o organiza\u00e7\u00e3o centralizadas, homog\u00eaneas e verticais. Vislumbra-se uma nova \u00e9tica baseada num princ\u00edpio moral por excel\u00eancia: Trate os demais como vc quer ser tratado. Hoje se v\u00ea claramente como os jovens, mulheres, povos origin\u00e1rios fazem sua apari\u00e7\u00e3o com for\u00e7a no cen\u00e1rio social, colocando-se na vanguarda das transforma\u00e7\u00f5es.<\/p>\n<p><strong>A Nova Sensibilidade: embri\u00e3o da nova civiliza\u00e7\u00e3o. <\/strong>Uma nova consci\u00eancia come\u00e7a a se espalhar pelo mundo e pode ser percebida tanto no protesto social que se multiplica em todas as partes quanto nas formas de rela\u00e7\u00e3o mais profundas que as pessoas est\u00e3o buscando. Deixando para tr\u00e1s o individualismo extremo que tem tingido de viol\u00eancia as rela\u00e7\u00f5es humanas, a horizontalidade, a n\u00e3o discrimina\u00e7\u00e3o, a diversidade, uma en\u00e9rgica rejei\u00e7\u00e3o \u00e0 manipula\u00e7\u00e3o e a criatividade e o humos s\u00e3o caracter\u00edsticas cada vez mais presentes. Por outra parte as pr\u00f3prias pessoas tomam os diversos meios de comunica\u00e7\u00e3o sem se limitarem a consumir, se tornando produtoras ativas de conte\u00fado.<\/p>\n<p><strong>A Nova Espiritualidade: fundamento de uma Nova Civiliza\u00e7\u00e3o. <\/strong>As grandes mudan\u00e7as<strong> <\/strong>nas civiliza\u00e7\u00f5es correspondem com profundas transforma\u00e7\u00f5es na espiritualidade humana.<strong> <\/strong>Cren\u00e7as e concep\u00e7\u00f5es anteriores caem por terra, dando lugar a novas express\u00f5es do Sagrado. A partir dessas experi\u00eancias comocionantes surgem as convic\u00e7\u00f5es que d\u00e3o sustento \u00e0 civiliza\u00e7\u00e3o nascente.<\/p>\n<p>(Fonte: site oficial do III Simp\u00f3sio Mundial Um Novo Humanismo para uma Nova Civiliza\u00e7\u00e3o)<\/p>\n<p>Visite o site do III Simp\u00f3sio em: <a href=\"http:\/\/www.worldsymposium.org\/\">http:\/\/www.worldsymposium.org<\/a><\/p>\n","protected":false},"excerpt":{"rendered":"<p>Entre os dias 01 e 04 de novembros acontecer\u00e1 o III Simp\u00f3sio Mundial em diversos pontos do planeta com atividades que incluem variadas express\u00f5es: disserta\u00e7\u00f5es, palestras, apresenta\u00e7\u00e3o de livros, express\u00f5es art\u00edsticas, etc. O Simp\u00f3sio est\u00e1 organizado nos cinco Eixos Tem\u00e1ticos&hellip;<\/p>\n","protected":false},"author":823,"featured_media":21985,"comment_status":"closed","ping_status":"open","sticky":false,"template":"","format":"standard","meta":{"footnotes":""},"categories":[112,116,42],"tags":[],"class_list":["post-21990","post","type-post","status-publish","format-standard","has-post-thumbnail","hentry","category-cultura-pt-pt","category-direitos-humanos","category-internacional-2"],"yoast_head":"<!-- This site is optimized with the Yoast SEO plugin v27.1.1 - https:\/\/yoast.com\/product\/yoast-seo-wordpress\/ -->\n<title>Conhe\u00e7a os 5 Eixos tem\u00e1ticos do III Simp\u00f3sio Mundial \u201cum Novo Humanismo para uma Nova Civiliza\u00e7\u00e3o\u201d<\/title>\n<meta name=\"description\" content=\"Entre os dias 01 e 04 de novembros acontecer\u00e1 o III Simp\u00f3sio Mundial em diversos pontos do planeta com atividades que incluem variadas express\u00f5es:\" \/>\n<meta name=\"robots\" content=\"index, follow, max-snippet:-1, max-image-preview:large, max-video-preview:-1\" \/>\n<link rel=\"canonical\" href=\"https:\/\/www.pressenza.com\/pt-pt\/2012\/10\/conheca-os-5-eixos-tematicos-do-iii-simposio-mundial-um-novo-humanismo-para-uma-nova-civilizacao\/\" \/>\n<meta property=\"og:locale\" content=\"pt_PT\" \/>\n<meta property=\"og:type\" content=\"article\" \/>\n<meta property=\"og:title\" content=\"Conhe\u00e7a os 5 Eixos tem\u00e1ticos do III Simp\u00f3sio Mundial \u201cum Novo Humanismo para uma Nova Civiliza\u00e7\u00e3o\u201d\" \/>\n<meta property=\"og:description\" content=\"Entre os dias 01 e 04 de novembros acontecer\u00e1 o III Simp\u00f3sio Mundial em diversos pontos do planeta com atividades que incluem variadas express\u00f5es:\" \/>\n<meta property=\"og:url\" content=\"https:\/\/www.pressenza.com\/pt-pt\/2012\/10\/conheca-os-5-eixos-tematicos-do-iii-simposio-mundial-um-novo-humanismo-para-uma-nova-civilizacao\/\" \/>\n<meta property=\"og:site_name\" content=\"Pressenza\" \/>\n<meta property=\"article:publisher\" content=\"https:\/\/www.facebook.com\/PressenzaItalia\" \/>\n<meta property=\"article:author\" content=\"http:\/\/facebook.com\/paulogenovese\" \/>\n<meta property=\"article:published_time\" content=\"2012-10-29T17:15:29+00:00\" \/>\n<meta property=\"article:modified_time\" content=\"2012-10-31T01:25:57+00:00\" \/>\n<meta property=\"og:image\" content=\"https:\/\/www.pressenza.com\/wp-content\/uploads\/2012\/10\/eixo-1-e-2.jpg\" \/>\n\t<meta property=\"og:image:width\" content=\"480\" \/>\n\t<meta property=\"og:image:height\" content=\"311\" \/>\n\t<meta property=\"og:image:type\" content=\"image\/jpeg\" \/>\n<meta name=\"author\" content=\"Paulo Genovese\" \/>\n<meta name=\"twitter:card\" content=\"summary_large_image\" \/>\n<meta name=\"twitter:creator\" content=\"@PauloGenovese\" \/>\n<meta name=\"twitter:site\" content=\"@PressenzaIPA\" \/>\n<meta name=\"twitter:label1\" content=\"Escrito por\" \/>\n\t<meta name=\"twitter:data1\" content=\"Paulo Genovese\" \/>\n\t<meta name=\"twitter:label2\" content=\"Tempo estimado de leitura\" \/>\n\t<meta name=\"twitter:data2\" content=\"3 minutos\" \/>\n<script type=\"application\/ld+json\" class=\"yoast-schema-graph\">{\"@context\":\"https:\/\/schema.org\",\"@graph\":[{\"@type\":\"Article\",\"@id\":\"https:\/\/www.pressenza.com\/pt-pt\/2012\/10\/conheca-os-5-eixos-tematicos-do-iii-simposio-mundial-um-novo-humanismo-para-uma-nova-civilizacao\/#article\",\"isPartOf\":{\"@id\":\"https:\/\/www.pressenza.com\/pt-pt\/2012\/10\/conheca-os-5-eixos-tematicos-do-iii-simposio-mundial-um-novo-humanismo-para-uma-nova-civilizacao\/\"},\"author\":{\"name\":\"Paulo Genovese\",\"@id\":\"https:\/\/www.pressenza.com\/pt-pt\/#\/schema\/person\/9b1b30d75e1ac5659f00987d946356b3\"},\"headline\":\"Conhe\u00e7a os 5 Eixos tem\u00e1ticos do III Simp\u00f3sio Mundial \u201cum Novo Humanismo para uma Nova Civiliza\u00e7\u00e3o\u201d\",\"datePublished\":\"2012-10-29T17:15:29+00:00\",\"dateModified\":\"2012-10-31T01:25:57+00:00\",\"mainEntityOfPage\":{\"@id\":\"https:\/\/www.pressenza.com\/pt-pt\/2012\/10\/conheca-os-5-eixos-tematicos-do-iii-simposio-mundial-um-novo-humanismo-para-uma-nova-civilizacao\/\"},\"wordCount\":574,\"publisher\":{\"@id\":\"https:\/\/www.pressenza.com\/pt-pt\/#organization\"},\"image\":{\"@id\":\"https:\/\/www.pressenza.com\/pt-pt\/2012\/10\/conheca-os-5-eixos-tematicos-do-iii-simposio-mundial-um-novo-humanismo-para-uma-nova-civilizacao\/#primaryimage\"},\"thumbnailUrl\":\"https:\/\/www.pressenza.com\/wp-content\/uploads\/2012\/10\/eixo-1-e-2.jpg\",\"articleSection\":[\"Cultura e M\u00eddia\",\"Direitos Humanos\",\"Internacional\"],\"inLanguage\":\"pt-PT\"},{\"@type\":\"WebPage\",\"@id\":\"https:\/\/www.pressenza.com\/pt-pt\/2012\/10\/conheca-os-5-eixos-tematicos-do-iii-simposio-mundial-um-novo-humanismo-para-uma-nova-civilizacao\/\",\"url\":\"https:\/\/www.pressenza.com\/pt-pt\/2012\/10\/conheca-os-5-eixos-tematicos-do-iii-simposio-mundial-um-novo-humanismo-para-uma-nova-civilizacao\/\",\"name\":\"Conhe\u00e7a os 5 Eixos tem\u00e1ticos do III Simp\u00f3sio Mundial \u201cum Novo Humanismo para uma Nova Civiliza\u00e7\u00e3o\u201d\",\"isPartOf\":{\"@id\":\"https:\/\/www.pressenza.com\/pt-pt\/#website\"},\"primaryImageOfPage\":{\"@id\":\"https:\/\/www.pressenza.com\/pt-pt\/2012\/10\/conheca-os-5-eixos-tematicos-do-iii-simposio-mundial-um-novo-humanismo-para-uma-nova-civilizacao\/#primaryimage\"},\"image\":{\"@id\":\"https:\/\/www.pressenza.com\/pt-pt\/2012\/10\/conheca-os-5-eixos-tematicos-do-iii-simposio-mundial-um-novo-humanismo-para-uma-nova-civilizacao\/#primaryimage\"},\"thumbnailUrl\":\"https:\/\/www.pressenza.com\/wp-content\/uploads\/2012\/10\/eixo-1-e-2.jpg\",\"datePublished\":\"2012-10-29T17:15:29+00:00\",\"dateModified\":\"2012-10-31T01:25:57+00:00\",\"description\":\"Entre os dias 01 e 04 de novembros acontecer\u00e1 o III Simp\u00f3sio Mundial em diversos pontos do planeta com atividades que incluem variadas express\u00f5es:\",\"breadcrumb\":{\"@id\":\"https:\/\/www.pressenza.com\/pt-pt\/2012\/10\/conheca-os-5-eixos-tematicos-do-iii-simposio-mundial-um-novo-humanismo-para-uma-nova-civilizacao\/#breadcrumb\"},\"inLanguage\":\"pt-PT\",\"potentialAction\":[{\"@type\":\"ReadAction\",\"target\":[\"https:\/\/www.pressenza.com\/pt-pt\/2012\/10\/conheca-os-5-eixos-tematicos-do-iii-simposio-mundial-um-novo-humanismo-para-uma-nova-civilizacao\/\"]}]},{\"@type\":\"ImageObject\",\"inLanguage\":\"pt-PT\",\"@id\":\"https:\/\/www.pressenza.com\/pt-pt\/2012\/10\/conheca-os-5-eixos-tematicos-do-iii-simposio-mundial-um-novo-humanismo-para-uma-nova-civilizacao\/#primaryimage\",\"url\":\"https:\/\/www.pressenza.com\/wp-content\/uploads\/2012\/10\/eixo-1-e-2.jpg\",\"contentUrl\":\"https:\/\/www.pressenza.com\/wp-content\/uploads\/2012\/10\/eixo-1-e-2.jpg\",\"width\":\"480\",\"height\":\"311\",\"caption\":\"Eixos do III Simp\u00f3sio Internacional 1 e 2\"},{\"@type\":\"BreadcrumbList\",\"@id\":\"https:\/\/www.pressenza.com\/pt-pt\/2012\/10\/conheca-os-5-eixos-tematicos-do-iii-simposio-mundial-um-novo-humanismo-para-uma-nova-civilizacao\/#breadcrumb\",\"itemListElement\":[{\"@type\":\"ListItem\",\"position\":1,\"name\":\"Accueil\",\"item\":\"https:\/\/www.pressenza.com\/pt-pt\/\"},{\"@type\":\"ListItem\",\"position\":2,\"name\":\"Conhe\u00e7a os 5 Eixos tem\u00e1ticos do III Simp\u00f3sio Mundial \u201cum Novo Humanismo para uma Nova Civiliza\u00e7\u00e3o\u201d\"}]},{\"@type\":\"WebSite\",\"@id\":\"https:\/\/www.pressenza.com\/pt-pt\/#website\",\"url\":\"https:\/\/www.pressenza.com\/pt-pt\/\",\"name\":\"Pressenza\",\"description\":\"International Press Agency\",\"publisher\":{\"@id\":\"https:\/\/www.pressenza.com\/pt-pt\/#organization\"},\"potentialAction\":[{\"@type\":\"SearchAction\",\"target\":{\"@type\":\"EntryPoint\",\"urlTemplate\":\"https:\/\/www.pressenza.com\/pt-pt\/?s={search_term_string}\"},\"query-input\":{\"@type\":\"PropertyValueSpecification\",\"valueRequired\":true,\"valueName\":\"search_term_string\"}}],\"inLanguage\":\"pt-PT\"},{\"@type\":\"Organization\",\"@id\":\"https:\/\/www.pressenza.com\/pt-pt\/#organization\",\"name\":\"Pressenza\",\"url\":\"https:\/\/www.pressenza.com\/pt-pt\/\",\"logo\":{\"@type\":\"ImageObject\",\"inLanguage\":\"pt-PT\",\"@id\":\"https:\/\/www.pressenza.com\/pt-pt\/#\/schema\/logo\/image\/\",\"url\":\"https:\/\/www.pressenza.com\/wp-content\/uploads\/2022\/10\/pressenza_logo_200x200.jpg\",\"contentUrl\":\"https:\/\/www.pressenza.com\/wp-content\/uploads\/2022\/10\/pressenza_logo_200x200.jpg\",\"width\":200,\"height\":200,\"caption\":\"Pressenza\"},\"image\":{\"@id\":\"https:\/\/www.pressenza.com\/pt-pt\/#\/schema\/logo\/image\/\"},\"sameAs\":[\"https:\/\/www.facebook.com\/PressenzaItalia\",\"https:\/\/x.com\/PressenzaIPA\"]},{\"@type\":\"Person\",\"@id\":\"https:\/\/www.pressenza.com\/pt-pt\/#\/schema\/person\/9b1b30d75e1ac5659f00987d946356b3\",\"name\":\"Paulo Genovese\",\"description\":\"Pressenza editor in Portuguese. Member of the Humanist Movement and the Centre of Studies of the Park of Study and Reflection, Caucaia, Brazil\",\"sameAs\":[\"http:\/\/facebook.com\/paulogenovese\",\"https:\/\/x.com\/PauloGenovese\"],\"url\":\"https:\/\/www.pressenza.com\/pt-pt\/author\/paulo-genovese\/\"}]}<\/script>\n<!-- \/ Yoast SEO plugin. -->","yoast_head_json":{"title":"Conhe\u00e7a os 5 Eixos tem\u00e1ticos do III Simp\u00f3sio Mundial \u201cum Novo Humanismo para uma Nova Civiliza\u00e7\u00e3o\u201d","description":"Entre os dias 01 e 04 de novembros acontecer\u00e1 o III Simp\u00f3sio Mundial em diversos pontos do planeta com atividades que incluem variadas express\u00f5es:","robots":{"index":"index","follow":"follow","max-snippet":"max-snippet:-1","max-image-preview":"max-image-preview:large","max-video-preview":"max-video-preview:-1"},"canonical":"https:\/\/www.pressenza.com\/pt-pt\/2012\/10\/conheca-os-5-eixos-tematicos-do-iii-simposio-mundial-um-novo-humanismo-para-uma-nova-civilizacao\/","og_locale":"pt_PT","og_type":"article","og_title":"Conhe\u00e7a os 5 Eixos tem\u00e1ticos do III Simp\u00f3sio Mundial \u201cum Novo Humanismo para uma Nova Civiliza\u00e7\u00e3o\u201d","og_description":"Entre os dias 01 e 04 de novembros acontecer\u00e1 o III Simp\u00f3sio Mundial em diversos pontos do planeta com atividades que incluem variadas express\u00f5es:","og_url":"https:\/\/www.pressenza.com\/pt-pt\/2012\/10\/conheca-os-5-eixos-tematicos-do-iii-simposio-mundial-um-novo-humanismo-para-uma-nova-civilizacao\/","og_site_name":"Pressenza","article_publisher":"https:\/\/www.facebook.com\/PressenzaItalia","article_author":"http:\/\/facebook.com\/paulogenovese","article_published_time":"2012-10-29T17:15:29+00:00","article_modified_time":"2012-10-31T01:25:57+00:00","og_image":[{"width":480,"height":311,"url":"https:\/\/www.pressenza.com\/wp-content\/uploads\/2012\/10\/eixo-1-e-2.jpg","type":"image\/jpeg"}],"author":"Paulo Genovese","twitter_card":"summary_large_image","twitter_creator":"@PauloGenovese","twitter_site":"@PressenzaIPA","twitter_misc":{"Escrito por":"Paulo Genovese","Tempo estimado de leitura":"3 minutos"},"schema":{"@context":"https:\/\/schema.org","@graph":[{"@type":"Article","@id":"https:\/\/www.pressenza.com\/pt-pt\/2012\/10\/conheca-os-5-eixos-tematicos-do-iii-simposio-mundial-um-novo-humanismo-para-uma-nova-civilizacao\/#article","isPartOf":{"@id":"https:\/\/www.pressenza.com\/pt-pt\/2012\/10\/conheca-os-5-eixos-tematicos-do-iii-simposio-mundial-um-novo-humanismo-para-uma-nova-civilizacao\/"},"author":{"name":"Paulo Genovese","@id":"https:\/\/www.pressenza.com\/pt-pt\/#\/schema\/person\/9b1b30d75e1ac5659f00987d946356b3"},"headline":"Conhe\u00e7a os 5 Eixos tem\u00e1ticos do III Simp\u00f3sio Mundial \u201cum Novo Humanismo para uma Nova Civiliza\u00e7\u00e3o\u201d","datePublished":"2012-10-29T17:15:29+00:00","dateModified":"2012-10-31T01:25:57+00:00","mainEntityOfPage":{"@id":"https:\/\/www.pressenza.com\/pt-pt\/2012\/10\/conheca-os-5-eixos-tematicos-do-iii-simposio-mundial-um-novo-humanismo-para-uma-nova-civilizacao\/"},"wordCount":574,"publisher":{"@id":"https:\/\/www.pressenza.com\/pt-pt\/#organization"},"image":{"@id":"https:\/\/www.pressenza.com\/pt-pt\/2012\/10\/conheca-os-5-eixos-tematicos-do-iii-simposio-mundial-um-novo-humanismo-para-uma-nova-civilizacao\/#primaryimage"},"thumbnailUrl":"https:\/\/www.pressenza.com\/wp-content\/uploads\/2012\/10\/eixo-1-e-2.jpg","articleSection":["Cultura e M\u00eddia","Direitos Humanos","Internacional"],"inLanguage":"pt-PT"},{"@type":"WebPage","@id":"https:\/\/www.pressenza.com\/pt-pt\/2012\/10\/conheca-os-5-eixos-tematicos-do-iii-simposio-mundial-um-novo-humanismo-para-uma-nova-civilizacao\/","url":"https:\/\/www.pressenza.com\/pt-pt\/2012\/10\/conheca-os-5-eixos-tematicos-do-iii-simposio-mundial-um-novo-humanismo-para-uma-nova-civilizacao\/","name":"Conhe\u00e7a os 5 Eixos tem\u00e1ticos do III Simp\u00f3sio Mundial \u201cum Novo Humanismo para uma Nova Civiliza\u00e7\u00e3o\u201d","isPartOf":{"@id":"https:\/\/www.pressenza.com\/pt-pt\/#website"},"primaryImageOfPage":{"@id":"https:\/\/www.pressenza.com\/pt-pt\/2012\/10\/conheca-os-5-eixos-tematicos-do-iii-simposio-mundial-um-novo-humanismo-para-uma-nova-civilizacao\/#primaryimage"},"image":{"@id":"https:\/\/www.pressenza.com\/pt-pt\/2012\/10\/conheca-os-5-eixos-tematicos-do-iii-simposio-mundial-um-novo-humanismo-para-uma-nova-civilizacao\/#primaryimage"},"thumbnailUrl":"https:\/\/www.pressenza.com\/wp-content\/uploads\/2012\/10\/eixo-1-e-2.jpg","datePublished":"2012-10-29T17:15:29+00:00","dateModified":"2012-10-31T01:25:57+00:00","description":"Entre os dias 01 e 04 de novembros acontecer\u00e1 o III Simp\u00f3sio Mundial em diversos pontos do planeta com atividades que incluem variadas express\u00f5es:","breadcrumb":{"@id":"https:\/\/www.pressenza.com\/pt-pt\/2012\/10\/conheca-os-5-eixos-tematicos-do-iii-simposio-mundial-um-novo-humanismo-para-uma-nova-civilizacao\/#breadcrumb"},"inLanguage":"pt-PT","potentialAction":[{"@type":"ReadAction","target":["https:\/\/www.pressenza.com\/pt-pt\/2012\/10\/conheca-os-5-eixos-tematicos-do-iii-simposio-mundial-um-novo-humanismo-para-uma-nova-civilizacao\/"]}]},{"@type":"ImageObject","inLanguage":"pt-PT","@id":"https:\/\/www.pressenza.com\/pt-pt\/2012\/10\/conheca-os-5-eixos-tematicos-do-iii-simposio-mundial-um-novo-humanismo-para-uma-nova-civilizacao\/#primaryimage","url":"https:\/\/www.pressenza.com\/wp-content\/uploads\/2012\/10\/eixo-1-e-2.jpg","contentUrl":"https:\/\/www.pressenza.com\/wp-content\/uploads\/2012\/10\/eixo-1-e-2.jpg","width":"480","height":"311","caption":"Eixos do III Simp\u00f3sio Internacional 1 e 2"},{"@type":"BreadcrumbList","@id":"https:\/\/www.pressenza.com\/pt-pt\/2012\/10\/conheca-os-5-eixos-tematicos-do-iii-simposio-mundial-um-novo-humanismo-para-uma-nova-civilizacao\/#breadcrumb","itemListElement":[{"@type":"ListItem","position":1,"name":"Accueil","item":"https:\/\/www.pressenza.com\/pt-pt\/"},{"@type":"ListItem","position":2,"name":"Conhe\u00e7a os 5 Eixos tem\u00e1ticos do III Simp\u00f3sio Mundial \u201cum Novo Humanismo para uma Nova Civiliza\u00e7\u00e3o\u201d"}]},{"@type":"WebSite","@id":"https:\/\/www.pressenza.com\/pt-pt\/#website","url":"https:\/\/www.pressenza.com\/pt-pt\/","name":"Pressenza","description":"International Press Agency","publisher":{"@id":"https:\/\/www.pressenza.com\/pt-pt\/#organization"},"potentialAction":[{"@type":"SearchAction","target":{"@type":"EntryPoint","urlTemplate":"https:\/\/www.pressenza.com\/pt-pt\/?s={search_term_string}"},"query-input":{"@type":"PropertyValueSpecification","valueRequired":true,"valueName":"search_term_string"}}],"inLanguage":"pt-PT"},{"@type":"Organization","@id":"https:\/\/www.pressenza.com\/pt-pt\/#organization","name":"Pressenza","url":"https:\/\/www.pressenza.com\/pt-pt\/","logo":{"@type":"ImageObject","inLanguage":"pt-PT","@id":"https:\/\/www.pressenza.com\/pt-pt\/#\/schema\/logo\/image\/","url":"https:\/\/www.pressenza.com\/wp-content\/uploads\/2022\/10\/pressenza_logo_200x200.jpg","contentUrl":"https:\/\/www.pressenza.com\/wp-content\/uploads\/2022\/10\/pressenza_logo_200x200.jpg","width":200,"height":200,"caption":"Pressenza"},"image":{"@id":"https:\/\/www.pressenza.com\/pt-pt\/#\/schema\/logo\/image\/"},"sameAs":["https:\/\/www.facebook.com\/PressenzaItalia","https:\/\/x.com\/PressenzaIPA"]},{"@type":"Person","@id":"https:\/\/www.pressenza.com\/pt-pt\/#\/schema\/person\/9b1b30d75e1ac5659f00987d946356b3","name":"Paulo Genovese","description":"Pressenza editor in Portuguese. Member of the Humanist Movement and the Centre of Studies of the Park of Study and Reflection, Caucaia, Brazil","sameAs":["http:\/\/facebook.com\/paulogenovese","https:\/\/x.com\/PauloGenovese"],"url":"https:\/\/www.pressenza.com\/pt-pt\/author\/paulo-genovese\/"}]}},"place":"","original_article_url":"","_links":{"self":[{"href":"https:\/\/www.pressenza.com\/pt-pt\/wp-json\/wp\/v2\/posts\/21990","targetHints":{"allow":["GET"]}}],"collection":[{"href":"https:\/\/www.pressenza.com\/pt-pt\/wp-json\/wp\/v2\/posts"}],"about":[{"href":"https:\/\/www.pressenza.com\/pt-pt\/wp-json\/wp\/v2\/types\/post"}],"author":[{"embeddable":true,"href":"https:\/\/www.pressenza.com\/pt-pt\/wp-json\/wp\/v2\/users\/823"}],"replies":[{"embeddable":true,"href":"https:\/\/www.pressenza.com\/pt-pt\/wp-json\/wp\/v2\/comments?post=21990"}],"version-history":[{"count":0,"href":"https:\/\/www.pressenza.com\/pt-pt\/wp-json\/wp\/v2\/posts\/21990\/revisions"}],"wp:featuredmedia":[{"embeddable":true,"href":"https:\/\/www.pressenza.com\/pt-pt\/wp-json\/wp\/v2\/media\/21985"}],"wp:attachment":[{"href":"https:\/\/www.pressenza.com\/pt-pt\/wp-json\/wp\/v2\/media?parent=21990"}],"wp:term":[{"taxonomy":"category","embeddable":true,"href":"https:\/\/www.pressenza.com\/pt-pt\/wp-json\/wp\/v2\/categories?post=21990"},{"taxonomy":"post_tag","embeddable":true,"href":"https:\/\/www.pressenza.com\/pt-pt\/wp-json\/wp\/v2\/tags?post=21990"}],"curies":[{"name":"wp","href":"https:\/\/api.w.org\/{rel}","templated":true}]}}