{"id":210384,"date":"2015-08-13T12:31:25","date_gmt":"2015-08-13T11:31:25","guid":{"rendered":"http:\/\/www.pressenza.com\/?p=210384"},"modified":"2015-08-13T12:31:25","modified_gmt":"2015-08-13T11:31:25","slug":"dia-13-de-agosto-e-o-dia-de-sobrecarga-da-terra-o-overshoot-day","status":"publish","type":"post","link":"https:\/\/www.pressenza.com\/pt-pt\/2015\/08\/dia-13-de-agosto-e-o-dia-de-sobrecarga-da-terra-o-overshoot-day\/","title":{"rendered":"Dia 13 de agosto \u00e9 o dia de sobrecarga da Terra \u2013 o overshoot day"},"content":{"rendered":"<p><em><strong>As emiss\u00f5es de carbono continuam a impactar a pegada ecol\u00f3gica sobrecarregando a conta do planeta.<\/strong><\/em><\/p>\n<p>&nbsp;<\/p>\n<p>(OAKLAND, CA, EUA) &#8211; 13 de agosto de 2015 -Em menos de oito meses, a humanidade usou o capital natural do ano inteiro, sendo o sequestro de carbono respons\u00e1vel por mais da metade da demanda humana sobre a natureza, segundo dados da Global Footprint Network, um think tank internacional de sustentabilidade, com escrit\u00f3rios na Am\u00e9rica do Norte, Europa e \u00c1sia.<\/p>\n<p>A Global Footprint Network monitora a demanda da humanidade sobre o planeta (Pegada Ecol\u00f3gica) em compara\u00e7\u00e3o com a capacidade da natureza prover recursos para atender essa demanda (Biocapacidade). O Earth Overshoot Day marca a data em que a demanda anual da humanidade sobre a natureza vai al\u00e9m do que a Terra pode regenerar. O Earth Overshoot Day passou de in\u00edcio de Outubro em 2000 para 13 de agosto neste ano.<\/p>\n<p>Os custos deste excesso ecol\u00f3gico est\u00e3o se tornando mais evidentes a cada dia, na forma de desmatamento, seca, escassez de \u00e1gua doce, eros\u00e3o dos solos, perda de biodiversidade e do ac\u00famulo de di\u00f3xido de carbono na atmosfera. Consequentemente, os governantes que consideram estas restri\u00e7\u00f5es crescentes em suas agendas pol\u00edticas ter\u00e3o uma chance significativamente melhor para definir o desempenho econ\u00f4mico de longo prazo de sua na\u00e7\u00e3o<\/p>\n<p>&#8220;A Pegada de carbono da humanidade mais do que duplicou entre 1961 e 1973, per\u00edodo em que o mundo entrou em d\u00e9bito ecol\u00f3gico. A pegada de carbono continua a ser o componente de traz a maior parte da discrep\u00e2ncia entre a Pegada Ecol\u00f3gica e a biocapacidade do planeta &#8220;, disse Mathis Wackernagel, presidente da Global Footprint Network e co-criador da metodologia de c\u00e1lculo da Pegada Ecol\u00f3gica. &#8220;O acordo global para substituir gradualmente os combust\u00edveis f\u00f3sseis, que est\u00e1 sendo discutido em todo o mundo antes do Encontro do Clima em Paris, ajudaria a refrear o crescimento consistente da Pegada Ecol\u00f3gica e, eventualmente, diminu\u00ed-la.&#8221;<\/p>\n<p>A pegada de carbono est\u00e1 indissoluvelmente ligada aos outros componentes da Pegada Ecol\u00f3gica &#8211; agricultura, pastagens, florestas e terras produtivas ocupadas com edif\u00edcios e estradas. Todas estas demandas humanas competem por espa\u00e7o. \u00c0 medida que demandamos mais \u00e1reas para alimentos e produtos florestais, menor a \u00e1rea remanescente para absorver carbono emitido pela queima de combust\u00edveis f\u00f3sseis. Estas emiss\u00f5es se acumulam na atmosfera em vez de ser completamente absorvido pelas florestas e oceanos.<\/p>\n<p>&nbsp;<\/p>\n<p><strong>Uma Segunda Chance<\/strong><\/p>\n<p>O acordo sobre o clima esperado na Confer\u00eancia das Partes das Na\u00e7\u00f5es Unidas das Partes (COP), em 21 dezembro deste ano, vai se concentrar em manter o aquecimento global dentro da faixa de 2 graus Celsius acima dos n\u00edveis pr\u00e9-Revolu\u00e7\u00e3o Industrial. Este objetivo comum exigir\u00e1 que as na\u00e7\u00f5es ponham em pr\u00e1tica pol\u00edticas para eliminar completamente os combust\u00edveis f\u00f3sseis at\u00e9 2070, de acordo com as recomenda\u00e7\u00f5es do &lt;&lt;Intergovernmental Panel on Climate Change&gt;&gt; (IPCC), impactando diretamente as Pegadas Ecol\u00f3gicas de na\u00e7\u00f5es.<\/p>\n<p>Supondo que as emiss\u00f5es globais de carbono sejam reduzidas em pelo menos 30 por cento abaixo dos n\u00edveis atuais at\u00e9 2030, em conson\u00e2ncia com o cen\u00e1rio sugerido pelo IPCC, o Earth Overshoot Day poderia ser transferido de volta no calend\u00e1rio para 16 de setembro em 2030 (assumindo que o resto da Pegada continuaria a expandir no ritmo atual), de acordo com a Global Footprint Network.<\/p>\n<p>Isto n\u00e3o \u00e9 imposs\u00edvel. Na verdade, Dinamarca cortou suas emiss\u00f5es ao longo das duas \u00faltimas d\u00e9cadas neste mesmo ritmo. Desde de 1990, este pa\u00eds reduziu as suas emiss\u00f5es de carbono em 33 por cento. Se o mundo tivesse feito o mesmo (sem alterar em nada os outros componentes da Pegada), o Earth Overshoot Day seria no dia 3 de outubro deste ano.<\/p>\n<p>Isso n\u00e3o quer dizer que a Dinamarca j\u00e1 atingiu uma Pegada Ecol\u00f3gica sustent\u00e1vel. A humanidade exigiria recursos de 2,85 planetas, se todos vivessem como os dinamarqueses.<\/p>\n<p>&nbsp;<\/p>\n<p><a href=\"http:\/\/www.pressenza.com\/wp-content\/uploads\/2015\/08\/EOD15_PR_scenario_graphic_final_lg-testi-in-inglese.jpg\"><img loading=\"lazy\" decoding=\"async\" class=\"aligncenter wp-image-210197 size-large\" src=\"http:\/\/www.pressenza.com\/wp-content\/uploads\/2015\/08\/EOD15_PR_scenario_graphic_final_lg-testi-in-inglese-720x537.jpg\" alt=\"Earth Overshoot Day 2015\" width=\"720\" height=\"537\" srcset=\"https:\/\/www.pressenza.com\/wp-content\/uploads\/2015\/08\/EOD15_PR_scenario_graphic_final_lg-testi-in-inglese-720x537.jpg 720w, https:\/\/www.pressenza.com\/wp-content\/uploads\/2015\/08\/EOD15_PR_scenario_graphic_final_lg-testi-in-inglese-300x224.jpg 300w, https:\/\/www.pressenza.com\/wp-content\/uploads\/2015\/08\/EOD15_PR_scenario_graphic_final_lg-testi-in-inglese.jpg 1717w\" sizes=\"auto, (max-width: 720px) 100vw, 720px\" \/><\/a><\/p>\n<p><strong>Tend\u00eancia<\/strong><\/p>\n<p>Em contrapartida, com as tend\u00eancias atuais, usaremos os recursos equivalentes a dois planetas at\u00e9 2030, com Earth Overshoot Day movendo-se no calend\u00e1rio para o final de junho.<\/p>\n<p>Esta proje\u00e7\u00e3o assume que biocapacidade, crescimento e padr\u00f5es de consumo da popula\u00e7\u00e3o mantenham-se em suas trajet\u00f3rias atuais. No entanto, n\u00e3o est\u00e1 claro se um n\u00edvel mantido de demanda acima da capacidade \u00e9 poss\u00edvel sem danificar significativamente a biocapacidade de longo prazo, com os consequentes impactos sobre o consumo e crescimento da popula\u00e7\u00e3o.<\/p>\n<p>&nbsp;<\/p>\n<p><a href=\"http:\/\/www.pressenza.com\/wp-content\/uploads\/2015\/08\/EOD15_How_many_countries_final_large-testi-in-inglese.jpg\"><img loading=\"lazy\" decoding=\"async\" class=\"aligncenter wp-image-210206 size-large\" src=\"http:\/\/www.pressenza.com\/wp-content\/uploads\/2015\/08\/EOD15_How_many_countries_final_large-testi-in-inglese-555x1024.jpg\" alt=\"Earth Overshoot Day 2015\" width=\"555\" height=\"1024\" srcset=\"https:\/\/www.pressenza.com\/wp-content\/uploads\/2015\/08\/EOD15_How_many_countries_final_large-testi-in-inglese-555x1024.jpg 555w, https:\/\/www.pressenza.com\/wp-content\/uploads\/2015\/08\/EOD15_How_many_countries_final_large-testi-in-inglese-163x300.jpg 163w, https:\/\/www.pressenza.com\/wp-content\/uploads\/2015\/08\/EOD15_How_many_countries_final_large-testi-in-inglese.jpg 1166w\" sizes=\"auto, (max-width: 555px) 100vw, 555px\" \/><\/a><\/p>\n<p>&nbsp;<\/p>\n<p><strong>Ponto Cr\u00edtico<\/strong><\/p>\n<p>&#8220;Estamos encorajados pelos recentes desenvolvimentos em energias renov\u00e1veis, que vem sendo catalisado em todo o mundo, e pelo aumento da consci\u00eancia do setor financeiro que uma economia de baixo carbono \u00e9 o caminho do futuro&#8221;, disse Wackernagel. &#8220;Daqui para frente, n\u00e3o podemos deixar de reafirmar a import\u00e2ncia vital de se reduzir a pegada de carbono, como as na\u00e7\u00f5es est\u00e3o se preparando para comprometerem-se em Paris. N\u00e3o \u00e9 apenas bom para o mundo, mas cada vez mais, uma necessidade econ\u00f4mica para os pa\u00edses. N\u00f3s todos sabemos que o clima depende disso, mas essa n\u00e3o \u00e9 a hist\u00f3ria completa: Sustentabilidade exige que todos vivem bem, dentro dos limites de um planeta. Isso s\u00f3 pode ser alcan\u00e7ado mantendo a nossa Pegada Ecol\u00f3gica dentro do capital natural do nosso planeta&#8221;.<\/p>\n<p>&nbsp;<\/p>\n<p><strong>Recursos Adicionais:<\/strong><\/p>\n<p>Mais informa\u00e7\u00f5es sobre o overshoot day : <a href=\"http:\/\/www.overshootday.org\/\">www.overshootday.org<\/a><\/p>\n<p>Nas m\u00eddias sociais: <strong>#overshoot<\/strong><\/p>\n<p>Para calcular a sua pr\u00f3pria pegada ecol\u00f3gica e aprender como diminu\u00ed-la, acesse:<a href=\"#_ftn1\" name=\"_ftnref1\"><\/a> <a href=\"http:\/\/www.footprintnetwork.org\/calculator%20\">http:\/\/www.footprintnetwork.org\/calculator<\/a><\/p>\n<p>Dados sobre a pegada ecol\u00f3gica de livre acesso (182 pa\u00edses): <a href=\"http:\/\/www.footprintnetwork.org\/public2015\">www.footprintnetwork.org\/public2015<\/a><\/p>\n<p>&nbsp;<\/p>\n<p><strong>About Global Footprint Network: <\/strong><\/p>\n<p>Global Footprint Network \u00e9 um think tank de especialistas que trabalham para estimular estrat\u00e9gias pol\u00edticas conscientes e sustent\u00e1veis em um planeta com recursos naturais limitados. Junto os seus parceiros a Global Footprint Network coordena pesquisas, estabelece standards de pesquisa e supre tomadores de decis\u00e3o com ferramentas que auxiliam a economia a operar dentro dos limites ecol\u00f3gicos do planeta.<\/p>\n<p><a href=\"http:\/\/www.footprintnetwork.org\/\" target=\"_blank\">www.footprintnetwork.org<\/a><\/p>\n<p>&nbsp;<\/p>\n","protected":false},"excerpt":{"rendered":"<p>As emiss\u00f5es de carbono continuam a impactar a pegada ecol\u00f3gica sobrecarregando a conta do planeta. &nbsp; (OAKLAND, CA, EUA) &#8211; 13 de agosto de 2015 -Em menos de oito meses, a humanidade usou o capital natural do ano inteiro, sendo&hellip;<\/p>\n","protected":false},"author":19,"featured_media":210196,"comment_status":"closed","ping_status":"open","sticky":false,"template":"","format":"standard","meta":{"footnotes":""},"categories":[115,42,153],"tags":[19148,11925,19150,19149],"class_list":["post-210384","post","type-post","status-publish","format-standard","has-post-thumbnail","hentry","category-ecologia-e-meio-ambiente","category-internacional-2","category-nota-de-imprensa","tag-dia-de-sobrecarga-da-terra","tag-earth-overshoot-day","tag-emissoes-de-carbono","tag-pegada-ecologica"],"yoast_head":"<!-- This site is optimized with the Yoast SEO plugin v27.1.1 - https:\/\/yoast.com\/product\/yoast-seo-wordpress\/ -->\n<title>Dia 13 de agosto \u00e9 o dia de sobrecarga da Terra \u2013 o overshoot day<\/title>\n<meta name=\"description\" content=\"As emiss\u00f5es de carbono continuam a impactar a pegada ecol\u00f3gica sobrecarregando a conta do planeta. Dia 13 de agosto \u00e9 o overshoot day\" \/>\n<meta name=\"robots\" content=\"index, follow, max-snippet:-1, max-image-preview:large, max-video-preview:-1\" \/>\n<link rel=\"canonical\" href=\"https:\/\/www.pressenza.com\/pt-pt\/2015\/08\/dia-13-de-agosto-e-o-dia-de-sobrecarga-da-terra-o-overshoot-day\/\" \/>\n<meta property=\"og:locale\" content=\"pt_PT\" \/>\n<meta property=\"og:type\" content=\"article\" \/>\n<meta property=\"og:title\" content=\"Dia 13 de agosto \u00e9 o dia de sobrecarga da Terra \u2013 o overshoot day\" \/>\n<meta property=\"og:description\" content=\"As emiss\u00f5es de carbono continuam a impactar a pegada ecol\u00f3gica sobrecarregando a conta do planeta. Dia 13 de agosto \u00e9 o overshoot day\" \/>\n<meta property=\"og:url\" content=\"https:\/\/www.pressenza.com\/pt-pt\/2015\/08\/dia-13-de-agosto-e-o-dia-de-sobrecarga-da-terra-o-overshoot-day\/\" \/>\n<meta property=\"og:site_name\" content=\"Pressenza\" \/>\n<meta property=\"article:publisher\" content=\"https:\/\/www.facebook.com\/PressenzaItalia\" \/>\n<meta property=\"article:author\" content=\"https:\/\/www.facebook.com\/pressenza\" \/>\n<meta property=\"article:published_time\" content=\"2015-08-13T11:31:25+00:00\" \/>\n<meta property=\"og:image\" content=\"https:\/\/www.pressenza.com\/wp-content\/uploads\/2015\/08\/GFN_EOD_2015_Logo.jpg\" \/>\n\t<meta property=\"og:image:width\" content=\"550\" \/>\n\t<meta property=\"og:image:height\" content=\"440\" \/>\n\t<meta property=\"og:image:type\" content=\"image\/jpeg\" \/>\n<meta name=\"author\" content=\"Pressenza IPA\" \/>\n<meta name=\"twitter:card\" content=\"summary_large_image\" \/>\n<meta name=\"twitter:creator\" content=\"@PressenzaIPA\" \/>\n<meta name=\"twitter:site\" content=\"@PressenzaIPA\" \/>\n<meta name=\"twitter:label1\" content=\"Escrito por\" \/>\n\t<meta name=\"twitter:data1\" content=\"Pressenza IPA\" \/>\n\t<meta name=\"twitter:label2\" content=\"Tempo estimado de leitura\" \/>\n\t<meta name=\"twitter:data2\" content=\"5 minutos\" \/>\n<script type=\"application\/ld+json\" class=\"yoast-schema-graph\">{\"@context\":\"https:\/\/schema.org\",\"@graph\":[{\"@type\":\"Article\",\"@id\":\"https:\/\/www.pressenza.com\/pt-pt\/2015\/08\/dia-13-de-agosto-e-o-dia-de-sobrecarga-da-terra-o-overshoot-day\/#article\",\"isPartOf\":{\"@id\":\"https:\/\/www.pressenza.com\/pt-pt\/2015\/08\/dia-13-de-agosto-e-o-dia-de-sobrecarga-da-terra-o-overshoot-day\/\"},\"author\":{\"name\":\"Pressenza IPA\",\"@id\":\"https:\/\/www.pressenza.com\/pt-pt\/#\/schema\/person\/010e5d02bcf40965427a1289a4cc8d75\"},\"headline\":\"Dia 13 de agosto \u00e9 o dia de sobrecarga da Terra \u2013 o overshoot day\",\"datePublished\":\"2015-08-13T11:31:25+00:00\",\"mainEntityOfPage\":{\"@id\":\"https:\/\/www.pressenza.com\/pt-pt\/2015\/08\/dia-13-de-agosto-e-o-dia-de-sobrecarga-da-terra-o-overshoot-day\/\"},\"wordCount\":1036,\"publisher\":{\"@id\":\"https:\/\/www.pressenza.com\/pt-pt\/#organization\"},\"image\":{\"@id\":\"https:\/\/www.pressenza.com\/pt-pt\/2015\/08\/dia-13-de-agosto-e-o-dia-de-sobrecarga-da-terra-o-overshoot-day\/#primaryimage\"},\"thumbnailUrl\":\"https:\/\/www.pressenza.com\/wp-content\/uploads\/2015\/08\/GFN_EOD_2015_Logo.jpg\",\"keywords\":[\"dia de sobrecarga da Terra\",\"Earth Overshoot Day\",\"emiss\u00f5es de carbono\",\"pegada ecol\u00f3gica\"],\"articleSection\":[\"Ecologia e Meio Ambiente\",\"Internacional\",\"Nota de imprensa\"],\"inLanguage\":\"pt-PT\"},{\"@type\":\"WebPage\",\"@id\":\"https:\/\/www.pressenza.com\/pt-pt\/2015\/08\/dia-13-de-agosto-e-o-dia-de-sobrecarga-da-terra-o-overshoot-day\/\",\"url\":\"https:\/\/www.pressenza.com\/pt-pt\/2015\/08\/dia-13-de-agosto-e-o-dia-de-sobrecarga-da-terra-o-overshoot-day\/\",\"name\":\"Dia 13 de agosto \u00e9 o dia de sobrecarga da Terra \u2013 o overshoot day\",\"isPartOf\":{\"@id\":\"https:\/\/www.pressenza.com\/pt-pt\/#website\"},\"primaryImageOfPage\":{\"@id\":\"https:\/\/www.pressenza.com\/pt-pt\/2015\/08\/dia-13-de-agosto-e-o-dia-de-sobrecarga-da-terra-o-overshoot-day\/#primaryimage\"},\"image\":{\"@id\":\"https:\/\/www.pressenza.com\/pt-pt\/2015\/08\/dia-13-de-agosto-e-o-dia-de-sobrecarga-da-terra-o-overshoot-day\/#primaryimage\"},\"thumbnailUrl\":\"https:\/\/www.pressenza.com\/wp-content\/uploads\/2015\/08\/GFN_EOD_2015_Logo.jpg\",\"datePublished\":\"2015-08-13T11:31:25+00:00\",\"description\":\"As emiss\u00f5es de carbono continuam a impactar a pegada ecol\u00f3gica sobrecarregando a conta do planeta. Dia 13 de agosto \u00e9 o overshoot day\",\"breadcrumb\":{\"@id\":\"https:\/\/www.pressenza.com\/pt-pt\/2015\/08\/dia-13-de-agosto-e-o-dia-de-sobrecarga-da-terra-o-overshoot-day\/#breadcrumb\"},\"inLanguage\":\"pt-PT\",\"potentialAction\":[{\"@type\":\"ReadAction\",\"target\":[\"https:\/\/www.pressenza.com\/pt-pt\/2015\/08\/dia-13-de-agosto-e-o-dia-de-sobrecarga-da-terra-o-overshoot-day\/\"]}]},{\"@type\":\"ImageObject\",\"inLanguage\":\"pt-PT\",\"@id\":\"https:\/\/www.pressenza.com\/pt-pt\/2015\/08\/dia-13-de-agosto-e-o-dia-de-sobrecarga-da-terra-o-overshoot-day\/#primaryimage\",\"url\":\"https:\/\/www.pressenza.com\/wp-content\/uploads\/2015\/08\/GFN_EOD_2015_Logo.jpg\",\"contentUrl\":\"https:\/\/www.pressenza.com\/wp-content\/uploads\/2015\/08\/GFN_EOD_2015_Logo.jpg\",\"width\":550,\"height\":440},{\"@type\":\"BreadcrumbList\",\"@id\":\"https:\/\/www.pressenza.com\/pt-pt\/2015\/08\/dia-13-de-agosto-e-o-dia-de-sobrecarga-da-terra-o-overshoot-day\/#breadcrumb\",\"itemListElement\":[{\"@type\":\"ListItem\",\"position\":1,\"name\":\"Accueil\",\"item\":\"https:\/\/www.pressenza.com\/pt-pt\/\"},{\"@type\":\"ListItem\",\"position\":2,\"name\":\"Dia 13 de agosto \u00e9 o dia de sobrecarga da Terra \u2013 o overshoot day\"}]},{\"@type\":\"WebSite\",\"@id\":\"https:\/\/www.pressenza.com\/pt-pt\/#website\",\"url\":\"https:\/\/www.pressenza.com\/pt-pt\/\",\"name\":\"Pressenza\",\"description\":\"International Press Agency\",\"publisher\":{\"@id\":\"https:\/\/www.pressenza.com\/pt-pt\/#organization\"},\"potentialAction\":[{\"@type\":\"SearchAction\",\"target\":{\"@type\":\"EntryPoint\",\"urlTemplate\":\"https:\/\/www.pressenza.com\/pt-pt\/?s={search_term_string}\"},\"query-input\":{\"@type\":\"PropertyValueSpecification\",\"valueRequired\":true,\"valueName\":\"search_term_string\"}}],\"inLanguage\":\"pt-PT\"},{\"@type\":\"Organization\",\"@id\":\"https:\/\/www.pressenza.com\/pt-pt\/#organization\",\"name\":\"Pressenza\",\"url\":\"https:\/\/www.pressenza.com\/pt-pt\/\",\"logo\":{\"@type\":\"ImageObject\",\"inLanguage\":\"pt-PT\",\"@id\":\"https:\/\/www.pressenza.com\/pt-pt\/#\/schema\/logo\/image\/\",\"url\":\"https:\/\/www.pressenza.com\/wp-content\/uploads\/2022\/10\/pressenza_logo_200x200.jpg\",\"contentUrl\":\"https:\/\/www.pressenza.com\/wp-content\/uploads\/2022\/10\/pressenza_logo_200x200.jpg\",\"width\":200,\"height\":200,\"caption\":\"Pressenza\"},\"image\":{\"@id\":\"https:\/\/www.pressenza.com\/pt-pt\/#\/schema\/logo\/image\/\"},\"sameAs\":[\"https:\/\/www.facebook.com\/PressenzaItalia\",\"https:\/\/x.com\/PressenzaIPA\"]},{\"@type\":\"Person\",\"@id\":\"https:\/\/www.pressenza.com\/pt-pt\/#\/schema\/person\/010e5d02bcf40965427a1289a4cc8d75\",\"name\":\"Pressenza IPA\",\"description\":\"News from Pressenza IPA correspondents\",\"sameAs\":[\"https:\/\/www.facebook.com\/pressenza\",\"https:\/\/x.com\/PressenzaIPA\"],\"url\":\"https:\/\/www.pressenza.com\/pt-pt\/author\/pressenza-ipa\/\"}]}<\/script>\n<!-- \/ Yoast SEO plugin. -->","yoast_head_json":{"title":"Dia 13 de agosto \u00e9 o dia de sobrecarga da Terra \u2013 o overshoot day","description":"As emiss\u00f5es de carbono continuam a impactar a pegada ecol\u00f3gica sobrecarregando a conta do planeta. Dia 13 de agosto \u00e9 o overshoot day","robots":{"index":"index","follow":"follow","max-snippet":"max-snippet:-1","max-image-preview":"max-image-preview:large","max-video-preview":"max-video-preview:-1"},"canonical":"https:\/\/www.pressenza.com\/pt-pt\/2015\/08\/dia-13-de-agosto-e-o-dia-de-sobrecarga-da-terra-o-overshoot-day\/","og_locale":"pt_PT","og_type":"article","og_title":"Dia 13 de agosto \u00e9 o dia de sobrecarga da Terra \u2013 o overshoot day","og_description":"As emiss\u00f5es de carbono continuam a impactar a pegada ecol\u00f3gica sobrecarregando a conta do planeta. Dia 13 de agosto \u00e9 o overshoot day","og_url":"https:\/\/www.pressenza.com\/pt-pt\/2015\/08\/dia-13-de-agosto-e-o-dia-de-sobrecarga-da-terra-o-overshoot-day\/","og_site_name":"Pressenza","article_publisher":"https:\/\/www.facebook.com\/PressenzaItalia","article_author":"https:\/\/www.facebook.com\/pressenza","article_published_time":"2015-08-13T11:31:25+00:00","og_image":[{"width":550,"height":440,"url":"https:\/\/www.pressenza.com\/wp-content\/uploads\/2015\/08\/GFN_EOD_2015_Logo.jpg","type":"image\/jpeg"}],"author":"Pressenza IPA","twitter_card":"summary_large_image","twitter_creator":"@PressenzaIPA","twitter_site":"@PressenzaIPA","twitter_misc":{"Escrito por":"Pressenza IPA","Tempo estimado de leitura":"5 minutos"},"schema":{"@context":"https:\/\/schema.org","@graph":[{"@type":"Article","@id":"https:\/\/www.pressenza.com\/pt-pt\/2015\/08\/dia-13-de-agosto-e-o-dia-de-sobrecarga-da-terra-o-overshoot-day\/#article","isPartOf":{"@id":"https:\/\/www.pressenza.com\/pt-pt\/2015\/08\/dia-13-de-agosto-e-o-dia-de-sobrecarga-da-terra-o-overshoot-day\/"},"author":{"name":"Pressenza IPA","@id":"https:\/\/www.pressenza.com\/pt-pt\/#\/schema\/person\/010e5d02bcf40965427a1289a4cc8d75"},"headline":"Dia 13 de agosto \u00e9 o dia de sobrecarga da Terra \u2013 o overshoot day","datePublished":"2015-08-13T11:31:25+00:00","mainEntityOfPage":{"@id":"https:\/\/www.pressenza.com\/pt-pt\/2015\/08\/dia-13-de-agosto-e-o-dia-de-sobrecarga-da-terra-o-overshoot-day\/"},"wordCount":1036,"publisher":{"@id":"https:\/\/www.pressenza.com\/pt-pt\/#organization"},"image":{"@id":"https:\/\/www.pressenza.com\/pt-pt\/2015\/08\/dia-13-de-agosto-e-o-dia-de-sobrecarga-da-terra-o-overshoot-day\/#primaryimage"},"thumbnailUrl":"https:\/\/www.pressenza.com\/wp-content\/uploads\/2015\/08\/GFN_EOD_2015_Logo.jpg","keywords":["dia de sobrecarga da Terra","Earth Overshoot Day","emiss\u00f5es de carbono","pegada ecol\u00f3gica"],"articleSection":["Ecologia e Meio Ambiente","Internacional","Nota de imprensa"],"inLanguage":"pt-PT"},{"@type":"WebPage","@id":"https:\/\/www.pressenza.com\/pt-pt\/2015\/08\/dia-13-de-agosto-e-o-dia-de-sobrecarga-da-terra-o-overshoot-day\/","url":"https:\/\/www.pressenza.com\/pt-pt\/2015\/08\/dia-13-de-agosto-e-o-dia-de-sobrecarga-da-terra-o-overshoot-day\/","name":"Dia 13 de agosto \u00e9 o dia de sobrecarga da Terra \u2013 o overshoot day","isPartOf":{"@id":"https:\/\/www.pressenza.com\/pt-pt\/#website"},"primaryImageOfPage":{"@id":"https:\/\/www.pressenza.com\/pt-pt\/2015\/08\/dia-13-de-agosto-e-o-dia-de-sobrecarga-da-terra-o-overshoot-day\/#primaryimage"},"image":{"@id":"https:\/\/www.pressenza.com\/pt-pt\/2015\/08\/dia-13-de-agosto-e-o-dia-de-sobrecarga-da-terra-o-overshoot-day\/#primaryimage"},"thumbnailUrl":"https:\/\/www.pressenza.com\/wp-content\/uploads\/2015\/08\/GFN_EOD_2015_Logo.jpg","datePublished":"2015-08-13T11:31:25+00:00","description":"As emiss\u00f5es de carbono continuam a impactar a pegada ecol\u00f3gica sobrecarregando a conta do planeta. Dia 13 de agosto \u00e9 o overshoot day","breadcrumb":{"@id":"https:\/\/www.pressenza.com\/pt-pt\/2015\/08\/dia-13-de-agosto-e-o-dia-de-sobrecarga-da-terra-o-overshoot-day\/#breadcrumb"},"inLanguage":"pt-PT","potentialAction":[{"@type":"ReadAction","target":["https:\/\/www.pressenza.com\/pt-pt\/2015\/08\/dia-13-de-agosto-e-o-dia-de-sobrecarga-da-terra-o-overshoot-day\/"]}]},{"@type":"ImageObject","inLanguage":"pt-PT","@id":"https:\/\/www.pressenza.com\/pt-pt\/2015\/08\/dia-13-de-agosto-e-o-dia-de-sobrecarga-da-terra-o-overshoot-day\/#primaryimage","url":"https:\/\/www.pressenza.com\/wp-content\/uploads\/2015\/08\/GFN_EOD_2015_Logo.jpg","contentUrl":"https:\/\/www.pressenza.com\/wp-content\/uploads\/2015\/08\/GFN_EOD_2015_Logo.jpg","width":550,"height":440},{"@type":"BreadcrumbList","@id":"https:\/\/www.pressenza.com\/pt-pt\/2015\/08\/dia-13-de-agosto-e-o-dia-de-sobrecarga-da-terra-o-overshoot-day\/#breadcrumb","itemListElement":[{"@type":"ListItem","position":1,"name":"Accueil","item":"https:\/\/www.pressenza.com\/pt-pt\/"},{"@type":"ListItem","position":2,"name":"Dia 13 de agosto \u00e9 o dia de sobrecarga da Terra \u2013 o overshoot day"}]},{"@type":"WebSite","@id":"https:\/\/www.pressenza.com\/pt-pt\/#website","url":"https:\/\/www.pressenza.com\/pt-pt\/","name":"Pressenza","description":"International Press Agency","publisher":{"@id":"https:\/\/www.pressenza.com\/pt-pt\/#organization"},"potentialAction":[{"@type":"SearchAction","target":{"@type":"EntryPoint","urlTemplate":"https:\/\/www.pressenza.com\/pt-pt\/?s={search_term_string}"},"query-input":{"@type":"PropertyValueSpecification","valueRequired":true,"valueName":"search_term_string"}}],"inLanguage":"pt-PT"},{"@type":"Organization","@id":"https:\/\/www.pressenza.com\/pt-pt\/#organization","name":"Pressenza","url":"https:\/\/www.pressenza.com\/pt-pt\/","logo":{"@type":"ImageObject","inLanguage":"pt-PT","@id":"https:\/\/www.pressenza.com\/pt-pt\/#\/schema\/logo\/image\/","url":"https:\/\/www.pressenza.com\/wp-content\/uploads\/2022\/10\/pressenza_logo_200x200.jpg","contentUrl":"https:\/\/www.pressenza.com\/wp-content\/uploads\/2022\/10\/pressenza_logo_200x200.jpg","width":200,"height":200,"caption":"Pressenza"},"image":{"@id":"https:\/\/www.pressenza.com\/pt-pt\/#\/schema\/logo\/image\/"},"sameAs":["https:\/\/www.facebook.com\/PressenzaItalia","https:\/\/x.com\/PressenzaIPA"]},{"@type":"Person","@id":"https:\/\/www.pressenza.com\/pt-pt\/#\/schema\/person\/010e5d02bcf40965427a1289a4cc8d75","name":"Pressenza IPA","description":"News from Pressenza IPA correspondents","sameAs":["https:\/\/www.facebook.com\/pressenza","https:\/\/x.com\/PressenzaIPA"],"url":"https:\/\/www.pressenza.com\/pt-pt\/author\/pressenza-ipa\/"}]}},"place":"","original_article_url":"","_links":{"self":[{"href":"https:\/\/www.pressenza.com\/pt-pt\/wp-json\/wp\/v2\/posts\/210384","targetHints":{"allow":["GET"]}}],"collection":[{"href":"https:\/\/www.pressenza.com\/pt-pt\/wp-json\/wp\/v2\/posts"}],"about":[{"href":"https:\/\/www.pressenza.com\/pt-pt\/wp-json\/wp\/v2\/types\/post"}],"author":[{"embeddable":true,"href":"https:\/\/www.pressenza.com\/pt-pt\/wp-json\/wp\/v2\/users\/19"}],"replies":[{"embeddable":true,"href":"https:\/\/www.pressenza.com\/pt-pt\/wp-json\/wp\/v2\/comments?post=210384"}],"version-history":[{"count":0,"href":"https:\/\/www.pressenza.com\/pt-pt\/wp-json\/wp\/v2\/posts\/210384\/revisions"}],"wp:featuredmedia":[{"embeddable":true,"href":"https:\/\/www.pressenza.com\/pt-pt\/wp-json\/wp\/v2\/media\/210196"}],"wp:attachment":[{"href":"https:\/\/www.pressenza.com\/pt-pt\/wp-json\/wp\/v2\/media?parent=210384"}],"wp:term":[{"taxonomy":"category","embeddable":true,"href":"https:\/\/www.pressenza.com\/pt-pt\/wp-json\/wp\/v2\/categories?post=210384"},{"taxonomy":"post_tag","embeddable":true,"href":"https:\/\/www.pressenza.com\/pt-pt\/wp-json\/wp\/v2\/tags?post=210384"}],"curies":[{"name":"wp","href":"https:\/\/api.w.org\/{rel}","templated":true}]}}