{"id":208297,"date":"2015-08-06T11:28:53","date_gmt":"2015-08-06T10:28:53","guid":{"rendered":"http:\/\/www.pressenza.com\/?p=208297"},"modified":"2016-04-21T12:49:59","modified_gmt":"2016-04-21T11:49:59","slug":"por-um-jornalismo-vivo","status":"publish","type":"post","link":"https:\/\/www.pressenza.com\/pt-pt\/2015\/08\/por-um-jornalismo-vivo\/","title":{"rendered":"Por um jornalismo vivo!"},"content":{"rendered":"<p>Coletivos de comunica\u00e7\u00e3o da Am\u00e9rica Latina se unem contra a onda de assassinatos a jornalistas que assumiam posicionamentos cr\u00edticos ao governo mexicano.<!--more--><\/p>\n<p>Em 31 de julho foram torturados e assassinados na Cidade do M\u00e9xico, o fotojornalista da ag\u00eancia AVC Not\u00edcias e o correspondente de Cuartoscuto e da revista Proceso, Ruben Espinosa Becerril, junto com Nadia Vera, Yesenia Quiroz, Simone e Alejandra.<\/p>\n<p>Ruben Espinosa, cujo foco principal era a cobertura dos protestos sociais, e que usava a fotografia como uma ferramenta de luta e den\u00fancia, deixou o estado de Veracruz em junho -ap\u00f3s receber v\u00e1rias amea\u00e7as pelo trabalho jornal\u00edstico que exercia- para exilar-se na Cidade do M\u00e9xico, onde procurou a v\u00e1rias organiza\u00e7\u00f5es em busca de prote\u00e7\u00e3o e denuncia a persegui\u00e7\u00e3o cont\u00ednua de ele.<\/p>\n<p>Veracruz \u00e9 um dos tr\u00eas estados mais perigosos do M\u00e9xico para exercer a liberdade de express\u00e3o.<\/p>\n<p>Com o assassinato de Ruben, 88 jornalistas foram mortos no M\u00e9xico desde 2000, desta forma, a cada dia h\u00e1 mais viol\u00eancia ao jornalismo e a liberdade de express\u00e3o, e a impunidade total em todos os casos.<\/p>\n<p>Durante a presid\u00eancia de Felipe Calder\u00f3n (2006-2012) um jornalista agredido a cada 48 horas, enquanto o atual presidente Enrique Pe\u00f1a Nieto um jornalista \u00e9 atacado a cada 26 horas de acordo com o relat\u00f3rio &#8220;State of Censorship&#8221;, preparado pelo Art\u00ediculo 19.<\/p>\n<p>A partir da Rede Latino-Americana de Fotografia Coletiva nos unimos a pauta e a procura da justi\u00e7a na investiga\u00e7\u00e3o do assassinato do companheiro fotojornalista Ruben Espinosa e das companheiras Nadia, Yesenia, Nicole e Alejandra; e pelo fim da viol\u00eancia contra jornalistas no M\u00e9xico e na Am\u00e9rica Latina.<\/p>\n<p>Nos pronunciamos a favor da total liberdade de express\u00e3o e acesso \u00e0 informa\u00e7\u00e3o.Uma vez que este \u00e9 um caso de impunidade e viol\u00eancia que existe constantemente contra jornalistas do estado mexicano.<\/p>\n<p>Justi\u00e7a para Ruben Espinosa!<\/p>\n<p>Parem de perseguir e assassinar fotojornalistas!<\/p>\n<p>M\u00e9xico #CuantxsMais?<\/p>\n<div id=\"attachment_208272\" class=\"wp-caption alignnone\"><a href=\"http:\/\/www.pressenza.com\/wp-content\/uploads\/2015\/08\/ruben-espinoa2.png\"><img loading=\"lazy\" decoding=\"async\" aria-describedby=\"caption-attachment-208272\" class=\"wp-image-208272 size-large\" src=\"http:\/\/www.pressenza.com\/wp-content\/uploads\/2015\/08\/ruben-espinoa2-720x709.png\" alt=\"ruben espinoa2\" width=\"720\" height=\"709\" srcset=\"https:\/\/www.pressenza.com\/wp-content\/uploads\/2015\/08\/ruben-espinoa2-720x709.png 720w, https:\/\/www.pressenza.com\/wp-content\/uploads\/2015\/08\/ruben-espinoa2-300x296.png 300w, https:\/\/www.pressenza.com\/wp-content\/uploads\/2015\/08\/ruben-espinoa2.png 810w\" sizes=\"auto, (max-width: 720px) 100vw, 720px\" \/><\/a><p id=\"caption-attachment-208272\" class=\"wp-caption-text\">Foto Ruben Espinosa<\/p><\/div>\n<p>Rede de Coletivos de Fotograf\u00eda de Am\u00e9rica Latina<\/p>\n<p>Caja de Cart\u00f3n (CHI)<\/p>\n<p>Colectivo Chakana (ARG)<\/p>\n<p>Colectivo En la Vuelta (ARG)<\/p>\n<p>Colectivo Las Ni\u00f1as (CHI)<\/p>\n<p>Colectivo MaldeojoFoto (PER)<\/p>\n<p>Colectivo Manifiesto (ARG)<\/p>\n<p>Colectivo N\u00f3mada (CR)<\/p>\n<p>Colectivo Ruwashaycu (PER)<\/p>\n<p>Colectivx Veinticuatro\/tres (ARG)<\/p>\n<p>Coletivo Altavista (BR)<\/p>\n<p>Compromiso Fotografico (ARG)<\/p>\n<p>Cr\u00f3nicas Visuales (ARG)<\/p>\n<p>Dokumental (URU)<\/p>\n<p>Encontraste Colectivo (MEX)<\/p>\n<p>En.fo.ca. (ARG)<\/p>\n<p>Festivales Solidarios (GUA)<\/p>\n<p>La Ceguera Foto (PER)<\/p>\n<p>MA\u0192IA (ARG)<\/p>\n<p>M\u00eddia NINJA (BR)<\/p>\n<p>MIRA (BR)<\/p>\n<p>NIRU visual (ECU)<\/p>\n<p>NITRO (BR)<\/p>\n<p>Paradocs (ECU)<\/p>\n<p>Prensa Comunitaria (GUA)<\/p>\n<p>RebelArte (URU)<\/p>\n<p>Red de Acciones Fotogr\u00e1ficas (ARG)<\/p>\n<p>Red Tz\u2019ikin (GUA)<\/p>\n<p>REMIRAR (BR)<\/p>\n<p>R.U.A. FotoColetivo (BR)<\/p>\n<p>RUIDO Photo (Espa\u00f1a)<\/p>\n<p>SADO (ARG)<\/p>\n<p>Selva SP (BR)<\/p>\n<p>Somoselmedio (MEX)<\/p>\n<p>Sub.Coop (ARG)<\/p>\n<p>Supay Fotos (PER)<\/p>\n<p>Versus Photo (PER)<\/p>\n<p>Visual Action (ARG)<\/p>\n<p>Coletivo Z\u00d3IO (BR)<\/p>\n<p>&nbsp;<\/p>\n","protected":false},"excerpt":{"rendered":"<p>Coletivos de comunica\u00e7\u00e3o da Am\u00e9rica Latina se unem contra a onda de assassinatos a jornalistas que assumiam posicionamentos cr\u00edticos ao governo mexicano.<\/p>\n","protected":false},"author":1187,"featured_media":208295,"comment_status":"closed","ping_status":"open","sticky":false,"template":"","format":"standard","meta":{"footnotes":""},"categories":[106,105,104,112,116,153,111],"tags":[5204,18930,6586,18768,18984],"class_list":["post-208297","post","type-post","status-publish","format-standard","has-post-thumbnail","hentry","category-america-central-pt-pt","category-america-do-norte","category-america-do-sul","category-cultura-pt-pt","category-direitos-humanos","category-nota-de-imprensa","category-politica-pt-pt","tag-direitos-humanos","tag-jornalismo","tag-mexico-pt-pt","tag-politica","tag-ruben-espinosa"],"yoast_head":"<!-- This site is optimized with the Yoast SEO plugin v27.1.1 - https:\/\/yoast.com\/product\/yoast-seo-wordpress\/ -->\n<title>Por um jornalismo vivo!<\/title>\n<meta name=\"description\" content=\"Coletivos de comunica\u00e7\u00e3o da Am\u00e9rica Latina se unem contra a onda de assassinatos a jornalistas que assumiam posicionamentos cr\u00edticos ao governo mexicano.\" \/>\n<meta name=\"robots\" content=\"index, follow, max-snippet:-1, max-image-preview:large, max-video-preview:-1\" \/>\n<link rel=\"canonical\" href=\"https:\/\/www.pressenza.com\/pt-pt\/2015\/08\/por-um-jornalismo-vivo\/\" \/>\n<meta property=\"og:locale\" content=\"pt_PT\" \/>\n<meta property=\"og:type\" content=\"article\" \/>\n<meta property=\"og:title\" content=\"Por um jornalismo vivo!\" \/>\n<meta property=\"og:description\" content=\"Coletivos de comunica\u00e7\u00e3o da Am\u00e9rica Latina se unem contra a onda de assassinatos a jornalistas que assumiam posicionamentos cr\u00edticos ao governo mexicano.\" \/>\n<meta property=\"og:url\" content=\"https:\/\/www.pressenza.com\/pt-pt\/2015\/08\/por-um-jornalismo-vivo\/\" \/>\n<meta property=\"og:site_name\" content=\"Pressenza\" \/>\n<meta property=\"article:publisher\" content=\"https:\/\/www.facebook.com\/PressenzaItalia\" \/>\n<meta property=\"article:author\" content=\"Alicia Blanco\" \/>\n<meta property=\"article:published_time\" content=\"2015-08-06T10:28:53+00:00\" \/>\n<meta property=\"article:modified_time\" content=\"2016-04-21T11:49:59+00:00\" \/>\n<meta property=\"og:image\" content=\"https:\/\/www.pressenza.com\/wp-content\/uploads\/2015\/08\/foto-ruben-espinosa1.png\" \/>\n\t<meta property=\"og:image:width\" content=\"802\" \/>\n\t<meta property=\"og:image:height\" content=\"532\" \/>\n\t<meta property=\"og:image:type\" content=\"image\/png\" \/>\n<meta name=\"author\" content=\"Alicia Blanco\" \/>\n<meta name=\"twitter:card\" content=\"summary_large_image\" \/>\n<meta name=\"twitter:creator\" content=\"@aliciablancoar\" \/>\n<meta name=\"twitter:site\" content=\"@PressenzaIPA\" \/>\n<meta name=\"twitter:label1\" content=\"Escrito por\" \/>\n\t<meta name=\"twitter:data1\" content=\"Alicia Blanco\" \/>\n\t<meta name=\"twitter:label2\" content=\"Tempo estimado de leitura\" \/>\n\t<meta name=\"twitter:data2\" content=\"2 minutos\" \/>\n<script type=\"application\/ld+json\" class=\"yoast-schema-graph\">{\"@context\":\"https:\/\/schema.org\",\"@graph\":[{\"@type\":\"Article\",\"@id\":\"https:\/\/www.pressenza.com\/pt-pt\/2015\/08\/por-um-jornalismo-vivo\/#article\",\"isPartOf\":{\"@id\":\"https:\/\/www.pressenza.com\/pt-pt\/2015\/08\/por-um-jornalismo-vivo\/\"},\"author\":{\"name\":\"Alicia Blanco\",\"@id\":\"https:\/\/www.pressenza.com\/pt-pt\/#\/schema\/person\/cd1c733ed7825bc0f36b165c74e256a3\"},\"headline\":\"Por um jornalismo vivo!\",\"datePublished\":\"2015-08-06T10:28:53+00:00\",\"dateModified\":\"2016-04-21T11:49:59+00:00\",\"mainEntityOfPage\":{\"@id\":\"https:\/\/www.pressenza.com\/pt-pt\/2015\/08\/por-um-jornalismo-vivo\/\"},\"wordCount\":485,\"publisher\":{\"@id\":\"https:\/\/www.pressenza.com\/pt-pt\/#organization\"},\"image\":{\"@id\":\"https:\/\/www.pressenza.com\/pt-pt\/2015\/08\/por-um-jornalismo-vivo\/#primaryimage\"},\"thumbnailUrl\":\"https:\/\/www.pressenza.com\/wp-content\/uploads\/2015\/08\/foto-ruben-espinosa1.png\",\"keywords\":[\"direitos humanos\",\"jornalismo\",\"Mexico\",\"politica\",\"Ruben Espinosa\"],\"articleSection\":[\"Am\u00e9rica Central\",\"Am\u00e9rica do Norte\",\"\u00c1m\u00e9rica do Sul\",\"Cultura e M\u00eddia\",\"Direitos Humanos\",\"Nota de imprensa\",\"Pol\u00edtica\"],\"inLanguage\":\"pt-PT\"},{\"@type\":\"WebPage\",\"@id\":\"https:\/\/www.pressenza.com\/pt-pt\/2015\/08\/por-um-jornalismo-vivo\/\",\"url\":\"https:\/\/www.pressenza.com\/pt-pt\/2015\/08\/por-um-jornalismo-vivo\/\",\"name\":\"Por um jornalismo vivo!\",\"isPartOf\":{\"@id\":\"https:\/\/www.pressenza.com\/pt-pt\/#website\"},\"primaryImageOfPage\":{\"@id\":\"https:\/\/www.pressenza.com\/pt-pt\/2015\/08\/por-um-jornalismo-vivo\/#primaryimage\"},\"image\":{\"@id\":\"https:\/\/www.pressenza.com\/pt-pt\/2015\/08\/por-um-jornalismo-vivo\/#primaryimage\"},\"thumbnailUrl\":\"https:\/\/www.pressenza.com\/wp-content\/uploads\/2015\/08\/foto-ruben-espinosa1.png\",\"datePublished\":\"2015-08-06T10:28:53+00:00\",\"dateModified\":\"2016-04-21T11:49:59+00:00\",\"description\":\"Coletivos de comunica\u00e7\u00e3o da Am\u00e9rica Latina se unem contra a onda de assassinatos a jornalistas que assumiam posicionamentos cr\u00edticos ao governo mexicano.\",\"breadcrumb\":{\"@id\":\"https:\/\/www.pressenza.com\/pt-pt\/2015\/08\/por-um-jornalismo-vivo\/#breadcrumb\"},\"inLanguage\":\"pt-PT\",\"potentialAction\":[{\"@type\":\"ReadAction\",\"target\":[\"https:\/\/www.pressenza.com\/pt-pt\/2015\/08\/por-um-jornalismo-vivo\/\"]}]},{\"@type\":\"ImageObject\",\"inLanguage\":\"pt-PT\",\"@id\":\"https:\/\/www.pressenza.com\/pt-pt\/2015\/08\/por-um-jornalismo-vivo\/#primaryimage\",\"url\":\"https:\/\/www.pressenza.com\/wp-content\/uploads\/2015\/08\/foto-ruben-espinosa1.png\",\"contentUrl\":\"https:\/\/www.pressenza.com\/wp-content\/uploads\/2015\/08\/foto-ruben-espinosa1.png\",\"width\":802,\"height\":532,\"caption\":\"Foto Ruben Espinosa\"},{\"@type\":\"BreadcrumbList\",\"@id\":\"https:\/\/www.pressenza.com\/pt-pt\/2015\/08\/por-um-jornalismo-vivo\/#breadcrumb\",\"itemListElement\":[{\"@type\":\"ListItem\",\"position\":1,\"name\":\"Accueil\",\"item\":\"https:\/\/www.pressenza.com\/pt-pt\/\"},{\"@type\":\"ListItem\",\"position\":2,\"name\":\"Por um jornalismo vivo!\"}]},{\"@type\":\"WebSite\",\"@id\":\"https:\/\/www.pressenza.com\/pt-pt\/#website\",\"url\":\"https:\/\/www.pressenza.com\/pt-pt\/\",\"name\":\"Pressenza\",\"description\":\"International Press Agency\",\"publisher\":{\"@id\":\"https:\/\/www.pressenza.com\/pt-pt\/#organization\"},\"potentialAction\":[{\"@type\":\"SearchAction\",\"target\":{\"@type\":\"EntryPoint\",\"urlTemplate\":\"https:\/\/www.pressenza.com\/pt-pt\/?s={search_term_string}\"},\"query-input\":{\"@type\":\"PropertyValueSpecification\",\"valueRequired\":true,\"valueName\":\"search_term_string\"}}],\"inLanguage\":\"pt-PT\"},{\"@type\":\"Organization\",\"@id\":\"https:\/\/www.pressenza.com\/pt-pt\/#organization\",\"name\":\"Pressenza\",\"url\":\"https:\/\/www.pressenza.com\/pt-pt\/\",\"logo\":{\"@type\":\"ImageObject\",\"inLanguage\":\"pt-PT\",\"@id\":\"https:\/\/www.pressenza.com\/pt-pt\/#\/schema\/logo\/image\/\",\"url\":\"https:\/\/www.pressenza.com\/wp-content\/uploads\/2022\/10\/pressenza_logo_200x200.jpg\",\"contentUrl\":\"https:\/\/www.pressenza.com\/wp-content\/uploads\/2022\/10\/pressenza_logo_200x200.jpg\",\"width\":200,\"height\":200,\"caption\":\"Pressenza\"},\"image\":{\"@id\":\"https:\/\/www.pressenza.com\/pt-pt\/#\/schema\/logo\/image\/\"},\"sameAs\":[\"https:\/\/www.facebook.com\/PressenzaItalia\",\"https:\/\/x.com\/PressenzaIPA\"]},{\"@type\":\"Person\",\"@id\":\"https:\/\/www.pressenza.com\/pt-pt\/#\/schema\/person\/cd1c733ed7825bc0f36b165c74e256a3\",\"name\":\"Alicia Blanco\",\"description\":\"Humanista, co-directora de Pressenza.\",\"sameAs\":[\"Alicia Blanco\",\"https:\/\/x.com\/aliciablancoar\"],\"url\":\"https:\/\/www.pressenza.com\/pt-pt\/author\/alicia-blanco\/\"}]}<\/script>\n<!-- \/ Yoast SEO plugin. -->","yoast_head_json":{"title":"Por um jornalismo vivo!","description":"Coletivos de comunica\u00e7\u00e3o da Am\u00e9rica Latina se unem contra a onda de assassinatos a jornalistas que assumiam posicionamentos cr\u00edticos ao governo mexicano.","robots":{"index":"index","follow":"follow","max-snippet":"max-snippet:-1","max-image-preview":"max-image-preview:large","max-video-preview":"max-video-preview:-1"},"canonical":"https:\/\/www.pressenza.com\/pt-pt\/2015\/08\/por-um-jornalismo-vivo\/","og_locale":"pt_PT","og_type":"article","og_title":"Por um jornalismo vivo!","og_description":"Coletivos de comunica\u00e7\u00e3o da Am\u00e9rica Latina se unem contra a onda de assassinatos a jornalistas que assumiam posicionamentos cr\u00edticos ao governo mexicano.","og_url":"https:\/\/www.pressenza.com\/pt-pt\/2015\/08\/por-um-jornalismo-vivo\/","og_site_name":"Pressenza","article_publisher":"https:\/\/www.facebook.com\/PressenzaItalia","article_author":"Alicia Blanco","article_published_time":"2015-08-06T10:28:53+00:00","article_modified_time":"2016-04-21T11:49:59+00:00","og_image":[{"width":802,"height":532,"url":"https:\/\/www.pressenza.com\/wp-content\/uploads\/2015\/08\/foto-ruben-espinosa1.png","type":"image\/png"}],"author":"Alicia Blanco","twitter_card":"summary_large_image","twitter_creator":"@aliciablancoar","twitter_site":"@PressenzaIPA","twitter_misc":{"Escrito por":"Alicia Blanco","Tempo estimado de leitura":"2 minutos"},"schema":{"@context":"https:\/\/schema.org","@graph":[{"@type":"Article","@id":"https:\/\/www.pressenza.com\/pt-pt\/2015\/08\/por-um-jornalismo-vivo\/#article","isPartOf":{"@id":"https:\/\/www.pressenza.com\/pt-pt\/2015\/08\/por-um-jornalismo-vivo\/"},"author":{"name":"Alicia Blanco","@id":"https:\/\/www.pressenza.com\/pt-pt\/#\/schema\/person\/cd1c733ed7825bc0f36b165c74e256a3"},"headline":"Por um jornalismo vivo!","datePublished":"2015-08-06T10:28:53+00:00","dateModified":"2016-04-21T11:49:59+00:00","mainEntityOfPage":{"@id":"https:\/\/www.pressenza.com\/pt-pt\/2015\/08\/por-um-jornalismo-vivo\/"},"wordCount":485,"publisher":{"@id":"https:\/\/www.pressenza.com\/pt-pt\/#organization"},"image":{"@id":"https:\/\/www.pressenza.com\/pt-pt\/2015\/08\/por-um-jornalismo-vivo\/#primaryimage"},"thumbnailUrl":"https:\/\/www.pressenza.com\/wp-content\/uploads\/2015\/08\/foto-ruben-espinosa1.png","keywords":["direitos humanos","jornalismo","Mexico","politica","Ruben Espinosa"],"articleSection":["Am\u00e9rica Central","Am\u00e9rica do Norte","\u00c1m\u00e9rica do Sul","Cultura e M\u00eddia","Direitos Humanos","Nota de imprensa","Pol\u00edtica"],"inLanguage":"pt-PT"},{"@type":"WebPage","@id":"https:\/\/www.pressenza.com\/pt-pt\/2015\/08\/por-um-jornalismo-vivo\/","url":"https:\/\/www.pressenza.com\/pt-pt\/2015\/08\/por-um-jornalismo-vivo\/","name":"Por um jornalismo vivo!","isPartOf":{"@id":"https:\/\/www.pressenza.com\/pt-pt\/#website"},"primaryImageOfPage":{"@id":"https:\/\/www.pressenza.com\/pt-pt\/2015\/08\/por-um-jornalismo-vivo\/#primaryimage"},"image":{"@id":"https:\/\/www.pressenza.com\/pt-pt\/2015\/08\/por-um-jornalismo-vivo\/#primaryimage"},"thumbnailUrl":"https:\/\/www.pressenza.com\/wp-content\/uploads\/2015\/08\/foto-ruben-espinosa1.png","datePublished":"2015-08-06T10:28:53+00:00","dateModified":"2016-04-21T11:49:59+00:00","description":"Coletivos de comunica\u00e7\u00e3o da Am\u00e9rica Latina se unem contra a onda de assassinatos a jornalistas que assumiam posicionamentos cr\u00edticos ao governo mexicano.","breadcrumb":{"@id":"https:\/\/www.pressenza.com\/pt-pt\/2015\/08\/por-um-jornalismo-vivo\/#breadcrumb"},"inLanguage":"pt-PT","potentialAction":[{"@type":"ReadAction","target":["https:\/\/www.pressenza.com\/pt-pt\/2015\/08\/por-um-jornalismo-vivo\/"]}]},{"@type":"ImageObject","inLanguage":"pt-PT","@id":"https:\/\/www.pressenza.com\/pt-pt\/2015\/08\/por-um-jornalismo-vivo\/#primaryimage","url":"https:\/\/www.pressenza.com\/wp-content\/uploads\/2015\/08\/foto-ruben-espinosa1.png","contentUrl":"https:\/\/www.pressenza.com\/wp-content\/uploads\/2015\/08\/foto-ruben-espinosa1.png","width":802,"height":532,"caption":"Foto Ruben Espinosa"},{"@type":"BreadcrumbList","@id":"https:\/\/www.pressenza.com\/pt-pt\/2015\/08\/por-um-jornalismo-vivo\/#breadcrumb","itemListElement":[{"@type":"ListItem","position":1,"name":"Accueil","item":"https:\/\/www.pressenza.com\/pt-pt\/"},{"@type":"ListItem","position":2,"name":"Por um jornalismo vivo!"}]},{"@type":"WebSite","@id":"https:\/\/www.pressenza.com\/pt-pt\/#website","url":"https:\/\/www.pressenza.com\/pt-pt\/","name":"Pressenza","description":"International Press Agency","publisher":{"@id":"https:\/\/www.pressenza.com\/pt-pt\/#organization"},"potentialAction":[{"@type":"SearchAction","target":{"@type":"EntryPoint","urlTemplate":"https:\/\/www.pressenza.com\/pt-pt\/?s={search_term_string}"},"query-input":{"@type":"PropertyValueSpecification","valueRequired":true,"valueName":"search_term_string"}}],"inLanguage":"pt-PT"},{"@type":"Organization","@id":"https:\/\/www.pressenza.com\/pt-pt\/#organization","name":"Pressenza","url":"https:\/\/www.pressenza.com\/pt-pt\/","logo":{"@type":"ImageObject","inLanguage":"pt-PT","@id":"https:\/\/www.pressenza.com\/pt-pt\/#\/schema\/logo\/image\/","url":"https:\/\/www.pressenza.com\/wp-content\/uploads\/2022\/10\/pressenza_logo_200x200.jpg","contentUrl":"https:\/\/www.pressenza.com\/wp-content\/uploads\/2022\/10\/pressenza_logo_200x200.jpg","width":200,"height":200,"caption":"Pressenza"},"image":{"@id":"https:\/\/www.pressenza.com\/pt-pt\/#\/schema\/logo\/image\/"},"sameAs":["https:\/\/www.facebook.com\/PressenzaItalia","https:\/\/x.com\/PressenzaIPA"]},{"@type":"Person","@id":"https:\/\/www.pressenza.com\/pt-pt\/#\/schema\/person\/cd1c733ed7825bc0f36b165c74e256a3","name":"Alicia Blanco","description":"Humanista, co-directora de Pressenza.","sameAs":["Alicia Blanco","https:\/\/x.com\/aliciablancoar"],"url":"https:\/\/www.pressenza.com\/pt-pt\/author\/alicia-blanco\/"}]}},"place":"Argentina","original_article_url":"https:\/\/ninja.oximity.com\/article\/Por-um-jornalismo-vivo-1","_links":{"self":[{"href":"https:\/\/www.pressenza.com\/pt-pt\/wp-json\/wp\/v2\/posts\/208297","targetHints":{"allow":["GET"]}}],"collection":[{"href":"https:\/\/www.pressenza.com\/pt-pt\/wp-json\/wp\/v2\/posts"}],"about":[{"href":"https:\/\/www.pressenza.com\/pt-pt\/wp-json\/wp\/v2\/types\/post"}],"author":[{"embeddable":true,"href":"https:\/\/www.pressenza.com\/pt-pt\/wp-json\/wp\/v2\/users\/1187"}],"replies":[{"embeddable":true,"href":"https:\/\/www.pressenza.com\/pt-pt\/wp-json\/wp\/v2\/comments?post=208297"}],"version-history":[{"count":0,"href":"https:\/\/www.pressenza.com\/pt-pt\/wp-json\/wp\/v2\/posts\/208297\/revisions"}],"wp:featuredmedia":[{"embeddable":true,"href":"https:\/\/www.pressenza.com\/pt-pt\/wp-json\/wp\/v2\/media\/208295"}],"wp:attachment":[{"href":"https:\/\/www.pressenza.com\/pt-pt\/wp-json\/wp\/v2\/media?parent=208297"}],"wp:term":[{"taxonomy":"category","embeddable":true,"href":"https:\/\/www.pressenza.com\/pt-pt\/wp-json\/wp\/v2\/categories?post=208297"},{"taxonomy":"post_tag","embeddable":true,"href":"https:\/\/www.pressenza.com\/pt-pt\/wp-json\/wp\/v2\/tags?post=208297"}],"curies":[{"name":"wp","href":"https:\/\/api.w.org\/{rel}","templated":true}]}}