{"id":207452,"date":"2015-08-03T23:27:22","date_gmt":"2015-08-03T22:27:22","guid":{"rendered":"http:\/\/www.pressenza.com\/?p=207452"},"modified":"2015-08-03T23:27:22","modified_gmt":"2015-08-03T22:27:22","slug":"centenas-participam-de-protesto-pela-liberdade-de-imprensa-em-berlim","status":"publish","type":"post","link":"https:\/\/www.pressenza.com\/pt-pt\/2015\/08\/centenas-participam-de-protesto-pela-liberdade-de-imprensa-em-berlim\/","title":{"rendered":"Centenas participam de protesto pela liberdade de imprensa em Berlim"},"content":{"rendered":"<p>Cerca de 1.300 pessoas comparecem a uma manifesta\u00e7\u00e3o contra a investiga\u00e7\u00e3o de dois jornalistas acusados de trai\u00e7\u00e3o \u00e0 p\u00e1tria. Eles divulgaram planos sobre a amplia\u00e7\u00e3o da vigil\u00e2ncia na internet pelo Estado.<\/p>\n<p> Centenas de pessoas sa\u00edram \u00e0s ruas de Berlim neste s\u00e1bado (01\/08) para participar de uma manifesta\u00e7\u00e3o a favor da liberdade de imprensa e contra a acusa\u00e7\u00e3o de trai\u00e7\u00e3o \u00e0 p\u00e1tria feita pela Procuradoria Geral da Alemanha a dois jornalistas do blog de not\u00edcias Netzpolitik.org.<\/p>\n<p>Segundo c\u00e1lculos da pol\u00edcia, cerca de 1.300 pessoas compareceram \u00e0 manifesta\u00e7\u00e3o em defesa dos jornalistas do Netzpolitik.org, um dos blogs mais populares da Alemanha, que trata de temas relacionados ao direito digital, prote\u00e7\u00e3o de dados e liberdade de informa\u00e7\u00e3o.<\/p>\n<p>Os procuradores sustentam que os jornalistas Andre Meister e Markus Beckedahl teriam divulgados segredos de Estado ao publicar um relat\u00f3rio confidencial do Departamento Federal de Prote\u00e7\u00e3o \u00e0 Constitui\u00e7\u00e3o (BfV) que prop\u00f5e a cria\u00e7\u00e3o de uma nova unidade para monitorar a internet, em particular as redes sociais, em dois artigos publicados em fevereiro e abril.<\/p>\n<p>Os documentos se referem \u00e0 cria\u00e7\u00e3o de uma unidade para a vigil\u00e2ncia da internet e para a detec\u00e7\u00e3o de perfis de radicais e extremistas nas redes sociais.<\/p>\n<p>A acusa\u00e7\u00e3o aos dois jornalistas e seu informante an\u00f4nimo gerou fortes cr\u00edticas de ativistas pela liberdade de express\u00e3o e do ministro alem\u00e3o da Justi\u00e7a, Heiko Maas. Na sexta-feira, o ministro questionou se os jornalistas teriam de fato cometido trai\u00e7\u00e3o ao divulgar as informa\u00e7\u00f5es e contestou a decis\u00e3o dos procuradores.<\/p>\n<p>A investiga\u00e7\u00e3o foi suspensa pelo procurador-geral, Harald Range, que aguarda a conclus\u00e3o de uma avalia\u00e7\u00e3o a cargo de peritos externos para decidir se houve ou n\u00e3o a divulga\u00e7\u00e3o de documentos confidenciais por parte dos jornalistas. Desde o an\u00fancio da investiga\u00e7\u00e3o contra eles, Range foi amplamente criticado. Alguns l\u00edderes pol\u00edticos chegaram a pedir sua ren\u00fancia.<\/p>\n<p>Este artigo n\u00e3o est\u00e1 sob Licen\u00e7a Creative Commons e n\u00e3o pode ser reproduzido de nenhuma forma. O mesmo \u00e9 v\u00e1lido para a foto.<\/p>\n","protected":false},"excerpt":{"rendered":"<p>Cerca de 1.300 pessoas comparecem a uma manifesta\u00e7\u00e3o contra a investiga\u00e7\u00e3o de dois jornalistas acusados de trai\u00e7\u00e3o \u00e0 p\u00e1tria. Eles divulgaram planos sobre a amplia\u00e7\u00e3o da vigil\u00e2ncia na internet pelo Estado. Centenas de pessoas sa\u00edram \u00e0s ruas de Berlim neste&hellip;<\/p>\n","protected":false},"author":993,"featured_media":207453,"comment_status":"closed","ping_status":"open","sticky":false,"template":"","format":"standard","meta":{"footnotes":""},"categories":[499,112,103,42],"tags":[18929,18930,8347,17631],"class_list":["post-207452","post","type-post","status-publish","format-standard","has-post-thumbnail","hentry","category-ciencia-tecnologia-pt","category-cultura-pt-pt","category-europa-pt-pt","category-internacional-2","tag-direito-digital","tag-jornalismo","tag-liberdade-de-expressao","tag-netzpolitik"],"yoast_head":"<!-- This site is optimized with the Yoast SEO plugin v27.1.1 - https:\/\/yoast.com\/product\/yoast-seo-wordpress\/ -->\n<title>Centenas participam de protesto pela liberdade de imprensa em Berlim<\/title>\n<meta name=\"description\" content=\"Cerca de 1.300 pessoas comparecem a uma manifesta\u00e7\u00e3o contra a investiga\u00e7\u00e3o de dois jornalistas acusados de trai\u00e7\u00e3o \u00e0 p\u00e1tria. Eles divulgaram planos sobre\" \/>\n<meta name=\"robots\" content=\"index, follow, max-snippet:-1, max-image-preview:large, max-video-preview:-1\" \/>\n<link rel=\"canonical\" href=\"https:\/\/www.pressenza.com\/pt-pt\/2015\/08\/centenas-participam-de-protesto-pela-liberdade-de-imprensa-em-berlim\/\" \/>\n<meta property=\"og:locale\" content=\"pt_PT\" \/>\n<meta property=\"og:type\" content=\"article\" \/>\n<meta property=\"og:title\" content=\"Centenas participam de protesto pela liberdade de imprensa em Berlim\" \/>\n<meta property=\"og:description\" content=\"Cerca de 1.300 pessoas comparecem a uma manifesta\u00e7\u00e3o contra a investiga\u00e7\u00e3o de dois jornalistas acusados de trai\u00e7\u00e3o \u00e0 p\u00e1tria. Eles divulgaram planos sobre\" \/>\n<meta property=\"og:url\" content=\"https:\/\/www.pressenza.com\/pt-pt\/2015\/08\/centenas-participam-de-protesto-pela-liberdade-de-imprensa-em-berlim\/\" \/>\n<meta property=\"og:site_name\" content=\"Pressenza\" \/>\n<meta property=\"article:publisher\" content=\"https:\/\/www.facebook.com\/PressenzaItalia\" \/>\n<meta property=\"article:published_time\" content=\"2015-08-03T22:27:22+00:00\" \/>\n<meta property=\"og:image\" content=\"https:\/\/www.pressenza.com\/wp-content\/uploads\/2015\/08\/manifestacao.jpg\" \/>\n\t<meta property=\"og:image:width\" content=\"940\" \/>\n\t<meta property=\"og:image:height\" content=\"529\" \/>\n\t<meta property=\"og:image:type\" content=\"image\/jpeg\" \/>\n<meta name=\"author\" content=\"Deutsche Welle\" \/>\n<meta name=\"twitter:card\" content=\"summary_large_image\" \/>\n<meta name=\"twitter:creator\" content=\"@PressenzaIPA\" \/>\n<meta name=\"twitter:site\" content=\"@PressenzaIPA\" \/>\n<meta name=\"twitter:label1\" content=\"Escrito por\" \/>\n\t<meta name=\"twitter:data1\" content=\"Deutsche Welle\" \/>\n\t<meta name=\"twitter:label2\" content=\"Tempo estimado de leitura\" \/>\n\t<meta name=\"twitter:data2\" content=\"2 minutos\" \/>\n<script type=\"application\/ld+json\" class=\"yoast-schema-graph\">{\"@context\":\"https:\/\/schema.org\",\"@graph\":[{\"@type\":\"Article\",\"@id\":\"https:\/\/www.pressenza.com\/pt-pt\/2015\/08\/centenas-participam-de-protesto-pela-liberdade-de-imprensa-em-berlim\/#article\",\"isPartOf\":{\"@id\":\"https:\/\/www.pressenza.com\/pt-pt\/2015\/08\/centenas-participam-de-protesto-pela-liberdade-de-imprensa-em-berlim\/\"},\"author\":{\"name\":\"Deutsche Welle\",\"@id\":\"https:\/\/www.pressenza.com\/pt-pt\/#\/schema\/person\/b7c775911f2c9a1b8c7225b94e2e9f37\"},\"headline\":\"Centenas participam de protesto pela liberdade de imprensa em Berlim\",\"datePublished\":\"2015-08-03T22:27:22+00:00\",\"mainEntityOfPage\":{\"@id\":\"https:\/\/www.pressenza.com\/pt-pt\/2015\/08\/centenas-participam-de-protesto-pela-liberdade-de-imprensa-em-berlim\/\"},\"wordCount\":373,\"publisher\":{\"@id\":\"https:\/\/www.pressenza.com\/pt-pt\/#organization\"},\"image\":{\"@id\":\"https:\/\/www.pressenza.com\/pt-pt\/2015\/08\/centenas-participam-de-protesto-pela-liberdade-de-imprensa-em-berlim\/#primaryimage\"},\"thumbnailUrl\":\"https:\/\/www.pressenza.com\/wp-content\/uploads\/2015\/08\/manifestacao.jpg\",\"keywords\":[\"direito digital\",\"jornalismo\",\"liberdade de expressao\",\"Netzpolitik\"],\"articleSection\":[\"Ci\u00eancia e Tecnologia\",\"Cultura e M\u00eddia\",\"Europa\",\"Internacional\"],\"inLanguage\":\"pt-PT\"},{\"@type\":\"WebPage\",\"@id\":\"https:\/\/www.pressenza.com\/pt-pt\/2015\/08\/centenas-participam-de-protesto-pela-liberdade-de-imprensa-em-berlim\/\",\"url\":\"https:\/\/www.pressenza.com\/pt-pt\/2015\/08\/centenas-participam-de-protesto-pela-liberdade-de-imprensa-em-berlim\/\",\"name\":\"Centenas participam de protesto pela liberdade de imprensa em Berlim\",\"isPartOf\":{\"@id\":\"https:\/\/www.pressenza.com\/pt-pt\/#website\"},\"primaryImageOfPage\":{\"@id\":\"https:\/\/www.pressenza.com\/pt-pt\/2015\/08\/centenas-participam-de-protesto-pela-liberdade-de-imprensa-em-berlim\/#primaryimage\"},\"image\":{\"@id\":\"https:\/\/www.pressenza.com\/pt-pt\/2015\/08\/centenas-participam-de-protesto-pela-liberdade-de-imprensa-em-berlim\/#primaryimage\"},\"thumbnailUrl\":\"https:\/\/www.pressenza.com\/wp-content\/uploads\/2015\/08\/manifestacao.jpg\",\"datePublished\":\"2015-08-03T22:27:22+00:00\",\"description\":\"Cerca de 1.300 pessoas comparecem a uma manifesta\u00e7\u00e3o contra a investiga\u00e7\u00e3o de dois jornalistas acusados de trai\u00e7\u00e3o \u00e0 p\u00e1tria. Eles divulgaram planos sobre\",\"breadcrumb\":{\"@id\":\"https:\/\/www.pressenza.com\/pt-pt\/2015\/08\/centenas-participam-de-protesto-pela-liberdade-de-imprensa-em-berlim\/#breadcrumb\"},\"inLanguage\":\"pt-PT\",\"potentialAction\":[{\"@type\":\"ReadAction\",\"target\":[\"https:\/\/www.pressenza.com\/pt-pt\/2015\/08\/centenas-participam-de-protesto-pela-liberdade-de-imprensa-em-berlim\/\"]}]},{\"@type\":\"ImageObject\",\"inLanguage\":\"pt-PT\",\"@id\":\"https:\/\/www.pressenza.com\/pt-pt\/2015\/08\/centenas-participam-de-protesto-pela-liberdade-de-imprensa-em-berlim\/#primaryimage\",\"url\":\"https:\/\/www.pressenza.com\/wp-content\/uploads\/2015\/08\/manifestacao.jpg\",\"contentUrl\":\"https:\/\/www.pressenza.com\/wp-content\/uploads\/2015\/08\/manifestacao.jpg\",\"width\":940,\"height\":529,\"caption\":\"Manifestante exibe cartaz com a express\u00e3o \\\"n\u00e3o h\u00e1 democracia sem liberdade de imprensa\\\"\"},{\"@type\":\"BreadcrumbList\",\"@id\":\"https:\/\/www.pressenza.com\/pt-pt\/2015\/08\/centenas-participam-de-protesto-pela-liberdade-de-imprensa-em-berlim\/#breadcrumb\",\"itemListElement\":[{\"@type\":\"ListItem\",\"position\":1,\"name\":\"Accueil\",\"item\":\"https:\/\/www.pressenza.com\/pt-pt\/\"},{\"@type\":\"ListItem\",\"position\":2,\"name\":\"Centenas participam de protesto pela liberdade de imprensa em Berlim\"}]},{\"@type\":\"WebSite\",\"@id\":\"https:\/\/www.pressenza.com\/pt-pt\/#website\",\"url\":\"https:\/\/www.pressenza.com\/pt-pt\/\",\"name\":\"Pressenza\",\"description\":\"International Press Agency\",\"publisher\":{\"@id\":\"https:\/\/www.pressenza.com\/pt-pt\/#organization\"},\"potentialAction\":[{\"@type\":\"SearchAction\",\"target\":{\"@type\":\"EntryPoint\",\"urlTemplate\":\"https:\/\/www.pressenza.com\/pt-pt\/?s={search_term_string}\"},\"query-input\":{\"@type\":\"PropertyValueSpecification\",\"valueRequired\":true,\"valueName\":\"search_term_string\"}}],\"inLanguage\":\"pt-PT\"},{\"@type\":\"Organization\",\"@id\":\"https:\/\/www.pressenza.com\/pt-pt\/#organization\",\"name\":\"Pressenza\",\"url\":\"https:\/\/www.pressenza.com\/pt-pt\/\",\"logo\":{\"@type\":\"ImageObject\",\"inLanguage\":\"pt-PT\",\"@id\":\"https:\/\/www.pressenza.com\/pt-pt\/#\/schema\/logo\/image\/\",\"url\":\"https:\/\/www.pressenza.com\/wp-content\/uploads\/2022\/10\/pressenza_logo_200x200.jpg\",\"contentUrl\":\"https:\/\/www.pressenza.com\/wp-content\/uploads\/2022\/10\/pressenza_logo_200x200.jpg\",\"width\":200,\"height\":200,\"caption\":\"Pressenza\"},\"image\":{\"@id\":\"https:\/\/www.pressenza.com\/pt-pt\/#\/schema\/logo\/image\/\"},\"sameAs\":[\"https:\/\/www.facebook.com\/PressenzaItalia\",\"https:\/\/x.com\/PressenzaIPA\"]},{\"@type\":\"Person\",\"@id\":\"https:\/\/www.pressenza.com\/pt-pt\/#\/schema\/person\/b7c775911f2c9a1b8c7225b94e2e9f37\",\"name\":\"Deutsche Welle\",\"description\":\"Articles and photographs by Deutsche Welle on Pressenza do not fall under the Creative Commons licence and are not reproducible in any way. www.dw.com\",\"sameAs\":[\"http:\/\/www.dw.com\"],\"url\":\"https:\/\/www.pressenza.com\/pt-pt\/author\/deutsche-welle\/\"}]}<\/script>\n<!-- \/ Yoast SEO plugin. -->","yoast_head_json":{"title":"Centenas participam de protesto pela liberdade de imprensa em Berlim","description":"Cerca de 1.300 pessoas comparecem a uma manifesta\u00e7\u00e3o contra a investiga\u00e7\u00e3o de dois jornalistas acusados de trai\u00e7\u00e3o \u00e0 p\u00e1tria. Eles divulgaram planos sobre","robots":{"index":"index","follow":"follow","max-snippet":"max-snippet:-1","max-image-preview":"max-image-preview:large","max-video-preview":"max-video-preview:-1"},"canonical":"https:\/\/www.pressenza.com\/pt-pt\/2015\/08\/centenas-participam-de-protesto-pela-liberdade-de-imprensa-em-berlim\/","og_locale":"pt_PT","og_type":"article","og_title":"Centenas participam de protesto pela liberdade de imprensa em Berlim","og_description":"Cerca de 1.300 pessoas comparecem a uma manifesta\u00e7\u00e3o contra a investiga\u00e7\u00e3o de dois jornalistas acusados de trai\u00e7\u00e3o \u00e0 p\u00e1tria. Eles divulgaram planos sobre","og_url":"https:\/\/www.pressenza.com\/pt-pt\/2015\/08\/centenas-participam-de-protesto-pela-liberdade-de-imprensa-em-berlim\/","og_site_name":"Pressenza","article_publisher":"https:\/\/www.facebook.com\/PressenzaItalia","article_published_time":"2015-08-03T22:27:22+00:00","og_image":[{"width":940,"height":529,"url":"https:\/\/www.pressenza.com\/wp-content\/uploads\/2015\/08\/manifestacao.jpg","type":"image\/jpeg"}],"author":"Deutsche Welle","twitter_card":"summary_large_image","twitter_creator":"@PressenzaIPA","twitter_site":"@PressenzaIPA","twitter_misc":{"Escrito por":"Deutsche Welle","Tempo estimado de leitura":"2 minutos"},"schema":{"@context":"https:\/\/schema.org","@graph":[{"@type":"Article","@id":"https:\/\/www.pressenza.com\/pt-pt\/2015\/08\/centenas-participam-de-protesto-pela-liberdade-de-imprensa-em-berlim\/#article","isPartOf":{"@id":"https:\/\/www.pressenza.com\/pt-pt\/2015\/08\/centenas-participam-de-protesto-pela-liberdade-de-imprensa-em-berlim\/"},"author":{"name":"Deutsche Welle","@id":"https:\/\/www.pressenza.com\/pt-pt\/#\/schema\/person\/b7c775911f2c9a1b8c7225b94e2e9f37"},"headline":"Centenas participam de protesto pela liberdade de imprensa em Berlim","datePublished":"2015-08-03T22:27:22+00:00","mainEntityOfPage":{"@id":"https:\/\/www.pressenza.com\/pt-pt\/2015\/08\/centenas-participam-de-protesto-pela-liberdade-de-imprensa-em-berlim\/"},"wordCount":373,"publisher":{"@id":"https:\/\/www.pressenza.com\/pt-pt\/#organization"},"image":{"@id":"https:\/\/www.pressenza.com\/pt-pt\/2015\/08\/centenas-participam-de-protesto-pela-liberdade-de-imprensa-em-berlim\/#primaryimage"},"thumbnailUrl":"https:\/\/www.pressenza.com\/wp-content\/uploads\/2015\/08\/manifestacao.jpg","keywords":["direito digital","jornalismo","liberdade de expressao","Netzpolitik"],"articleSection":["Ci\u00eancia e Tecnologia","Cultura e M\u00eddia","Europa","Internacional"],"inLanguage":"pt-PT"},{"@type":"WebPage","@id":"https:\/\/www.pressenza.com\/pt-pt\/2015\/08\/centenas-participam-de-protesto-pela-liberdade-de-imprensa-em-berlim\/","url":"https:\/\/www.pressenza.com\/pt-pt\/2015\/08\/centenas-participam-de-protesto-pela-liberdade-de-imprensa-em-berlim\/","name":"Centenas participam de protesto pela liberdade de imprensa em Berlim","isPartOf":{"@id":"https:\/\/www.pressenza.com\/pt-pt\/#website"},"primaryImageOfPage":{"@id":"https:\/\/www.pressenza.com\/pt-pt\/2015\/08\/centenas-participam-de-protesto-pela-liberdade-de-imprensa-em-berlim\/#primaryimage"},"image":{"@id":"https:\/\/www.pressenza.com\/pt-pt\/2015\/08\/centenas-participam-de-protesto-pela-liberdade-de-imprensa-em-berlim\/#primaryimage"},"thumbnailUrl":"https:\/\/www.pressenza.com\/wp-content\/uploads\/2015\/08\/manifestacao.jpg","datePublished":"2015-08-03T22:27:22+00:00","description":"Cerca de 1.300 pessoas comparecem a uma manifesta\u00e7\u00e3o contra a investiga\u00e7\u00e3o de dois jornalistas acusados de trai\u00e7\u00e3o \u00e0 p\u00e1tria. Eles divulgaram planos sobre","breadcrumb":{"@id":"https:\/\/www.pressenza.com\/pt-pt\/2015\/08\/centenas-participam-de-protesto-pela-liberdade-de-imprensa-em-berlim\/#breadcrumb"},"inLanguage":"pt-PT","potentialAction":[{"@type":"ReadAction","target":["https:\/\/www.pressenza.com\/pt-pt\/2015\/08\/centenas-participam-de-protesto-pela-liberdade-de-imprensa-em-berlim\/"]}]},{"@type":"ImageObject","inLanguage":"pt-PT","@id":"https:\/\/www.pressenza.com\/pt-pt\/2015\/08\/centenas-participam-de-protesto-pela-liberdade-de-imprensa-em-berlim\/#primaryimage","url":"https:\/\/www.pressenza.com\/wp-content\/uploads\/2015\/08\/manifestacao.jpg","contentUrl":"https:\/\/www.pressenza.com\/wp-content\/uploads\/2015\/08\/manifestacao.jpg","width":940,"height":529,"caption":"Manifestante exibe cartaz com a express\u00e3o \"n\u00e3o h\u00e1 democracia sem liberdade de imprensa\""},{"@type":"BreadcrumbList","@id":"https:\/\/www.pressenza.com\/pt-pt\/2015\/08\/centenas-participam-de-protesto-pela-liberdade-de-imprensa-em-berlim\/#breadcrumb","itemListElement":[{"@type":"ListItem","position":1,"name":"Accueil","item":"https:\/\/www.pressenza.com\/pt-pt\/"},{"@type":"ListItem","position":2,"name":"Centenas participam de protesto pela liberdade de imprensa em Berlim"}]},{"@type":"WebSite","@id":"https:\/\/www.pressenza.com\/pt-pt\/#website","url":"https:\/\/www.pressenza.com\/pt-pt\/","name":"Pressenza","description":"International Press Agency","publisher":{"@id":"https:\/\/www.pressenza.com\/pt-pt\/#organization"},"potentialAction":[{"@type":"SearchAction","target":{"@type":"EntryPoint","urlTemplate":"https:\/\/www.pressenza.com\/pt-pt\/?s={search_term_string}"},"query-input":{"@type":"PropertyValueSpecification","valueRequired":true,"valueName":"search_term_string"}}],"inLanguage":"pt-PT"},{"@type":"Organization","@id":"https:\/\/www.pressenza.com\/pt-pt\/#organization","name":"Pressenza","url":"https:\/\/www.pressenza.com\/pt-pt\/","logo":{"@type":"ImageObject","inLanguage":"pt-PT","@id":"https:\/\/www.pressenza.com\/pt-pt\/#\/schema\/logo\/image\/","url":"https:\/\/www.pressenza.com\/wp-content\/uploads\/2022\/10\/pressenza_logo_200x200.jpg","contentUrl":"https:\/\/www.pressenza.com\/wp-content\/uploads\/2022\/10\/pressenza_logo_200x200.jpg","width":200,"height":200,"caption":"Pressenza"},"image":{"@id":"https:\/\/www.pressenza.com\/pt-pt\/#\/schema\/logo\/image\/"},"sameAs":["https:\/\/www.facebook.com\/PressenzaItalia","https:\/\/x.com\/PressenzaIPA"]},{"@type":"Person","@id":"https:\/\/www.pressenza.com\/pt-pt\/#\/schema\/person\/b7c775911f2c9a1b8c7225b94e2e9f37","name":"Deutsche Welle","description":"Articles and photographs by Deutsche Welle on Pressenza do not fall under the Creative Commons licence and are not reproducible in any way. www.dw.com","sameAs":["http:\/\/www.dw.com"],"url":"https:\/\/www.pressenza.com\/pt-pt\/author\/deutsche-welle\/"}]}},"place":"","original_article_url":"http:\/\/www.dw.com\/pt\/centenas-participam-de-protesto-pela-liberdade-de-imprensa-em-berlim\/a-18622220?maca=bra-RSS_por_Pressenza_news-10755-html","_links":{"self":[{"href":"https:\/\/www.pressenza.com\/pt-pt\/wp-json\/wp\/v2\/posts\/207452","targetHints":{"allow":["GET"]}}],"collection":[{"href":"https:\/\/www.pressenza.com\/pt-pt\/wp-json\/wp\/v2\/posts"}],"about":[{"href":"https:\/\/www.pressenza.com\/pt-pt\/wp-json\/wp\/v2\/types\/post"}],"author":[{"embeddable":true,"href":"https:\/\/www.pressenza.com\/pt-pt\/wp-json\/wp\/v2\/users\/993"}],"replies":[{"embeddable":true,"href":"https:\/\/www.pressenza.com\/pt-pt\/wp-json\/wp\/v2\/comments?post=207452"}],"version-history":[{"count":0,"href":"https:\/\/www.pressenza.com\/pt-pt\/wp-json\/wp\/v2\/posts\/207452\/revisions"}],"wp:featuredmedia":[{"embeddable":true,"href":"https:\/\/www.pressenza.com\/pt-pt\/wp-json\/wp\/v2\/media\/207453"}],"wp:attachment":[{"href":"https:\/\/www.pressenza.com\/pt-pt\/wp-json\/wp\/v2\/media?parent=207452"}],"wp:term":[{"taxonomy":"category","embeddable":true,"href":"https:\/\/www.pressenza.com\/pt-pt\/wp-json\/wp\/v2\/categories?post=207452"},{"taxonomy":"post_tag","embeddable":true,"href":"https:\/\/www.pressenza.com\/pt-pt\/wp-json\/wp\/v2\/tags?post=207452"}],"curies":[{"name":"wp","href":"https:\/\/api.w.org\/{rel}","templated":true}]}}