{"id":20425,"date":"2012-10-16T23:41:40","date_gmt":"2012-10-16T23:41:40","guid":{"rendered":"http:\/\/www.pressenza.com\/?p=20425"},"modified":"2012-10-16T23:42:57","modified_gmt":"2012-10-16T23:42:57","slug":"africanistao-intervencao-militar-no-mail-pode-ocorrer-em-breve","status":"publish","type":"post","link":"https:\/\/www.pressenza.com\/pt-pt\/2012\/10\/africanistao-intervencao-militar-no-mail-pode-ocorrer-em-breve\/","title":{"rendered":"&#8220;Africanist\u00e3o&#8221; : interven\u00e7\u00e3o militar no Mali pode ocorrer em breve"},"content":{"rendered":"<p>O Mali, pa\u00eds africano no Deserto do Sahara, vive a expectativa de interven\u00e7\u00e3o de uma For\u00e7a de Paz da Organiza\u00e7\u00e3o das Na\u00e7\u00f5es Unidas (ONU) para combater os rebeldes que dominam boa parte de seu territ\u00f3rio. O ministro da Defesa da Fran\u00e7a, que apoia a opera\u00e7\u00e3o, declarou hoje (16) que a ac\u00e7\u00e3o deve come\u00e7ar nas pr\u00f3ximas semanas.<\/p>\n<p>Desde o golpe militar de mar\u00e7o, que derrubou o presidente do Mali, Amadou Toumani Tour\u00e9, os povos tuaregues \u2013 n\u00f4mades do deserto \u2013 dominam dois ter\u00e7os do pa\u00eds. Mesmo sem reconhecimento internacional, eles declararam a independ\u00eancia do Estado do Azawad. O Ansar Dine, principal grupo rebelde do Movimento Nacional pela Liberta\u00e7\u00e3o do Asawad (MNLA), tem liga\u00e7\u00f5es com a organiza\u00e7\u00e3o terrorista Al Qaeda. Os militantes s\u00e3o radicais mu\u00e7ulmanos e querem impor a lei isl\u00e2mica, a sharia, no territ\u00f3rio ocupado.<\/p>\n<p>Nas cidades hist\u00f3ricas do deserto, como Timbuctu, documentos medievais e constru\u00e7\u00f5es consideradas patrim\u00f4nio da humanidade pelas Na\u00e7\u00f5es Unidas foram destru\u00eddos. No Continente Africano, a regi\u00e3o vem sendo chamada pela imprensa e por analistas pol\u00edticos de Africanist\u00e3o.<\/p>\n<p>Uma das fontes de financiamento dos rebeldes \u00e9 o pagamento de resgates por pa\u00edses da Europa em troca da liberta\u00e7\u00e3o de ref\u00e9ns. Actualmente, h\u00e1 nove cidad\u00e3os europeus em poder dos tuaregues, seis deles franceses. Parentes dos sequestrados foram recebidos em audi\u00eancia privada pelo presidente da Fran\u00e7a, Fran\u00e7ois Hollande, que prometeu que mesmo que haja uma ac\u00e7\u00e3o militar internacional na regi\u00e3o, as negocia\u00e7\u00f5es pela liberdade dos ref\u00e9ns v\u00e3o continuar. Hollande reiterou, no entanto, que n\u00e3o haver\u00e1 tropas francesas na opera\u00e7\u00e3o.<\/p>\n<p>Os Estados Unidos e os pa\u00edses da Uni\u00e3o Europeia, assim como boa parte da comunidade internacional, n\u00e3o querem a forma\u00e7\u00e3o de um novo estado radical isl\u00e2mico em \u00c1frica. Por isso, apoiam a interven\u00e7\u00e3o militar, mas imp\u00f5em condi\u00e7\u00f5es: para votar a favor da opera\u00e7\u00e3o no Conselho de Seguran\u00e7a da ONU, precisam do compromisso dos pa\u00edses vizinhos ao conflito. As tropas devem ser formadas \u2013 e, principalmente, lideradas \u2013 por pa\u00edses africanos.<\/p>\n<p>A Comunidade dos Estados do Oeste da \u00c1frica (Ecowas) pretende apresentar um plano de ac\u00e7\u00e3o nos pr\u00f3ximos dias. A Fran\u00e7a j\u00e1 anunciou que vai apoiar a opera\u00e7\u00e3o com treino, armas e muni\u00e7\u00f5es.<\/p>\n<p><em>Com Emerson Penha,\u00a0<em>Correspondente da EBC em \u00c1frica (Maputo)<\/em><\/em><\/p>\n","protected":false},"excerpt":{"rendered":"<p>O Mali, pa\u00eds africano no Deserto do Sahara, vive a expectativa de interven\u00e7\u00e3o de uma For\u00e7a de Paz da Organiza\u00e7\u00e3o das Na\u00e7\u00f5es Unidas (ONU) para combater os rebeldes que dominam boa parte de seu territ\u00f3rio. O ministro da Defesa da&hellip;<\/p>\n","protected":false},"author":839,"featured_media":13404,"comment_status":"closed","ping_status":"open","sticky":false,"template":"","format":"standard","meta":{"footnotes":""},"categories":[37,113,42,111],"tags":[],"class_list":["post-20425","post","type-post","status-publish","format-standard","has-post-thumbnail","hentry","category-africa-pt","category-noticias-do-exterior","category-internacional-2","category-politica-pt-pt"],"yoast_head":"<!-- This site is optimized with the Yoast SEO plugin v27.1.1 - https:\/\/yoast.com\/product\/yoast-seo-wordpress\/ -->\n<title>&quot;Africanist\u00e3o&quot; : interven\u00e7\u00e3o militar no Mali pode ocorrer em breve<\/title>\n<meta name=\"description\" content=\"O Mali, pa\u00eds africano no Deserto do Sahara, vive a expectativa de interven\u00e7\u00e3o de uma For\u00e7a de Paz da Organiza\u00e7\u00e3o das Na\u00e7\u00f5es Unidas (ONU) para combater os\" \/>\n<meta name=\"robots\" content=\"index, follow, max-snippet:-1, max-image-preview:large, max-video-preview:-1\" \/>\n<link rel=\"canonical\" href=\"https:\/\/www.pressenza.com\/pt-pt\/2012\/10\/africanistao-intervencao-militar-no-mail-pode-ocorrer-em-breve\/\" \/>\n<meta property=\"og:locale\" content=\"pt_PT\" \/>\n<meta property=\"og:type\" content=\"article\" \/>\n<meta property=\"og:title\" content=\"&quot;Africanist\u00e3o&quot; : interven\u00e7\u00e3o militar no Mali pode ocorrer em breve\" \/>\n<meta property=\"og:description\" content=\"O Mali, pa\u00eds africano no Deserto do Sahara, vive a expectativa de interven\u00e7\u00e3o de uma For\u00e7a de Paz da Organiza\u00e7\u00e3o das Na\u00e7\u00f5es Unidas (ONU) para combater os\" \/>\n<meta property=\"og:url\" content=\"https:\/\/www.pressenza.com\/pt-pt\/2012\/10\/africanistao-intervencao-militar-no-mail-pode-ocorrer-em-breve\/\" \/>\n<meta property=\"og:site_name\" content=\"Pressenza\" \/>\n<meta property=\"article:publisher\" content=\"https:\/\/www.facebook.com\/PressenzaItalia\" \/>\n<meta property=\"article:published_time\" content=\"2012-10-16T23:41:40+00:00\" \/>\n<meta property=\"article:modified_time\" content=\"2012-10-16T23:42:57+00:00\" \/>\n<meta property=\"og:image\" content=\"https:\/\/www.pressenza.com\/wp-content\/uploads\/assets\/8d415378cb2d3392126eaad4a38415d33781e1f1.png\" \/>\n\t<meta property=\"og:image:width\" content=\"1\" \/>\n\t<meta property=\"og:image:height\" content=\"1\" \/>\n\t<meta property=\"og:image:type\" content=\"image\/png\" \/>\n<meta name=\"author\" content=\"Radio Mo\u00e7ambique\" \/>\n<meta name=\"twitter:card\" content=\"summary_large_image\" \/>\n<meta name=\"twitter:creator\" content=\"@PressenzaIPA\" \/>\n<meta name=\"twitter:site\" content=\"@PressenzaIPA\" \/>\n<meta name=\"twitter:label1\" content=\"Escrito por\" \/>\n\t<meta name=\"twitter:data1\" content=\"Radio Mo\u00e7ambique\" \/>\n\t<meta name=\"twitter:label2\" content=\"Tempo estimado de leitura\" \/>\n\t<meta name=\"twitter:data2\" content=\"2 minutos\" \/>\n<script type=\"application\/ld+json\" class=\"yoast-schema-graph\">{\"@context\":\"https:\/\/schema.org\",\"@graph\":[{\"@type\":\"Article\",\"@id\":\"https:\/\/www.pressenza.com\/pt-pt\/2012\/10\/africanistao-intervencao-militar-no-mail-pode-ocorrer-em-breve\/#article\",\"isPartOf\":{\"@id\":\"https:\/\/www.pressenza.com\/pt-pt\/2012\/10\/africanistao-intervencao-militar-no-mail-pode-ocorrer-em-breve\/\"},\"author\":{\"name\":\"Radio Mo\u00e7ambique\",\"@id\":\"https:\/\/www.pressenza.com\/pt-pt\/#\/schema\/person\/621b040c6493b3c28792a340f46a3c79\"},\"headline\":\"&#8220;Africanist\u00e3o&#8221; : interven\u00e7\u00e3o militar no Mali pode ocorrer em breve\",\"datePublished\":\"2012-10-16T23:41:40+00:00\",\"dateModified\":\"2012-10-16T23:42:57+00:00\",\"mainEntityOfPage\":{\"@id\":\"https:\/\/www.pressenza.com\/pt-pt\/2012\/10\/africanistao-intervencao-militar-no-mail-pode-ocorrer-em-breve\/\"},\"wordCount\":427,\"publisher\":{\"@id\":\"https:\/\/www.pressenza.com\/pt-pt\/#organization\"},\"image\":{\"@id\":\"https:\/\/www.pressenza.com\/pt-pt\/2012\/10\/africanistao-intervencao-militar-no-mail-pode-ocorrer-em-breve\/#primaryimage\"},\"thumbnailUrl\":\"https:\/\/www.pressenza.com\/wp-content\/uploads\/assets\/8d415378cb2d3392126eaad4a38415d33781e1f1.png\",\"articleSection\":[\"Africa\",\"Assuntos internacionais\",\"Internacional\",\"Pol\u00edtica\"],\"inLanguage\":\"pt-PT\"},{\"@type\":\"WebPage\",\"@id\":\"https:\/\/www.pressenza.com\/pt-pt\/2012\/10\/africanistao-intervencao-militar-no-mail-pode-ocorrer-em-breve\/\",\"url\":\"https:\/\/www.pressenza.com\/pt-pt\/2012\/10\/africanistao-intervencao-militar-no-mail-pode-ocorrer-em-breve\/\",\"name\":\"\\\"Africanist\u00e3o\\\" : interven\u00e7\u00e3o militar no Mali pode ocorrer em breve\",\"isPartOf\":{\"@id\":\"https:\/\/www.pressenza.com\/pt-pt\/#website\"},\"primaryImageOfPage\":{\"@id\":\"https:\/\/www.pressenza.com\/pt-pt\/2012\/10\/africanistao-intervencao-militar-no-mail-pode-ocorrer-em-breve\/#primaryimage\"},\"image\":{\"@id\":\"https:\/\/www.pressenza.com\/pt-pt\/2012\/10\/africanistao-intervencao-militar-no-mail-pode-ocorrer-em-breve\/#primaryimage\"},\"thumbnailUrl\":\"https:\/\/www.pressenza.com\/wp-content\/uploads\/assets\/8d415378cb2d3392126eaad4a38415d33781e1f1.png\",\"datePublished\":\"2012-10-16T23:41:40+00:00\",\"dateModified\":\"2012-10-16T23:42:57+00:00\",\"description\":\"O Mali, pa\u00eds africano no Deserto do Sahara, vive a expectativa de interven\u00e7\u00e3o de uma For\u00e7a de Paz da Organiza\u00e7\u00e3o das Na\u00e7\u00f5es Unidas (ONU) para combater os\",\"breadcrumb\":{\"@id\":\"https:\/\/www.pressenza.com\/pt-pt\/2012\/10\/africanistao-intervencao-militar-no-mail-pode-ocorrer-em-breve\/#breadcrumb\"},\"inLanguage\":\"pt-PT\",\"potentialAction\":[{\"@type\":\"ReadAction\",\"target\":[\"https:\/\/www.pressenza.com\/pt-pt\/2012\/10\/africanistao-intervencao-militar-no-mail-pode-ocorrer-em-breve\/\"]}]},{\"@type\":\"ImageObject\",\"inLanguage\":\"pt-PT\",\"@id\":\"https:\/\/www.pressenza.com\/pt-pt\/2012\/10\/africanistao-intervencao-militar-no-mail-pode-ocorrer-em-breve\/#primaryimage\",\"url\":\"https:\/\/www.pressenza.com\/wp-content\/uploads\/assets\/8d415378cb2d3392126eaad4a38415d33781e1f1.png\",\"contentUrl\":\"https:\/\/www.pressenza.com\/wp-content\/uploads\/assets\/8d415378cb2d3392126eaad4a38415d33781e1f1.png\",\"caption\":\"Coup in Mali, Marzo de 2012\"},{\"@type\":\"BreadcrumbList\",\"@id\":\"https:\/\/www.pressenza.com\/pt-pt\/2012\/10\/africanistao-intervencao-militar-no-mail-pode-ocorrer-em-breve\/#breadcrumb\",\"itemListElement\":[{\"@type\":\"ListItem\",\"position\":1,\"name\":\"Accueil\",\"item\":\"https:\/\/www.pressenza.com\/pt-pt\/\"},{\"@type\":\"ListItem\",\"position\":2,\"name\":\"&#8220;Africanist\u00e3o&#8221; : interven\u00e7\u00e3o militar no Mali pode ocorrer em breve\"}]},{\"@type\":\"WebSite\",\"@id\":\"https:\/\/www.pressenza.com\/pt-pt\/#website\",\"url\":\"https:\/\/www.pressenza.com\/pt-pt\/\",\"name\":\"Pressenza\",\"description\":\"International Press Agency\",\"publisher\":{\"@id\":\"https:\/\/www.pressenza.com\/pt-pt\/#organization\"},\"potentialAction\":[{\"@type\":\"SearchAction\",\"target\":{\"@type\":\"EntryPoint\",\"urlTemplate\":\"https:\/\/www.pressenza.com\/pt-pt\/?s={search_term_string}\"},\"query-input\":{\"@type\":\"PropertyValueSpecification\",\"valueRequired\":true,\"valueName\":\"search_term_string\"}}],\"inLanguage\":\"pt-PT\"},{\"@type\":\"Organization\",\"@id\":\"https:\/\/www.pressenza.com\/pt-pt\/#organization\",\"name\":\"Pressenza\",\"url\":\"https:\/\/www.pressenza.com\/pt-pt\/\",\"logo\":{\"@type\":\"ImageObject\",\"inLanguage\":\"pt-PT\",\"@id\":\"https:\/\/www.pressenza.com\/pt-pt\/#\/schema\/logo\/image\/\",\"url\":\"https:\/\/www.pressenza.com\/wp-content\/uploads\/2022\/10\/pressenza_logo_200x200.jpg\",\"contentUrl\":\"https:\/\/www.pressenza.com\/wp-content\/uploads\/2022\/10\/pressenza_logo_200x200.jpg\",\"width\":200,\"height\":200,\"caption\":\"Pressenza\"},\"image\":{\"@id\":\"https:\/\/www.pressenza.com\/pt-pt\/#\/schema\/logo\/image\/\"},\"sameAs\":[\"https:\/\/www.facebook.com\/PressenzaItalia\",\"https:\/\/x.com\/PressenzaIPA\"]},{\"@type\":\"Person\",\"@id\":\"https:\/\/www.pressenza.com\/pt-pt\/#\/schema\/person\/621b040c6493b3c28792a340f46a3c79\",\"name\":\"Radio Mo\u00e7ambique\",\"url\":\"https:\/\/www.pressenza.com\/pt-pt\/author\/radio-mocambique\/\"}]}<\/script>\n<!-- \/ Yoast SEO plugin. -->","yoast_head_json":{"title":"\"Africanist\u00e3o\" : interven\u00e7\u00e3o militar no Mali pode ocorrer em breve","description":"O Mali, pa\u00eds africano no Deserto do Sahara, vive a expectativa de interven\u00e7\u00e3o de uma For\u00e7a de Paz da Organiza\u00e7\u00e3o das Na\u00e7\u00f5es Unidas (ONU) para combater os","robots":{"index":"index","follow":"follow","max-snippet":"max-snippet:-1","max-image-preview":"max-image-preview:large","max-video-preview":"max-video-preview:-1"},"canonical":"https:\/\/www.pressenza.com\/pt-pt\/2012\/10\/africanistao-intervencao-militar-no-mail-pode-ocorrer-em-breve\/","og_locale":"pt_PT","og_type":"article","og_title":"\"Africanist\u00e3o\" : interven\u00e7\u00e3o militar no Mali pode ocorrer em breve","og_description":"O Mali, pa\u00eds africano no Deserto do Sahara, vive a expectativa de interven\u00e7\u00e3o de uma For\u00e7a de Paz da Organiza\u00e7\u00e3o das Na\u00e7\u00f5es Unidas (ONU) para combater os","og_url":"https:\/\/www.pressenza.com\/pt-pt\/2012\/10\/africanistao-intervencao-militar-no-mail-pode-ocorrer-em-breve\/","og_site_name":"Pressenza","article_publisher":"https:\/\/www.facebook.com\/PressenzaItalia","article_published_time":"2012-10-16T23:41:40+00:00","article_modified_time":"2012-10-16T23:42:57+00:00","og_image":[{"url":"https:\/\/www.pressenza.com\/wp-content\/uploads\/assets\/8d415378cb2d3392126eaad4a38415d33781e1f1.png","width":1,"height":1,"type":"image\/png"}],"author":"Radio Mo\u00e7ambique","twitter_card":"summary_large_image","twitter_creator":"@PressenzaIPA","twitter_site":"@PressenzaIPA","twitter_misc":{"Escrito por":"Radio Mo\u00e7ambique","Tempo estimado de leitura":"2 minutos"},"schema":{"@context":"https:\/\/schema.org","@graph":[{"@type":"Article","@id":"https:\/\/www.pressenza.com\/pt-pt\/2012\/10\/africanistao-intervencao-militar-no-mail-pode-ocorrer-em-breve\/#article","isPartOf":{"@id":"https:\/\/www.pressenza.com\/pt-pt\/2012\/10\/africanistao-intervencao-militar-no-mail-pode-ocorrer-em-breve\/"},"author":{"name":"Radio Mo\u00e7ambique","@id":"https:\/\/www.pressenza.com\/pt-pt\/#\/schema\/person\/621b040c6493b3c28792a340f46a3c79"},"headline":"&#8220;Africanist\u00e3o&#8221; : interven\u00e7\u00e3o militar no Mali pode ocorrer em breve","datePublished":"2012-10-16T23:41:40+00:00","dateModified":"2012-10-16T23:42:57+00:00","mainEntityOfPage":{"@id":"https:\/\/www.pressenza.com\/pt-pt\/2012\/10\/africanistao-intervencao-militar-no-mail-pode-ocorrer-em-breve\/"},"wordCount":427,"publisher":{"@id":"https:\/\/www.pressenza.com\/pt-pt\/#organization"},"image":{"@id":"https:\/\/www.pressenza.com\/pt-pt\/2012\/10\/africanistao-intervencao-militar-no-mail-pode-ocorrer-em-breve\/#primaryimage"},"thumbnailUrl":"https:\/\/www.pressenza.com\/wp-content\/uploads\/assets\/8d415378cb2d3392126eaad4a38415d33781e1f1.png","articleSection":["Africa","Assuntos internacionais","Internacional","Pol\u00edtica"],"inLanguage":"pt-PT"},{"@type":"WebPage","@id":"https:\/\/www.pressenza.com\/pt-pt\/2012\/10\/africanistao-intervencao-militar-no-mail-pode-ocorrer-em-breve\/","url":"https:\/\/www.pressenza.com\/pt-pt\/2012\/10\/africanistao-intervencao-militar-no-mail-pode-ocorrer-em-breve\/","name":"\"Africanist\u00e3o\" : interven\u00e7\u00e3o militar no Mali pode ocorrer em breve","isPartOf":{"@id":"https:\/\/www.pressenza.com\/pt-pt\/#website"},"primaryImageOfPage":{"@id":"https:\/\/www.pressenza.com\/pt-pt\/2012\/10\/africanistao-intervencao-militar-no-mail-pode-ocorrer-em-breve\/#primaryimage"},"image":{"@id":"https:\/\/www.pressenza.com\/pt-pt\/2012\/10\/africanistao-intervencao-militar-no-mail-pode-ocorrer-em-breve\/#primaryimage"},"thumbnailUrl":"https:\/\/www.pressenza.com\/wp-content\/uploads\/assets\/8d415378cb2d3392126eaad4a38415d33781e1f1.png","datePublished":"2012-10-16T23:41:40+00:00","dateModified":"2012-10-16T23:42:57+00:00","description":"O Mali, pa\u00eds africano no Deserto do Sahara, vive a expectativa de interven\u00e7\u00e3o de uma For\u00e7a de Paz da Organiza\u00e7\u00e3o das Na\u00e7\u00f5es Unidas (ONU) para combater os","breadcrumb":{"@id":"https:\/\/www.pressenza.com\/pt-pt\/2012\/10\/africanistao-intervencao-militar-no-mail-pode-ocorrer-em-breve\/#breadcrumb"},"inLanguage":"pt-PT","potentialAction":[{"@type":"ReadAction","target":["https:\/\/www.pressenza.com\/pt-pt\/2012\/10\/africanistao-intervencao-militar-no-mail-pode-ocorrer-em-breve\/"]}]},{"@type":"ImageObject","inLanguage":"pt-PT","@id":"https:\/\/www.pressenza.com\/pt-pt\/2012\/10\/africanistao-intervencao-militar-no-mail-pode-ocorrer-em-breve\/#primaryimage","url":"https:\/\/www.pressenza.com\/wp-content\/uploads\/assets\/8d415378cb2d3392126eaad4a38415d33781e1f1.png","contentUrl":"https:\/\/www.pressenza.com\/wp-content\/uploads\/assets\/8d415378cb2d3392126eaad4a38415d33781e1f1.png","caption":"Coup in Mali, Marzo de 2012"},{"@type":"BreadcrumbList","@id":"https:\/\/www.pressenza.com\/pt-pt\/2012\/10\/africanistao-intervencao-militar-no-mail-pode-ocorrer-em-breve\/#breadcrumb","itemListElement":[{"@type":"ListItem","position":1,"name":"Accueil","item":"https:\/\/www.pressenza.com\/pt-pt\/"},{"@type":"ListItem","position":2,"name":"&#8220;Africanist\u00e3o&#8221; : interven\u00e7\u00e3o militar no Mali pode ocorrer em breve"}]},{"@type":"WebSite","@id":"https:\/\/www.pressenza.com\/pt-pt\/#website","url":"https:\/\/www.pressenza.com\/pt-pt\/","name":"Pressenza","description":"International Press Agency","publisher":{"@id":"https:\/\/www.pressenza.com\/pt-pt\/#organization"},"potentialAction":[{"@type":"SearchAction","target":{"@type":"EntryPoint","urlTemplate":"https:\/\/www.pressenza.com\/pt-pt\/?s={search_term_string}"},"query-input":{"@type":"PropertyValueSpecification","valueRequired":true,"valueName":"search_term_string"}}],"inLanguage":"pt-PT"},{"@type":"Organization","@id":"https:\/\/www.pressenza.com\/pt-pt\/#organization","name":"Pressenza","url":"https:\/\/www.pressenza.com\/pt-pt\/","logo":{"@type":"ImageObject","inLanguage":"pt-PT","@id":"https:\/\/www.pressenza.com\/pt-pt\/#\/schema\/logo\/image\/","url":"https:\/\/www.pressenza.com\/wp-content\/uploads\/2022\/10\/pressenza_logo_200x200.jpg","contentUrl":"https:\/\/www.pressenza.com\/wp-content\/uploads\/2022\/10\/pressenza_logo_200x200.jpg","width":200,"height":200,"caption":"Pressenza"},"image":{"@id":"https:\/\/www.pressenza.com\/pt-pt\/#\/schema\/logo\/image\/"},"sameAs":["https:\/\/www.facebook.com\/PressenzaItalia","https:\/\/x.com\/PressenzaIPA"]},{"@type":"Person","@id":"https:\/\/www.pressenza.com\/pt-pt\/#\/schema\/person\/621b040c6493b3c28792a340f46a3c79","name":"Radio Mo\u00e7ambique","url":"https:\/\/www.pressenza.com\/pt-pt\/author\/radio-mocambique\/"}]}},"place":"","original_article_url":"","_links":{"self":[{"href":"https:\/\/www.pressenza.com\/pt-pt\/wp-json\/wp\/v2\/posts\/20425","targetHints":{"allow":["GET"]}}],"collection":[{"href":"https:\/\/www.pressenza.com\/pt-pt\/wp-json\/wp\/v2\/posts"}],"about":[{"href":"https:\/\/www.pressenza.com\/pt-pt\/wp-json\/wp\/v2\/types\/post"}],"author":[{"embeddable":true,"href":"https:\/\/www.pressenza.com\/pt-pt\/wp-json\/wp\/v2\/users\/839"}],"replies":[{"embeddable":true,"href":"https:\/\/www.pressenza.com\/pt-pt\/wp-json\/wp\/v2\/comments?post=20425"}],"version-history":[{"count":0,"href":"https:\/\/www.pressenza.com\/pt-pt\/wp-json\/wp\/v2\/posts\/20425\/revisions"}],"wp:featuredmedia":[{"embeddable":true,"href":"https:\/\/www.pressenza.com\/pt-pt\/wp-json\/wp\/v2\/media\/13404"}],"wp:attachment":[{"href":"https:\/\/www.pressenza.com\/pt-pt\/wp-json\/wp\/v2\/media?parent=20425"}],"wp:term":[{"taxonomy":"category","embeddable":true,"href":"https:\/\/www.pressenza.com\/pt-pt\/wp-json\/wp\/v2\/categories?post=20425"},{"taxonomy":"post_tag","embeddable":true,"href":"https:\/\/www.pressenza.com\/pt-pt\/wp-json\/wp\/v2\/tags?post=20425"}],"curies":[{"name":"wp","href":"https:\/\/api.w.org\/{rel}","templated":true}]}}