{"id":19707,"date":"2012-10-10T16:54:48","date_gmt":"2012-10-10T16:54:48","guid":{"rendered":"http:\/\/www.pressenza.com\/?p=19707"},"modified":"2012-12-15T21:25:56","modified_gmt":"2012-12-15T21:25:56","slug":"brasil-registra-avancos-no-combate-a-fome-programas-sociais-sao-referencia-internacional","status":"publish","type":"post","link":"https:\/\/www.pressenza.com\/pt-pt\/2012\/10\/brasil-registra-avancos-no-combate-a-fome-programas-sociais-sao-referencia-internacional\/","title":{"rendered":"Brasil registra avan\u00e7os no combate \u00e0 fome; programas sociais s\u00e3o refer\u00eancia internacional"},"content":{"rendered":"<p>Os n\u00fameros de pessoas que passam fome ou sofrem de desnutri\u00e7\u00e3o no Brasil, em Angola (\u00c1frica) e em Mo\u00e7ambique (\u00c1frica), pa\u00edses de l\u00edngua portuguesa, ca\u00edram no per\u00edodo de 1990 a 2012. A conclus\u00e3o est\u00e1 no relat\u00f3rio\u00a0<a href=\"http:\/\/www.fao.org\/publications\/sofi\/es\/\" target=\"_blank\"><em>Estado da Inseguran\u00e7a Alimentar no Mundo 2012<\/em>\u00a0<\/a>(cuja sigla em ingl\u00eas \u00e9\u00a0<em>Sofi<\/em>), divulgado hoje (9), em Roma, na It\u00e1lia.<\/p>\n<p>Pelos dados do relat\u00f3rio, o Brasil conseguiu reduzir de 14,9%, no per\u00edodo de 1990 a 1992, para 6,9%, nos anos de 2010 a 2012, o percentual de subnutridos. No pa\u00eds, cerca de 13 milh\u00f5es de pessoas passam fome ou sofrem com desnutri\u00e7\u00e3o. Os programas sociais desenvolvidos pelo governo brasileiro em parceria com os governos estaduais e municipais, al\u00e9m da iniciativa privada, foram elogiados no documento.<\/p>\n<p>O Programa Bolsa Fam\u00edlia \u00e9 uma refer\u00eancia, segundo o relat\u00f3rio. Para os especialistas, o Bolsa Fam\u00edlia \u00e9 um instrumento positivo para promover a capacita\u00e7\u00e3o econ\u00f4mica das comunidades. H\u00e1 elogios tamb\u00e9m ao sistema adotado pela prefeitura de Belo Horizonte (Minas Gerais) de combate \u00e0 fome na periferia da cidade.<\/p>\n<p>Em Angola, houve registros de melhora. Os percentuais ca\u00edram de 63,9%, de 1990 a 1992, para 27,4%, de 2010 a 2012. Cerca de 5 milh\u00f5es de pessoas s\u00e3o consideradas subnutridas ou passam fome no pa\u00eds. Mas em Mo\u00e7ambique os resultados s\u00e3o considerados pouco positivos, pois a queda foi menor \u2013 de 57,1%, de 1990 a 1992, para 39,2%, de 2010 a 2012.<\/p>\n<p>No per\u00edodo de 1990 a 2012, \u00c1frica \u00e9 o \u00fanico continente que registrou aumento no n\u00famero de pessoas que passam fome ou sofrem com a desnutri\u00e7\u00e3o. O relat\u00f3rio diz que h\u00e1 aproximadamente 239 milh\u00f5es l\u00e1. A Am\u00e9rica Latina e o Caribe registraram progressos, reduzindo o n\u00famero de pessoas com fome de 65 milh\u00f5es para 49 milh\u00f5es, no per\u00edodo de 1990 a 2012.<\/p>\n","protected":false},"excerpt":{"rendered":"<p>Os n\u00fameros de pessoas que passam fome ou sofrem de desnutri\u00e7\u00e3o no Brasil, em Angola (\u00c1frica) e em Mo\u00e7ambique (\u00c1frica), pa\u00edses de l\u00edngua portuguesa, ca\u00edram no per\u00edodo de 1990 a 2012. A conclus\u00e3o est\u00e1 no relat\u00f3rio\u00a0Estado da Inseguran\u00e7a Alimentar no&hellip;<\/p>\n","protected":false},"author":640,"featured_media":20208,"comment_status":"closed","ping_status":"open","sticky":false,"template":"","format":"standard","meta":{"footnotes":""},"categories":[104,118],"tags":[815],"class_list":["post-19707","post","type-post","status-publish","format-standard","has-post-thumbnail","hentry","category-america-do-sul","category-economia-pt-pt","tag-pobreza"],"yoast_head":"<!-- This site is optimized with the Yoast SEO plugin v27.1.1 - https:\/\/yoast.com\/product\/yoast-seo-wordpress\/ -->\n<title>Brasil registra avan\u00e7os no combate \u00e0 fome; programas sociais s\u00e3o refer\u00eancia internacional<\/title>\n<meta name=\"description\" content=\"Os n\u00fameros de pessoas que passam fome ou sofrem de desnutri\u00e7\u00e3o no Brasil, em Angola (\u00c1frica) e em Mo\u00e7ambique (\u00c1frica), pa\u00edses de l\u00edngua portuguesa, ca\u00edram\" \/>\n<meta name=\"robots\" content=\"index, follow, max-snippet:-1, max-image-preview:large, max-video-preview:-1\" \/>\n<link rel=\"canonical\" href=\"https:\/\/www.pressenza.com\/pt-pt\/2012\/10\/brasil-registra-avancos-no-combate-a-fome-programas-sociais-sao-referencia-internacional\/\" \/>\n<meta property=\"og:locale\" content=\"pt_PT\" \/>\n<meta property=\"og:type\" content=\"article\" \/>\n<meta property=\"og:title\" content=\"Brasil registra avan\u00e7os no combate \u00e0 fome; programas sociais s\u00e3o refer\u00eancia internacional\" \/>\n<meta property=\"og:description\" content=\"Os n\u00fameros de pessoas que passam fome ou sofrem de desnutri\u00e7\u00e3o no Brasil, em Angola (\u00c1frica) e em Mo\u00e7ambique (\u00c1frica), pa\u00edses de l\u00edngua portuguesa, ca\u00edram\" \/>\n<meta property=\"og:url\" content=\"https:\/\/www.pressenza.com\/pt-pt\/2012\/10\/brasil-registra-avancos-no-combate-a-fome-programas-sociais-sao-referencia-internacional\/\" \/>\n<meta property=\"og:site_name\" content=\"Pressenza\" \/>\n<meta property=\"article:publisher\" content=\"https:\/\/www.facebook.com\/PressenzaItalia\" \/>\n<meta property=\"article:author\" content=\"https:\/\/www.facebook.com\/AgenciasUlan\" \/>\n<meta property=\"article:published_time\" content=\"2012-10-10T16:54:48+00:00\" \/>\n<meta property=\"article:modified_time\" content=\"2012-12-15T21:25:56+00:00\" \/>\n<meta property=\"og:image\" content=\"https:\/\/www.pressenza.com\/wp-content\/uploads\/2012\/10\/ARAFOTO4DSC0173.jpg\" \/>\n\t<meta property=\"og:image:width\" content=\"300\" \/>\n\t<meta property=\"og:image:height\" content=\"225\" \/>\n\t<meta property=\"og:image:type\" content=\"image\/jpeg\" \/>\n<meta name=\"author\" content=\"Uni\u00f3n Latinoamericana de Agencias de Noticias\" \/>\n<meta name=\"twitter:card\" content=\"summary_large_image\" \/>\n<meta name=\"twitter:creator\" content=\"@agenciasulan\" \/>\n<meta name=\"twitter:site\" content=\"@PressenzaIPA\" \/>\n<meta name=\"twitter:label1\" content=\"Escrito por\" \/>\n\t<meta name=\"twitter:data1\" content=\"Uni\u00f3n Latinoamericana de Agencias de Noticias\" \/>\n\t<meta name=\"twitter:label2\" content=\"Tempo estimado de leitura\" \/>\n\t<meta name=\"twitter:data2\" content=\"1 minuto\" \/>\n<script type=\"application\/ld+json\" class=\"yoast-schema-graph\">{\"@context\":\"https:\/\/schema.org\",\"@graph\":[{\"@type\":\"Article\",\"@id\":\"https:\/\/www.pressenza.com\/pt-pt\/2012\/10\/brasil-registra-avancos-no-combate-a-fome-programas-sociais-sao-referencia-internacional\/#article\",\"isPartOf\":{\"@id\":\"https:\/\/www.pressenza.com\/pt-pt\/2012\/10\/brasil-registra-avancos-no-combate-a-fome-programas-sociais-sao-referencia-internacional\/\"},\"author\":{\"name\":\"Uni\u00f3n Latinoamericana de Agencias de Noticias\",\"@id\":\"https:\/\/www.pressenza.com\/pt-pt\/#\/schema\/person\/a9efe8d7b19eb4689fcbcb71bc21dba6\"},\"headline\":\"Brasil registra avan\u00e7os no combate \u00e0 fome; programas sociais s\u00e3o refer\u00eancia internacional\",\"datePublished\":\"2012-10-10T16:54:48+00:00\",\"dateModified\":\"2012-12-15T21:25:56+00:00\",\"mainEntityOfPage\":{\"@id\":\"https:\/\/www.pressenza.com\/pt-pt\/2012\/10\/brasil-registra-avancos-no-combate-a-fome-programas-sociais-sao-referencia-internacional\/\"},\"wordCount\":311,\"publisher\":{\"@id\":\"https:\/\/www.pressenza.com\/pt-pt\/#organization\"},\"image\":{\"@id\":\"https:\/\/www.pressenza.com\/pt-pt\/2012\/10\/brasil-registra-avancos-no-combate-a-fome-programas-sociais-sao-referencia-internacional\/#primaryimage\"},\"thumbnailUrl\":\"https:\/\/www.pressenza.com\/wp-content\/uploads\/2012\/10\/ARAFOTO4DSC0173.jpg\",\"keywords\":[\"Pobreza\"],\"articleSection\":[\"\u00c1m\u00e9rica do Sul\",\"Economia\"],\"inLanguage\":\"pt-PT\"},{\"@type\":\"WebPage\",\"@id\":\"https:\/\/www.pressenza.com\/pt-pt\/2012\/10\/brasil-registra-avancos-no-combate-a-fome-programas-sociais-sao-referencia-internacional\/\",\"url\":\"https:\/\/www.pressenza.com\/pt-pt\/2012\/10\/brasil-registra-avancos-no-combate-a-fome-programas-sociais-sao-referencia-internacional\/\",\"name\":\"Brasil registra avan\u00e7os no combate \u00e0 fome; programas sociais s\u00e3o refer\u00eancia internacional\",\"isPartOf\":{\"@id\":\"https:\/\/www.pressenza.com\/pt-pt\/#website\"},\"primaryImageOfPage\":{\"@id\":\"https:\/\/www.pressenza.com\/pt-pt\/2012\/10\/brasil-registra-avancos-no-combate-a-fome-programas-sociais-sao-referencia-internacional\/#primaryimage\"},\"image\":{\"@id\":\"https:\/\/www.pressenza.com\/pt-pt\/2012\/10\/brasil-registra-avancos-no-combate-a-fome-programas-sociais-sao-referencia-internacional\/#primaryimage\"},\"thumbnailUrl\":\"https:\/\/www.pressenza.com\/wp-content\/uploads\/2012\/10\/ARAFOTO4DSC0173.jpg\",\"datePublished\":\"2012-10-10T16:54:48+00:00\",\"dateModified\":\"2012-12-15T21:25:56+00:00\",\"description\":\"Os n\u00fameros de pessoas que passam fome ou sofrem de desnutri\u00e7\u00e3o no Brasil, em Angola (\u00c1frica) e em Mo\u00e7ambique (\u00c1frica), pa\u00edses de l\u00edngua portuguesa, ca\u00edram\",\"breadcrumb\":{\"@id\":\"https:\/\/www.pressenza.com\/pt-pt\/2012\/10\/brasil-registra-avancos-no-combate-a-fome-programas-sociais-sao-referencia-internacional\/#breadcrumb\"},\"inLanguage\":\"pt-PT\",\"potentialAction\":[{\"@type\":\"ReadAction\",\"target\":[\"https:\/\/www.pressenza.com\/pt-pt\/2012\/10\/brasil-registra-avancos-no-combate-a-fome-programas-sociais-sao-referencia-internacional\/\"]}]},{\"@type\":\"ImageObject\",\"inLanguage\":\"pt-PT\",\"@id\":\"https:\/\/www.pressenza.com\/pt-pt\/2012\/10\/brasil-registra-avancos-no-combate-a-fome-programas-sociais-sao-referencia-internacional\/#primaryimage\",\"url\":\"https:\/\/www.pressenza.com\/wp-content\/uploads\/2012\/10\/ARAFOTO4DSC0173.jpg\",\"contentUrl\":\"https:\/\/www.pressenza.com\/wp-content\/uploads\/2012\/10\/ARAFOTO4DSC0173.jpg\",\"width\":\"300\",\"height\":\"225\"},{\"@type\":\"BreadcrumbList\",\"@id\":\"https:\/\/www.pressenza.com\/pt-pt\/2012\/10\/brasil-registra-avancos-no-combate-a-fome-programas-sociais-sao-referencia-internacional\/#breadcrumb\",\"itemListElement\":[{\"@type\":\"ListItem\",\"position\":1,\"name\":\"Accueil\",\"item\":\"https:\/\/www.pressenza.com\/pt-pt\/\"},{\"@type\":\"ListItem\",\"position\":2,\"name\":\"Brasil registra avan\u00e7os no combate \u00e0 fome; programas sociais s\u00e3o refer\u00eancia internacional\"}]},{\"@type\":\"WebSite\",\"@id\":\"https:\/\/www.pressenza.com\/pt-pt\/#website\",\"url\":\"https:\/\/www.pressenza.com\/pt-pt\/\",\"name\":\"Pressenza\",\"description\":\"International Press Agency\",\"publisher\":{\"@id\":\"https:\/\/www.pressenza.com\/pt-pt\/#organization\"},\"potentialAction\":[{\"@type\":\"SearchAction\",\"target\":{\"@type\":\"EntryPoint\",\"urlTemplate\":\"https:\/\/www.pressenza.com\/pt-pt\/?s={search_term_string}\"},\"query-input\":{\"@type\":\"PropertyValueSpecification\",\"valueRequired\":true,\"valueName\":\"search_term_string\"}}],\"inLanguage\":\"pt-PT\"},{\"@type\":\"Organization\",\"@id\":\"https:\/\/www.pressenza.com\/pt-pt\/#organization\",\"name\":\"Pressenza\",\"url\":\"https:\/\/www.pressenza.com\/pt-pt\/\",\"logo\":{\"@type\":\"ImageObject\",\"inLanguage\":\"pt-PT\",\"@id\":\"https:\/\/www.pressenza.com\/pt-pt\/#\/schema\/logo\/image\/\",\"url\":\"https:\/\/www.pressenza.com\/wp-content\/uploads\/2022\/10\/pressenza_logo_200x200.jpg\",\"contentUrl\":\"https:\/\/www.pressenza.com\/wp-content\/uploads\/2022\/10\/pressenza_logo_200x200.jpg\",\"width\":200,\"height\":200,\"caption\":\"Pressenza\"},\"image\":{\"@id\":\"https:\/\/www.pressenza.com\/pt-pt\/#\/schema\/logo\/image\/\"},\"sameAs\":[\"https:\/\/www.facebook.com\/PressenzaItalia\",\"https:\/\/x.com\/PressenzaIPA\"]},{\"@type\":\"Person\",\"@id\":\"https:\/\/www.pressenza.com\/pt-pt\/#\/schema\/person\/a9efe8d7b19eb4689fcbcb71bc21dba6\",\"name\":\"Uni\u00f3n Latinoamericana de Agencias de Noticias\",\"description\":\"Una asociaci\u00f3n supranacional que re\u00fane a las agencias de noticias de Am\u00e9rica Latina y el Caribe. agenciasulan.org\",\"sameAs\":[\"https:\/\/www.facebook.com\/AgenciasUlan\",\"https:\/\/x.com\/agenciasulan\"],\"url\":\"https:\/\/www.pressenza.com\/pt-pt\/author\/union-latinoamericana-de-agencias-de-noticias\/\"}]}<\/script>\n<!-- \/ Yoast SEO plugin. -->","yoast_head_json":{"title":"Brasil registra avan\u00e7os no combate \u00e0 fome; programas sociais s\u00e3o refer\u00eancia internacional","description":"Os n\u00fameros de pessoas que passam fome ou sofrem de desnutri\u00e7\u00e3o no Brasil, em Angola (\u00c1frica) e em Mo\u00e7ambique (\u00c1frica), pa\u00edses de l\u00edngua portuguesa, ca\u00edram","robots":{"index":"index","follow":"follow","max-snippet":"max-snippet:-1","max-image-preview":"max-image-preview:large","max-video-preview":"max-video-preview:-1"},"canonical":"https:\/\/www.pressenza.com\/pt-pt\/2012\/10\/brasil-registra-avancos-no-combate-a-fome-programas-sociais-sao-referencia-internacional\/","og_locale":"pt_PT","og_type":"article","og_title":"Brasil registra avan\u00e7os no combate \u00e0 fome; programas sociais s\u00e3o refer\u00eancia internacional","og_description":"Os n\u00fameros de pessoas que passam fome ou sofrem de desnutri\u00e7\u00e3o no Brasil, em Angola (\u00c1frica) e em Mo\u00e7ambique (\u00c1frica), pa\u00edses de l\u00edngua portuguesa, ca\u00edram","og_url":"https:\/\/www.pressenza.com\/pt-pt\/2012\/10\/brasil-registra-avancos-no-combate-a-fome-programas-sociais-sao-referencia-internacional\/","og_site_name":"Pressenza","article_publisher":"https:\/\/www.facebook.com\/PressenzaItalia","article_author":"https:\/\/www.facebook.com\/AgenciasUlan","article_published_time":"2012-10-10T16:54:48+00:00","article_modified_time":"2012-12-15T21:25:56+00:00","og_image":[{"width":300,"height":225,"url":"https:\/\/www.pressenza.com\/wp-content\/uploads\/2012\/10\/ARAFOTO4DSC0173.jpg","type":"image\/jpeg"}],"author":"Uni\u00f3n Latinoamericana de Agencias de Noticias","twitter_card":"summary_large_image","twitter_creator":"@agenciasulan","twitter_site":"@PressenzaIPA","twitter_misc":{"Escrito por":"Uni\u00f3n Latinoamericana de Agencias de Noticias","Tempo estimado de leitura":"1 minuto"},"schema":{"@context":"https:\/\/schema.org","@graph":[{"@type":"Article","@id":"https:\/\/www.pressenza.com\/pt-pt\/2012\/10\/brasil-registra-avancos-no-combate-a-fome-programas-sociais-sao-referencia-internacional\/#article","isPartOf":{"@id":"https:\/\/www.pressenza.com\/pt-pt\/2012\/10\/brasil-registra-avancos-no-combate-a-fome-programas-sociais-sao-referencia-internacional\/"},"author":{"name":"Uni\u00f3n Latinoamericana de Agencias de Noticias","@id":"https:\/\/www.pressenza.com\/pt-pt\/#\/schema\/person\/a9efe8d7b19eb4689fcbcb71bc21dba6"},"headline":"Brasil registra avan\u00e7os no combate \u00e0 fome; programas sociais s\u00e3o refer\u00eancia internacional","datePublished":"2012-10-10T16:54:48+00:00","dateModified":"2012-12-15T21:25:56+00:00","mainEntityOfPage":{"@id":"https:\/\/www.pressenza.com\/pt-pt\/2012\/10\/brasil-registra-avancos-no-combate-a-fome-programas-sociais-sao-referencia-internacional\/"},"wordCount":311,"publisher":{"@id":"https:\/\/www.pressenza.com\/pt-pt\/#organization"},"image":{"@id":"https:\/\/www.pressenza.com\/pt-pt\/2012\/10\/brasil-registra-avancos-no-combate-a-fome-programas-sociais-sao-referencia-internacional\/#primaryimage"},"thumbnailUrl":"https:\/\/www.pressenza.com\/wp-content\/uploads\/2012\/10\/ARAFOTO4DSC0173.jpg","keywords":["Pobreza"],"articleSection":["\u00c1m\u00e9rica do Sul","Economia"],"inLanguage":"pt-PT"},{"@type":"WebPage","@id":"https:\/\/www.pressenza.com\/pt-pt\/2012\/10\/brasil-registra-avancos-no-combate-a-fome-programas-sociais-sao-referencia-internacional\/","url":"https:\/\/www.pressenza.com\/pt-pt\/2012\/10\/brasil-registra-avancos-no-combate-a-fome-programas-sociais-sao-referencia-internacional\/","name":"Brasil registra avan\u00e7os no combate \u00e0 fome; programas sociais s\u00e3o refer\u00eancia internacional","isPartOf":{"@id":"https:\/\/www.pressenza.com\/pt-pt\/#website"},"primaryImageOfPage":{"@id":"https:\/\/www.pressenza.com\/pt-pt\/2012\/10\/brasil-registra-avancos-no-combate-a-fome-programas-sociais-sao-referencia-internacional\/#primaryimage"},"image":{"@id":"https:\/\/www.pressenza.com\/pt-pt\/2012\/10\/brasil-registra-avancos-no-combate-a-fome-programas-sociais-sao-referencia-internacional\/#primaryimage"},"thumbnailUrl":"https:\/\/www.pressenza.com\/wp-content\/uploads\/2012\/10\/ARAFOTO4DSC0173.jpg","datePublished":"2012-10-10T16:54:48+00:00","dateModified":"2012-12-15T21:25:56+00:00","description":"Os n\u00fameros de pessoas que passam fome ou sofrem de desnutri\u00e7\u00e3o no Brasil, em Angola (\u00c1frica) e em Mo\u00e7ambique (\u00c1frica), pa\u00edses de l\u00edngua portuguesa, ca\u00edram","breadcrumb":{"@id":"https:\/\/www.pressenza.com\/pt-pt\/2012\/10\/brasil-registra-avancos-no-combate-a-fome-programas-sociais-sao-referencia-internacional\/#breadcrumb"},"inLanguage":"pt-PT","potentialAction":[{"@type":"ReadAction","target":["https:\/\/www.pressenza.com\/pt-pt\/2012\/10\/brasil-registra-avancos-no-combate-a-fome-programas-sociais-sao-referencia-internacional\/"]}]},{"@type":"ImageObject","inLanguage":"pt-PT","@id":"https:\/\/www.pressenza.com\/pt-pt\/2012\/10\/brasil-registra-avancos-no-combate-a-fome-programas-sociais-sao-referencia-internacional\/#primaryimage","url":"https:\/\/www.pressenza.com\/wp-content\/uploads\/2012\/10\/ARAFOTO4DSC0173.jpg","contentUrl":"https:\/\/www.pressenza.com\/wp-content\/uploads\/2012\/10\/ARAFOTO4DSC0173.jpg","width":"300","height":"225"},{"@type":"BreadcrumbList","@id":"https:\/\/www.pressenza.com\/pt-pt\/2012\/10\/brasil-registra-avancos-no-combate-a-fome-programas-sociais-sao-referencia-internacional\/#breadcrumb","itemListElement":[{"@type":"ListItem","position":1,"name":"Accueil","item":"https:\/\/www.pressenza.com\/pt-pt\/"},{"@type":"ListItem","position":2,"name":"Brasil registra avan\u00e7os no combate \u00e0 fome; programas sociais s\u00e3o refer\u00eancia internacional"}]},{"@type":"WebSite","@id":"https:\/\/www.pressenza.com\/pt-pt\/#website","url":"https:\/\/www.pressenza.com\/pt-pt\/","name":"Pressenza","description":"International Press Agency","publisher":{"@id":"https:\/\/www.pressenza.com\/pt-pt\/#organization"},"potentialAction":[{"@type":"SearchAction","target":{"@type":"EntryPoint","urlTemplate":"https:\/\/www.pressenza.com\/pt-pt\/?s={search_term_string}"},"query-input":{"@type":"PropertyValueSpecification","valueRequired":true,"valueName":"search_term_string"}}],"inLanguage":"pt-PT"},{"@type":"Organization","@id":"https:\/\/www.pressenza.com\/pt-pt\/#organization","name":"Pressenza","url":"https:\/\/www.pressenza.com\/pt-pt\/","logo":{"@type":"ImageObject","inLanguage":"pt-PT","@id":"https:\/\/www.pressenza.com\/pt-pt\/#\/schema\/logo\/image\/","url":"https:\/\/www.pressenza.com\/wp-content\/uploads\/2022\/10\/pressenza_logo_200x200.jpg","contentUrl":"https:\/\/www.pressenza.com\/wp-content\/uploads\/2022\/10\/pressenza_logo_200x200.jpg","width":200,"height":200,"caption":"Pressenza"},"image":{"@id":"https:\/\/www.pressenza.com\/pt-pt\/#\/schema\/logo\/image\/"},"sameAs":["https:\/\/www.facebook.com\/PressenzaItalia","https:\/\/x.com\/PressenzaIPA"]},{"@type":"Person","@id":"https:\/\/www.pressenza.com\/pt-pt\/#\/schema\/person\/a9efe8d7b19eb4689fcbcb71bc21dba6","name":"Uni\u00f3n Latinoamericana de Agencias de Noticias","description":"Una asociaci\u00f3n supranacional que re\u00fane a las agencias de noticias de Am\u00e9rica Latina y el Caribe. agenciasulan.org","sameAs":["https:\/\/www.facebook.com\/AgenciasUlan","https:\/\/x.com\/agenciasulan"],"url":"https:\/\/www.pressenza.com\/pt-pt\/author\/union-latinoamericana-de-agencias-de-noticias\/"}]}},"place":"Brasilia","original_article_url":"","_links":{"self":[{"href":"https:\/\/www.pressenza.com\/pt-pt\/wp-json\/wp\/v2\/posts\/19707","targetHints":{"allow":["GET"]}}],"collection":[{"href":"https:\/\/www.pressenza.com\/pt-pt\/wp-json\/wp\/v2\/posts"}],"about":[{"href":"https:\/\/www.pressenza.com\/pt-pt\/wp-json\/wp\/v2\/types\/post"}],"author":[{"embeddable":true,"href":"https:\/\/www.pressenza.com\/pt-pt\/wp-json\/wp\/v2\/users\/640"}],"replies":[{"embeddable":true,"href":"https:\/\/www.pressenza.com\/pt-pt\/wp-json\/wp\/v2\/comments?post=19707"}],"version-history":[{"count":0,"href":"https:\/\/www.pressenza.com\/pt-pt\/wp-json\/wp\/v2\/posts\/19707\/revisions"}],"wp:featuredmedia":[{"embeddable":true,"href":"https:\/\/www.pressenza.com\/pt-pt\/wp-json\/wp\/v2\/media\/20208"}],"wp:attachment":[{"href":"https:\/\/www.pressenza.com\/pt-pt\/wp-json\/wp\/v2\/media?parent=19707"}],"wp:term":[{"taxonomy":"category","embeddable":true,"href":"https:\/\/www.pressenza.com\/pt-pt\/wp-json\/wp\/v2\/categories?post=19707"},{"taxonomy":"post_tag","embeddable":true,"href":"https:\/\/www.pressenza.com\/pt-pt\/wp-json\/wp\/v2\/tags?post=19707"}],"curies":[{"name":"wp","href":"https:\/\/api.w.org\/{rel}","templated":true}]}}