{"id":1899,"date":"2009-10-24T00:00:00","date_gmt":"2009-10-24T00:00:00","guid":{"rendered":""},"modified":"2009-10-27T02:24:59","modified_gmt":"2009-10-27T02:24:59","slug":"equipe-internacional-e-recebida-pela-fundacao-gorbachov-na-russia","status":"publish","type":"post","link":"https:\/\/www.pressenza.com\/pt-pt\/2009\/10\/equipe-internacional-e-recebida-pela-fundacao-gorbachov-na-russia\/","title":{"rendered":"Equipe internacional \u00e9 recebida pela Funda\u00e7\u00e3o Gorbachov na R\u00fassia"},"content":{"rendered":"<p>Durante uma visita altamente simb\u00f3lica para os integrantes da Marcha Mundial pela Paz e a N\u00e3o Viol\u00eancia em Moscou, os manifestantes receberam as boas vindas da Funda\u00e7\u00e3o Gorbachov. A entidade \u00e9 presidida pelo ex-chefe russo e Pr\u00eamio Nobel da Paz, Mikhail Gorbachov. Fundada por ele em 1992, atualmente, a entidade \u00e9 uma organiza\u00e7\u00e3o n\u00e3o-governamental que realiza estudos pol\u00edticos e s\u00f3cio-econ\u00f4micos. <\/p>\n<p>Desde 1993, Gorbachov \u00e9 tamb\u00e9m presidente da Cruz Verde Internacional \u2013 uma organiza\u00e7\u00e3o Independente Ambiental e Internacional com delega\u00e7\u00f5es nacionais em trinta pa\u00edses e que aderiu recentemente \u00e0 Marcha Mundial. <\/p>\n<p>Durante a tarde, a Equipe Internacional da marcha recebeu tamb\u00e9m as boas vindas de Boris Koval, da Academia Russa de Ci\u00eancias. Koval \u00e9 pesquisador do Instituto Latino-Americano e Membro do Movimento Humanista desde a d\u00e9cada de 90. <\/p>\n<p>Rafael de La Rubia falou sobre a import\u00e2ncia da presen\u00e7a da equipe base em Moscou, onde ele pr\u00f3prio fundou a associa\u00e7\u00e3o \u201cMundo sem guerras\u201d em 1994. Em seguida, ele elogiou os esfor\u00e7os do Governo Russo pelo progresso de negocia\u00e7\u00f5es eom a comunidade internacional a favor do desarmamento nuclear.<\/p>\n<p>Paradoxalmente, mais tarde, o grupo dos manifestantes da Marcha  foi interceptado na rua pela pol\u00edcia de Moscou que lhes ordenou que escondessem os cartazes da marcha nas suas jaquetas. Os integrantes da equipe n\u00e3o tiveram outra solu\u00e7\u00e3o a n\u00e3o ser virarem as jaquetas do avesso.<\/p>\n<p>Video in alta risoluzione:<br \/>\n[Video Mosca](http:\/\/videoforum.theworldmarch.org\/index.php?action=videos;sa=downfile;id=633)<\/p>\n<p>Tradu\u00e7\u00e3o: Gertrudes Mendon\u00e7a<\/p>\n","protected":false},"excerpt":{"rendered":"<p>Dezenas de membros da Marcha Mundial pela Paz e a N\u00e3o Viol\u00eancia foram recebidos pela diretora da Funda\u00e7\u00e3o Gorbachov, Olga Mikhailovna, em Moscou. O porta-voz da equipe, Rafael de La Rubia entregou o Manifesto pela Paz e N\u00e3o Viol\u00eancia, e falou sobre a import\u00e2ncia da passagem da marcha pela R\u00fassia, onde ele mesmo fundou a associa\u00e7\u00e3o \u201cMundo sem Guerras\u201d em 1994.<\/p>\n","protected":false},"author":160,"featured_media":0,"comment_status":"closed","ping_status":"open","sticky":false,"template":"","format":"standard","meta":{"footnotes":""},"categories":[113,103,42],"tags":[],"class_list":["post-1899","post","type-post","status-publish","format-standard","hentry","category-noticias-do-exterior","category-europa-pt-pt","category-internacional-2"],"yoast_head":"<!-- This site is optimized with the Yoast SEO plugin v27.1.1 - https:\/\/yoast.com\/product\/yoast-seo-wordpress\/ -->\n<title>Equipe internacional \u00e9 recebida pela Funda\u00e7\u00e3o Gorbachov na R\u00fassia<\/title>\n<meta name=\"description\" content=\"Dezenas de membros da Marcha Mundial pela Paz e a N\u00e3o Viol\u00eancia foram recebidos pela diretora da Funda\u00e7\u00e3o Gorbachov, Olga Mikhailovna, em Moscou. O porta-voz da equipe, Rafael de La Rubia entregou o Manifesto pela Paz e N\u00e3o Viol\u00eancia, e falou sobre a import\u00e2ncia da passagem da marcha pela R\u00fassia, onde ele mesmo fundou a associa\u00e7\u00e3o \u201cMundo sem Guerras\u201d em 1994.\" \/>\n<meta name=\"robots\" content=\"index, follow, max-snippet:-1, max-image-preview:large, max-video-preview:-1\" \/>\n<link rel=\"canonical\" href=\"https:\/\/www.pressenza.com\/pt-pt\/2009\/10\/equipe-internacional-e-recebida-pela-fundacao-gorbachov-na-russia\/\" \/>\n<meta property=\"og:locale\" content=\"pt_PT\" \/>\n<meta property=\"og:type\" content=\"article\" \/>\n<meta property=\"og:title\" content=\"Equipe internacional \u00e9 recebida pela Funda\u00e7\u00e3o Gorbachov na R\u00fassia\" \/>\n<meta property=\"og:description\" content=\"Dezenas de membros da Marcha Mundial pela Paz e a N\u00e3o Viol\u00eancia foram recebidos pela diretora da Funda\u00e7\u00e3o Gorbachov, Olga Mikhailovna, em Moscou. O porta-voz da equipe, Rafael de La Rubia entregou o Manifesto pela Paz e N\u00e3o Viol\u00eancia, e falou sobre a import\u00e2ncia da passagem da marcha pela R\u00fassia, onde ele mesmo fundou a associa\u00e7\u00e3o \u201cMundo sem Guerras\u201d em 1994.\" \/>\n<meta property=\"og:url\" content=\"https:\/\/www.pressenza.com\/pt-pt\/2009\/10\/equipe-internacional-e-recebida-pela-fundacao-gorbachov-na-russia\/\" \/>\n<meta property=\"og:site_name\" content=\"Pressenza\" \/>\n<meta property=\"article:publisher\" content=\"https:\/\/www.facebook.com\/PressenzaItalia\" \/>\n<meta property=\"article:published_time\" content=\"2009-10-24T00:00:00+00:00\" \/>\n<meta property=\"article:modified_time\" content=\"2009-10-27T02:24:59+00:00\" \/>\n<meta name=\"author\" content=\"Isabelle Bourgeois\" \/>\n<meta name=\"twitter:card\" content=\"summary_large_image\" \/>\n<meta name=\"twitter:creator\" content=\"@PressenzaIPA\" \/>\n<meta name=\"twitter:site\" content=\"@PressenzaIPA\" \/>\n<meta name=\"twitter:label1\" content=\"Escrito por\" \/>\n\t<meta name=\"twitter:data1\" content=\"Isabelle Bourgeois\" \/>\n\t<meta name=\"twitter:label2\" content=\"Tempo estimado de leitura\" \/>\n\t<meta name=\"twitter:data2\" content=\"1 minuto\" \/>\n<script type=\"application\/ld+json\" class=\"yoast-schema-graph\">{\"@context\":\"https:\/\/schema.org\",\"@graph\":[{\"@type\":\"Article\",\"@id\":\"https:\/\/www.pressenza.com\/pt-pt\/2009\/10\/equipe-internacional-e-recebida-pela-fundacao-gorbachov-na-russia\/#article\",\"isPartOf\":{\"@id\":\"https:\/\/www.pressenza.com\/pt-pt\/2009\/10\/equipe-internacional-e-recebida-pela-fundacao-gorbachov-na-russia\/\"},\"author\":{\"name\":\"Isabelle Bourgeois\",\"@id\":\"https:\/\/www.pressenza.com\/pt-pt\/#\/schema\/person\/9e54ee42414dd4e27f6f3ea6a31db857\"},\"headline\":\"Equipe internacional \u00e9 recebida pela Funda\u00e7\u00e3o Gorbachov na R\u00fassia\",\"datePublished\":\"2009-10-24T00:00:00+00:00\",\"dateModified\":\"2009-10-27T02:24:59+00:00\",\"mainEntityOfPage\":{\"@id\":\"https:\/\/www.pressenza.com\/pt-pt\/2009\/10\/equipe-internacional-e-recebida-pela-fundacao-gorbachov-na-russia\/\"},\"wordCount\":269,\"publisher\":{\"@id\":\"https:\/\/www.pressenza.com\/pt-pt\/#organization\"},\"articleSection\":[\"Assuntos internacionais\",\"Europa\",\"Internacional\"],\"inLanguage\":\"pt-PT\"},{\"@type\":\"WebPage\",\"@id\":\"https:\/\/www.pressenza.com\/pt-pt\/2009\/10\/equipe-internacional-e-recebida-pela-fundacao-gorbachov-na-russia\/\",\"url\":\"https:\/\/www.pressenza.com\/pt-pt\/2009\/10\/equipe-internacional-e-recebida-pela-fundacao-gorbachov-na-russia\/\",\"name\":\"Equipe internacional \u00e9 recebida pela Funda\u00e7\u00e3o Gorbachov na R\u00fassia\",\"isPartOf\":{\"@id\":\"https:\/\/www.pressenza.com\/pt-pt\/#website\"},\"datePublished\":\"2009-10-24T00:00:00+00:00\",\"dateModified\":\"2009-10-27T02:24:59+00:00\",\"description\":\"Dezenas de membros da Marcha Mundial pela Paz e a N\u00e3o Viol\u00eancia foram recebidos pela diretora da Funda\u00e7\u00e3o Gorbachov, Olga Mikhailovna, em Moscou. O porta-voz da equipe, Rafael de La Rubia entregou o Manifesto pela Paz e N\u00e3o Viol\u00eancia, e falou sobre a import\u00e2ncia da passagem da marcha pela R\u00fassia, onde ele mesmo fundou a associa\u00e7\u00e3o \u201cMundo sem Guerras\u201d em 1994.\",\"breadcrumb\":{\"@id\":\"https:\/\/www.pressenza.com\/pt-pt\/2009\/10\/equipe-internacional-e-recebida-pela-fundacao-gorbachov-na-russia\/#breadcrumb\"},\"inLanguage\":\"pt-PT\",\"potentialAction\":[{\"@type\":\"ReadAction\",\"target\":[\"https:\/\/www.pressenza.com\/pt-pt\/2009\/10\/equipe-internacional-e-recebida-pela-fundacao-gorbachov-na-russia\/\"]}]},{\"@type\":\"BreadcrumbList\",\"@id\":\"https:\/\/www.pressenza.com\/pt-pt\/2009\/10\/equipe-internacional-e-recebida-pela-fundacao-gorbachov-na-russia\/#breadcrumb\",\"itemListElement\":[{\"@type\":\"ListItem\",\"position\":1,\"name\":\"Accueil\",\"item\":\"https:\/\/www.pressenza.com\/pt-pt\/\"},{\"@type\":\"ListItem\",\"position\":2,\"name\":\"Equipe internacional \u00e9 recebida pela Funda\u00e7\u00e3o Gorbachov na R\u00fassia\"}]},{\"@type\":\"WebSite\",\"@id\":\"https:\/\/www.pressenza.com\/pt-pt\/#website\",\"url\":\"https:\/\/www.pressenza.com\/pt-pt\/\",\"name\":\"Pressenza\",\"description\":\"International Press Agency\",\"publisher\":{\"@id\":\"https:\/\/www.pressenza.com\/pt-pt\/#organization\"},\"potentialAction\":[{\"@type\":\"SearchAction\",\"target\":{\"@type\":\"EntryPoint\",\"urlTemplate\":\"https:\/\/www.pressenza.com\/pt-pt\/?s={search_term_string}\"},\"query-input\":{\"@type\":\"PropertyValueSpecification\",\"valueRequired\":true,\"valueName\":\"search_term_string\"}}],\"inLanguage\":\"pt-PT\"},{\"@type\":\"Organization\",\"@id\":\"https:\/\/www.pressenza.com\/pt-pt\/#organization\",\"name\":\"Pressenza\",\"url\":\"https:\/\/www.pressenza.com\/pt-pt\/\",\"logo\":{\"@type\":\"ImageObject\",\"inLanguage\":\"pt-PT\",\"@id\":\"https:\/\/www.pressenza.com\/pt-pt\/#\/schema\/logo\/image\/\",\"url\":\"https:\/\/www.pressenza.com\/wp-content\/uploads\/2022\/10\/pressenza_logo_200x200.jpg\",\"contentUrl\":\"https:\/\/www.pressenza.com\/wp-content\/uploads\/2022\/10\/pressenza_logo_200x200.jpg\",\"width\":200,\"height\":200,\"caption\":\"Pressenza\"},\"image\":{\"@id\":\"https:\/\/www.pressenza.com\/pt-pt\/#\/schema\/logo\/image\/\"},\"sameAs\":[\"https:\/\/www.facebook.com\/PressenzaItalia\",\"https:\/\/x.com\/PressenzaIPA\"]},{\"@type\":\"Person\",\"@id\":\"https:\/\/www.pressenza.com\/pt-pt\/#\/schema\/person\/9e54ee42414dd4e27f6f3ea6a31db857\",\"name\":\"Isabelle Bourgeois\",\"description\":\"Periodista suiza\",\"url\":\"https:\/\/www.pressenza.com\/pt-pt\/author\/isabelle-bourgeois\/\"}]}<\/script>\n<!-- \/ Yoast SEO plugin. -->","yoast_head_json":{"title":"Equipe internacional \u00e9 recebida pela Funda\u00e7\u00e3o Gorbachov na R\u00fassia","description":"Dezenas de membros da Marcha Mundial pela Paz e a N\u00e3o Viol\u00eancia foram recebidos pela diretora da Funda\u00e7\u00e3o Gorbachov, Olga Mikhailovna, em Moscou. O porta-voz da equipe, Rafael de La Rubia entregou o Manifesto pela Paz e N\u00e3o Viol\u00eancia, e falou sobre a import\u00e2ncia da passagem da marcha pela R\u00fassia, onde ele mesmo fundou a associa\u00e7\u00e3o \u201cMundo sem Guerras\u201d em 1994.","robots":{"index":"index","follow":"follow","max-snippet":"max-snippet:-1","max-image-preview":"max-image-preview:large","max-video-preview":"max-video-preview:-1"},"canonical":"https:\/\/www.pressenza.com\/pt-pt\/2009\/10\/equipe-internacional-e-recebida-pela-fundacao-gorbachov-na-russia\/","og_locale":"pt_PT","og_type":"article","og_title":"Equipe internacional \u00e9 recebida pela Funda\u00e7\u00e3o Gorbachov na R\u00fassia","og_description":"Dezenas de membros da Marcha Mundial pela Paz e a N\u00e3o Viol\u00eancia foram recebidos pela diretora da Funda\u00e7\u00e3o Gorbachov, Olga Mikhailovna, em Moscou. O porta-voz da equipe, Rafael de La Rubia entregou o Manifesto pela Paz e N\u00e3o Viol\u00eancia, e falou sobre a import\u00e2ncia da passagem da marcha pela R\u00fassia, onde ele mesmo fundou a associa\u00e7\u00e3o \u201cMundo sem Guerras\u201d em 1994.","og_url":"https:\/\/www.pressenza.com\/pt-pt\/2009\/10\/equipe-internacional-e-recebida-pela-fundacao-gorbachov-na-russia\/","og_site_name":"Pressenza","article_publisher":"https:\/\/www.facebook.com\/PressenzaItalia","article_published_time":"2009-10-24T00:00:00+00:00","article_modified_time":"2009-10-27T02:24:59+00:00","author":"Isabelle Bourgeois","twitter_card":"summary_large_image","twitter_creator":"@PressenzaIPA","twitter_site":"@PressenzaIPA","twitter_misc":{"Escrito por":"Isabelle Bourgeois","Tempo estimado de leitura":"1 minuto"},"schema":{"@context":"https:\/\/schema.org","@graph":[{"@type":"Article","@id":"https:\/\/www.pressenza.com\/pt-pt\/2009\/10\/equipe-internacional-e-recebida-pela-fundacao-gorbachov-na-russia\/#article","isPartOf":{"@id":"https:\/\/www.pressenza.com\/pt-pt\/2009\/10\/equipe-internacional-e-recebida-pela-fundacao-gorbachov-na-russia\/"},"author":{"name":"Isabelle Bourgeois","@id":"https:\/\/www.pressenza.com\/pt-pt\/#\/schema\/person\/9e54ee42414dd4e27f6f3ea6a31db857"},"headline":"Equipe internacional \u00e9 recebida pela Funda\u00e7\u00e3o Gorbachov na R\u00fassia","datePublished":"2009-10-24T00:00:00+00:00","dateModified":"2009-10-27T02:24:59+00:00","mainEntityOfPage":{"@id":"https:\/\/www.pressenza.com\/pt-pt\/2009\/10\/equipe-internacional-e-recebida-pela-fundacao-gorbachov-na-russia\/"},"wordCount":269,"publisher":{"@id":"https:\/\/www.pressenza.com\/pt-pt\/#organization"},"articleSection":["Assuntos internacionais","Europa","Internacional"],"inLanguage":"pt-PT"},{"@type":"WebPage","@id":"https:\/\/www.pressenza.com\/pt-pt\/2009\/10\/equipe-internacional-e-recebida-pela-fundacao-gorbachov-na-russia\/","url":"https:\/\/www.pressenza.com\/pt-pt\/2009\/10\/equipe-internacional-e-recebida-pela-fundacao-gorbachov-na-russia\/","name":"Equipe internacional \u00e9 recebida pela Funda\u00e7\u00e3o Gorbachov na R\u00fassia","isPartOf":{"@id":"https:\/\/www.pressenza.com\/pt-pt\/#website"},"datePublished":"2009-10-24T00:00:00+00:00","dateModified":"2009-10-27T02:24:59+00:00","description":"Dezenas de membros da Marcha Mundial pela Paz e a N\u00e3o Viol\u00eancia foram recebidos pela diretora da Funda\u00e7\u00e3o Gorbachov, Olga Mikhailovna, em Moscou. O porta-voz da equipe, Rafael de La Rubia entregou o Manifesto pela Paz e N\u00e3o Viol\u00eancia, e falou sobre a import\u00e2ncia da passagem da marcha pela R\u00fassia, onde ele mesmo fundou a associa\u00e7\u00e3o \u201cMundo sem Guerras\u201d em 1994.","breadcrumb":{"@id":"https:\/\/www.pressenza.com\/pt-pt\/2009\/10\/equipe-internacional-e-recebida-pela-fundacao-gorbachov-na-russia\/#breadcrumb"},"inLanguage":"pt-PT","potentialAction":[{"@type":"ReadAction","target":["https:\/\/www.pressenza.com\/pt-pt\/2009\/10\/equipe-internacional-e-recebida-pela-fundacao-gorbachov-na-russia\/"]}]},{"@type":"BreadcrumbList","@id":"https:\/\/www.pressenza.com\/pt-pt\/2009\/10\/equipe-internacional-e-recebida-pela-fundacao-gorbachov-na-russia\/#breadcrumb","itemListElement":[{"@type":"ListItem","position":1,"name":"Accueil","item":"https:\/\/www.pressenza.com\/pt-pt\/"},{"@type":"ListItem","position":2,"name":"Equipe internacional \u00e9 recebida pela Funda\u00e7\u00e3o Gorbachov na R\u00fassia"}]},{"@type":"WebSite","@id":"https:\/\/www.pressenza.com\/pt-pt\/#website","url":"https:\/\/www.pressenza.com\/pt-pt\/","name":"Pressenza","description":"International Press Agency","publisher":{"@id":"https:\/\/www.pressenza.com\/pt-pt\/#organization"},"potentialAction":[{"@type":"SearchAction","target":{"@type":"EntryPoint","urlTemplate":"https:\/\/www.pressenza.com\/pt-pt\/?s={search_term_string}"},"query-input":{"@type":"PropertyValueSpecification","valueRequired":true,"valueName":"search_term_string"}}],"inLanguage":"pt-PT"},{"@type":"Organization","@id":"https:\/\/www.pressenza.com\/pt-pt\/#organization","name":"Pressenza","url":"https:\/\/www.pressenza.com\/pt-pt\/","logo":{"@type":"ImageObject","inLanguage":"pt-PT","@id":"https:\/\/www.pressenza.com\/pt-pt\/#\/schema\/logo\/image\/","url":"https:\/\/www.pressenza.com\/wp-content\/uploads\/2022\/10\/pressenza_logo_200x200.jpg","contentUrl":"https:\/\/www.pressenza.com\/wp-content\/uploads\/2022\/10\/pressenza_logo_200x200.jpg","width":200,"height":200,"caption":"Pressenza"},"image":{"@id":"https:\/\/www.pressenza.com\/pt-pt\/#\/schema\/logo\/image\/"},"sameAs":["https:\/\/www.facebook.com\/PressenzaItalia","https:\/\/x.com\/PressenzaIPA"]},{"@type":"Person","@id":"https:\/\/www.pressenza.com\/pt-pt\/#\/schema\/person\/9e54ee42414dd4e27f6f3ea6a31db857","name":"Isabelle Bourgeois","description":"Periodista suiza","url":"https:\/\/www.pressenza.com\/pt-pt\/author\/isabelle-bourgeois\/"}]}},"place":"Moscou","original_article_url":"","_links":{"self":[{"href":"https:\/\/www.pressenza.com\/pt-pt\/wp-json\/wp\/v2\/posts\/1899","targetHints":{"allow":["GET"]}}],"collection":[{"href":"https:\/\/www.pressenza.com\/pt-pt\/wp-json\/wp\/v2\/posts"}],"about":[{"href":"https:\/\/www.pressenza.com\/pt-pt\/wp-json\/wp\/v2\/types\/post"}],"author":[{"embeddable":true,"href":"https:\/\/www.pressenza.com\/pt-pt\/wp-json\/wp\/v2\/users\/160"}],"replies":[{"embeddable":true,"href":"https:\/\/www.pressenza.com\/pt-pt\/wp-json\/wp\/v2\/comments?post=1899"}],"version-history":[{"count":0,"href":"https:\/\/www.pressenza.com\/pt-pt\/wp-json\/wp\/v2\/posts\/1899\/revisions"}],"wp:attachment":[{"href":"https:\/\/www.pressenza.com\/pt-pt\/wp-json\/wp\/v2\/media?parent=1899"}],"wp:term":[{"taxonomy":"category","embeddable":true,"href":"https:\/\/www.pressenza.com\/pt-pt\/wp-json\/wp\/v2\/categories?post=1899"},{"taxonomy":"post_tag","embeddable":true,"href":"https:\/\/www.pressenza.com\/pt-pt\/wp-json\/wp\/v2\/tags?post=1899"}],"curies":[{"name":"wp","href":"https:\/\/api.w.org\/{rel}","templated":true}]}}